{"id":7538,"date":"2018-07-27T09:00:56","date_gmt":"2018-07-27T07:00:56","guid":{"rendered":"http:\/\/www.cde.ual.es\/?p=7538"},"modified":"2018-07-26T09:54:35","modified_gmt":"2018-07-26T07:54:35","slug":"terrorismo-en-la-ue-ataques-terroristas-victimas-mortales-y-detenciones","status":"publish","type":"post","link":"https:\/\/www.cde.ual.es\/en\/terrorismo-en-la-ue-ataques-terroristas-victimas-mortales-y-detenciones\/","title":{"rendered":"Terrorismo en la UE: ataques terroristas, v\u00edctimas mortales y detenciones"},"content":{"rendered":"<h3 style=\"text-align: center;\">Terrorismo en la UE: ataques terroristas, v\u00edctimas mortales y detenciones<\/h3>\n<h4><a href=\"http:\/\/www.europarl.europa.eu\/news\/es\/headlines\/security\/20180703STO07125\/terrorismo-en-la-ue-ataques-terroristas-victimas-mortales-y-detenciones\"><img decoding=\"async\" class=\" wp-image-7539 aligncenter\" src=\"http:\/\/www.cde.ual.es\/wp-content\/uploads\/2018\/07\/20180718PHT08208_original-300x300.jpg\" alt=\"\" width=\"379\" height=\"379\" srcset=\"https:\/\/www.cde.ual.es\/wp-content\/uploads\/2018\/07\/20180718PHT08208_original-300x300.jpg 300w, https:\/\/www.cde.ual.es\/wp-content\/uploads\/2018\/07\/20180718PHT08208_original-150x150.jpg 150w, https:\/\/www.cde.ual.es\/wp-content\/uploads\/2018\/07\/20180718PHT08208_original-768x768.jpg 768w, https:\/\/www.cde.ual.es\/wp-content\/uploads\/2018\/07\/20180718PHT08208_original-1024x1024.jpg 1024w, https:\/\/www.cde.ual.es\/wp-content\/uploads\/2018\/07\/20180718PHT08208_original.jpg 1200w\" sizes=\"(max-width: 379px) 100vw, 379px\" \/><\/a><\/h4>\n<h4>La naturaleza de la amenaza del terrorismo ha cambiado en los \u00faltimos a\u00f1os. Consulte nuestro gr\u00e1fico para ver la evoluci\u00f3n de los ataques, v\u00edctimas mortales y detenciones desde 2014.<\/h4>\n<p>En los \u00faltimos a\u00f1os ha habido un aumento de los ataques terroristas de naturaleza yihadista violenta. Esta tendencia que comenz\u00f3 en 2015 con el ataque a la redacci\u00f3n de la revista &#8220;Charlie Hebdo&#8221; en Par\u00eds. Estos ataques de &#8220;inspiraci\u00f3n religiosa&#8221; se llevaron a cabo por actores dirigidos por el Estado Isl\u00e1mico (IS) o inspirados por la ideolog\u00eda y la ret\u00f3rica de IS.<\/p>\n<p><strong>Ataques terroristas en cifras<\/strong><\/p>\n<p>62 personas murieron en 2017 en 33 atentados terroristas yihadistas en la UE, en comparaci\u00f3n con 135 muertes en 13 ataques en 2016, seg\u00fan las cifras facilitadas por Europol. En ambos a\u00f1os, solo 10 ataques fueron considerados como &#8220;completados&#8221; por los gobiernos nacionales, porque alcanzaron su objetivo. En 2017, hubo muchos m\u00e1s ataques fallidos o frustrados que en 2016, un total de 23, por encima de los 3 de 2016.<\/p>\n<p>El pasado 2015, las muertes por este tipo de ataques alcanzaron un m\u00e1ximo de 150. Esta cifra destaca por ser muy superior a las 4 de 2014. En 2017, los ataques fueron mucho menos letales.<\/p>\n<p>&#8220;<em>Los ataques son menos sofisticados, hay m\u00e1s, pero afortunadamente producen menos v\u00edctimas&#8221;<\/em>, se\u00f1al\u00f3 el jefe del\u00a0<a href=\"http:\/\/%20https\/\/www.europol.europa.eu\/about-europol\/european-counter-terrorism-centre-ectc\" target=\"_blank\" rel=\"noopener\">Centro Europeo de Lucha contra el Terrorismo de Europol.\u00a0 <\/a>Esta declaraci\u00f3n fue realizada por el\u00a0espa\u00f1ol Manuel Navarrete, en la presentaci\u00f3n del\u00a0<a href=\"https:\/\/www.europol.europa.eu\/activities-services\/main-reports\/european-union-terrorism-situation-and-trend-report-2018-tesat-2018\" target=\"_blank\" rel=\"noopener\">informe 2018 sobre terrorismo en la UE<\/a>\u00a0ante la comisi\u00f3n parlamentaria de Libertades Civiles.<\/p>\n<p>M\u00e1s informaci\u00f3n<\/p>\n<p>Accede a la noticia completa <a href=\"http:\/\/www.europarl.europa.eu\/news\/es\/headlines\/security\/20180703STO07125\/terrorismo-en-la-ue-ataques-terroristas-victimas-mortales-y-detenciones\">aqu\u00ed<\/a><\/p>\n<p><a title=\"Abrir en una nueva p\u00e1gina\" href=\"http:\/\/www.europarl.europa.eu\/news\/es\/headlines\/security\/20180316STO99922\/terrorismo-medidas-clave-adoptadas-en-la-ue-infografia\" target=\"_blank\" rel=\"noopener\"><span class=\"ep_name\">Terrorismo: medidas clave adoptadas en la UE (infograf\u00eda)<\/span><\/a><\/p>\n","protected":false},"excerpt":{"rendered":"<p>Terrorismo en la UE: ataques terroristas, v\u00edctimas mortales y detenciones La naturaleza de la amenaza del terrorismo ha cambiado en los \u00faltimos a\u00f1os. Consulte nuestro gr\u00e1fico para ver la evoluci\u00f3n de los ataques, v\u00edctimas mortales y detenciones desde 2014. En los \u00faltimos a\u00f1os ha habido un aumento de los ataques terroristas de naturaleza yihadista violenta. [&hellip;]<\/p>\n","protected":false},"author":101011,"featured_media":7539,"comment_status":"open","ping_status":"open","sticky":false,"template":"","format":"standard","meta":{"_acf_changed":false,"_relevanssi_hide_post":"","_relevanssi_hide_content":"","_relevanssi_pin_for_all":"","_relevanssi_pin_keywords":"","_relevanssi_unpin_keywords":"","_relevanssi_related_keywords":"","_relevanssi_related_include_ids":"","_relevanssi_related_exclude_ids":"","_relevanssi_related_no_append":"","_relevanssi_related_not_related":"","_relevanssi_related_posts":"","_relevanssi_noindex_reason":"","_monsterinsights_skip_tracking":false,"_monsterinsights_sitenote_active":false,"_monsterinsights_sitenote_note":"","_monsterinsights_sitenote_category":0,"_genesis_hide_title":false,"_genesis_hide_breadcrumbs":false,"_genesis_hide_singular_image":false,"_genesis_hide_footer_widgets":false,"_genesis_custom_body_class":"","_genesis_custom_post_class":"","_genesis_layout":"","footnotes":""},"categories":[96],"tags":[161,171],"class_list":{"0":"post-7538","1":"post","2":"type-post","3":"status-publish","4":"format-standard","5":"has-post-thumbnail","7":"category-noticias-ue","8":"tag-seguridad-y-defensa","9":"tag-terrorismo","10":"entry"},"acf":[],"yoast_head":"<!-- This site is optimized with the Yoast SEO plugin v27.5 - https:\/\/yoast.com\/product\/yoast-seo-wordpress\/ -->\n<title>Terrorismo en la UE: ataques terroristas, v\u00edctimas mortales y detenciones | CDE Almer\u00eda - Centro de Documentaci\u00f3n Europea - Universidad de Almer\u00eda<\/title>\n<meta name=\"robots\" content=\"index, follow, max-snippet:-1, max-image-preview:large, max-video-preview:-1\" \/>\n<link rel=\"canonical\" href=\"https:\/\/www.cde.ual.es\/terrorismo-en-la-ue-ataques-terroristas-victimas-mortales-y-detenciones\/\" \/>\n<meta property=\"og:locale\" content=\"en_US\" \/>\n<meta property=\"og:type\" content=\"article\" \/>\n<meta property=\"og:title\" content=\"Terrorismo en la UE: ataques terroristas, v\u00edctimas mortales y detenciones | CDE Almer\u00eda - Centro de Documentaci\u00f3n Europea - Universidad de Almer\u00eda\" \/>\n<meta property=\"og:description\" content=\"Terrorismo en la UE: ataques terroristas, v\u00edctimas mortales y detenciones La naturaleza de la amenaza del terrorismo ha cambiado en los \u00faltimos a\u00f1os. Consulte nuestro gr\u00e1fico para ver la evoluci\u00f3n de los ataques, v\u00edctimas mortales y detenciones desde 2014. En los \u00faltimos a\u00f1os ha habido un aumento de los ataques terroristas de naturaleza yihadista violenta. [&hellip;]\" \/>\n<meta property=\"og:url\" content=\"https:\/\/www.cde.ual.es\/terrorismo-en-la-ue-ataques-terroristas-victimas-mortales-y-detenciones\/\" \/>\n<meta property=\"og:site_name\" content=\"CDE Almer\u00eda - Centro de Documentaci\u00f3n Europea - Universidad de Almer\u00eda\" \/>\n<meta property=\"article:publisher\" content=\"https:\/\/www.facebook.com\/cdeuniversidadalmeria\/\" \/>\n<meta property=\"article:published_time\" content=\"2018-07-27T07:00:56+00:00\" \/>\n<meta property=\"og:image\" content=\"https:\/\/www.cde.ual.es\/wp-content\/uploads\/2018\/07\/20180718PHT08208_original.jpg\" \/>\n\t<meta property=\"og:image:width\" content=\"1200\" \/>\n\t<meta property=\"og:image:height\" content=\"1200\" \/>\n\t<meta property=\"og:image:type\" content=\"image\/jpeg\" \/>\n<meta name=\"author\" content=\"BECA 2 CDE\" \/>\n<meta name=\"twitter:card\" content=\"summary_large_image\" \/>\n<meta name=\"twitter:creator\" content=\"@cdeualmeria\" \/>\n<meta name=\"twitter:site\" content=\"@cdeualmeria\" \/>\n<meta name=\"twitter:label1\" content=\"Written by\" \/>\n\t<meta name=\"twitter:data1\" content=\"BECA 2 CDE\" \/>\n\t<meta name=\"twitter:label2\" content=\"Est. reading time\" \/>\n\t<meta name=\"twitter:data2\" content=\"1 minute\" \/>\n<script type=\"application\/ld+json\" class=\"yoast-schema-graph\">{\"@context\":\"https:\\\/\\\/schema.org\",\"@graph\":[{\"@type\":\"Article\",\"@id\":\"https:\\\/\\\/www.cde.ual.es\\\/terrorismo-en-la-ue-ataques-terroristas-victimas-mortales-y-detenciones\\\/#article\",\"isPartOf\":{\"@id\":\"https:\\\/\\\/www.cde.ual.es\\\/terrorismo-en-la-ue-ataques-terroristas-victimas-mortales-y-detenciones\\\/\"},\"author\":{\"name\":\"BECA 2 CDE\",\"@id\":\"https:\\\/\\\/www.cde.ual.es\\\/#\\\/schema\\\/person\\\/ee46ebc19edfa19598c02cff83335acc\"},\"headline\":\"Terrorismo en la UE: ataques terroristas, v\u00edctimas mortales y detenciones\",\"datePublished\":\"2018-07-27T07:00:56+00:00\",\"mainEntityOfPage\":{\"@id\":\"https:\\\/\\\/www.cde.ual.es\\\/terrorismo-en-la-ue-ataques-terroristas-victimas-mortales-y-detenciones\\\/\"},\"wordCount\":296,\"commentCount\":0,\"publisher\":{\"@id\":\"https:\\\/\\\/www.cde.ual.es\\\/#organization\"},\"image\":{\"@id\":\"https:\\\/\\\/www.cde.ual.es\\\/terrorismo-en-la-ue-ataques-terroristas-victimas-mortales-y-detenciones\\\/#primaryimage\"},\"thumbnailUrl\":\"https:\\\/\\\/www.cde.ual.es\\\/wp-content\\\/uploads\\\/2018\\\/07\\\/20180718PHT08208_original.jpg\",\"keywords\":[\"Seguridad y Defensa\",\"Terrorismo\"],\"articleSection\":[\"Noticias UE\"],\"inLanguage\":\"en-US\",\"potentialAction\":[{\"@type\":\"CommentAction\",\"name\":\"Comment\",\"target\":[\"https:\\\/\\\/www.cde.ual.es\\\/terrorismo-en-la-ue-ataques-terroristas-victimas-mortales-y-detenciones\\\/#respond\"]}]},{\"@type\":\"WebPage\",\"@id\":\"https:\\\/\\\/www.cde.ual.es\\\/terrorismo-en-la-ue-ataques-terroristas-victimas-mortales-y-detenciones\\\/\",\"url\":\"https:\\\/\\\/www.cde.ual.es\\\/terrorismo-en-la-ue-ataques-terroristas-victimas-mortales-y-detenciones\\\/\",\"name\":\"Terrorismo en la UE: ataques terroristas, v\u00edctimas mortales y detenciones | CDE Almer\u00eda - Centro de Documentaci\u00f3n Europea - Universidad de Almer\u00eda\",\"isPartOf\":{\"@id\":\"https:\\\/\\\/www.cde.ual.es\\\/#website\"},\"primaryImageOfPage\":{\"@id\":\"https:\\\/\\\/www.cde.ual.es\\\/terrorismo-en-la-ue-ataques-terroristas-victimas-mortales-y-detenciones\\\/#primaryimage\"},\"image\":{\"@id\":\"https:\\\/\\\/www.cde.ual.es\\\/terrorismo-en-la-ue-ataques-terroristas-victimas-mortales-y-detenciones\\\/#primaryimage\"},\"thumbnailUrl\":\"https:\\\/\\\/www.cde.ual.es\\\/wp-content\\\/uploads\\\/2018\\\/07\\\/20180718PHT08208_original.jpg\",\"datePublished\":\"2018-07-27T07:00:56+00:00\",\"breadcrumb\":{\"@id\":\"https:\\\/\\\/www.cde.ual.es\\\/terrorismo-en-la-ue-ataques-terroristas-victimas-mortales-y-detenciones\\\/#breadcrumb\"},\"inLanguage\":\"en-US\",\"potentialAction\":[{\"@type\":\"ReadAction\",\"target\":[\"https:\\\/\\\/www.cde.ual.es\\\/terrorismo-en-la-ue-ataques-terroristas-victimas-mortales-y-detenciones\\\/\"]}]},{\"@type\":\"ImageObject\",\"inLanguage\":\"en-US\",\"@id\":\"https:\\\/\\\/www.cde.ual.es\\\/terrorismo-en-la-ue-ataques-terroristas-victimas-mortales-y-detenciones\\\/#primaryimage\",\"url\":\"https:\\\/\\\/www.cde.ual.es\\\/wp-content\\\/uploads\\\/2018\\\/07\\\/20180718PHT08208_original.jpg\",\"contentUrl\":\"https:\\\/\\\/www.cde.ual.es\\\/wp-content\\\/uploads\\\/2018\\\/07\\\/20180718PHT08208_original.jpg\",\"width\":1200,\"height\":1200},{\"@type\":\"BreadcrumbList\",\"@id\":\"https:\\\/\\\/www.cde.ual.es\\\/terrorismo-en-la-ue-ataques-terroristas-victimas-mortales-y-detenciones\\\/#breadcrumb\",\"itemListElement\":[{\"@type\":\"ListItem\",\"position\":1,\"name\":\"Inicio\",\"item\":\"https:\\\/\\\/www.cde.ual.es\\\/en\\\/\"},{\"@type\":\"ListItem\",\"position\":2,\"name\":\"Noticias UE\",\"item\":\"https:\\\/\\\/www.cde.ual.es\\\/category\\\/noticias-ue\\\/\"},{\"@type\":\"ListItem\",\"position\":3,\"name\":\"Terrorismo en la UE: ataques terroristas, v\u00edctimas mortales y detenciones\"}]},{\"@type\":\"WebSite\",\"@id\":\"https:\\\/\\\/www.cde.ual.es\\\/#website\",\"url\":\"https:\\\/\\\/www.cde.ual.es\\\/\",\"name\":\"CDE Almer\u00eda - Centro de Documentaci\u00f3n Europea - Universidad de Almer\u00eda\",\"description\":\"Centro de Documentaci\u00f3n Europea de la Universidad de Almer\u00eda\",\"publisher\":{\"@id\":\"https:\\\/\\\/www.cde.ual.es\\\/#organization\"},\"alternateName\":\"CDE Almer\u00eda\",\"potentialAction\":[{\"@type\":\"SearchAction\",\"target\":{\"@type\":\"EntryPoint\",\"urlTemplate\":\"https:\\\/\\\/www.cde.ual.es\\\/?s={search_term_string}\"},\"query-input\":{\"@type\":\"PropertyValueSpecification\",\"valueRequired\":true,\"valueName\":\"search_term_string\"}}],\"inLanguage\":\"en-US\"},{\"@type\":\"Organization\",\"@id\":\"https:\\\/\\\/www.cde.ual.es\\\/#organization\",\"name\":\"Centro de Documentaci\u00f3n Europea de Almer\u00eda\",\"url\":\"https:\\\/\\\/www.cde.ual.es\\\/\",\"logo\":{\"@type\":\"ImageObject\",\"inLanguage\":\"en-US\",\"@id\":\"https:\\\/\\\/www.cde.ual.es\\\/#\\\/schema\\\/logo\\\/image\\\/\",\"url\":\"https:\\\/\\\/www.cde.ual.es\\\/wp-content\\\/uploads\\\/2025\\\/07\\\/cde-logo-3.png\",\"contentUrl\":\"https:\\\/\\\/www.cde.ual.es\\\/wp-content\\\/uploads\\\/2025\\\/07\\\/cde-logo-3.png\",\"width\":1400,\"height\":300,\"caption\":\"Centro de Documentaci\u00f3n Europea de Almer\u00eda\"},\"image\":{\"@id\":\"https:\\\/\\\/www.cde.ual.es\\\/#\\\/schema\\\/logo\\\/image\\\/\"},\"sameAs\":[\"https:\\\/\\\/www.facebook.com\\\/cdeuniversidadalmeria\\\/\",\"https:\\\/\\\/x.com\\\/cdeualmeria\",\"https:\\\/\\\/www.tiktok.com\\\/@cdealmeria\",\"https:\\\/\\\/www.instagram.com\\\/cdealmeria\\\/\",\"https:\\\/\\\/www.linkedin.com\\\/in\\\/cde-almera-812b26a9\\\/\"]},{\"@type\":\"Person\",\"@id\":\"https:\\\/\\\/www.cde.ual.es\\\/#\\\/schema\\\/person\\\/ee46ebc19edfa19598c02cff83335acc\",\"name\":\"BECA 2 CDE\",\"image\":{\"@type\":\"ImageObject\",\"inLanguage\":\"en-US\",\"@id\":\"https:\\\/\\\/secure.gravatar.com\\\/avatar\\\/35a481bbc04bbd90e91bdfa3b0b5541036c222a49b9ad37b6889a2afcb5311a5?s=96&d=mm&r=g\",\"url\":\"https:\\\/\\\/secure.gravatar.com\\\/avatar\\\/35a481bbc04bbd90e91bdfa3b0b5541036c222a49b9ad37b6889a2afcb5311a5?s=96&d=mm&r=g\",\"contentUrl\":\"https:\\\/\\\/secure.gravatar.com\\\/avatar\\\/35a481bbc04bbd90e91bdfa3b0b5541036c222a49b9ad37b6889a2afcb5311a5?s=96&d=mm&r=g\",\"caption\":\"BECA 2 CDE\"},\"sameAs\":[\"http:\\\/\\\/www.cdealmeria.com\"]}]}<\/script>\n<!-- \/ Yoast SEO plugin. -->","yoast_head_json":{"title":"Terrorismo en la UE: ataques terroristas, v\u00edctimas mortales y detenciones | CDE Almer\u00eda - Centro de Documentaci\u00f3n Europea - Universidad de Almer\u00eda","robots":{"index":"index","follow":"follow","max-snippet":"max-snippet:-1","max-image-preview":"max-image-preview:large","max-video-preview":"max-video-preview:-1"},"canonical":"https:\/\/www.cde.ual.es\/terrorismo-en-la-ue-ataques-terroristas-victimas-mortales-y-detenciones\/","og_locale":"en_US","og_type":"article","og_title":"Terrorismo en la UE: ataques terroristas, v\u00edctimas mortales y detenciones | CDE Almer\u00eda - Centro de Documentaci\u00f3n Europea - Universidad de Almer\u00eda","og_description":"Terrorismo en la UE: ataques terroristas, v\u00edctimas mortales y detenciones La naturaleza de la amenaza del terrorismo ha cambiado en los \u00faltimos a\u00f1os. Consulte nuestro gr\u00e1fico para ver la evoluci\u00f3n de los ataques, v\u00edctimas mortales y detenciones desde 2014. En los \u00faltimos a\u00f1os ha habido un aumento de los ataques terroristas de naturaleza yihadista violenta. [&hellip;]","og_url":"https:\/\/www.cde.ual.es\/terrorismo-en-la-ue-ataques-terroristas-victimas-mortales-y-detenciones\/","og_site_name":"CDE Almer\u00eda - Centro de Documentaci\u00f3n Europea - Universidad de Almer\u00eda","article_publisher":"https:\/\/www.facebook.com\/cdeuniversidadalmeria\/","article_published_time":"2018-07-27T07:00:56+00:00","og_image":[{"width":1200,"height":1200,"url":"https:\/\/www.cde.ual.es\/wp-content\/uploads\/2018\/07\/20180718PHT08208_original.jpg","type":"image\/jpeg"}],"author":"BECA 2 CDE","twitter_card":"summary_large_image","twitter_creator":"@cdeualmeria","twitter_site":"@cdeualmeria","twitter_misc":{"Written by":"BECA 2 CDE","Est. reading time":"1 minute"},"schema":{"@context":"https:\/\/schema.org","@graph":[{"@type":"Article","@id":"https:\/\/www.cde.ual.es\/terrorismo-en-la-ue-ataques-terroristas-victimas-mortales-y-detenciones\/#article","isPartOf":{"@id":"https:\/\/www.cde.ual.es\/terrorismo-en-la-ue-ataques-terroristas-victimas-mortales-y-detenciones\/"},"author":{"name":"BECA 2 CDE","@id":"https:\/\/www.cde.ual.es\/#\/schema\/person\/ee46ebc19edfa19598c02cff83335acc"},"headline":"Terrorismo en la UE: ataques terroristas, v\u00edctimas mortales y detenciones","datePublished":"2018-07-27T07:00:56+00:00","mainEntityOfPage":{"@id":"https:\/\/www.cde.ual.es\/terrorismo-en-la-ue-ataques-terroristas-victimas-mortales-y-detenciones\/"},"wordCount":296,"commentCount":0,"publisher":{"@id":"https:\/\/www.cde.ual.es\/#organization"},"image":{"@id":"https:\/\/www.cde.ual.es\/terrorismo-en-la-ue-ataques-terroristas-victimas-mortales-y-detenciones\/#primaryimage"},"thumbnailUrl":"https:\/\/www.cde.ual.es\/wp-content\/uploads\/2018\/07\/20180718PHT08208_original.jpg","keywords":["Seguridad y Defensa","Terrorismo"],"articleSection":["Noticias UE"],"inLanguage":"en-US","potentialAction":[{"@type":"CommentAction","name":"Comment","target":["https:\/\/www.cde.ual.es\/terrorismo-en-la-ue-ataques-terroristas-victimas-mortales-y-detenciones\/#respond"]}]},{"@type":"WebPage","@id":"https:\/\/www.cde.ual.es\/terrorismo-en-la-ue-ataques-terroristas-victimas-mortales-y-detenciones\/","url":"https:\/\/www.cde.ual.es\/terrorismo-en-la-ue-ataques-terroristas-victimas-mortales-y-detenciones\/","name":"Terrorismo en la UE: ataques terroristas, v\u00edctimas mortales y detenciones | CDE Almer\u00eda - Centro de Documentaci\u00f3n Europea - Universidad de Almer\u00eda","isPartOf":{"@id":"https:\/\/www.cde.ual.es\/#website"},"primaryImageOfPage":{"@id":"https:\/\/www.cde.ual.es\/terrorismo-en-la-ue-ataques-terroristas-victimas-mortales-y-detenciones\/#primaryimage"},"image":{"@id":"https:\/\/www.cde.ual.es\/terrorismo-en-la-ue-ataques-terroristas-victimas-mortales-y-detenciones\/#primaryimage"},"thumbnailUrl":"https:\/\/www.cde.ual.es\/wp-content\/uploads\/2018\/07\/20180718PHT08208_original.jpg","datePublished":"2018-07-27T07:00:56+00:00","breadcrumb":{"@id":"https:\/\/www.cde.ual.es\/terrorismo-en-la-ue-ataques-terroristas-victimas-mortales-y-detenciones\/#breadcrumb"},"inLanguage":"en-US","potentialAction":[{"@type":"ReadAction","target":["https:\/\/www.cde.ual.es\/terrorismo-en-la-ue-ataques-terroristas-victimas-mortales-y-detenciones\/"]}]},{"@type":"ImageObject","inLanguage":"en-US","@id":"https:\/\/www.cde.ual.es\/terrorismo-en-la-ue-ataques-terroristas-victimas-mortales-y-detenciones\/#primaryimage","url":"https:\/\/www.cde.ual.es\/wp-content\/uploads\/2018\/07\/20180718PHT08208_original.jpg","contentUrl":"https:\/\/www.cde.ual.es\/wp-content\/uploads\/2018\/07\/20180718PHT08208_original.jpg","width":1200,"height":1200},{"@type":"BreadcrumbList","@id":"https:\/\/www.cde.ual.es\/terrorismo-en-la-ue-ataques-terroristas-victimas-mortales-y-detenciones\/#breadcrumb","itemListElement":[{"@type":"ListItem","position":1,"name":"Inicio","item":"https:\/\/www.cde.ual.es\/en\/"},{"@type":"ListItem","position":2,"name":"Noticias UE","item":"https:\/\/www.cde.ual.es\/category\/noticias-ue\/"},{"@type":"ListItem","position":3,"name":"Terrorismo en la UE: ataques terroristas, v\u00edctimas mortales y detenciones"}]},{"@type":"WebSite","@id":"https:\/\/www.cde.ual.es\/#website","url":"https:\/\/www.cde.ual.es\/","name":"CDE Almer\u00eda - Centro de Documentaci\u00f3n Europea - Universidad de Almer\u00eda","description":"Centro de Documentaci\u00f3n Europea de la Universidad de Almer\u00eda","publisher":{"@id":"https:\/\/www.cde.ual.es\/#organization"},"alternateName":"CDE Almer\u00eda","potentialAction":[{"@type":"SearchAction","target":{"@type":"EntryPoint","urlTemplate":"https:\/\/www.cde.ual.es\/?s={search_term_string}"},"query-input":{"@type":"PropertyValueSpecification","valueRequired":true,"valueName":"search_term_string"}}],"inLanguage":"en-US"},{"@type":"Organization","@id":"https:\/\/www.cde.ual.es\/#organization","name":"Centro de Documentaci\u00f3n Europea de Almer\u00eda","url":"https:\/\/www.cde.ual.es\/","logo":{"@type":"ImageObject","inLanguage":"en-US","@id":"https:\/\/www.cde.ual.es\/#\/schema\/logo\/image\/","url":"https:\/\/www.cde.ual.es\/wp-content\/uploads\/2025\/07\/cde-logo-3.png","contentUrl":"https:\/\/www.cde.ual.es\/wp-content\/uploads\/2025\/07\/cde-logo-3.png","width":1400,"height":300,"caption":"Centro de Documentaci\u00f3n Europea de Almer\u00eda"},"image":{"@id":"https:\/\/www.cde.ual.es\/#\/schema\/logo\/image\/"},"sameAs":["https:\/\/www.facebook.com\/cdeuniversidadalmeria\/","https:\/\/x.com\/cdeualmeria","https:\/\/www.tiktok.com\/@cdealmeria","https:\/\/www.instagram.com\/cdealmeria\/","https:\/\/www.linkedin.com\/in\/cde-almera-812b26a9\/"]},{"@type":"Person","@id":"https:\/\/www.cde.ual.es\/#\/schema\/person\/ee46ebc19edfa19598c02cff83335acc","name":"BECA 2 CDE","image":{"@type":"ImageObject","inLanguage":"en-US","@id":"https:\/\/secure.gravatar.com\/avatar\/35a481bbc04bbd90e91bdfa3b0b5541036c222a49b9ad37b6889a2afcb5311a5?s=96&d=mm&r=g","url":"https:\/\/secure.gravatar.com\/avatar\/35a481bbc04bbd90e91bdfa3b0b5541036c222a49b9ad37b6889a2afcb5311a5?s=96&d=mm&r=g","contentUrl":"https:\/\/secure.gravatar.com\/avatar\/35a481bbc04bbd90e91bdfa3b0b5541036c222a49b9ad37b6889a2afcb5311a5?s=96&d=mm&r=g","caption":"BECA 2 CDE"},"sameAs":["http:\/\/www.cdealmeria.com"]}]}},"_links":{"self":[{"href":"https:\/\/www.cde.ual.es\/en\/wp-json\/wp\/v2\/posts\/7538","targetHints":{"allow":["GET"]}}],"collection":[{"href":"https:\/\/www.cde.ual.es\/en\/wp-json\/wp\/v2\/posts"}],"about":[{"href":"https:\/\/www.cde.ual.es\/en\/wp-json\/wp\/v2\/types\/post"}],"author":[{"embeddable":true,"href":"https:\/\/www.cde.ual.es\/en\/wp-json\/wp\/v2\/users\/101011"}],"replies":[{"embeddable":true,"href":"https:\/\/www.cde.ual.es\/en\/wp-json\/wp\/v2\/comments?post=7538"}],"version-history":[{"count":0,"href":"https:\/\/www.cde.ual.es\/en\/wp-json\/wp\/v2\/posts\/7538\/revisions"}],"wp:featuredmedia":[{"embeddable":true,"href":"https:\/\/www.cde.ual.es\/en\/wp-json\/wp\/v2\/media\/7539"}],"wp:attachment":[{"href":"https:\/\/www.cde.ual.es\/en\/wp-json\/wp\/v2\/media?parent=7538"}],"wp:term":[{"taxonomy":"category","embeddable":true,"href":"https:\/\/www.cde.ual.es\/en\/wp-json\/wp\/v2\/categories?post=7538"},{"taxonomy":"post_tag","embeddable":true,"href":"https:\/\/www.cde.ual.es\/en\/wp-json\/wp\/v2\/tags?post=7538"}],"curies":[{"name":"wp","href":"https:\/\/api.w.org\/{rel}","templated":true}]}}