{"id":7514,"date":"2018-07-25T10:16:57","date_gmt":"2018-07-25T08:16:57","guid":{"rendered":"http:\/\/www.cde.ual.es\/?p=7514"},"modified":"2018-07-25T10:16:57","modified_gmt":"2018-07-25T08:16:57","slug":"la-comision-toma-nuevas-medidas-de-gestion-de-la-migracion","status":"publish","type":"post","link":"https:\/\/www.cde.ual.es\/en\/la-comision-toma-nuevas-medidas-de-gestion-de-la-migracion\/","title":{"rendered":"La Comisi\u00f3n toma nuevas medidas de gesti\u00f3n de la migraci\u00f3n"},"content":{"rendered":"<h3 style=\"text-align: center;\">La Comisi\u00f3n toma nuevas medidas de gesti\u00f3n de la migraci\u00f3n<\/h3>\n<p><a href=\"http:\/\/www.cde.ual.es\/wp-content\/uploads\/2018\/07\/1483394013220.jpg\"><img decoding=\"async\" class=\"wp-image-7515 aligncenter\" src=\"http:\/\/www.cde.ual.es\/wp-content\/uploads\/2018\/07\/1483394013220-300x195.jpg\" alt=\"\" width=\"335\" height=\"218\" srcset=\"https:\/\/www.cde.ual.es\/wp-content\/uploads\/2018\/07\/1483394013220-300x195.jpg 300w, https:\/\/www.cde.ual.es\/wp-content\/uploads\/2018\/07\/1483394013220-768x500.jpg 768w, https:\/\/www.cde.ual.es\/wp-content\/uploads\/2018\/07\/1483394013220-1024x666.jpg 1024w, https:\/\/www.cde.ual.es\/wp-content\/uploads\/2018\/07\/1483394013220.jpg 1200w\" sizes=\"(max-width: 335px) 100vw, 335px\" \/><\/a><\/p>\n<h4>La Comisi\u00f3n desarrolla los conceptos de desembarque y centro controlado<\/h4>\n<p>Tras el llamamiento hecho por los dirigentes de la UE en el Consejo Europeo de junio, la Comisi\u00f3n desarrolla hoy el concepto de centros controlados, as\u00ed como las medidas a corto plazo que podr\u00edan adoptarse para mejorar la gesti\u00f3n de los migrantes que desembarcan en la UE.<\/p>\n<p>Asimismo, presenta una primera propuesta sobre posibles v\u00edas hacia el establecimiento de arreglos regionales de desembarque con terceros pa\u00edses,\u00a0en concierto con el desarrollo de centros controlados en la UE.<\/p>\n<h5><strong>\u00abCentros controlados\u00bb en la UE<\/strong><\/h5>\n<p>Para mejorar la gesti\u00f3n ordenada y eficaz de las personas desembarcadas en la Uni\u00f3n Europea, los dirigentes de la UE han pedido la creaci\u00f3n de \u00abcentros controlados\u00bb en la UE. El objetivo principal ser\u00eda mejorar el proceso por el que se hace una distinci\u00f3n entre las personas que necesitan protecci\u00f3n internacional y los migrantes irregulares que no tienen derecho a permanecer en la UE, al tiempo que se aceleran los retornos.<\/p>\n<p>De este modo, los centros ser\u00edan gestionados por el Estado miembro de acogida con el pleno apoyo de la UE y las agencias de la UE, y podr\u00edan tener una naturaleza temporal o\u00a0<em>ad hoc<\/em>\u00a0en funci\u00f3n de la ubicaci\u00f3n.<\/p>\n<p>Las principales caracter\u00edsticas de estos centros son las siguientes:<\/p>\n<ul>\n<li><strong>Pleno apoyo operativo. <\/strong>Con equipos de desembarque compuestos por agentes de fronteras europeos, expertos en asilo, inspectores de seguridad y funcionarios encargados de los retornos, y con todos los gastos cubiertos por el presupuesto de la UE;<\/li>\n<li><strong>Tramitaci\u00f3n r\u00e1pida, segura y eficaz. <\/strong>Reduciendoel riesgo de movimientos secundarios y acelere el proceso de determinaci\u00f3n del estatuto de la persona afectada;<\/li>\n<li><strong>Pleno apoyo financiero.\u00a0<\/strong>\u00a0Financiaci\u00f3n a los Estados miembros que se presten voluntariamente, para cubrir los gastos operativos y de infraestructura; adem\u00e1s, apoyo financiero a los Estados miembros que acepten transferencias de personas desembarcadas (6\u00a0000\u00a0EUR por persona).<\/li>\n<\/ul>\n<h5><strong>Arreglos regionales de desembarque<\/strong><\/h5>\n<p>El objetivo de estos arreglos es facilitar el desembarque r\u00e1pido y seguro en el Mediterr\u00e1neo de las personas rescatadas.\u00a0 Respetando siempre el Derecho internacional Adem\u00e1s, garantizando el principio de no devoluci\u00f3n, y un proceso posdesembarque responsable.<\/p>\n<p>Las principales caracter\u00edsticas de los arreglos regionales de desembarque:<\/p>\n<ul>\n<li><strong>Claridad y uniformidad en las normas <\/strong>para todos los Estados Miembros.<\/li>\n<li><strong>Desarrollo por ACNUR y OIM<\/strong><\/li>\n<li><strong>Asociaciones en pie de igualdad.<\/strong><\/li>\n<li><strong>Sin efecto llamada. <\/strong>No todas las personas desembarcadas podr\u00e1n acogerse a los programas de reasentamiento.<\/li>\n<li><strong>Ni internamiento ni campos.<\/strong><\/li>\n<li><strong>Apoyo log\u00edstico y financiero de la UE.<\/strong><\/li>\n<\/ul>\n<p>&nbsp;<\/p>\n<h5>M\u00e1s informaci\u00f3n<\/h5>\n<p style=\"text-align: left;\">Acceso a la noticia completa <a href=\"http:\/\/europa.eu\/rapid\/press-release_IP-18-4629_es.htm\">aqu\u00ed<\/a><\/p>\n<p>Ficha informativa sobre los centros controlados en la UE\u00a0<a href=\"https:\/\/ec.europa.eu\/commission\/publications\/migration-follow-european-council-conclusions-28-june-2018_en\">aqu\u00ed<\/a><\/p>\n<p>Ficha informativa sobre los arreglos regionales de desembarque\u00a0<a href=\"https:\/\/ec.europa.eu\/commission\/publications\/migration-follow-european-council-conclusions-28-june-2018_en\">aqu\u00ed<\/a><\/p>\n<p><a href=\"https:\/\/ec.europa.eu\/home-affairs\/sites\/homeaffairs\/files\/what-we-do\/policies\/european-agenda-migration\/20180724_non-paper-controlled-centres-eu-member-states_en.pdf\">Documento oficioso sobre los centros controlados en la UE<\/a><\/p>\n<p><a href=\"https:\/\/ec.europa.eu\/home-affairs\/sites\/homeaffairs\/files\/what-we-do\/policies\/european-agenda-migration\/20180724_non-paper-regional-disembarkation-arrangements_en.pdf\">Documento oficioso sobre los arreglos regionales de desembarque<\/a><\/p>\n","protected":false},"excerpt":{"rendered":"<p>La Comisi\u00f3n toma nuevas medidas de gesti\u00f3n de la migraci\u00f3n La Comisi\u00f3n desarrolla los conceptos de desembarque y centro controlado Tras el llamamiento hecho por los dirigentes de la UE en el Consejo Europeo de junio, la Comisi\u00f3n desarrolla hoy el concepto de centros controlados, as\u00ed como las medidas a corto plazo que podr\u00edan adoptarse [&hellip;]<\/p>\n","protected":false},"author":101011,"featured_media":7515,"comment_status":"open","ping_status":"open","sticky":false,"template":"","format":"standard","meta":{"_acf_changed":false,"_relevanssi_hide_post":"","_relevanssi_hide_content":"","_relevanssi_pin_for_all":"","_relevanssi_pin_keywords":"","_relevanssi_unpin_keywords":"","_relevanssi_related_keywords":"","_relevanssi_related_include_ids":"","_relevanssi_related_exclude_ids":"","_relevanssi_related_no_append":"","_relevanssi_related_not_related":"","_relevanssi_related_posts":"","_relevanssi_noindex_reason":"","_monsterinsights_skip_tracking":false,"_monsterinsights_sitenote_active":false,"_monsterinsights_sitenote_note":"","_monsterinsights_sitenote_category":0,"_genesis_hide_title":false,"_genesis_hide_breadcrumbs":false,"_genesis_hide_singular_image":false,"_genesis_hide_footer_widgets":false,"_genesis_custom_body_class":"","_genesis_custom_post_class":"","_genesis_layout":"","footnotes":""},"categories":[96],"tags":[183,161],"class_list":{"0":"post-7514","1":"post","2":"type-post","3":"status-publish","4":"format-standard","5":"has-post-thumbnail","7":"category-noticias-ue","8":"tag-migracion","9":"tag-seguridad-y-defensa","10":"entry"},"acf":[],"yoast_head":"<!-- This site is optimized with the Yoast SEO plugin v27.5 - https:\/\/yoast.com\/product\/yoast-seo-wordpress\/ -->\n<title>La Comisi\u00f3n toma nuevas medidas de gesti\u00f3n de la migraci\u00f3n | CDE Almer\u00eda - Centro de Documentaci\u00f3n Europea - Universidad de Almer\u00eda<\/title>\n<meta name=\"robots\" content=\"index, follow, max-snippet:-1, max-image-preview:large, max-video-preview:-1\" \/>\n<link rel=\"canonical\" href=\"https:\/\/www.cde.ual.es\/en\/la-comision-toma-nuevas-medidas-de-gestion-de-la-migracion\/\" \/>\n<meta property=\"og:locale\" content=\"en_US\" \/>\n<meta property=\"og:type\" content=\"article\" \/>\n<meta property=\"og:title\" content=\"La Comisi\u00f3n toma nuevas medidas de gesti\u00f3n de la migraci\u00f3n | CDE Almer\u00eda - Centro de Documentaci\u00f3n Europea - Universidad de Almer\u00eda\" \/>\n<meta property=\"og:description\" content=\"La Comisi\u00f3n toma nuevas medidas de gesti\u00f3n de la migraci\u00f3n La Comisi\u00f3n desarrolla los conceptos de desembarque y centro controlado Tras el llamamiento hecho por los dirigentes de la UE en el Consejo Europeo de junio, la Comisi\u00f3n desarrolla hoy el concepto de centros controlados, as\u00ed como las medidas a corto plazo que podr\u00edan adoptarse [&hellip;]\" \/>\n<meta property=\"og:url\" content=\"https:\/\/www.cde.ual.es\/en\/la-comision-toma-nuevas-medidas-de-gestion-de-la-migracion\/\" \/>\n<meta property=\"og:site_name\" content=\"CDE Almer\u00eda - Centro de Documentaci\u00f3n Europea - Universidad de Almer\u00eda\" \/>\n<meta property=\"article:publisher\" content=\"https:\/\/www.facebook.com\/cdeuniversidadalmeria\/\" \/>\n<meta property=\"article:published_time\" content=\"2018-07-25T08:16:57+00:00\" \/>\n<meta property=\"og:image\" content=\"https:\/\/www.cde.ual.es\/wp-content\/uploads\/2018\/07\/1483394013220.jpg\" \/>\n\t<meta property=\"og:image:width\" content=\"1200\" \/>\n\t<meta property=\"og:image:height\" content=\"781\" \/>\n\t<meta property=\"og:image:type\" content=\"image\/jpeg\" \/>\n<meta name=\"author\" content=\"BECA 2 CDE\" \/>\n<meta name=\"twitter:card\" content=\"summary_large_image\" \/>\n<meta name=\"twitter:creator\" content=\"@cdeualmeria\" \/>\n<meta name=\"twitter:site\" content=\"@cdeualmeria\" \/>\n<meta name=\"twitter:label1\" content=\"Written by\" \/>\n\t<meta name=\"twitter:data1\" content=\"BECA 2 CDE\" \/>\n\t<meta name=\"twitter:label2\" content=\"Est. reading time\" \/>\n\t<meta name=\"twitter:data2\" content=\"2 minutes\" \/>\n<script type=\"application\/ld+json\" class=\"yoast-schema-graph\">{\"@context\":\"https:\\\/\\\/schema.org\",\"@graph\":[{\"@type\":\"Article\",\"@id\":\"https:\\\/\\\/www.cde.ual.es\\\/en\\\/la-comision-toma-nuevas-medidas-de-gestion-de-la-migracion\\\/#article\",\"isPartOf\":{\"@id\":\"https:\\\/\\\/www.cde.ual.es\\\/en\\\/la-comision-toma-nuevas-medidas-de-gestion-de-la-migracion\\\/\"},\"author\":{\"name\":\"BECA 2 CDE\",\"@id\":\"https:\\\/\\\/www.cde.ual.es\\\/#\\\/schema\\\/person\\\/ee46ebc19edfa19598c02cff83335acc\"},\"headline\":\"La Comisi\u00f3n toma nuevas medidas de gesti\u00f3n de la migraci\u00f3n\",\"datePublished\":\"2018-07-25T08:16:57+00:00\",\"mainEntityOfPage\":{\"@id\":\"https:\\\/\\\/www.cde.ual.es\\\/en\\\/la-comision-toma-nuevas-medidas-de-gestion-de-la-migracion\\\/\"},\"wordCount\":505,\"commentCount\":0,\"publisher\":{\"@id\":\"https:\\\/\\\/www.cde.ual.es\\\/#organization\"},\"image\":{\"@id\":\"https:\\\/\\\/www.cde.ual.es\\\/en\\\/la-comision-toma-nuevas-medidas-de-gestion-de-la-migracion\\\/#primaryimage\"},\"thumbnailUrl\":\"https:\\\/\\\/www.cde.ual.es\\\/wp-content\\\/uploads\\\/2018\\\/07\\\/1483394013220.jpg\",\"keywords\":[\"Migraci\u00f3n\",\"Seguridad y Defensa\"],\"articleSection\":[\"Noticias UE\"],\"inLanguage\":\"en-US\",\"potentialAction\":[{\"@type\":\"CommentAction\",\"name\":\"Comment\",\"target\":[\"https:\\\/\\\/www.cde.ual.es\\\/en\\\/la-comision-toma-nuevas-medidas-de-gestion-de-la-migracion\\\/#respond\"]}]},{\"@type\":\"WebPage\",\"@id\":\"https:\\\/\\\/www.cde.ual.es\\\/en\\\/la-comision-toma-nuevas-medidas-de-gestion-de-la-migracion\\\/\",\"url\":\"https:\\\/\\\/www.cde.ual.es\\\/en\\\/la-comision-toma-nuevas-medidas-de-gestion-de-la-migracion\\\/\",\"name\":\"La Comisi\u00f3n toma nuevas medidas de gesti\u00f3n de la migraci\u00f3n | CDE Almer\u00eda - Centro de Documentaci\u00f3n Europea - Universidad de Almer\u00eda\",\"isPartOf\":{\"@id\":\"https:\\\/\\\/www.cde.ual.es\\\/#website\"},\"primaryImageOfPage\":{\"@id\":\"https:\\\/\\\/www.cde.ual.es\\\/en\\\/la-comision-toma-nuevas-medidas-de-gestion-de-la-migracion\\\/#primaryimage\"},\"image\":{\"@id\":\"https:\\\/\\\/www.cde.ual.es\\\/en\\\/la-comision-toma-nuevas-medidas-de-gestion-de-la-migracion\\\/#primaryimage\"},\"thumbnailUrl\":\"https:\\\/\\\/www.cde.ual.es\\\/wp-content\\\/uploads\\\/2018\\\/07\\\/1483394013220.jpg\",\"datePublished\":\"2018-07-25T08:16:57+00:00\",\"breadcrumb\":{\"@id\":\"https:\\\/\\\/www.cde.ual.es\\\/en\\\/la-comision-toma-nuevas-medidas-de-gestion-de-la-migracion\\\/#breadcrumb\"},\"inLanguage\":\"en-US\",\"potentialAction\":[{\"@type\":\"ReadAction\",\"target\":[\"https:\\\/\\\/www.cde.ual.es\\\/en\\\/la-comision-toma-nuevas-medidas-de-gestion-de-la-migracion\\\/\"]}]},{\"@type\":\"ImageObject\",\"inLanguage\":\"en-US\",\"@id\":\"https:\\\/\\\/www.cde.ual.es\\\/en\\\/la-comision-toma-nuevas-medidas-de-gestion-de-la-migracion\\\/#primaryimage\",\"url\":\"https:\\\/\\\/www.cde.ual.es\\\/wp-content\\\/uploads\\\/2018\\\/07\\\/1483394013220.jpg\",\"contentUrl\":\"https:\\\/\\\/www.cde.ual.es\\\/wp-content\\\/uploads\\\/2018\\\/07\\\/1483394013220.jpg\",\"width\":1200,\"height\":781},{\"@type\":\"BreadcrumbList\",\"@id\":\"https:\\\/\\\/www.cde.ual.es\\\/en\\\/la-comision-toma-nuevas-medidas-de-gestion-de-la-migracion\\\/#breadcrumb\",\"itemListElement\":[{\"@type\":\"ListItem\",\"position\":1,\"name\":\"Inicio\",\"item\":\"https:\\\/\\\/www.cde.ual.es\\\/en\\\/\"},{\"@type\":\"ListItem\",\"position\":2,\"name\":\"Noticias UE\",\"item\":\"https:\\\/\\\/www.cde.ual.es\\\/category\\\/noticias-ue\\\/\"},{\"@type\":\"ListItem\",\"position\":3,\"name\":\"La Comisi\u00f3n toma nuevas medidas de gesti\u00f3n de la migraci\u00f3n\"}]},{\"@type\":\"WebSite\",\"@id\":\"https:\\\/\\\/www.cde.ual.es\\\/#website\",\"url\":\"https:\\\/\\\/www.cde.ual.es\\\/\",\"name\":\"CDE Almer\u00eda - Centro de Documentaci\u00f3n Europea - Universidad de Almer\u00eda\",\"description\":\"Centro de Documentaci\u00f3n Europea de la Universidad de Almer\u00eda\",\"publisher\":{\"@id\":\"https:\\\/\\\/www.cde.ual.es\\\/#organization\"},\"alternateName\":\"CDE Almer\u00eda\",\"potentialAction\":[{\"@type\":\"SearchAction\",\"target\":{\"@type\":\"EntryPoint\",\"urlTemplate\":\"https:\\\/\\\/www.cde.ual.es\\\/?s={search_term_string}\"},\"query-input\":{\"@type\":\"PropertyValueSpecification\",\"valueRequired\":true,\"valueName\":\"search_term_string\"}}],\"inLanguage\":\"en-US\"},{\"@type\":\"Organization\",\"@id\":\"https:\\\/\\\/www.cde.ual.es\\\/#organization\",\"name\":\"Centro de Documentaci\u00f3n Europea de Almer\u00eda\",\"url\":\"https:\\\/\\\/www.cde.ual.es\\\/\",\"logo\":{\"@type\":\"ImageObject\",\"inLanguage\":\"en-US\",\"@id\":\"https:\\\/\\\/www.cde.ual.es\\\/#\\\/schema\\\/logo\\\/image\\\/\",\"url\":\"https:\\\/\\\/www.cde.ual.es\\\/wp-content\\\/uploads\\\/2025\\\/07\\\/cde-logo-3.png\",\"contentUrl\":\"https:\\\/\\\/www.cde.ual.es\\\/wp-content\\\/uploads\\\/2025\\\/07\\\/cde-logo-3.png\",\"width\":1400,\"height\":300,\"caption\":\"Centro de Documentaci\u00f3n Europea de Almer\u00eda\"},\"image\":{\"@id\":\"https:\\\/\\\/www.cde.ual.es\\\/#\\\/schema\\\/logo\\\/image\\\/\"},\"sameAs\":[\"https:\\\/\\\/www.facebook.com\\\/cdeuniversidadalmeria\\\/\",\"https:\\\/\\\/x.com\\\/cdeualmeria\",\"https:\\\/\\\/www.tiktok.com\\\/@cdealmeria\",\"https:\\\/\\\/www.instagram.com\\\/cdealmeria\\\/\",\"https:\\\/\\\/www.linkedin.com\\\/in\\\/cde-almera-812b26a9\\\/\"]},{\"@type\":\"Person\",\"@id\":\"https:\\\/\\\/www.cde.ual.es\\\/#\\\/schema\\\/person\\\/ee46ebc19edfa19598c02cff83335acc\",\"name\":\"BECA 2 CDE\",\"image\":{\"@type\":\"ImageObject\",\"inLanguage\":\"en-US\",\"@id\":\"https:\\\/\\\/secure.gravatar.com\\\/avatar\\\/35a481bbc04bbd90e91bdfa3b0b5541036c222a49b9ad37b6889a2afcb5311a5?s=96&d=mm&r=g\",\"url\":\"https:\\\/\\\/secure.gravatar.com\\\/avatar\\\/35a481bbc04bbd90e91bdfa3b0b5541036c222a49b9ad37b6889a2afcb5311a5?s=96&d=mm&r=g\",\"contentUrl\":\"https:\\\/\\\/secure.gravatar.com\\\/avatar\\\/35a481bbc04bbd90e91bdfa3b0b5541036c222a49b9ad37b6889a2afcb5311a5?s=96&d=mm&r=g\",\"caption\":\"BECA 2 CDE\"},\"sameAs\":[\"http:\\\/\\\/www.cdealmeria.com\"]}]}<\/script>\n<!-- \/ Yoast SEO plugin. -->","yoast_head_json":{"title":"La Comisi\u00f3n toma nuevas medidas de gesti\u00f3n de la migraci\u00f3n | CDE Almer\u00eda - Centro de Documentaci\u00f3n Europea - Universidad de Almer\u00eda","robots":{"index":"index","follow":"follow","max-snippet":"max-snippet:-1","max-image-preview":"max-image-preview:large","max-video-preview":"max-video-preview:-1"},"canonical":"https:\/\/www.cde.ual.es\/en\/la-comision-toma-nuevas-medidas-de-gestion-de-la-migracion\/","og_locale":"en_US","og_type":"article","og_title":"La Comisi\u00f3n toma nuevas medidas de gesti\u00f3n de la migraci\u00f3n | CDE Almer\u00eda - Centro de Documentaci\u00f3n Europea - Universidad de Almer\u00eda","og_description":"La Comisi\u00f3n toma nuevas medidas de gesti\u00f3n de la migraci\u00f3n La Comisi\u00f3n desarrolla los conceptos de desembarque y centro controlado Tras el llamamiento hecho por los dirigentes de la UE en el Consejo Europeo de junio, la Comisi\u00f3n desarrolla hoy el concepto de centros controlados, as\u00ed como las medidas a corto plazo que podr\u00edan adoptarse [&hellip;]","og_url":"https:\/\/www.cde.ual.es\/en\/la-comision-toma-nuevas-medidas-de-gestion-de-la-migracion\/","og_site_name":"CDE Almer\u00eda - Centro de Documentaci\u00f3n Europea - Universidad de Almer\u00eda","article_publisher":"https:\/\/www.facebook.com\/cdeuniversidadalmeria\/","article_published_time":"2018-07-25T08:16:57+00:00","og_image":[{"width":1200,"height":781,"url":"https:\/\/www.cde.ual.es\/wp-content\/uploads\/2018\/07\/1483394013220.jpg","type":"image\/jpeg"}],"author":"BECA 2 CDE","twitter_card":"summary_large_image","twitter_creator":"@cdeualmeria","twitter_site":"@cdeualmeria","twitter_misc":{"Written by":"BECA 2 CDE","Est. reading time":"2 minutes"},"schema":{"@context":"https:\/\/schema.org","@graph":[{"@type":"Article","@id":"https:\/\/www.cde.ual.es\/en\/la-comision-toma-nuevas-medidas-de-gestion-de-la-migracion\/#article","isPartOf":{"@id":"https:\/\/www.cde.ual.es\/en\/la-comision-toma-nuevas-medidas-de-gestion-de-la-migracion\/"},"author":{"name":"BECA 2 CDE","@id":"https:\/\/www.cde.ual.es\/#\/schema\/person\/ee46ebc19edfa19598c02cff83335acc"},"headline":"La Comisi\u00f3n toma nuevas medidas de gesti\u00f3n de la migraci\u00f3n","datePublished":"2018-07-25T08:16:57+00:00","mainEntityOfPage":{"@id":"https:\/\/www.cde.ual.es\/en\/la-comision-toma-nuevas-medidas-de-gestion-de-la-migracion\/"},"wordCount":505,"commentCount":0,"publisher":{"@id":"https:\/\/www.cde.ual.es\/#organization"},"image":{"@id":"https:\/\/www.cde.ual.es\/en\/la-comision-toma-nuevas-medidas-de-gestion-de-la-migracion\/#primaryimage"},"thumbnailUrl":"https:\/\/www.cde.ual.es\/wp-content\/uploads\/2018\/07\/1483394013220.jpg","keywords":["Migraci\u00f3n","Seguridad y Defensa"],"articleSection":["Noticias UE"],"inLanguage":"en-US","potentialAction":[{"@type":"CommentAction","name":"Comment","target":["https:\/\/www.cde.ual.es\/en\/la-comision-toma-nuevas-medidas-de-gestion-de-la-migracion\/#respond"]}]},{"@type":"WebPage","@id":"https:\/\/www.cde.ual.es\/en\/la-comision-toma-nuevas-medidas-de-gestion-de-la-migracion\/","url":"https:\/\/www.cde.ual.es\/en\/la-comision-toma-nuevas-medidas-de-gestion-de-la-migracion\/","name":"La Comisi\u00f3n toma nuevas medidas de gesti\u00f3n de la migraci\u00f3n | CDE Almer\u00eda - Centro de Documentaci\u00f3n Europea - Universidad de Almer\u00eda","isPartOf":{"@id":"https:\/\/www.cde.ual.es\/#website"},"primaryImageOfPage":{"@id":"https:\/\/www.cde.ual.es\/en\/la-comision-toma-nuevas-medidas-de-gestion-de-la-migracion\/#primaryimage"},"image":{"@id":"https:\/\/www.cde.ual.es\/en\/la-comision-toma-nuevas-medidas-de-gestion-de-la-migracion\/#primaryimage"},"thumbnailUrl":"https:\/\/www.cde.ual.es\/wp-content\/uploads\/2018\/07\/1483394013220.jpg","datePublished":"2018-07-25T08:16:57+00:00","breadcrumb":{"@id":"https:\/\/www.cde.ual.es\/en\/la-comision-toma-nuevas-medidas-de-gestion-de-la-migracion\/#breadcrumb"},"inLanguage":"en-US","potentialAction":[{"@type":"ReadAction","target":["https:\/\/www.cde.ual.es\/en\/la-comision-toma-nuevas-medidas-de-gestion-de-la-migracion\/"]}]},{"@type":"ImageObject","inLanguage":"en-US","@id":"https:\/\/www.cde.ual.es\/en\/la-comision-toma-nuevas-medidas-de-gestion-de-la-migracion\/#primaryimage","url":"https:\/\/www.cde.ual.es\/wp-content\/uploads\/2018\/07\/1483394013220.jpg","contentUrl":"https:\/\/www.cde.ual.es\/wp-content\/uploads\/2018\/07\/1483394013220.jpg","width":1200,"height":781},{"@type":"BreadcrumbList","@id":"https:\/\/www.cde.ual.es\/en\/la-comision-toma-nuevas-medidas-de-gestion-de-la-migracion\/#breadcrumb","itemListElement":[{"@type":"ListItem","position":1,"name":"Inicio","item":"https:\/\/www.cde.ual.es\/en\/"},{"@type":"ListItem","position":2,"name":"Noticias UE","item":"https:\/\/www.cde.ual.es\/category\/noticias-ue\/"},{"@type":"ListItem","position":3,"name":"La Comisi\u00f3n toma nuevas medidas de gesti\u00f3n de la migraci\u00f3n"}]},{"@type":"WebSite","@id":"https:\/\/www.cde.ual.es\/#website","url":"https:\/\/www.cde.ual.es\/","name":"CDE Almer\u00eda - Centro de Documentaci\u00f3n Europea - Universidad de Almer\u00eda","description":"Centro de Documentaci\u00f3n Europea de la Universidad de Almer\u00eda","publisher":{"@id":"https:\/\/www.cde.ual.es\/#organization"},"alternateName":"CDE Almer\u00eda","potentialAction":[{"@type":"SearchAction","target":{"@type":"EntryPoint","urlTemplate":"https:\/\/www.cde.ual.es\/?s={search_term_string}"},"query-input":{"@type":"PropertyValueSpecification","valueRequired":true,"valueName":"search_term_string"}}],"inLanguage":"en-US"},{"@type":"Organization","@id":"https:\/\/www.cde.ual.es\/#organization","name":"Centro de Documentaci\u00f3n Europea de Almer\u00eda","url":"https:\/\/www.cde.ual.es\/","logo":{"@type":"ImageObject","inLanguage":"en-US","@id":"https:\/\/www.cde.ual.es\/#\/schema\/logo\/image\/","url":"https:\/\/www.cde.ual.es\/wp-content\/uploads\/2025\/07\/cde-logo-3.png","contentUrl":"https:\/\/www.cde.ual.es\/wp-content\/uploads\/2025\/07\/cde-logo-3.png","width":1400,"height":300,"caption":"Centro de Documentaci\u00f3n Europea de Almer\u00eda"},"image":{"@id":"https:\/\/www.cde.ual.es\/#\/schema\/logo\/image\/"},"sameAs":["https:\/\/www.facebook.com\/cdeuniversidadalmeria\/","https:\/\/x.com\/cdeualmeria","https:\/\/www.tiktok.com\/@cdealmeria","https:\/\/www.instagram.com\/cdealmeria\/","https:\/\/www.linkedin.com\/in\/cde-almera-812b26a9\/"]},{"@type":"Person","@id":"https:\/\/www.cde.ual.es\/#\/schema\/person\/ee46ebc19edfa19598c02cff83335acc","name":"BECA 2 CDE","image":{"@type":"ImageObject","inLanguage":"en-US","@id":"https:\/\/secure.gravatar.com\/avatar\/35a481bbc04bbd90e91bdfa3b0b5541036c222a49b9ad37b6889a2afcb5311a5?s=96&d=mm&r=g","url":"https:\/\/secure.gravatar.com\/avatar\/35a481bbc04bbd90e91bdfa3b0b5541036c222a49b9ad37b6889a2afcb5311a5?s=96&d=mm&r=g","contentUrl":"https:\/\/secure.gravatar.com\/avatar\/35a481bbc04bbd90e91bdfa3b0b5541036c222a49b9ad37b6889a2afcb5311a5?s=96&d=mm&r=g","caption":"BECA 2 CDE"},"sameAs":["http:\/\/www.cdealmeria.com"]}]}},"_links":{"self":[{"href":"https:\/\/www.cde.ual.es\/en\/wp-json\/wp\/v2\/posts\/7514","targetHints":{"allow":["GET"]}}],"collection":[{"href":"https:\/\/www.cde.ual.es\/en\/wp-json\/wp\/v2\/posts"}],"about":[{"href":"https:\/\/www.cde.ual.es\/en\/wp-json\/wp\/v2\/types\/post"}],"author":[{"embeddable":true,"href":"https:\/\/www.cde.ual.es\/en\/wp-json\/wp\/v2\/users\/101011"}],"replies":[{"embeddable":true,"href":"https:\/\/www.cde.ual.es\/en\/wp-json\/wp\/v2\/comments?post=7514"}],"version-history":[{"count":0,"href":"https:\/\/www.cde.ual.es\/en\/wp-json\/wp\/v2\/posts\/7514\/revisions"}],"wp:featuredmedia":[{"embeddable":true,"href":"https:\/\/www.cde.ual.es\/en\/wp-json\/wp\/v2\/media\/7515"}],"wp:attachment":[{"href":"https:\/\/www.cde.ual.es\/en\/wp-json\/wp\/v2\/media?parent=7514"}],"wp:term":[{"taxonomy":"category","embeddable":true,"href":"https:\/\/www.cde.ual.es\/en\/wp-json\/wp\/v2\/categories?post=7514"},{"taxonomy":"post_tag","embeddable":true,"href":"https:\/\/www.cde.ual.es\/en\/wp-json\/wp\/v2\/tags?post=7514"}],"curies":[{"name":"wp","href":"https:\/\/api.w.org\/{rel}","templated":true}]}}