{"id":75115,"date":"2021-07-05T03:03:23","date_gmt":"2021-07-05T01:03:23","guid":{"rendered":"https:\/\/www.cde.ual.es\/?p=75115"},"modified":"2021-09-09T14:06:09","modified_gmt":"2021-09-09T12:06:09","slug":"conference-on-the-future-of-europe-what-is-it-and-how-will-it-work","status":"publish","type":"post","link":"https:\/\/www.cde.ual.es\/en\/conference-on-the-future-of-europe-what-is-it-and-how-will-it-work\/","title":{"rendered":"Conference on the Future of Europe: what is it and how will it work?"},"content":{"rendered":"<div class=\"ep_gridcolumn ep-m_product\" data-view1200=\"8\" data-view1020=\"8\" data-view750=\"10\" data-view640=\"6\" data-view480=\"8\" data-view320=\"4\">\n<div class=\"ep_gridcolumn-content\">\n<div class=\"ep-a_text\">\n<p><a href=\"https:\/\/www.cde.ual.es\/wp-content\/uploads\/2021\/06\/Captura-55.png\"><img decoding=\"async\" class=\"aligncenter wp-image-75119 size-large\" src=\"https:\/\/www.cde.ual.es\/wp-content\/uploads\/2021\/06\/Captura-55-1024x375.png\" alt=\"Conference on the Future of Europe: what is it and how will it work?\" width=\"1024\" height=\"375\" srcset=\"https:\/\/www.cde.ual.es\/wp-content\/uploads\/2021\/06\/Captura-55-1024x375.png 1024w, https:\/\/www.cde.ual.es\/wp-content\/uploads\/2021\/06\/Captura-55-300x110.png 300w, https:\/\/www.cde.ual.es\/wp-content\/uploads\/2021\/06\/Captura-55-768x282.png 768w, https:\/\/www.cde.ual.es\/wp-content\/uploads\/2021\/06\/Captura-55.png 1031w\" sizes=\"(max-width: 1024px) 100vw, 1024px\" \/><\/a><\/p>\n<p class=\"ep-wysiwig_paragraph\"><strong>In a world fighting a pandemic and looking for solutions to long-term challenges such as climate change, the EU is committed to an open, democratic debate with people about what it should focus on.<\/strong><\/p>\n<h3 class=\"ep-wysiwig_heading-2\">Inclusive, democratic process<\/h3>\n<p class=\"ep-wysiwig_paragraph\">A <a href=\"https:\/\/www.europarl.europa.eu\/at-your-service\/en\/be-heard\/eurobarometer\/future-of-europe\" target=\"_blank\" rel=\"noopener\">recent Eurobarometer survey<\/a>\u00a0showed that 92% of Europeans want people&#8217;s voices &#8220;taken more into account in decisions relating to the future of Europe&#8221;. The Conference aims to make this happen.<\/p>\n<p class=\"ep-wysiwig_paragraph\">The European Parliament, the European Commission and the Council invite all Europeans to share their ideas about how Europe should evolve, what the priorities should be and how to prepare for a post-Covid world. The EU institutions want to consult as many people as possible, with a special focus on young people.<\/p>\n<p class=\"ep-wysiwig_paragraph\">The Conference will be more than a listening exercise. The contributions that people make in the coming months will be collected on the <a href=\"https:\/\/futureu.europa.eu\/?locale=en&amp;pk_source=website&amp;pk_medium=link&amp;pk_campaign=europarl&amp;pk_content=headlines_editorial\" target=\"_blank\" rel=\"noopener\">online platform<\/a>\u00a0and will feed into debates with MEPs, members of the national parliaments, government and EU representatives, as well as other stakeholders. These debates will become the foundation for policy proposals that will then be turned concrete EU action. Parliament, the Commission and the Council\u00a0<a href=\"https:\/\/ec.europa.eu\/info\/files\/joint-declaration-conference-future-europe_en\" target=\"_blank\" rel=\"noopener\">have pledged to listen to people&#8217;s proposals<\/a>\u00a0and follow up on the Conference\u2019s outcome.<\/p>\n<p class=\"ep-wysiwig_paragraph\">All Europeans are welcome to take part in this process, regardless of their age, gender, education or professional background. Parliament wants to especially ensure the active participation of young people and will use its regular European Youth Event (EYE) in October 2021 to gather their visions on Europe\u2019s future.<\/p>\n<h3 class=\"ep-wysiwig_heading-2\">How will it work?<\/h3>\n<p class=\"ep-wysiwig_paragraph\"><a href=\"https:\/\/www.europarl.europa.eu\/news\/en\/headlines\/priorities\/conference-on-the-future-of-europe\/20210414STO02004\/conference-on-the-future-of-europe-make-your-voice-heard\" target=\"_blank\" rel=\"noopener\">The digital platform of the Conference was launched<\/a>\u00a0on 19 April. It allows people to share and discuss ideas online as well as prepare events across the EU, where and when the health conditions allow. These events will serve as another source of ideas for change. The member states will also organise citizen-driven events.<\/p>\n<p class=\"ep-wysiwig_paragraph\">After the summer, European citizens\u2019 panels bringing together people from different walks of life will look at the ideas put forward. There will be four citizens\u2019 panels of 200 members each working on different themes:<\/p>\n<ul>\n<li>European democracy and values, rights, rule of law, security<\/li>\n<li>Climate change, environment and health<\/li>\n<li>Stronger economy, social justice, jobs, education, youth, culture, sport and digital<br \/>\ntransformation<\/li>\n<li>The EU in the world and migration<\/li>\n<\/ul>\n<\/div>\n<\/div>\n<\/div>\n<div class=\"ep_gridcolumn ep-m_product\" data-view1200=\"8\" data-view1020=\"8\" data-view750=\"10\" data-view640=\"6\" data-view480=\"8\" data-view320=\"4\">\n<div class=\"ep_gridcolumn-content\">\n<div class=\"ep-a_text\">\n<p class=\"ep-wysiwig_paragraph\">Each of the panels will meet at least three times and will be free to define its priorities. Their recommendations will be presented to the Conference Plenary.<\/p>\n<p class=\"ep-wysiwig_paragraph\">The Conference Plenary has a central role in the Conference as representatives of the EU institutions, the governments and civil society will meet there with citizens to discuss and develop proposals for change. The European Parliament pushed for a politically strong Plenary with many elected representatives as well as for an important role of citizens.<\/p>\n<p><a href=\"https:\/\/www.cde.ual.es\/wp-content\/uploads\/2021\/06\/Cofoe.jpg\"><img decoding=\"async\" class=\"aligncenter size-large wp-image-75126\" src=\"https:\/\/www.cde.ual.es\/wp-content\/uploads\/2021\/06\/Cofoe-608x1024.jpg\" alt=\"\" width=\"608\" height=\"1024\" srcset=\"https:\/\/www.cde.ual.es\/wp-content\/uploads\/2021\/06\/Cofoe-608x1024.jpg 608w, https:\/\/www.cde.ual.es\/wp-content\/uploads\/2021\/06\/Cofoe-178x300.jpg 178w, https:\/\/www.cde.ual.es\/wp-content\/uploads\/2021\/06\/Cofoe-768x1293.jpg 768w, https:\/\/www.cde.ual.es\/wp-content\/uploads\/2021\/06\/Cofoe-912x1536.jpg 912w, https:\/\/www.cde.ual.es\/wp-content\/uploads\/2021\/06\/Cofoe.jpg 1201w\" sizes=\"(max-width: 608px) 100vw, 608px\" \/><\/a><\/p>\n<p>The inaugural plenary session took place on 19 June in Strasbourg with remote and physical participation. More sessions will follow in the autumn and the winter to discuss the proposals coming from the citizens\u2019 panels. <a href=\"https:\/\/conference-delegation.europarl.europa.eu\/en\/members.html\" target=\"_blank\" rel=\"noopener\"><em>Find out who the European Parliament\u2019s representatives are in the Conference Plenary\u00a0<\/em><\/a><\/p>\n<p class=\"ep-wysiwig_paragraph\">The executive board is responsible for the functioning of the Conference. It consists of representatives of the European Parliament, the Council and the Commission, as well as observers.<\/p>\n<h3 class=\"ep-wysiwig_heading-2\">What will come out of the Conference?<\/h3>\n<p class=\"ep-wysiwig_paragraph\">The outcome will depend on the proposals that people make and the subsequent debates.<\/p>\n<p class=\"ep-wysiwig_paragraph\">The final report will be drawn up by the executive board based on proposals approved by the Conference Plenary. The report will be prepared in full collaboration with the Plenary and will have to receive its approval. It will then be submitted for follow-up to the European Parliament, the Council and the Commission.<\/p>\n<p class=\"ep-wysiwig_paragraph\">Parliament has underlined that the Conference should have a real impact on how the EU is set up and what it does to ensure people\u2019s voices and concerns are at the centre of the EU\u2019s policies and decisions.<\/p>\n<h3>More information:<\/h3>\n<p><a href=\"https:\/\/www.europarl.europa.eu\/news\/en\/headlines\/eu-affairs\/20210429STO03105\/conference-on-the-future-of-europe-what-is-it-and-how-will-it-work\">European Parliament<\/a><\/p>\n<\/div>\n<\/div>\n<\/div>\n","protected":false},"excerpt":{"rendered":"<p>In a world fighting a pandemic and looking for solutions to long-term challenges such as climate change, the EU is committed to an open, democratic debate with people about what it should focus on. Inclusive, democratic process A recent Eurobarometer survey\u00a0showed that 92% of Europeans want people&#8217;s voices &#8220;taken more into account in decisions relating [&hellip;]<\/p>\n","protected":false},"author":101011,"featured_media":75119,"comment_status":"open","ping_status":"open","sticky":false,"template":"","format":"standard","meta":{"_acf_changed":false,"_relevanssi_hide_post":"","_relevanssi_hide_content":"","_relevanssi_pin_for_all":"","_relevanssi_pin_keywords":"","_relevanssi_unpin_keywords":"","_relevanssi_related_keywords":"","_relevanssi_related_include_ids":"","_relevanssi_related_exclude_ids":"","_relevanssi_related_no_append":"","_relevanssi_related_not_related":"","_relevanssi_related_posts":"","_relevanssi_noindex_reason":"","_monsterinsights_skip_tracking":false,"_monsterinsights_sitenote_active":false,"_monsterinsights_sitenote_note":"","_monsterinsights_sitenote_category":0,"_genesis_hide_title":false,"_genesis_hide_breadcrumbs":false,"_genesis_hide_singular_image":false,"_genesis_hide_footer_widgets":false,"_genesis_custom_body_class":"","_genesis_custom_post_class":"","_genesis_layout":"","footnotes":""},"categories":[346,4064,4065],"tags":[3696,1217,3695,3694,2590],"class_list":{"0":"post-75115","1":"post","2":"type-post","3":"status-publish","4":"format-standard","5":"has-post-thumbnail","7":"category-eu-news","8":"category-institutional","9":"category-international-pol-coop","10":"tag-democratic-process","11":"tag-europe","12":"tag-european-democracy","13":"tag-online-platform","14":"tag-participation","15":"entry"},"acf":[],"yoast_head":"<!-- This site is optimized with the Yoast SEO plugin v27.5 - https:\/\/yoast.com\/product\/yoast-seo-wordpress\/ -->\n<title>Conference on the Future of Europe: what is it and how will it work? | CDE Almer\u00eda - Centro de Documentaci\u00f3n Europea - Universidad de Almer\u00eda<\/title>\n<meta name=\"robots\" content=\"index, follow, max-snippet:-1, max-image-preview:large, max-video-preview:-1\" \/>\n<link rel=\"canonical\" href=\"https:\/\/www.cde.ual.es\/en\/conference-on-the-future-of-europe-what-is-it-and-how-will-it-work\/\" \/>\n<meta property=\"og:locale\" content=\"en_US\" \/>\n<meta property=\"og:type\" content=\"article\" \/>\n<meta property=\"og:title\" content=\"Conference on the Future of Europe: what is it and how will it work? | CDE Almer\u00eda - Centro de Documentaci\u00f3n Europea - Universidad de Almer\u00eda\" \/>\n<meta property=\"og:description\" content=\"In a world fighting a pandemic and looking for solutions to long-term challenges such as climate change, the EU is committed to an open, democratic debate with people about what it should focus on. Inclusive, democratic process A recent Eurobarometer survey\u00a0showed that 92% of Europeans want people&#8217;s voices &#8220;taken more into account in decisions relating [&hellip;]\" \/>\n<meta property=\"og:url\" content=\"https:\/\/www.cde.ual.es\/en\/conference-on-the-future-of-europe-what-is-it-and-how-will-it-work\/\" \/>\n<meta property=\"og:site_name\" content=\"CDE Almer\u00eda - Centro de Documentaci\u00f3n Europea - Universidad de Almer\u00eda\" \/>\n<meta property=\"article:publisher\" content=\"https:\/\/www.facebook.com\/cdeuniversidadalmeria\/\" \/>\n<meta property=\"article:published_time\" content=\"2021-07-05T01:03:23+00:00\" \/>\n<meta property=\"article:modified_time\" content=\"2021-09-09T12:06:09+00:00\" \/>\n<meta property=\"og:image\" content=\"https:\/\/www.cde.ual.es\/wp-content\/uploads\/2021\/06\/Captura-55.png\" \/>\n\t<meta property=\"og:image:width\" content=\"1031\" \/>\n\t<meta property=\"og:image:height\" content=\"378\" \/>\n\t<meta property=\"og:image:type\" content=\"image\/png\" \/>\n<meta name=\"author\" content=\"BECA 2 CDE\" \/>\n<meta name=\"twitter:card\" content=\"summary_large_image\" \/>\n<meta name=\"twitter:creator\" content=\"@cdeualmeria\" \/>\n<meta name=\"twitter:site\" content=\"@cdeualmeria\" \/>\n<meta name=\"twitter:label1\" content=\"Written by\" \/>\n\t<meta name=\"twitter:data1\" content=\"BECA 2 CDE\" \/>\n\t<meta name=\"twitter:label2\" content=\"Est. reading time\" \/>\n\t<meta name=\"twitter:data2\" content=\"3 minutes\" \/>\n<script type=\"application\/ld+json\" class=\"yoast-schema-graph\">{\"@context\":\"https:\\\/\\\/schema.org\",\"@graph\":[{\"@type\":\"Article\",\"@id\":\"https:\\\/\\\/www.cde.ual.es\\\/en\\\/conference-on-the-future-of-europe-what-is-it-and-how-will-it-work\\\/#article\",\"isPartOf\":{\"@id\":\"https:\\\/\\\/www.cde.ual.es\\\/en\\\/conference-on-the-future-of-europe-what-is-it-and-how-will-it-work\\\/\"},\"author\":{\"name\":\"BECA 2 CDE\",\"@id\":\"https:\\\/\\\/www.cde.ual.es\\\/#\\\/schema\\\/person\\\/ee46ebc19edfa19598c02cff83335acc\"},\"headline\":\"Conference on the Future of Europe: what is it and how will it work?\",\"datePublished\":\"2021-07-05T01:03:23+00:00\",\"dateModified\":\"2021-09-09T12:06:09+00:00\",\"mainEntityOfPage\":{\"@id\":\"https:\\\/\\\/www.cde.ual.es\\\/en\\\/conference-on-the-future-of-europe-what-is-it-and-how-will-it-work\\\/\"},\"wordCount\":667,\"commentCount\":0,\"publisher\":{\"@id\":\"https:\\\/\\\/www.cde.ual.es\\\/#organization\"},\"image\":{\"@id\":\"https:\\\/\\\/www.cde.ual.es\\\/en\\\/conference-on-the-future-of-europe-what-is-it-and-how-will-it-work\\\/#primaryimage\"},\"thumbnailUrl\":\"https:\\\/\\\/www.cde.ual.es\\\/wp-content\\\/uploads\\\/2021\\\/06\\\/Captura-55.png\",\"keywords\":[\"democratic process\",\"Europe\",\"European democracy\",\"online platform\",\"Participation\"],\"articleSection\":[\"EU News\",\"Institutional Affairs\",\"International Politics and Cooperation\"],\"inLanguage\":\"en-US\",\"potentialAction\":[{\"@type\":\"CommentAction\",\"name\":\"Comment\",\"target\":[\"https:\\\/\\\/www.cde.ual.es\\\/en\\\/conference-on-the-future-of-europe-what-is-it-and-how-will-it-work\\\/#respond\"]}]},{\"@type\":\"WebPage\",\"@id\":\"https:\\\/\\\/www.cde.ual.es\\\/en\\\/conference-on-the-future-of-europe-what-is-it-and-how-will-it-work\\\/\",\"url\":\"https:\\\/\\\/www.cde.ual.es\\\/en\\\/conference-on-the-future-of-europe-what-is-it-and-how-will-it-work\\\/\",\"name\":\"Conference on the Future of Europe: what is it and how will it work? | CDE Almer\u00eda - Centro de Documentaci\u00f3n Europea - Universidad de Almer\u00eda\",\"isPartOf\":{\"@id\":\"https:\\\/\\\/www.cde.ual.es\\\/#website\"},\"primaryImageOfPage\":{\"@id\":\"https:\\\/\\\/www.cde.ual.es\\\/en\\\/conference-on-the-future-of-europe-what-is-it-and-how-will-it-work\\\/#primaryimage\"},\"image\":{\"@id\":\"https:\\\/\\\/www.cde.ual.es\\\/en\\\/conference-on-the-future-of-europe-what-is-it-and-how-will-it-work\\\/#primaryimage\"},\"thumbnailUrl\":\"https:\\\/\\\/www.cde.ual.es\\\/wp-content\\\/uploads\\\/2021\\\/06\\\/Captura-55.png\",\"datePublished\":\"2021-07-05T01:03:23+00:00\",\"dateModified\":\"2021-09-09T12:06:09+00:00\",\"breadcrumb\":{\"@id\":\"https:\\\/\\\/www.cde.ual.es\\\/en\\\/conference-on-the-future-of-europe-what-is-it-and-how-will-it-work\\\/#breadcrumb\"},\"inLanguage\":\"en-US\",\"potentialAction\":[{\"@type\":\"ReadAction\",\"target\":[\"https:\\\/\\\/www.cde.ual.es\\\/en\\\/conference-on-the-future-of-europe-what-is-it-and-how-will-it-work\\\/\"]}]},{\"@type\":\"ImageObject\",\"inLanguage\":\"en-US\",\"@id\":\"https:\\\/\\\/www.cde.ual.es\\\/en\\\/conference-on-the-future-of-europe-what-is-it-and-how-will-it-work\\\/#primaryimage\",\"url\":\"https:\\\/\\\/www.cde.ual.es\\\/wp-content\\\/uploads\\\/2021\\\/06\\\/Captura-55.png\",\"contentUrl\":\"https:\\\/\\\/www.cde.ual.es\\\/wp-content\\\/uploads\\\/2021\\\/06\\\/Captura-55.png\",\"width\":1031,\"height\":378},{\"@type\":\"BreadcrumbList\",\"@id\":\"https:\\\/\\\/www.cde.ual.es\\\/en\\\/conference-on-the-future-of-europe-what-is-it-and-how-will-it-work\\\/#breadcrumb\",\"itemListElement\":[{\"@type\":\"ListItem\",\"position\":1,\"name\":\"Inicio\",\"item\":\"https:\\\/\\\/www.cde.ual.es\\\/en\\\/\"},{\"@type\":\"ListItem\",\"position\":2,\"name\":\"EU News\",\"item\":\"https:\\\/\\\/www.cde.ual.es\\\/en\\\/category\\\/eu-news\\\/\"},{\"@type\":\"ListItem\",\"position\":3,\"name\":\"Institutional Affairs\",\"item\":\"https:\\\/\\\/www.cde.ual.es\\\/en\\\/category\\\/eu-news\\\/institutional\\\/\"},{\"@type\":\"ListItem\",\"position\":4,\"name\":\"International Politics and Cooperation\",\"item\":\"https:\\\/\\\/www.cde.ual.es\\\/en\\\/category\\\/eu-news\\\/institutional\\\/international-pol-coop\\\/\"},{\"@type\":\"ListItem\",\"position\":5,\"name\":\"Conference on the Future of Europe: what is it and how will it work?\"}]},{\"@type\":\"WebSite\",\"@id\":\"https:\\\/\\\/www.cde.ual.es\\\/#website\",\"url\":\"https:\\\/\\\/www.cde.ual.es\\\/\",\"name\":\"CDE Almer\u00eda - Centro de Documentaci\u00f3n Europea - Universidad de Almer\u00eda\",\"description\":\"Centro de Documentaci\u00f3n Europea de la Universidad de Almer\u00eda\",\"publisher\":{\"@id\":\"https:\\\/\\\/www.cde.ual.es\\\/#organization\"},\"alternateName\":\"CDE Almer\u00eda\",\"potentialAction\":[{\"@type\":\"SearchAction\",\"target\":{\"@type\":\"EntryPoint\",\"urlTemplate\":\"https:\\\/\\\/www.cde.ual.es\\\/?s={search_term_string}\"},\"query-input\":{\"@type\":\"PropertyValueSpecification\",\"valueRequired\":true,\"valueName\":\"search_term_string\"}}],\"inLanguage\":\"en-US\"},{\"@type\":\"Organization\",\"@id\":\"https:\\\/\\\/www.cde.ual.es\\\/#organization\",\"name\":\"Centro de Documentaci\u00f3n Europea de Almer\u00eda\",\"url\":\"https:\\\/\\\/www.cde.ual.es\\\/\",\"logo\":{\"@type\":\"ImageObject\",\"inLanguage\":\"en-US\",\"@id\":\"https:\\\/\\\/www.cde.ual.es\\\/#\\\/schema\\\/logo\\\/image\\\/\",\"url\":\"https:\\\/\\\/www.cde.ual.es\\\/wp-content\\\/uploads\\\/2025\\\/07\\\/cde-logo-3.png\",\"contentUrl\":\"https:\\\/\\\/www.cde.ual.es\\\/wp-content\\\/uploads\\\/2025\\\/07\\\/cde-logo-3.png\",\"width\":1400,\"height\":300,\"caption\":\"Centro de Documentaci\u00f3n Europea de Almer\u00eda\"},\"image\":{\"@id\":\"https:\\\/\\\/www.cde.ual.es\\\/#\\\/schema\\\/logo\\\/image\\\/\"},\"sameAs\":[\"https:\\\/\\\/www.facebook.com\\\/cdeuniversidadalmeria\\\/\",\"https:\\\/\\\/x.com\\\/cdeualmeria\",\"https:\\\/\\\/www.tiktok.com\\\/@cdealmeria\",\"https:\\\/\\\/www.instagram.com\\\/cdealmeria\\\/\",\"https:\\\/\\\/www.linkedin.com\\\/in\\\/cde-almera-812b26a9\\\/\"]},{\"@type\":\"Person\",\"@id\":\"https:\\\/\\\/www.cde.ual.es\\\/#\\\/schema\\\/person\\\/ee46ebc19edfa19598c02cff83335acc\",\"name\":\"BECA 2 CDE\",\"image\":{\"@type\":\"ImageObject\",\"inLanguage\":\"en-US\",\"@id\":\"https:\\\/\\\/secure.gravatar.com\\\/avatar\\\/35a481bbc04bbd90e91bdfa3b0b5541036c222a49b9ad37b6889a2afcb5311a5?s=96&d=mm&r=g\",\"url\":\"https:\\\/\\\/secure.gravatar.com\\\/avatar\\\/35a481bbc04bbd90e91bdfa3b0b5541036c222a49b9ad37b6889a2afcb5311a5?s=96&d=mm&r=g\",\"contentUrl\":\"https:\\\/\\\/secure.gravatar.com\\\/avatar\\\/35a481bbc04bbd90e91bdfa3b0b5541036c222a49b9ad37b6889a2afcb5311a5?s=96&d=mm&r=g\",\"caption\":\"BECA 2 CDE\"},\"sameAs\":[\"http:\\\/\\\/www.cdealmeria.com\"]}]}<\/script>\n<!-- \/ Yoast SEO plugin. -->","yoast_head_json":{"title":"Conference on the Future of Europe: what is it and how will it work? | CDE Almer\u00eda - Centro de Documentaci\u00f3n Europea - Universidad de Almer\u00eda","robots":{"index":"index","follow":"follow","max-snippet":"max-snippet:-1","max-image-preview":"max-image-preview:large","max-video-preview":"max-video-preview:-1"},"canonical":"https:\/\/www.cde.ual.es\/en\/conference-on-the-future-of-europe-what-is-it-and-how-will-it-work\/","og_locale":"en_US","og_type":"article","og_title":"Conference on the Future of Europe: what is it and how will it work? | CDE Almer\u00eda - Centro de Documentaci\u00f3n Europea - Universidad de Almer\u00eda","og_description":"In a world fighting a pandemic and looking for solutions to long-term challenges such as climate change, the EU is committed to an open, democratic debate with people about what it should focus on. Inclusive, democratic process A recent Eurobarometer survey\u00a0showed that 92% of Europeans want people&#8217;s voices &#8220;taken more into account in decisions relating [&hellip;]","og_url":"https:\/\/www.cde.ual.es\/en\/conference-on-the-future-of-europe-what-is-it-and-how-will-it-work\/","og_site_name":"CDE Almer\u00eda - Centro de Documentaci\u00f3n Europea - Universidad de Almer\u00eda","article_publisher":"https:\/\/www.facebook.com\/cdeuniversidadalmeria\/","article_published_time":"2021-07-05T01:03:23+00:00","article_modified_time":"2021-09-09T12:06:09+00:00","og_image":[{"width":1031,"height":378,"url":"https:\/\/www.cde.ual.es\/wp-content\/uploads\/2021\/06\/Captura-55.png","type":"image\/png"}],"author":"BECA 2 CDE","twitter_card":"summary_large_image","twitter_creator":"@cdeualmeria","twitter_site":"@cdeualmeria","twitter_misc":{"Written by":"BECA 2 CDE","Est. reading time":"3 minutes"},"schema":{"@context":"https:\/\/schema.org","@graph":[{"@type":"Article","@id":"https:\/\/www.cde.ual.es\/en\/conference-on-the-future-of-europe-what-is-it-and-how-will-it-work\/#article","isPartOf":{"@id":"https:\/\/www.cde.ual.es\/en\/conference-on-the-future-of-europe-what-is-it-and-how-will-it-work\/"},"author":{"name":"BECA 2 CDE","@id":"https:\/\/www.cde.ual.es\/#\/schema\/person\/ee46ebc19edfa19598c02cff83335acc"},"headline":"Conference on the Future of Europe: what is it and how will it work?","datePublished":"2021-07-05T01:03:23+00:00","dateModified":"2021-09-09T12:06:09+00:00","mainEntityOfPage":{"@id":"https:\/\/www.cde.ual.es\/en\/conference-on-the-future-of-europe-what-is-it-and-how-will-it-work\/"},"wordCount":667,"commentCount":0,"publisher":{"@id":"https:\/\/www.cde.ual.es\/#organization"},"image":{"@id":"https:\/\/www.cde.ual.es\/en\/conference-on-the-future-of-europe-what-is-it-and-how-will-it-work\/#primaryimage"},"thumbnailUrl":"https:\/\/www.cde.ual.es\/wp-content\/uploads\/2021\/06\/Captura-55.png","keywords":["democratic process","Europe","European democracy","online platform","Participation"],"articleSection":["EU News","Institutional Affairs","International Politics and Cooperation"],"inLanguage":"en-US","potentialAction":[{"@type":"CommentAction","name":"Comment","target":["https:\/\/www.cde.ual.es\/en\/conference-on-the-future-of-europe-what-is-it-and-how-will-it-work\/#respond"]}]},{"@type":"WebPage","@id":"https:\/\/www.cde.ual.es\/en\/conference-on-the-future-of-europe-what-is-it-and-how-will-it-work\/","url":"https:\/\/www.cde.ual.es\/en\/conference-on-the-future-of-europe-what-is-it-and-how-will-it-work\/","name":"Conference on the Future of Europe: what is it and how will it work? | CDE Almer\u00eda - Centro de Documentaci\u00f3n Europea - Universidad de Almer\u00eda","isPartOf":{"@id":"https:\/\/www.cde.ual.es\/#website"},"primaryImageOfPage":{"@id":"https:\/\/www.cde.ual.es\/en\/conference-on-the-future-of-europe-what-is-it-and-how-will-it-work\/#primaryimage"},"image":{"@id":"https:\/\/www.cde.ual.es\/en\/conference-on-the-future-of-europe-what-is-it-and-how-will-it-work\/#primaryimage"},"thumbnailUrl":"https:\/\/www.cde.ual.es\/wp-content\/uploads\/2021\/06\/Captura-55.png","datePublished":"2021-07-05T01:03:23+00:00","dateModified":"2021-09-09T12:06:09+00:00","breadcrumb":{"@id":"https:\/\/www.cde.ual.es\/en\/conference-on-the-future-of-europe-what-is-it-and-how-will-it-work\/#breadcrumb"},"inLanguage":"en-US","potentialAction":[{"@type":"ReadAction","target":["https:\/\/www.cde.ual.es\/en\/conference-on-the-future-of-europe-what-is-it-and-how-will-it-work\/"]}]},{"@type":"ImageObject","inLanguage":"en-US","@id":"https:\/\/www.cde.ual.es\/en\/conference-on-the-future-of-europe-what-is-it-and-how-will-it-work\/#primaryimage","url":"https:\/\/www.cde.ual.es\/wp-content\/uploads\/2021\/06\/Captura-55.png","contentUrl":"https:\/\/www.cde.ual.es\/wp-content\/uploads\/2021\/06\/Captura-55.png","width":1031,"height":378},{"@type":"BreadcrumbList","@id":"https:\/\/www.cde.ual.es\/en\/conference-on-the-future-of-europe-what-is-it-and-how-will-it-work\/#breadcrumb","itemListElement":[{"@type":"ListItem","position":1,"name":"Inicio","item":"https:\/\/www.cde.ual.es\/en\/"},{"@type":"ListItem","position":2,"name":"EU News","item":"https:\/\/www.cde.ual.es\/en\/category\/eu-news\/"},{"@type":"ListItem","position":3,"name":"Institutional Affairs","item":"https:\/\/www.cde.ual.es\/en\/category\/eu-news\/institutional\/"},{"@type":"ListItem","position":4,"name":"International Politics and Cooperation","item":"https:\/\/www.cde.ual.es\/en\/category\/eu-news\/institutional\/international-pol-coop\/"},{"@type":"ListItem","position":5,"name":"Conference on the Future of Europe: what is it and how will it work?"}]},{"@type":"WebSite","@id":"https:\/\/www.cde.ual.es\/#website","url":"https:\/\/www.cde.ual.es\/","name":"CDE Almer\u00eda - Centro de Documentaci\u00f3n Europea - Universidad de Almer\u00eda","description":"Centro de Documentaci\u00f3n Europea de la Universidad de Almer\u00eda","publisher":{"@id":"https:\/\/www.cde.ual.es\/#organization"},"alternateName":"CDE Almer\u00eda","potentialAction":[{"@type":"SearchAction","target":{"@type":"EntryPoint","urlTemplate":"https:\/\/www.cde.ual.es\/?s={search_term_string}"},"query-input":{"@type":"PropertyValueSpecification","valueRequired":true,"valueName":"search_term_string"}}],"inLanguage":"en-US"},{"@type":"Organization","@id":"https:\/\/www.cde.ual.es\/#organization","name":"Centro de Documentaci\u00f3n Europea de Almer\u00eda","url":"https:\/\/www.cde.ual.es\/","logo":{"@type":"ImageObject","inLanguage":"en-US","@id":"https:\/\/www.cde.ual.es\/#\/schema\/logo\/image\/","url":"https:\/\/www.cde.ual.es\/wp-content\/uploads\/2025\/07\/cde-logo-3.png","contentUrl":"https:\/\/www.cde.ual.es\/wp-content\/uploads\/2025\/07\/cde-logo-3.png","width":1400,"height":300,"caption":"Centro de Documentaci\u00f3n Europea de Almer\u00eda"},"image":{"@id":"https:\/\/www.cde.ual.es\/#\/schema\/logo\/image\/"},"sameAs":["https:\/\/www.facebook.com\/cdeuniversidadalmeria\/","https:\/\/x.com\/cdeualmeria","https:\/\/www.tiktok.com\/@cdealmeria","https:\/\/www.instagram.com\/cdealmeria\/","https:\/\/www.linkedin.com\/in\/cde-almera-812b26a9\/"]},{"@type":"Person","@id":"https:\/\/www.cde.ual.es\/#\/schema\/person\/ee46ebc19edfa19598c02cff83335acc","name":"BECA 2 CDE","image":{"@type":"ImageObject","inLanguage":"en-US","@id":"https:\/\/secure.gravatar.com\/avatar\/35a481bbc04bbd90e91bdfa3b0b5541036c222a49b9ad37b6889a2afcb5311a5?s=96&d=mm&r=g","url":"https:\/\/secure.gravatar.com\/avatar\/35a481bbc04bbd90e91bdfa3b0b5541036c222a49b9ad37b6889a2afcb5311a5?s=96&d=mm&r=g","contentUrl":"https:\/\/secure.gravatar.com\/avatar\/35a481bbc04bbd90e91bdfa3b0b5541036c222a49b9ad37b6889a2afcb5311a5?s=96&d=mm&r=g","caption":"BECA 2 CDE"},"sameAs":["http:\/\/www.cdealmeria.com"]}]}},"_links":{"self":[{"href":"https:\/\/www.cde.ual.es\/en\/wp-json\/wp\/v2\/posts\/75115","targetHints":{"allow":["GET"]}}],"collection":[{"href":"https:\/\/www.cde.ual.es\/en\/wp-json\/wp\/v2\/posts"}],"about":[{"href":"https:\/\/www.cde.ual.es\/en\/wp-json\/wp\/v2\/types\/post"}],"author":[{"embeddable":true,"href":"https:\/\/www.cde.ual.es\/en\/wp-json\/wp\/v2\/users\/101011"}],"replies":[{"embeddable":true,"href":"https:\/\/www.cde.ual.es\/en\/wp-json\/wp\/v2\/comments?post=75115"}],"version-history":[{"count":0,"href":"https:\/\/www.cde.ual.es\/en\/wp-json\/wp\/v2\/posts\/75115\/revisions"}],"wp:featuredmedia":[{"embeddable":true,"href":"https:\/\/www.cde.ual.es\/en\/wp-json\/wp\/v2\/media\/75119"}],"wp:attachment":[{"href":"https:\/\/www.cde.ual.es\/en\/wp-json\/wp\/v2\/media?parent=75115"}],"wp:term":[{"taxonomy":"category","embeddable":true,"href":"https:\/\/www.cde.ual.es\/en\/wp-json\/wp\/v2\/categories?post=75115"},{"taxonomy":"post_tag","embeddable":true,"href":"https:\/\/www.cde.ual.es\/en\/wp-json\/wp\/v2\/tags?post=75115"}],"curies":[{"name":"wp","href":"https:\/\/api.w.org\/{rel}","templated":true}]}}