{"id":7446,"date":"2018-07-25T13:31:53","date_gmt":"2018-07-25T11:31:53","guid":{"rendered":"http:\/\/www.cde.ual.es\/?p=7446"},"modified":"2018-07-25T13:32:51","modified_gmt":"2018-07-25T11:32:51","slug":"la-comision-presenta-un-estudio-sobre-la-lucha-contra-el-vih-sida-la-hepatitis-viral-y-la-tuberculosis","status":"publish","type":"post","link":"https:\/\/www.cde.ual.es\/en\/la-comision-presenta-un-estudio-sobre-la-lucha-contra-el-vih-sida-la-hepatitis-viral-y-la-tuberculosis\/","title":{"rendered":"La Comisi\u00f3n presenta un estudio sobre la lucha contra el VIH\/SIDA, la hepatitis viral y la tuberculosis"},"content":{"rendered":"<p><a href=\"http:\/\/www.cde.ual.es\/wp-content\/uploads\/2018\/07\/Aids-conference.png\"><img decoding=\"async\" class=\"size-medium wp-image-7527 aligncenter\" src=\"http:\/\/www.cde.ual.es\/wp-content\/uploads\/2018\/07\/Aids-conference-300x182.png\" alt=\"\" width=\"300\" height=\"182\" srcset=\"https:\/\/www.cde.ual.es\/wp-content\/uploads\/2018\/07\/Aids-conference-300x182.png 300w, https:\/\/www.cde.ual.es\/wp-content\/uploads\/2018\/07\/Aids-conference-768x466.png 768w, https:\/\/www.cde.ual.es\/wp-content\/uploads\/2018\/07\/Aids-conference.png 1013w\" sizes=\"(max-width: 300px) 100vw, 300px\" \/><\/a><\/p>\n<p style=\"font-weight: 400;\"><strong>La Comisi\u00f3n Europea ha publicado un documento de trabajo sobre la lucha contra el VIH\/SIDA, la hepatitis B y C y tuberculosis en la Uni\u00f3n Europea y pa\u00edses vecinos donde se establece que se necesita un esfuerzo sostenido para alcanzar las metas de erradicaci\u00f3n de estas enfermedades para 2030.<\/strong><\/p>\n<p style=\"font-weight: 400;\">Este\u00a0<a href=\"https:\/\/ec.europa.eu\/health\/sites\/health\/files\/communicable_diseases\/docs\/swd_2018_387_en.pdf\" data-saferedirecturl=\"https:\/\/www.google.com\/url?hl=es&amp;q=https:\/\/ec.europa.eu\/health\/sites\/health\/files\/communicable_diseases\/docs\/swd_2018_387_en.pdf&amp;source=gmail&amp;ust=1532499204912000&amp;usg=AFQjCNFV_wreqVca_BwV0yhrWyh1nV13rQ\">Documento de Trabajo<\/a>,\u00a0publicado el pasado viernes 20 es un resumen de iniciativas pol\u00edticas europeas y actividades de ayuda para que los Estados miembros alcancen las metas de desarrollo global para erradicar el SIDA y la tuberculosis para 2030 y luchar contra la hepatitis y otras enfermedades contagiosas. Estas enfermedades suponen un riesgo mayor a poblaciones que normalmente son tambi\u00e9n marginadas sociales, tales como prisioneros, consumidores de drogas inyectables, sin techo, migrantes y grupos sujetos a estigmas sociales. La pertenencia a estos colectivos desfavorecidos hace m\u00e1s dif\u00edcil alcanzar a estos grupos, para lo que se necesitan medidas espec\u00edficas para asegurar que la prevenci\u00f3n y los esfuerzos m\u00e9dicos son efectivos.<\/p>\n<p style=\"font-weight: 400;\">El Documento de trabajo hace balance sobre los Estados Miembros en materia de varias \u00e1reas pol\u00edticas: salud p\u00fablica, investigaci\u00f3n, pol\u00edtica en materia de drogas, cooperaci\u00f3n al desarrollo, adhesi\u00f3n y pol\u00edticas de vecindad, fondos estructurales europeos, etc. Adem\u00e1s presenta buenas pr\u00e1cticas financiadas por la UE relacionadas con el diagn\u00f3stico temprano, apoyo a la realizaci\u00f3n de pruebas de enfermedades, mayor divulgaci\u00f3n hacia grupos vulnerables, atenci\u00f3n integral, acceso precoz a tratamientos, prevenci\u00f3n de las enfermedades, promoci\u00f3n de la salud y apoyo a organizaciones de la sociedad civil.<\/p>\n<p style=\"font-weight: 400;\">Esto sirve de pre\u00e1mbulo a la\u00a0<a href=\"http:\/\/ec.europa.eu\/newsroom\/sante\/newsletter-specific-archive-issue.cfm?archtype=specific&amp;newsletter_service_id=327&amp;newsletter_issue_id=10009&amp;page=1&amp;fullDate=Thu%2019%20Jul%202018&amp;lang=default\" data-saferedirecturl=\"https:\/\/www.google.com\/url?hl=es&amp;q=http:\/\/ec.europa.eu\/newsroom\/sante\/newsletter-specific-archive-issue.cfm?archtype%3Dspecific%26newsletter_service_id%3D327%26newsletter_issue_id%3D10009%26page%3D1%26fullDate%3DThu%252019%2520Jul%25202018%26lang%3Ddefault&amp;source=gmail&amp;ust=1532499204912000&amp;usg=AFQjCNGOM5Um1lm7qCi86eeeIgStzQIXog\">22\u00aa Conferencia Internacional sobre el SIDA<\/a>\u00a0de \u00c1msterdam, donde la Comisi\u00f3n ha organizado una serie de eventos para presentar las acciones europeas y promover logros positivos del Programa de Salud europeo. Tambi\u00e9n ser\u00e1 relevante para la pr\u00f3xima Asamblea General de las Naciones Unidas sobre la erradicaci\u00f3n de la tuberculosis que se celebrar\u00e1 en septiembre en Nueva York.<\/p>\n","protected":false},"excerpt":{"rendered":"<p>La Comisi\u00f3n Europea ha publicado un documento de trabajo sobre la lucha contra el VIH\/SIDA, la hepatitis B y C y tuberculosis en la Uni\u00f3n Europea y pa\u00edses vecinos donde se establece que se necesita un esfuerzo sostenido para alcanzar las metas de erradicaci\u00f3n de estas enfermedades para 2030. Este\u00a0Documento de Trabajo,\u00a0publicado el pasado viernes [&hellip;]<\/p>\n","protected":false},"author":1,"featured_media":7527,"comment_status":"open","ping_status":"open","sticky":false,"template":"","format":"standard","meta":{"_acf_changed":false,"_relevanssi_hide_post":"","_relevanssi_hide_content":"","_relevanssi_pin_for_all":"","_relevanssi_pin_keywords":"","_relevanssi_unpin_keywords":"","_relevanssi_related_keywords":"","_relevanssi_related_include_ids":"","_relevanssi_related_exclude_ids":"","_relevanssi_related_no_append":"","_relevanssi_related_not_related":"","_relevanssi_related_posts":"","_relevanssi_noindex_reason":"","_monsterinsights_skip_tracking":false,"_monsterinsights_sitenote_active":false,"_monsterinsights_sitenote_note":"","_monsterinsights_sitenote_category":0,"_genesis_hide_title":false,"_genesis_hide_breadcrumbs":false,"_genesis_hide_singular_image":false,"_genesis_hide_footer_widgets":false,"_genesis_custom_body_class":"","_genesis_custom_post_class":"","_genesis_layout":"","footnotes":""},"categories":[96],"tags":[132,140],"class_list":{"0":"post-7446","1":"post","2":"type-post","3":"status-publish","4":"format-standard","5":"has-post-thumbnail","7":"category-noticias-ue","8":"tag-investigacion","9":"tag-salud","10":"entry"},"acf":[],"yoast_head":"<!-- This site is optimized with the Yoast SEO plugin v27.5 - https:\/\/yoast.com\/product\/yoast-seo-wordpress\/ -->\n<title>La Comisi\u00f3n presenta un estudio sobre la lucha contra el VIH\/SIDA, la hepatitis viral y la tuberculosis | CDE Almer\u00eda - Centro de Documentaci\u00f3n Europea - Universidad de Almer\u00eda<\/title>\n<meta name=\"robots\" content=\"index, follow, max-snippet:-1, max-image-preview:large, max-video-preview:-1\" \/>\n<link rel=\"canonical\" href=\"https:\/\/www.cde.ual.es\/la-comision-presenta-un-estudio-sobre-la-lucha-contra-el-vih-sida-la-hepatitis-viral-y-la-tuberculosis\/\" \/>\n<meta property=\"og:locale\" content=\"en_US\" \/>\n<meta property=\"og:type\" content=\"article\" \/>\n<meta property=\"og:title\" content=\"La Comisi\u00f3n presenta un estudio sobre la lucha contra el VIH\/SIDA, la hepatitis viral y la tuberculosis | CDE Almer\u00eda - Centro de Documentaci\u00f3n Europea - Universidad de Almer\u00eda\" \/>\n<meta property=\"og:description\" content=\"La Comisi\u00f3n Europea ha publicado un documento de trabajo sobre la lucha contra el VIH\/SIDA, la hepatitis B y C y tuberculosis en la Uni\u00f3n Europea y pa\u00edses vecinos donde se establece que se necesita un esfuerzo sostenido para alcanzar las metas de erradicaci\u00f3n de estas enfermedades para 2030. Este\u00a0Documento de Trabajo,\u00a0publicado el pasado viernes [&hellip;]\" \/>\n<meta property=\"og:url\" content=\"https:\/\/www.cde.ual.es\/la-comision-presenta-un-estudio-sobre-la-lucha-contra-el-vih-sida-la-hepatitis-viral-y-la-tuberculosis\/\" \/>\n<meta property=\"og:site_name\" content=\"CDE Almer\u00eda - Centro de Documentaci\u00f3n Europea - Universidad de Almer\u00eda\" \/>\n<meta property=\"article:publisher\" content=\"https:\/\/www.facebook.com\/cdeuniversidadalmeria\/\" \/>\n<meta property=\"article:published_time\" content=\"2018-07-25T11:31:53+00:00\" \/>\n<meta property=\"article:modified_time\" content=\"2018-07-25T11:32:51+00:00\" \/>\n<meta property=\"og:image\" content=\"https:\/\/www.cde.ual.es\/wp-content\/uploads\/2018\/07\/Aids-conference.png\" \/>\n\t<meta property=\"og:image:width\" content=\"1013\" \/>\n\t<meta property=\"og:image:height\" content=\"614\" \/>\n\t<meta property=\"og:image:type\" content=\"image\/png\" \/>\n<meta name=\"author\" content=\"AdminCDE\" \/>\n<meta name=\"twitter:card\" content=\"summary_large_image\" \/>\n<meta name=\"twitter:creator\" content=\"@cdeualmeria\" \/>\n<meta name=\"twitter:site\" content=\"@cdeualmeria\" \/>\n<meta name=\"twitter:label1\" content=\"Written by\" \/>\n\t<meta name=\"twitter:data1\" content=\"AdminCDE\" \/>\n\t<meta name=\"twitter:label2\" content=\"Est. reading time\" \/>\n\t<meta name=\"twitter:data2\" content=\"2 minutes\" \/>\n<script type=\"application\/ld+json\" class=\"yoast-schema-graph\">{\"@context\":\"https:\\\/\\\/schema.org\",\"@graph\":[{\"@type\":\"Article\",\"@id\":\"https:\\\/\\\/www.cde.ual.es\\\/la-comision-presenta-un-estudio-sobre-la-lucha-contra-el-vih-sida-la-hepatitis-viral-y-la-tuberculosis\\\/#article\",\"isPartOf\":{\"@id\":\"https:\\\/\\\/www.cde.ual.es\\\/la-comision-presenta-un-estudio-sobre-la-lucha-contra-el-vih-sida-la-hepatitis-viral-y-la-tuberculosis\\\/\"},\"author\":{\"name\":\"AdminCDE\",\"@id\":\"https:\\\/\\\/www.cde.ual.es\\\/#\\\/schema\\\/person\\\/224ef08c8bcc005f319d2713ce37ee5f\"},\"headline\":\"La Comisi\u00f3n presenta un estudio sobre la lucha contra el VIH\\\/SIDA, la hepatitis viral y la tuberculosis\",\"datePublished\":\"2018-07-25T11:31:53+00:00\",\"dateModified\":\"2018-07-25T11:32:51+00:00\",\"mainEntityOfPage\":{\"@id\":\"https:\\\/\\\/www.cde.ual.es\\\/la-comision-presenta-un-estudio-sobre-la-lucha-contra-el-vih-sida-la-hepatitis-viral-y-la-tuberculosis\\\/\"},\"wordCount\":353,\"commentCount\":0,\"publisher\":{\"@id\":\"https:\\\/\\\/www.cde.ual.es\\\/#organization\"},\"image\":{\"@id\":\"https:\\\/\\\/www.cde.ual.es\\\/la-comision-presenta-un-estudio-sobre-la-lucha-contra-el-vih-sida-la-hepatitis-viral-y-la-tuberculosis\\\/#primaryimage\"},\"thumbnailUrl\":\"https:\\\/\\\/www.cde.ual.es\\\/wp-content\\\/uploads\\\/2018\\\/07\\\/Aids-conference.png\",\"keywords\":[\"Investigaci\u00f3n\",\"Salud\"],\"articleSection\":[\"Noticias UE\"],\"inLanguage\":\"en-US\",\"potentialAction\":[{\"@type\":\"CommentAction\",\"name\":\"Comment\",\"target\":[\"https:\\\/\\\/www.cde.ual.es\\\/la-comision-presenta-un-estudio-sobre-la-lucha-contra-el-vih-sida-la-hepatitis-viral-y-la-tuberculosis\\\/#respond\"]}]},{\"@type\":\"WebPage\",\"@id\":\"https:\\\/\\\/www.cde.ual.es\\\/la-comision-presenta-un-estudio-sobre-la-lucha-contra-el-vih-sida-la-hepatitis-viral-y-la-tuberculosis\\\/\",\"url\":\"https:\\\/\\\/www.cde.ual.es\\\/la-comision-presenta-un-estudio-sobre-la-lucha-contra-el-vih-sida-la-hepatitis-viral-y-la-tuberculosis\\\/\",\"name\":\"La Comisi\u00f3n presenta un estudio sobre la lucha contra el VIH\\\/SIDA, la hepatitis viral y la tuberculosis | CDE Almer\u00eda - Centro de Documentaci\u00f3n Europea - Universidad de Almer\u00eda\",\"isPartOf\":{\"@id\":\"https:\\\/\\\/www.cde.ual.es\\\/#website\"},\"primaryImageOfPage\":{\"@id\":\"https:\\\/\\\/www.cde.ual.es\\\/la-comision-presenta-un-estudio-sobre-la-lucha-contra-el-vih-sida-la-hepatitis-viral-y-la-tuberculosis\\\/#primaryimage\"},\"image\":{\"@id\":\"https:\\\/\\\/www.cde.ual.es\\\/la-comision-presenta-un-estudio-sobre-la-lucha-contra-el-vih-sida-la-hepatitis-viral-y-la-tuberculosis\\\/#primaryimage\"},\"thumbnailUrl\":\"https:\\\/\\\/www.cde.ual.es\\\/wp-content\\\/uploads\\\/2018\\\/07\\\/Aids-conference.png\",\"datePublished\":\"2018-07-25T11:31:53+00:00\",\"dateModified\":\"2018-07-25T11:32:51+00:00\",\"breadcrumb\":{\"@id\":\"https:\\\/\\\/www.cde.ual.es\\\/la-comision-presenta-un-estudio-sobre-la-lucha-contra-el-vih-sida-la-hepatitis-viral-y-la-tuberculosis\\\/#breadcrumb\"},\"inLanguage\":\"en-US\",\"potentialAction\":[{\"@type\":\"ReadAction\",\"target\":[\"https:\\\/\\\/www.cde.ual.es\\\/la-comision-presenta-un-estudio-sobre-la-lucha-contra-el-vih-sida-la-hepatitis-viral-y-la-tuberculosis\\\/\"]}]},{\"@type\":\"ImageObject\",\"inLanguage\":\"en-US\",\"@id\":\"https:\\\/\\\/www.cde.ual.es\\\/la-comision-presenta-un-estudio-sobre-la-lucha-contra-el-vih-sida-la-hepatitis-viral-y-la-tuberculosis\\\/#primaryimage\",\"url\":\"https:\\\/\\\/www.cde.ual.es\\\/wp-content\\\/uploads\\\/2018\\\/07\\\/Aids-conference.png\",\"contentUrl\":\"https:\\\/\\\/www.cde.ual.es\\\/wp-content\\\/uploads\\\/2018\\\/07\\\/Aids-conference.png\",\"width\":1013,\"height\":614},{\"@type\":\"BreadcrumbList\",\"@id\":\"https:\\\/\\\/www.cde.ual.es\\\/la-comision-presenta-un-estudio-sobre-la-lucha-contra-el-vih-sida-la-hepatitis-viral-y-la-tuberculosis\\\/#breadcrumb\",\"itemListElement\":[{\"@type\":\"ListItem\",\"position\":1,\"name\":\"Inicio\",\"item\":\"https:\\\/\\\/www.cde.ual.es\\\/en\\\/\"},{\"@type\":\"ListItem\",\"position\":2,\"name\":\"Noticias UE\",\"item\":\"https:\\\/\\\/www.cde.ual.es\\\/category\\\/noticias-ue\\\/\"},{\"@type\":\"ListItem\",\"position\":3,\"name\":\"La Comisi\u00f3n presenta un estudio sobre la lucha contra el VIH\\\/SIDA, la hepatitis viral y la tuberculosis\"}]},{\"@type\":\"WebSite\",\"@id\":\"https:\\\/\\\/www.cde.ual.es\\\/#website\",\"url\":\"https:\\\/\\\/www.cde.ual.es\\\/\",\"name\":\"CDE Almer\u00eda - Centro de Documentaci\u00f3n Europea - Universidad de Almer\u00eda\",\"description\":\"Centro de Documentaci\u00f3n Europea de la Universidad de Almer\u00eda\",\"publisher\":{\"@id\":\"https:\\\/\\\/www.cde.ual.es\\\/#organization\"},\"alternateName\":\"CDE Almer\u00eda\",\"potentialAction\":[{\"@type\":\"SearchAction\",\"target\":{\"@type\":\"EntryPoint\",\"urlTemplate\":\"https:\\\/\\\/www.cde.ual.es\\\/?s={search_term_string}\"},\"query-input\":{\"@type\":\"PropertyValueSpecification\",\"valueRequired\":true,\"valueName\":\"search_term_string\"}}],\"inLanguage\":\"en-US\"},{\"@type\":\"Organization\",\"@id\":\"https:\\\/\\\/www.cde.ual.es\\\/#organization\",\"name\":\"Centro de Documentaci\u00f3n Europea de Almer\u00eda\",\"url\":\"https:\\\/\\\/www.cde.ual.es\\\/\",\"logo\":{\"@type\":\"ImageObject\",\"inLanguage\":\"en-US\",\"@id\":\"https:\\\/\\\/www.cde.ual.es\\\/#\\\/schema\\\/logo\\\/image\\\/\",\"url\":\"https:\\\/\\\/www.cde.ual.es\\\/wp-content\\\/uploads\\\/2025\\\/07\\\/cde-logo-3.png\",\"contentUrl\":\"https:\\\/\\\/www.cde.ual.es\\\/wp-content\\\/uploads\\\/2025\\\/07\\\/cde-logo-3.png\",\"width\":1400,\"height\":300,\"caption\":\"Centro de Documentaci\u00f3n Europea de Almer\u00eda\"},\"image\":{\"@id\":\"https:\\\/\\\/www.cde.ual.es\\\/#\\\/schema\\\/logo\\\/image\\\/\"},\"sameAs\":[\"https:\\\/\\\/www.facebook.com\\\/cdeuniversidadalmeria\\\/\",\"https:\\\/\\\/x.com\\\/cdeualmeria\",\"https:\\\/\\\/www.tiktok.com\\\/@cdealmeria\",\"https:\\\/\\\/www.instagram.com\\\/cdealmeria\\\/\",\"https:\\\/\\\/www.linkedin.com\\\/in\\\/cde-almera-812b26a9\\\/\"]},{\"@type\":\"Person\",\"@id\":\"https:\\\/\\\/www.cde.ual.es\\\/#\\\/schema\\\/person\\\/224ef08c8bcc005f319d2713ce37ee5f\",\"name\":\"AdminCDE\",\"image\":{\"@type\":\"ImageObject\",\"inLanguage\":\"en-US\",\"@id\":\"https:\\\/\\\/secure.gravatar.com\\\/avatar\\\/a72d038d371f995cd13706fac32274b7952a52e8fb0a84b5f80c85426f2a98a8?s=96&d=mm&r=g\",\"url\":\"https:\\\/\\\/secure.gravatar.com\\\/avatar\\\/a72d038d371f995cd13706fac32274b7952a52e8fb0a84b5f80c85426f2a98a8?s=96&d=mm&r=g\",\"contentUrl\":\"https:\\\/\\\/secure.gravatar.com\\\/avatar\\\/a72d038d371f995cd13706fac32274b7952a52e8fb0a84b5f80c85426f2a98a8?s=96&d=mm&r=g\",\"caption\":\"AdminCDE\"}}]}<\/script>\n<!-- \/ Yoast SEO plugin. -->","yoast_head_json":{"title":"La Comisi\u00f3n presenta un estudio sobre la lucha contra el VIH\/SIDA, la hepatitis viral y la tuberculosis | CDE Almer\u00eda - Centro de Documentaci\u00f3n Europea - Universidad de Almer\u00eda","robots":{"index":"index","follow":"follow","max-snippet":"max-snippet:-1","max-image-preview":"max-image-preview:large","max-video-preview":"max-video-preview:-1"},"canonical":"https:\/\/www.cde.ual.es\/la-comision-presenta-un-estudio-sobre-la-lucha-contra-el-vih-sida-la-hepatitis-viral-y-la-tuberculosis\/","og_locale":"en_US","og_type":"article","og_title":"La Comisi\u00f3n presenta un estudio sobre la lucha contra el VIH\/SIDA, la hepatitis viral y la tuberculosis | CDE Almer\u00eda - Centro de Documentaci\u00f3n Europea - Universidad de Almer\u00eda","og_description":"La Comisi\u00f3n Europea ha publicado un documento de trabajo sobre la lucha contra el VIH\/SIDA, la hepatitis B y C y tuberculosis en la Uni\u00f3n Europea y pa\u00edses vecinos donde se establece que se necesita un esfuerzo sostenido para alcanzar las metas de erradicaci\u00f3n de estas enfermedades para 2030. Este\u00a0Documento de Trabajo,\u00a0publicado el pasado viernes [&hellip;]","og_url":"https:\/\/www.cde.ual.es\/la-comision-presenta-un-estudio-sobre-la-lucha-contra-el-vih-sida-la-hepatitis-viral-y-la-tuberculosis\/","og_site_name":"CDE Almer\u00eda - Centro de Documentaci\u00f3n Europea - Universidad de Almer\u00eda","article_publisher":"https:\/\/www.facebook.com\/cdeuniversidadalmeria\/","article_published_time":"2018-07-25T11:31:53+00:00","article_modified_time":"2018-07-25T11:32:51+00:00","og_image":[{"width":1013,"height":614,"url":"https:\/\/www.cde.ual.es\/wp-content\/uploads\/2018\/07\/Aids-conference.png","type":"image\/png"}],"author":"AdminCDE","twitter_card":"summary_large_image","twitter_creator":"@cdeualmeria","twitter_site":"@cdeualmeria","twitter_misc":{"Written by":"AdminCDE","Est. reading time":"2 minutes"},"schema":{"@context":"https:\/\/schema.org","@graph":[{"@type":"Article","@id":"https:\/\/www.cde.ual.es\/la-comision-presenta-un-estudio-sobre-la-lucha-contra-el-vih-sida-la-hepatitis-viral-y-la-tuberculosis\/#article","isPartOf":{"@id":"https:\/\/www.cde.ual.es\/la-comision-presenta-un-estudio-sobre-la-lucha-contra-el-vih-sida-la-hepatitis-viral-y-la-tuberculosis\/"},"author":{"name":"AdminCDE","@id":"https:\/\/www.cde.ual.es\/#\/schema\/person\/224ef08c8bcc005f319d2713ce37ee5f"},"headline":"La Comisi\u00f3n presenta un estudio sobre la lucha contra el VIH\/SIDA, la hepatitis viral y la tuberculosis","datePublished":"2018-07-25T11:31:53+00:00","dateModified":"2018-07-25T11:32:51+00:00","mainEntityOfPage":{"@id":"https:\/\/www.cde.ual.es\/la-comision-presenta-un-estudio-sobre-la-lucha-contra-el-vih-sida-la-hepatitis-viral-y-la-tuberculosis\/"},"wordCount":353,"commentCount":0,"publisher":{"@id":"https:\/\/www.cde.ual.es\/#organization"},"image":{"@id":"https:\/\/www.cde.ual.es\/la-comision-presenta-un-estudio-sobre-la-lucha-contra-el-vih-sida-la-hepatitis-viral-y-la-tuberculosis\/#primaryimage"},"thumbnailUrl":"https:\/\/www.cde.ual.es\/wp-content\/uploads\/2018\/07\/Aids-conference.png","keywords":["Investigaci\u00f3n","Salud"],"articleSection":["Noticias UE"],"inLanguage":"en-US","potentialAction":[{"@type":"CommentAction","name":"Comment","target":["https:\/\/www.cde.ual.es\/la-comision-presenta-un-estudio-sobre-la-lucha-contra-el-vih-sida-la-hepatitis-viral-y-la-tuberculosis\/#respond"]}]},{"@type":"WebPage","@id":"https:\/\/www.cde.ual.es\/la-comision-presenta-un-estudio-sobre-la-lucha-contra-el-vih-sida-la-hepatitis-viral-y-la-tuberculosis\/","url":"https:\/\/www.cde.ual.es\/la-comision-presenta-un-estudio-sobre-la-lucha-contra-el-vih-sida-la-hepatitis-viral-y-la-tuberculosis\/","name":"La Comisi\u00f3n presenta un estudio sobre la lucha contra el VIH\/SIDA, la hepatitis viral y la tuberculosis | CDE Almer\u00eda - Centro de Documentaci\u00f3n Europea - Universidad de Almer\u00eda","isPartOf":{"@id":"https:\/\/www.cde.ual.es\/#website"},"primaryImageOfPage":{"@id":"https:\/\/www.cde.ual.es\/la-comision-presenta-un-estudio-sobre-la-lucha-contra-el-vih-sida-la-hepatitis-viral-y-la-tuberculosis\/#primaryimage"},"image":{"@id":"https:\/\/www.cde.ual.es\/la-comision-presenta-un-estudio-sobre-la-lucha-contra-el-vih-sida-la-hepatitis-viral-y-la-tuberculosis\/#primaryimage"},"thumbnailUrl":"https:\/\/www.cde.ual.es\/wp-content\/uploads\/2018\/07\/Aids-conference.png","datePublished":"2018-07-25T11:31:53+00:00","dateModified":"2018-07-25T11:32:51+00:00","breadcrumb":{"@id":"https:\/\/www.cde.ual.es\/la-comision-presenta-un-estudio-sobre-la-lucha-contra-el-vih-sida-la-hepatitis-viral-y-la-tuberculosis\/#breadcrumb"},"inLanguage":"en-US","potentialAction":[{"@type":"ReadAction","target":["https:\/\/www.cde.ual.es\/la-comision-presenta-un-estudio-sobre-la-lucha-contra-el-vih-sida-la-hepatitis-viral-y-la-tuberculosis\/"]}]},{"@type":"ImageObject","inLanguage":"en-US","@id":"https:\/\/www.cde.ual.es\/la-comision-presenta-un-estudio-sobre-la-lucha-contra-el-vih-sida-la-hepatitis-viral-y-la-tuberculosis\/#primaryimage","url":"https:\/\/www.cde.ual.es\/wp-content\/uploads\/2018\/07\/Aids-conference.png","contentUrl":"https:\/\/www.cde.ual.es\/wp-content\/uploads\/2018\/07\/Aids-conference.png","width":1013,"height":614},{"@type":"BreadcrumbList","@id":"https:\/\/www.cde.ual.es\/la-comision-presenta-un-estudio-sobre-la-lucha-contra-el-vih-sida-la-hepatitis-viral-y-la-tuberculosis\/#breadcrumb","itemListElement":[{"@type":"ListItem","position":1,"name":"Inicio","item":"https:\/\/www.cde.ual.es\/en\/"},{"@type":"ListItem","position":2,"name":"Noticias UE","item":"https:\/\/www.cde.ual.es\/category\/noticias-ue\/"},{"@type":"ListItem","position":3,"name":"La Comisi\u00f3n presenta un estudio sobre la lucha contra el VIH\/SIDA, la hepatitis viral y la tuberculosis"}]},{"@type":"WebSite","@id":"https:\/\/www.cde.ual.es\/#website","url":"https:\/\/www.cde.ual.es\/","name":"CDE Almer\u00eda - Centro de Documentaci\u00f3n Europea - Universidad de Almer\u00eda","description":"Centro de Documentaci\u00f3n Europea de la Universidad de Almer\u00eda","publisher":{"@id":"https:\/\/www.cde.ual.es\/#organization"},"alternateName":"CDE Almer\u00eda","potentialAction":[{"@type":"SearchAction","target":{"@type":"EntryPoint","urlTemplate":"https:\/\/www.cde.ual.es\/?s={search_term_string}"},"query-input":{"@type":"PropertyValueSpecification","valueRequired":true,"valueName":"search_term_string"}}],"inLanguage":"en-US"},{"@type":"Organization","@id":"https:\/\/www.cde.ual.es\/#organization","name":"Centro de Documentaci\u00f3n Europea de Almer\u00eda","url":"https:\/\/www.cde.ual.es\/","logo":{"@type":"ImageObject","inLanguage":"en-US","@id":"https:\/\/www.cde.ual.es\/#\/schema\/logo\/image\/","url":"https:\/\/www.cde.ual.es\/wp-content\/uploads\/2025\/07\/cde-logo-3.png","contentUrl":"https:\/\/www.cde.ual.es\/wp-content\/uploads\/2025\/07\/cde-logo-3.png","width":1400,"height":300,"caption":"Centro de Documentaci\u00f3n Europea de Almer\u00eda"},"image":{"@id":"https:\/\/www.cde.ual.es\/#\/schema\/logo\/image\/"},"sameAs":["https:\/\/www.facebook.com\/cdeuniversidadalmeria\/","https:\/\/x.com\/cdeualmeria","https:\/\/www.tiktok.com\/@cdealmeria","https:\/\/www.instagram.com\/cdealmeria\/","https:\/\/www.linkedin.com\/in\/cde-almera-812b26a9\/"]},{"@type":"Person","@id":"https:\/\/www.cde.ual.es\/#\/schema\/person\/224ef08c8bcc005f319d2713ce37ee5f","name":"AdminCDE","image":{"@type":"ImageObject","inLanguage":"en-US","@id":"https:\/\/secure.gravatar.com\/avatar\/a72d038d371f995cd13706fac32274b7952a52e8fb0a84b5f80c85426f2a98a8?s=96&d=mm&r=g","url":"https:\/\/secure.gravatar.com\/avatar\/a72d038d371f995cd13706fac32274b7952a52e8fb0a84b5f80c85426f2a98a8?s=96&d=mm&r=g","contentUrl":"https:\/\/secure.gravatar.com\/avatar\/a72d038d371f995cd13706fac32274b7952a52e8fb0a84b5f80c85426f2a98a8?s=96&d=mm&r=g","caption":"AdminCDE"}}]}},"_links":{"self":[{"href":"https:\/\/www.cde.ual.es\/en\/wp-json\/wp\/v2\/posts\/7446","targetHints":{"allow":["GET"]}}],"collection":[{"href":"https:\/\/www.cde.ual.es\/en\/wp-json\/wp\/v2\/posts"}],"about":[{"href":"https:\/\/www.cde.ual.es\/en\/wp-json\/wp\/v2\/types\/post"}],"author":[{"embeddable":true,"href":"https:\/\/www.cde.ual.es\/en\/wp-json\/wp\/v2\/users\/1"}],"replies":[{"embeddable":true,"href":"https:\/\/www.cde.ual.es\/en\/wp-json\/wp\/v2\/comments?post=7446"}],"version-history":[{"count":0,"href":"https:\/\/www.cde.ual.es\/en\/wp-json\/wp\/v2\/posts\/7446\/revisions"}],"wp:featuredmedia":[{"embeddable":true,"href":"https:\/\/www.cde.ual.es\/en\/wp-json\/wp\/v2\/media\/7527"}],"wp:attachment":[{"href":"https:\/\/www.cde.ual.es\/en\/wp-json\/wp\/v2\/media?parent=7446"}],"wp:term":[{"taxonomy":"category","embeddable":true,"href":"https:\/\/www.cde.ual.es\/en\/wp-json\/wp\/v2\/categories?post=7446"},{"taxonomy":"post_tag","embeddable":true,"href":"https:\/\/www.cde.ual.es\/en\/wp-json\/wp\/v2\/tags?post=7446"}],"curies":[{"name":"wp","href":"https:\/\/api.w.org\/{rel}","templated":true}]}}