{"id":7426,"date":"2018-07-23T14:20:46","date_gmt":"2018-07-23T12:20:46","guid":{"rendered":"http:\/\/www.cde.ual.es\/?p=7426"},"modified":"2018-07-25T12:22:35","modified_gmt":"2018-07-25T10:22:35","slug":"concurso-de-historia-para-jovenes-eustory-2018","status":"publish","type":"post","link":"https:\/\/www.cde.ual.es\/en\/concurso-de-historia-para-jovenes-eustory-2018\/","title":{"rendered":"Concurso de Historia para J\u00f3venes &#8216;Eustory&#8217; 2018"},"content":{"rendered":"<div>\n<p style=\"text-align: center;\"><a href=\"http:\/\/www.cde.ual.es\/wp-content\/uploads\/2018\/07\/concurso_patrimonio_0.jpg\"><img decoding=\"async\" class=\"size-medium wp-image-7427 aligncenter\" src=\"http:\/\/www.cde.ual.es\/wp-content\/uploads\/2018\/07\/concurso_patrimonio_0-289x300.jpg\" alt=\"\" width=\"289\" height=\"300\" srcset=\"https:\/\/www.cde.ual.es\/wp-content\/uploads\/2018\/07\/concurso_patrimonio_0-289x300.jpg 289w, https:\/\/www.cde.ual.es\/wp-content\/uploads\/2018\/07\/concurso_patrimonio_0.jpg 400w\" sizes=\"(max-width: 289px) 100vw, 289px\" \/><\/a><\/p>\n<p>La red europea Eustory promociona este concurso en Am\u00e9rica, Espa\u00f1a y Portugal a trav\u00e9s de la Real Maestranza de Caballer\u00eda de Ronda que lo organiza en colaboraci\u00f3n con la Asociaci\u00f3n Andaluza de Profesores e Investigadores de Geograf\u00eda e Historia, de Ciencias Sociales y Humanidades, Hesp\u00e9rides y la Associa\u00e7\u00e3o de Professores de Hist\u00f3ria de Portugal.<\/p>\n<p>La idea es que los j\u00f3venes a trav\u00e9s del tema\u00a0<strong>&#8220;Patrimonio Hist\u00f3rico&#8221;<\/strong>\u00a0descubran por s\u00ed mismos, utilizando fuentes a las que tienen acceso directo, la historia del lugar donde viven, de su familia o de sus amigos y que sean capaces de producir a partir de ella un relato hist\u00f3rico.<\/p>\n<p>Todos los interesados deber\u00e1n presentar:<\/p>\n<ul>\n<li>Un\u00a0<strong>trabajo<\/strong>\u00a0individual o en grupo, que podr\u00e1 estar tutorizado por una persona mayor de 18 a\u00f1os y que puede presentarse en cualquier formato: texto, presentaciones con diapositivas, fotograf\u00edas, mapas, documentos audiovisuales, etc. Deber\u00e1 respetar el uso de citas de las fuentes utilizadas. No podr\u00e1 superar las 15.000 palabras, y en caso de ser un audiovisual, no deber\u00e1 superar los 50 minutos.<\/li>\n<li>Un\u00a0<strong>informe de procedimiento<\/strong>\u00a0en el que se explique la organizaci\u00f3n del trabajo, las fuentes de informaci\u00f3n utilizadas y las conclusiones. No debe superar las 2.000 palabras.<\/li>\n<li>Un\u00a0<strong>informe del tutor<\/strong>\u00a0sobre las condiciones previas del alumno o del grupo o el marco particular en el que se inscribe el proyecto y su impresi\u00f3n general del trabajo presentado. Este informe tambi\u00e9n ha de describir el trabajo realizado como tutor. No debe superar las 500 palabras.<\/li>\n<\/ul>\n<p>Para participar hay que rellenar el\u00a0<a class=\"ext\" title=\"Abre en ventana nueva\" href=\"http:\/\/eustory.es\/como-participar\/\" target=\"_blank\" rel=\"noopener noreferrer\">formulario<\/a>\u00a0disponible en la p\u00e1gina web del concurso y enviar los trabajos a trav\u00e9s del\u00a0<a class=\"mailto\" href=\"mailto:concurso@eustory.es\">correo electr\u00f3nico<\/a>.<\/p>\n<p>Convoca<\/p>\n<\/div>\n<div>Real Maestranza de Caballer\u00eda de Ronda en colaboraci\u00f3n con la Asociaci\u00f3n Andaluza de Profesores e Investigadores de Geograf\u00eda e Historia, de Ciencias Sociales y Humanidades, Hesp\u00e9rides y la Associa\u00e7\u00e3o de Professores de Hist\u00f3ria de Portugal.<\/div>\n<div>\n<h3>Requisitos<\/h3>\n<p>La participaci\u00f3n est\u00e1 abierta a los alumnos de 4\u00ba de ESO, 1\u00ba y 2\u00ba de Bachillerato, FP reglada y ESPA menores de 21 a\u00f1os. Tambi\u00e9n podr\u00e1n participar los estudiantes americanos de entre 14 a 21 a\u00f1os (excepto universitarios) de cualquier Estado, de forma individual o coordinada con un centro escolar espa\u00f1ol o portugu\u00e9s (creando equipos mixtos de trabajo).<\/p>\n<\/div>\n<div>\n<h3>Direcci\u00f3n<\/h3>\n<p>Correo electr\u00f3nico:\u00a0<a class=\"mailto\" href=\"mailto:concurso@eustory.es\">concurso@eustory.es<\/a><\/p>\n<\/div>\n<div>\n<h3>Dotaci\u00f3n<\/h3>\n<p>1 Primer premio de 2.500\u20ac alumnos \/ 1.250\u20ac tutores.<br \/>\n4 Segundos premios de 1.000\u20ac alumnos \/ 500\u20ac tutores.<br \/>\n5 Terceros premios de 500\u20ac alumnos \/ 250\u20ac tutores.<br \/>\n10 Acc\u00e9sit de 200\u20ac alumnos \/ 100\u20ac tutores.<\/p>\n<\/div>\n<div>\n<h3>M\u00e1s Informaci\u00f3n<\/h3>\n<p><a class=\"ext\" title=\"Abre en ventana nueva\" href=\"http:\/\/www.eustory.es\/\" target=\"_blank\" rel=\"noopener noreferrer\">www.eustory.es<\/a><\/p>\n<\/div>\n","protected":false},"excerpt":{"rendered":"<p>La red europea Eustory promociona este concurso en Am\u00e9rica, Espa\u00f1a y Portugal a trav\u00e9s de la Real Maestranza de Caballer\u00eda de Ronda que lo organiza en colaboraci\u00f3n con la Asociaci\u00f3n Andaluza de Profesores e Investigadores de Geograf\u00eda e Historia, de Ciencias Sociales y Humanidades, Hesp\u00e9rides y la Associa\u00e7\u00e3o de Professores de Hist\u00f3ria de Portugal. La [&hellip;]<\/p>\n","protected":false},"author":1,"featured_media":7428,"comment_status":"open","ping_status":"open","sticky":false,"template":"","format":"standard","meta":{"_acf_changed":false,"_relevanssi_hide_post":"","_relevanssi_hide_content":"","_relevanssi_pin_for_all":"","_relevanssi_pin_keywords":"","_relevanssi_unpin_keywords":"","_relevanssi_related_keywords":"","_relevanssi_related_include_ids":"","_relevanssi_related_exclude_ids":"","_relevanssi_related_no_append":"","_relevanssi_related_not_related":"","_relevanssi_related_posts":"","_relevanssi_noindex_reason":"","_monsterinsights_skip_tracking":false,"_monsterinsights_sitenote_active":false,"_monsterinsights_sitenote_note":"","_monsterinsights_sitenote_category":0,"_genesis_hide_title":false,"_genesis_hide_breadcrumbs":false,"_genesis_hide_singular_image":false,"_genesis_hide_footer_widgets":false,"_genesis_custom_body_class":"","_genesis_custom_post_class":"","_genesis_layout":"","footnotes":""},"categories":[136],"tags":[182],"class_list":{"0":"post-7426","1":"post","2":"type-post","3":"status-publish","4":"format-standard","5":"has-post-thumbnail","7":"category-convocatorias-y-premios-ue","8":"tag-patrimonio-cultural","9":"entry"},"acf":[],"yoast_head":"<!-- This site is optimized with the Yoast SEO plugin v27.5 - https:\/\/yoast.com\/product\/yoast-seo-wordpress\/ -->\n<title>Concurso de Historia para J\u00f3venes &#039;Eustory&#039; 2018 | CDE Almer\u00eda - Centro de Documentaci\u00f3n Europea - Universidad de Almer\u00eda<\/title>\n<meta name=\"robots\" content=\"index, follow, max-snippet:-1, max-image-preview:large, max-video-preview:-1\" \/>\n<link rel=\"canonical\" href=\"https:\/\/www.cde.ual.es\/en\/concurso-de-historia-para-jovenes-eustory-2018\/\" \/>\n<meta property=\"og:locale\" content=\"en_US\" \/>\n<meta property=\"og:type\" content=\"article\" \/>\n<meta property=\"og:title\" content=\"Concurso de Historia para J\u00f3venes &#039;Eustory&#039; 2018 | CDE Almer\u00eda - Centro de Documentaci\u00f3n Europea - Universidad de Almer\u00eda\" \/>\n<meta property=\"og:description\" content=\"La red europea Eustory promociona este concurso en Am\u00e9rica, Espa\u00f1a y Portugal a trav\u00e9s de la Real Maestranza de Caballer\u00eda de Ronda que lo organiza en colaboraci\u00f3n con la Asociaci\u00f3n Andaluza de Profesores e Investigadores de Geograf\u00eda e Historia, de Ciencias Sociales y Humanidades, Hesp\u00e9rides y la Associa\u00e7\u00e3o de Professores de Hist\u00f3ria de Portugal. La [&hellip;]\" \/>\n<meta property=\"og:url\" content=\"https:\/\/www.cde.ual.es\/en\/concurso-de-historia-para-jovenes-eustory-2018\/\" \/>\n<meta property=\"og:site_name\" content=\"CDE Almer\u00eda - Centro de Documentaci\u00f3n Europea - Universidad de Almer\u00eda\" \/>\n<meta property=\"article:publisher\" content=\"https:\/\/www.facebook.com\/cdeuniversidadalmeria\/\" \/>\n<meta property=\"article:published_time\" content=\"2018-07-23T12:20:46+00:00\" \/>\n<meta property=\"article:modified_time\" content=\"2018-07-25T10:22:35+00:00\" \/>\n<meta property=\"og:image\" content=\"https:\/\/www.cde.ual.es\/wp-content\/uploads\/2018\/07\/Concurso-Patrimonio-Hist\u00f3rico.png\" \/>\n\t<meta property=\"og:image:width\" content=\"400\" \/>\n\t<meta property=\"og:image:height\" content=\"324\" \/>\n\t<meta property=\"og:image:type\" content=\"image\/png\" \/>\n<meta name=\"author\" content=\"AdminCDE\" \/>\n<meta name=\"twitter:card\" content=\"summary_large_image\" \/>\n<meta name=\"twitter:creator\" content=\"@cdeualmeria\" \/>\n<meta name=\"twitter:site\" content=\"@cdeualmeria\" \/>\n<meta name=\"twitter:label1\" content=\"Written by\" \/>\n\t<meta name=\"twitter:data1\" content=\"AdminCDE\" \/>\n\t<meta name=\"twitter:label2\" content=\"Est. reading time\" \/>\n\t<meta name=\"twitter:data2\" content=\"2 minutes\" \/>\n<script type=\"application\/ld+json\" class=\"yoast-schema-graph\">{\"@context\":\"https:\\\/\\\/schema.org\",\"@graph\":[{\"@type\":\"Article\",\"@id\":\"https:\\\/\\\/www.cde.ual.es\\\/en\\\/concurso-de-historia-para-jovenes-eustory-2018\\\/#article\",\"isPartOf\":{\"@id\":\"https:\\\/\\\/www.cde.ual.es\\\/en\\\/concurso-de-historia-para-jovenes-eustory-2018\\\/\"},\"author\":{\"name\":\"AdminCDE\",\"@id\":\"https:\\\/\\\/www.cde.ual.es\\\/#\\\/schema\\\/person\\\/224ef08c8bcc005f319d2713ce37ee5f\"},\"headline\":\"Concurso de Historia para J\u00f3venes &#8216;Eustory&#8217; 2018\",\"datePublished\":\"2018-07-23T12:20:46+00:00\",\"dateModified\":\"2018-07-25T10:22:35+00:00\",\"mainEntityOfPage\":{\"@id\":\"https:\\\/\\\/www.cde.ual.es\\\/en\\\/concurso-de-historia-para-jovenes-eustory-2018\\\/\"},\"wordCount\":435,\"commentCount\":0,\"publisher\":{\"@id\":\"https:\\\/\\\/www.cde.ual.es\\\/#organization\"},\"image\":{\"@id\":\"https:\\\/\\\/www.cde.ual.es\\\/en\\\/concurso-de-historia-para-jovenes-eustory-2018\\\/#primaryimage\"},\"thumbnailUrl\":\"https:\\\/\\\/www.cde.ual.es\\\/wp-content\\\/uploads\\\/2018\\\/07\\\/Concurso-Patrimonio-Hist\u00f3rico.png\",\"keywords\":[\"Patrimonio Cultural\"],\"articleSection\":[\"Convocatorias y Premios UE\"],\"inLanguage\":\"en-US\",\"potentialAction\":[{\"@type\":\"CommentAction\",\"name\":\"Comment\",\"target\":[\"https:\\\/\\\/www.cde.ual.es\\\/en\\\/concurso-de-historia-para-jovenes-eustory-2018\\\/#respond\"]}]},{\"@type\":\"WebPage\",\"@id\":\"https:\\\/\\\/www.cde.ual.es\\\/en\\\/concurso-de-historia-para-jovenes-eustory-2018\\\/\",\"url\":\"https:\\\/\\\/www.cde.ual.es\\\/en\\\/concurso-de-historia-para-jovenes-eustory-2018\\\/\",\"name\":\"Concurso de Historia para J\u00f3venes 'Eustory' 2018 | CDE Almer\u00eda - Centro de Documentaci\u00f3n Europea - Universidad de Almer\u00eda\",\"isPartOf\":{\"@id\":\"https:\\\/\\\/www.cde.ual.es\\\/#website\"},\"primaryImageOfPage\":{\"@id\":\"https:\\\/\\\/www.cde.ual.es\\\/en\\\/concurso-de-historia-para-jovenes-eustory-2018\\\/#primaryimage\"},\"image\":{\"@id\":\"https:\\\/\\\/www.cde.ual.es\\\/en\\\/concurso-de-historia-para-jovenes-eustory-2018\\\/#primaryimage\"},\"thumbnailUrl\":\"https:\\\/\\\/www.cde.ual.es\\\/wp-content\\\/uploads\\\/2018\\\/07\\\/Concurso-Patrimonio-Hist\u00f3rico.png\",\"datePublished\":\"2018-07-23T12:20:46+00:00\",\"dateModified\":\"2018-07-25T10:22:35+00:00\",\"breadcrumb\":{\"@id\":\"https:\\\/\\\/www.cde.ual.es\\\/en\\\/concurso-de-historia-para-jovenes-eustory-2018\\\/#breadcrumb\"},\"inLanguage\":\"en-US\",\"potentialAction\":[{\"@type\":\"ReadAction\",\"target\":[\"https:\\\/\\\/www.cde.ual.es\\\/en\\\/concurso-de-historia-para-jovenes-eustory-2018\\\/\"]}]},{\"@type\":\"ImageObject\",\"inLanguage\":\"en-US\",\"@id\":\"https:\\\/\\\/www.cde.ual.es\\\/en\\\/concurso-de-historia-para-jovenes-eustory-2018\\\/#primaryimage\",\"url\":\"https:\\\/\\\/www.cde.ual.es\\\/wp-content\\\/uploads\\\/2018\\\/07\\\/Concurso-Patrimonio-Hist\u00f3rico.png\",\"contentUrl\":\"https:\\\/\\\/www.cde.ual.es\\\/wp-content\\\/uploads\\\/2018\\\/07\\\/Concurso-Patrimonio-Hist\u00f3rico.png\",\"width\":400,\"height\":324},{\"@type\":\"BreadcrumbList\",\"@id\":\"https:\\\/\\\/www.cde.ual.es\\\/en\\\/concurso-de-historia-para-jovenes-eustory-2018\\\/#breadcrumb\",\"itemListElement\":[{\"@type\":\"ListItem\",\"position\":1,\"name\":\"Inicio\",\"item\":\"https:\\\/\\\/www.cde.ual.es\\\/en\\\/\"},{\"@type\":\"ListItem\",\"position\":2,\"name\":\"Convocatorias y Premios UE\",\"item\":\"https:\\\/\\\/www.cde.ual.es\\\/category\\\/convocatorias-y-premios-ue\\\/\"},{\"@type\":\"ListItem\",\"position\":3,\"name\":\"Concurso de Historia para J\u00f3venes &#8216;Eustory&#8217; 2018\"}]},{\"@type\":\"WebSite\",\"@id\":\"https:\\\/\\\/www.cde.ual.es\\\/#website\",\"url\":\"https:\\\/\\\/www.cde.ual.es\\\/\",\"name\":\"CDE Almer\u00eda - Centro de Documentaci\u00f3n Europea - Universidad de Almer\u00eda\",\"description\":\"Centro de Documentaci\u00f3n Europea de la Universidad de Almer\u00eda\",\"publisher\":{\"@id\":\"https:\\\/\\\/www.cde.ual.es\\\/#organization\"},\"alternateName\":\"CDE Almer\u00eda\",\"potentialAction\":[{\"@type\":\"SearchAction\",\"target\":{\"@type\":\"EntryPoint\",\"urlTemplate\":\"https:\\\/\\\/www.cde.ual.es\\\/?s={search_term_string}\"},\"query-input\":{\"@type\":\"PropertyValueSpecification\",\"valueRequired\":true,\"valueName\":\"search_term_string\"}}],\"inLanguage\":\"en-US\"},{\"@type\":\"Organization\",\"@id\":\"https:\\\/\\\/www.cde.ual.es\\\/#organization\",\"name\":\"Centro de Documentaci\u00f3n Europea de Almer\u00eda\",\"url\":\"https:\\\/\\\/www.cde.ual.es\\\/\",\"logo\":{\"@type\":\"ImageObject\",\"inLanguage\":\"en-US\",\"@id\":\"https:\\\/\\\/www.cde.ual.es\\\/#\\\/schema\\\/logo\\\/image\\\/\",\"url\":\"https:\\\/\\\/www.cde.ual.es\\\/wp-content\\\/uploads\\\/2025\\\/07\\\/cde-logo-3.png\",\"contentUrl\":\"https:\\\/\\\/www.cde.ual.es\\\/wp-content\\\/uploads\\\/2025\\\/07\\\/cde-logo-3.png\",\"width\":1400,\"height\":300,\"caption\":\"Centro de Documentaci\u00f3n Europea de Almer\u00eda\"},\"image\":{\"@id\":\"https:\\\/\\\/www.cde.ual.es\\\/#\\\/schema\\\/logo\\\/image\\\/\"},\"sameAs\":[\"https:\\\/\\\/www.facebook.com\\\/cdeuniversidadalmeria\\\/\",\"https:\\\/\\\/x.com\\\/cdeualmeria\",\"https:\\\/\\\/www.tiktok.com\\\/@cdealmeria\",\"https:\\\/\\\/www.instagram.com\\\/cdealmeria\\\/\",\"https:\\\/\\\/www.linkedin.com\\\/in\\\/cde-almera-812b26a9\\\/\"]},{\"@type\":\"Person\",\"@id\":\"https:\\\/\\\/www.cde.ual.es\\\/#\\\/schema\\\/person\\\/224ef08c8bcc005f319d2713ce37ee5f\",\"name\":\"AdminCDE\",\"image\":{\"@type\":\"ImageObject\",\"inLanguage\":\"en-US\",\"@id\":\"https:\\\/\\\/secure.gravatar.com\\\/avatar\\\/a72d038d371f995cd13706fac32274b7952a52e8fb0a84b5f80c85426f2a98a8?s=96&d=mm&r=g\",\"url\":\"https:\\\/\\\/secure.gravatar.com\\\/avatar\\\/a72d038d371f995cd13706fac32274b7952a52e8fb0a84b5f80c85426f2a98a8?s=96&d=mm&r=g\",\"contentUrl\":\"https:\\\/\\\/secure.gravatar.com\\\/avatar\\\/a72d038d371f995cd13706fac32274b7952a52e8fb0a84b5f80c85426f2a98a8?s=96&d=mm&r=g\",\"caption\":\"AdminCDE\"}}]}<\/script>\n<!-- \/ Yoast SEO plugin. -->","yoast_head_json":{"title":"Concurso de Historia para J\u00f3venes 'Eustory' 2018 | CDE Almer\u00eda - Centro de Documentaci\u00f3n Europea - Universidad de Almer\u00eda","robots":{"index":"index","follow":"follow","max-snippet":"max-snippet:-1","max-image-preview":"max-image-preview:large","max-video-preview":"max-video-preview:-1"},"canonical":"https:\/\/www.cde.ual.es\/en\/concurso-de-historia-para-jovenes-eustory-2018\/","og_locale":"en_US","og_type":"article","og_title":"Concurso de Historia para J\u00f3venes 'Eustory' 2018 | CDE Almer\u00eda - Centro de Documentaci\u00f3n Europea - Universidad de Almer\u00eda","og_description":"La red europea Eustory promociona este concurso en Am\u00e9rica, Espa\u00f1a y Portugal a trav\u00e9s de la Real Maestranza de Caballer\u00eda de Ronda que lo organiza en colaboraci\u00f3n con la Asociaci\u00f3n Andaluza de Profesores e Investigadores de Geograf\u00eda e Historia, de Ciencias Sociales y Humanidades, Hesp\u00e9rides y la Associa\u00e7\u00e3o de Professores de Hist\u00f3ria de Portugal. La [&hellip;]","og_url":"https:\/\/www.cde.ual.es\/en\/concurso-de-historia-para-jovenes-eustory-2018\/","og_site_name":"CDE Almer\u00eda - Centro de Documentaci\u00f3n Europea - Universidad de Almer\u00eda","article_publisher":"https:\/\/www.facebook.com\/cdeuniversidadalmeria\/","article_published_time":"2018-07-23T12:20:46+00:00","article_modified_time":"2018-07-25T10:22:35+00:00","og_image":[{"width":400,"height":324,"url":"https:\/\/www.cde.ual.es\/wp-content\/uploads\/2018\/07\/Concurso-Patrimonio-Hist\u00f3rico.png","type":"image\/png"}],"author":"AdminCDE","twitter_card":"summary_large_image","twitter_creator":"@cdeualmeria","twitter_site":"@cdeualmeria","twitter_misc":{"Written by":"AdminCDE","Est. reading time":"2 minutes"},"schema":{"@context":"https:\/\/schema.org","@graph":[{"@type":"Article","@id":"https:\/\/www.cde.ual.es\/en\/concurso-de-historia-para-jovenes-eustory-2018\/#article","isPartOf":{"@id":"https:\/\/www.cde.ual.es\/en\/concurso-de-historia-para-jovenes-eustory-2018\/"},"author":{"name":"AdminCDE","@id":"https:\/\/www.cde.ual.es\/#\/schema\/person\/224ef08c8bcc005f319d2713ce37ee5f"},"headline":"Concurso de Historia para J\u00f3venes &#8216;Eustory&#8217; 2018","datePublished":"2018-07-23T12:20:46+00:00","dateModified":"2018-07-25T10:22:35+00:00","mainEntityOfPage":{"@id":"https:\/\/www.cde.ual.es\/en\/concurso-de-historia-para-jovenes-eustory-2018\/"},"wordCount":435,"commentCount":0,"publisher":{"@id":"https:\/\/www.cde.ual.es\/#organization"},"image":{"@id":"https:\/\/www.cde.ual.es\/en\/concurso-de-historia-para-jovenes-eustory-2018\/#primaryimage"},"thumbnailUrl":"https:\/\/www.cde.ual.es\/wp-content\/uploads\/2018\/07\/Concurso-Patrimonio-Hist\u00f3rico.png","keywords":["Patrimonio Cultural"],"articleSection":["Convocatorias y Premios UE"],"inLanguage":"en-US","potentialAction":[{"@type":"CommentAction","name":"Comment","target":["https:\/\/www.cde.ual.es\/en\/concurso-de-historia-para-jovenes-eustory-2018\/#respond"]}]},{"@type":"WebPage","@id":"https:\/\/www.cde.ual.es\/en\/concurso-de-historia-para-jovenes-eustory-2018\/","url":"https:\/\/www.cde.ual.es\/en\/concurso-de-historia-para-jovenes-eustory-2018\/","name":"Concurso de Historia para J\u00f3venes 'Eustory' 2018 | CDE Almer\u00eda - Centro de Documentaci\u00f3n Europea - Universidad de Almer\u00eda","isPartOf":{"@id":"https:\/\/www.cde.ual.es\/#website"},"primaryImageOfPage":{"@id":"https:\/\/www.cde.ual.es\/en\/concurso-de-historia-para-jovenes-eustory-2018\/#primaryimage"},"image":{"@id":"https:\/\/www.cde.ual.es\/en\/concurso-de-historia-para-jovenes-eustory-2018\/#primaryimage"},"thumbnailUrl":"https:\/\/www.cde.ual.es\/wp-content\/uploads\/2018\/07\/Concurso-Patrimonio-Hist\u00f3rico.png","datePublished":"2018-07-23T12:20:46+00:00","dateModified":"2018-07-25T10:22:35+00:00","breadcrumb":{"@id":"https:\/\/www.cde.ual.es\/en\/concurso-de-historia-para-jovenes-eustory-2018\/#breadcrumb"},"inLanguage":"en-US","potentialAction":[{"@type":"ReadAction","target":["https:\/\/www.cde.ual.es\/en\/concurso-de-historia-para-jovenes-eustory-2018\/"]}]},{"@type":"ImageObject","inLanguage":"en-US","@id":"https:\/\/www.cde.ual.es\/en\/concurso-de-historia-para-jovenes-eustory-2018\/#primaryimage","url":"https:\/\/www.cde.ual.es\/wp-content\/uploads\/2018\/07\/Concurso-Patrimonio-Hist\u00f3rico.png","contentUrl":"https:\/\/www.cde.ual.es\/wp-content\/uploads\/2018\/07\/Concurso-Patrimonio-Hist\u00f3rico.png","width":400,"height":324},{"@type":"BreadcrumbList","@id":"https:\/\/www.cde.ual.es\/en\/concurso-de-historia-para-jovenes-eustory-2018\/#breadcrumb","itemListElement":[{"@type":"ListItem","position":1,"name":"Inicio","item":"https:\/\/www.cde.ual.es\/en\/"},{"@type":"ListItem","position":2,"name":"Convocatorias y Premios UE","item":"https:\/\/www.cde.ual.es\/category\/convocatorias-y-premios-ue\/"},{"@type":"ListItem","position":3,"name":"Concurso de Historia para J\u00f3venes &#8216;Eustory&#8217; 2018"}]},{"@type":"WebSite","@id":"https:\/\/www.cde.ual.es\/#website","url":"https:\/\/www.cde.ual.es\/","name":"CDE Almer\u00eda - Centro de Documentaci\u00f3n Europea - Universidad de Almer\u00eda","description":"Centro de Documentaci\u00f3n Europea de la Universidad de Almer\u00eda","publisher":{"@id":"https:\/\/www.cde.ual.es\/#organization"},"alternateName":"CDE Almer\u00eda","potentialAction":[{"@type":"SearchAction","target":{"@type":"EntryPoint","urlTemplate":"https:\/\/www.cde.ual.es\/?s={search_term_string}"},"query-input":{"@type":"PropertyValueSpecification","valueRequired":true,"valueName":"search_term_string"}}],"inLanguage":"en-US"},{"@type":"Organization","@id":"https:\/\/www.cde.ual.es\/#organization","name":"Centro de Documentaci\u00f3n Europea de Almer\u00eda","url":"https:\/\/www.cde.ual.es\/","logo":{"@type":"ImageObject","inLanguage":"en-US","@id":"https:\/\/www.cde.ual.es\/#\/schema\/logo\/image\/","url":"https:\/\/www.cde.ual.es\/wp-content\/uploads\/2025\/07\/cde-logo-3.png","contentUrl":"https:\/\/www.cde.ual.es\/wp-content\/uploads\/2025\/07\/cde-logo-3.png","width":1400,"height":300,"caption":"Centro de Documentaci\u00f3n Europea de Almer\u00eda"},"image":{"@id":"https:\/\/www.cde.ual.es\/#\/schema\/logo\/image\/"},"sameAs":["https:\/\/www.facebook.com\/cdeuniversidadalmeria\/","https:\/\/x.com\/cdeualmeria","https:\/\/www.tiktok.com\/@cdealmeria","https:\/\/www.instagram.com\/cdealmeria\/","https:\/\/www.linkedin.com\/in\/cde-almera-812b26a9\/"]},{"@type":"Person","@id":"https:\/\/www.cde.ual.es\/#\/schema\/person\/224ef08c8bcc005f319d2713ce37ee5f","name":"AdminCDE","image":{"@type":"ImageObject","inLanguage":"en-US","@id":"https:\/\/secure.gravatar.com\/avatar\/a72d038d371f995cd13706fac32274b7952a52e8fb0a84b5f80c85426f2a98a8?s=96&d=mm&r=g","url":"https:\/\/secure.gravatar.com\/avatar\/a72d038d371f995cd13706fac32274b7952a52e8fb0a84b5f80c85426f2a98a8?s=96&d=mm&r=g","contentUrl":"https:\/\/secure.gravatar.com\/avatar\/a72d038d371f995cd13706fac32274b7952a52e8fb0a84b5f80c85426f2a98a8?s=96&d=mm&r=g","caption":"AdminCDE"}}]}},"_links":{"self":[{"href":"https:\/\/www.cde.ual.es\/en\/wp-json\/wp\/v2\/posts\/7426","targetHints":{"allow":["GET"]}}],"collection":[{"href":"https:\/\/www.cde.ual.es\/en\/wp-json\/wp\/v2\/posts"}],"about":[{"href":"https:\/\/www.cde.ual.es\/en\/wp-json\/wp\/v2\/types\/post"}],"author":[{"embeddable":true,"href":"https:\/\/www.cde.ual.es\/en\/wp-json\/wp\/v2\/users\/1"}],"replies":[{"embeddable":true,"href":"https:\/\/www.cde.ual.es\/en\/wp-json\/wp\/v2\/comments?post=7426"}],"version-history":[{"count":0,"href":"https:\/\/www.cde.ual.es\/en\/wp-json\/wp\/v2\/posts\/7426\/revisions"}],"wp:featuredmedia":[{"embeddable":true,"href":"https:\/\/www.cde.ual.es\/en\/wp-json\/wp\/v2\/media\/7428"}],"wp:attachment":[{"href":"https:\/\/www.cde.ual.es\/en\/wp-json\/wp\/v2\/media?parent=7426"}],"wp:term":[{"taxonomy":"category","embeddable":true,"href":"https:\/\/www.cde.ual.es\/en\/wp-json\/wp\/v2\/categories?post=7426"},{"taxonomy":"post_tag","embeddable":true,"href":"https:\/\/www.cde.ual.es\/en\/wp-json\/wp\/v2\/tags?post=7426"}],"curies":[{"name":"wp","href":"https:\/\/api.w.org\/{rel}","templated":true}]}}