{"id":7361,"date":"2018-07-20T10:30:06","date_gmt":"2018-07-20T08:30:06","guid":{"rendered":"http:\/\/www.cde.ual.es\/?p=7361"},"modified":"2018-07-20T10:32:34","modified_gmt":"2018-07-20T08:32:34","slug":"premio-juridico-40-anos-de-constitucion","status":"publish","type":"post","link":"https:\/\/www.cde.ual.es\/en\/premio-juridico-40-anos-de-constitucion\/","title":{"rendered":"Premio jur\u00eddico &#8220;40 a\u00f1os de Constituci\u00f3n&#8221;"},"content":{"rendered":"<h2 class=\"title-underline\" style=\"text-align: center;\">Premio jur\u00eddico &#8220;40 a\u00f1os de Constituci\u00f3n&#8221;<\/h2>\n<p><a href=\"http:\/\/www.cde.ual.es\/wp-content\/uploads\/2018\/07\/eljusticiadearagon.jpg\"><img decoding=\"async\" class=\" wp-image-7362 aligncenter\" src=\"http:\/\/www.cde.ual.es\/wp-content\/uploads\/2018\/07\/eljusticiadearagon.jpg\" alt=\"\" width=\"219\" height=\"219\" \/><\/a><\/p>\n<div>\n<h5>Periodo de inscripci\u00f3n<\/h5>\n<p><span class=\"date-display-range\">Del 02 de julio de 2018 al 02 de noviembre de 2018<\/span><\/p>\n<\/div>\n<div>\n<h5>Informaci\u00f3n<\/h5>\n<p>El Justicia de Arag\u00f3n\u00a0y la Facultad de Derecho de la Universidad de Zaragoza, con motivo del 40 aniversario de la promulgaci\u00f3n de la Constituci\u00f3n espa\u00f1ola, han acordado crear el presente premio. Est\u00e1 destinado a trabajos jur\u00eddicos a realizar por estudiantes del grado de Derecho y DADE matriculados en cualquier Facultad de cualquier Universidad espa\u00f1ola, durante los cursos acad\u00e9micos 2017-2018 o 2018-2019.<\/p>\n<p>Este premio tiene por objeto la realizaci\u00f3n de trabajos originales e in\u00e9ditos sobre el tema de las \u00a0\u201cXVI Jornadas Constitucionales de la Facultad de Derecho y El Justicia de Arag\u00f3n\u201d. Las consecuencias del nuevo Reglamento de la UE en materia de protecci\u00f3n de datos: su trasposici\u00f3n desde una perspectiva constitucional en las legislaciones estatal y aragonesa.<\/p>\n<p>A los premios se puede concurrir mediante la presentaci\u00f3n de un trabajo doctrinal, de car\u00e1cter original e in\u00e9dito y de autor\u00eda individual o colectiva.<\/p>\n<p>El plazo de\u00a0<strong>recepci\u00f3n de los trabajos concluir\u00e1 el d\u00eda 2 de noviembre de 2018<\/strong>.\u00a0El lugar de presentaci\u00f3n de los trabajos ser\u00e1 en la sede del Justicia de Arag\u00f3n (C\/ D. Juan de Arag\u00f3n, 7 de Zaragoza), o en la Secretaria de la Facultad de Derecho de la UZ (C\/ Pedro Cerbuna, 12 de Zaragoza).<\/p>\n<p>El fallo del Jurado se har\u00e1 p\u00fablico\u00a0el d\u00eda 28 de noviembre de 2018 durante el desarrollo de las XVI Jornadas Constitucionales.<\/p>\n<\/div>\n<div>\n<h5>Convoca<\/h5>\n<p>El Justicia de Arag\u00f3n (Defensor del Pueblo de la Comunidad Aut\u00f3noma de Arag\u00f3n) y la Facultad de Derecho de la Universidad de Zaragoza<\/p>\n<\/div>\n<div>\n<h5>Requisitos<\/h5>\n<p>Podr\u00e1 participar exclusivamente estudiantes del Grado de Derecho o de la doble titulaci\u00f3n DADE matriculados en cualquier Facultad de cualquier Universidad espa\u00f1ola, durante los cursos acad\u00e9micos 2017-2018 o 2018-2019.<\/p>\n<\/div>\n<div>\n<h5>Dotaci\u00f3n<\/h5>\n<p>La dotaci\u00f3n de los premios ser\u00e1:<\/p>\n<ul>\n<li>Un premio de mil euros\u00a0(1.000 \u20ac) y diploma, para el trabajo que resulte ganador.<\/li>\n<li>Dos acc\u00e9sits de quinientos euros (500 \u20ac) y diploma para aquellos dos trabajos que el jurado entienda tienen una especial aportaci\u00f3n respecto del derecho aragon\u00e9s.<\/li>\n<\/ul>\n<\/div>\n<div>\n<h5>M\u00e1s Informaci\u00f3n<\/h5>\n<p>Consulta toda la informaci\u00f3n <a href=\"http:\/\/www.injuve.es\/convocatorias\/premios\/premio-juridico-40-anos-de-constitucion\">aqu\u00ed<\/a><\/p>\n<p><a href=\"file:\/\/\/D:\/Datos\/Descargas\/PREMIO%20JURIDICO%2040%20A%C3%91OS%20DE%20CONSTITUCI%C3%93N.pdf\">Bases del Premio<\/a><\/p>\n<\/div>\n","protected":false},"excerpt":{"rendered":"<p>Premio jur\u00eddico &#8220;40 a\u00f1os de Constituci\u00f3n&#8221; Periodo de inscripci\u00f3n Del 02 de julio de 2018 al 02 de noviembre de 2018 Informaci\u00f3n El Justicia de Arag\u00f3n\u00a0y la Facultad de Derecho de la Universidad de Zaragoza, con motivo del 40 aniversario de la promulgaci\u00f3n de la Constituci\u00f3n espa\u00f1ola, han acordado crear el presente premio. Est\u00e1 destinado [&hellip;]<\/p>\n","protected":false},"author":101011,"featured_media":7366,"comment_status":"open","ping_status":"open","sticky":false,"template":"","format":"standard","meta":{"_acf_changed":false,"_relevanssi_hide_post":"","_relevanssi_hide_content":"","_relevanssi_pin_for_all":"","_relevanssi_pin_keywords":"","_relevanssi_unpin_keywords":"","_relevanssi_related_keywords":"","_relevanssi_related_include_ids":"","_relevanssi_related_exclude_ids":"","_relevanssi_related_no_append":"","_relevanssi_related_not_related":"","_relevanssi_related_posts":"","_relevanssi_noindex_reason":"","_monsterinsights_skip_tracking":false,"_monsterinsights_sitenote_active":false,"_monsterinsights_sitenote_note":"","_monsterinsights_sitenote_category":0,"_genesis_hide_title":false,"_genesis_hide_breadcrumbs":false,"_genesis_hide_singular_image":false,"_genesis_hide_footer_widgets":false,"_genesis_custom_body_class":"","_genesis_custom_post_class":"","_genesis_layout":"","footnotes":""},"categories":[136],"tags":[130],"class_list":{"0":"post-7361","1":"post","2":"type-post","3":"status-publish","4":"format-standard","5":"has-post-thumbnail","7":"category-convocatorias-y-premios-ue","8":"tag-derecho","9":"entry"},"acf":[],"yoast_head":"<!-- This site is optimized with the Yoast SEO plugin v27.4 - https:\/\/yoast.com\/product\/yoast-seo-wordpress\/ -->\n<title>Premio jur\u00eddico &quot;40 a\u00f1os de Constituci\u00f3n&quot; | CDE Almer\u00eda - Centro de Documentaci\u00f3n Europea - Universidad de Almer\u00eda<\/title>\n<meta name=\"robots\" content=\"index, follow, max-snippet:-1, max-image-preview:large, max-video-preview:-1\" \/>\n<link rel=\"canonical\" href=\"https:\/\/www.cde.ual.es\/en\/premio-juridico-40-anos-de-constitucion\/\" \/>\n<meta property=\"og:locale\" content=\"en_US\" \/>\n<meta property=\"og:type\" content=\"article\" \/>\n<meta property=\"og:title\" content=\"Premio jur\u00eddico &quot;40 a\u00f1os de Constituci\u00f3n&quot; | CDE Almer\u00eda - Centro de Documentaci\u00f3n Europea - Universidad de Almer\u00eda\" \/>\n<meta property=\"og:description\" content=\"Premio jur\u00eddico &#8220;40 a\u00f1os de Constituci\u00f3n&#8221; Periodo de inscripci\u00f3n Del 02 de julio de 2018 al 02 de noviembre de 2018 Informaci\u00f3n El Justicia de Arag\u00f3n\u00a0y la Facultad de Derecho de la Universidad de Zaragoza, con motivo del 40 aniversario de la promulgaci\u00f3n de la Constituci\u00f3n espa\u00f1ola, han acordado crear el presente premio. Est\u00e1 destinado [&hellip;]\" \/>\n<meta property=\"og:url\" content=\"https:\/\/www.cde.ual.es\/en\/premio-juridico-40-anos-de-constitucion\/\" \/>\n<meta property=\"og:site_name\" content=\"CDE Almer\u00eda - Centro de Documentaci\u00f3n Europea - Universidad de Almer\u00eda\" \/>\n<meta property=\"article:publisher\" content=\"https:\/\/www.facebook.com\/cdeuniversidadalmeria\/\" \/>\n<meta property=\"article:published_time\" content=\"2018-07-20T08:30:06+00:00\" \/>\n<meta property=\"article:modified_time\" content=\"2018-07-20T08:32:34+00:00\" \/>\n<meta property=\"og:image\" content=\"https:\/\/www.cde.ual.es\/wp-content\/uploads\/2018\/07\/Derecho.jpg\" \/>\n\t<meta property=\"og:image:width\" content=\"550\" \/>\n\t<meta property=\"og:image:height\" content=\"272\" \/>\n\t<meta property=\"og:image:type\" content=\"image\/jpeg\" \/>\n<meta name=\"author\" content=\"BECA 2 CDE\" \/>\n<meta name=\"twitter:card\" content=\"summary_large_image\" \/>\n<meta name=\"twitter:creator\" content=\"@cdeualmeria\" \/>\n<meta name=\"twitter:site\" content=\"@cdeualmeria\" \/>\n<meta name=\"twitter:label1\" content=\"Written by\" \/>\n\t<meta name=\"twitter:data1\" content=\"BECA 2 CDE\" \/>\n\t<meta name=\"twitter:label2\" content=\"Est. reading time\" \/>\n\t<meta name=\"twitter:data2\" content=\"2 minutes\" \/>\n<script type=\"application\/ld+json\" class=\"yoast-schema-graph\">{\"@context\":\"https:\\\/\\\/schema.org\",\"@graph\":[{\"@type\":\"Article\",\"@id\":\"https:\\\/\\\/www.cde.ual.es\\\/en\\\/premio-juridico-40-anos-de-constitucion\\\/#article\",\"isPartOf\":{\"@id\":\"https:\\\/\\\/www.cde.ual.es\\\/en\\\/premio-juridico-40-anos-de-constitucion\\\/\"},\"author\":{\"name\":\"BECA 2 CDE\",\"@id\":\"https:\\\/\\\/www.cde.ual.es\\\/#\\\/schema\\\/person\\\/ee46ebc19edfa19598c02cff83335acc\"},\"headline\":\"Premio jur\u00eddico &#8220;40 a\u00f1os de Constituci\u00f3n&#8221;\",\"datePublished\":\"2018-07-20T08:30:06+00:00\",\"dateModified\":\"2018-07-20T08:32:34+00:00\",\"mainEntityOfPage\":{\"@id\":\"https:\\\/\\\/www.cde.ual.es\\\/en\\\/premio-juridico-40-anos-de-constitucion\\\/\"},\"wordCount\":387,\"commentCount\":0,\"publisher\":{\"@id\":\"https:\\\/\\\/www.cde.ual.es\\\/#organization\"},\"image\":{\"@id\":\"https:\\\/\\\/www.cde.ual.es\\\/en\\\/premio-juridico-40-anos-de-constitucion\\\/#primaryimage\"},\"thumbnailUrl\":\"https:\\\/\\\/www.cde.ual.es\\\/wp-content\\\/uploads\\\/2018\\\/07\\\/Derecho.jpg\",\"keywords\":[\"Derecho\"],\"articleSection\":[\"Convocatorias y Premios UE\"],\"inLanguage\":\"en-US\",\"potentialAction\":[{\"@type\":\"CommentAction\",\"name\":\"Comment\",\"target\":[\"https:\\\/\\\/www.cde.ual.es\\\/en\\\/premio-juridico-40-anos-de-constitucion\\\/#respond\"]}]},{\"@type\":\"WebPage\",\"@id\":\"https:\\\/\\\/www.cde.ual.es\\\/en\\\/premio-juridico-40-anos-de-constitucion\\\/\",\"url\":\"https:\\\/\\\/www.cde.ual.es\\\/en\\\/premio-juridico-40-anos-de-constitucion\\\/\",\"name\":\"Premio jur\u00eddico \\\"40 a\u00f1os de Constituci\u00f3n\\\" | CDE Almer\u00eda - Centro de Documentaci\u00f3n Europea - Universidad de Almer\u00eda\",\"isPartOf\":{\"@id\":\"https:\\\/\\\/www.cde.ual.es\\\/#website\"},\"primaryImageOfPage\":{\"@id\":\"https:\\\/\\\/www.cde.ual.es\\\/en\\\/premio-juridico-40-anos-de-constitucion\\\/#primaryimage\"},\"image\":{\"@id\":\"https:\\\/\\\/www.cde.ual.es\\\/en\\\/premio-juridico-40-anos-de-constitucion\\\/#primaryimage\"},\"thumbnailUrl\":\"https:\\\/\\\/www.cde.ual.es\\\/wp-content\\\/uploads\\\/2018\\\/07\\\/Derecho.jpg\",\"datePublished\":\"2018-07-20T08:30:06+00:00\",\"dateModified\":\"2018-07-20T08:32:34+00:00\",\"breadcrumb\":{\"@id\":\"https:\\\/\\\/www.cde.ual.es\\\/en\\\/premio-juridico-40-anos-de-constitucion\\\/#breadcrumb\"},\"inLanguage\":\"en-US\",\"potentialAction\":[{\"@type\":\"ReadAction\",\"target\":[\"https:\\\/\\\/www.cde.ual.es\\\/en\\\/premio-juridico-40-anos-de-constitucion\\\/\"]}]},{\"@type\":\"ImageObject\",\"inLanguage\":\"en-US\",\"@id\":\"https:\\\/\\\/www.cde.ual.es\\\/en\\\/premio-juridico-40-anos-de-constitucion\\\/#primaryimage\",\"url\":\"https:\\\/\\\/www.cde.ual.es\\\/wp-content\\\/uploads\\\/2018\\\/07\\\/Derecho.jpg\",\"contentUrl\":\"https:\\\/\\\/www.cde.ual.es\\\/wp-content\\\/uploads\\\/2018\\\/07\\\/Derecho.jpg\",\"width\":550,\"height\":272},{\"@type\":\"BreadcrumbList\",\"@id\":\"https:\\\/\\\/www.cde.ual.es\\\/en\\\/premio-juridico-40-anos-de-constitucion\\\/#breadcrumb\",\"itemListElement\":[{\"@type\":\"ListItem\",\"position\":1,\"name\":\"Inicio\",\"item\":\"https:\\\/\\\/www.cde.ual.es\\\/en\\\/\"},{\"@type\":\"ListItem\",\"position\":2,\"name\":\"Convocatorias y Premios UE\",\"item\":\"https:\\\/\\\/www.cde.ual.es\\\/category\\\/convocatorias-y-premios-ue\\\/\"},{\"@type\":\"ListItem\",\"position\":3,\"name\":\"Premio jur\u00eddico &#8220;40 a\u00f1os de Constituci\u00f3n&#8221;\"}]},{\"@type\":\"WebSite\",\"@id\":\"https:\\\/\\\/www.cde.ual.es\\\/#website\",\"url\":\"https:\\\/\\\/www.cde.ual.es\\\/\",\"name\":\"CDE Almer\u00eda - Centro de Documentaci\u00f3n Europea - Universidad de Almer\u00eda\",\"description\":\"Centro de Documentaci\u00f3n Europea de la Universidad de Almer\u00eda\",\"publisher\":{\"@id\":\"https:\\\/\\\/www.cde.ual.es\\\/#organization\"},\"alternateName\":\"CDE Almer\u00eda\",\"potentialAction\":[{\"@type\":\"SearchAction\",\"target\":{\"@type\":\"EntryPoint\",\"urlTemplate\":\"https:\\\/\\\/www.cde.ual.es\\\/?s={search_term_string}\"},\"query-input\":{\"@type\":\"PropertyValueSpecification\",\"valueRequired\":true,\"valueName\":\"search_term_string\"}}],\"inLanguage\":\"en-US\"},{\"@type\":\"Organization\",\"@id\":\"https:\\\/\\\/www.cde.ual.es\\\/#organization\",\"name\":\"Centro de Documentaci\u00f3n Europea de Almer\u00eda\",\"url\":\"https:\\\/\\\/www.cde.ual.es\\\/\",\"logo\":{\"@type\":\"ImageObject\",\"inLanguage\":\"en-US\",\"@id\":\"https:\\\/\\\/www.cde.ual.es\\\/#\\\/schema\\\/logo\\\/image\\\/\",\"url\":\"https:\\\/\\\/www.cde.ual.es\\\/wp-content\\\/uploads\\\/2025\\\/07\\\/cde-logo-3.png\",\"contentUrl\":\"https:\\\/\\\/www.cde.ual.es\\\/wp-content\\\/uploads\\\/2025\\\/07\\\/cde-logo-3.png\",\"width\":1400,\"height\":300,\"caption\":\"Centro de Documentaci\u00f3n Europea de Almer\u00eda\"},\"image\":{\"@id\":\"https:\\\/\\\/www.cde.ual.es\\\/#\\\/schema\\\/logo\\\/image\\\/\"},\"sameAs\":[\"https:\\\/\\\/www.facebook.com\\\/cdeuniversidadalmeria\\\/\",\"https:\\\/\\\/x.com\\\/cdeualmeria\",\"https:\\\/\\\/www.tiktok.com\\\/@cdealmeria\",\"https:\\\/\\\/www.instagram.com\\\/cdealmeria\\\/\",\"https:\\\/\\\/www.linkedin.com\\\/in\\\/cde-almera-812b26a9\\\/\"]},{\"@type\":\"Person\",\"@id\":\"https:\\\/\\\/www.cde.ual.es\\\/#\\\/schema\\\/person\\\/ee46ebc19edfa19598c02cff83335acc\",\"name\":\"BECA 2 CDE\",\"image\":{\"@type\":\"ImageObject\",\"inLanguage\":\"en-US\",\"@id\":\"https:\\\/\\\/secure.gravatar.com\\\/avatar\\\/35a481bbc04bbd90e91bdfa3b0b5541036c222a49b9ad37b6889a2afcb5311a5?s=96&d=mm&r=g\",\"url\":\"https:\\\/\\\/secure.gravatar.com\\\/avatar\\\/35a481bbc04bbd90e91bdfa3b0b5541036c222a49b9ad37b6889a2afcb5311a5?s=96&d=mm&r=g\",\"contentUrl\":\"https:\\\/\\\/secure.gravatar.com\\\/avatar\\\/35a481bbc04bbd90e91bdfa3b0b5541036c222a49b9ad37b6889a2afcb5311a5?s=96&d=mm&r=g\",\"caption\":\"BECA 2 CDE\"},\"sameAs\":[\"http:\\\/\\\/www.cdealmeria.com\"]}]}<\/script>\n<!-- \/ Yoast SEO plugin. -->","yoast_head_json":{"title":"Premio jur\u00eddico \"40 a\u00f1os de Constituci\u00f3n\" | CDE Almer\u00eda - Centro de Documentaci\u00f3n Europea - Universidad de Almer\u00eda","robots":{"index":"index","follow":"follow","max-snippet":"max-snippet:-1","max-image-preview":"max-image-preview:large","max-video-preview":"max-video-preview:-1"},"canonical":"https:\/\/www.cde.ual.es\/en\/premio-juridico-40-anos-de-constitucion\/","og_locale":"en_US","og_type":"article","og_title":"Premio jur\u00eddico \"40 a\u00f1os de Constituci\u00f3n\" | CDE Almer\u00eda - Centro de Documentaci\u00f3n Europea - Universidad de Almer\u00eda","og_description":"Premio jur\u00eddico &#8220;40 a\u00f1os de Constituci\u00f3n&#8221; Periodo de inscripci\u00f3n Del 02 de julio de 2018 al 02 de noviembre de 2018 Informaci\u00f3n El Justicia de Arag\u00f3n\u00a0y la Facultad de Derecho de la Universidad de Zaragoza, con motivo del 40 aniversario de la promulgaci\u00f3n de la Constituci\u00f3n espa\u00f1ola, han acordado crear el presente premio. Est\u00e1 destinado [&hellip;]","og_url":"https:\/\/www.cde.ual.es\/en\/premio-juridico-40-anos-de-constitucion\/","og_site_name":"CDE Almer\u00eda - Centro de Documentaci\u00f3n Europea - Universidad de Almer\u00eda","article_publisher":"https:\/\/www.facebook.com\/cdeuniversidadalmeria\/","article_published_time":"2018-07-20T08:30:06+00:00","article_modified_time":"2018-07-20T08:32:34+00:00","og_image":[{"width":550,"height":272,"url":"https:\/\/www.cde.ual.es\/wp-content\/uploads\/2018\/07\/Derecho.jpg","type":"image\/jpeg"}],"author":"BECA 2 CDE","twitter_card":"summary_large_image","twitter_creator":"@cdeualmeria","twitter_site":"@cdeualmeria","twitter_misc":{"Written by":"BECA 2 CDE","Est. reading time":"2 minutes"},"schema":{"@context":"https:\/\/schema.org","@graph":[{"@type":"Article","@id":"https:\/\/www.cde.ual.es\/en\/premio-juridico-40-anos-de-constitucion\/#article","isPartOf":{"@id":"https:\/\/www.cde.ual.es\/en\/premio-juridico-40-anos-de-constitucion\/"},"author":{"name":"BECA 2 CDE","@id":"https:\/\/www.cde.ual.es\/#\/schema\/person\/ee46ebc19edfa19598c02cff83335acc"},"headline":"Premio jur\u00eddico &#8220;40 a\u00f1os de Constituci\u00f3n&#8221;","datePublished":"2018-07-20T08:30:06+00:00","dateModified":"2018-07-20T08:32:34+00:00","mainEntityOfPage":{"@id":"https:\/\/www.cde.ual.es\/en\/premio-juridico-40-anos-de-constitucion\/"},"wordCount":387,"commentCount":0,"publisher":{"@id":"https:\/\/www.cde.ual.es\/#organization"},"image":{"@id":"https:\/\/www.cde.ual.es\/en\/premio-juridico-40-anos-de-constitucion\/#primaryimage"},"thumbnailUrl":"https:\/\/www.cde.ual.es\/wp-content\/uploads\/2018\/07\/Derecho.jpg","keywords":["Derecho"],"articleSection":["Convocatorias y Premios UE"],"inLanguage":"en-US","potentialAction":[{"@type":"CommentAction","name":"Comment","target":["https:\/\/www.cde.ual.es\/en\/premio-juridico-40-anos-de-constitucion\/#respond"]}]},{"@type":"WebPage","@id":"https:\/\/www.cde.ual.es\/en\/premio-juridico-40-anos-de-constitucion\/","url":"https:\/\/www.cde.ual.es\/en\/premio-juridico-40-anos-de-constitucion\/","name":"Premio jur\u00eddico \"40 a\u00f1os de Constituci\u00f3n\" | CDE Almer\u00eda - Centro de Documentaci\u00f3n Europea - Universidad de Almer\u00eda","isPartOf":{"@id":"https:\/\/www.cde.ual.es\/#website"},"primaryImageOfPage":{"@id":"https:\/\/www.cde.ual.es\/en\/premio-juridico-40-anos-de-constitucion\/#primaryimage"},"image":{"@id":"https:\/\/www.cde.ual.es\/en\/premio-juridico-40-anos-de-constitucion\/#primaryimage"},"thumbnailUrl":"https:\/\/www.cde.ual.es\/wp-content\/uploads\/2018\/07\/Derecho.jpg","datePublished":"2018-07-20T08:30:06+00:00","dateModified":"2018-07-20T08:32:34+00:00","breadcrumb":{"@id":"https:\/\/www.cde.ual.es\/en\/premio-juridico-40-anos-de-constitucion\/#breadcrumb"},"inLanguage":"en-US","potentialAction":[{"@type":"ReadAction","target":["https:\/\/www.cde.ual.es\/en\/premio-juridico-40-anos-de-constitucion\/"]}]},{"@type":"ImageObject","inLanguage":"en-US","@id":"https:\/\/www.cde.ual.es\/en\/premio-juridico-40-anos-de-constitucion\/#primaryimage","url":"https:\/\/www.cde.ual.es\/wp-content\/uploads\/2018\/07\/Derecho.jpg","contentUrl":"https:\/\/www.cde.ual.es\/wp-content\/uploads\/2018\/07\/Derecho.jpg","width":550,"height":272},{"@type":"BreadcrumbList","@id":"https:\/\/www.cde.ual.es\/en\/premio-juridico-40-anos-de-constitucion\/#breadcrumb","itemListElement":[{"@type":"ListItem","position":1,"name":"Inicio","item":"https:\/\/www.cde.ual.es\/en\/"},{"@type":"ListItem","position":2,"name":"Convocatorias y Premios UE","item":"https:\/\/www.cde.ual.es\/category\/convocatorias-y-premios-ue\/"},{"@type":"ListItem","position":3,"name":"Premio jur\u00eddico &#8220;40 a\u00f1os de Constituci\u00f3n&#8221;"}]},{"@type":"WebSite","@id":"https:\/\/www.cde.ual.es\/#website","url":"https:\/\/www.cde.ual.es\/","name":"CDE Almer\u00eda - Centro de Documentaci\u00f3n Europea - Universidad de Almer\u00eda","description":"Centro de Documentaci\u00f3n Europea de la Universidad de Almer\u00eda","publisher":{"@id":"https:\/\/www.cde.ual.es\/#organization"},"alternateName":"CDE Almer\u00eda","potentialAction":[{"@type":"SearchAction","target":{"@type":"EntryPoint","urlTemplate":"https:\/\/www.cde.ual.es\/?s={search_term_string}"},"query-input":{"@type":"PropertyValueSpecification","valueRequired":true,"valueName":"search_term_string"}}],"inLanguage":"en-US"},{"@type":"Organization","@id":"https:\/\/www.cde.ual.es\/#organization","name":"Centro de Documentaci\u00f3n Europea de Almer\u00eda","url":"https:\/\/www.cde.ual.es\/","logo":{"@type":"ImageObject","inLanguage":"en-US","@id":"https:\/\/www.cde.ual.es\/#\/schema\/logo\/image\/","url":"https:\/\/www.cde.ual.es\/wp-content\/uploads\/2025\/07\/cde-logo-3.png","contentUrl":"https:\/\/www.cde.ual.es\/wp-content\/uploads\/2025\/07\/cde-logo-3.png","width":1400,"height":300,"caption":"Centro de Documentaci\u00f3n Europea de Almer\u00eda"},"image":{"@id":"https:\/\/www.cde.ual.es\/#\/schema\/logo\/image\/"},"sameAs":["https:\/\/www.facebook.com\/cdeuniversidadalmeria\/","https:\/\/x.com\/cdeualmeria","https:\/\/www.tiktok.com\/@cdealmeria","https:\/\/www.instagram.com\/cdealmeria\/","https:\/\/www.linkedin.com\/in\/cde-almera-812b26a9\/"]},{"@type":"Person","@id":"https:\/\/www.cde.ual.es\/#\/schema\/person\/ee46ebc19edfa19598c02cff83335acc","name":"BECA 2 CDE","image":{"@type":"ImageObject","inLanguage":"en-US","@id":"https:\/\/secure.gravatar.com\/avatar\/35a481bbc04bbd90e91bdfa3b0b5541036c222a49b9ad37b6889a2afcb5311a5?s=96&d=mm&r=g","url":"https:\/\/secure.gravatar.com\/avatar\/35a481bbc04bbd90e91bdfa3b0b5541036c222a49b9ad37b6889a2afcb5311a5?s=96&d=mm&r=g","contentUrl":"https:\/\/secure.gravatar.com\/avatar\/35a481bbc04bbd90e91bdfa3b0b5541036c222a49b9ad37b6889a2afcb5311a5?s=96&d=mm&r=g","caption":"BECA 2 CDE"},"sameAs":["http:\/\/www.cdealmeria.com"]}]}},"_links":{"self":[{"href":"https:\/\/www.cde.ual.es\/en\/wp-json\/wp\/v2\/posts\/7361","targetHints":{"allow":["GET"]}}],"collection":[{"href":"https:\/\/www.cde.ual.es\/en\/wp-json\/wp\/v2\/posts"}],"about":[{"href":"https:\/\/www.cde.ual.es\/en\/wp-json\/wp\/v2\/types\/post"}],"author":[{"embeddable":true,"href":"https:\/\/www.cde.ual.es\/en\/wp-json\/wp\/v2\/users\/101011"}],"replies":[{"embeddable":true,"href":"https:\/\/www.cde.ual.es\/en\/wp-json\/wp\/v2\/comments?post=7361"}],"version-history":[{"count":0,"href":"https:\/\/www.cde.ual.es\/en\/wp-json\/wp\/v2\/posts\/7361\/revisions"}],"wp:featuredmedia":[{"embeddable":true,"href":"https:\/\/www.cde.ual.es\/en\/wp-json\/wp\/v2\/media\/7366"}],"wp:attachment":[{"href":"https:\/\/www.cde.ual.es\/en\/wp-json\/wp\/v2\/media?parent=7361"}],"wp:term":[{"taxonomy":"category","embeddable":true,"href":"https:\/\/www.cde.ual.es\/en\/wp-json\/wp\/v2\/categories?post=7361"},{"taxonomy":"post_tag","embeddable":true,"href":"https:\/\/www.cde.ual.es\/en\/wp-json\/wp\/v2\/tags?post=7361"}],"curies":[{"name":"wp","href":"https:\/\/api.w.org\/{rel}","templated":true}]}}