{"id":7333,"date":"2018-07-20T08:58:29","date_gmt":"2018-07-20T06:58:29","guid":{"rendered":"http:\/\/www.cde.ual.es\/?p=7333"},"modified":"2018-07-20T09:08:03","modified_gmt":"2018-07-20T07:08:03","slug":"la-comision-europea-lleva-a-espana-y-eslovenia-frente-al-tjue","status":"publish","type":"post","link":"https:\/\/www.cde.ual.es\/en\/la-comision-europea-lleva-a-espana-y-eslovenia-frente-al-tjue\/","title":{"rendered":"La Comisi\u00f3n Europea lleva a Espa\u00f1a y Eslovenia frente al TJUE"},"content":{"rendered":"<h3 class=\"title\" style=\"text-align: center;\">La Comisi\u00f3n lleva a Eslovenia y Espa\u00f1a ante el Tribunal de Justicia por no trasponer plenamente la normativa de la UE sobre los mercados de instrumentos financieros<\/h3>\n<p><a href=\"http:\/\/www.cde.ual.es\/wp-content\/uploads\/2018\/06\/economiaeuropea-795x447.jpg\"><img decoding=\"async\" class=\"size-medium wp-image-5648 aligncenter\" src=\"http:\/\/www.cde.ual.es\/wp-content\/uploads\/2018\/06\/economiaeuropea-795x447-300x169.jpg\" alt=\"\" width=\"300\" height=\"169\" srcset=\"https:\/\/www.cde.ual.es\/wp-content\/uploads\/2018\/06\/economiaeuropea-795x447-300x169.jpg 300w, https:\/\/www.cde.ual.es\/wp-content\/uploads\/2018\/06\/economiaeuropea-795x447-768x432.jpg 768w, https:\/\/www.cde.ual.es\/wp-content\/uploads\/2018\/06\/economiaeuropea-795x447.jpg 800w\" sizes=\"(max-width: 300px) 100vw, 300px\" \/><\/a><\/p>\n<p>La Comisi\u00f3n Europea ha decidido llevar a\u00a0<strong>Eslovenia<\/strong>\u00a0y\u00a0<strong>Espa\u00f1a<\/strong>\u00a0ante el Tribunal de Justicia de la UE. El motivo es la no aplicaci\u00f3n plena de la normativa europea sobre los mercados de instrumentos financieros (<a href=\"https:\/\/ec.europa.eu\/info\/business-economy-euro\/banking-and-finance\/financial-markets\/securities-markets\/investment-services-and-regulated-markets-markets-financial-instruments-directive-mifid_en#mifid-2-and-mifir\">MiFID II<\/a>), as\u00ed como la Directiva que la complementa [<a href=\"https:\/\/eur-lex.europa.eu\/legal-content\/EN\/ALL\/?uri=CELEX%3A32017L0593\">Directiva Delegada (UE) 2017\/593<\/a>].<\/p>\n<p>Estas normas son elementos cruciales para el buen funcionamiento de los mercados de valores. Adem\u00e1s, son esenciales para el efectivo funcionamiento del mercado \u00fanico europeo. Si los Estados no transponen las normas, los inversores no pueden beneficiarse de la protecci\u00f3n que proporciona la MIFID II. Esto incluye la salvaguarda de los instrumentos financieros y los fondos pertenecientes a los clientes, entre otros. Tambi\u00e9n, hace que los mercados sean menos seguros ya que los centros de negociaci\u00f3n y las empresas de servicios de inversi\u00f3n no tienen que operar con arreglo a los requisitos operativos m\u00e1s estrictos y transparentes.<\/p>\n<p>Aplicables desde el 3 de enero de 2018 , complementan las disposiciones del\u00a0<a href=\"https:\/\/ec.europa.eu\/info\/law\/markets-financial-instruments-mifir-regulation-eu-no-600-2014_en\">Reglamento relativo a los mercados de instrumentos financieros (MIFIR)<\/a>. Por lo que, la no transposici\u00f3n plena de\u00a0estas normas de la UE perturbar\u00eda el mercado \u00fanico<\/p>\n<h5>Contexto<\/h5>\n<p>En septiembre de 2017, la Comisi\u00f3n Europea solicit\u00f3 a varios Estados miembros que transpusieran la MiFID II y su Directiva Delegada.\u00a0En enero de 2018, se enviaron dict\u00e1menes motivados contra los Estados miembros que a\u00fan no hab\u00edan notificado la plena transposici\u00f3n. Hasta la fecha, Eslovenia no ha notificado ninguna medida relacionada con las Directivas en cuesti\u00f3n. En el caso de Espa\u00f1a, solo ha notificado la transposici\u00f3n parcial.<\/p>\n<h5><strong>M\u00e1s informaci\u00f3n\u00a0<\/strong><\/h5>\n<p>Accede a la noticia completa <a href=\"http:\/\/europa.eu\/rapid\/press-release_IP-18-4530_en.htm\">aqu\u00ed<\/a><\/p>\n<p>M\u00e1s informaci\u00f3n sobre el<a href=\"https:\/\/ec.europa.eu\/info\/law\/law-making-process\/applying-eu-law\/infringement-procedure_en\"> procedimiento de infracci\u00f3n<\/a> de la Uni\u00f3n Europea<\/p>\n","protected":false},"excerpt":{"rendered":"<p>La Comisi\u00f3n lleva a Eslovenia y Espa\u00f1a ante el Tribunal de Justicia por no trasponer plenamente la normativa de la UE sobre los mercados de instrumentos financieros La Comisi\u00f3n Europea ha decidido llevar a\u00a0Eslovenia\u00a0y\u00a0Espa\u00f1a\u00a0ante el Tribunal de Justicia de la UE. El motivo es la no aplicaci\u00f3n plena de la normativa europea sobre los mercados [&hellip;]<\/p>\n","protected":false},"author":101011,"featured_media":5648,"comment_status":"open","ping_status":"open","sticky":false,"template":"","format":"standard","meta":{"_acf_changed":false,"_relevanssi_hide_post":"","_relevanssi_hide_content":"","_relevanssi_pin_for_all":"","_relevanssi_pin_keywords":"","_relevanssi_unpin_keywords":"","_relevanssi_related_keywords":"","_relevanssi_related_include_ids":"","_relevanssi_related_exclude_ids":"","_relevanssi_related_no_append":"","_relevanssi_related_not_related":"","_relevanssi_related_posts":"","_relevanssi_noindex_reason":"","_monsterinsights_skip_tracking":false,"_monsterinsights_sitenote_active":false,"_monsterinsights_sitenote_note":"","_monsterinsights_sitenote_category":0,"_genesis_hide_title":false,"_genesis_hide_breadcrumbs":false,"_genesis_hide_singular_image":false,"_genesis_hide_footer_widgets":false,"_genesis_custom_body_class":"","_genesis_custom_post_class":"","_genesis_layout":"","footnotes":""},"categories":[96],"tags":[207,130,209,208],"class_list":{"0":"post-7333","1":"post","2":"type-post","3":"status-publish","4":"format-standard","5":"has-post-thumbnail","7":"category-noticias-ue","8":"tag-asuntos-financieros","9":"tag-derecho","10":"tag-eslovenia","11":"tag-espana","12":"entry"},"acf":[],"yoast_head":"<!-- This site is optimized with the Yoast SEO plugin v27.5 - https:\/\/yoast.com\/product\/yoast-seo-wordpress\/ -->\n<title>La Comisi\u00f3n Europea lleva a Espa\u00f1a y Eslovenia frente al TJUE | CDE Almer\u00eda - Centro de Documentaci\u00f3n Europea - Universidad de Almer\u00eda<\/title>\n<meta name=\"robots\" content=\"index, follow, max-snippet:-1, max-image-preview:large, max-video-preview:-1\" \/>\n<link rel=\"canonical\" href=\"https:\/\/www.cde.ual.es\/la-comision-europea-lleva-a-espana-y-eslovenia-frente-al-tjue\/\" \/>\n<meta property=\"og:locale\" content=\"en_US\" \/>\n<meta property=\"og:type\" content=\"article\" \/>\n<meta property=\"og:title\" content=\"La Comisi\u00f3n Europea lleva a Espa\u00f1a y Eslovenia frente al TJUE | CDE Almer\u00eda - Centro de Documentaci\u00f3n Europea - Universidad de Almer\u00eda\" \/>\n<meta property=\"og:description\" content=\"La Comisi\u00f3n lleva a Eslovenia y Espa\u00f1a ante el Tribunal de Justicia por no trasponer plenamente la normativa de la UE sobre los mercados de instrumentos financieros La Comisi\u00f3n Europea ha decidido llevar a\u00a0Eslovenia\u00a0y\u00a0Espa\u00f1a\u00a0ante el Tribunal de Justicia de la UE. El motivo es la no aplicaci\u00f3n plena de la normativa europea sobre los mercados [&hellip;]\" \/>\n<meta property=\"og:url\" content=\"https:\/\/www.cde.ual.es\/la-comision-europea-lleva-a-espana-y-eslovenia-frente-al-tjue\/\" \/>\n<meta property=\"og:site_name\" content=\"CDE Almer\u00eda - Centro de Documentaci\u00f3n Europea - Universidad de Almer\u00eda\" \/>\n<meta property=\"article:publisher\" content=\"https:\/\/www.facebook.com\/cdeuniversidadalmeria\/\" \/>\n<meta property=\"article:published_time\" content=\"2018-07-20T06:58:29+00:00\" \/>\n<meta property=\"article:modified_time\" content=\"2018-07-20T07:08:03+00:00\" \/>\n<meta property=\"og:image\" content=\"https:\/\/www.cde.ual.es\/wp-content\/uploads\/2018\/06\/economiaeuropea-795x447.jpg\" \/>\n\t<meta property=\"og:image:width\" content=\"800\" \/>\n\t<meta property=\"og:image:height\" content=\"450\" \/>\n\t<meta property=\"og:image:type\" content=\"image\/jpeg\" \/>\n<meta name=\"author\" content=\"BECA 2 CDE\" \/>\n<meta name=\"twitter:card\" content=\"summary_large_image\" \/>\n<meta name=\"twitter:creator\" content=\"@cdeualmeria\" \/>\n<meta name=\"twitter:site\" content=\"@cdeualmeria\" \/>\n<meta name=\"twitter:label1\" content=\"Written by\" \/>\n\t<meta name=\"twitter:data1\" content=\"BECA 2 CDE\" \/>\n\t<meta name=\"twitter:label2\" content=\"Est. reading time\" \/>\n\t<meta name=\"twitter:data2\" content=\"2 minutes\" \/>\n<script type=\"application\/ld+json\" class=\"yoast-schema-graph\">{\"@context\":\"https:\\\/\\\/schema.org\",\"@graph\":[{\"@type\":\"Article\",\"@id\":\"https:\\\/\\\/www.cde.ual.es\\\/la-comision-europea-lleva-a-espana-y-eslovenia-frente-al-tjue\\\/#article\",\"isPartOf\":{\"@id\":\"https:\\\/\\\/www.cde.ual.es\\\/la-comision-europea-lleva-a-espana-y-eslovenia-frente-al-tjue\\\/\"},\"author\":{\"name\":\"BECA 2 CDE\",\"@id\":\"https:\\\/\\\/www.cde.ual.es\\\/#\\\/schema\\\/person\\\/ee46ebc19edfa19598c02cff83335acc\"},\"headline\":\"La Comisi\u00f3n Europea lleva a Espa\u00f1a y Eslovenia frente al TJUE\",\"datePublished\":\"2018-07-20T06:58:29+00:00\",\"dateModified\":\"2018-07-20T07:08:03+00:00\",\"mainEntityOfPage\":{\"@id\":\"https:\\\/\\\/www.cde.ual.es\\\/la-comision-europea-lleva-a-espana-y-eslovenia-frente-al-tjue\\\/\"},\"wordCount\":332,\"commentCount\":0,\"publisher\":{\"@id\":\"https:\\\/\\\/www.cde.ual.es\\\/#organization\"},\"image\":{\"@id\":\"https:\\\/\\\/www.cde.ual.es\\\/la-comision-europea-lleva-a-espana-y-eslovenia-frente-al-tjue\\\/#primaryimage\"},\"thumbnailUrl\":\"https:\\\/\\\/www.cde.ual.es\\\/wp-content\\\/uploads\\\/2018\\\/06\\\/economiaeuropea-795x447.jpg\",\"keywords\":[\"Asuntos Financieros\",\"Derecho\",\"Eslovenia\",\"Espa\u00f1a\"],\"articleSection\":[\"Noticias UE\"],\"inLanguage\":\"en-US\",\"potentialAction\":[{\"@type\":\"CommentAction\",\"name\":\"Comment\",\"target\":[\"https:\\\/\\\/www.cde.ual.es\\\/la-comision-europea-lleva-a-espana-y-eslovenia-frente-al-tjue\\\/#respond\"]}]},{\"@type\":\"WebPage\",\"@id\":\"https:\\\/\\\/www.cde.ual.es\\\/la-comision-europea-lleva-a-espana-y-eslovenia-frente-al-tjue\\\/\",\"url\":\"https:\\\/\\\/www.cde.ual.es\\\/la-comision-europea-lleva-a-espana-y-eslovenia-frente-al-tjue\\\/\",\"name\":\"La Comisi\u00f3n Europea lleva a Espa\u00f1a y Eslovenia frente al TJUE | CDE Almer\u00eda - Centro de Documentaci\u00f3n Europea - Universidad de Almer\u00eda\",\"isPartOf\":{\"@id\":\"https:\\\/\\\/www.cde.ual.es\\\/#website\"},\"primaryImageOfPage\":{\"@id\":\"https:\\\/\\\/www.cde.ual.es\\\/la-comision-europea-lleva-a-espana-y-eslovenia-frente-al-tjue\\\/#primaryimage\"},\"image\":{\"@id\":\"https:\\\/\\\/www.cde.ual.es\\\/la-comision-europea-lleva-a-espana-y-eslovenia-frente-al-tjue\\\/#primaryimage\"},\"thumbnailUrl\":\"https:\\\/\\\/www.cde.ual.es\\\/wp-content\\\/uploads\\\/2018\\\/06\\\/economiaeuropea-795x447.jpg\",\"datePublished\":\"2018-07-20T06:58:29+00:00\",\"dateModified\":\"2018-07-20T07:08:03+00:00\",\"breadcrumb\":{\"@id\":\"https:\\\/\\\/www.cde.ual.es\\\/la-comision-europea-lleva-a-espana-y-eslovenia-frente-al-tjue\\\/#breadcrumb\"},\"inLanguage\":\"en-US\",\"potentialAction\":[{\"@type\":\"ReadAction\",\"target\":[\"https:\\\/\\\/www.cde.ual.es\\\/la-comision-europea-lleva-a-espana-y-eslovenia-frente-al-tjue\\\/\"]}]},{\"@type\":\"ImageObject\",\"inLanguage\":\"en-US\",\"@id\":\"https:\\\/\\\/www.cde.ual.es\\\/la-comision-europea-lleva-a-espana-y-eslovenia-frente-al-tjue\\\/#primaryimage\",\"url\":\"https:\\\/\\\/www.cde.ual.es\\\/wp-content\\\/uploads\\\/2018\\\/06\\\/economiaeuropea-795x447.jpg\",\"contentUrl\":\"https:\\\/\\\/www.cde.ual.es\\\/wp-content\\\/uploads\\\/2018\\\/06\\\/economiaeuropea-795x447.jpg\",\"width\":800,\"height\":450},{\"@type\":\"BreadcrumbList\",\"@id\":\"https:\\\/\\\/www.cde.ual.es\\\/la-comision-europea-lleva-a-espana-y-eslovenia-frente-al-tjue\\\/#breadcrumb\",\"itemListElement\":[{\"@type\":\"ListItem\",\"position\":1,\"name\":\"Inicio\",\"item\":\"https:\\\/\\\/www.cde.ual.es\\\/en\\\/\"},{\"@type\":\"ListItem\",\"position\":2,\"name\":\"Noticias UE\",\"item\":\"https:\\\/\\\/www.cde.ual.es\\\/category\\\/noticias-ue\\\/\"},{\"@type\":\"ListItem\",\"position\":3,\"name\":\"La Comisi\u00f3n Europea lleva a Espa\u00f1a y Eslovenia frente al TJUE\"}]},{\"@type\":\"WebSite\",\"@id\":\"https:\\\/\\\/www.cde.ual.es\\\/#website\",\"url\":\"https:\\\/\\\/www.cde.ual.es\\\/\",\"name\":\"CDE Almer\u00eda - Centro de Documentaci\u00f3n Europea - Universidad de Almer\u00eda\",\"description\":\"Centro de Documentaci\u00f3n Europea de la Universidad de Almer\u00eda\",\"publisher\":{\"@id\":\"https:\\\/\\\/www.cde.ual.es\\\/#organization\"},\"alternateName\":\"CDE Almer\u00eda\",\"potentialAction\":[{\"@type\":\"SearchAction\",\"target\":{\"@type\":\"EntryPoint\",\"urlTemplate\":\"https:\\\/\\\/www.cde.ual.es\\\/?s={search_term_string}\"},\"query-input\":{\"@type\":\"PropertyValueSpecification\",\"valueRequired\":true,\"valueName\":\"search_term_string\"}}],\"inLanguage\":\"en-US\"},{\"@type\":\"Organization\",\"@id\":\"https:\\\/\\\/www.cde.ual.es\\\/#organization\",\"name\":\"Centro de Documentaci\u00f3n Europea de Almer\u00eda\",\"url\":\"https:\\\/\\\/www.cde.ual.es\\\/\",\"logo\":{\"@type\":\"ImageObject\",\"inLanguage\":\"en-US\",\"@id\":\"https:\\\/\\\/www.cde.ual.es\\\/#\\\/schema\\\/logo\\\/image\\\/\",\"url\":\"https:\\\/\\\/www.cde.ual.es\\\/wp-content\\\/uploads\\\/2025\\\/07\\\/cde-logo-3.png\",\"contentUrl\":\"https:\\\/\\\/www.cde.ual.es\\\/wp-content\\\/uploads\\\/2025\\\/07\\\/cde-logo-3.png\",\"width\":1400,\"height\":300,\"caption\":\"Centro de Documentaci\u00f3n Europea de Almer\u00eda\"},\"image\":{\"@id\":\"https:\\\/\\\/www.cde.ual.es\\\/#\\\/schema\\\/logo\\\/image\\\/\"},\"sameAs\":[\"https:\\\/\\\/www.facebook.com\\\/cdeuniversidadalmeria\\\/\",\"https:\\\/\\\/x.com\\\/cdeualmeria\",\"https:\\\/\\\/www.tiktok.com\\\/@cdealmeria\",\"https:\\\/\\\/www.instagram.com\\\/cdealmeria\\\/\",\"https:\\\/\\\/www.linkedin.com\\\/in\\\/cde-almera-812b26a9\\\/\"]},{\"@type\":\"Person\",\"@id\":\"https:\\\/\\\/www.cde.ual.es\\\/#\\\/schema\\\/person\\\/ee46ebc19edfa19598c02cff83335acc\",\"name\":\"BECA 2 CDE\",\"image\":{\"@type\":\"ImageObject\",\"inLanguage\":\"en-US\",\"@id\":\"https:\\\/\\\/secure.gravatar.com\\\/avatar\\\/35a481bbc04bbd90e91bdfa3b0b5541036c222a49b9ad37b6889a2afcb5311a5?s=96&d=mm&r=g\",\"url\":\"https:\\\/\\\/secure.gravatar.com\\\/avatar\\\/35a481bbc04bbd90e91bdfa3b0b5541036c222a49b9ad37b6889a2afcb5311a5?s=96&d=mm&r=g\",\"contentUrl\":\"https:\\\/\\\/secure.gravatar.com\\\/avatar\\\/35a481bbc04bbd90e91bdfa3b0b5541036c222a49b9ad37b6889a2afcb5311a5?s=96&d=mm&r=g\",\"caption\":\"BECA 2 CDE\"},\"sameAs\":[\"http:\\\/\\\/www.cdealmeria.com\"]}]}<\/script>\n<!-- \/ Yoast SEO plugin. -->","yoast_head_json":{"title":"La Comisi\u00f3n Europea lleva a Espa\u00f1a y Eslovenia frente al TJUE | CDE Almer\u00eda - Centro de Documentaci\u00f3n Europea - Universidad de Almer\u00eda","robots":{"index":"index","follow":"follow","max-snippet":"max-snippet:-1","max-image-preview":"max-image-preview:large","max-video-preview":"max-video-preview:-1"},"canonical":"https:\/\/www.cde.ual.es\/la-comision-europea-lleva-a-espana-y-eslovenia-frente-al-tjue\/","og_locale":"en_US","og_type":"article","og_title":"La Comisi\u00f3n Europea lleva a Espa\u00f1a y Eslovenia frente al TJUE | CDE Almer\u00eda - Centro de Documentaci\u00f3n Europea - Universidad de Almer\u00eda","og_description":"La Comisi\u00f3n lleva a Eslovenia y Espa\u00f1a ante el Tribunal de Justicia por no trasponer plenamente la normativa de la UE sobre los mercados de instrumentos financieros La Comisi\u00f3n Europea ha decidido llevar a\u00a0Eslovenia\u00a0y\u00a0Espa\u00f1a\u00a0ante el Tribunal de Justicia de la UE. El motivo es la no aplicaci\u00f3n plena de la normativa europea sobre los mercados [&hellip;]","og_url":"https:\/\/www.cde.ual.es\/la-comision-europea-lleva-a-espana-y-eslovenia-frente-al-tjue\/","og_site_name":"CDE Almer\u00eda - Centro de Documentaci\u00f3n Europea - Universidad de Almer\u00eda","article_publisher":"https:\/\/www.facebook.com\/cdeuniversidadalmeria\/","article_published_time":"2018-07-20T06:58:29+00:00","article_modified_time":"2018-07-20T07:08:03+00:00","og_image":[{"width":800,"height":450,"url":"https:\/\/www.cde.ual.es\/wp-content\/uploads\/2018\/06\/economiaeuropea-795x447.jpg","type":"image\/jpeg"}],"author":"BECA 2 CDE","twitter_card":"summary_large_image","twitter_creator":"@cdeualmeria","twitter_site":"@cdeualmeria","twitter_misc":{"Written by":"BECA 2 CDE","Est. reading time":"2 minutes"},"schema":{"@context":"https:\/\/schema.org","@graph":[{"@type":"Article","@id":"https:\/\/www.cde.ual.es\/la-comision-europea-lleva-a-espana-y-eslovenia-frente-al-tjue\/#article","isPartOf":{"@id":"https:\/\/www.cde.ual.es\/la-comision-europea-lleva-a-espana-y-eslovenia-frente-al-tjue\/"},"author":{"name":"BECA 2 CDE","@id":"https:\/\/www.cde.ual.es\/#\/schema\/person\/ee46ebc19edfa19598c02cff83335acc"},"headline":"La Comisi\u00f3n Europea lleva a Espa\u00f1a y Eslovenia frente al TJUE","datePublished":"2018-07-20T06:58:29+00:00","dateModified":"2018-07-20T07:08:03+00:00","mainEntityOfPage":{"@id":"https:\/\/www.cde.ual.es\/la-comision-europea-lleva-a-espana-y-eslovenia-frente-al-tjue\/"},"wordCount":332,"commentCount":0,"publisher":{"@id":"https:\/\/www.cde.ual.es\/#organization"},"image":{"@id":"https:\/\/www.cde.ual.es\/la-comision-europea-lleva-a-espana-y-eslovenia-frente-al-tjue\/#primaryimage"},"thumbnailUrl":"https:\/\/www.cde.ual.es\/wp-content\/uploads\/2018\/06\/economiaeuropea-795x447.jpg","keywords":["Asuntos Financieros","Derecho","Eslovenia","Espa\u00f1a"],"articleSection":["Noticias UE"],"inLanguage":"en-US","potentialAction":[{"@type":"CommentAction","name":"Comment","target":["https:\/\/www.cde.ual.es\/la-comision-europea-lleva-a-espana-y-eslovenia-frente-al-tjue\/#respond"]}]},{"@type":"WebPage","@id":"https:\/\/www.cde.ual.es\/la-comision-europea-lleva-a-espana-y-eslovenia-frente-al-tjue\/","url":"https:\/\/www.cde.ual.es\/la-comision-europea-lleva-a-espana-y-eslovenia-frente-al-tjue\/","name":"La Comisi\u00f3n Europea lleva a Espa\u00f1a y Eslovenia frente al TJUE | CDE Almer\u00eda - Centro de Documentaci\u00f3n Europea - Universidad de Almer\u00eda","isPartOf":{"@id":"https:\/\/www.cde.ual.es\/#website"},"primaryImageOfPage":{"@id":"https:\/\/www.cde.ual.es\/la-comision-europea-lleva-a-espana-y-eslovenia-frente-al-tjue\/#primaryimage"},"image":{"@id":"https:\/\/www.cde.ual.es\/la-comision-europea-lleva-a-espana-y-eslovenia-frente-al-tjue\/#primaryimage"},"thumbnailUrl":"https:\/\/www.cde.ual.es\/wp-content\/uploads\/2018\/06\/economiaeuropea-795x447.jpg","datePublished":"2018-07-20T06:58:29+00:00","dateModified":"2018-07-20T07:08:03+00:00","breadcrumb":{"@id":"https:\/\/www.cde.ual.es\/la-comision-europea-lleva-a-espana-y-eslovenia-frente-al-tjue\/#breadcrumb"},"inLanguage":"en-US","potentialAction":[{"@type":"ReadAction","target":["https:\/\/www.cde.ual.es\/la-comision-europea-lleva-a-espana-y-eslovenia-frente-al-tjue\/"]}]},{"@type":"ImageObject","inLanguage":"en-US","@id":"https:\/\/www.cde.ual.es\/la-comision-europea-lleva-a-espana-y-eslovenia-frente-al-tjue\/#primaryimage","url":"https:\/\/www.cde.ual.es\/wp-content\/uploads\/2018\/06\/economiaeuropea-795x447.jpg","contentUrl":"https:\/\/www.cde.ual.es\/wp-content\/uploads\/2018\/06\/economiaeuropea-795x447.jpg","width":800,"height":450},{"@type":"BreadcrumbList","@id":"https:\/\/www.cde.ual.es\/la-comision-europea-lleva-a-espana-y-eslovenia-frente-al-tjue\/#breadcrumb","itemListElement":[{"@type":"ListItem","position":1,"name":"Inicio","item":"https:\/\/www.cde.ual.es\/en\/"},{"@type":"ListItem","position":2,"name":"Noticias UE","item":"https:\/\/www.cde.ual.es\/category\/noticias-ue\/"},{"@type":"ListItem","position":3,"name":"La Comisi\u00f3n Europea lleva a Espa\u00f1a y Eslovenia frente al TJUE"}]},{"@type":"WebSite","@id":"https:\/\/www.cde.ual.es\/#website","url":"https:\/\/www.cde.ual.es\/","name":"CDE Almer\u00eda - Centro de Documentaci\u00f3n Europea - Universidad de Almer\u00eda","description":"Centro de Documentaci\u00f3n Europea de la Universidad de Almer\u00eda","publisher":{"@id":"https:\/\/www.cde.ual.es\/#organization"},"alternateName":"CDE Almer\u00eda","potentialAction":[{"@type":"SearchAction","target":{"@type":"EntryPoint","urlTemplate":"https:\/\/www.cde.ual.es\/?s={search_term_string}"},"query-input":{"@type":"PropertyValueSpecification","valueRequired":true,"valueName":"search_term_string"}}],"inLanguage":"en-US"},{"@type":"Organization","@id":"https:\/\/www.cde.ual.es\/#organization","name":"Centro de Documentaci\u00f3n Europea de Almer\u00eda","url":"https:\/\/www.cde.ual.es\/","logo":{"@type":"ImageObject","inLanguage":"en-US","@id":"https:\/\/www.cde.ual.es\/#\/schema\/logo\/image\/","url":"https:\/\/www.cde.ual.es\/wp-content\/uploads\/2025\/07\/cde-logo-3.png","contentUrl":"https:\/\/www.cde.ual.es\/wp-content\/uploads\/2025\/07\/cde-logo-3.png","width":1400,"height":300,"caption":"Centro de Documentaci\u00f3n Europea de Almer\u00eda"},"image":{"@id":"https:\/\/www.cde.ual.es\/#\/schema\/logo\/image\/"},"sameAs":["https:\/\/www.facebook.com\/cdeuniversidadalmeria\/","https:\/\/x.com\/cdeualmeria","https:\/\/www.tiktok.com\/@cdealmeria","https:\/\/www.instagram.com\/cdealmeria\/","https:\/\/www.linkedin.com\/in\/cde-almera-812b26a9\/"]},{"@type":"Person","@id":"https:\/\/www.cde.ual.es\/#\/schema\/person\/ee46ebc19edfa19598c02cff83335acc","name":"BECA 2 CDE","image":{"@type":"ImageObject","inLanguage":"en-US","@id":"https:\/\/secure.gravatar.com\/avatar\/35a481bbc04bbd90e91bdfa3b0b5541036c222a49b9ad37b6889a2afcb5311a5?s=96&d=mm&r=g","url":"https:\/\/secure.gravatar.com\/avatar\/35a481bbc04bbd90e91bdfa3b0b5541036c222a49b9ad37b6889a2afcb5311a5?s=96&d=mm&r=g","contentUrl":"https:\/\/secure.gravatar.com\/avatar\/35a481bbc04bbd90e91bdfa3b0b5541036c222a49b9ad37b6889a2afcb5311a5?s=96&d=mm&r=g","caption":"BECA 2 CDE"},"sameAs":["http:\/\/www.cdealmeria.com"]}]}},"_links":{"self":[{"href":"https:\/\/www.cde.ual.es\/en\/wp-json\/wp\/v2\/posts\/7333","targetHints":{"allow":["GET"]}}],"collection":[{"href":"https:\/\/www.cde.ual.es\/en\/wp-json\/wp\/v2\/posts"}],"about":[{"href":"https:\/\/www.cde.ual.es\/en\/wp-json\/wp\/v2\/types\/post"}],"author":[{"embeddable":true,"href":"https:\/\/www.cde.ual.es\/en\/wp-json\/wp\/v2\/users\/101011"}],"replies":[{"embeddable":true,"href":"https:\/\/www.cde.ual.es\/en\/wp-json\/wp\/v2\/comments?post=7333"}],"version-history":[{"count":0,"href":"https:\/\/www.cde.ual.es\/en\/wp-json\/wp\/v2\/posts\/7333\/revisions"}],"wp:featuredmedia":[{"embeddable":true,"href":"https:\/\/www.cde.ual.es\/en\/wp-json\/wp\/v2\/media\/5648"}],"wp:attachment":[{"href":"https:\/\/www.cde.ual.es\/en\/wp-json\/wp\/v2\/media?parent=7333"}],"wp:term":[{"taxonomy":"category","embeddable":true,"href":"https:\/\/www.cde.ual.es\/en\/wp-json\/wp\/v2\/categories?post=7333"},{"taxonomy":"post_tag","embeddable":true,"href":"https:\/\/www.cde.ual.es\/en\/wp-json\/wp\/v2\/tags?post=7333"}],"curies":[{"name":"wp","href":"https:\/\/api.w.org\/{rel}","templated":true}]}}