{"id":7317,"date":"2018-07-23T13:25:03","date_gmt":"2018-07-23T11:25:03","guid":{"rendered":"http:\/\/www.cde.ual.es\/?p=7317"},"modified":"2018-07-23T13:25:03","modified_gmt":"2018-07-23T11:25:03","slug":"la-comision-crea-un-grupo-director-de-promocion-de-la-salud-prevencion-de-enfermedades-y-gestion-de-enfermedades-no-transferibles","status":"publish","type":"post","link":"https:\/\/www.cde.ual.es\/en\/la-comision-crea-un-grupo-director-de-promocion-de-la-salud-prevencion-de-enfermedades-y-gestion-de-enfermedades-no-transferibles\/","title":{"rendered":"La Comisi\u00f3n crea un Grupo Director de Promoci\u00f3n de la Salud, Prevenci\u00f3n de Enfermedades y Gesti\u00f3n de Enfermedades no Transferibles"},"content":{"rendered":"<p>&nbsp;<\/p>\n<p><a href=\"http:\/\/www.cde.ual.es\/wp-content\/uploads\/2018\/07\/Salud.jpg\"><img decoding=\"async\" class=\"size-medium wp-image-7424 aligncenter\" src=\"http:\/\/www.cde.ual.es\/wp-content\/uploads\/2018\/07\/Salud-300x200.jpg\" alt=\"\" width=\"300\" height=\"200\" srcset=\"https:\/\/www.cde.ual.es\/wp-content\/uploads\/2018\/07\/Salud-300x200.jpg 300w, https:\/\/www.cde.ual.es\/wp-content\/uploads\/2018\/07\/Salud.jpg 510w\" sizes=\"(max-width: 300px) 100vw, 300px\" \/><\/a><\/p>\n<p>Para apoyar a los pa\u00edses en la consecuci\u00f3n de los objetivos internacionales, la Comisi\u00f3n ha puesto en marcha un Grupo director sobre promoci\u00f3n de la salud, prevenci\u00f3n de enfermedades y gesti\u00f3n de las enfermedades no transmisibles (el Grupo director sobre promoci\u00f3n y prevenci\u00f3n, o SGPP por sus siglas en ingl\u00e9s).\u00a0El pasado 17 de julio, la Comisi\u00f3n tom\u00f3 esta decisi\u00f3n que establece a este grupo como un organismo especializado, que aporte una perspectiva amplia de la pol\u00edtica de salud p\u00fablica. Adem\u00e1s, se podr\u00e1n establecer subgrupos de trabajo para temas espec\u00edficos durante periodos limitados de tiempo. De esta forma, los organismos especializados en enfermedades espec\u00edficas ya existentes de la Comisi\u00f3n ser\u00e1n reemplazados por este Grupo Director.<\/p>\n<p>El Grupo director toma posiciones sobre las acciones prioritarias que deben ejecutarse en todos los \u00e1mbitos de la promoci\u00f3n de la salud y la prevenci\u00f3n de las enfermedades no transmisibles, como la lucha contra las desigualdades en materia de salud, la nutrici\u00f3n, la actividad f\u00edsica, la reducci\u00f3n de los da\u00f1os relacionados con el consumo de tabaco y alcohol y el cribado, as\u00ed como la gesti\u00f3n de las enfermedades no transmisibles, incluido el c\u00e1ncer, la salud mental, las enfermedades raras, las enfermedades cardiovasculares, la diabetes y otras enfermedades y afecciones.<\/p>\n<h3>Objetivos<\/h3>\n<p style=\"font-weight: 400;\">El objetivo de este Grupo Director es ayudar a los Estados Miembros a alcanzar las metas de desarrollo sostenible relacionadas con la salud y reducir la mortalidad prematura en casos de enfermedades no transferibles. Este grupo aconsejar\u00e1 a la Comisi\u00f3n sobre la elecci\u00f3n de las mejores pr\u00e1cticas para usarlas como apoyo a su traslado y ampliaci\u00f3n a nivel nacional y europeo usando los fondos del Programa de Salud de la UE u otros instrumentos financieros de la UE.<\/p>\n<h3>M\u00e9todos de Trabajo<\/h3>\n<p>Las\u00a0<a href=\"https:\/\/ec.europa.eu\/health\/non_communicable_diseases\/events_en#anchor3\">actividades del Grupo director<\/a>\u00a0est\u00e1n destinadas a facilitar la aplicaci\u00f3n de las mejores pr\u00e1cticas constatadas por los pa\u00edses de la UE, con el fin de garantizar la puesta en pr\u00e1ctica de los hallazgos y conocimientos m\u00e1s avanzados.<\/p>\n<p>Como parte del proceso, la Comisi\u00f3n presenta al Grupo director pol\u00edticas y planteamientos de eficacia demostrada, seleccionados conforme a las prioridades nacionales y de la UE y basados en\u00a0<a href=\"https:\/\/ec.europa.eu\/health\/sites\/health\/files\/major_chronic_diseases\/docs\/sgpp_bestpracticescriteria_en.pdf\" target=\"_blank\" rel=\"noopener\">criterios<\/a><a class=\"wtLaco\"><span class=\"offscreen\">Buscar traducciones disponibles del enlace anterior\u00a0<\/span><\/a>consensuados. Los pa\u00edses de la UE indican cu\u00e1les de ellos est\u00e1n interesados en llevar a la pr\u00e1ctica o en desarrollar. La Comisi\u00f3n determina entonces las mejores opciones para apoyar la aplicaci\u00f3n de estas pol\u00edticas, utilizando todos los instrumentos a su alcance.<\/p>\n<p>El\u00a0<a href=\"https:\/\/ec.europa.eu\/health\/sites\/health\/files\/major_chronic_diseases\/docs\/sgpp_mandate_en.pdf\" target=\"_blank\" rel=\"noopener\">mandato<\/a>\u00a0proporciona informaci\u00f3n complementaria sobre el papel del SGPP y sus \u00e1mbitos de trabajo hasta el a\u00f1o 2020.<\/p>\n<h3>Recursos<\/h3>\n<p>El trabajo del Grupo director contar\u00e1 con el apoyo de recursos online sobre la promoci\u00f3n de la salud y la prevenci\u00f3n y gesti\u00f3n de las enfermedades no transmisibles, como por ejemplo:<\/p>\n<ul>\n<li>un\u00a0<a href=\"https:\/\/ec.europa.eu\/jrc\/en\/health-knowledge-gateway\" target=\"_blank\" rel=\"noopener\">portal de conocimientos<\/a>\u00a0sobre la promoci\u00f3n de la salud y la prevenci\u00f3n de las enfermedades<\/li>\n<li>un centro de calidad de la asistencia sanitaria, previsto para principios de 2018<\/li>\n<li>un portal de las mejores pr\u00e1cticas para su consulta e intercambio, que se pondr\u00e1 en marcha en la primavera de 2018<\/li>\n<li>una recopilaci\u00f3n de documentos clave sobre atenci\u00f3n integrada, que se publicar\u00e1 en la Plataforma de Pol\u00edtica Sanitaria en 2018<\/li>\n<li>un resumen de las opciones de financiaci\u00f3n a trav\u00e9s de los programas e iniciativas de la UE.<\/li>\n<\/ul>\n<p style=\"font-weight: 400;\">\n","protected":false},"excerpt":{"rendered":"<p>&nbsp; Para apoyar a los pa\u00edses en la consecuci\u00f3n de los objetivos internacionales, la Comisi\u00f3n ha puesto en marcha un Grupo director sobre promoci\u00f3n de la salud, prevenci\u00f3n de enfermedades y gesti\u00f3n de las enfermedades no transmisibles (el Grupo director sobre promoci\u00f3n y prevenci\u00f3n, o SGPP por sus siglas en ingl\u00e9s).\u00a0El pasado 17 de julio, [&hellip;]<\/p>\n","protected":false},"author":1,"featured_media":7424,"comment_status":"open","ping_status":"open","sticky":false,"template":"","format":"standard","meta":{"_acf_changed":false,"_relevanssi_hide_post":"","_relevanssi_hide_content":"","_relevanssi_pin_for_all":"","_relevanssi_pin_keywords":"","_relevanssi_unpin_keywords":"","_relevanssi_related_keywords":"","_relevanssi_related_include_ids":"","_relevanssi_related_exclude_ids":"","_relevanssi_related_no_append":"","_relevanssi_related_not_related":"","_relevanssi_related_posts":"","_relevanssi_noindex_reason":"","_monsterinsights_skip_tracking":false,"_monsterinsights_sitenote_active":false,"_monsterinsights_sitenote_note":"","_monsterinsights_sitenote_category":0,"_genesis_hide_title":false,"_genesis_hide_breadcrumbs":false,"_genesis_hide_singular_image":false,"_genesis_hide_footer_widgets":false,"_genesis_custom_body_class":"","_genesis_custom_post_class":"","_genesis_layout":"","footnotes":""},"categories":[96],"tags":[140],"class_list":{"0":"post-7317","1":"post","2":"type-post","3":"status-publish","4":"format-standard","5":"has-post-thumbnail","7":"category-noticias-ue","8":"tag-salud","9":"entry"},"acf":[],"yoast_head":"<!-- This site is optimized with the Yoast SEO plugin v27.5 - https:\/\/yoast.com\/product\/yoast-seo-wordpress\/ -->\n<title>La Comisi\u00f3n crea un Grupo Director de Promoci\u00f3n de la Salud, Prevenci\u00f3n de Enfermedades y Gesti\u00f3n de Enfermedades no Transferibles | CDE Almer\u00eda - Centro de Documentaci\u00f3n Europea - Universidad de Almer\u00eda<\/title>\n<meta name=\"robots\" content=\"index, follow, max-snippet:-1, max-image-preview:large, max-video-preview:-1\" \/>\n<link rel=\"canonical\" href=\"https:\/\/www.cde.ual.es\/la-comision-crea-un-grupo-director-de-promocion-de-la-salud-prevencion-de-enfermedades-y-gestion-de-enfermedades-no-transferibles\/\" \/>\n<meta property=\"og:locale\" content=\"en_US\" \/>\n<meta property=\"og:type\" content=\"article\" \/>\n<meta property=\"og:title\" content=\"La Comisi\u00f3n crea un Grupo Director de Promoci\u00f3n de la Salud, Prevenci\u00f3n de Enfermedades y Gesti\u00f3n de Enfermedades no Transferibles | CDE Almer\u00eda - Centro de Documentaci\u00f3n Europea - Universidad de Almer\u00eda\" \/>\n<meta property=\"og:description\" content=\"&nbsp; Para apoyar a los pa\u00edses en la consecuci\u00f3n de los objetivos internacionales, la Comisi\u00f3n ha puesto en marcha un Grupo director sobre promoci\u00f3n de la salud, prevenci\u00f3n de enfermedades y gesti\u00f3n de las enfermedades no transmisibles (el Grupo director sobre promoci\u00f3n y prevenci\u00f3n, o SGPP por sus siglas en ingl\u00e9s).\u00a0El pasado 17 de julio, [&hellip;]\" \/>\n<meta property=\"og:url\" content=\"https:\/\/www.cde.ual.es\/la-comision-crea-un-grupo-director-de-promocion-de-la-salud-prevencion-de-enfermedades-y-gestion-de-enfermedades-no-transferibles\/\" \/>\n<meta property=\"og:site_name\" content=\"CDE Almer\u00eda - Centro de Documentaci\u00f3n Europea - Universidad de Almer\u00eda\" \/>\n<meta property=\"article:publisher\" content=\"https:\/\/www.facebook.com\/cdeuniversidadalmeria\/\" \/>\n<meta property=\"article:published_time\" content=\"2018-07-23T11:25:03+00:00\" \/>\n<meta property=\"og:image\" content=\"https:\/\/www.cde.ual.es\/wp-content\/uploads\/2018\/07\/Salud.jpg\" \/>\n\t<meta property=\"og:image:width\" content=\"510\" \/>\n\t<meta property=\"og:image:height\" content=\"340\" \/>\n\t<meta property=\"og:image:type\" content=\"image\/jpeg\" \/>\n<meta name=\"author\" content=\"AdminCDE\" \/>\n<meta name=\"twitter:card\" content=\"summary_large_image\" \/>\n<meta name=\"twitter:creator\" content=\"@cdeualmeria\" \/>\n<meta name=\"twitter:site\" content=\"@cdeualmeria\" \/>\n<meta name=\"twitter:label1\" content=\"Written by\" \/>\n\t<meta name=\"twitter:data1\" content=\"AdminCDE\" \/>\n\t<meta name=\"twitter:label2\" content=\"Est. reading time\" \/>\n\t<meta name=\"twitter:data2\" content=\"3 minutes\" \/>\n<script type=\"application\/ld+json\" class=\"yoast-schema-graph\">{\"@context\":\"https:\\\/\\\/schema.org\",\"@graph\":[{\"@type\":\"Article\",\"@id\":\"https:\\\/\\\/www.cde.ual.es\\\/la-comision-crea-un-grupo-director-de-promocion-de-la-salud-prevencion-de-enfermedades-y-gestion-de-enfermedades-no-transferibles\\\/#article\",\"isPartOf\":{\"@id\":\"https:\\\/\\\/www.cde.ual.es\\\/la-comision-crea-un-grupo-director-de-promocion-de-la-salud-prevencion-de-enfermedades-y-gestion-de-enfermedades-no-transferibles\\\/\"},\"author\":{\"name\":\"AdminCDE\",\"@id\":\"https:\\\/\\\/www.cde.ual.es\\\/#\\\/schema\\\/person\\\/224ef08c8bcc005f319d2713ce37ee5f\"},\"headline\":\"La Comisi\u00f3n crea un Grupo Director de Promoci\u00f3n de la Salud, Prevenci\u00f3n de Enfermedades y Gesti\u00f3n de Enfermedades no Transferibles\",\"datePublished\":\"2018-07-23T11:25:03+00:00\",\"mainEntityOfPage\":{\"@id\":\"https:\\\/\\\/www.cde.ual.es\\\/la-comision-crea-un-grupo-director-de-promocion-de-la-salud-prevencion-de-enfermedades-y-gestion-de-enfermedades-no-transferibles\\\/\"},\"wordCount\":618,\"commentCount\":0,\"publisher\":{\"@id\":\"https:\\\/\\\/www.cde.ual.es\\\/#organization\"},\"image\":{\"@id\":\"https:\\\/\\\/www.cde.ual.es\\\/la-comision-crea-un-grupo-director-de-promocion-de-la-salud-prevencion-de-enfermedades-y-gestion-de-enfermedades-no-transferibles\\\/#primaryimage\"},\"thumbnailUrl\":\"https:\\\/\\\/www.cde.ual.es\\\/wp-content\\\/uploads\\\/2018\\\/07\\\/Salud.jpg\",\"keywords\":[\"Salud\"],\"articleSection\":[\"Noticias UE\"],\"inLanguage\":\"en-US\",\"potentialAction\":[{\"@type\":\"CommentAction\",\"name\":\"Comment\",\"target\":[\"https:\\\/\\\/www.cde.ual.es\\\/la-comision-crea-un-grupo-director-de-promocion-de-la-salud-prevencion-de-enfermedades-y-gestion-de-enfermedades-no-transferibles\\\/#respond\"]}]},{\"@type\":\"WebPage\",\"@id\":\"https:\\\/\\\/www.cde.ual.es\\\/la-comision-crea-un-grupo-director-de-promocion-de-la-salud-prevencion-de-enfermedades-y-gestion-de-enfermedades-no-transferibles\\\/\",\"url\":\"https:\\\/\\\/www.cde.ual.es\\\/la-comision-crea-un-grupo-director-de-promocion-de-la-salud-prevencion-de-enfermedades-y-gestion-de-enfermedades-no-transferibles\\\/\",\"name\":\"La Comisi\u00f3n crea un Grupo Director de Promoci\u00f3n de la Salud, Prevenci\u00f3n de Enfermedades y Gesti\u00f3n de Enfermedades no Transferibles | CDE Almer\u00eda - Centro de Documentaci\u00f3n Europea - Universidad de Almer\u00eda\",\"isPartOf\":{\"@id\":\"https:\\\/\\\/www.cde.ual.es\\\/#website\"},\"primaryImageOfPage\":{\"@id\":\"https:\\\/\\\/www.cde.ual.es\\\/la-comision-crea-un-grupo-director-de-promocion-de-la-salud-prevencion-de-enfermedades-y-gestion-de-enfermedades-no-transferibles\\\/#primaryimage\"},\"image\":{\"@id\":\"https:\\\/\\\/www.cde.ual.es\\\/la-comision-crea-un-grupo-director-de-promocion-de-la-salud-prevencion-de-enfermedades-y-gestion-de-enfermedades-no-transferibles\\\/#primaryimage\"},\"thumbnailUrl\":\"https:\\\/\\\/www.cde.ual.es\\\/wp-content\\\/uploads\\\/2018\\\/07\\\/Salud.jpg\",\"datePublished\":\"2018-07-23T11:25:03+00:00\",\"breadcrumb\":{\"@id\":\"https:\\\/\\\/www.cde.ual.es\\\/la-comision-crea-un-grupo-director-de-promocion-de-la-salud-prevencion-de-enfermedades-y-gestion-de-enfermedades-no-transferibles\\\/#breadcrumb\"},\"inLanguage\":\"en-US\",\"potentialAction\":[{\"@type\":\"ReadAction\",\"target\":[\"https:\\\/\\\/www.cde.ual.es\\\/la-comision-crea-un-grupo-director-de-promocion-de-la-salud-prevencion-de-enfermedades-y-gestion-de-enfermedades-no-transferibles\\\/\"]}]},{\"@type\":\"ImageObject\",\"inLanguage\":\"en-US\",\"@id\":\"https:\\\/\\\/www.cde.ual.es\\\/la-comision-crea-un-grupo-director-de-promocion-de-la-salud-prevencion-de-enfermedades-y-gestion-de-enfermedades-no-transferibles\\\/#primaryimage\",\"url\":\"https:\\\/\\\/www.cde.ual.es\\\/wp-content\\\/uploads\\\/2018\\\/07\\\/Salud.jpg\",\"contentUrl\":\"https:\\\/\\\/www.cde.ual.es\\\/wp-content\\\/uploads\\\/2018\\\/07\\\/Salud.jpg\",\"width\":510,\"height\":340},{\"@type\":\"BreadcrumbList\",\"@id\":\"https:\\\/\\\/www.cde.ual.es\\\/la-comision-crea-un-grupo-director-de-promocion-de-la-salud-prevencion-de-enfermedades-y-gestion-de-enfermedades-no-transferibles\\\/#breadcrumb\",\"itemListElement\":[{\"@type\":\"ListItem\",\"position\":1,\"name\":\"Inicio\",\"item\":\"https:\\\/\\\/www.cde.ual.es\\\/en\\\/\"},{\"@type\":\"ListItem\",\"position\":2,\"name\":\"Noticias UE\",\"item\":\"https:\\\/\\\/www.cde.ual.es\\\/category\\\/noticias-ue\\\/\"},{\"@type\":\"ListItem\",\"position\":3,\"name\":\"La Comisi\u00f3n crea un Grupo Director de Promoci\u00f3n de la Salud, Prevenci\u00f3n de Enfermedades y Gesti\u00f3n de Enfermedades no Transferibles\"}]},{\"@type\":\"WebSite\",\"@id\":\"https:\\\/\\\/www.cde.ual.es\\\/#website\",\"url\":\"https:\\\/\\\/www.cde.ual.es\\\/\",\"name\":\"CDE Almer\u00eda - Centro de Documentaci\u00f3n Europea - Universidad de Almer\u00eda\",\"description\":\"Centro de Documentaci\u00f3n Europea de la Universidad de Almer\u00eda\",\"publisher\":{\"@id\":\"https:\\\/\\\/www.cde.ual.es\\\/#organization\"},\"alternateName\":\"CDE Almer\u00eda\",\"potentialAction\":[{\"@type\":\"SearchAction\",\"target\":{\"@type\":\"EntryPoint\",\"urlTemplate\":\"https:\\\/\\\/www.cde.ual.es\\\/?s={search_term_string}\"},\"query-input\":{\"@type\":\"PropertyValueSpecification\",\"valueRequired\":true,\"valueName\":\"search_term_string\"}}],\"inLanguage\":\"en-US\"},{\"@type\":\"Organization\",\"@id\":\"https:\\\/\\\/www.cde.ual.es\\\/#organization\",\"name\":\"Centro de Documentaci\u00f3n Europea de Almer\u00eda\",\"url\":\"https:\\\/\\\/www.cde.ual.es\\\/\",\"logo\":{\"@type\":\"ImageObject\",\"inLanguage\":\"en-US\",\"@id\":\"https:\\\/\\\/www.cde.ual.es\\\/#\\\/schema\\\/logo\\\/image\\\/\",\"url\":\"https:\\\/\\\/www.cde.ual.es\\\/wp-content\\\/uploads\\\/2025\\\/07\\\/cde-logo-3.png\",\"contentUrl\":\"https:\\\/\\\/www.cde.ual.es\\\/wp-content\\\/uploads\\\/2025\\\/07\\\/cde-logo-3.png\",\"width\":1400,\"height\":300,\"caption\":\"Centro de Documentaci\u00f3n Europea de Almer\u00eda\"},\"image\":{\"@id\":\"https:\\\/\\\/www.cde.ual.es\\\/#\\\/schema\\\/logo\\\/image\\\/\"},\"sameAs\":[\"https:\\\/\\\/www.facebook.com\\\/cdeuniversidadalmeria\\\/\",\"https:\\\/\\\/x.com\\\/cdeualmeria\",\"https:\\\/\\\/www.tiktok.com\\\/@cdealmeria\",\"https:\\\/\\\/www.instagram.com\\\/cdealmeria\\\/\",\"https:\\\/\\\/www.linkedin.com\\\/in\\\/cde-almera-812b26a9\\\/\"]},{\"@type\":\"Person\",\"@id\":\"https:\\\/\\\/www.cde.ual.es\\\/#\\\/schema\\\/person\\\/224ef08c8bcc005f319d2713ce37ee5f\",\"name\":\"AdminCDE\",\"image\":{\"@type\":\"ImageObject\",\"inLanguage\":\"en-US\",\"@id\":\"https:\\\/\\\/secure.gravatar.com\\\/avatar\\\/a72d038d371f995cd13706fac32274b7952a52e8fb0a84b5f80c85426f2a98a8?s=96&d=mm&r=g\",\"url\":\"https:\\\/\\\/secure.gravatar.com\\\/avatar\\\/a72d038d371f995cd13706fac32274b7952a52e8fb0a84b5f80c85426f2a98a8?s=96&d=mm&r=g\",\"contentUrl\":\"https:\\\/\\\/secure.gravatar.com\\\/avatar\\\/a72d038d371f995cd13706fac32274b7952a52e8fb0a84b5f80c85426f2a98a8?s=96&d=mm&r=g\",\"caption\":\"AdminCDE\"}}]}<\/script>\n<!-- \/ Yoast SEO plugin. -->","yoast_head_json":{"title":"La Comisi\u00f3n crea un Grupo Director de Promoci\u00f3n de la Salud, Prevenci\u00f3n de Enfermedades y Gesti\u00f3n de Enfermedades no Transferibles | CDE Almer\u00eda - Centro de Documentaci\u00f3n Europea - Universidad de Almer\u00eda","robots":{"index":"index","follow":"follow","max-snippet":"max-snippet:-1","max-image-preview":"max-image-preview:large","max-video-preview":"max-video-preview:-1"},"canonical":"https:\/\/www.cde.ual.es\/la-comision-crea-un-grupo-director-de-promocion-de-la-salud-prevencion-de-enfermedades-y-gestion-de-enfermedades-no-transferibles\/","og_locale":"en_US","og_type":"article","og_title":"La Comisi\u00f3n crea un Grupo Director de Promoci\u00f3n de la Salud, Prevenci\u00f3n de Enfermedades y Gesti\u00f3n de Enfermedades no Transferibles | CDE Almer\u00eda - Centro de Documentaci\u00f3n Europea - Universidad de Almer\u00eda","og_description":"&nbsp; Para apoyar a los pa\u00edses en la consecuci\u00f3n de los objetivos internacionales, la Comisi\u00f3n ha puesto en marcha un Grupo director sobre promoci\u00f3n de la salud, prevenci\u00f3n de enfermedades y gesti\u00f3n de las enfermedades no transmisibles (el Grupo director sobre promoci\u00f3n y prevenci\u00f3n, o SGPP por sus siglas en ingl\u00e9s).\u00a0El pasado 17 de julio, [&hellip;]","og_url":"https:\/\/www.cde.ual.es\/la-comision-crea-un-grupo-director-de-promocion-de-la-salud-prevencion-de-enfermedades-y-gestion-de-enfermedades-no-transferibles\/","og_site_name":"CDE Almer\u00eda - Centro de Documentaci\u00f3n Europea - Universidad de Almer\u00eda","article_publisher":"https:\/\/www.facebook.com\/cdeuniversidadalmeria\/","article_published_time":"2018-07-23T11:25:03+00:00","og_image":[{"width":510,"height":340,"url":"https:\/\/www.cde.ual.es\/wp-content\/uploads\/2018\/07\/Salud.jpg","type":"image\/jpeg"}],"author":"AdminCDE","twitter_card":"summary_large_image","twitter_creator":"@cdeualmeria","twitter_site":"@cdeualmeria","twitter_misc":{"Written by":"AdminCDE","Est. reading time":"3 minutes"},"schema":{"@context":"https:\/\/schema.org","@graph":[{"@type":"Article","@id":"https:\/\/www.cde.ual.es\/la-comision-crea-un-grupo-director-de-promocion-de-la-salud-prevencion-de-enfermedades-y-gestion-de-enfermedades-no-transferibles\/#article","isPartOf":{"@id":"https:\/\/www.cde.ual.es\/la-comision-crea-un-grupo-director-de-promocion-de-la-salud-prevencion-de-enfermedades-y-gestion-de-enfermedades-no-transferibles\/"},"author":{"name":"AdminCDE","@id":"https:\/\/www.cde.ual.es\/#\/schema\/person\/224ef08c8bcc005f319d2713ce37ee5f"},"headline":"La Comisi\u00f3n crea un Grupo Director de Promoci\u00f3n de la Salud, Prevenci\u00f3n de Enfermedades y Gesti\u00f3n de Enfermedades no Transferibles","datePublished":"2018-07-23T11:25:03+00:00","mainEntityOfPage":{"@id":"https:\/\/www.cde.ual.es\/la-comision-crea-un-grupo-director-de-promocion-de-la-salud-prevencion-de-enfermedades-y-gestion-de-enfermedades-no-transferibles\/"},"wordCount":618,"commentCount":0,"publisher":{"@id":"https:\/\/www.cde.ual.es\/#organization"},"image":{"@id":"https:\/\/www.cde.ual.es\/la-comision-crea-un-grupo-director-de-promocion-de-la-salud-prevencion-de-enfermedades-y-gestion-de-enfermedades-no-transferibles\/#primaryimage"},"thumbnailUrl":"https:\/\/www.cde.ual.es\/wp-content\/uploads\/2018\/07\/Salud.jpg","keywords":["Salud"],"articleSection":["Noticias UE"],"inLanguage":"en-US","potentialAction":[{"@type":"CommentAction","name":"Comment","target":["https:\/\/www.cde.ual.es\/la-comision-crea-un-grupo-director-de-promocion-de-la-salud-prevencion-de-enfermedades-y-gestion-de-enfermedades-no-transferibles\/#respond"]}]},{"@type":"WebPage","@id":"https:\/\/www.cde.ual.es\/la-comision-crea-un-grupo-director-de-promocion-de-la-salud-prevencion-de-enfermedades-y-gestion-de-enfermedades-no-transferibles\/","url":"https:\/\/www.cde.ual.es\/la-comision-crea-un-grupo-director-de-promocion-de-la-salud-prevencion-de-enfermedades-y-gestion-de-enfermedades-no-transferibles\/","name":"La Comisi\u00f3n crea un Grupo Director de Promoci\u00f3n de la Salud, Prevenci\u00f3n de Enfermedades y Gesti\u00f3n de Enfermedades no Transferibles | CDE Almer\u00eda - Centro de Documentaci\u00f3n Europea - Universidad de Almer\u00eda","isPartOf":{"@id":"https:\/\/www.cde.ual.es\/#website"},"primaryImageOfPage":{"@id":"https:\/\/www.cde.ual.es\/la-comision-crea-un-grupo-director-de-promocion-de-la-salud-prevencion-de-enfermedades-y-gestion-de-enfermedades-no-transferibles\/#primaryimage"},"image":{"@id":"https:\/\/www.cde.ual.es\/la-comision-crea-un-grupo-director-de-promocion-de-la-salud-prevencion-de-enfermedades-y-gestion-de-enfermedades-no-transferibles\/#primaryimage"},"thumbnailUrl":"https:\/\/www.cde.ual.es\/wp-content\/uploads\/2018\/07\/Salud.jpg","datePublished":"2018-07-23T11:25:03+00:00","breadcrumb":{"@id":"https:\/\/www.cde.ual.es\/la-comision-crea-un-grupo-director-de-promocion-de-la-salud-prevencion-de-enfermedades-y-gestion-de-enfermedades-no-transferibles\/#breadcrumb"},"inLanguage":"en-US","potentialAction":[{"@type":"ReadAction","target":["https:\/\/www.cde.ual.es\/la-comision-crea-un-grupo-director-de-promocion-de-la-salud-prevencion-de-enfermedades-y-gestion-de-enfermedades-no-transferibles\/"]}]},{"@type":"ImageObject","inLanguage":"en-US","@id":"https:\/\/www.cde.ual.es\/la-comision-crea-un-grupo-director-de-promocion-de-la-salud-prevencion-de-enfermedades-y-gestion-de-enfermedades-no-transferibles\/#primaryimage","url":"https:\/\/www.cde.ual.es\/wp-content\/uploads\/2018\/07\/Salud.jpg","contentUrl":"https:\/\/www.cde.ual.es\/wp-content\/uploads\/2018\/07\/Salud.jpg","width":510,"height":340},{"@type":"BreadcrumbList","@id":"https:\/\/www.cde.ual.es\/la-comision-crea-un-grupo-director-de-promocion-de-la-salud-prevencion-de-enfermedades-y-gestion-de-enfermedades-no-transferibles\/#breadcrumb","itemListElement":[{"@type":"ListItem","position":1,"name":"Inicio","item":"https:\/\/www.cde.ual.es\/en\/"},{"@type":"ListItem","position":2,"name":"Noticias UE","item":"https:\/\/www.cde.ual.es\/category\/noticias-ue\/"},{"@type":"ListItem","position":3,"name":"La Comisi\u00f3n crea un Grupo Director de Promoci\u00f3n de la Salud, Prevenci\u00f3n de Enfermedades y Gesti\u00f3n de Enfermedades no Transferibles"}]},{"@type":"WebSite","@id":"https:\/\/www.cde.ual.es\/#website","url":"https:\/\/www.cde.ual.es\/","name":"CDE Almer\u00eda - Centro de Documentaci\u00f3n Europea - Universidad de Almer\u00eda","description":"Centro de Documentaci\u00f3n Europea de la Universidad de Almer\u00eda","publisher":{"@id":"https:\/\/www.cde.ual.es\/#organization"},"alternateName":"CDE Almer\u00eda","potentialAction":[{"@type":"SearchAction","target":{"@type":"EntryPoint","urlTemplate":"https:\/\/www.cde.ual.es\/?s={search_term_string}"},"query-input":{"@type":"PropertyValueSpecification","valueRequired":true,"valueName":"search_term_string"}}],"inLanguage":"en-US"},{"@type":"Organization","@id":"https:\/\/www.cde.ual.es\/#organization","name":"Centro de Documentaci\u00f3n Europea de Almer\u00eda","url":"https:\/\/www.cde.ual.es\/","logo":{"@type":"ImageObject","inLanguage":"en-US","@id":"https:\/\/www.cde.ual.es\/#\/schema\/logo\/image\/","url":"https:\/\/www.cde.ual.es\/wp-content\/uploads\/2025\/07\/cde-logo-3.png","contentUrl":"https:\/\/www.cde.ual.es\/wp-content\/uploads\/2025\/07\/cde-logo-3.png","width":1400,"height":300,"caption":"Centro de Documentaci\u00f3n Europea de Almer\u00eda"},"image":{"@id":"https:\/\/www.cde.ual.es\/#\/schema\/logo\/image\/"},"sameAs":["https:\/\/www.facebook.com\/cdeuniversidadalmeria\/","https:\/\/x.com\/cdeualmeria","https:\/\/www.tiktok.com\/@cdealmeria","https:\/\/www.instagram.com\/cdealmeria\/","https:\/\/www.linkedin.com\/in\/cde-almera-812b26a9\/"]},{"@type":"Person","@id":"https:\/\/www.cde.ual.es\/#\/schema\/person\/224ef08c8bcc005f319d2713ce37ee5f","name":"AdminCDE","image":{"@type":"ImageObject","inLanguage":"en-US","@id":"https:\/\/secure.gravatar.com\/avatar\/a72d038d371f995cd13706fac32274b7952a52e8fb0a84b5f80c85426f2a98a8?s=96&d=mm&r=g","url":"https:\/\/secure.gravatar.com\/avatar\/a72d038d371f995cd13706fac32274b7952a52e8fb0a84b5f80c85426f2a98a8?s=96&d=mm&r=g","contentUrl":"https:\/\/secure.gravatar.com\/avatar\/a72d038d371f995cd13706fac32274b7952a52e8fb0a84b5f80c85426f2a98a8?s=96&d=mm&r=g","caption":"AdminCDE"}}]}},"_links":{"self":[{"href":"https:\/\/www.cde.ual.es\/en\/wp-json\/wp\/v2\/posts\/7317","targetHints":{"allow":["GET"]}}],"collection":[{"href":"https:\/\/www.cde.ual.es\/en\/wp-json\/wp\/v2\/posts"}],"about":[{"href":"https:\/\/www.cde.ual.es\/en\/wp-json\/wp\/v2\/types\/post"}],"author":[{"embeddable":true,"href":"https:\/\/www.cde.ual.es\/en\/wp-json\/wp\/v2\/users\/1"}],"replies":[{"embeddable":true,"href":"https:\/\/www.cde.ual.es\/en\/wp-json\/wp\/v2\/comments?post=7317"}],"version-history":[{"count":0,"href":"https:\/\/www.cde.ual.es\/en\/wp-json\/wp\/v2\/posts\/7317\/revisions"}],"wp:featuredmedia":[{"embeddable":true,"href":"https:\/\/www.cde.ual.es\/en\/wp-json\/wp\/v2\/media\/7424"}],"wp:attachment":[{"href":"https:\/\/www.cde.ual.es\/en\/wp-json\/wp\/v2\/media?parent=7317"}],"wp:term":[{"taxonomy":"category","embeddable":true,"href":"https:\/\/www.cde.ual.es\/en\/wp-json\/wp\/v2\/categories?post=7317"},{"taxonomy":"post_tag","embeddable":true,"href":"https:\/\/www.cde.ual.es\/en\/wp-json\/wp\/v2\/tags?post=7317"}],"curies":[{"name":"wp","href":"https:\/\/api.w.org\/{rel}","templated":true}]}}