{"id":7304,"date":"2018-07-31T12:00:31","date_gmt":"2018-07-31T10:00:31","guid":{"rendered":"http:\/\/www.cde.ual.es\/?p=7304"},"modified":"2018-09-13T15:02:45","modified_gmt":"2018-09-13T13:02:45","slug":"lecturas-de-verano-recomendadas-por-el-instituto-europeo-de-igualdad-de-genero","status":"publish","type":"post","link":"https:\/\/www.cde.ual.es\/en\/lecturas-de-verano-recomendadas-por-el-instituto-europeo-de-igualdad-de-genero\/","title":{"rendered":"Lecturas de verano recomendadas por el Instituto Europeo de Igualdad de G\u00e9nero"},"content":{"rendered":"<p><a href=\"http:\/\/www.cde.ual.es\/wp-content\/uploads\/2018\/07\/Lecturas-de-verano-igualdad-genero.png\"><img decoding=\"async\" class=\"size-medium wp-image-7308 aligncenter\" src=\"http:\/\/www.cde.ual.es\/wp-content\/uploads\/2018\/07\/Lecturas-de-verano-igualdad-genero-300x150.png\" alt=\"\" width=\"300\" height=\"150\" srcset=\"https:\/\/www.cde.ual.es\/wp-content\/uploads\/2018\/07\/Lecturas-de-verano-igualdad-genero-300x150.png 300w, https:\/\/www.cde.ual.es\/wp-content\/uploads\/2018\/07\/Lecturas-de-verano-igualdad-genero.png 567w\" sizes=\"(max-width: 300px) 100vw, 300px\" \/><\/a><\/p>\n<h3>\u00bfEst\u00e1s buscando algo interesante para leer durante las vacaciones de verano? \u00bfPor qu\u00e9 no consultar nuestra lista de lectura para ver una serie de t\u00edtulos de igualdad de g\u00e9nero?<\/h3>\n<p>La lectura es una buena manera de pasar el tiempo, si no la mejor!. Mientras disfrutas de tu descanso, te mantienes al d\u00eda sobre los \u00faltimos asuntos de igualdad de g\u00e9nero. \u00bfQu\u00e9 te parece la propuesta?<\/p>\n<h3>El Instituto Europeo de Igualdad de G\u00e9nero te propone la siguiente lista:<\/h3>\n<p><a href=\"http:\/\/eige.europa.eu\/resources\/BDGG-Brochure-Web-ENGLISH.pdf\">Cerrando la brecha digital de g\u00e9nero<\/a> \/ Laberenz, Lennart. Laboratorio de Betterplace, 2017.<br \/>\n<a href=\"http:\/\/eige.europa.eu\/resources\/SE_Gender_Practical-Guide.pdf\">Gu\u00eda pr\u00e1ctica para mejorar la igualdad de g\u00e9nero en las organizaciones de investigaci\u00f3n<\/a> \/ Science Europe, 2017.<br \/>\n<a href=\"http:\/\/eige.europa.eu\/resources\/3--atlas-zur-gleichstellung-von-frauen-und-maennern-in-deutschland-englisch-data.pdf\">Tercer atlas de igualdad de g\u00e9nero para Alemania<\/a> \/ Ministerio Federal de Asuntos de la Familia, Personas Mayores, Mujeres y J\u00f3venes, 2016.<br \/>\n<a href=\"http:\/\/eige.europa.eu\/resources\/wcms_457317.pdf\">Tendencias de la mujer en el trabajo 2016<\/a> \/ Organizaci\u00f3n Internacional del Trabajo (OIT). 2016.<br \/>\n<a href=\"http:\/\/eige.europa.eu\/resources\/WomeninMiddleManagement.pdf\">Mujeres en puestos intermedios en Italia, Letonia, Ruman\u00eda, Espa\u00f1a y Reino Unido<\/a> \/ AFAEMME (Asociaci\u00f3n de Organizaciones de Mujeres Empresarias del Mediterr\u00e1neo), 2016.<br \/>\n<a href=\"http:\/\/eige.europa.eu\/resources\/WomeninScience.pdf\">Mujeres en empresas de ciencia, tecnolog\u00eda e ingenier\u00eda en Italia, Letonia, Ruman\u00eda, Espa\u00f1a y Reino Unido \/<\/a> AFAEMME (Asociaci\u00f3n de organizaciones de empresarias mediterr\u00e1neas), 2016.<br \/>\n<a href=\"http:\/\/eige.europa.eu\/resources\/wcms_371804.pdf\">Brecha salarial de la maternidad: una revisi\u00f3n de los problemas, la teor\u00eda y la evidencia internacional<\/a> \/ Damian Grimshaw y Jill Rubery. OIT, 2015.<\/p>\n<p>Que disfrutes de la lectura.<\/p>\n","protected":false},"excerpt":{"rendered":"<p>\u00bfEst\u00e1s buscando algo interesante para leer durante las vacaciones de verano? \u00bfPor qu\u00e9 no consultar nuestra lista de lectura para ver una serie de t\u00edtulos de igualdad de g\u00e9nero? La lectura es una buena manera de pasar el tiempo, si no la mejor!. Mientras disfrutas de tu descanso, te mantienes al d\u00eda sobre los \u00faltimos [&hellip;]<\/p>\n","protected":false},"author":1,"featured_media":7308,"comment_status":"open","ping_status":"open","sticky":false,"template":"","format":"standard","meta":{"_acf_changed":false,"_relevanssi_hide_post":"","_relevanssi_hide_content":"","_relevanssi_pin_for_all":"","_relevanssi_pin_keywords":"","_relevanssi_unpin_keywords":"","_relevanssi_related_keywords":"","_relevanssi_related_include_ids":"","_relevanssi_related_exclude_ids":"","_relevanssi_related_no_append":"","_relevanssi_related_not_related":"","_relevanssi_related_posts":"","_relevanssi_noindex_reason":"","_monsterinsights_skip_tracking":false,"_monsterinsights_sitenote_active":false,"_monsterinsights_sitenote_note":"","_monsterinsights_sitenote_category":0,"_genesis_hide_title":false,"_genesis_hide_breadcrumbs":false,"_genesis_hide_singular_image":false,"_genesis_hide_footer_widgets":false,"_genesis_custom_body_class":"","_genesis_custom_post_class":"","_genesis_layout":"","footnotes":""},"categories":[96],"tags":[149,135],"class_list":{"0":"post-7304","1":"post","2":"type-post","3":"status-publish","4":"format-standard","5":"has-post-thumbnail","7":"category-noticias-ue","8":"tag-igualdad-de-genero","9":"tag-union-europea","10":"entry"},"acf":[],"yoast_head":"<!-- This site is optimized with the Yoast SEO plugin v27.4 - https:\/\/yoast.com\/product\/yoast-seo-wordpress\/ -->\n<title>Lecturas de verano recomendadas por el Instituto Europeo de Igualdad de G\u00e9nero | CDE Almer\u00eda - Centro de Documentaci\u00f3n Europea - Universidad de Almer\u00eda<\/title>\n<meta name=\"robots\" content=\"index, follow, max-snippet:-1, max-image-preview:large, max-video-preview:-1\" \/>\n<link rel=\"canonical\" href=\"https:\/\/www.cde.ual.es\/lecturas-de-verano-recomendadas-por-el-instituto-europeo-de-igualdad-de-genero\/\" \/>\n<meta property=\"og:locale\" content=\"en_US\" \/>\n<meta property=\"og:type\" content=\"article\" \/>\n<meta property=\"og:title\" content=\"Lecturas de verano recomendadas por el Instituto Europeo de Igualdad de G\u00e9nero | CDE Almer\u00eda - Centro de Documentaci\u00f3n Europea - Universidad de Almer\u00eda\" \/>\n<meta property=\"og:description\" content=\"\u00bfEst\u00e1s buscando algo interesante para leer durante las vacaciones de verano? \u00bfPor qu\u00e9 no consultar nuestra lista de lectura para ver una serie de t\u00edtulos de igualdad de g\u00e9nero? La lectura es una buena manera de pasar el tiempo, si no la mejor!. Mientras disfrutas de tu descanso, te mantienes al d\u00eda sobre los \u00faltimos [&hellip;]\" \/>\n<meta property=\"og:url\" content=\"https:\/\/www.cde.ual.es\/lecturas-de-verano-recomendadas-por-el-instituto-europeo-de-igualdad-de-genero\/\" \/>\n<meta property=\"og:site_name\" content=\"CDE Almer\u00eda - Centro de Documentaci\u00f3n Europea - Universidad de Almer\u00eda\" \/>\n<meta property=\"article:publisher\" content=\"https:\/\/www.facebook.com\/cdeuniversidadalmeria\/\" \/>\n<meta property=\"article:published_time\" content=\"2018-07-31T10:00:31+00:00\" \/>\n<meta property=\"article:modified_time\" content=\"2018-09-13T13:02:45+00:00\" \/>\n<meta property=\"og:image\" content=\"https:\/\/www.cde.ual.es\/wp-content\/uploads\/2018\/07\/Lecturas-de-verano-igualdad-genero.png\" \/>\n\t<meta property=\"og:image:width\" content=\"567\" \/>\n\t<meta property=\"og:image:height\" content=\"283\" \/>\n\t<meta property=\"og:image:type\" content=\"image\/png\" \/>\n<meta name=\"author\" content=\"AdminCDE\" \/>\n<meta name=\"twitter:card\" content=\"summary_large_image\" \/>\n<meta name=\"twitter:creator\" content=\"@cdeualmeria\" \/>\n<meta name=\"twitter:site\" content=\"@cdeualmeria\" \/>\n<meta name=\"twitter:label1\" content=\"Written by\" \/>\n\t<meta name=\"twitter:data1\" content=\"AdminCDE\" \/>\n\t<meta name=\"twitter:label2\" content=\"Est. reading time\" \/>\n\t<meta name=\"twitter:data2\" content=\"1 minute\" \/>\n<script type=\"application\/ld+json\" class=\"yoast-schema-graph\">{\"@context\":\"https:\\\/\\\/schema.org\",\"@graph\":[{\"@type\":\"Article\",\"@id\":\"https:\\\/\\\/www.cde.ual.es\\\/lecturas-de-verano-recomendadas-por-el-instituto-europeo-de-igualdad-de-genero\\\/#article\",\"isPartOf\":{\"@id\":\"https:\\\/\\\/www.cde.ual.es\\\/lecturas-de-verano-recomendadas-por-el-instituto-europeo-de-igualdad-de-genero\\\/\"},\"author\":{\"name\":\"AdminCDE\",\"@id\":\"https:\\\/\\\/www.cde.ual.es\\\/#\\\/schema\\\/person\\\/224ef08c8bcc005f319d2713ce37ee5f\"},\"headline\":\"Lecturas de verano recomendadas por el Instituto Europeo de Igualdad de G\u00e9nero\",\"datePublished\":\"2018-07-31T10:00:31+00:00\",\"dateModified\":\"2018-09-13T13:02:45+00:00\",\"mainEntityOfPage\":{\"@id\":\"https:\\\/\\\/www.cde.ual.es\\\/lecturas-de-verano-recomendadas-por-el-instituto-europeo-de-igualdad-de-genero\\\/\"},\"wordCount\":245,\"commentCount\":0,\"publisher\":{\"@id\":\"https:\\\/\\\/www.cde.ual.es\\\/#organization\"},\"image\":{\"@id\":\"https:\\\/\\\/www.cde.ual.es\\\/lecturas-de-verano-recomendadas-por-el-instituto-europeo-de-igualdad-de-genero\\\/#primaryimage\"},\"thumbnailUrl\":\"https:\\\/\\\/www.cde.ual.es\\\/wp-content\\\/uploads\\\/2018\\\/07\\\/Lecturas-de-verano-igualdad-genero.png\",\"keywords\":[\"Igualdad de Genero\",\"Uni\u00f3n Europea\"],\"articleSection\":[\"Noticias UE\"],\"inLanguage\":\"en-US\",\"potentialAction\":[{\"@type\":\"CommentAction\",\"name\":\"Comment\",\"target\":[\"https:\\\/\\\/www.cde.ual.es\\\/lecturas-de-verano-recomendadas-por-el-instituto-europeo-de-igualdad-de-genero\\\/#respond\"]}]},{\"@type\":\"WebPage\",\"@id\":\"https:\\\/\\\/www.cde.ual.es\\\/lecturas-de-verano-recomendadas-por-el-instituto-europeo-de-igualdad-de-genero\\\/\",\"url\":\"https:\\\/\\\/www.cde.ual.es\\\/lecturas-de-verano-recomendadas-por-el-instituto-europeo-de-igualdad-de-genero\\\/\",\"name\":\"Lecturas de verano recomendadas por el Instituto Europeo de Igualdad de G\u00e9nero | CDE Almer\u00eda - Centro de Documentaci\u00f3n Europea - Universidad de Almer\u00eda\",\"isPartOf\":{\"@id\":\"https:\\\/\\\/www.cde.ual.es\\\/#website\"},\"primaryImageOfPage\":{\"@id\":\"https:\\\/\\\/www.cde.ual.es\\\/lecturas-de-verano-recomendadas-por-el-instituto-europeo-de-igualdad-de-genero\\\/#primaryimage\"},\"image\":{\"@id\":\"https:\\\/\\\/www.cde.ual.es\\\/lecturas-de-verano-recomendadas-por-el-instituto-europeo-de-igualdad-de-genero\\\/#primaryimage\"},\"thumbnailUrl\":\"https:\\\/\\\/www.cde.ual.es\\\/wp-content\\\/uploads\\\/2018\\\/07\\\/Lecturas-de-verano-igualdad-genero.png\",\"datePublished\":\"2018-07-31T10:00:31+00:00\",\"dateModified\":\"2018-09-13T13:02:45+00:00\",\"breadcrumb\":{\"@id\":\"https:\\\/\\\/www.cde.ual.es\\\/lecturas-de-verano-recomendadas-por-el-instituto-europeo-de-igualdad-de-genero\\\/#breadcrumb\"},\"inLanguage\":\"en-US\",\"potentialAction\":[{\"@type\":\"ReadAction\",\"target\":[\"https:\\\/\\\/www.cde.ual.es\\\/lecturas-de-verano-recomendadas-por-el-instituto-europeo-de-igualdad-de-genero\\\/\"]}]},{\"@type\":\"ImageObject\",\"inLanguage\":\"en-US\",\"@id\":\"https:\\\/\\\/www.cde.ual.es\\\/lecturas-de-verano-recomendadas-por-el-instituto-europeo-de-igualdad-de-genero\\\/#primaryimage\",\"url\":\"https:\\\/\\\/www.cde.ual.es\\\/wp-content\\\/uploads\\\/2018\\\/07\\\/Lecturas-de-verano-igualdad-genero.png\",\"contentUrl\":\"https:\\\/\\\/www.cde.ual.es\\\/wp-content\\\/uploads\\\/2018\\\/07\\\/Lecturas-de-verano-igualdad-genero.png\",\"width\":567,\"height\":283},{\"@type\":\"BreadcrumbList\",\"@id\":\"https:\\\/\\\/www.cde.ual.es\\\/lecturas-de-verano-recomendadas-por-el-instituto-europeo-de-igualdad-de-genero\\\/#breadcrumb\",\"itemListElement\":[{\"@type\":\"ListItem\",\"position\":1,\"name\":\"Inicio\",\"item\":\"https:\\\/\\\/www.cde.ual.es\\\/en\\\/\"},{\"@type\":\"ListItem\",\"position\":2,\"name\":\"Noticias UE\",\"item\":\"https:\\\/\\\/www.cde.ual.es\\\/category\\\/noticias-ue\\\/\"},{\"@type\":\"ListItem\",\"position\":3,\"name\":\"Lecturas de verano recomendadas por el Instituto Europeo de Igualdad de G\u00e9nero\"}]},{\"@type\":\"WebSite\",\"@id\":\"https:\\\/\\\/www.cde.ual.es\\\/#website\",\"url\":\"https:\\\/\\\/www.cde.ual.es\\\/\",\"name\":\"CDE Almer\u00eda - Centro de Documentaci\u00f3n Europea - Universidad de Almer\u00eda\",\"description\":\"Centro de Documentaci\u00f3n Europea de la Universidad de Almer\u00eda\",\"publisher\":{\"@id\":\"https:\\\/\\\/www.cde.ual.es\\\/#organization\"},\"alternateName\":\"CDE Almer\u00eda\",\"potentialAction\":[{\"@type\":\"SearchAction\",\"target\":{\"@type\":\"EntryPoint\",\"urlTemplate\":\"https:\\\/\\\/www.cde.ual.es\\\/?s={search_term_string}\"},\"query-input\":{\"@type\":\"PropertyValueSpecification\",\"valueRequired\":true,\"valueName\":\"search_term_string\"}}],\"inLanguage\":\"en-US\"},{\"@type\":\"Organization\",\"@id\":\"https:\\\/\\\/www.cde.ual.es\\\/#organization\",\"name\":\"Centro de Documentaci\u00f3n Europea de Almer\u00eda\",\"url\":\"https:\\\/\\\/www.cde.ual.es\\\/\",\"logo\":{\"@type\":\"ImageObject\",\"inLanguage\":\"en-US\",\"@id\":\"https:\\\/\\\/www.cde.ual.es\\\/#\\\/schema\\\/logo\\\/image\\\/\",\"url\":\"https:\\\/\\\/www.cde.ual.es\\\/wp-content\\\/uploads\\\/2025\\\/07\\\/cde-logo-3.png\",\"contentUrl\":\"https:\\\/\\\/www.cde.ual.es\\\/wp-content\\\/uploads\\\/2025\\\/07\\\/cde-logo-3.png\",\"width\":1400,\"height\":300,\"caption\":\"Centro de Documentaci\u00f3n Europea de Almer\u00eda\"},\"image\":{\"@id\":\"https:\\\/\\\/www.cde.ual.es\\\/#\\\/schema\\\/logo\\\/image\\\/\"},\"sameAs\":[\"https:\\\/\\\/www.facebook.com\\\/cdeuniversidadalmeria\\\/\",\"https:\\\/\\\/x.com\\\/cdeualmeria\",\"https:\\\/\\\/www.tiktok.com\\\/@cdealmeria\",\"https:\\\/\\\/www.instagram.com\\\/cdealmeria\\\/\",\"https:\\\/\\\/www.linkedin.com\\\/in\\\/cde-almera-812b26a9\\\/\"]},{\"@type\":\"Person\",\"@id\":\"https:\\\/\\\/www.cde.ual.es\\\/#\\\/schema\\\/person\\\/224ef08c8bcc005f319d2713ce37ee5f\",\"name\":\"AdminCDE\",\"image\":{\"@type\":\"ImageObject\",\"inLanguage\":\"en-US\",\"@id\":\"https:\\\/\\\/secure.gravatar.com\\\/avatar\\\/a72d038d371f995cd13706fac32274b7952a52e8fb0a84b5f80c85426f2a98a8?s=96&d=mm&r=g\",\"url\":\"https:\\\/\\\/secure.gravatar.com\\\/avatar\\\/a72d038d371f995cd13706fac32274b7952a52e8fb0a84b5f80c85426f2a98a8?s=96&d=mm&r=g\",\"contentUrl\":\"https:\\\/\\\/secure.gravatar.com\\\/avatar\\\/a72d038d371f995cd13706fac32274b7952a52e8fb0a84b5f80c85426f2a98a8?s=96&d=mm&r=g\",\"caption\":\"AdminCDE\"}}]}<\/script>\n<!-- \/ Yoast SEO plugin. -->","yoast_head_json":{"title":"Lecturas de verano recomendadas por el Instituto Europeo de Igualdad de G\u00e9nero | CDE Almer\u00eda - Centro de Documentaci\u00f3n Europea - Universidad de Almer\u00eda","robots":{"index":"index","follow":"follow","max-snippet":"max-snippet:-1","max-image-preview":"max-image-preview:large","max-video-preview":"max-video-preview:-1"},"canonical":"https:\/\/www.cde.ual.es\/lecturas-de-verano-recomendadas-por-el-instituto-europeo-de-igualdad-de-genero\/","og_locale":"en_US","og_type":"article","og_title":"Lecturas de verano recomendadas por el Instituto Europeo de Igualdad de G\u00e9nero | CDE Almer\u00eda - Centro de Documentaci\u00f3n Europea - Universidad de Almer\u00eda","og_description":"\u00bfEst\u00e1s buscando algo interesante para leer durante las vacaciones de verano? \u00bfPor qu\u00e9 no consultar nuestra lista de lectura para ver una serie de t\u00edtulos de igualdad de g\u00e9nero? La lectura es una buena manera de pasar el tiempo, si no la mejor!. Mientras disfrutas de tu descanso, te mantienes al d\u00eda sobre los \u00faltimos [&hellip;]","og_url":"https:\/\/www.cde.ual.es\/lecturas-de-verano-recomendadas-por-el-instituto-europeo-de-igualdad-de-genero\/","og_site_name":"CDE Almer\u00eda - Centro de Documentaci\u00f3n Europea - Universidad de Almer\u00eda","article_publisher":"https:\/\/www.facebook.com\/cdeuniversidadalmeria\/","article_published_time":"2018-07-31T10:00:31+00:00","article_modified_time":"2018-09-13T13:02:45+00:00","og_image":[{"width":567,"height":283,"url":"https:\/\/www.cde.ual.es\/wp-content\/uploads\/2018\/07\/Lecturas-de-verano-igualdad-genero.png","type":"image\/png"}],"author":"AdminCDE","twitter_card":"summary_large_image","twitter_creator":"@cdeualmeria","twitter_site":"@cdeualmeria","twitter_misc":{"Written by":"AdminCDE","Est. reading time":"1 minute"},"schema":{"@context":"https:\/\/schema.org","@graph":[{"@type":"Article","@id":"https:\/\/www.cde.ual.es\/lecturas-de-verano-recomendadas-por-el-instituto-europeo-de-igualdad-de-genero\/#article","isPartOf":{"@id":"https:\/\/www.cde.ual.es\/lecturas-de-verano-recomendadas-por-el-instituto-europeo-de-igualdad-de-genero\/"},"author":{"name":"AdminCDE","@id":"https:\/\/www.cde.ual.es\/#\/schema\/person\/224ef08c8bcc005f319d2713ce37ee5f"},"headline":"Lecturas de verano recomendadas por el Instituto Europeo de Igualdad de G\u00e9nero","datePublished":"2018-07-31T10:00:31+00:00","dateModified":"2018-09-13T13:02:45+00:00","mainEntityOfPage":{"@id":"https:\/\/www.cde.ual.es\/lecturas-de-verano-recomendadas-por-el-instituto-europeo-de-igualdad-de-genero\/"},"wordCount":245,"commentCount":0,"publisher":{"@id":"https:\/\/www.cde.ual.es\/#organization"},"image":{"@id":"https:\/\/www.cde.ual.es\/lecturas-de-verano-recomendadas-por-el-instituto-europeo-de-igualdad-de-genero\/#primaryimage"},"thumbnailUrl":"https:\/\/www.cde.ual.es\/wp-content\/uploads\/2018\/07\/Lecturas-de-verano-igualdad-genero.png","keywords":["Igualdad de Genero","Uni\u00f3n Europea"],"articleSection":["Noticias UE"],"inLanguage":"en-US","potentialAction":[{"@type":"CommentAction","name":"Comment","target":["https:\/\/www.cde.ual.es\/lecturas-de-verano-recomendadas-por-el-instituto-europeo-de-igualdad-de-genero\/#respond"]}]},{"@type":"WebPage","@id":"https:\/\/www.cde.ual.es\/lecturas-de-verano-recomendadas-por-el-instituto-europeo-de-igualdad-de-genero\/","url":"https:\/\/www.cde.ual.es\/lecturas-de-verano-recomendadas-por-el-instituto-europeo-de-igualdad-de-genero\/","name":"Lecturas de verano recomendadas por el Instituto Europeo de Igualdad de G\u00e9nero | CDE Almer\u00eda - Centro de Documentaci\u00f3n Europea - Universidad de Almer\u00eda","isPartOf":{"@id":"https:\/\/www.cde.ual.es\/#website"},"primaryImageOfPage":{"@id":"https:\/\/www.cde.ual.es\/lecturas-de-verano-recomendadas-por-el-instituto-europeo-de-igualdad-de-genero\/#primaryimage"},"image":{"@id":"https:\/\/www.cde.ual.es\/lecturas-de-verano-recomendadas-por-el-instituto-europeo-de-igualdad-de-genero\/#primaryimage"},"thumbnailUrl":"https:\/\/www.cde.ual.es\/wp-content\/uploads\/2018\/07\/Lecturas-de-verano-igualdad-genero.png","datePublished":"2018-07-31T10:00:31+00:00","dateModified":"2018-09-13T13:02:45+00:00","breadcrumb":{"@id":"https:\/\/www.cde.ual.es\/lecturas-de-verano-recomendadas-por-el-instituto-europeo-de-igualdad-de-genero\/#breadcrumb"},"inLanguage":"en-US","potentialAction":[{"@type":"ReadAction","target":["https:\/\/www.cde.ual.es\/lecturas-de-verano-recomendadas-por-el-instituto-europeo-de-igualdad-de-genero\/"]}]},{"@type":"ImageObject","inLanguage":"en-US","@id":"https:\/\/www.cde.ual.es\/lecturas-de-verano-recomendadas-por-el-instituto-europeo-de-igualdad-de-genero\/#primaryimage","url":"https:\/\/www.cde.ual.es\/wp-content\/uploads\/2018\/07\/Lecturas-de-verano-igualdad-genero.png","contentUrl":"https:\/\/www.cde.ual.es\/wp-content\/uploads\/2018\/07\/Lecturas-de-verano-igualdad-genero.png","width":567,"height":283},{"@type":"BreadcrumbList","@id":"https:\/\/www.cde.ual.es\/lecturas-de-verano-recomendadas-por-el-instituto-europeo-de-igualdad-de-genero\/#breadcrumb","itemListElement":[{"@type":"ListItem","position":1,"name":"Inicio","item":"https:\/\/www.cde.ual.es\/en\/"},{"@type":"ListItem","position":2,"name":"Noticias UE","item":"https:\/\/www.cde.ual.es\/category\/noticias-ue\/"},{"@type":"ListItem","position":3,"name":"Lecturas de verano recomendadas por el Instituto Europeo de Igualdad de G\u00e9nero"}]},{"@type":"WebSite","@id":"https:\/\/www.cde.ual.es\/#website","url":"https:\/\/www.cde.ual.es\/","name":"CDE Almer\u00eda - Centro de Documentaci\u00f3n Europea - Universidad de Almer\u00eda","description":"Centro de Documentaci\u00f3n Europea de la Universidad de Almer\u00eda","publisher":{"@id":"https:\/\/www.cde.ual.es\/#organization"},"alternateName":"CDE Almer\u00eda","potentialAction":[{"@type":"SearchAction","target":{"@type":"EntryPoint","urlTemplate":"https:\/\/www.cde.ual.es\/?s={search_term_string}"},"query-input":{"@type":"PropertyValueSpecification","valueRequired":true,"valueName":"search_term_string"}}],"inLanguage":"en-US"},{"@type":"Organization","@id":"https:\/\/www.cde.ual.es\/#organization","name":"Centro de Documentaci\u00f3n Europea de Almer\u00eda","url":"https:\/\/www.cde.ual.es\/","logo":{"@type":"ImageObject","inLanguage":"en-US","@id":"https:\/\/www.cde.ual.es\/#\/schema\/logo\/image\/","url":"https:\/\/www.cde.ual.es\/wp-content\/uploads\/2025\/07\/cde-logo-3.png","contentUrl":"https:\/\/www.cde.ual.es\/wp-content\/uploads\/2025\/07\/cde-logo-3.png","width":1400,"height":300,"caption":"Centro de Documentaci\u00f3n Europea de Almer\u00eda"},"image":{"@id":"https:\/\/www.cde.ual.es\/#\/schema\/logo\/image\/"},"sameAs":["https:\/\/www.facebook.com\/cdeuniversidadalmeria\/","https:\/\/x.com\/cdeualmeria","https:\/\/www.tiktok.com\/@cdealmeria","https:\/\/www.instagram.com\/cdealmeria\/","https:\/\/www.linkedin.com\/in\/cde-almera-812b26a9\/"]},{"@type":"Person","@id":"https:\/\/www.cde.ual.es\/#\/schema\/person\/224ef08c8bcc005f319d2713ce37ee5f","name":"AdminCDE","image":{"@type":"ImageObject","inLanguage":"en-US","@id":"https:\/\/secure.gravatar.com\/avatar\/a72d038d371f995cd13706fac32274b7952a52e8fb0a84b5f80c85426f2a98a8?s=96&d=mm&r=g","url":"https:\/\/secure.gravatar.com\/avatar\/a72d038d371f995cd13706fac32274b7952a52e8fb0a84b5f80c85426f2a98a8?s=96&d=mm&r=g","contentUrl":"https:\/\/secure.gravatar.com\/avatar\/a72d038d371f995cd13706fac32274b7952a52e8fb0a84b5f80c85426f2a98a8?s=96&d=mm&r=g","caption":"AdminCDE"}}]}},"_links":{"self":[{"href":"https:\/\/www.cde.ual.es\/en\/wp-json\/wp\/v2\/posts\/7304","targetHints":{"allow":["GET"]}}],"collection":[{"href":"https:\/\/www.cde.ual.es\/en\/wp-json\/wp\/v2\/posts"}],"about":[{"href":"https:\/\/www.cde.ual.es\/en\/wp-json\/wp\/v2\/types\/post"}],"author":[{"embeddable":true,"href":"https:\/\/www.cde.ual.es\/en\/wp-json\/wp\/v2\/users\/1"}],"replies":[{"embeddable":true,"href":"https:\/\/www.cde.ual.es\/en\/wp-json\/wp\/v2\/comments?post=7304"}],"version-history":[{"count":0,"href":"https:\/\/www.cde.ual.es\/en\/wp-json\/wp\/v2\/posts\/7304\/revisions"}],"wp:featuredmedia":[{"embeddable":true,"href":"https:\/\/www.cde.ual.es\/en\/wp-json\/wp\/v2\/media\/7308"}],"wp:attachment":[{"href":"https:\/\/www.cde.ual.es\/en\/wp-json\/wp\/v2\/media?parent=7304"}],"wp:term":[{"taxonomy":"category","embeddable":true,"href":"https:\/\/www.cde.ual.es\/en\/wp-json\/wp\/v2\/categories?post=7304"},{"taxonomy":"post_tag","embeddable":true,"href":"https:\/\/www.cde.ual.es\/en\/wp-json\/wp\/v2\/tags?post=7304"}],"curies":[{"name":"wp","href":"https:\/\/api.w.org\/{rel}","templated":true}]}}