{"id":7288,"date":"2018-07-19T11:02:06","date_gmt":"2018-07-19T09:02:06","guid":{"rendered":"http:\/\/www.cde.ual.es\/?p=7288"},"modified":"2018-07-19T11:02:06","modified_gmt":"2018-07-19T09:02:06","slug":"european-citizens-initiative-what-is-it","status":"publish","type":"post","link":"https:\/\/www.cde.ual.es\/en\/european-citizens-initiative-what-is-it\/","title":{"rendered":"European Citizens\u2019 Initiative: What is it?"},"content":{"rendered":"<p>T\u00edtulo:\u00a0 European Citizens\u2019 Initiative: What is it?<\/p>\n<p>Autor:\u00a0 Comisi\u00f3n Europea<\/p>\n<p>Duraci\u00f3n:\u00a0 01:28<\/p>\n<p>Resumen:\u00a0\u00a0\u00bfTiene alguna idea sobre c\u00f3mo enfrentar un desaf\u00edo que tiene Europa? \u00bfSientes que tu voz sola no es lo suficientemente alta para ser escuchada? Con la Iniciativa Ciudadana Europea, puede unirse a otros europeos para hacer y apoyar propuestas concretas en \u00e1reas de los poderes de la Comisi\u00f3n Europea.<\/p>\n<p>Fecha de publicaci\u00f3n: 17-07-2018<\/p>\n<p><a href=\"https:\/\/youtu.be\/WZW1MLajwUE\"><img decoding=\"async\" class=\"wp-image-7290 aligncenter\" src=\"http:\/\/www.cde.ual.es\/wp-content\/uploads\/2018\/07\/European_Citizens_Initiative-300x168.png\" alt=\"\" width=\"466\" height=\"261\" srcset=\"https:\/\/www.cde.ual.es\/wp-content\/uploads\/2018\/07\/European_Citizens_Initiative-300x168.png 300w, https:\/\/www.cde.ual.es\/wp-content\/uploads\/2018\/07\/European_Citizens_Initiative-768x431.png 768w, https:\/\/www.cde.ual.es\/wp-content\/uploads\/2018\/07\/European_Citizens_Initiative.png 856w\" sizes=\"(max-width: 466px) 100vw, 466px\" \/><\/a><\/p>\n","protected":false},"excerpt":{"rendered":"<p>T\u00edtulo:\u00a0 European Citizens\u2019 Initiative: What is it? Autor:\u00a0 Comisi\u00f3n Europea Duraci\u00f3n:\u00a0 01:28 Resumen:\u00a0\u00a0\u00bfTiene alguna idea sobre c\u00f3mo enfrentar un desaf\u00edo que tiene Europa? \u00bfSientes que tu voz sola no es lo suficientemente alta para ser escuchada? Con la Iniciativa Ciudadana Europea, puede unirse a otros europeos para hacer y apoyar propuestas concretas en \u00e1reas de [&hellip;]<\/p>\n","protected":false},"author":101011,"featured_media":7290,"comment_status":"open","ping_status":"open","sticky":false,"template":"","format":"standard","meta":{"_acf_changed":false,"_relevanssi_hide_post":"","_relevanssi_hide_content":"","_relevanssi_pin_for_all":"","_relevanssi_pin_keywords":"","_relevanssi_unpin_keywords":"","_relevanssi_related_keywords":"","_relevanssi_related_include_ids":"","_relevanssi_related_exclude_ids":"","_relevanssi_related_no_append":"","_relevanssi_related_not_related":"","_relevanssi_related_posts":"","_relevanssi_noindex_reason":"","_monsterinsights_skip_tracking":false,"_monsterinsights_sitenote_active":false,"_monsterinsights_sitenote_note":"","_monsterinsights_sitenote_category":0,"_genesis_hide_title":false,"_genesis_hide_breadcrumbs":false,"_genesis_hide_singular_image":false,"_genesis_hide_footer_widgets":false,"_genesis_custom_body_class":"","_genesis_custom_post_class":"","_genesis_layout":"","footnotes":""},"categories":[125,115],"tags":[],"class_list":{"0":"post-7288","1":"post","2":"type-post","3":"status-publish","4":"format-standard","5":"has-post-thumbnail","7":"category-mediateca-union-europea","8":"category-repositorio-mediateca","9":"entry"},"acf":[],"yoast_head":"<!-- This site is optimized with the Yoast SEO plugin v27.4 - https:\/\/yoast.com\/product\/yoast-seo-wordpress\/ -->\n<title>European Citizens\u2019 Initiative: What is it? | CDE Almer\u00eda - Centro de Documentaci\u00f3n Europea - Universidad de Almer\u00eda<\/title>\n<meta name=\"robots\" content=\"index, follow, max-snippet:-1, max-image-preview:large, max-video-preview:-1\" \/>\n<link rel=\"canonical\" href=\"https:\/\/www.cde.ual.es\/european-citizens-initiative-what-is-it\/\" \/>\n<meta property=\"og:locale\" content=\"en_US\" \/>\n<meta property=\"og:type\" content=\"article\" \/>\n<meta property=\"og:title\" content=\"European Citizens\u2019 Initiative: What is it? | CDE Almer\u00eda - Centro de Documentaci\u00f3n Europea - Universidad de Almer\u00eda\" \/>\n<meta property=\"og:description\" content=\"T\u00edtulo:\u00a0 European Citizens\u2019 Initiative: What is it? Autor:\u00a0 Comisi\u00f3n Europea Duraci\u00f3n:\u00a0 01:28 Resumen:\u00a0\u00a0\u00bfTiene alguna idea sobre c\u00f3mo enfrentar un desaf\u00edo que tiene Europa? \u00bfSientes que tu voz sola no es lo suficientemente alta para ser escuchada? Con la Iniciativa Ciudadana Europea, puede unirse a otros europeos para hacer y apoyar propuestas concretas en \u00e1reas de [&hellip;]\" \/>\n<meta property=\"og:url\" content=\"https:\/\/www.cde.ual.es\/european-citizens-initiative-what-is-it\/\" \/>\n<meta property=\"og:site_name\" content=\"CDE Almer\u00eda - Centro de Documentaci\u00f3n Europea - Universidad de Almer\u00eda\" \/>\n<meta property=\"article:publisher\" content=\"https:\/\/www.facebook.com\/cdeuniversidadalmeria\/\" \/>\n<meta property=\"article:published_time\" content=\"2018-07-19T09:02:06+00:00\" \/>\n<meta property=\"og:image\" content=\"https:\/\/www.cde.ual.es\/wp-content\/uploads\/2018\/07\/European_Citizens_Initiative.png\" \/>\n\t<meta property=\"og:image:width\" content=\"856\" \/>\n\t<meta property=\"og:image:height\" content=\"480\" \/>\n\t<meta property=\"og:image:type\" content=\"image\/png\" \/>\n<meta name=\"author\" content=\"BECA 2 CDE\" \/>\n<meta name=\"twitter:card\" content=\"summary_large_image\" \/>\n<meta name=\"twitter:creator\" content=\"@cdeualmeria\" \/>\n<meta name=\"twitter:site\" content=\"@cdeualmeria\" \/>\n<meta name=\"twitter:label1\" content=\"Written by\" \/>\n\t<meta name=\"twitter:data1\" content=\"BECA 2 CDE\" \/>\n<script type=\"application\/ld+json\" class=\"yoast-schema-graph\">{\"@context\":\"https:\\\/\\\/schema.org\",\"@graph\":[{\"@type\":\"Article\",\"@id\":\"https:\\\/\\\/www.cde.ual.es\\\/european-citizens-initiative-what-is-it\\\/#article\",\"isPartOf\":{\"@id\":\"https:\\\/\\\/www.cde.ual.es\\\/european-citizens-initiative-what-is-it\\\/\"},\"author\":{\"name\":\"BECA 2 CDE\",\"@id\":\"https:\\\/\\\/www.cde.ual.es\\\/#\\\/schema\\\/person\\\/ee46ebc19edfa19598c02cff83335acc\"},\"headline\":\"European Citizens\u2019 Initiative: What is it?\",\"datePublished\":\"2018-07-19T09:02:06+00:00\",\"mainEntityOfPage\":{\"@id\":\"https:\\\/\\\/www.cde.ual.es\\\/european-citizens-initiative-what-is-it\\\/\"},\"wordCount\":79,\"commentCount\":0,\"publisher\":{\"@id\":\"https:\\\/\\\/www.cde.ual.es\\\/#organization\"},\"image\":{\"@id\":\"https:\\\/\\\/www.cde.ual.es\\\/european-citizens-initiative-what-is-it\\\/#primaryimage\"},\"thumbnailUrl\":\"https:\\\/\\\/www.cde.ual.es\\\/wp-content\\\/uploads\\\/2018\\\/07\\\/European_Citizens_Initiative.png\",\"articleSection\":[\"Mediateca - Uni\u00f3n Europea\",\"Repositorio Mediateca\"],\"inLanguage\":\"en-US\",\"potentialAction\":[{\"@type\":\"CommentAction\",\"name\":\"Comment\",\"target\":[\"https:\\\/\\\/www.cde.ual.es\\\/european-citizens-initiative-what-is-it\\\/#respond\"]}]},{\"@type\":\"WebPage\",\"@id\":\"https:\\\/\\\/www.cde.ual.es\\\/european-citizens-initiative-what-is-it\\\/\",\"url\":\"https:\\\/\\\/www.cde.ual.es\\\/european-citizens-initiative-what-is-it\\\/\",\"name\":\"European Citizens\u2019 Initiative: What is it? | CDE Almer\u00eda - Centro de Documentaci\u00f3n Europea - Universidad de Almer\u00eda\",\"isPartOf\":{\"@id\":\"https:\\\/\\\/www.cde.ual.es\\\/#website\"},\"primaryImageOfPage\":{\"@id\":\"https:\\\/\\\/www.cde.ual.es\\\/european-citizens-initiative-what-is-it\\\/#primaryimage\"},\"image\":{\"@id\":\"https:\\\/\\\/www.cde.ual.es\\\/european-citizens-initiative-what-is-it\\\/#primaryimage\"},\"thumbnailUrl\":\"https:\\\/\\\/www.cde.ual.es\\\/wp-content\\\/uploads\\\/2018\\\/07\\\/European_Citizens_Initiative.png\",\"datePublished\":\"2018-07-19T09:02:06+00:00\",\"breadcrumb\":{\"@id\":\"https:\\\/\\\/www.cde.ual.es\\\/european-citizens-initiative-what-is-it\\\/#breadcrumb\"},\"inLanguage\":\"en-US\",\"potentialAction\":[{\"@type\":\"ReadAction\",\"target\":[\"https:\\\/\\\/www.cde.ual.es\\\/european-citizens-initiative-what-is-it\\\/\"]}]},{\"@type\":\"ImageObject\",\"inLanguage\":\"en-US\",\"@id\":\"https:\\\/\\\/www.cde.ual.es\\\/european-citizens-initiative-what-is-it\\\/#primaryimage\",\"url\":\"https:\\\/\\\/www.cde.ual.es\\\/wp-content\\\/uploads\\\/2018\\\/07\\\/European_Citizens_Initiative.png\",\"contentUrl\":\"https:\\\/\\\/www.cde.ual.es\\\/wp-content\\\/uploads\\\/2018\\\/07\\\/European_Citizens_Initiative.png\",\"width\":856,\"height\":480},{\"@type\":\"BreadcrumbList\",\"@id\":\"https:\\\/\\\/www.cde.ual.es\\\/european-citizens-initiative-what-is-it\\\/#breadcrumb\",\"itemListElement\":[{\"@type\":\"ListItem\",\"position\":1,\"name\":\"Inicio\",\"item\":\"https:\\\/\\\/www.cde.ual.es\\\/en\\\/\"},{\"@type\":\"ListItem\",\"position\":2,\"name\":\"Repositorio Mediateca\",\"item\":\"https:\\\/\\\/www.cde.ual.es\\\/category\\\/repositorio-mediateca\\\/\"},{\"@type\":\"ListItem\",\"position\":3,\"name\":\"European Citizens\u2019 Initiative: What is it?\"}]},{\"@type\":\"WebSite\",\"@id\":\"https:\\\/\\\/www.cde.ual.es\\\/#website\",\"url\":\"https:\\\/\\\/www.cde.ual.es\\\/\",\"name\":\"CDE Almer\u00eda - Centro de Documentaci\u00f3n Europea - Universidad de Almer\u00eda\",\"description\":\"Centro de Documentaci\u00f3n Europea de la Universidad de Almer\u00eda\",\"publisher\":{\"@id\":\"https:\\\/\\\/www.cde.ual.es\\\/#organization\"},\"alternateName\":\"CDE Almer\u00eda\",\"potentialAction\":[{\"@type\":\"SearchAction\",\"target\":{\"@type\":\"EntryPoint\",\"urlTemplate\":\"https:\\\/\\\/www.cde.ual.es\\\/?s={search_term_string}\"},\"query-input\":{\"@type\":\"PropertyValueSpecification\",\"valueRequired\":true,\"valueName\":\"search_term_string\"}}],\"inLanguage\":\"en-US\"},{\"@type\":\"Organization\",\"@id\":\"https:\\\/\\\/www.cde.ual.es\\\/#organization\",\"name\":\"Centro de Documentaci\u00f3n Europea de Almer\u00eda\",\"url\":\"https:\\\/\\\/www.cde.ual.es\\\/\",\"logo\":{\"@type\":\"ImageObject\",\"inLanguage\":\"en-US\",\"@id\":\"https:\\\/\\\/www.cde.ual.es\\\/#\\\/schema\\\/logo\\\/image\\\/\",\"url\":\"https:\\\/\\\/www.cde.ual.es\\\/wp-content\\\/uploads\\\/2025\\\/07\\\/cde-logo-3.png\",\"contentUrl\":\"https:\\\/\\\/www.cde.ual.es\\\/wp-content\\\/uploads\\\/2025\\\/07\\\/cde-logo-3.png\",\"width\":1400,\"height\":300,\"caption\":\"Centro de Documentaci\u00f3n Europea de Almer\u00eda\"},\"image\":{\"@id\":\"https:\\\/\\\/www.cde.ual.es\\\/#\\\/schema\\\/logo\\\/image\\\/\"},\"sameAs\":[\"https:\\\/\\\/www.facebook.com\\\/cdeuniversidadalmeria\\\/\",\"https:\\\/\\\/x.com\\\/cdeualmeria\",\"https:\\\/\\\/www.tiktok.com\\\/@cdealmeria\",\"https:\\\/\\\/www.instagram.com\\\/cdealmeria\\\/\",\"https:\\\/\\\/www.linkedin.com\\\/in\\\/cde-almera-812b26a9\\\/\"]},{\"@type\":\"Person\",\"@id\":\"https:\\\/\\\/www.cde.ual.es\\\/#\\\/schema\\\/person\\\/ee46ebc19edfa19598c02cff83335acc\",\"name\":\"BECA 2 CDE\",\"image\":{\"@type\":\"ImageObject\",\"inLanguage\":\"en-US\",\"@id\":\"https:\\\/\\\/secure.gravatar.com\\\/avatar\\\/35a481bbc04bbd90e91bdfa3b0b5541036c222a49b9ad37b6889a2afcb5311a5?s=96&d=mm&r=g\",\"url\":\"https:\\\/\\\/secure.gravatar.com\\\/avatar\\\/35a481bbc04bbd90e91bdfa3b0b5541036c222a49b9ad37b6889a2afcb5311a5?s=96&d=mm&r=g\",\"contentUrl\":\"https:\\\/\\\/secure.gravatar.com\\\/avatar\\\/35a481bbc04bbd90e91bdfa3b0b5541036c222a49b9ad37b6889a2afcb5311a5?s=96&d=mm&r=g\",\"caption\":\"BECA 2 CDE\"},\"sameAs\":[\"http:\\\/\\\/www.cdealmeria.com\"]}]}<\/script>\n<!-- \/ Yoast SEO plugin. -->","yoast_head_json":{"title":"European Citizens\u2019 Initiative: What is it? | CDE Almer\u00eda - Centro de Documentaci\u00f3n Europea - Universidad de Almer\u00eda","robots":{"index":"index","follow":"follow","max-snippet":"max-snippet:-1","max-image-preview":"max-image-preview:large","max-video-preview":"max-video-preview:-1"},"canonical":"https:\/\/www.cde.ual.es\/european-citizens-initiative-what-is-it\/","og_locale":"en_US","og_type":"article","og_title":"European Citizens\u2019 Initiative: What is it? | CDE Almer\u00eda - Centro de Documentaci\u00f3n Europea - Universidad de Almer\u00eda","og_description":"T\u00edtulo:\u00a0 European Citizens\u2019 Initiative: What is it? Autor:\u00a0 Comisi\u00f3n Europea Duraci\u00f3n:\u00a0 01:28 Resumen:\u00a0\u00a0\u00bfTiene alguna idea sobre c\u00f3mo enfrentar un desaf\u00edo que tiene Europa? \u00bfSientes que tu voz sola no es lo suficientemente alta para ser escuchada? Con la Iniciativa Ciudadana Europea, puede unirse a otros europeos para hacer y apoyar propuestas concretas en \u00e1reas de [&hellip;]","og_url":"https:\/\/www.cde.ual.es\/european-citizens-initiative-what-is-it\/","og_site_name":"CDE Almer\u00eda - Centro de Documentaci\u00f3n Europea - Universidad de Almer\u00eda","article_publisher":"https:\/\/www.facebook.com\/cdeuniversidadalmeria\/","article_published_time":"2018-07-19T09:02:06+00:00","og_image":[{"width":856,"height":480,"url":"https:\/\/www.cde.ual.es\/wp-content\/uploads\/2018\/07\/European_Citizens_Initiative.png","type":"image\/png"}],"author":"BECA 2 CDE","twitter_card":"summary_large_image","twitter_creator":"@cdeualmeria","twitter_site":"@cdeualmeria","twitter_misc":{"Written by":"BECA 2 CDE"},"schema":{"@context":"https:\/\/schema.org","@graph":[{"@type":"Article","@id":"https:\/\/www.cde.ual.es\/european-citizens-initiative-what-is-it\/#article","isPartOf":{"@id":"https:\/\/www.cde.ual.es\/european-citizens-initiative-what-is-it\/"},"author":{"name":"BECA 2 CDE","@id":"https:\/\/www.cde.ual.es\/#\/schema\/person\/ee46ebc19edfa19598c02cff83335acc"},"headline":"European Citizens\u2019 Initiative: What is it?","datePublished":"2018-07-19T09:02:06+00:00","mainEntityOfPage":{"@id":"https:\/\/www.cde.ual.es\/european-citizens-initiative-what-is-it\/"},"wordCount":79,"commentCount":0,"publisher":{"@id":"https:\/\/www.cde.ual.es\/#organization"},"image":{"@id":"https:\/\/www.cde.ual.es\/european-citizens-initiative-what-is-it\/#primaryimage"},"thumbnailUrl":"https:\/\/www.cde.ual.es\/wp-content\/uploads\/2018\/07\/European_Citizens_Initiative.png","articleSection":["Mediateca - Uni\u00f3n Europea","Repositorio Mediateca"],"inLanguage":"en-US","potentialAction":[{"@type":"CommentAction","name":"Comment","target":["https:\/\/www.cde.ual.es\/european-citizens-initiative-what-is-it\/#respond"]}]},{"@type":"WebPage","@id":"https:\/\/www.cde.ual.es\/european-citizens-initiative-what-is-it\/","url":"https:\/\/www.cde.ual.es\/european-citizens-initiative-what-is-it\/","name":"European Citizens\u2019 Initiative: What is it? | CDE Almer\u00eda - Centro de Documentaci\u00f3n Europea - Universidad de Almer\u00eda","isPartOf":{"@id":"https:\/\/www.cde.ual.es\/#website"},"primaryImageOfPage":{"@id":"https:\/\/www.cde.ual.es\/european-citizens-initiative-what-is-it\/#primaryimage"},"image":{"@id":"https:\/\/www.cde.ual.es\/european-citizens-initiative-what-is-it\/#primaryimage"},"thumbnailUrl":"https:\/\/www.cde.ual.es\/wp-content\/uploads\/2018\/07\/European_Citizens_Initiative.png","datePublished":"2018-07-19T09:02:06+00:00","breadcrumb":{"@id":"https:\/\/www.cde.ual.es\/european-citizens-initiative-what-is-it\/#breadcrumb"},"inLanguage":"en-US","potentialAction":[{"@type":"ReadAction","target":["https:\/\/www.cde.ual.es\/european-citizens-initiative-what-is-it\/"]}]},{"@type":"ImageObject","inLanguage":"en-US","@id":"https:\/\/www.cde.ual.es\/european-citizens-initiative-what-is-it\/#primaryimage","url":"https:\/\/www.cde.ual.es\/wp-content\/uploads\/2018\/07\/European_Citizens_Initiative.png","contentUrl":"https:\/\/www.cde.ual.es\/wp-content\/uploads\/2018\/07\/European_Citizens_Initiative.png","width":856,"height":480},{"@type":"BreadcrumbList","@id":"https:\/\/www.cde.ual.es\/european-citizens-initiative-what-is-it\/#breadcrumb","itemListElement":[{"@type":"ListItem","position":1,"name":"Inicio","item":"https:\/\/www.cde.ual.es\/en\/"},{"@type":"ListItem","position":2,"name":"Repositorio Mediateca","item":"https:\/\/www.cde.ual.es\/category\/repositorio-mediateca\/"},{"@type":"ListItem","position":3,"name":"European Citizens\u2019 Initiative: What is it?"}]},{"@type":"WebSite","@id":"https:\/\/www.cde.ual.es\/#website","url":"https:\/\/www.cde.ual.es\/","name":"CDE Almer\u00eda - Centro de Documentaci\u00f3n Europea - Universidad de Almer\u00eda","description":"Centro de Documentaci\u00f3n Europea de la Universidad de Almer\u00eda","publisher":{"@id":"https:\/\/www.cde.ual.es\/#organization"},"alternateName":"CDE Almer\u00eda","potentialAction":[{"@type":"SearchAction","target":{"@type":"EntryPoint","urlTemplate":"https:\/\/www.cde.ual.es\/?s={search_term_string}"},"query-input":{"@type":"PropertyValueSpecification","valueRequired":true,"valueName":"search_term_string"}}],"inLanguage":"en-US"},{"@type":"Organization","@id":"https:\/\/www.cde.ual.es\/#organization","name":"Centro de Documentaci\u00f3n Europea de Almer\u00eda","url":"https:\/\/www.cde.ual.es\/","logo":{"@type":"ImageObject","inLanguage":"en-US","@id":"https:\/\/www.cde.ual.es\/#\/schema\/logo\/image\/","url":"https:\/\/www.cde.ual.es\/wp-content\/uploads\/2025\/07\/cde-logo-3.png","contentUrl":"https:\/\/www.cde.ual.es\/wp-content\/uploads\/2025\/07\/cde-logo-3.png","width":1400,"height":300,"caption":"Centro de Documentaci\u00f3n Europea de Almer\u00eda"},"image":{"@id":"https:\/\/www.cde.ual.es\/#\/schema\/logo\/image\/"},"sameAs":["https:\/\/www.facebook.com\/cdeuniversidadalmeria\/","https:\/\/x.com\/cdeualmeria","https:\/\/www.tiktok.com\/@cdealmeria","https:\/\/www.instagram.com\/cdealmeria\/","https:\/\/www.linkedin.com\/in\/cde-almera-812b26a9\/"]},{"@type":"Person","@id":"https:\/\/www.cde.ual.es\/#\/schema\/person\/ee46ebc19edfa19598c02cff83335acc","name":"BECA 2 CDE","image":{"@type":"ImageObject","inLanguage":"en-US","@id":"https:\/\/secure.gravatar.com\/avatar\/35a481bbc04bbd90e91bdfa3b0b5541036c222a49b9ad37b6889a2afcb5311a5?s=96&d=mm&r=g","url":"https:\/\/secure.gravatar.com\/avatar\/35a481bbc04bbd90e91bdfa3b0b5541036c222a49b9ad37b6889a2afcb5311a5?s=96&d=mm&r=g","contentUrl":"https:\/\/secure.gravatar.com\/avatar\/35a481bbc04bbd90e91bdfa3b0b5541036c222a49b9ad37b6889a2afcb5311a5?s=96&d=mm&r=g","caption":"BECA 2 CDE"},"sameAs":["http:\/\/www.cdealmeria.com"]}]}},"_links":{"self":[{"href":"https:\/\/www.cde.ual.es\/en\/wp-json\/wp\/v2\/posts\/7288","targetHints":{"allow":["GET"]}}],"collection":[{"href":"https:\/\/www.cde.ual.es\/en\/wp-json\/wp\/v2\/posts"}],"about":[{"href":"https:\/\/www.cde.ual.es\/en\/wp-json\/wp\/v2\/types\/post"}],"author":[{"embeddable":true,"href":"https:\/\/www.cde.ual.es\/en\/wp-json\/wp\/v2\/users\/101011"}],"replies":[{"embeddable":true,"href":"https:\/\/www.cde.ual.es\/en\/wp-json\/wp\/v2\/comments?post=7288"}],"version-history":[{"count":0,"href":"https:\/\/www.cde.ual.es\/en\/wp-json\/wp\/v2\/posts\/7288\/revisions"}],"wp:featuredmedia":[{"embeddable":true,"href":"https:\/\/www.cde.ual.es\/en\/wp-json\/wp\/v2\/media\/7290"}],"wp:attachment":[{"href":"https:\/\/www.cde.ual.es\/en\/wp-json\/wp\/v2\/media?parent=7288"}],"wp:term":[{"taxonomy":"category","embeddable":true,"href":"https:\/\/www.cde.ual.es\/en\/wp-json\/wp\/v2\/categories?post=7288"},{"taxonomy":"post_tag","embeddable":true,"href":"https:\/\/www.cde.ual.es\/en\/wp-json\/wp\/v2\/tags?post=7288"}],"curies":[{"name":"wp","href":"https:\/\/api.w.org\/{rel}","templated":true}]}}