{"id":71321,"date":"2021-05-24T03:00:20","date_gmt":"2021-05-24T01:00:20","guid":{"rendered":"https:\/\/www.cde.ual.es\/?p=71321"},"modified":"2021-09-10T13:26:04","modified_gmt":"2021-09-10T11:26:04","slug":"administrators-in-the-field-of-health-and-food-safety-in-the-european-commission","status":"publish","type":"post","link":"https:\/\/www.cde.ual.es\/en\/administrators-in-the-field-of-health-and-food-safety-in-the-european-commission\/","title":{"rendered":"Administrators in the field of health and food safety in the European Commission"},"content":{"rendered":"<p>The\u00a0<strong>European Commission<\/strong>\u00a0(EC) is looking for\u00a0<strong>administrators with an expertise in the fields of health and food safety<\/strong>. Recruited experts (grade AD 7) will mainly work at the EC\u2019s\u00a0<a href=\"https:\/\/ec.europa.eu\/info\/departments\/health-and-food-safety_en\" target=\"_blank\" rel=\"noopener\">Directorate-General for Health and Food Safety (DG SANTE)<\/a>.\u00a0Successful candidates of\u00a0<strong>profiles 1 and 2<\/strong>\u00a0will be mainly\u00a0<strong>recruited in Brussels and Luxembourg<\/strong>, whilst laureates of\u00a0<strong>profile 3 will be recruited in Grange (Ireland)<\/strong>.<\/p>\n<p><a href=\"https:\/\/www.cde.ual.es\/wp-content\/uploads\/2017\/12\/advice-advise-advisor-7096-e1570790898416.jpg\"><img decoding=\"async\" class=\"aligncenter wp-image-27150\" src=\"https:\/\/www.cde.ual.es\/wp-content\/uploads\/2017\/12\/advice-advise-advisor-7096-1024x683.jpg\" alt=\"\" width=\"778\" height=\"519\" \/><\/a><\/p>\n<p>We offer opportunities to experts who fit any of the\u00a0<strong>three profiles below<\/strong>:<\/p>\n<ol>\n<li><strong>Policymaking and law-making in the field of health<\/strong>: your\u00a0<u>main tasks<\/u>\u00a0will be to develop policy and legislation in the area of health and to implement existing legislation. You will carry out preparatory socioeconomic studies and consult stakeholders and Member States. You will also carry out regulatory tasks in the various fields of health (including risk assessment and crisis management) and follow up scientific developments in these areas. You will prepare and participate in negotiations and monitor and use scientific advice issued by relevant EU agencies.<\/li>\n<li><strong>Policymaking and law-making in the field of food safety<\/strong>: your\u00a0<u>main tasks<\/u>\u00a0will be to develop policy and legislation in the areas of food and feed safety, animal health and welfare, and plant health and to implement existing legislation. You will carry out preparatory socioeconomic studies and regulatory tasks, including risk assessment and crisis management. You will also prepare and participate in negotiations and follow up trade arrangements in the area of food and feed safety. You will contribute to the EU\u2019s international regulatory activities and trade policies and you will monitor and use scientific advice issued by relevant EU agencies.<\/li>\n<li><strong>Auditing, inspection and evaluation in the field of health and food safety<\/strong>: your\u00a0<u>main tasks<\/u>\u00a0will be to carry out audits, inspections and evaluations of the performance of national authorities and other official entities responsible for the regulatory oversight and control in areas such as food and feed safety, animal health and welfare, plant health and health protection. Your administrative duties will include preparing audit and evaluation plans, drafting audit reports and helping to develop policies in light of the results of these audits.<\/li>\n<\/ol>\n<h3>Requirements<\/h3>\n<p>To apply, you must be an\u00a0<strong>EU citizen<\/strong>\u00a0and have a thorough\u00a0<strong>knowledge of one of the EU official languages<\/strong>\u00a0and a satisfactory\u00a0<strong>knowledge of either English or French<\/strong>.<\/p>\n<p>Additionally, you need a\u00a0<strong>university degree of at least 4 years in a subject related to the specific profile<\/strong>\u00a0(you can find the list of subjects per profile in the Notice of the Competition, available on our apply pages below), followed by\u00a0<strong>at least 6 years\u2019 professional experience<\/strong>\u00a0directly relevant to the duties of the chosen profile. Alternatively, you need to have a university degree of\u00a0<strong>at least 3 years<\/strong>\u00a0in a subject related to the specific profile, followed by\u00a0<strong>at least 7 years\u2019<\/strong>\u00a0relevant professional experience.<\/p>\n<h3>More information<\/h3>\n<p><a href=\"https:\/\/epso.europa.eu\/content\/administrators-field-health-and-food-safety_es\">Call &#8211; EPSO<\/a><\/p>\n","protected":false},"excerpt":{"rendered":"<p>The\u00a0European Commission\u00a0(EC) is looking for\u00a0administrators with an expertise in the fields of health and food safety. Recruited experts (grade AD 7) will mainly work at the EC\u2019s\u00a0Directorate-General for Health and Food Safety (DG SANTE).\u00a0Successful candidates of\u00a0profiles 1 and 2\u00a0will be mainly\u00a0recruited in Brussels and Luxembourg, whilst laureates of\u00a0profile 3 will be recruited in Grange (Ireland). [&hellip;]<\/p>\n","protected":false},"author":101011,"featured_media":27150,"comment_status":"open","ping_status":"open","sticky":false,"template":"","format":"standard","meta":{"_acf_changed":false,"_relevanssi_hide_post":"","_relevanssi_hide_content":"","_relevanssi_pin_for_all":"","_relevanssi_pin_keywords":"","_relevanssi_unpin_keywords":"","_relevanssi_related_keywords":"","_relevanssi_related_include_ids":"","_relevanssi_related_exclude_ids":"","_relevanssi_related_no_append":"","_relevanssi_related_not_related":"","_relevanssi_related_posts":"","_relevanssi_noindex_reason":"","_monsterinsights_skip_tracking":false,"_monsterinsights_sitenote_active":false,"_monsterinsights_sitenote_note":"","_monsterinsights_sitenote_category":0,"_genesis_hide_title":false,"_genesis_hide_breadcrumbs":false,"_genesis_hide_singular_image":false,"_genesis_hide_footer_widgets":false,"_genesis_custom_body_class":"","_genesis_custom_post_class":"","_genesis_layout":"","footnotes":""},"categories":[366,4115],"tags":[475,1488],"class_list":{"0":"post-71321","1":"post","2":"type-post","3":"status-publish","4":"format-standard","5":"has-post-thumbnail","7":"category-eu-calls-and-awards","8":"category-other","9":"tag-employment","10":"tag-european-commission","11":"entry"},"acf":[],"yoast_head":"<!-- This site is optimized with the Yoast SEO plugin v27.4 - https:\/\/yoast.com\/product\/yoast-seo-wordpress\/ -->\n<title>Administrators in the field of health and food safety in the European Commission | CDE Almer\u00eda - Centro de Documentaci\u00f3n Europea - Universidad de Almer\u00eda<\/title>\n<meta name=\"robots\" content=\"index, follow, max-snippet:-1, max-image-preview:large, max-video-preview:-1\" \/>\n<link rel=\"canonical\" href=\"https:\/\/www.cde.ual.es\/en\/administrators-in-the-field-of-health-and-food-safety-in-the-european-commission\/\" \/>\n<meta property=\"og:locale\" content=\"en_US\" \/>\n<meta property=\"og:type\" content=\"article\" \/>\n<meta property=\"og:title\" content=\"Administrators in the field of health and food safety in the European Commission | CDE Almer\u00eda - Centro de Documentaci\u00f3n Europea - Universidad de Almer\u00eda\" \/>\n<meta property=\"og:description\" content=\"The\u00a0European Commission\u00a0(EC) is looking for\u00a0administrators with an expertise in the fields of health and food safety. Recruited experts (grade AD 7) will mainly work at the EC\u2019s\u00a0Directorate-General for Health and Food Safety (DG SANTE).\u00a0Successful candidates of\u00a0profiles 1 and 2\u00a0will be mainly\u00a0recruited in Brussels and Luxembourg, whilst laureates of\u00a0profile 3 will be recruited in Grange (Ireland). [&hellip;]\" \/>\n<meta property=\"og:url\" content=\"https:\/\/www.cde.ual.es\/en\/administrators-in-the-field-of-health-and-food-safety-in-the-european-commission\/\" \/>\n<meta property=\"og:site_name\" content=\"CDE Almer\u00eda - Centro de Documentaci\u00f3n Europea - Universidad de Almer\u00eda\" \/>\n<meta property=\"article:publisher\" content=\"https:\/\/www.facebook.com\/cdeuniversidadalmeria\/\" \/>\n<meta property=\"article:published_time\" content=\"2021-05-24T01:00:20+00:00\" \/>\n<meta property=\"article:modified_time\" content=\"2021-09-10T11:26:04+00:00\" \/>\n<meta property=\"og:image\" content=\"https:\/\/www.cde.ual.es\/wp-content\/uploads\/2017\/12\/advice-advise-advisor-7096-e1570790898416.jpg\" \/>\n\t<meta property=\"og:image:width\" content=\"2000\" \/>\n\t<meta property=\"og:image:height\" content=\"1333\" \/>\n\t<meta property=\"og:image:type\" content=\"image\/jpeg\" \/>\n<meta name=\"author\" content=\"BECA 2 CDE\" \/>\n<meta name=\"twitter:card\" content=\"summary_large_image\" \/>\n<meta name=\"twitter:creator\" content=\"@cdeualmeria\" \/>\n<meta name=\"twitter:site\" content=\"@cdeualmeria\" \/>\n<meta name=\"twitter:label1\" content=\"Written by\" \/>\n\t<meta name=\"twitter:data1\" content=\"BECA 2 CDE\" \/>\n\t<meta name=\"twitter:label2\" content=\"Est. reading time\" \/>\n\t<meta name=\"twitter:data2\" content=\"2 minutes\" \/>\n<script type=\"application\/ld+json\" class=\"yoast-schema-graph\">{\"@context\":\"https:\\\/\\\/schema.org\",\"@graph\":[{\"@type\":\"Article\",\"@id\":\"https:\\\/\\\/www.cde.ual.es\\\/en\\\/administrators-in-the-field-of-health-and-food-safety-in-the-european-commission\\\/#article\",\"isPartOf\":{\"@id\":\"https:\\\/\\\/www.cde.ual.es\\\/en\\\/administrators-in-the-field-of-health-and-food-safety-in-the-european-commission\\\/\"},\"author\":{\"name\":\"BECA 2 CDE\",\"@id\":\"https:\\\/\\\/www.cde.ual.es\\\/#\\\/schema\\\/person\\\/ee46ebc19edfa19598c02cff83335acc\"},\"headline\":\"Administrators in the field of health and food safety in the European Commission\",\"datePublished\":\"2021-05-24T01:00:20+00:00\",\"dateModified\":\"2021-09-10T11:26:04+00:00\",\"mainEntityOfPage\":{\"@id\":\"https:\\\/\\\/www.cde.ual.es\\\/en\\\/administrators-in-the-field-of-health-and-food-safety-in-the-european-commission\\\/\"},\"wordCount\":477,\"commentCount\":0,\"publisher\":{\"@id\":\"https:\\\/\\\/www.cde.ual.es\\\/#organization\"},\"image\":{\"@id\":\"https:\\\/\\\/www.cde.ual.es\\\/en\\\/administrators-in-the-field-of-health-and-food-safety-in-the-european-commission\\\/#primaryimage\"},\"thumbnailUrl\":\"https:\\\/\\\/www.cde.ual.es\\\/wp-content\\\/uploads\\\/2017\\\/12\\\/advice-advise-advisor-7096-e1570790898416.jpg\",\"keywords\":[\"Employment\",\"European Commission\"],\"articleSection\":[\"EU Calls and Awards\",\"Other\"],\"inLanguage\":\"en-US\",\"potentialAction\":[{\"@type\":\"CommentAction\",\"name\":\"Comment\",\"target\":[\"https:\\\/\\\/www.cde.ual.es\\\/en\\\/administrators-in-the-field-of-health-and-food-safety-in-the-european-commission\\\/#respond\"]}]},{\"@type\":\"WebPage\",\"@id\":\"https:\\\/\\\/www.cde.ual.es\\\/en\\\/administrators-in-the-field-of-health-and-food-safety-in-the-european-commission\\\/\",\"url\":\"https:\\\/\\\/www.cde.ual.es\\\/en\\\/administrators-in-the-field-of-health-and-food-safety-in-the-european-commission\\\/\",\"name\":\"Administrators in the field of health and food safety in the European Commission | CDE Almer\u00eda - Centro de Documentaci\u00f3n Europea - Universidad de Almer\u00eda\",\"isPartOf\":{\"@id\":\"https:\\\/\\\/www.cde.ual.es\\\/#website\"},\"primaryImageOfPage\":{\"@id\":\"https:\\\/\\\/www.cde.ual.es\\\/en\\\/administrators-in-the-field-of-health-and-food-safety-in-the-european-commission\\\/#primaryimage\"},\"image\":{\"@id\":\"https:\\\/\\\/www.cde.ual.es\\\/en\\\/administrators-in-the-field-of-health-and-food-safety-in-the-european-commission\\\/#primaryimage\"},\"thumbnailUrl\":\"https:\\\/\\\/www.cde.ual.es\\\/wp-content\\\/uploads\\\/2017\\\/12\\\/advice-advise-advisor-7096-e1570790898416.jpg\",\"datePublished\":\"2021-05-24T01:00:20+00:00\",\"dateModified\":\"2021-09-10T11:26:04+00:00\",\"breadcrumb\":{\"@id\":\"https:\\\/\\\/www.cde.ual.es\\\/en\\\/administrators-in-the-field-of-health-and-food-safety-in-the-european-commission\\\/#breadcrumb\"},\"inLanguage\":\"en-US\",\"potentialAction\":[{\"@type\":\"ReadAction\",\"target\":[\"https:\\\/\\\/www.cde.ual.es\\\/en\\\/administrators-in-the-field-of-health-and-food-safety-in-the-european-commission\\\/\"]}]},{\"@type\":\"ImageObject\",\"inLanguage\":\"en-US\",\"@id\":\"https:\\\/\\\/www.cde.ual.es\\\/en\\\/administrators-in-the-field-of-health-and-food-safety-in-the-european-commission\\\/#primaryimage\",\"url\":\"https:\\\/\\\/www.cde.ual.es\\\/wp-content\\\/uploads\\\/2017\\\/12\\\/advice-advise-advisor-7096-e1570790898416.jpg\",\"contentUrl\":\"https:\\\/\\\/www.cde.ual.es\\\/wp-content\\\/uploads\\\/2017\\\/12\\\/advice-advise-advisor-7096-e1570790898416.jpg\",\"width\":2000,\"height\":1333,\"caption\":\"grupo de personas hablando\"},{\"@type\":\"BreadcrumbList\",\"@id\":\"https:\\\/\\\/www.cde.ual.es\\\/en\\\/administrators-in-the-field-of-health-and-food-safety-in-the-european-commission\\\/#breadcrumb\",\"itemListElement\":[{\"@type\":\"ListItem\",\"position\":1,\"name\":\"Inicio\",\"item\":\"https:\\\/\\\/www.cde.ual.es\\\/en\\\/\"},{\"@type\":\"ListItem\",\"position\":2,\"name\":\"EU Calls and Awards\",\"item\":\"https:\\\/\\\/www.cde.ual.es\\\/en\\\/category\\\/eu-calls-and-awards\\\/\"},{\"@type\":\"ListItem\",\"position\":3,\"name\":\"Other\",\"item\":\"https:\\\/\\\/www.cde.ual.es\\\/en\\\/category\\\/eu-calls-and-awards\\\/other\\\/\"},{\"@type\":\"ListItem\",\"position\":4,\"name\":\"Administrators in the field of health and food safety in the European Commission\"}]},{\"@type\":\"WebSite\",\"@id\":\"https:\\\/\\\/www.cde.ual.es\\\/#website\",\"url\":\"https:\\\/\\\/www.cde.ual.es\\\/\",\"name\":\"CDE Almer\u00eda - Centro de Documentaci\u00f3n Europea - Universidad de Almer\u00eda\",\"description\":\"Centro de Documentaci\u00f3n Europea de la Universidad de Almer\u00eda\",\"publisher\":{\"@id\":\"https:\\\/\\\/www.cde.ual.es\\\/#organization\"},\"alternateName\":\"CDE Almer\u00eda\",\"potentialAction\":[{\"@type\":\"SearchAction\",\"target\":{\"@type\":\"EntryPoint\",\"urlTemplate\":\"https:\\\/\\\/www.cde.ual.es\\\/?s={search_term_string}\"},\"query-input\":{\"@type\":\"PropertyValueSpecification\",\"valueRequired\":true,\"valueName\":\"search_term_string\"}}],\"inLanguage\":\"en-US\"},{\"@type\":\"Organization\",\"@id\":\"https:\\\/\\\/www.cde.ual.es\\\/#organization\",\"name\":\"Centro de Documentaci\u00f3n Europea de Almer\u00eda\",\"url\":\"https:\\\/\\\/www.cde.ual.es\\\/\",\"logo\":{\"@type\":\"ImageObject\",\"inLanguage\":\"en-US\",\"@id\":\"https:\\\/\\\/www.cde.ual.es\\\/#\\\/schema\\\/logo\\\/image\\\/\",\"url\":\"https:\\\/\\\/www.cde.ual.es\\\/wp-content\\\/uploads\\\/2025\\\/07\\\/cde-logo-3.png\",\"contentUrl\":\"https:\\\/\\\/www.cde.ual.es\\\/wp-content\\\/uploads\\\/2025\\\/07\\\/cde-logo-3.png\",\"width\":1400,\"height\":300,\"caption\":\"Centro de Documentaci\u00f3n Europea de Almer\u00eda\"},\"image\":{\"@id\":\"https:\\\/\\\/www.cde.ual.es\\\/#\\\/schema\\\/logo\\\/image\\\/\"},\"sameAs\":[\"https:\\\/\\\/www.facebook.com\\\/cdeuniversidadalmeria\\\/\",\"https:\\\/\\\/x.com\\\/cdeualmeria\",\"https:\\\/\\\/www.tiktok.com\\\/@cdealmeria\",\"https:\\\/\\\/www.instagram.com\\\/cdealmeria\\\/\",\"https:\\\/\\\/www.linkedin.com\\\/in\\\/cde-almera-812b26a9\\\/\"]},{\"@type\":\"Person\",\"@id\":\"https:\\\/\\\/www.cde.ual.es\\\/#\\\/schema\\\/person\\\/ee46ebc19edfa19598c02cff83335acc\",\"name\":\"BECA 2 CDE\",\"image\":{\"@type\":\"ImageObject\",\"inLanguage\":\"en-US\",\"@id\":\"https:\\\/\\\/secure.gravatar.com\\\/avatar\\\/35a481bbc04bbd90e91bdfa3b0b5541036c222a49b9ad37b6889a2afcb5311a5?s=96&d=mm&r=g\",\"url\":\"https:\\\/\\\/secure.gravatar.com\\\/avatar\\\/35a481bbc04bbd90e91bdfa3b0b5541036c222a49b9ad37b6889a2afcb5311a5?s=96&d=mm&r=g\",\"contentUrl\":\"https:\\\/\\\/secure.gravatar.com\\\/avatar\\\/35a481bbc04bbd90e91bdfa3b0b5541036c222a49b9ad37b6889a2afcb5311a5?s=96&d=mm&r=g\",\"caption\":\"BECA 2 CDE\"},\"sameAs\":[\"http:\\\/\\\/www.cdealmeria.com\"]}]}<\/script>\n<!-- \/ Yoast SEO plugin. -->","yoast_head_json":{"title":"Administrators in the field of health and food safety in the European Commission | CDE Almer\u00eda - Centro de Documentaci\u00f3n Europea - Universidad de Almer\u00eda","robots":{"index":"index","follow":"follow","max-snippet":"max-snippet:-1","max-image-preview":"max-image-preview:large","max-video-preview":"max-video-preview:-1"},"canonical":"https:\/\/www.cde.ual.es\/en\/administrators-in-the-field-of-health-and-food-safety-in-the-european-commission\/","og_locale":"en_US","og_type":"article","og_title":"Administrators in the field of health and food safety in the European Commission | CDE Almer\u00eda - Centro de Documentaci\u00f3n Europea - Universidad de Almer\u00eda","og_description":"The\u00a0European Commission\u00a0(EC) is looking for\u00a0administrators with an expertise in the fields of health and food safety. Recruited experts (grade AD 7) will mainly work at the EC\u2019s\u00a0Directorate-General for Health and Food Safety (DG SANTE).\u00a0Successful candidates of\u00a0profiles 1 and 2\u00a0will be mainly\u00a0recruited in Brussels and Luxembourg, whilst laureates of\u00a0profile 3 will be recruited in Grange (Ireland). [&hellip;]","og_url":"https:\/\/www.cde.ual.es\/en\/administrators-in-the-field-of-health-and-food-safety-in-the-european-commission\/","og_site_name":"CDE Almer\u00eda - Centro de Documentaci\u00f3n Europea - Universidad de Almer\u00eda","article_publisher":"https:\/\/www.facebook.com\/cdeuniversidadalmeria\/","article_published_time":"2021-05-24T01:00:20+00:00","article_modified_time":"2021-09-10T11:26:04+00:00","og_image":[{"width":2000,"height":1333,"url":"https:\/\/www.cde.ual.es\/wp-content\/uploads\/2017\/12\/advice-advise-advisor-7096-e1570790898416.jpg","type":"image\/jpeg"}],"author":"BECA 2 CDE","twitter_card":"summary_large_image","twitter_creator":"@cdeualmeria","twitter_site":"@cdeualmeria","twitter_misc":{"Written by":"BECA 2 CDE","Est. reading time":"2 minutes"},"schema":{"@context":"https:\/\/schema.org","@graph":[{"@type":"Article","@id":"https:\/\/www.cde.ual.es\/en\/administrators-in-the-field-of-health-and-food-safety-in-the-european-commission\/#article","isPartOf":{"@id":"https:\/\/www.cde.ual.es\/en\/administrators-in-the-field-of-health-and-food-safety-in-the-european-commission\/"},"author":{"name":"BECA 2 CDE","@id":"https:\/\/www.cde.ual.es\/#\/schema\/person\/ee46ebc19edfa19598c02cff83335acc"},"headline":"Administrators in the field of health and food safety in the European Commission","datePublished":"2021-05-24T01:00:20+00:00","dateModified":"2021-09-10T11:26:04+00:00","mainEntityOfPage":{"@id":"https:\/\/www.cde.ual.es\/en\/administrators-in-the-field-of-health-and-food-safety-in-the-european-commission\/"},"wordCount":477,"commentCount":0,"publisher":{"@id":"https:\/\/www.cde.ual.es\/#organization"},"image":{"@id":"https:\/\/www.cde.ual.es\/en\/administrators-in-the-field-of-health-and-food-safety-in-the-european-commission\/#primaryimage"},"thumbnailUrl":"https:\/\/www.cde.ual.es\/wp-content\/uploads\/2017\/12\/advice-advise-advisor-7096-e1570790898416.jpg","keywords":["Employment","European Commission"],"articleSection":["EU Calls and Awards","Other"],"inLanguage":"en-US","potentialAction":[{"@type":"CommentAction","name":"Comment","target":["https:\/\/www.cde.ual.es\/en\/administrators-in-the-field-of-health-and-food-safety-in-the-european-commission\/#respond"]}]},{"@type":"WebPage","@id":"https:\/\/www.cde.ual.es\/en\/administrators-in-the-field-of-health-and-food-safety-in-the-european-commission\/","url":"https:\/\/www.cde.ual.es\/en\/administrators-in-the-field-of-health-and-food-safety-in-the-european-commission\/","name":"Administrators in the field of health and food safety in the European Commission | CDE Almer\u00eda - Centro de Documentaci\u00f3n Europea - Universidad de Almer\u00eda","isPartOf":{"@id":"https:\/\/www.cde.ual.es\/#website"},"primaryImageOfPage":{"@id":"https:\/\/www.cde.ual.es\/en\/administrators-in-the-field-of-health-and-food-safety-in-the-european-commission\/#primaryimage"},"image":{"@id":"https:\/\/www.cde.ual.es\/en\/administrators-in-the-field-of-health-and-food-safety-in-the-european-commission\/#primaryimage"},"thumbnailUrl":"https:\/\/www.cde.ual.es\/wp-content\/uploads\/2017\/12\/advice-advise-advisor-7096-e1570790898416.jpg","datePublished":"2021-05-24T01:00:20+00:00","dateModified":"2021-09-10T11:26:04+00:00","breadcrumb":{"@id":"https:\/\/www.cde.ual.es\/en\/administrators-in-the-field-of-health-and-food-safety-in-the-european-commission\/#breadcrumb"},"inLanguage":"en-US","potentialAction":[{"@type":"ReadAction","target":["https:\/\/www.cde.ual.es\/en\/administrators-in-the-field-of-health-and-food-safety-in-the-european-commission\/"]}]},{"@type":"ImageObject","inLanguage":"en-US","@id":"https:\/\/www.cde.ual.es\/en\/administrators-in-the-field-of-health-and-food-safety-in-the-european-commission\/#primaryimage","url":"https:\/\/www.cde.ual.es\/wp-content\/uploads\/2017\/12\/advice-advise-advisor-7096-e1570790898416.jpg","contentUrl":"https:\/\/www.cde.ual.es\/wp-content\/uploads\/2017\/12\/advice-advise-advisor-7096-e1570790898416.jpg","width":2000,"height":1333,"caption":"grupo de personas hablando"},{"@type":"BreadcrumbList","@id":"https:\/\/www.cde.ual.es\/en\/administrators-in-the-field-of-health-and-food-safety-in-the-european-commission\/#breadcrumb","itemListElement":[{"@type":"ListItem","position":1,"name":"Inicio","item":"https:\/\/www.cde.ual.es\/en\/"},{"@type":"ListItem","position":2,"name":"EU Calls and Awards","item":"https:\/\/www.cde.ual.es\/en\/category\/eu-calls-and-awards\/"},{"@type":"ListItem","position":3,"name":"Other","item":"https:\/\/www.cde.ual.es\/en\/category\/eu-calls-and-awards\/other\/"},{"@type":"ListItem","position":4,"name":"Administrators in the field of health and food safety in the European Commission"}]},{"@type":"WebSite","@id":"https:\/\/www.cde.ual.es\/#website","url":"https:\/\/www.cde.ual.es\/","name":"CDE Almer\u00eda - Centro de Documentaci\u00f3n Europea - Universidad de Almer\u00eda","description":"Centro de Documentaci\u00f3n Europea de la Universidad de Almer\u00eda","publisher":{"@id":"https:\/\/www.cde.ual.es\/#organization"},"alternateName":"CDE Almer\u00eda","potentialAction":[{"@type":"SearchAction","target":{"@type":"EntryPoint","urlTemplate":"https:\/\/www.cde.ual.es\/?s={search_term_string}"},"query-input":{"@type":"PropertyValueSpecification","valueRequired":true,"valueName":"search_term_string"}}],"inLanguage":"en-US"},{"@type":"Organization","@id":"https:\/\/www.cde.ual.es\/#organization","name":"Centro de Documentaci\u00f3n Europea de Almer\u00eda","url":"https:\/\/www.cde.ual.es\/","logo":{"@type":"ImageObject","inLanguage":"en-US","@id":"https:\/\/www.cde.ual.es\/#\/schema\/logo\/image\/","url":"https:\/\/www.cde.ual.es\/wp-content\/uploads\/2025\/07\/cde-logo-3.png","contentUrl":"https:\/\/www.cde.ual.es\/wp-content\/uploads\/2025\/07\/cde-logo-3.png","width":1400,"height":300,"caption":"Centro de Documentaci\u00f3n Europea de Almer\u00eda"},"image":{"@id":"https:\/\/www.cde.ual.es\/#\/schema\/logo\/image\/"},"sameAs":["https:\/\/www.facebook.com\/cdeuniversidadalmeria\/","https:\/\/x.com\/cdeualmeria","https:\/\/www.tiktok.com\/@cdealmeria","https:\/\/www.instagram.com\/cdealmeria\/","https:\/\/www.linkedin.com\/in\/cde-almera-812b26a9\/"]},{"@type":"Person","@id":"https:\/\/www.cde.ual.es\/#\/schema\/person\/ee46ebc19edfa19598c02cff83335acc","name":"BECA 2 CDE","image":{"@type":"ImageObject","inLanguage":"en-US","@id":"https:\/\/secure.gravatar.com\/avatar\/35a481bbc04bbd90e91bdfa3b0b5541036c222a49b9ad37b6889a2afcb5311a5?s=96&d=mm&r=g","url":"https:\/\/secure.gravatar.com\/avatar\/35a481bbc04bbd90e91bdfa3b0b5541036c222a49b9ad37b6889a2afcb5311a5?s=96&d=mm&r=g","contentUrl":"https:\/\/secure.gravatar.com\/avatar\/35a481bbc04bbd90e91bdfa3b0b5541036c222a49b9ad37b6889a2afcb5311a5?s=96&d=mm&r=g","caption":"BECA 2 CDE"},"sameAs":["http:\/\/www.cdealmeria.com"]}]}},"_links":{"self":[{"href":"https:\/\/www.cde.ual.es\/en\/wp-json\/wp\/v2\/posts\/71321","targetHints":{"allow":["GET"]}}],"collection":[{"href":"https:\/\/www.cde.ual.es\/en\/wp-json\/wp\/v2\/posts"}],"about":[{"href":"https:\/\/www.cde.ual.es\/en\/wp-json\/wp\/v2\/types\/post"}],"author":[{"embeddable":true,"href":"https:\/\/www.cde.ual.es\/en\/wp-json\/wp\/v2\/users\/101011"}],"replies":[{"embeddable":true,"href":"https:\/\/www.cde.ual.es\/en\/wp-json\/wp\/v2\/comments?post=71321"}],"version-history":[{"count":0,"href":"https:\/\/www.cde.ual.es\/en\/wp-json\/wp\/v2\/posts\/71321\/revisions"}],"wp:featuredmedia":[{"embeddable":true,"href":"https:\/\/www.cde.ual.es\/en\/wp-json\/wp\/v2\/media\/27150"}],"wp:attachment":[{"href":"https:\/\/www.cde.ual.es\/en\/wp-json\/wp\/v2\/media?parent=71321"}],"wp:term":[{"taxonomy":"category","embeddable":true,"href":"https:\/\/www.cde.ual.es\/en\/wp-json\/wp\/v2\/categories?post=71321"},{"taxonomy":"post_tag","embeddable":true,"href":"https:\/\/www.cde.ual.es\/en\/wp-json\/wp\/v2\/tags?post=71321"}],"curies":[{"name":"wp","href":"https:\/\/api.w.org\/{rel}","templated":true}]}}