{"id":71135,"date":"2021-05-20T03:05:26","date_gmt":"2021-05-20T01:05:26","guid":{"rendered":"https:\/\/www.cde.ual.es\/?p=71135"},"modified":"2021-09-10T11:45:31","modified_gmt":"2021-09-10T09:45:31","slug":"2-5-billion-euros-for-the-eus-new-cultural-program","status":"publish","type":"post","link":"https:\/\/www.cde.ual.es\/en\/2-5-billion-euros-for-the-eus-new-cultural-program\/","title":{"rendered":"2.5 billion euros for the EU&#8217;s new cultural program"},"content":{"rendered":"<p><a href=\"https:\/\/www.cde.ual.es\/wp-content\/uploads\/2021\/05\/cultura.jpg\"><img decoding=\"async\" class=\"aligncenter wp-image-71132 size-full\" src=\"https:\/\/www.cde.ual.es\/wp-content\/uploads\/2021\/05\/cultura.jpg\" alt=\"2.5 billion euros for the EU's new cultural program\" width=\"601\" height=\"400\" srcset=\"https:\/\/www.cde.ual.es\/wp-content\/uploads\/2021\/05\/cultura.jpg 601w, https:\/\/www.cde.ual.es\/wp-content\/uploads\/2021\/05\/cultura-300x200.jpg 300w\" sizes=\"(max-width: 601px) 100vw, 601px\" \/><\/a><\/p>\n<ul>\n<li>Around 2.5 billion euros for the cultural and creative sectors<\/li>\n<li>Increased focus on music, inclusion and promotion of female talent<\/li>\n<li>Media to receive support for the first time<\/li>\n<\/ul>\n<p><strong>The Parliament adopted on Wednesday 19 May &#8216;Creative Europe&#8217;, the European program for the cultural and audiovisual sectors, the EU&#8217;s largest financial commitment to date in this area.<\/strong><\/p>\n<p>The new program, which sees its budget almost double compared to the 2014-2020 period (when it had 1.4 billion), will devote \u20ac2.5 billion (in current prices) to the EU&#8217;s cultural and creative sectors. MEPs recognize the importance of supporting them to recover from the crisis caused by the pandemic, which has forced the closure of numerous music and cultural facilities across Europe.<\/p>\n<p>In addition to the significant budget increase, MEPs succeeded in placing more emphasis on inclusion and the contemporary and live music sectors, which are among those hardest hit by the pandemic, as well as a higher co-financing rate for small-scale projects.<\/p>\n<p>In negotiations with the Council, the Parliament also managed to include an obligation for the program to promote female talent and support women&#8217;s professional and artistic careers. Women are still underrepresented in decision-making positions in cultural, creative and artistic institutions.<\/p>\n<p><strong>Statements<\/strong><\/p>\n<p>&#8220;The new edition of &#8220;Creative Europe&#8221; has two central objectives: the preservation, development and promotion of European cooperation in cultural diversity and heritage, and the enhancement of the competitiveness and economic potential of the cultural and creative sectors, in particular the audiovisual sector. This is key given the disastrous effects of the pandemic. It is now up to the Member States to make concrete efforts to support recovery,&#8221; said rapporteur Massimiliano Smeriglio (S&amp;D, IT).<\/p>\n<p>&#8220;Around 3.8% of Europeans work in the cultural and creative sectors. However, this sector has always faced challenges, including competition with large commercial productions and a highly fragmented transnational cultural market. Confinement has had a dramatic effect on cultural communities in the EU, which need our support more than ever. This significantly better funded program recognizes the added value of culture to our European way of life, and is a first step to help them meet the challenges of globalization and digitization,&#8221; said Sabine Verheyen (EPP, DE), chair of the EP Culture Committee.<\/p>\n<p><strong>Next steps<\/strong><\/p>\n<p>The program has already been approved by the Council and will enter into force immediately after being published in the official gazette. To ensure a smooth transition from the previous edition, the Regulation provides for its retroactive entry into force, from January 1, 2021.<\/p>\n<p><strong>Context<\/strong><\/p>\n<p>The bulk of &#8220;Creative Europe&#8221; (\u20ac1.4 billion) will go to the MEDIA strand, which supports the development, promotion and distribution of European films and audiovisual works within Europe and beyond.<\/p>\n<p>The CULTURE section supports cross-border cultural and creative projects, i.e. cooperation (networks, platforms, innovation projects) between organizations and professionals in the areas of music, books and promotion of European literature and architecture, as well as EU cultural <a href=\"https:\/\/ec.europa.eu\/culture\/european-union-prizes-and-initiatives\">awards and initiatives.<\/a><\/p>\n<p>The third cross-cutting section includes, for the first time, support for the media sector, focused on promoting media literacy, pluralism, press freedom and quality journalism, as well as helping the media to better face the challenges of digitization.<\/p>\n<p><strong>Context in Spain<\/strong><\/p>\n<p>Since 2013, Spain has implemented <a href=\"https:\/\/ec.europa.eu\/programmes\/creative-europe\/projects\/#search\/project\/keyword=&amp;countries[0]=ES&amp;matchAllCountries=false\">618 cultural projects<\/a> thanks to Creative Europe, of which <a href=\"https:\/\/europacreativa.es\/resultados\/\">436 were exclusive to the Spanish territory<\/a> and the rest collaborated as partners with other countries. In terms of European cooperation proposals, in 2020 Spain benefited from funding for 10 smaller-scale Spanish projects selected as leaders and 24 Spanish organizations participated as partners, according to the <a href=\"https:\/\/europacreativa.es\/cultura\/publicados-los-resultados-de-proyectos-de-cooperacion-europea-2020\/\">Ministry of Culture and Sport.<\/a><\/p>\n","protected":false},"excerpt":{"rendered":"<p>Around 2.5 billion euros for the cultural and creative sectors Increased focus on music, inclusion and promotion of female talent Media to receive support for the first time The Parliament adopted on Wednesday 19 May &#8216;Creative Europe&#8217;, the European program for the cultural and audiovisual sectors, the EU&#8217;s largest financial commitment to date in this [&hellip;]<\/p>\n","protected":false},"author":101011,"featured_media":71133,"comment_status":"open","ping_status":"open","sticky":false,"template":"","format":"standard","meta":{"_acf_changed":false,"_relevanssi_hide_post":"","_relevanssi_hide_content":"","_relevanssi_pin_for_all":"","_relevanssi_pin_keywords":"","_relevanssi_unpin_keywords":"","_relevanssi_related_keywords":"","_relevanssi_related_include_ids":"","_relevanssi_related_exclude_ids":"","_relevanssi_related_no_append":"","_relevanssi_related_not_related":"","_relevanssi_related_posts":"","_relevanssi_noindex_reason":"","_monsterinsights_skip_tracking":false,"_monsterinsights_sitenote_active":false,"_monsterinsights_sitenote_note":"","_monsterinsights_sitenote_category":0,"_genesis_hide_title":false,"_genesis_hide_breadcrumbs":false,"_genesis_hide_singular_image":false,"_genesis_hide_footer_widgets":false,"_genesis_custom_body_class":"","_genesis_custom_post_class":"","_genesis_layout":"","footnotes":""},"categories":[4073,4071,346],"tags":[3184,556,469,991,3291,527,410],"class_list":{"0":"post-71135","1":"post","2":"type-post","3":"status-publish","4":"format-standard","5":"has-post-thumbnail","7":"category-culture","8":"category-education-culture","9":"category-eu-news","10":"tag-audiovisual","11":"tag-awards","12":"tag-budget","13":"tag-creative-europe","14":"tag-cultural-initiatives","15":"tag-culture","16":"tag-prizes","17":"entry"},"acf":[],"yoast_head":"<!-- This site is optimized with the Yoast SEO plugin v27.4 - https:\/\/yoast.com\/product\/yoast-seo-wordpress\/ -->\n<title>2.5 billion euros for the EU&#039;s new cultural program | CDE Almer\u00eda - Centro de Documentaci\u00f3n Europea - Universidad de Almer\u00eda<\/title>\n<meta name=\"robots\" content=\"index, follow, max-snippet:-1, max-image-preview:large, max-video-preview:-1\" \/>\n<link rel=\"canonical\" href=\"https:\/\/www.cde.ual.es\/en\/2-5-billion-euros-for-the-eus-new-cultural-program\/\" \/>\n<meta property=\"og:locale\" content=\"en_US\" \/>\n<meta property=\"og:type\" content=\"article\" \/>\n<meta property=\"og:title\" content=\"2.5 billion euros for the EU&#039;s new cultural program | CDE Almer\u00eda - Centro de Documentaci\u00f3n Europea - Universidad de Almer\u00eda\" \/>\n<meta property=\"og:description\" content=\"Around 2.5 billion euros for the cultural and creative sectors Increased focus on music, inclusion and promotion of female talent Media to receive support for the first time The Parliament adopted on Wednesday 19 May &#8216;Creative Europe&#8217;, the European program for the cultural and audiovisual sectors, the EU&#8217;s largest financial commitment to date in this [&hellip;]\" \/>\n<meta property=\"og:url\" content=\"https:\/\/www.cde.ual.es\/en\/2-5-billion-euros-for-the-eus-new-cultural-program\/\" \/>\n<meta property=\"og:site_name\" content=\"CDE Almer\u00eda - Centro de Documentaci\u00f3n Europea - Universidad de Almer\u00eda\" \/>\n<meta property=\"article:publisher\" content=\"https:\/\/www.facebook.com\/cdeuniversidadalmeria\/\" \/>\n<meta property=\"article:published_time\" content=\"2021-05-20T01:05:26+00:00\" \/>\n<meta property=\"article:modified_time\" content=\"2021-09-10T09:45:31+00:00\" \/>\n<meta property=\"og:image\" content=\"https:\/\/www.cde.ual.es\/wp-content\/uploads\/2021\/05\/cultura.jpg\" \/>\n\t<meta property=\"og:image:width\" content=\"601\" \/>\n\t<meta property=\"og:image:height\" content=\"400\" \/>\n\t<meta property=\"og:image:type\" content=\"image\/jpeg\" \/>\n<meta name=\"author\" content=\"BECA 2 CDE\" \/>\n<meta name=\"twitter:card\" content=\"summary_large_image\" \/>\n<meta name=\"twitter:creator\" content=\"@cdeualmeria\" \/>\n<meta name=\"twitter:site\" content=\"@cdeualmeria\" \/>\n<meta name=\"twitter:label1\" content=\"Written by\" \/>\n\t<meta name=\"twitter:data1\" content=\"BECA 2 CDE\" \/>\n\t<meta name=\"twitter:label2\" content=\"Est. reading time\" \/>\n\t<meta name=\"twitter:data2\" content=\"3 minutes\" \/>\n<script type=\"application\/ld+json\" class=\"yoast-schema-graph\">{\"@context\":\"https:\\\/\\\/schema.org\",\"@graph\":[{\"@type\":\"Article\",\"@id\":\"https:\\\/\\\/www.cde.ual.es\\\/en\\\/2-5-billion-euros-for-the-eus-new-cultural-program\\\/#article\",\"isPartOf\":{\"@id\":\"https:\\\/\\\/www.cde.ual.es\\\/en\\\/2-5-billion-euros-for-the-eus-new-cultural-program\\\/\"},\"author\":{\"name\":\"BECA 2 CDE\",\"@id\":\"https:\\\/\\\/www.cde.ual.es\\\/#\\\/schema\\\/person\\\/ee46ebc19edfa19598c02cff83335acc\"},\"headline\":\"2.5 billion euros for the EU&#8217;s new cultural program\",\"datePublished\":\"2021-05-20T01:05:26+00:00\",\"dateModified\":\"2021-09-10T09:45:31+00:00\",\"mainEntityOfPage\":{\"@id\":\"https:\\\/\\\/www.cde.ual.es\\\/en\\\/2-5-billion-euros-for-the-eus-new-cultural-program\\\/\"},\"wordCount\":591,\"commentCount\":0,\"publisher\":{\"@id\":\"https:\\\/\\\/www.cde.ual.es\\\/#organization\"},\"image\":{\"@id\":\"https:\\\/\\\/www.cde.ual.es\\\/en\\\/2-5-billion-euros-for-the-eus-new-cultural-program\\\/#primaryimage\"},\"thumbnailUrl\":\"https:\\\/\\\/www.cde.ual.es\\\/wp-content\\\/uploads\\\/2021\\\/05\\\/cultura.jpg\",\"keywords\":[\"Audiovisual\",\"Awards\",\"budget\",\"Creative Europe\",\"cultural initiatives\",\"culture\",\"prizes\"],\"articleSection\":[\"Culture\",\"Education and Culture\",\"EU News\"],\"inLanguage\":\"en-US\",\"potentialAction\":[{\"@type\":\"CommentAction\",\"name\":\"Comment\",\"target\":[\"https:\\\/\\\/www.cde.ual.es\\\/en\\\/2-5-billion-euros-for-the-eus-new-cultural-program\\\/#respond\"]}]},{\"@type\":\"WebPage\",\"@id\":\"https:\\\/\\\/www.cde.ual.es\\\/en\\\/2-5-billion-euros-for-the-eus-new-cultural-program\\\/\",\"url\":\"https:\\\/\\\/www.cde.ual.es\\\/en\\\/2-5-billion-euros-for-the-eus-new-cultural-program\\\/\",\"name\":\"2.5 billion euros for the EU's new cultural program | CDE Almer\u00eda - Centro de Documentaci\u00f3n Europea - Universidad de Almer\u00eda\",\"isPartOf\":{\"@id\":\"https:\\\/\\\/www.cde.ual.es\\\/#website\"},\"primaryImageOfPage\":{\"@id\":\"https:\\\/\\\/www.cde.ual.es\\\/en\\\/2-5-billion-euros-for-the-eus-new-cultural-program\\\/#primaryimage\"},\"image\":{\"@id\":\"https:\\\/\\\/www.cde.ual.es\\\/en\\\/2-5-billion-euros-for-the-eus-new-cultural-program\\\/#primaryimage\"},\"thumbnailUrl\":\"https:\\\/\\\/www.cde.ual.es\\\/wp-content\\\/uploads\\\/2021\\\/05\\\/cultura.jpg\",\"datePublished\":\"2021-05-20T01:05:26+00:00\",\"dateModified\":\"2021-09-10T09:45:31+00:00\",\"breadcrumb\":{\"@id\":\"https:\\\/\\\/www.cde.ual.es\\\/en\\\/2-5-billion-euros-for-the-eus-new-cultural-program\\\/#breadcrumb\"},\"inLanguage\":\"en-US\",\"potentialAction\":[{\"@type\":\"ReadAction\",\"target\":[\"https:\\\/\\\/www.cde.ual.es\\\/en\\\/2-5-billion-euros-for-the-eus-new-cultural-program\\\/\"]}]},{\"@type\":\"ImageObject\",\"inLanguage\":\"en-US\",\"@id\":\"https:\\\/\\\/www.cde.ual.es\\\/en\\\/2-5-billion-euros-for-the-eus-new-cultural-program\\\/#primaryimage\",\"url\":\"https:\\\/\\\/www.cde.ual.es\\\/wp-content\\\/uploads\\\/2021\\\/05\\\/cultura.jpg\",\"contentUrl\":\"https:\\\/\\\/www.cde.ual.es\\\/wp-content\\\/uploads\\\/2021\\\/05\\\/cultura.jpg\",\"width\":601,\"height\":400},{\"@type\":\"BreadcrumbList\",\"@id\":\"https:\\\/\\\/www.cde.ual.es\\\/en\\\/2-5-billion-euros-for-the-eus-new-cultural-program\\\/#breadcrumb\",\"itemListElement\":[{\"@type\":\"ListItem\",\"position\":1,\"name\":\"Inicio\",\"item\":\"https:\\\/\\\/www.cde.ual.es\\\/en\\\/\"},{\"@type\":\"ListItem\",\"position\":2,\"name\":\"EU News\",\"item\":\"https:\\\/\\\/www.cde.ual.es\\\/en\\\/category\\\/eu-news\\\/\"},{\"@type\":\"ListItem\",\"position\":3,\"name\":\"Education and Culture\",\"item\":\"https:\\\/\\\/www.cde.ual.es\\\/en\\\/category\\\/eu-news\\\/education-culture\\\/\"},{\"@type\":\"ListItem\",\"position\":4,\"name\":\"Culture\",\"item\":\"https:\\\/\\\/www.cde.ual.es\\\/en\\\/category\\\/eu-news\\\/education-culture\\\/culture\\\/\"},{\"@type\":\"ListItem\",\"position\":5,\"name\":\"2.5 billion euros for the EU&#8217;s new cultural program\"}]},{\"@type\":\"WebSite\",\"@id\":\"https:\\\/\\\/www.cde.ual.es\\\/#website\",\"url\":\"https:\\\/\\\/www.cde.ual.es\\\/\",\"name\":\"CDE Almer\u00eda - Centro de Documentaci\u00f3n Europea - Universidad de Almer\u00eda\",\"description\":\"Centro de Documentaci\u00f3n Europea de la Universidad de Almer\u00eda\",\"publisher\":{\"@id\":\"https:\\\/\\\/www.cde.ual.es\\\/#organization\"},\"alternateName\":\"CDE Almer\u00eda\",\"potentialAction\":[{\"@type\":\"SearchAction\",\"target\":{\"@type\":\"EntryPoint\",\"urlTemplate\":\"https:\\\/\\\/www.cde.ual.es\\\/?s={search_term_string}\"},\"query-input\":{\"@type\":\"PropertyValueSpecification\",\"valueRequired\":true,\"valueName\":\"search_term_string\"}}],\"inLanguage\":\"en-US\"},{\"@type\":\"Organization\",\"@id\":\"https:\\\/\\\/www.cde.ual.es\\\/#organization\",\"name\":\"Centro de Documentaci\u00f3n Europea de Almer\u00eda\",\"url\":\"https:\\\/\\\/www.cde.ual.es\\\/\",\"logo\":{\"@type\":\"ImageObject\",\"inLanguage\":\"en-US\",\"@id\":\"https:\\\/\\\/www.cde.ual.es\\\/#\\\/schema\\\/logo\\\/image\\\/\",\"url\":\"https:\\\/\\\/www.cde.ual.es\\\/wp-content\\\/uploads\\\/2025\\\/07\\\/cde-logo-3.png\",\"contentUrl\":\"https:\\\/\\\/www.cde.ual.es\\\/wp-content\\\/uploads\\\/2025\\\/07\\\/cde-logo-3.png\",\"width\":1400,\"height\":300,\"caption\":\"Centro de Documentaci\u00f3n Europea de Almer\u00eda\"},\"image\":{\"@id\":\"https:\\\/\\\/www.cde.ual.es\\\/#\\\/schema\\\/logo\\\/image\\\/\"},\"sameAs\":[\"https:\\\/\\\/www.facebook.com\\\/cdeuniversidadalmeria\\\/\",\"https:\\\/\\\/x.com\\\/cdeualmeria\",\"https:\\\/\\\/www.tiktok.com\\\/@cdealmeria\",\"https:\\\/\\\/www.instagram.com\\\/cdealmeria\\\/\",\"https:\\\/\\\/www.linkedin.com\\\/in\\\/cde-almera-812b26a9\\\/\"]},{\"@type\":\"Person\",\"@id\":\"https:\\\/\\\/www.cde.ual.es\\\/#\\\/schema\\\/person\\\/ee46ebc19edfa19598c02cff83335acc\",\"name\":\"BECA 2 CDE\",\"image\":{\"@type\":\"ImageObject\",\"inLanguage\":\"en-US\",\"@id\":\"https:\\\/\\\/secure.gravatar.com\\\/avatar\\\/35a481bbc04bbd90e91bdfa3b0b5541036c222a49b9ad37b6889a2afcb5311a5?s=96&d=mm&r=g\",\"url\":\"https:\\\/\\\/secure.gravatar.com\\\/avatar\\\/35a481bbc04bbd90e91bdfa3b0b5541036c222a49b9ad37b6889a2afcb5311a5?s=96&d=mm&r=g\",\"contentUrl\":\"https:\\\/\\\/secure.gravatar.com\\\/avatar\\\/35a481bbc04bbd90e91bdfa3b0b5541036c222a49b9ad37b6889a2afcb5311a5?s=96&d=mm&r=g\",\"caption\":\"BECA 2 CDE\"},\"sameAs\":[\"http:\\\/\\\/www.cdealmeria.com\"]}]}<\/script>\n<!-- \/ Yoast SEO plugin. -->","yoast_head_json":{"title":"2.5 billion euros for the EU's new cultural program | CDE Almer\u00eda - Centro de Documentaci\u00f3n Europea - Universidad de Almer\u00eda","robots":{"index":"index","follow":"follow","max-snippet":"max-snippet:-1","max-image-preview":"max-image-preview:large","max-video-preview":"max-video-preview:-1"},"canonical":"https:\/\/www.cde.ual.es\/en\/2-5-billion-euros-for-the-eus-new-cultural-program\/","og_locale":"en_US","og_type":"article","og_title":"2.5 billion euros for the EU's new cultural program | CDE Almer\u00eda - Centro de Documentaci\u00f3n Europea - Universidad de Almer\u00eda","og_description":"Around 2.5 billion euros for the cultural and creative sectors Increased focus on music, inclusion and promotion of female talent Media to receive support for the first time The Parliament adopted on Wednesday 19 May &#8216;Creative Europe&#8217;, the European program for the cultural and audiovisual sectors, the EU&#8217;s largest financial commitment to date in this [&hellip;]","og_url":"https:\/\/www.cde.ual.es\/en\/2-5-billion-euros-for-the-eus-new-cultural-program\/","og_site_name":"CDE Almer\u00eda - Centro de Documentaci\u00f3n Europea - Universidad de Almer\u00eda","article_publisher":"https:\/\/www.facebook.com\/cdeuniversidadalmeria\/","article_published_time":"2021-05-20T01:05:26+00:00","article_modified_time":"2021-09-10T09:45:31+00:00","og_image":[{"width":601,"height":400,"url":"https:\/\/www.cde.ual.es\/wp-content\/uploads\/2021\/05\/cultura.jpg","type":"image\/jpeg"}],"author":"BECA 2 CDE","twitter_card":"summary_large_image","twitter_creator":"@cdeualmeria","twitter_site":"@cdeualmeria","twitter_misc":{"Written by":"BECA 2 CDE","Est. reading time":"3 minutes"},"schema":{"@context":"https:\/\/schema.org","@graph":[{"@type":"Article","@id":"https:\/\/www.cde.ual.es\/en\/2-5-billion-euros-for-the-eus-new-cultural-program\/#article","isPartOf":{"@id":"https:\/\/www.cde.ual.es\/en\/2-5-billion-euros-for-the-eus-new-cultural-program\/"},"author":{"name":"BECA 2 CDE","@id":"https:\/\/www.cde.ual.es\/#\/schema\/person\/ee46ebc19edfa19598c02cff83335acc"},"headline":"2.5 billion euros for the EU&#8217;s new cultural program","datePublished":"2021-05-20T01:05:26+00:00","dateModified":"2021-09-10T09:45:31+00:00","mainEntityOfPage":{"@id":"https:\/\/www.cde.ual.es\/en\/2-5-billion-euros-for-the-eus-new-cultural-program\/"},"wordCount":591,"commentCount":0,"publisher":{"@id":"https:\/\/www.cde.ual.es\/#organization"},"image":{"@id":"https:\/\/www.cde.ual.es\/en\/2-5-billion-euros-for-the-eus-new-cultural-program\/#primaryimage"},"thumbnailUrl":"https:\/\/www.cde.ual.es\/wp-content\/uploads\/2021\/05\/cultura.jpg","keywords":["Audiovisual","Awards","budget","Creative Europe","cultural initiatives","culture","prizes"],"articleSection":["Culture","Education and Culture","EU News"],"inLanguage":"en-US","potentialAction":[{"@type":"CommentAction","name":"Comment","target":["https:\/\/www.cde.ual.es\/en\/2-5-billion-euros-for-the-eus-new-cultural-program\/#respond"]}]},{"@type":"WebPage","@id":"https:\/\/www.cde.ual.es\/en\/2-5-billion-euros-for-the-eus-new-cultural-program\/","url":"https:\/\/www.cde.ual.es\/en\/2-5-billion-euros-for-the-eus-new-cultural-program\/","name":"2.5 billion euros for the EU's new cultural program | CDE Almer\u00eda - Centro de Documentaci\u00f3n Europea - Universidad de Almer\u00eda","isPartOf":{"@id":"https:\/\/www.cde.ual.es\/#website"},"primaryImageOfPage":{"@id":"https:\/\/www.cde.ual.es\/en\/2-5-billion-euros-for-the-eus-new-cultural-program\/#primaryimage"},"image":{"@id":"https:\/\/www.cde.ual.es\/en\/2-5-billion-euros-for-the-eus-new-cultural-program\/#primaryimage"},"thumbnailUrl":"https:\/\/www.cde.ual.es\/wp-content\/uploads\/2021\/05\/cultura.jpg","datePublished":"2021-05-20T01:05:26+00:00","dateModified":"2021-09-10T09:45:31+00:00","breadcrumb":{"@id":"https:\/\/www.cde.ual.es\/en\/2-5-billion-euros-for-the-eus-new-cultural-program\/#breadcrumb"},"inLanguage":"en-US","potentialAction":[{"@type":"ReadAction","target":["https:\/\/www.cde.ual.es\/en\/2-5-billion-euros-for-the-eus-new-cultural-program\/"]}]},{"@type":"ImageObject","inLanguage":"en-US","@id":"https:\/\/www.cde.ual.es\/en\/2-5-billion-euros-for-the-eus-new-cultural-program\/#primaryimage","url":"https:\/\/www.cde.ual.es\/wp-content\/uploads\/2021\/05\/cultura.jpg","contentUrl":"https:\/\/www.cde.ual.es\/wp-content\/uploads\/2021\/05\/cultura.jpg","width":601,"height":400},{"@type":"BreadcrumbList","@id":"https:\/\/www.cde.ual.es\/en\/2-5-billion-euros-for-the-eus-new-cultural-program\/#breadcrumb","itemListElement":[{"@type":"ListItem","position":1,"name":"Inicio","item":"https:\/\/www.cde.ual.es\/en\/"},{"@type":"ListItem","position":2,"name":"EU News","item":"https:\/\/www.cde.ual.es\/en\/category\/eu-news\/"},{"@type":"ListItem","position":3,"name":"Education and Culture","item":"https:\/\/www.cde.ual.es\/en\/category\/eu-news\/education-culture\/"},{"@type":"ListItem","position":4,"name":"Culture","item":"https:\/\/www.cde.ual.es\/en\/category\/eu-news\/education-culture\/culture\/"},{"@type":"ListItem","position":5,"name":"2.5 billion euros for the EU&#8217;s new cultural program"}]},{"@type":"WebSite","@id":"https:\/\/www.cde.ual.es\/#website","url":"https:\/\/www.cde.ual.es\/","name":"CDE Almer\u00eda - Centro de Documentaci\u00f3n Europea - Universidad de Almer\u00eda","description":"Centro de Documentaci\u00f3n Europea de la Universidad de Almer\u00eda","publisher":{"@id":"https:\/\/www.cde.ual.es\/#organization"},"alternateName":"CDE Almer\u00eda","potentialAction":[{"@type":"SearchAction","target":{"@type":"EntryPoint","urlTemplate":"https:\/\/www.cde.ual.es\/?s={search_term_string}"},"query-input":{"@type":"PropertyValueSpecification","valueRequired":true,"valueName":"search_term_string"}}],"inLanguage":"en-US"},{"@type":"Organization","@id":"https:\/\/www.cde.ual.es\/#organization","name":"Centro de Documentaci\u00f3n Europea de Almer\u00eda","url":"https:\/\/www.cde.ual.es\/","logo":{"@type":"ImageObject","inLanguage":"en-US","@id":"https:\/\/www.cde.ual.es\/#\/schema\/logo\/image\/","url":"https:\/\/www.cde.ual.es\/wp-content\/uploads\/2025\/07\/cde-logo-3.png","contentUrl":"https:\/\/www.cde.ual.es\/wp-content\/uploads\/2025\/07\/cde-logo-3.png","width":1400,"height":300,"caption":"Centro de Documentaci\u00f3n Europea de Almer\u00eda"},"image":{"@id":"https:\/\/www.cde.ual.es\/#\/schema\/logo\/image\/"},"sameAs":["https:\/\/www.facebook.com\/cdeuniversidadalmeria\/","https:\/\/x.com\/cdeualmeria","https:\/\/www.tiktok.com\/@cdealmeria","https:\/\/www.instagram.com\/cdealmeria\/","https:\/\/www.linkedin.com\/in\/cde-almera-812b26a9\/"]},{"@type":"Person","@id":"https:\/\/www.cde.ual.es\/#\/schema\/person\/ee46ebc19edfa19598c02cff83335acc","name":"BECA 2 CDE","image":{"@type":"ImageObject","inLanguage":"en-US","@id":"https:\/\/secure.gravatar.com\/avatar\/35a481bbc04bbd90e91bdfa3b0b5541036c222a49b9ad37b6889a2afcb5311a5?s=96&d=mm&r=g","url":"https:\/\/secure.gravatar.com\/avatar\/35a481bbc04bbd90e91bdfa3b0b5541036c222a49b9ad37b6889a2afcb5311a5?s=96&d=mm&r=g","contentUrl":"https:\/\/secure.gravatar.com\/avatar\/35a481bbc04bbd90e91bdfa3b0b5541036c222a49b9ad37b6889a2afcb5311a5?s=96&d=mm&r=g","caption":"BECA 2 CDE"},"sameAs":["http:\/\/www.cdealmeria.com"]}]}},"_links":{"self":[{"href":"https:\/\/www.cde.ual.es\/en\/wp-json\/wp\/v2\/posts\/71135","targetHints":{"allow":["GET"]}}],"collection":[{"href":"https:\/\/www.cde.ual.es\/en\/wp-json\/wp\/v2\/posts"}],"about":[{"href":"https:\/\/www.cde.ual.es\/en\/wp-json\/wp\/v2\/types\/post"}],"author":[{"embeddable":true,"href":"https:\/\/www.cde.ual.es\/en\/wp-json\/wp\/v2\/users\/101011"}],"replies":[{"embeddable":true,"href":"https:\/\/www.cde.ual.es\/en\/wp-json\/wp\/v2\/comments?post=71135"}],"version-history":[{"count":0,"href":"https:\/\/www.cde.ual.es\/en\/wp-json\/wp\/v2\/posts\/71135\/revisions"}],"wp:featuredmedia":[{"embeddable":true,"href":"https:\/\/www.cde.ual.es\/en\/wp-json\/wp\/v2\/media\/71133"}],"wp:attachment":[{"href":"https:\/\/www.cde.ual.es\/en\/wp-json\/wp\/v2\/media?parent=71135"}],"wp:term":[{"taxonomy":"category","embeddable":true,"href":"https:\/\/www.cde.ual.es\/en\/wp-json\/wp\/v2\/categories?post=71135"},{"taxonomy":"post_tag","embeddable":true,"href":"https:\/\/www.cde.ual.es\/en\/wp-json\/wp\/v2\/tags?post=71135"}],"curies":[{"name":"wp","href":"https:\/\/api.w.org\/{rel}","templated":true}]}}