{"id":70253,"date":"2021-05-11T03:00:01","date_gmt":"2021-05-11T01:00:01","guid":{"rendered":"https:\/\/www.cde.ual.es\/?p=70253"},"modified":"2021-09-10T12:28:04","modified_gmt":"2021-09-10T10:28:04","slug":"jose-ramon-patterson-carmen-vela-and-rafael-latorre-winners-of-the-salvador-de-madariaga-european-journalism-award","status":"publish","type":"post","link":"https:\/\/www.cde.ual.es\/en\/jose-ramon-patterson-carmen-vela-and-rafael-latorre-winners-of-the-salvador-de-madariaga-european-journalism-award\/","title":{"rendered":"Jos\u00e9 Ram\u00f3n Patterson, Carmen Vela and Rafael Latorre, winners of the Salvador de Madariaga European Journalism Award"},"content":{"rendered":"<p><a href=\"https:\/\/www.cde.ual.es\/wp-content\/uploads\/2021\/05\/madariaga2020_1_0.png\"><img decoding=\"async\" class=\" wp-image-70250 aligncenter\" src=\"https:\/\/www.cde.ual.es\/wp-content\/uploads\/2021\/05\/madariaga2020_1_0.png\" alt=\"\" width=\"470\" height=\"470\" srcset=\"https:\/\/www.cde.ual.es\/wp-content\/uploads\/2021\/05\/madariaga2020_1_0.png 800w, https:\/\/www.cde.ual.es\/wp-content\/uploads\/2021\/05\/madariaga2020_1_0-300x300.png 300w, https:\/\/www.cde.ual.es\/wp-content\/uploads\/2021\/05\/madariaga2020_1_0-150x150.png 150w, https:\/\/www.cde.ual.es\/wp-content\/uploads\/2021\/05\/madariaga2020_1_0-768x768.png 768w\" sizes=\"(max-width: 470px) 100vw, 470px\" \/><\/a><\/p>\n<p>On May 9, the former TVE correspondent in Brussels, Jos\u00e9 Ram\u00f3n Patterson, Cadena Ser journalist Carmen Vela and El Mundo journalist Rafael Latorre were awarded the 27th edition of the Salvador de Madariaga European Journalism Prize in the categories of television, radio and written press, respectively.<\/p>\n<p>The jury decided to award the prize in the television category to Jos\u00e9 Ram\u00f3n Patterson for his ability to explain Europe at a crucial moment for its future. He also pointed out that this award &#8220;represents the recognition of a solid trajectory in information and in the defense of an autonomous and professional project of RTVE wherever it has been: from Asturias to Brussels, passing through Torrespa\u00f1a. The Madariaga is the finishing touch to this work&#8221;.<\/p>\n<p>In the radio category, the jury highlighted Carmen Vela&#8217;s extensive journalistic career that has led her to report on the European Union from the main capitals of Europe. &#8220;In Brussels, Berlin or Paris, her chronicles have always been marked by rigor and a deep knowledge of the functioning of the European Institutions and the centers of community power, always looking for the consequences and implications for Spain, a fundamental aspect in the work of a correspondent&#8221;.<\/p>\n<p>In the written press category, Rafael Latorre was awarded the prize for &#8220;the quality of his analysis, the brilliance of his opinion and the pro-European values that filter naturally into his columns and chronicles&#8221;.<\/p>\n<h3>The contest jury<\/h3>\n<p>The deliberations of the jury of the 27th edition of the Prize were held at the headquarters of the European Journalists Association on April 14 under the chairmanship of Ana Palacio, former Foreign Minister and former MEP. The jury was composed of: Diego Carcedo, president of the Association of European Journalists; \u00cd\u00f1igo Alfonso, director of RNE&#8217;s &#8220;Las ma\u00f1anas&#8221;; Rub\u00e9n Am\u00f3n, columnist for El Confidencial and contributor to Onda Cero; Jorge Bustos, opinion editor of El Mundo; Montserrat Dom\u00ednguez, deputy editor of El Pa\u00eds; Francisco Fonseca, former director of the European Commission Representation in Spain; Carlos Franganillo, presenter of TVE&#8217;s Telediario 2; Javier Garc\u00eda Vila, director of Europa Press; Araceli Infante, director of Espejo P\u00fablico of Antena 3; Ana N\u00fa\u00f1ez-Milara, journalist of Vozp\u00f3puli and former correspondent of Tele 5 in Brussels; Rafael Panadero, head of international affairs of Cadena SER; Encarna Samitier, director of 20 minutos; Antonio San Jos\u00e9, journalist and partner of Kreab and Jose Antonio Zarzalejos, columnist of El Confidencial. Mar\u00eda Andr\u00e9s, director of the European Parliament Office in Spain; Mar\u00eda \u00c1ngeles Ben\u00edtez, director of the European Commission Representation in Spain; and Miguel \u00c1ngel Aguilar, secretary general of the Association of European Journalists, acted as secretaries without vote.<\/p>\n<h3>The Salvador de Madariaga European Journalism Award<\/h3>\n<p>The prize, consisting of a diploma and 12,000 euros in each category (written press, radio and television), is awarded annually by the Association of European Journalists, the European Commission Representation in Spain and the Madrid Office of the European Parliament. It rewards the work of media professionals whose work allows to form a public opinion about the European Union contrasted and under solid information bases.<\/p>\n<p>The award ceremony will take place at the Carlos de Amberes Foundation in Madrid on a date to be determined in June and will be sponsored by Iberdrola.<\/p>\n<h3>More information<\/h3>\n<p><a href=\"https:\/\/www.europarl.europa.eu\/spain\/es\/prensa\/communicados_de_prensa\/pr-2021\/mayo\/jose-ramon-patterson-carmen-vela-y-rafael-latorre-ganadores-del-premio-de-periodismo-europeo-salvador-de-madariaga.html\" target=\"_blank\" rel=\"noopener\">European Parliament &#8211; Press Release<\/a><\/p>\n","protected":false},"excerpt":{"rendered":"<p>On May 9, the former TVE correspondent in Brussels, Jos\u00e9 Ram\u00f3n Patterson, Cadena Ser journalist Carmen Vela and El Mundo journalist Rafael Latorre were awarded the 27th edition of the Salvador de Madariaga European Journalism Prize in the categories of television, radio and written press, respectively. The jury decided to award the prize in the [&hellip;]<\/p>\n","protected":false},"author":101012,"featured_media":70251,"comment_status":"open","ping_status":"open","sticky":false,"template":"","format":"standard","meta":{"_acf_changed":false,"_relevanssi_hide_post":"","_relevanssi_hide_content":"","_relevanssi_pin_for_all":"","_relevanssi_pin_keywords":"","_relevanssi_unpin_keywords":"","_relevanssi_related_keywords":"","_relevanssi_related_include_ids":"","_relevanssi_related_exclude_ids":"","_relevanssi_related_no_append":"","_relevanssi_related_not_related":"","_relevanssi_related_posts":"","_relevanssi_noindex_reason":"","_monsterinsights_skip_tracking":false,"_monsterinsights_sitenote_active":false,"_monsterinsights_sitenote_note":"","_monsterinsights_sitenote_category":0,"_genesis_hide_title":false,"_genesis_hide_breadcrumbs":false,"_genesis_hide_singular_image":false,"_genesis_hide_footer_widgets":false,"_genesis_custom_body_class":"","_genesis_custom_post_class":"","_genesis_layout":"","footnotes":""},"categories":[4072,4073,4071,346],"tags":[408,545,3197,1292],"class_list":{"0":"post-70253","1":"post","2":"type-post","3":"status-publish","4":"format-standard","5":"has-post-thumbnail","7":"category-comm","8":"category-culture","9":"category-education-culture","10":"category-eu-news","11":"tag-award","12":"tag-journalism","13":"tag-journalist","14":"tag-prize","15":"entry"},"acf":[],"yoast_head":"<!-- This site is optimized with the Yoast SEO plugin v27.5 - https:\/\/yoast.com\/product\/yoast-seo-wordpress\/ -->\n<title>Jos\u00e9 Ram\u00f3n Patterson, Carmen Vela and Rafael Latorre, winners of the Salvador de Madariaga European Journalism Award | CDE Almer\u00eda - Centro de Documentaci\u00f3n Europea - Universidad de Almer\u00eda<\/title>\n<meta name=\"robots\" content=\"index, follow, max-snippet:-1, max-image-preview:large, max-video-preview:-1\" \/>\n<link rel=\"canonical\" href=\"https:\/\/www.cde.ual.es\/en\/jose-ramon-patterson-carmen-vela-and-rafael-latorre-winners-of-the-salvador-de-madariaga-european-journalism-award\/\" \/>\n<meta property=\"og:locale\" content=\"en_US\" \/>\n<meta property=\"og:type\" content=\"article\" \/>\n<meta property=\"og:title\" content=\"Jos\u00e9 Ram\u00f3n Patterson, Carmen Vela and Rafael Latorre, winners of the Salvador de Madariaga European Journalism Award | CDE Almer\u00eda - Centro de Documentaci\u00f3n Europea - Universidad de Almer\u00eda\" \/>\n<meta property=\"og:description\" content=\"On May 9, the former TVE correspondent in Brussels, Jos\u00e9 Ram\u00f3n Patterson, Cadena Ser journalist Carmen Vela and El Mundo journalist Rafael Latorre were awarded the 27th edition of the Salvador de Madariaga European Journalism Prize in the categories of television, radio and written press, respectively. The jury decided to award the prize in the [&hellip;]\" \/>\n<meta property=\"og:url\" content=\"https:\/\/www.cde.ual.es\/en\/jose-ramon-patterson-carmen-vela-and-rafael-latorre-winners-of-the-salvador-de-madariaga-european-journalism-award\/\" \/>\n<meta property=\"og:site_name\" content=\"CDE Almer\u00eda - Centro de Documentaci\u00f3n Europea - Universidad de Almer\u00eda\" \/>\n<meta property=\"article:publisher\" content=\"https:\/\/www.facebook.com\/cdeuniversidadalmeria\/\" \/>\n<meta property=\"article:published_time\" content=\"2021-05-11T01:00:01+00:00\" \/>\n<meta property=\"article:modified_time\" content=\"2021-09-10T10:28:04+00:00\" \/>\n<meta property=\"og:image\" content=\"https:\/\/www.cde.ual.es\/wp-content\/uploads\/2021\/05\/madariaga2020_1_0.png\" \/>\n\t<meta property=\"og:image:width\" content=\"800\" \/>\n\t<meta property=\"og:image:height\" content=\"800\" \/>\n\t<meta property=\"og:image:type\" content=\"image\/png\" \/>\n<meta name=\"author\" content=\"BECACDE1\" \/>\n<meta name=\"twitter:card\" content=\"summary_large_image\" \/>\n<meta name=\"twitter:creator\" content=\"@cdeualmeria\" \/>\n<meta name=\"twitter:site\" content=\"@cdeualmeria\" \/>\n<meta name=\"twitter:label1\" content=\"Written by\" \/>\n\t<meta name=\"twitter:data1\" content=\"BECACDE1\" \/>\n\t<meta name=\"twitter:label2\" content=\"Est. reading time\" \/>\n\t<meta name=\"twitter:data2\" content=\"3 minutes\" \/>\n<script type=\"application\/ld+json\" class=\"yoast-schema-graph\">{\"@context\":\"https:\\\/\\\/schema.org\",\"@graph\":[{\"@type\":\"Article\",\"@id\":\"https:\\\/\\\/www.cde.ual.es\\\/en\\\/jose-ramon-patterson-carmen-vela-and-rafael-latorre-winners-of-the-salvador-de-madariaga-european-journalism-award\\\/#article\",\"isPartOf\":{\"@id\":\"https:\\\/\\\/www.cde.ual.es\\\/en\\\/jose-ramon-patterson-carmen-vela-and-rafael-latorre-winners-of-the-salvador-de-madariaga-european-journalism-award\\\/\"},\"author\":{\"name\":\"BECACDE1\",\"@id\":\"https:\\\/\\\/www.cde.ual.es\\\/#\\\/schema\\\/person\\\/bf2f837cf3353e2161fe1087adbd728f\"},\"headline\":\"Jos\u00e9 Ram\u00f3n Patterson, Carmen Vela and Rafael Latorre, winners of the Salvador de Madariaga European Journalism Award\",\"datePublished\":\"2021-05-11T01:00:01+00:00\",\"dateModified\":\"2021-09-10T10:28:04+00:00\",\"mainEntityOfPage\":{\"@id\":\"https:\\\/\\\/www.cde.ual.es\\\/en\\\/jose-ramon-patterson-carmen-vela-and-rafael-latorre-winners-of-the-salvador-de-madariaga-european-journalism-award\\\/\"},\"wordCount\":571,\"commentCount\":0,\"publisher\":{\"@id\":\"https:\\\/\\\/www.cde.ual.es\\\/#organization\"},\"image\":{\"@id\":\"https:\\\/\\\/www.cde.ual.es\\\/en\\\/jose-ramon-patterson-carmen-vela-and-rafael-latorre-winners-of-the-salvador-de-madariaga-european-journalism-award\\\/#primaryimage\"},\"thumbnailUrl\":\"https:\\\/\\\/www.cde.ual.es\\\/wp-content\\\/uploads\\\/2021\\\/05\\\/madariaga2020_1_0.png\",\"keywords\":[\"award\",\"Journalism\",\"journalist\",\"Prize\"],\"articleSection\":[\"Communication\",\"Culture\",\"Education and Culture\",\"EU News\"],\"inLanguage\":\"en-US\",\"potentialAction\":[{\"@type\":\"CommentAction\",\"name\":\"Comment\",\"target\":[\"https:\\\/\\\/www.cde.ual.es\\\/en\\\/jose-ramon-patterson-carmen-vela-and-rafael-latorre-winners-of-the-salvador-de-madariaga-european-journalism-award\\\/#respond\"]}]},{\"@type\":\"WebPage\",\"@id\":\"https:\\\/\\\/www.cde.ual.es\\\/en\\\/jose-ramon-patterson-carmen-vela-and-rafael-latorre-winners-of-the-salvador-de-madariaga-european-journalism-award\\\/\",\"url\":\"https:\\\/\\\/www.cde.ual.es\\\/en\\\/jose-ramon-patterson-carmen-vela-and-rafael-latorre-winners-of-the-salvador-de-madariaga-european-journalism-award\\\/\",\"name\":\"Jos\u00e9 Ram\u00f3n Patterson, Carmen Vela and Rafael Latorre, winners of the Salvador de Madariaga European Journalism Award | CDE Almer\u00eda - Centro de Documentaci\u00f3n Europea - Universidad de Almer\u00eda\",\"isPartOf\":{\"@id\":\"https:\\\/\\\/www.cde.ual.es\\\/#website\"},\"primaryImageOfPage\":{\"@id\":\"https:\\\/\\\/www.cde.ual.es\\\/en\\\/jose-ramon-patterson-carmen-vela-and-rafael-latorre-winners-of-the-salvador-de-madariaga-european-journalism-award\\\/#primaryimage\"},\"image\":{\"@id\":\"https:\\\/\\\/www.cde.ual.es\\\/en\\\/jose-ramon-patterson-carmen-vela-and-rafael-latorre-winners-of-the-salvador-de-madariaga-european-journalism-award\\\/#primaryimage\"},\"thumbnailUrl\":\"https:\\\/\\\/www.cde.ual.es\\\/wp-content\\\/uploads\\\/2021\\\/05\\\/madariaga2020_1_0.png\",\"datePublished\":\"2021-05-11T01:00:01+00:00\",\"dateModified\":\"2021-09-10T10:28:04+00:00\",\"breadcrumb\":{\"@id\":\"https:\\\/\\\/www.cde.ual.es\\\/en\\\/jose-ramon-patterson-carmen-vela-and-rafael-latorre-winners-of-the-salvador-de-madariaga-european-journalism-award\\\/#breadcrumb\"},\"inLanguage\":\"en-US\",\"potentialAction\":[{\"@type\":\"ReadAction\",\"target\":[\"https:\\\/\\\/www.cde.ual.es\\\/en\\\/jose-ramon-patterson-carmen-vela-and-rafael-latorre-winners-of-the-salvador-de-madariaga-european-journalism-award\\\/\"]}]},{\"@type\":\"ImageObject\",\"inLanguage\":\"en-US\",\"@id\":\"https:\\\/\\\/www.cde.ual.es\\\/en\\\/jose-ramon-patterson-carmen-vela-and-rafael-latorre-winners-of-the-salvador-de-madariaga-european-journalism-award\\\/#primaryimage\",\"url\":\"https:\\\/\\\/www.cde.ual.es\\\/wp-content\\\/uploads\\\/2021\\\/05\\\/madariaga2020_1_0.png\",\"contentUrl\":\"https:\\\/\\\/www.cde.ual.es\\\/wp-content\\\/uploads\\\/2021\\\/05\\\/madariaga2020_1_0.png\",\"width\":800,\"height\":800},{\"@type\":\"BreadcrumbList\",\"@id\":\"https:\\\/\\\/www.cde.ual.es\\\/en\\\/jose-ramon-patterson-carmen-vela-and-rafael-latorre-winners-of-the-salvador-de-madariaga-european-journalism-award\\\/#breadcrumb\",\"itemListElement\":[{\"@type\":\"ListItem\",\"position\":1,\"name\":\"Inicio\",\"item\":\"https:\\\/\\\/www.cde.ual.es\\\/en\\\/\"},{\"@type\":\"ListItem\",\"position\":2,\"name\":\"EU News\",\"item\":\"https:\\\/\\\/www.cde.ual.es\\\/en\\\/category\\\/eu-news\\\/\"},{\"@type\":\"ListItem\",\"position\":3,\"name\":\"Education and Culture\",\"item\":\"https:\\\/\\\/www.cde.ual.es\\\/en\\\/category\\\/eu-news\\\/education-culture\\\/\"},{\"@type\":\"ListItem\",\"position\":4,\"name\":\"Communication\",\"item\":\"https:\\\/\\\/www.cde.ual.es\\\/en\\\/category\\\/eu-news\\\/education-culture\\\/comm\\\/\"},{\"@type\":\"ListItem\",\"position\":5,\"name\":\"Jos\u00e9 Ram\u00f3n Patterson, Carmen Vela and Rafael Latorre, winners of the Salvador de Madariaga European Journalism Award\"}]},{\"@type\":\"WebSite\",\"@id\":\"https:\\\/\\\/www.cde.ual.es\\\/#website\",\"url\":\"https:\\\/\\\/www.cde.ual.es\\\/\",\"name\":\"CDE Almer\u00eda - Centro de Documentaci\u00f3n Europea - Universidad de Almer\u00eda\",\"description\":\"Centro de Documentaci\u00f3n Europea de la Universidad de Almer\u00eda\",\"publisher\":{\"@id\":\"https:\\\/\\\/www.cde.ual.es\\\/#organization\"},\"alternateName\":\"CDE Almer\u00eda\",\"potentialAction\":[{\"@type\":\"SearchAction\",\"target\":{\"@type\":\"EntryPoint\",\"urlTemplate\":\"https:\\\/\\\/www.cde.ual.es\\\/?s={search_term_string}\"},\"query-input\":{\"@type\":\"PropertyValueSpecification\",\"valueRequired\":true,\"valueName\":\"search_term_string\"}}],\"inLanguage\":\"en-US\"},{\"@type\":\"Organization\",\"@id\":\"https:\\\/\\\/www.cde.ual.es\\\/#organization\",\"name\":\"Centro de Documentaci\u00f3n Europea de Almer\u00eda\",\"url\":\"https:\\\/\\\/www.cde.ual.es\\\/\",\"logo\":{\"@type\":\"ImageObject\",\"inLanguage\":\"en-US\",\"@id\":\"https:\\\/\\\/www.cde.ual.es\\\/#\\\/schema\\\/logo\\\/image\\\/\",\"url\":\"https:\\\/\\\/www.cde.ual.es\\\/wp-content\\\/uploads\\\/2025\\\/07\\\/cde-logo-3.png\",\"contentUrl\":\"https:\\\/\\\/www.cde.ual.es\\\/wp-content\\\/uploads\\\/2025\\\/07\\\/cde-logo-3.png\",\"width\":1400,\"height\":300,\"caption\":\"Centro de Documentaci\u00f3n Europea de Almer\u00eda\"},\"image\":{\"@id\":\"https:\\\/\\\/www.cde.ual.es\\\/#\\\/schema\\\/logo\\\/image\\\/\"},\"sameAs\":[\"https:\\\/\\\/www.facebook.com\\\/cdeuniversidadalmeria\\\/\",\"https:\\\/\\\/x.com\\\/cdeualmeria\",\"https:\\\/\\\/www.tiktok.com\\\/@cdealmeria\",\"https:\\\/\\\/www.instagram.com\\\/cdealmeria\\\/\",\"https:\\\/\\\/www.linkedin.com\\\/in\\\/cde-almera-812b26a9\\\/\"]},{\"@type\":\"Person\",\"@id\":\"https:\\\/\\\/www.cde.ual.es\\\/#\\\/schema\\\/person\\\/bf2f837cf3353e2161fe1087adbd728f\",\"name\":\"BECACDE1\",\"image\":{\"@type\":\"ImageObject\",\"inLanguage\":\"en-US\",\"@id\":\"https:\\\/\\\/secure.gravatar.com\\\/avatar\\\/16a4c1e422b5dec818ee13eab3353b19db9cfd278cc10f9b0e1188a37671d9d4?s=96&d=mm&r=g\",\"url\":\"https:\\\/\\\/secure.gravatar.com\\\/avatar\\\/16a4c1e422b5dec818ee13eab3353b19db9cfd278cc10f9b0e1188a37671d9d4?s=96&d=mm&r=g\",\"contentUrl\":\"https:\\\/\\\/secure.gravatar.com\\\/avatar\\\/16a4c1e422b5dec818ee13eab3353b19db9cfd278cc10f9b0e1188a37671d9d4?s=96&d=mm&r=g\",\"caption\":\"BECACDE1\"},\"sameAs\":[\"http:\\\/\\\/www.cdealmeria.com\"]}]}<\/script>\n<!-- \/ Yoast SEO plugin. -->","yoast_head_json":{"title":"Jos\u00e9 Ram\u00f3n Patterson, Carmen Vela and Rafael Latorre, winners of the Salvador de Madariaga European Journalism Award | CDE Almer\u00eda - Centro de Documentaci\u00f3n Europea - Universidad de Almer\u00eda","robots":{"index":"index","follow":"follow","max-snippet":"max-snippet:-1","max-image-preview":"max-image-preview:large","max-video-preview":"max-video-preview:-1"},"canonical":"https:\/\/www.cde.ual.es\/en\/jose-ramon-patterson-carmen-vela-and-rafael-latorre-winners-of-the-salvador-de-madariaga-european-journalism-award\/","og_locale":"en_US","og_type":"article","og_title":"Jos\u00e9 Ram\u00f3n Patterson, Carmen Vela and Rafael Latorre, winners of the Salvador de Madariaga European Journalism Award | CDE Almer\u00eda - Centro de Documentaci\u00f3n Europea - Universidad de Almer\u00eda","og_description":"On May 9, the former TVE correspondent in Brussels, Jos\u00e9 Ram\u00f3n Patterson, Cadena Ser journalist Carmen Vela and El Mundo journalist Rafael Latorre were awarded the 27th edition of the Salvador de Madariaga European Journalism Prize in the categories of television, radio and written press, respectively. The jury decided to award the prize in the [&hellip;]","og_url":"https:\/\/www.cde.ual.es\/en\/jose-ramon-patterson-carmen-vela-and-rafael-latorre-winners-of-the-salvador-de-madariaga-european-journalism-award\/","og_site_name":"CDE Almer\u00eda - Centro de Documentaci\u00f3n Europea - Universidad de Almer\u00eda","article_publisher":"https:\/\/www.facebook.com\/cdeuniversidadalmeria\/","article_published_time":"2021-05-11T01:00:01+00:00","article_modified_time":"2021-09-10T10:28:04+00:00","og_image":[{"width":800,"height":800,"url":"https:\/\/www.cde.ual.es\/wp-content\/uploads\/2021\/05\/madariaga2020_1_0.png","type":"image\/png"}],"author":"BECACDE1","twitter_card":"summary_large_image","twitter_creator":"@cdeualmeria","twitter_site":"@cdeualmeria","twitter_misc":{"Written by":"BECACDE1","Est. reading time":"3 minutes"},"schema":{"@context":"https:\/\/schema.org","@graph":[{"@type":"Article","@id":"https:\/\/www.cde.ual.es\/en\/jose-ramon-patterson-carmen-vela-and-rafael-latorre-winners-of-the-salvador-de-madariaga-european-journalism-award\/#article","isPartOf":{"@id":"https:\/\/www.cde.ual.es\/en\/jose-ramon-patterson-carmen-vela-and-rafael-latorre-winners-of-the-salvador-de-madariaga-european-journalism-award\/"},"author":{"name":"BECACDE1","@id":"https:\/\/www.cde.ual.es\/#\/schema\/person\/bf2f837cf3353e2161fe1087adbd728f"},"headline":"Jos\u00e9 Ram\u00f3n Patterson, Carmen Vela and Rafael Latorre, winners of the Salvador de Madariaga European Journalism Award","datePublished":"2021-05-11T01:00:01+00:00","dateModified":"2021-09-10T10:28:04+00:00","mainEntityOfPage":{"@id":"https:\/\/www.cde.ual.es\/en\/jose-ramon-patterson-carmen-vela-and-rafael-latorre-winners-of-the-salvador-de-madariaga-european-journalism-award\/"},"wordCount":571,"commentCount":0,"publisher":{"@id":"https:\/\/www.cde.ual.es\/#organization"},"image":{"@id":"https:\/\/www.cde.ual.es\/en\/jose-ramon-patterson-carmen-vela-and-rafael-latorre-winners-of-the-salvador-de-madariaga-european-journalism-award\/#primaryimage"},"thumbnailUrl":"https:\/\/www.cde.ual.es\/wp-content\/uploads\/2021\/05\/madariaga2020_1_0.png","keywords":["award","Journalism","journalist","Prize"],"articleSection":["Communication","Culture","Education and Culture","EU News"],"inLanguage":"en-US","potentialAction":[{"@type":"CommentAction","name":"Comment","target":["https:\/\/www.cde.ual.es\/en\/jose-ramon-patterson-carmen-vela-and-rafael-latorre-winners-of-the-salvador-de-madariaga-european-journalism-award\/#respond"]}]},{"@type":"WebPage","@id":"https:\/\/www.cde.ual.es\/en\/jose-ramon-patterson-carmen-vela-and-rafael-latorre-winners-of-the-salvador-de-madariaga-european-journalism-award\/","url":"https:\/\/www.cde.ual.es\/en\/jose-ramon-patterson-carmen-vela-and-rafael-latorre-winners-of-the-salvador-de-madariaga-european-journalism-award\/","name":"Jos\u00e9 Ram\u00f3n Patterson, Carmen Vela and Rafael Latorre, winners of the Salvador de Madariaga European Journalism Award | CDE Almer\u00eda - Centro de Documentaci\u00f3n Europea - Universidad de Almer\u00eda","isPartOf":{"@id":"https:\/\/www.cde.ual.es\/#website"},"primaryImageOfPage":{"@id":"https:\/\/www.cde.ual.es\/en\/jose-ramon-patterson-carmen-vela-and-rafael-latorre-winners-of-the-salvador-de-madariaga-european-journalism-award\/#primaryimage"},"image":{"@id":"https:\/\/www.cde.ual.es\/en\/jose-ramon-patterson-carmen-vela-and-rafael-latorre-winners-of-the-salvador-de-madariaga-european-journalism-award\/#primaryimage"},"thumbnailUrl":"https:\/\/www.cde.ual.es\/wp-content\/uploads\/2021\/05\/madariaga2020_1_0.png","datePublished":"2021-05-11T01:00:01+00:00","dateModified":"2021-09-10T10:28:04+00:00","breadcrumb":{"@id":"https:\/\/www.cde.ual.es\/en\/jose-ramon-patterson-carmen-vela-and-rafael-latorre-winners-of-the-salvador-de-madariaga-european-journalism-award\/#breadcrumb"},"inLanguage":"en-US","potentialAction":[{"@type":"ReadAction","target":["https:\/\/www.cde.ual.es\/en\/jose-ramon-patterson-carmen-vela-and-rafael-latorre-winners-of-the-salvador-de-madariaga-european-journalism-award\/"]}]},{"@type":"ImageObject","inLanguage":"en-US","@id":"https:\/\/www.cde.ual.es\/en\/jose-ramon-patterson-carmen-vela-and-rafael-latorre-winners-of-the-salvador-de-madariaga-european-journalism-award\/#primaryimage","url":"https:\/\/www.cde.ual.es\/wp-content\/uploads\/2021\/05\/madariaga2020_1_0.png","contentUrl":"https:\/\/www.cde.ual.es\/wp-content\/uploads\/2021\/05\/madariaga2020_1_0.png","width":800,"height":800},{"@type":"BreadcrumbList","@id":"https:\/\/www.cde.ual.es\/en\/jose-ramon-patterson-carmen-vela-and-rafael-latorre-winners-of-the-salvador-de-madariaga-european-journalism-award\/#breadcrumb","itemListElement":[{"@type":"ListItem","position":1,"name":"Inicio","item":"https:\/\/www.cde.ual.es\/en\/"},{"@type":"ListItem","position":2,"name":"EU News","item":"https:\/\/www.cde.ual.es\/en\/category\/eu-news\/"},{"@type":"ListItem","position":3,"name":"Education and Culture","item":"https:\/\/www.cde.ual.es\/en\/category\/eu-news\/education-culture\/"},{"@type":"ListItem","position":4,"name":"Communication","item":"https:\/\/www.cde.ual.es\/en\/category\/eu-news\/education-culture\/comm\/"},{"@type":"ListItem","position":5,"name":"Jos\u00e9 Ram\u00f3n Patterson, Carmen Vela and Rafael Latorre, winners of the Salvador de Madariaga European Journalism Award"}]},{"@type":"WebSite","@id":"https:\/\/www.cde.ual.es\/#website","url":"https:\/\/www.cde.ual.es\/","name":"CDE Almer\u00eda - Centro de Documentaci\u00f3n Europea - Universidad de Almer\u00eda","description":"Centro de Documentaci\u00f3n Europea de la Universidad de Almer\u00eda","publisher":{"@id":"https:\/\/www.cde.ual.es\/#organization"},"alternateName":"CDE Almer\u00eda","potentialAction":[{"@type":"SearchAction","target":{"@type":"EntryPoint","urlTemplate":"https:\/\/www.cde.ual.es\/?s={search_term_string}"},"query-input":{"@type":"PropertyValueSpecification","valueRequired":true,"valueName":"search_term_string"}}],"inLanguage":"en-US"},{"@type":"Organization","@id":"https:\/\/www.cde.ual.es\/#organization","name":"Centro de Documentaci\u00f3n Europea de Almer\u00eda","url":"https:\/\/www.cde.ual.es\/","logo":{"@type":"ImageObject","inLanguage":"en-US","@id":"https:\/\/www.cde.ual.es\/#\/schema\/logo\/image\/","url":"https:\/\/www.cde.ual.es\/wp-content\/uploads\/2025\/07\/cde-logo-3.png","contentUrl":"https:\/\/www.cde.ual.es\/wp-content\/uploads\/2025\/07\/cde-logo-3.png","width":1400,"height":300,"caption":"Centro de Documentaci\u00f3n Europea de Almer\u00eda"},"image":{"@id":"https:\/\/www.cde.ual.es\/#\/schema\/logo\/image\/"},"sameAs":["https:\/\/www.facebook.com\/cdeuniversidadalmeria\/","https:\/\/x.com\/cdeualmeria","https:\/\/www.tiktok.com\/@cdealmeria","https:\/\/www.instagram.com\/cdealmeria\/","https:\/\/www.linkedin.com\/in\/cde-almera-812b26a9\/"]},{"@type":"Person","@id":"https:\/\/www.cde.ual.es\/#\/schema\/person\/bf2f837cf3353e2161fe1087adbd728f","name":"BECACDE1","image":{"@type":"ImageObject","inLanguage":"en-US","@id":"https:\/\/secure.gravatar.com\/avatar\/16a4c1e422b5dec818ee13eab3353b19db9cfd278cc10f9b0e1188a37671d9d4?s=96&d=mm&r=g","url":"https:\/\/secure.gravatar.com\/avatar\/16a4c1e422b5dec818ee13eab3353b19db9cfd278cc10f9b0e1188a37671d9d4?s=96&d=mm&r=g","contentUrl":"https:\/\/secure.gravatar.com\/avatar\/16a4c1e422b5dec818ee13eab3353b19db9cfd278cc10f9b0e1188a37671d9d4?s=96&d=mm&r=g","caption":"BECACDE1"},"sameAs":["http:\/\/www.cdealmeria.com"]}]}},"_links":{"self":[{"href":"https:\/\/www.cde.ual.es\/en\/wp-json\/wp\/v2\/posts\/70253","targetHints":{"allow":["GET"]}}],"collection":[{"href":"https:\/\/www.cde.ual.es\/en\/wp-json\/wp\/v2\/posts"}],"about":[{"href":"https:\/\/www.cde.ual.es\/en\/wp-json\/wp\/v2\/types\/post"}],"author":[{"embeddable":true,"href":"https:\/\/www.cde.ual.es\/en\/wp-json\/wp\/v2\/users\/101012"}],"replies":[{"embeddable":true,"href":"https:\/\/www.cde.ual.es\/en\/wp-json\/wp\/v2\/comments?post=70253"}],"version-history":[{"count":0,"href":"https:\/\/www.cde.ual.es\/en\/wp-json\/wp\/v2\/posts\/70253\/revisions"}],"wp:featuredmedia":[{"embeddable":true,"href":"https:\/\/www.cde.ual.es\/en\/wp-json\/wp\/v2\/media\/70251"}],"wp:attachment":[{"href":"https:\/\/www.cde.ual.es\/en\/wp-json\/wp\/v2\/media?parent=70253"}],"wp:term":[{"taxonomy":"category","embeddable":true,"href":"https:\/\/www.cde.ual.es\/en\/wp-json\/wp\/v2\/categories?post=70253"},{"taxonomy":"post_tag","embeddable":true,"href":"https:\/\/www.cde.ual.es\/en\/wp-json\/wp\/v2\/tags?post=70253"}],"curies":[{"name":"wp","href":"https:\/\/api.w.org\/{rel}","templated":true}]}}