{"id":6943,"date":"2018-07-13T09:30:14","date_gmt":"2018-07-13T07:30:14","guid":{"rendered":"http:\/\/www.cde.ual.es\/?p=6943"},"modified":"2018-07-30T11:39:55","modified_gmt":"2018-07-30T09:39:55","slug":"previsiones-economicas-ue","status":"publish","type":"post","link":"https:\/\/www.cde.ual.es\/en\/previsiones-economicas-ue\/","title":{"rendered":"Previsiones econ\u00f3micas para este verano de 2018 en la UE"},"content":{"rendered":"<div class=\"lead\">\n<h2>Previsiones econ\u00f3micas del verano de 2018\u00a0 en la UE:\u00a0: Crecimiento resiliente en una coyuntura de incertidumbre creciente<\/h2>\n<p>Se prev\u00e9 que el crecimiento contin\u00fae con fuerza en 2018 y 2019, con unas tasas de crecimiento del 2,1% este a\u00f1o y el 2\u00a0% el pr\u00f3ximo a\u00f1o, tanto en la UE como en la zona del euro.<\/p>\n<\/div>\n<div class=\"content\">\n<p>Sin embargo, tras cinco trimestres consecutivos de fuerte expansi\u00f3n, en el primer semestre de 2018 se ha moderado el impulso econ\u00f3mico, y actualmente se prev\u00e9 un crecimiento inferior en 0,2 puntos porcentuales al previsto en la primavera, tanto en la UE como en la zona del euro.<\/p>\n<p>Se prev\u00e9 que el impulso de crecimiento se revigorice ligeramente en el segundo semestre del presente a\u00f1o, puesto que las condiciones del mercado de trabajo mejoran, el endeudamiento de los hogares se reduce, la confianza de los consumidores se mantiene elevada y la pol\u00edtica monetaria contin\u00faa siendo expansionista.<\/p>\n<\/div>\n<p>En palabras de Valdis\u00a0<strong>Dombrovskis<\/strong>, vicepresidente para el Euro y el Di\u00e1logo Social y tambi\u00e9n responsable de Estabilidad Financiera, Servicios Financieros y Uni\u00f3n de Mercados de Capitales, \u00ab<em>La actividad econ\u00f3mica europea sigue siendo s\u00f3lida, con una previsi\u00f3n de crecimiento para este a\u00f1o del 2,1\u00a0% del PIB para la zona del euro y la EU-28. No obstante, la revisi\u00f3n a la baja del crecimiento del PIB desde mayo demuestra que un entorno exterior desfavorable, como el aumento de las tensiones comerciales con los Estados Unidos, puede da\u00f1ar la confianza y pasar factura a la expansi\u00f3n econ\u00f3mica. Los crecientes riesgos externos nos recuerdan una vez m\u00e1s la necesidad de reforzar la resiliencia de nuestras econom\u00edas individualmente y de la zona del euro en su conjunto.\u00bb<\/em><\/p>\n<p>Los cimientos siguen siendo s\u00f3lidos, pero el crecimiento se moderar\u00e1. La moderaci\u00f3n en los \u00edndices de crecimiento es, en parte, consecuencia de factores temporales, por el aumento de las tensiones comerciales, la subida de los precios del petr\u00f3leo y la incertidumbre pol\u00edtica en algunos Estados miembros pueden haber influido. A escala mundial, el crecimiento sigue siendo s\u00f3lido, pero los \u00edndices de crecimiento est\u00e1n cada vez m\u00e1s diferenciados en funci\u00f3n de los pa\u00edses y regiones.<\/p>\n<h2><strong>Perspectivas de inflaci\u00f3n impulsada por los elevados precios de la energ\u00eda<\/strong><\/h2>\n<p>Como consecuencia del aumento de los precios del petr\u00f3leo desde la primavera, se prev\u00e9 que este a\u00f1o la inflaci\u00f3n se sit\u00fae en una media del 1,9\u00a0% en la UE y del 1,7\u00a0% en la zona del euro, lo que supone un aumento de 0,2 puntos porcentuales en ambas zonas desde la primavera. Las previsiones para 2019 han aumentado en 0,1 puntos porcentuales en la zona del euro hasta el 1,7\u00a0%, mientras que en la UE se mantienen en el 1,8\u00a0%.<\/p>\n<h2><strong>Existen significativos riesgos de evoluci\u00f3n a la baja asociados a esta previsi\u00f3n<\/strong><\/h2>\n<p>Mientras que los buenos resultados econ\u00f3micos recientes han demostrado su fortaleza, la previsi\u00f3n sigue siendo vulnerable a riesgos considerables de evoluci\u00f3n a la baja, que han aumentado desde la primavera.<\/p>\n<p>La hip\u00f3tesis de referencia no prev\u00e9 una nueva escalada de las tensiones comerciales. En caso de que surjan tensiones, sin embargo, podr\u00edan afectar negativamente al comercio y la inversi\u00f3n y reducir el bienestar de todos los pa\u00edses implicados. Otros riesgos incluyen el potencial de volatilidad de los mercados financieros relacionado, entre otros factores, con los riesgos geopol\u00edticos.<\/p>\n<h2><strong>Hip\u00f3tesis meramente t\u00e9cnica para 2019 en lo que respecta al Reino Unido<\/strong><\/h2>\n<p>Habida cuenta de la negociaci\u00f3n en curso sobre las condiciones de la retirada del Reino Unido de la UE, nuestras previsiones para 2019 se basan en una hip\u00f3tesis meramente t\u00e9cnica de mantenimiento de las relaciones comerciales entre el Reino Unido y la UE de 27 Estados miembros. Esta hip\u00f3tesis se adopta \u00fanicamente a efectos de las previsiones y no guarda relaci\u00f3n con las conversaciones en curso en el marco del art\u00edculo 50.<\/p>\n<p>&nbsp;<\/p>\n<p>LEER M\u00c1S:\u00a0<a href=\"http:\/\/europa.eu\/rapid\/press-release_IP-18-4402_es.htm\">Noticia Completa<\/a><\/p>\n<p>DOCUMENTO RELACIONADO:\u00a0<a href=\"http:\/\/www.cde.ual.es\/ficha\/european-economic-forecast-spring-2018\/\">European economic forecast &#8211; Spring 2018<\/a><\/p>\n","protected":false},"excerpt":{"rendered":"<p>Previsiones econ\u00f3micas del verano de 2018\u00a0 en la UE:\u00a0: Crecimiento resiliente en una coyuntura de incertidumbre creciente Se prev\u00e9 que el crecimiento contin\u00fae con fuerza en 2018 y 2019, con unas tasas de crecimiento del 2,1% este a\u00f1o y el 2\u00a0% el pr\u00f3ximo a\u00f1o, tanto en la UE como en la zona del euro. Sin [&hellip;]<\/p>\n","protected":false},"author":101012,"featured_media":6947,"comment_status":"open","ping_status":"open","sticky":false,"template":"","format":"standard","meta":{"_acf_changed":false,"_relevanssi_hide_post":"","_relevanssi_hide_content":"","_relevanssi_pin_for_all":"","_relevanssi_pin_keywords":"","_relevanssi_unpin_keywords":"","_relevanssi_related_keywords":"","_relevanssi_related_include_ids":"","_relevanssi_related_exclude_ids":"","_relevanssi_related_no_append":"","_relevanssi_related_not_related":"","_relevanssi_related_posts":"","_relevanssi_noindex_reason":"","_monsterinsights_skip_tracking":false,"_monsterinsights_sitenote_active":false,"_monsterinsights_sitenote_note":"","_monsterinsights_sitenote_category":0,"_genesis_hide_title":false,"_genesis_hide_breadcrumbs":false,"_genesis_hide_singular_image":false,"_genesis_hide_footer_widgets":false,"_genesis_custom_body_class":"","_genesis_custom_post_class":"","_genesis_layout":"","footnotes":""},"categories":[96],"tags":[153,126],"class_list":{"0":"post-6943","1":"post","2":"type-post","3":"status-publish","4":"format-standard","5":"has-post-thumbnail","7":"category-noticias-ue","8":"tag-economia","9":"tag-competitividad-empresa","10":"entry"},"acf":[],"yoast_head":"<!-- This site is optimized with the Yoast SEO plugin v27.5 - https:\/\/yoast.com\/product\/yoast-seo-wordpress\/ -->\n<title>Previsiones econ\u00f3micas para este verano de 2018 en la UE | CDE Almer\u00eda - Centro de Documentaci\u00f3n Europea - Universidad de Almer\u00eda<\/title>\n<meta name=\"robots\" content=\"index, follow, max-snippet:-1, max-image-preview:large, max-video-preview:-1\" \/>\n<link rel=\"canonical\" href=\"https:\/\/www.cde.ual.es\/previsiones-economicas-ue\/\" \/>\n<meta property=\"og:locale\" content=\"en_US\" \/>\n<meta property=\"og:type\" content=\"article\" \/>\n<meta property=\"og:title\" content=\"Previsiones econ\u00f3micas para este verano de 2018 en la UE | CDE Almer\u00eda - Centro de Documentaci\u00f3n Europea - Universidad de Almer\u00eda\" \/>\n<meta property=\"og:description\" content=\"Previsiones econ\u00f3micas del verano de 2018\u00a0 en la UE:\u00a0: Crecimiento resiliente en una coyuntura de incertidumbre creciente Se prev\u00e9 que el crecimiento contin\u00fae con fuerza en 2018 y 2019, con unas tasas de crecimiento del 2,1% este a\u00f1o y el 2\u00a0% el pr\u00f3ximo a\u00f1o, tanto en la UE como en la zona del euro. Sin [&hellip;]\" \/>\n<meta property=\"og:url\" content=\"https:\/\/www.cde.ual.es\/previsiones-economicas-ue\/\" \/>\n<meta property=\"og:site_name\" content=\"CDE Almer\u00eda - Centro de Documentaci\u00f3n Europea - Universidad de Almer\u00eda\" \/>\n<meta property=\"article:publisher\" content=\"https:\/\/www.facebook.com\/cdeuniversidadalmeria\/\" \/>\n<meta property=\"article:published_time\" content=\"2018-07-13T07:30:14+00:00\" \/>\n<meta property=\"article:modified_time\" content=\"2018-07-30T09:39:55+00:00\" \/>\n<meta property=\"og:image\" content=\"https:\/\/www.cde.ual.es\/wp-content\/uploads\/2018\/07\/ECO.jpg\" \/>\n\t<meta property=\"og:image:width\" content=\"800\" \/>\n\t<meta property=\"og:image:height\" content=\"478\" \/>\n\t<meta property=\"og:image:type\" content=\"image\/jpeg\" \/>\n<meta name=\"author\" content=\"BECACDE1\" \/>\n<meta name=\"twitter:card\" content=\"summary_large_image\" \/>\n<meta name=\"twitter:creator\" content=\"@cdeualmeria\" \/>\n<meta name=\"twitter:site\" content=\"@cdeualmeria\" \/>\n<meta name=\"twitter:label1\" content=\"Written by\" \/>\n\t<meta name=\"twitter:data1\" content=\"BECACDE1\" \/>\n\t<meta name=\"twitter:label2\" content=\"Est. reading time\" \/>\n\t<meta name=\"twitter:data2\" content=\"3 minutes\" \/>\n<script type=\"application\/ld+json\" class=\"yoast-schema-graph\">{\"@context\":\"https:\\\/\\\/schema.org\",\"@graph\":[{\"@type\":\"Article\",\"@id\":\"https:\\\/\\\/www.cde.ual.es\\\/previsiones-economicas-ue\\\/#article\",\"isPartOf\":{\"@id\":\"https:\\\/\\\/www.cde.ual.es\\\/previsiones-economicas-ue\\\/\"},\"author\":{\"name\":\"BECACDE1\",\"@id\":\"https:\\\/\\\/www.cde.ual.es\\\/#\\\/schema\\\/person\\\/bf2f837cf3353e2161fe1087adbd728f\"},\"headline\":\"Previsiones econ\u00f3micas para este verano de 2018 en la UE\",\"datePublished\":\"2018-07-13T07:30:14+00:00\",\"dateModified\":\"2018-07-30T09:39:55+00:00\",\"mainEntityOfPage\":{\"@id\":\"https:\\\/\\\/www.cde.ual.es\\\/previsiones-economicas-ue\\\/\"},\"wordCount\":680,\"commentCount\":0,\"publisher\":{\"@id\":\"https:\\\/\\\/www.cde.ual.es\\\/#organization\"},\"image\":{\"@id\":\"https:\\\/\\\/www.cde.ual.es\\\/previsiones-economicas-ue\\\/#primaryimage\"},\"thumbnailUrl\":\"https:\\\/\\\/www.cde.ual.es\\\/wp-content\\\/uploads\\\/2018\\\/07\\\/ECO.jpg\",\"keywords\":[\"Econom\u00eda\",\"Mercado en la Uni\u00f3n Europea\"],\"articleSection\":[\"Noticias UE\"],\"inLanguage\":\"en-US\",\"potentialAction\":[{\"@type\":\"CommentAction\",\"name\":\"Comment\",\"target\":[\"https:\\\/\\\/www.cde.ual.es\\\/previsiones-economicas-ue\\\/#respond\"]}]},{\"@type\":\"WebPage\",\"@id\":\"https:\\\/\\\/www.cde.ual.es\\\/previsiones-economicas-ue\\\/\",\"url\":\"https:\\\/\\\/www.cde.ual.es\\\/previsiones-economicas-ue\\\/\",\"name\":\"Previsiones econ\u00f3micas para este verano de 2018 en la UE | CDE Almer\u00eda - Centro de Documentaci\u00f3n Europea - Universidad de Almer\u00eda\",\"isPartOf\":{\"@id\":\"https:\\\/\\\/www.cde.ual.es\\\/#website\"},\"primaryImageOfPage\":{\"@id\":\"https:\\\/\\\/www.cde.ual.es\\\/previsiones-economicas-ue\\\/#primaryimage\"},\"image\":{\"@id\":\"https:\\\/\\\/www.cde.ual.es\\\/previsiones-economicas-ue\\\/#primaryimage\"},\"thumbnailUrl\":\"https:\\\/\\\/www.cde.ual.es\\\/wp-content\\\/uploads\\\/2018\\\/07\\\/ECO.jpg\",\"datePublished\":\"2018-07-13T07:30:14+00:00\",\"dateModified\":\"2018-07-30T09:39:55+00:00\",\"breadcrumb\":{\"@id\":\"https:\\\/\\\/www.cde.ual.es\\\/previsiones-economicas-ue\\\/#breadcrumb\"},\"inLanguage\":\"en-US\",\"potentialAction\":[{\"@type\":\"ReadAction\",\"target\":[\"https:\\\/\\\/www.cde.ual.es\\\/previsiones-economicas-ue\\\/\"]}]},{\"@type\":\"ImageObject\",\"inLanguage\":\"en-US\",\"@id\":\"https:\\\/\\\/www.cde.ual.es\\\/previsiones-economicas-ue\\\/#primaryimage\",\"url\":\"https:\\\/\\\/www.cde.ual.es\\\/wp-content\\\/uploads\\\/2018\\\/07\\\/ECO.jpg\",\"contentUrl\":\"https:\\\/\\\/www.cde.ual.es\\\/wp-content\\\/uploads\\\/2018\\\/07\\\/ECO.jpg\",\"width\":800,\"height\":478},{\"@type\":\"BreadcrumbList\",\"@id\":\"https:\\\/\\\/www.cde.ual.es\\\/previsiones-economicas-ue\\\/#breadcrumb\",\"itemListElement\":[{\"@type\":\"ListItem\",\"position\":1,\"name\":\"Inicio\",\"item\":\"https:\\\/\\\/www.cde.ual.es\\\/en\\\/\"},{\"@type\":\"ListItem\",\"position\":2,\"name\":\"Noticias UE\",\"item\":\"https:\\\/\\\/www.cde.ual.es\\\/category\\\/noticias-ue\\\/\"},{\"@type\":\"ListItem\",\"position\":3,\"name\":\"Previsiones econ\u00f3micas para este verano de 2018 en la UE\"}]},{\"@type\":\"WebSite\",\"@id\":\"https:\\\/\\\/www.cde.ual.es\\\/#website\",\"url\":\"https:\\\/\\\/www.cde.ual.es\\\/\",\"name\":\"CDE Almer\u00eda - Centro de Documentaci\u00f3n Europea - Universidad de Almer\u00eda\",\"description\":\"Centro de Documentaci\u00f3n Europea de la Universidad de Almer\u00eda\",\"publisher\":{\"@id\":\"https:\\\/\\\/www.cde.ual.es\\\/#organization\"},\"alternateName\":\"CDE Almer\u00eda\",\"potentialAction\":[{\"@type\":\"SearchAction\",\"target\":{\"@type\":\"EntryPoint\",\"urlTemplate\":\"https:\\\/\\\/www.cde.ual.es\\\/?s={search_term_string}\"},\"query-input\":{\"@type\":\"PropertyValueSpecification\",\"valueRequired\":true,\"valueName\":\"search_term_string\"}}],\"inLanguage\":\"en-US\"},{\"@type\":\"Organization\",\"@id\":\"https:\\\/\\\/www.cde.ual.es\\\/#organization\",\"name\":\"Centro de Documentaci\u00f3n Europea de Almer\u00eda\",\"url\":\"https:\\\/\\\/www.cde.ual.es\\\/\",\"logo\":{\"@type\":\"ImageObject\",\"inLanguage\":\"en-US\",\"@id\":\"https:\\\/\\\/www.cde.ual.es\\\/#\\\/schema\\\/logo\\\/image\\\/\",\"url\":\"https:\\\/\\\/www.cde.ual.es\\\/wp-content\\\/uploads\\\/2025\\\/07\\\/cde-logo-3.png\",\"contentUrl\":\"https:\\\/\\\/www.cde.ual.es\\\/wp-content\\\/uploads\\\/2025\\\/07\\\/cde-logo-3.png\",\"width\":1400,\"height\":300,\"caption\":\"Centro de Documentaci\u00f3n Europea de Almer\u00eda\"},\"image\":{\"@id\":\"https:\\\/\\\/www.cde.ual.es\\\/#\\\/schema\\\/logo\\\/image\\\/\"},\"sameAs\":[\"https:\\\/\\\/www.facebook.com\\\/cdeuniversidadalmeria\\\/\",\"https:\\\/\\\/x.com\\\/cdeualmeria\",\"https:\\\/\\\/www.tiktok.com\\\/@cdealmeria\",\"https:\\\/\\\/www.instagram.com\\\/cdealmeria\\\/\",\"https:\\\/\\\/www.linkedin.com\\\/in\\\/cde-almera-812b26a9\\\/\"]},{\"@type\":\"Person\",\"@id\":\"https:\\\/\\\/www.cde.ual.es\\\/#\\\/schema\\\/person\\\/bf2f837cf3353e2161fe1087adbd728f\",\"name\":\"BECACDE1\",\"image\":{\"@type\":\"ImageObject\",\"inLanguage\":\"en-US\",\"@id\":\"https:\\\/\\\/secure.gravatar.com\\\/avatar\\\/16a4c1e422b5dec818ee13eab3353b19db9cfd278cc10f9b0e1188a37671d9d4?s=96&d=mm&r=g\",\"url\":\"https:\\\/\\\/secure.gravatar.com\\\/avatar\\\/16a4c1e422b5dec818ee13eab3353b19db9cfd278cc10f9b0e1188a37671d9d4?s=96&d=mm&r=g\",\"contentUrl\":\"https:\\\/\\\/secure.gravatar.com\\\/avatar\\\/16a4c1e422b5dec818ee13eab3353b19db9cfd278cc10f9b0e1188a37671d9d4?s=96&d=mm&r=g\",\"caption\":\"BECACDE1\"},\"sameAs\":[\"http:\\\/\\\/www.cdealmeria.com\"]}]}<\/script>\n<!-- \/ Yoast SEO plugin. -->","yoast_head_json":{"title":"Previsiones econ\u00f3micas para este verano de 2018 en la UE | CDE Almer\u00eda - Centro de Documentaci\u00f3n Europea - Universidad de Almer\u00eda","robots":{"index":"index","follow":"follow","max-snippet":"max-snippet:-1","max-image-preview":"max-image-preview:large","max-video-preview":"max-video-preview:-1"},"canonical":"https:\/\/www.cde.ual.es\/previsiones-economicas-ue\/","og_locale":"en_US","og_type":"article","og_title":"Previsiones econ\u00f3micas para este verano de 2018 en la UE | CDE Almer\u00eda - Centro de Documentaci\u00f3n Europea - Universidad de Almer\u00eda","og_description":"Previsiones econ\u00f3micas del verano de 2018\u00a0 en la UE:\u00a0: Crecimiento resiliente en una coyuntura de incertidumbre creciente Se prev\u00e9 que el crecimiento contin\u00fae con fuerza en 2018 y 2019, con unas tasas de crecimiento del 2,1% este a\u00f1o y el 2\u00a0% el pr\u00f3ximo a\u00f1o, tanto en la UE como en la zona del euro. Sin [&hellip;]","og_url":"https:\/\/www.cde.ual.es\/previsiones-economicas-ue\/","og_site_name":"CDE Almer\u00eda - Centro de Documentaci\u00f3n Europea - Universidad de Almer\u00eda","article_publisher":"https:\/\/www.facebook.com\/cdeuniversidadalmeria\/","article_published_time":"2018-07-13T07:30:14+00:00","article_modified_time":"2018-07-30T09:39:55+00:00","og_image":[{"width":800,"height":478,"url":"https:\/\/www.cde.ual.es\/wp-content\/uploads\/2018\/07\/ECO.jpg","type":"image\/jpeg"}],"author":"BECACDE1","twitter_card":"summary_large_image","twitter_creator":"@cdeualmeria","twitter_site":"@cdeualmeria","twitter_misc":{"Written by":"BECACDE1","Est. reading time":"3 minutes"},"schema":{"@context":"https:\/\/schema.org","@graph":[{"@type":"Article","@id":"https:\/\/www.cde.ual.es\/previsiones-economicas-ue\/#article","isPartOf":{"@id":"https:\/\/www.cde.ual.es\/previsiones-economicas-ue\/"},"author":{"name":"BECACDE1","@id":"https:\/\/www.cde.ual.es\/#\/schema\/person\/bf2f837cf3353e2161fe1087adbd728f"},"headline":"Previsiones econ\u00f3micas para este verano de 2018 en la UE","datePublished":"2018-07-13T07:30:14+00:00","dateModified":"2018-07-30T09:39:55+00:00","mainEntityOfPage":{"@id":"https:\/\/www.cde.ual.es\/previsiones-economicas-ue\/"},"wordCount":680,"commentCount":0,"publisher":{"@id":"https:\/\/www.cde.ual.es\/#organization"},"image":{"@id":"https:\/\/www.cde.ual.es\/previsiones-economicas-ue\/#primaryimage"},"thumbnailUrl":"https:\/\/www.cde.ual.es\/wp-content\/uploads\/2018\/07\/ECO.jpg","keywords":["Econom\u00eda","Mercado en la Uni\u00f3n Europea"],"articleSection":["Noticias UE"],"inLanguage":"en-US","potentialAction":[{"@type":"CommentAction","name":"Comment","target":["https:\/\/www.cde.ual.es\/previsiones-economicas-ue\/#respond"]}]},{"@type":"WebPage","@id":"https:\/\/www.cde.ual.es\/previsiones-economicas-ue\/","url":"https:\/\/www.cde.ual.es\/previsiones-economicas-ue\/","name":"Previsiones econ\u00f3micas para este verano de 2018 en la UE | CDE Almer\u00eda - Centro de Documentaci\u00f3n Europea - Universidad de Almer\u00eda","isPartOf":{"@id":"https:\/\/www.cde.ual.es\/#website"},"primaryImageOfPage":{"@id":"https:\/\/www.cde.ual.es\/previsiones-economicas-ue\/#primaryimage"},"image":{"@id":"https:\/\/www.cde.ual.es\/previsiones-economicas-ue\/#primaryimage"},"thumbnailUrl":"https:\/\/www.cde.ual.es\/wp-content\/uploads\/2018\/07\/ECO.jpg","datePublished":"2018-07-13T07:30:14+00:00","dateModified":"2018-07-30T09:39:55+00:00","breadcrumb":{"@id":"https:\/\/www.cde.ual.es\/previsiones-economicas-ue\/#breadcrumb"},"inLanguage":"en-US","potentialAction":[{"@type":"ReadAction","target":["https:\/\/www.cde.ual.es\/previsiones-economicas-ue\/"]}]},{"@type":"ImageObject","inLanguage":"en-US","@id":"https:\/\/www.cde.ual.es\/previsiones-economicas-ue\/#primaryimage","url":"https:\/\/www.cde.ual.es\/wp-content\/uploads\/2018\/07\/ECO.jpg","contentUrl":"https:\/\/www.cde.ual.es\/wp-content\/uploads\/2018\/07\/ECO.jpg","width":800,"height":478},{"@type":"BreadcrumbList","@id":"https:\/\/www.cde.ual.es\/previsiones-economicas-ue\/#breadcrumb","itemListElement":[{"@type":"ListItem","position":1,"name":"Inicio","item":"https:\/\/www.cde.ual.es\/en\/"},{"@type":"ListItem","position":2,"name":"Noticias UE","item":"https:\/\/www.cde.ual.es\/category\/noticias-ue\/"},{"@type":"ListItem","position":3,"name":"Previsiones econ\u00f3micas para este verano de 2018 en la UE"}]},{"@type":"WebSite","@id":"https:\/\/www.cde.ual.es\/#website","url":"https:\/\/www.cde.ual.es\/","name":"CDE Almer\u00eda - Centro de Documentaci\u00f3n Europea - Universidad de Almer\u00eda","description":"Centro de Documentaci\u00f3n Europea de la Universidad de Almer\u00eda","publisher":{"@id":"https:\/\/www.cde.ual.es\/#organization"},"alternateName":"CDE Almer\u00eda","potentialAction":[{"@type":"SearchAction","target":{"@type":"EntryPoint","urlTemplate":"https:\/\/www.cde.ual.es\/?s={search_term_string}"},"query-input":{"@type":"PropertyValueSpecification","valueRequired":true,"valueName":"search_term_string"}}],"inLanguage":"en-US"},{"@type":"Organization","@id":"https:\/\/www.cde.ual.es\/#organization","name":"Centro de Documentaci\u00f3n Europea de Almer\u00eda","url":"https:\/\/www.cde.ual.es\/","logo":{"@type":"ImageObject","inLanguage":"en-US","@id":"https:\/\/www.cde.ual.es\/#\/schema\/logo\/image\/","url":"https:\/\/www.cde.ual.es\/wp-content\/uploads\/2025\/07\/cde-logo-3.png","contentUrl":"https:\/\/www.cde.ual.es\/wp-content\/uploads\/2025\/07\/cde-logo-3.png","width":1400,"height":300,"caption":"Centro de Documentaci\u00f3n Europea de Almer\u00eda"},"image":{"@id":"https:\/\/www.cde.ual.es\/#\/schema\/logo\/image\/"},"sameAs":["https:\/\/www.facebook.com\/cdeuniversidadalmeria\/","https:\/\/x.com\/cdeualmeria","https:\/\/www.tiktok.com\/@cdealmeria","https:\/\/www.instagram.com\/cdealmeria\/","https:\/\/www.linkedin.com\/in\/cde-almera-812b26a9\/"]},{"@type":"Person","@id":"https:\/\/www.cde.ual.es\/#\/schema\/person\/bf2f837cf3353e2161fe1087adbd728f","name":"BECACDE1","image":{"@type":"ImageObject","inLanguage":"en-US","@id":"https:\/\/secure.gravatar.com\/avatar\/16a4c1e422b5dec818ee13eab3353b19db9cfd278cc10f9b0e1188a37671d9d4?s=96&d=mm&r=g","url":"https:\/\/secure.gravatar.com\/avatar\/16a4c1e422b5dec818ee13eab3353b19db9cfd278cc10f9b0e1188a37671d9d4?s=96&d=mm&r=g","contentUrl":"https:\/\/secure.gravatar.com\/avatar\/16a4c1e422b5dec818ee13eab3353b19db9cfd278cc10f9b0e1188a37671d9d4?s=96&d=mm&r=g","caption":"BECACDE1"},"sameAs":["http:\/\/www.cdealmeria.com"]}]}},"_links":{"self":[{"href":"https:\/\/www.cde.ual.es\/en\/wp-json\/wp\/v2\/posts\/6943","targetHints":{"allow":["GET"]}}],"collection":[{"href":"https:\/\/www.cde.ual.es\/en\/wp-json\/wp\/v2\/posts"}],"about":[{"href":"https:\/\/www.cde.ual.es\/en\/wp-json\/wp\/v2\/types\/post"}],"author":[{"embeddable":true,"href":"https:\/\/www.cde.ual.es\/en\/wp-json\/wp\/v2\/users\/101012"}],"replies":[{"embeddable":true,"href":"https:\/\/www.cde.ual.es\/en\/wp-json\/wp\/v2\/comments?post=6943"}],"version-history":[{"count":0,"href":"https:\/\/www.cde.ual.es\/en\/wp-json\/wp\/v2\/posts\/6943\/revisions"}],"wp:featuredmedia":[{"embeddable":true,"href":"https:\/\/www.cde.ual.es\/en\/wp-json\/wp\/v2\/media\/6947"}],"wp:attachment":[{"href":"https:\/\/www.cde.ual.es\/en\/wp-json\/wp\/v2\/media?parent=6943"}],"wp:term":[{"taxonomy":"category","embeddable":true,"href":"https:\/\/www.cde.ual.es\/en\/wp-json\/wp\/v2\/categories?post=6943"},{"taxonomy":"post_tag","embeddable":true,"href":"https:\/\/www.cde.ual.es\/en\/wp-json\/wp\/v2\/tags?post=6943"}],"curies":[{"name":"wp","href":"https:\/\/api.w.org\/{rel}","templated":true}]}}