{"id":6878,"date":"2018-07-11T09:14:50","date_gmt":"2018-07-11T07:14:50","guid":{"rendered":"http:\/\/www.cde.ual.es\/?p=6878"},"modified":"2018-07-11T09:15:11","modified_gmt":"2018-07-11T07:15:11","slug":"cumbre-de-la-otan-y-defensa-europea","status":"publish","type":"post","link":"https:\/\/www.cde.ual.es\/en\/cumbre-de-la-otan-y-defensa-europea\/","title":{"rendered":"Cumbre de la OTAN y defensa europea"},"content":{"rendered":"<p><a href=\"http:\/\/www.cde.ual.es\/wp-content\/uploads\/2018\/07\/Cumbre-OTAN.png\"><img decoding=\"async\" class=\"size-full wp-image-6879 aligncenter\" src=\"http:\/\/www.cde.ual.es\/wp-content\/uploads\/2018\/07\/Cumbre-OTAN.png\" alt=\"\" width=\"296\" height=\"204\" \/><\/a><\/p>\n<p>Los jefes de gobierno de la OTAN se re\u00fanen en Bruselas los d\u00edas 11 y 12 de julio para una cumbre muy esperada. Algunos analistas y diplom\u00e1ticos temen una atm\u00f3sfera tensa, despu\u00e9s del duro trato del presidente estadounidense Donald Trump a los aliados europeos en una reuni\u00f3n reciente del grupo G7 y su imposici\u00f3n de fuertes aranceles sobre las importaciones de acero y aluminio de la UE.<\/p>\n<p>Se espera que el presidente Trump presione a muchos miembros de la OTAN para que aumente su nivel de gasto militar a la tasa del 2% del PIB acordada, con especial \u00e9nfasis en Alemania.<\/p>\n<h3>M\u00e1s informaci\u00f3n:<\/h3>\n<p>A continuaci\u00f3n se ofrecen enlaces a comentarios y estudios sobre la defensa de la OTAN\u00a0 por los principales think tanks internacionales:<\/p>\n<div class=\"post_text\">\n<p><a href=\"http:\/\/www.gmfus.org\/blog\/2018\/07\/05\/anxious-anticipation-ahead-nato-brussels-summit\" target=\"_blank\" rel=\"noopener\">Anxious Anticipation Ahead of NATO Brussels Summit<\/a><br \/>\nGerman Marshall Fund, July 2018<\/p>\n<p><a href=\"https:\/\/csis-prod.s3.amazonaws.com\/s3fs-public\/publication\/180703_Hicks_CountingDollars.pdf?ODJoCMVuu4utZMU.R1Y14EFdp.ma7JEc\" target=\"_blank\" rel=\"noopener\">Counting Dollars or Measuring Value. Assessing NATO and Partner Burden Sharing<\/a><br \/>\nCenter for Strategic and International Studies, July 2018<\/p>\n<p><a href=\"http:\/\/www.cer.eu\/insights\/trumps-two-summits-can-nato-navigate-dangers\" target=\"_blank\" rel=\"noopener\">Trump\u2019s two summits: Can NATO navigate the dangers?<\/a><br \/>\nCentre for European Reform, July 2018<\/p>\n<p><a href=\"https:\/\/www.clingendael.org\/publication\/2018-nato-summit-burden-transatlantic-burden-sharing\" target=\"_blank\" rel=\"noopener\">The 2018 NATO summit: The burden of transatlantic burden-sharing<\/a><br \/>\nClingendael, July 2018<\/p>\n<p><a href=\"https:\/\/www.ifri.org\/sites\/default\/files\/atoms\/files\/williams_nato_russia_deterrence_2018.pdf\" target=\"_blank\" rel=\"noopener\">Tailored assurance: Balancing deterrence and disarmament in responding to NATO-Russia tensions<\/a><br \/>\nInstitut fran\u00e7ais des relations internationales, July 2018<\/p>\n<p><a href=\"http:\/\/www.gmfus.org\/publications\/natos-force-generation-and-deployment\" target=\"_blank\" rel=\"noopener\">NATO\u2019s force generation and deployment<\/a><br \/>\nGerman Marshall Fund, July 2018<\/p>\n<p><a href=\"https:\/\/www.chathamhouse.org\/expert\/comment\/nato-needs-strategy-countering-russia-arctic-and-black-sea\" target=\"_blank\" rel=\"noopener\">NATO needs a strategy for countering Russia in the Arctic and the Black Sea<\/a><br \/>\nChatham House, July 2018<\/p>\n<p><a href=\"https:\/\/s3.amazonaws.com\/files.cnas.org\/documents\/CNAS_More-than-Burden-Sharing_FINAL3.pdf?mtime=20180615100719\" target=\"_blank\" rel=\"noopener\">More than burden-sharing. Five Objectives for the 2018 NATO Summit<\/a><br \/>\nCenter for New American Security, June 2018<\/p>\n<p><a href=\"https:\/\/www.iss.europa.eu\/content\/euiss-yearbook-european-security-2018\" target=\"_blank\" rel=\"noopener\">EUISS Yearbook of European security 2018<\/a><br \/>\nEuropean Union Institute for Security Studies, June 2018<\/p>\n<p><a href=\"http:\/\/www.egmontinstitute.be\/why-joining-frances-european-intervention-initiative-is-the-right-decision-for-germany\/\" target=\"_blank\" rel=\"noopener\">Why joining France\u2019s European Intervention Initiative is the right decision for Germany<\/a><br \/>\nEgmont, June 2018<\/p>\n<p><a href=\"https:\/\/www.iss.europa.eu\/content\/eu-defence-capability-development-%E2%80%93-plans-priorities-projects\" target=\"_blank\" rel=\"noopener\">EU defence capability development: Plans, priorities, projects<\/a><br \/>\nEuropean Union Institute for Security Studies, June 2018<\/p>\n<p><a href=\"https:\/\/www.rand.org\/blog\/2018\/06\/military-mobility-returns-to-the-forefront-in-europe.html\" target=\"_blank\" rel=\"noopener\">Military mobility returns to the forefront in Europe<\/a><br \/>\nRand Corporation, June 2018<\/p>\n<p><a href=\"http:\/\/www.gmfus.org\/publications\/future-natos-mediterranean-dialogue\" target=\"_blank\" rel=\"noopener\">The future of NATO\u2019s Mediterranean dialogue<\/a><br \/>\nGerman Marshall Fund, June 2018<\/p>\n<p><a href=\"https:\/\/carnegieeurope.eu\/strategiceurope\/76547\" target=\"_blank\" rel=\"noopener\">The United States and Russia target Germany<\/a><br \/>\nCarnegie Europe, June 2018<\/p>\n<p><a href=\"https:\/\/www.rand.org\/pubs\/perspectives\/PE297.html\" target=\"_blank\" rel=\"noopener\">Rethinking the regional order for post-Soviet Europe and Eurasia<\/a><br \/>\nRand Corporation, June 2018<\/p>\n<p><a href=\"http:\/\/www.gmfus.org\/blog\/2018\/06\/22\/priorities-central-europe-ahead-nato-brussels-summit\" target=\"_blank\" rel=\"noopener\">Priorities for Central Europe ahead of NATO Brussels summit<\/a><br \/>\nGerman Marshall Fund, June 2018<\/p>\n<p><a href=\"https:\/\/www.swp-berlin.org\/fileadmin\/contents\/products\/aktuell\/2018A33-mjr.pdf\" target=\"_blank\" rel=\"noopener\">Ein schwieriger Gipfel f\u00fcr die Nato<\/a><br \/>\nStiftung Wissenschaft und Politik, June 2018<\/p>\n<p><a href=\"http:\/\/www.gmfus.org\/blog\/2018\/06\/12\/perennial-candidate-waits-nato-open-its-door\" target=\"_blank\" rel=\"noopener\">A perennial candidate waits for NATO to open its door<\/a><br \/>\nGerman Marshall Fund, June 2018<\/p>\n<p><a href=\"http:\/\/www.gmfus.org\/blog\/2018\/06\/04\/security-needs-new-narrative\" target=\"_blank\" rel=\"noopener\">Security needs a new narrative<\/a><br \/>\nGerman Marshall Fund, June 2018<\/p>\n<p><a href=\"https:\/\/www.cfr.org\/article\/can-reagan-show-trump-how-save-inf-treaty\" target=\"_blank\" rel=\"noopener\">Can Reagan show Trump how to save the INF Treaty?<\/a><br \/>\nCouncil on Foreign Relations, June 2018<\/p>\n<p><a href=\"https:\/\/www.fiia.fi\/en\/publication\/the-defence-of-finland-and-sweden\" target=\"_blank\" rel=\"noopener\">The defence of Finland and Sweden: Continuity and variance in strategy and public opinion<\/a><br \/>\nFinnish Institute for International Studies, June 2018<\/p>\n<p><a href=\"https:\/\/rusi.org\/publication\/newsbrief\/other-europe-how-central-europe-views-continents-security-concerns-and\" target=\"_blank\" rel=\"noopener\">The Other Europe? How Central Europe views the continent\u2019s security concerns and aspirations<\/a><br \/>\nRoyal United Services Institute, June 2018<\/p>\n<p><a href=\"https:\/\/www.brookings.edu\/blog\/order-from-chaos\/2018\/06\/11\/will-the-upcoming-missile-defense-review-maintain-the-current-course-or-plot-a-new-direction\/\" target=\"_blank\" rel=\"noopener\">Will the upcoming Missile Defense Review maintain the current course or plot a new direction?<\/a><br \/>\nBrookings Institution, June 2018<\/p>\n<p><a href=\"https:\/\/rusi.org\/publication\/newsbrief\/brussels-summit-how-nato-alliance-doing-really\" target=\"_blank\" rel=\"noopener\">Before the Brussels Summit: How is the NATO Alliance Doing, Really?<\/a><br \/>\nRoyal United Services Institute, May 2018<\/p>\n<p><a href=\"http:\/\/www.egmontinstitute.be\/the-eu-and-multilateralism-in-an-age-of-great-powers\/\" target=\"_blank\" rel=\"noopener\">The EU and multilateralism in an age of great powers<\/a><br \/>\nEgmont, July 2018<\/p>\n<p><a href=\"https:\/\/uploads.icds.ee\/ICDS_Policy_Paper-NATO_Brussels_Summit-May_2018.pdf\" target=\"_blank\" rel=\"noopener\">NATO Brussels summit: Prospects and opportunities<\/a><br \/>\nInternational Centre for Defence and Security, May 2018<\/p>\n<p><a href=\"https:\/\/www.rand.org\/blog\/2018\/05\/european-defense-cooperation-headed-in-the-right-direction.html\" target=\"_blank\" rel=\"noopener\">European defense cooperation: Headed in the right direction?<\/a><br \/>\nRand Corporation, May 2018<\/p>\n<p><a href=\"https:\/\/carnegieeurope.eu\/strategiceurope\/76462\" target=\"_blank\" rel=\"noopener\">Poland courts American boots<\/a><br \/>\nCarnegie Europe, May 2018<\/p>\n<p><a href=\"https:\/\/storage.googleapis.com\/upi-live\/2018\/05\/wp103_new_turkey.pdf\" target=\"_blank\" rel=\"noopener\">The \u2018New Turkey\u2019 as a NATO member: Domestic state transformation and competing strategic cultures<\/a><br \/>\nFinnish Institute of International Affairs, May 2018<\/p>\n<p><a href=\"http:\/\/www.egmontinstitute.be\/content\/uploads\/2018\/05\/SPB97.pdf?type=pdf\" target=\"_blank\" rel=\"noopener\">The dangerous geopolitics of populism, and what NATO and the EU can do about it<\/a><br \/>\nEgmont, May 2018<\/p>\n<p><a href=\"https:\/\/www.clingendael.org\/publication\/art-dealing-trump\" target=\"_blank\" rel=\"noopener\">The art of dealing with Trump<\/a><br \/>\nClingendael, May 2018<\/p>\n<p><a href=\"https:\/\/henryjacksonsociety.org\/wp-content\/uploads\/2018\/05\/HJS-Defending-Europe-Global-Britain-Report-web.pdf\" target=\"_blank\" rel=\"noopener\">Defending Europe: \u2018Global Britain\u2019 and the future of European geopolitics<\/a><br \/>\nThe Henry Jackson Society, May 2018<\/p>\n<p><a href=\"http:\/\/www.gmfus.org\/blog\/2018\/04\/20\/georgia-looks-nato-brussels-summit\" target=\"_blank\" rel=\"noopener\">Georgia looks to the NATO Brussels summit<\/a><br \/>\nGerman Marshall Fund, April 2018<\/p>\n<p><a href=\"https:\/\/carnegieeurope.eu\/strategiceurope\/75962\" target=\"_blank\" rel=\"noopener\">NATO\u2019s bad apples<\/a><br \/>\nCarnegie Europe, April 2018<\/p>\n<p><a href=\"http:\/\/www.gmfus.org\/publications\/nato-allies-go-head-head-syria\" target=\"_blank\" rel=\"noopener\">NATO allies go head to head in Syria<\/a><br \/>\nGerman Marshall Fund, April 2018<\/p>\n<p><a href=\"https:\/\/www.chathamhouse.org\/publication\/future-united-states-and-europe-irreplaceable-partnership\" target=\"_blank\" rel=\"noopener\">The future of the United States and Europe: An Irreplaceable partnership<\/a><br \/>\nChatham House, April 2018<\/p>\n<p><a href=\"https:\/\/www.google.be\/url?sa=t&amp;rct=j&amp;q=&amp;esrc=s&amp;source=web&amp;cd=1&amp;cad=rja&amp;uact=8&amp;ved=0ahUKEwjU9sfInojcAhUGKVAKHXbYDI0QFggoMAA&amp;url=https%3A%2F%2Fwww.coleurope.eu%2Fsystem%2Ffiles_force%2Fresearch-paper%2Fbinnendijk_cepob_7-18.pdf%3Fdownload%3D1&amp;usg=AOvVaw1fTcoNLPA1d7VtnKxmWn_8\" target=\"_blank\" rel=\"noopener\">Between continuity and erosion: Three scenarios for the future of transatlantic relations<\/a><br \/>\nCollege of Europe Policy Brief, April 2018<\/p>\n<p><a href=\"https:\/\/carnegieendowment.org\/files\/Kuhn_Baltics_INT_final_WEB.pdf\" target=\"_blank\" rel=\"noopener\">Preventing escalation in the Baltics: A NATO playbook<\/a><br \/>\nCarnegie Endowment for International Peace, March 2018<\/p>\n<p><a href=\"https:\/\/www.rand.org\/pubs\/research_reports\/RR2080.html\" target=\"_blank\" rel=\"noopener\">Strategic warning on NATO\u2019s Eastern flank<\/a><br \/>\nRand Corporation, March 2018<\/p>\n<p><a href=\"http:\/\/www.kas.de\/wf\/doc\/kas_51901-1522-2-30.pdf?180423133431\" target=\"_blank\" rel=\"noopener\">A guide for EU-NATO security cooperation on foreign terrorist fighters<\/a><br \/>\nKonrad Adenauer Stiftung, March 2018<\/p>\n<p><a href=\"https:\/\/www.globsec.org\/wp-content\/uploads\/2018\/03\/NATO%E2%80%99s-intelligence-adaptation-challenge.pdf\" target=\"_blank\" rel=\"noopener\">NATO\u2019s intelligence: Adaptation challenge<\/a><br \/>\nGLOBSEC Policy Institute, March 2019<\/p>\n<p><a href=\"https:\/\/carnegieeurope.eu\/strategiceurope\/75937\" target=\"_blank\" rel=\"noopener\">Franco-German differences over defense make Europe vulnerable<\/a><br \/>\nCarnegie Europe, March 2018<\/p>\n<p><a href=\"https:\/\/eucivcap.files.wordpress.com\/2018\/03\/eu-civcap_deliverable_4-3.pdf\" target=\"_blank\" rel=\"noopener\">Report on EU comprehensive approach to conflict prevention and peacebuilding<\/a><br \/>\nIstituto Affari Internazionali, Centre for European Policy Studies, European Peacebuilding Liaison Office, March 2018<\/p>\n<p><a href=\"https:\/\/carnegieeurope.eu\/strategiceurope\/75861\" target=\"_blank\" rel=\"noopener\">EU-NATO alignment after Brexit<\/a><br \/>\nCarnegie Europe, March 2018<\/p>\n<p><a href=\"https:\/\/www.grip.org\/fr\/node\/2537\" target=\"_blank\" rel=\"noopener\">Autonomie strat\u00e9gique: Le nouveau Graal de la d\u00e9fense europ\u00e9enne<\/a><br \/>\nGroupe de recherche et d\u2019information sur la paix et la s\u00e9curit\u00e9, March 2018<\/p>\n<p><a href=\"https:\/\/www.google.be\/url?sa=t&amp;rct=j&amp;q=&amp;esrc=s&amp;source=web&amp;cd=2&amp;cad=rja&amp;uact=8&amp;ved=0ahUKEwif1deqkojcAhUEbFAKHf4hCFIQFghmMAE&amp;url=https%3A%2F%2Ffr.wikipedia.org%2Fwiki%2FGroupe_de_recherche_et_d%2527information_sur_la_paix_et_la_s%25C3%25A9curit%25C3%25A9&amp;usg=AOvVaw3qqHQvKWIi8tvhWQe8FVbw\" target=\"_blank\" rel=\"noopener\">Groupe de recherche et d\u2019information sur la paix et la s\u00e9curit\u00e9<\/a>, March 2018<\/p>\n<p><a href=\"https:\/\/carnegieeurope.eu\/strategiceurope\/75818\" target=\"_blank\" rel=\"noopener\">NATO\u2019s next nuclear challenges<\/a><br \/>\nCarnegie Europe, March 2018<\/p>\n<p><a href=\"http:\/\/www.egmontinstitute.be\/pesco-good-news-nato-eu\/\" target=\"_blank\" rel=\"noopener\">PESCO: Good News for NATO from the EU<\/a><br \/>\nEgmont, February 2018<\/p>\n<p><a href=\"https:\/\/www.rand.org\/blog\/2018\/02\/preparing-for-the-nato-summit-why-military-mobility.html\" target=\"_blank\" rel=\"noopener\">Preparing for the NATO summit: Why military mobility should be on top of the agenda<\/a><br \/>\nRand Corporation, February 2018<\/p>\n<p><a href=\"https:\/\/www.rand.org\/pubs\/research_reports\/RR2402.html\" target=\"_blank\" rel=\"noopener\">Assessing the conventional force imbalance in Europe: Implications for countering Russian local superiority<\/a><br \/>\nRand Corporation, February 2018<\/p>\n<p><a href=\"https:\/\/www.sipri.org\/sites\/default\/files\/2018-02\/sipriinsight_1802_01_igos_and_climate_change.pdf\" target=\"_blank\" rel=\"noopener\">European regional organizations and climate-related security risks: EU, OSCE and NATO<\/a><br \/>\nStockholm International Peace Research Institute, February 2018<\/p>\n<p><a href=\"http:\/\/www.gmfus.org\/blog\/2018\/01\/11\/nato-summit-2018-implementation-summit\" target=\"_blank\" rel=\"noopener\">NATO summit 2018: An implementation summit?<\/a><br \/>\nGerman Marshall Fund, February 2018<\/p>\n<p><a href=\"https:\/\/www.cfr.org\/blog\/why-we-are-unconvinced-natos-cyber-policy-more-aggressive-and-thats-good-thing\" target=\"_blank\" rel=\"noopener\">Why we are unconvinced NATO\u2019s cyber policy is more aggressive, and that\u2019s a good thing<\/a><br \/>\nCouncil on Foreign Relations, February 2018<\/p>\n<p><a href=\"http:\/\/carnegieeurope.eu\/2018\/02\/16\/european-defense-vs.-nato-not-right-fight-pub-75563\" target=\"_blank\" rel=\"noopener\">European defense vs. NATO: Not the right fight<\/a><br \/>\nCarnegie Europe, February 2018<\/p>\n<p><a href=\"http:\/\/www.realinstitutoelcano.org\/wps\/portal\/rielcano_en\/contenido?WCM_GLOBAL_CONTEXT=\/elcano\/elcano_in\/zonas_in\/ari18-2018-becker-nato-south-opportunities-coherence-integration\" target=\"_blank\" rel=\"noopener\">NATO and the south: Opportunities for coherence and integration<\/a><br \/>\nReal Instituto Elcano, February 2018<\/p>\n<p><a href=\"https:\/\/www.swp-berlin.org\/fileadmin\/contents\/products\/comments\/2018C04_hlw.pdf\" target=\"_blank\" rel=\"noopener\">New tasks for EU-NATO cooperation<\/a><br \/>\nStiftung Wissenschaft und Politik, January 2018<\/p>\n<p><a href=\"https:\/\/policyexchange.org.uk\/an-american-perspective-on-pesco-the-dangers-of-de-linking-eu-defence-from-nato\/\" target=\"_blank\" rel=\"noopener\">An American perspective on Pesco: The dangers of de-linking EU defence from NATO<\/a><br \/>\nPolicy Exchange, January 2018<\/p>\n<p><a href=\"https:\/\/www.iss.europa.eu\/content\/revisiting-eu%E2%80%99s-security-partnerships\" target=\"_blank\" rel=\"noopener\">Revisiting the EU\u2019s security partnerships<\/a><br \/>\nEuropean Union Institute for Security Studies, January 2018<\/p>\n<p><a href=\"https:\/\/www.chathamhouse.org\/publication\/transatlantic-relations-converging-or-diverging\" target=\"_blank\" rel=\"noopener\">Transatlantic relations: Converging or diverging?<\/a><br \/>\nChatham House, January 2018<\/p>\n<p><a href=\"https:\/\/www.friendsofeurope.org\/sites\/default\/files\/media-files\/uk_report_web.pdf\" target=\"_blank\" rel=\"noopener\">The United Kingdom and the future of European security and defence<\/a><br \/>\nFriends of Europe, January 2018<\/p>\n<p><a href=\"http:\/\/www.ecfr.eu\/publications\/summary\/poland_and_european_defence_integration\" target=\"_blank\" rel=\"noopener\">Poland and European defence integration<\/a><br \/>\nEuropean Council on Foreign Relations, January 2018<\/p>\n<p>Para ver noticia completa visita la p\u00e1gina web del\u00a0<a href=\"https:\/\/epthinktank.eu\/2018\/07\/10\/nato-summit-and-european-defence-what-think-tanks-are-thinking\/\">European Parliamentary Research Service Blog<\/a><\/p>\n<div id=\"search_menu\" class=\"column border_left last\">\n<div id=\"search\" class=\"column first\">\n<div id=\"search-form\">\n<form id=\"searchform\" action=\"https:\/\/epthinktank.eu\/\/\" method=\"get\">\n<div class=\"clear-fix\"><\/div>\n<\/form>\n<\/div>\n<\/div>\n<\/div>\n<\/div>\n","protected":false},"excerpt":{"rendered":"<p>Los jefes de gobierno de la OTAN se re\u00fanen en Bruselas los d\u00edas 11 y 12 de julio para una cumbre muy esperada. Algunos analistas y diplom\u00e1ticos temen una atm\u00f3sfera tensa, despu\u00e9s del duro trato del presidente estadounidense Donald Trump a los aliados europeos en una reuni\u00f3n reciente del grupo G7 y su imposici\u00f3n de [&hellip;]<\/p>\n","protected":false},"author":1,"featured_media":6879,"comment_status":"open","ping_status":"open","sticky":false,"template":"","format":"standard","meta":{"_acf_changed":false,"_relevanssi_hide_post":"","_relevanssi_hide_content":"","_relevanssi_pin_for_all":"","_relevanssi_pin_keywords":"","_relevanssi_unpin_keywords":"","_relevanssi_related_keywords":"","_relevanssi_related_include_ids":"","_relevanssi_related_exclude_ids":"","_relevanssi_related_no_append":"","_relevanssi_related_not_related":"","_relevanssi_related_posts":"","_relevanssi_noindex_reason":"","_monsterinsights_skip_tracking":false,"_monsterinsights_sitenote_active":false,"_monsterinsights_sitenote_note":"","_monsterinsights_sitenote_category":0,"_genesis_hide_title":false,"_genesis_hide_breadcrumbs":false,"_genesis_hide_singular_image":false,"_genesis_hide_footer_widgets":false,"_genesis_custom_body_class":"","_genesis_custom_post_class":"","_genesis_layout":"","footnotes":""},"categories":[96],"tags":[161],"class_list":{"0":"post-6878","1":"post","2":"type-post","3":"status-publish","4":"format-standard","5":"has-post-thumbnail","7":"category-noticias-ue","8":"tag-seguridad-y-defensa","9":"entry"},"acf":[],"yoast_head":"<!-- This site is optimized with the Yoast SEO plugin v27.5 - https:\/\/yoast.com\/product\/yoast-seo-wordpress\/ -->\n<title>Cumbre de la OTAN y defensa europea | CDE Almer\u00eda - Centro de Documentaci\u00f3n Europea - Universidad de Almer\u00eda<\/title>\n<meta name=\"robots\" content=\"index, follow, max-snippet:-1, max-image-preview:large, max-video-preview:-1\" \/>\n<link rel=\"canonical\" href=\"https:\/\/www.cde.ual.es\/en\/cumbre-de-la-otan-y-defensa-europea\/\" \/>\n<meta property=\"og:locale\" content=\"en_US\" \/>\n<meta property=\"og:type\" content=\"article\" \/>\n<meta property=\"og:title\" content=\"Cumbre de la OTAN y defensa europea | CDE Almer\u00eda - Centro de Documentaci\u00f3n Europea - Universidad de Almer\u00eda\" \/>\n<meta property=\"og:description\" content=\"Los jefes de gobierno de la OTAN se re\u00fanen en Bruselas los d\u00edas 11 y 12 de julio para una cumbre muy esperada. Algunos analistas y diplom\u00e1ticos temen una atm\u00f3sfera tensa, despu\u00e9s del duro trato del presidente estadounidense Donald Trump a los aliados europeos en una reuni\u00f3n reciente del grupo G7 y su imposici\u00f3n de [&hellip;]\" \/>\n<meta property=\"og:url\" content=\"https:\/\/www.cde.ual.es\/en\/cumbre-de-la-otan-y-defensa-europea\/\" \/>\n<meta property=\"og:site_name\" content=\"CDE Almer\u00eda - Centro de Documentaci\u00f3n Europea - Universidad de Almer\u00eda\" \/>\n<meta property=\"article:publisher\" content=\"https:\/\/www.facebook.com\/cdeuniversidadalmeria\/\" \/>\n<meta property=\"article:published_time\" content=\"2018-07-11T07:14:50+00:00\" \/>\n<meta property=\"article:modified_time\" content=\"2018-07-11T07:15:11+00:00\" \/>\n<meta property=\"og:image\" content=\"https:\/\/www.cde.ual.es\/wp-content\/uploads\/2018\/07\/Cumbre-OTAN.png\" \/>\n\t<meta property=\"og:image:width\" content=\"296\" \/>\n\t<meta property=\"og:image:height\" content=\"204\" \/>\n\t<meta property=\"og:image:type\" content=\"image\/png\" \/>\n<meta name=\"author\" content=\"AdminCDE\" \/>\n<meta name=\"twitter:card\" content=\"summary_large_image\" \/>\n<meta name=\"twitter:creator\" content=\"@cdeualmeria\" \/>\n<meta name=\"twitter:site\" content=\"@cdeualmeria\" \/>\n<meta name=\"twitter:label1\" content=\"Written by\" \/>\n\t<meta name=\"twitter:data1\" content=\"AdminCDE\" \/>\n\t<meta name=\"twitter:label2\" content=\"Est. reading time\" \/>\n\t<meta name=\"twitter:data2\" content=\"5 minutes\" \/>\n<script type=\"application\/ld+json\" class=\"yoast-schema-graph\">{\"@context\":\"https:\\\/\\\/schema.org\",\"@graph\":[{\"@type\":\"Article\",\"@id\":\"https:\\\/\\\/www.cde.ual.es\\\/en\\\/cumbre-de-la-otan-y-defensa-europea\\\/#article\",\"isPartOf\":{\"@id\":\"https:\\\/\\\/www.cde.ual.es\\\/en\\\/cumbre-de-la-otan-y-defensa-europea\\\/\"},\"author\":{\"name\":\"AdminCDE\",\"@id\":\"https:\\\/\\\/www.cde.ual.es\\\/#\\\/schema\\\/person\\\/224ef08c8bcc005f319d2713ce37ee5f\"},\"headline\":\"Cumbre de la OTAN y defensa europea\",\"datePublished\":\"2018-07-11T07:14:50+00:00\",\"dateModified\":\"2018-07-11T07:15:11+00:00\",\"mainEntityOfPage\":{\"@id\":\"https:\\\/\\\/www.cde.ual.es\\\/en\\\/cumbre-de-la-otan-y-defensa-europea\\\/\"},\"wordCount\":976,\"commentCount\":0,\"publisher\":{\"@id\":\"https:\\\/\\\/www.cde.ual.es\\\/#organization\"},\"image\":{\"@id\":\"https:\\\/\\\/www.cde.ual.es\\\/en\\\/cumbre-de-la-otan-y-defensa-europea\\\/#primaryimage\"},\"thumbnailUrl\":\"https:\\\/\\\/www.cde.ual.es\\\/wp-content\\\/uploads\\\/2018\\\/07\\\/Cumbre-OTAN.png\",\"keywords\":[\"Seguridad y Defensa\"],\"articleSection\":[\"Noticias UE\"],\"inLanguage\":\"en-US\",\"potentialAction\":[{\"@type\":\"CommentAction\",\"name\":\"Comment\",\"target\":[\"https:\\\/\\\/www.cde.ual.es\\\/en\\\/cumbre-de-la-otan-y-defensa-europea\\\/#respond\"]}]},{\"@type\":\"WebPage\",\"@id\":\"https:\\\/\\\/www.cde.ual.es\\\/en\\\/cumbre-de-la-otan-y-defensa-europea\\\/\",\"url\":\"https:\\\/\\\/www.cde.ual.es\\\/en\\\/cumbre-de-la-otan-y-defensa-europea\\\/\",\"name\":\"Cumbre de la OTAN y defensa europea | CDE Almer\u00eda - Centro de Documentaci\u00f3n Europea - Universidad de Almer\u00eda\",\"isPartOf\":{\"@id\":\"https:\\\/\\\/www.cde.ual.es\\\/#website\"},\"primaryImageOfPage\":{\"@id\":\"https:\\\/\\\/www.cde.ual.es\\\/en\\\/cumbre-de-la-otan-y-defensa-europea\\\/#primaryimage\"},\"image\":{\"@id\":\"https:\\\/\\\/www.cde.ual.es\\\/en\\\/cumbre-de-la-otan-y-defensa-europea\\\/#primaryimage\"},\"thumbnailUrl\":\"https:\\\/\\\/www.cde.ual.es\\\/wp-content\\\/uploads\\\/2018\\\/07\\\/Cumbre-OTAN.png\",\"datePublished\":\"2018-07-11T07:14:50+00:00\",\"dateModified\":\"2018-07-11T07:15:11+00:00\",\"breadcrumb\":{\"@id\":\"https:\\\/\\\/www.cde.ual.es\\\/en\\\/cumbre-de-la-otan-y-defensa-europea\\\/#breadcrumb\"},\"inLanguage\":\"en-US\",\"potentialAction\":[{\"@type\":\"ReadAction\",\"target\":[\"https:\\\/\\\/www.cde.ual.es\\\/en\\\/cumbre-de-la-otan-y-defensa-europea\\\/\"]}]},{\"@type\":\"ImageObject\",\"inLanguage\":\"en-US\",\"@id\":\"https:\\\/\\\/www.cde.ual.es\\\/en\\\/cumbre-de-la-otan-y-defensa-europea\\\/#primaryimage\",\"url\":\"https:\\\/\\\/www.cde.ual.es\\\/wp-content\\\/uploads\\\/2018\\\/07\\\/Cumbre-OTAN.png\",\"contentUrl\":\"https:\\\/\\\/www.cde.ual.es\\\/wp-content\\\/uploads\\\/2018\\\/07\\\/Cumbre-OTAN.png\",\"width\":296,\"height\":204},{\"@type\":\"BreadcrumbList\",\"@id\":\"https:\\\/\\\/www.cde.ual.es\\\/en\\\/cumbre-de-la-otan-y-defensa-europea\\\/#breadcrumb\",\"itemListElement\":[{\"@type\":\"ListItem\",\"position\":1,\"name\":\"Inicio\",\"item\":\"https:\\\/\\\/www.cde.ual.es\\\/en\\\/\"},{\"@type\":\"ListItem\",\"position\":2,\"name\":\"Noticias UE\",\"item\":\"https:\\\/\\\/www.cde.ual.es\\\/category\\\/noticias-ue\\\/\"},{\"@type\":\"ListItem\",\"position\":3,\"name\":\"Cumbre de la OTAN y defensa europea\"}]},{\"@type\":\"WebSite\",\"@id\":\"https:\\\/\\\/www.cde.ual.es\\\/#website\",\"url\":\"https:\\\/\\\/www.cde.ual.es\\\/\",\"name\":\"CDE Almer\u00eda - Centro de Documentaci\u00f3n Europea - Universidad de Almer\u00eda\",\"description\":\"Centro de Documentaci\u00f3n Europea de la Universidad de Almer\u00eda\",\"publisher\":{\"@id\":\"https:\\\/\\\/www.cde.ual.es\\\/#organization\"},\"alternateName\":\"CDE Almer\u00eda\",\"potentialAction\":[{\"@type\":\"SearchAction\",\"target\":{\"@type\":\"EntryPoint\",\"urlTemplate\":\"https:\\\/\\\/www.cde.ual.es\\\/?s={search_term_string}\"},\"query-input\":{\"@type\":\"PropertyValueSpecification\",\"valueRequired\":true,\"valueName\":\"search_term_string\"}}],\"inLanguage\":\"en-US\"},{\"@type\":\"Organization\",\"@id\":\"https:\\\/\\\/www.cde.ual.es\\\/#organization\",\"name\":\"Centro de Documentaci\u00f3n Europea de Almer\u00eda\",\"url\":\"https:\\\/\\\/www.cde.ual.es\\\/\",\"logo\":{\"@type\":\"ImageObject\",\"inLanguage\":\"en-US\",\"@id\":\"https:\\\/\\\/www.cde.ual.es\\\/#\\\/schema\\\/logo\\\/image\\\/\",\"url\":\"https:\\\/\\\/www.cde.ual.es\\\/wp-content\\\/uploads\\\/2025\\\/07\\\/cde-logo-3.png\",\"contentUrl\":\"https:\\\/\\\/www.cde.ual.es\\\/wp-content\\\/uploads\\\/2025\\\/07\\\/cde-logo-3.png\",\"width\":1400,\"height\":300,\"caption\":\"Centro de Documentaci\u00f3n Europea de Almer\u00eda\"},\"image\":{\"@id\":\"https:\\\/\\\/www.cde.ual.es\\\/#\\\/schema\\\/logo\\\/image\\\/\"},\"sameAs\":[\"https:\\\/\\\/www.facebook.com\\\/cdeuniversidadalmeria\\\/\",\"https:\\\/\\\/x.com\\\/cdeualmeria\",\"https:\\\/\\\/www.tiktok.com\\\/@cdealmeria\",\"https:\\\/\\\/www.instagram.com\\\/cdealmeria\\\/\",\"https:\\\/\\\/www.linkedin.com\\\/in\\\/cde-almera-812b26a9\\\/\"]},{\"@type\":\"Person\",\"@id\":\"https:\\\/\\\/www.cde.ual.es\\\/#\\\/schema\\\/person\\\/224ef08c8bcc005f319d2713ce37ee5f\",\"name\":\"AdminCDE\",\"image\":{\"@type\":\"ImageObject\",\"inLanguage\":\"en-US\",\"@id\":\"https:\\\/\\\/secure.gravatar.com\\\/avatar\\\/a72d038d371f995cd13706fac32274b7952a52e8fb0a84b5f80c85426f2a98a8?s=96&d=mm&r=g\",\"url\":\"https:\\\/\\\/secure.gravatar.com\\\/avatar\\\/a72d038d371f995cd13706fac32274b7952a52e8fb0a84b5f80c85426f2a98a8?s=96&d=mm&r=g\",\"contentUrl\":\"https:\\\/\\\/secure.gravatar.com\\\/avatar\\\/a72d038d371f995cd13706fac32274b7952a52e8fb0a84b5f80c85426f2a98a8?s=96&d=mm&r=g\",\"caption\":\"AdminCDE\"}}]}<\/script>\n<!-- \/ Yoast SEO plugin. -->","yoast_head_json":{"title":"Cumbre de la OTAN y defensa europea | CDE Almer\u00eda - Centro de Documentaci\u00f3n Europea - Universidad de Almer\u00eda","robots":{"index":"index","follow":"follow","max-snippet":"max-snippet:-1","max-image-preview":"max-image-preview:large","max-video-preview":"max-video-preview:-1"},"canonical":"https:\/\/www.cde.ual.es\/en\/cumbre-de-la-otan-y-defensa-europea\/","og_locale":"en_US","og_type":"article","og_title":"Cumbre de la OTAN y defensa europea | CDE Almer\u00eda - Centro de Documentaci\u00f3n Europea - Universidad de Almer\u00eda","og_description":"Los jefes de gobierno de la OTAN se re\u00fanen en Bruselas los d\u00edas 11 y 12 de julio para una cumbre muy esperada. Algunos analistas y diplom\u00e1ticos temen una atm\u00f3sfera tensa, despu\u00e9s del duro trato del presidente estadounidense Donald Trump a los aliados europeos en una reuni\u00f3n reciente del grupo G7 y su imposici\u00f3n de [&hellip;]","og_url":"https:\/\/www.cde.ual.es\/en\/cumbre-de-la-otan-y-defensa-europea\/","og_site_name":"CDE Almer\u00eda - Centro de Documentaci\u00f3n Europea - Universidad de Almer\u00eda","article_publisher":"https:\/\/www.facebook.com\/cdeuniversidadalmeria\/","article_published_time":"2018-07-11T07:14:50+00:00","article_modified_time":"2018-07-11T07:15:11+00:00","og_image":[{"width":296,"height":204,"url":"https:\/\/www.cde.ual.es\/wp-content\/uploads\/2018\/07\/Cumbre-OTAN.png","type":"image\/png"}],"author":"AdminCDE","twitter_card":"summary_large_image","twitter_creator":"@cdeualmeria","twitter_site":"@cdeualmeria","twitter_misc":{"Written by":"AdminCDE","Est. reading time":"5 minutes"},"schema":{"@context":"https:\/\/schema.org","@graph":[{"@type":"Article","@id":"https:\/\/www.cde.ual.es\/en\/cumbre-de-la-otan-y-defensa-europea\/#article","isPartOf":{"@id":"https:\/\/www.cde.ual.es\/en\/cumbre-de-la-otan-y-defensa-europea\/"},"author":{"name":"AdminCDE","@id":"https:\/\/www.cde.ual.es\/#\/schema\/person\/224ef08c8bcc005f319d2713ce37ee5f"},"headline":"Cumbre de la OTAN y defensa europea","datePublished":"2018-07-11T07:14:50+00:00","dateModified":"2018-07-11T07:15:11+00:00","mainEntityOfPage":{"@id":"https:\/\/www.cde.ual.es\/en\/cumbre-de-la-otan-y-defensa-europea\/"},"wordCount":976,"commentCount":0,"publisher":{"@id":"https:\/\/www.cde.ual.es\/#organization"},"image":{"@id":"https:\/\/www.cde.ual.es\/en\/cumbre-de-la-otan-y-defensa-europea\/#primaryimage"},"thumbnailUrl":"https:\/\/www.cde.ual.es\/wp-content\/uploads\/2018\/07\/Cumbre-OTAN.png","keywords":["Seguridad y Defensa"],"articleSection":["Noticias UE"],"inLanguage":"en-US","potentialAction":[{"@type":"CommentAction","name":"Comment","target":["https:\/\/www.cde.ual.es\/en\/cumbre-de-la-otan-y-defensa-europea\/#respond"]}]},{"@type":"WebPage","@id":"https:\/\/www.cde.ual.es\/en\/cumbre-de-la-otan-y-defensa-europea\/","url":"https:\/\/www.cde.ual.es\/en\/cumbre-de-la-otan-y-defensa-europea\/","name":"Cumbre de la OTAN y defensa europea | CDE Almer\u00eda - Centro de Documentaci\u00f3n Europea - Universidad de Almer\u00eda","isPartOf":{"@id":"https:\/\/www.cde.ual.es\/#website"},"primaryImageOfPage":{"@id":"https:\/\/www.cde.ual.es\/en\/cumbre-de-la-otan-y-defensa-europea\/#primaryimage"},"image":{"@id":"https:\/\/www.cde.ual.es\/en\/cumbre-de-la-otan-y-defensa-europea\/#primaryimage"},"thumbnailUrl":"https:\/\/www.cde.ual.es\/wp-content\/uploads\/2018\/07\/Cumbre-OTAN.png","datePublished":"2018-07-11T07:14:50+00:00","dateModified":"2018-07-11T07:15:11+00:00","breadcrumb":{"@id":"https:\/\/www.cde.ual.es\/en\/cumbre-de-la-otan-y-defensa-europea\/#breadcrumb"},"inLanguage":"en-US","potentialAction":[{"@type":"ReadAction","target":["https:\/\/www.cde.ual.es\/en\/cumbre-de-la-otan-y-defensa-europea\/"]}]},{"@type":"ImageObject","inLanguage":"en-US","@id":"https:\/\/www.cde.ual.es\/en\/cumbre-de-la-otan-y-defensa-europea\/#primaryimage","url":"https:\/\/www.cde.ual.es\/wp-content\/uploads\/2018\/07\/Cumbre-OTAN.png","contentUrl":"https:\/\/www.cde.ual.es\/wp-content\/uploads\/2018\/07\/Cumbre-OTAN.png","width":296,"height":204},{"@type":"BreadcrumbList","@id":"https:\/\/www.cde.ual.es\/en\/cumbre-de-la-otan-y-defensa-europea\/#breadcrumb","itemListElement":[{"@type":"ListItem","position":1,"name":"Inicio","item":"https:\/\/www.cde.ual.es\/en\/"},{"@type":"ListItem","position":2,"name":"Noticias UE","item":"https:\/\/www.cde.ual.es\/category\/noticias-ue\/"},{"@type":"ListItem","position":3,"name":"Cumbre de la OTAN y defensa europea"}]},{"@type":"WebSite","@id":"https:\/\/www.cde.ual.es\/#website","url":"https:\/\/www.cde.ual.es\/","name":"CDE Almer\u00eda - Centro de Documentaci\u00f3n Europea - Universidad de Almer\u00eda","description":"Centro de Documentaci\u00f3n Europea de la Universidad de Almer\u00eda","publisher":{"@id":"https:\/\/www.cde.ual.es\/#organization"},"alternateName":"CDE Almer\u00eda","potentialAction":[{"@type":"SearchAction","target":{"@type":"EntryPoint","urlTemplate":"https:\/\/www.cde.ual.es\/?s={search_term_string}"},"query-input":{"@type":"PropertyValueSpecification","valueRequired":true,"valueName":"search_term_string"}}],"inLanguage":"en-US"},{"@type":"Organization","@id":"https:\/\/www.cde.ual.es\/#organization","name":"Centro de Documentaci\u00f3n Europea de Almer\u00eda","url":"https:\/\/www.cde.ual.es\/","logo":{"@type":"ImageObject","inLanguage":"en-US","@id":"https:\/\/www.cde.ual.es\/#\/schema\/logo\/image\/","url":"https:\/\/www.cde.ual.es\/wp-content\/uploads\/2025\/07\/cde-logo-3.png","contentUrl":"https:\/\/www.cde.ual.es\/wp-content\/uploads\/2025\/07\/cde-logo-3.png","width":1400,"height":300,"caption":"Centro de Documentaci\u00f3n Europea de Almer\u00eda"},"image":{"@id":"https:\/\/www.cde.ual.es\/#\/schema\/logo\/image\/"},"sameAs":["https:\/\/www.facebook.com\/cdeuniversidadalmeria\/","https:\/\/x.com\/cdeualmeria","https:\/\/www.tiktok.com\/@cdealmeria","https:\/\/www.instagram.com\/cdealmeria\/","https:\/\/www.linkedin.com\/in\/cde-almera-812b26a9\/"]},{"@type":"Person","@id":"https:\/\/www.cde.ual.es\/#\/schema\/person\/224ef08c8bcc005f319d2713ce37ee5f","name":"AdminCDE","image":{"@type":"ImageObject","inLanguage":"en-US","@id":"https:\/\/secure.gravatar.com\/avatar\/a72d038d371f995cd13706fac32274b7952a52e8fb0a84b5f80c85426f2a98a8?s=96&d=mm&r=g","url":"https:\/\/secure.gravatar.com\/avatar\/a72d038d371f995cd13706fac32274b7952a52e8fb0a84b5f80c85426f2a98a8?s=96&d=mm&r=g","contentUrl":"https:\/\/secure.gravatar.com\/avatar\/a72d038d371f995cd13706fac32274b7952a52e8fb0a84b5f80c85426f2a98a8?s=96&d=mm&r=g","caption":"AdminCDE"}}]}},"_links":{"self":[{"href":"https:\/\/www.cde.ual.es\/en\/wp-json\/wp\/v2\/posts\/6878","targetHints":{"allow":["GET"]}}],"collection":[{"href":"https:\/\/www.cde.ual.es\/en\/wp-json\/wp\/v2\/posts"}],"about":[{"href":"https:\/\/www.cde.ual.es\/en\/wp-json\/wp\/v2\/types\/post"}],"author":[{"embeddable":true,"href":"https:\/\/www.cde.ual.es\/en\/wp-json\/wp\/v2\/users\/1"}],"replies":[{"embeddable":true,"href":"https:\/\/www.cde.ual.es\/en\/wp-json\/wp\/v2\/comments?post=6878"}],"version-history":[{"count":0,"href":"https:\/\/www.cde.ual.es\/en\/wp-json\/wp\/v2\/posts\/6878\/revisions"}],"wp:featuredmedia":[{"embeddable":true,"href":"https:\/\/www.cde.ual.es\/en\/wp-json\/wp\/v2\/media\/6879"}],"wp:attachment":[{"href":"https:\/\/www.cde.ual.es\/en\/wp-json\/wp\/v2\/media?parent=6878"}],"wp:term":[{"taxonomy":"category","embeddable":true,"href":"https:\/\/www.cde.ual.es\/en\/wp-json\/wp\/v2\/categories?post=6878"},{"taxonomy":"post_tag","embeddable":true,"href":"https:\/\/www.cde.ual.es\/en\/wp-json\/wp\/v2\/tags?post=6878"}],"curies":[{"name":"wp","href":"https:\/\/api.w.org\/{rel}","templated":true}]}}