{"id":6870,"date":"2018-07-13T10:18:11","date_gmt":"2018-07-13T08:18:11","guid":{"rendered":"http:\/\/www.cde.ual.es\/?p=6870"},"modified":"2018-07-13T10:18:11","modified_gmt":"2018-07-13T08:18:11","slug":"premio-lux-de-cine-2018-peliculas-seleccionadas","status":"publish","type":"post","link":"https:\/\/www.cde.ual.es\/en\/premio-lux-de-cine-2018-peliculas-seleccionadas\/","title":{"rendered":"Premio LUX de Cine 2018: pel\u00edculas seleccionadas"},"content":{"rendered":"<p><a href=\"http:\/\/www.cde.ual.es\/wp-content\/uploads\/2018\/07\/Premio-Lux-Cine.png\"><img decoding=\"async\" class=\"size-medium wp-image-6871 aligncenter\" src=\"http:\/\/www.cde.ual.es\/wp-content\/uploads\/2018\/07\/Premio-Lux-Cine-300x172.png\" alt=\"\" width=\"300\" height=\"172\" srcset=\"https:\/\/www.cde.ual.es\/wp-content\/uploads\/2018\/07\/Premio-Lux-Cine-300x172.png 300w, https:\/\/www.cde.ual.es\/wp-content\/uploads\/2018\/07\/Premio-Lux-Cine.png 754w\" sizes=\"(max-width: 300px) 100vw, 300px\" \/><\/a><\/p>\n<h2 style=\"text-align: center;\">Premio LUX de Cine 2018<\/h2>\n<p>Diez largometrajes competir\u00e1n por el galard\u00f3n que otorga el Parlamento Europeo en apoyo al s\u00e9ptimo arte. Conozca los t\u00edtulos candidatos de esta nueva edici\u00f3n del certamen.<\/p>\n<p>El Festival Internacional de Cine Karlovy Vary, en la Rep\u00fablica Checa, ha marcado el comienzo de una nueva edici\u00f3n del premio LUX. A trav\u00e9s de este galard\u00f3n cinematogr\u00e1fico, el Parlamento Europeo apoya el s\u00e9ptimo arte como medio de difusi\u00f3n de los valores y principios sociales europeos. Las 10 cintas seleccionadas se dieron a conocer el pasado 1 de julio. Finalmente, ser\u00e1n tres los t\u00edtulos que opten al galard\u00f3n final, y que se subtitular\u00e1n en los 24 idiomas oficiales de la UE para su exhibici\u00f3n en los cines de toda Europa el pr\u00f3ximo oto\u00f1o. Uno de los principales objetivos del premio LUX de cine es promocionar el cine europeo. Asimismo, acercar las pel\u00edculas a grandes audiencias m\u00e1s all\u00e1 de su lengua o cultura e impulsar el debate de los valores y principios sociales de Europa a lo largo del continente.<\/p>\n<h4>Diez pel\u00edculas seleccionadas<\/h4>\n<p>Los 10 largometrajes escogidos por el panel de expertos que componen el jurado del premio LUX cubren una amplia variedad de temas. Sin embargo, todos ellos comparten elementos comunes: reflejan situaciones sociales que est\u00e1n en plena actualidad, como la inmigraci\u00f3n, el populismo, el nacionalismo, la globalizaci\u00f3n, los conflictos armados, la religi\u00f3n o la justicia.<\/p>\n<p>Como novedad de esta edici\u00f3n, entre los 10 t\u00edtulos seleccionados se han incluido dos documentales (The Other Side of Everything y El silencio de los otros).<\/p>\n<p>Los films elegidos, por orden alfab\u00e9tico seg\u00fan su t\u00edtulo en ingl\u00e9s, son:<\/p>\n<p>\u2219\u00a0<strong>Border\/Gr\u00e4ns<\/strong>: de Ali Abbassi (Suecia, Dinamarca)<\/p>\n<p>\u2219\u00a0<strong>Donbass<\/strong>: de Sergei Loznitsa (Alemania, Francia, Ucrania, Pa\u00edses Bajos, Rumania)<\/p>\n<p>\u2219\u00a0<strong>Girl<\/strong>: de Lukas Dhont (B\u00e9lgica, Pa\u00edses Bajos)<\/p>\n<p>\u2219\u00a0<strong>Happy as Lazzaro \/ Lazzaro felice<\/strong>: de Alice Rohrwacher (Italia, Suiza, Francia, Alemania)<\/p>\n<p>\u2219\u00a0<strong>Mug \/ Twarz<\/strong>: de Ma\u0142gorzata Szumovska (Polonia)<\/p>\n<p>\u2219\u00a0<strong>Styx<\/strong>: de Wolfgang Fischer (Alemania, Austria)<\/p>\n<p>\u2219\u00a0<strong>The Other Side of Everything \/ Druga strana svega<\/strong>: de Mila Turajli\u0107 (Serbia, Francia, Qatar)<\/p>\n<p>\u2219\u00a0<strong>El silencio de los otros<\/strong>: de Almudena Carracedo y Robet Bahar (Espa\u00f1a, Estados Unidos)<\/p>\n<p>\u2219\u00a0<strong>U_July 22 \/ Ut\u00f8ya 22.juli<\/strong>: de Erik Pope (Noruega)<\/p>\n<p>\u2219\u00a0<strong>Woman at War \/ Kona fer \u00ed str\u00ed\u0111<\/strong>: de Benedikt Erlingsson (Islandia, Francia, Ucrania)<\/p>\n<p>Estas 10 nominaciones oficiales fueron reveladas el 1 de julio por la vicepresidenta del Parlamento Europeo Evelyne Gebhardt en el marco del Festival Internacional de Cine Karlovy Vary.<\/p>\n<h4>Pr\u00f3ximos pasos<\/h4>\n<p>Tres de las diez pel\u00edculas nominadas ser\u00e1n seleccionadas como finalistas a finales de julio, durante las Jornadas de los Autores (Giornate degli Autori) que tendr\u00e1n lugar en Roma. Estos tres t\u00edtulos ser\u00e1n subtitulados en las 24 lenguas oficiales de la Uni\u00f3n Europea para su posterior proyecci\u00f3n en los cines de toda Europa durante las Jornadas del Premio Lux de Cine, que se celebrar\u00e1n el pr\u00f3ximo oto\u00f1o.<\/p>\n<p>El largometraje ganador, escogido por los eurodiputados, ser\u00e1 anunciado finalmente durante la sesi\u00f3n plenaria del Parlamento Europeo en Estrasburgo el pr\u00f3ximo 14 de noviembre.<\/p>\n<h4>Los espectadores tambi\u00e9n deciden<\/h4>\n<p>Aunque los eurodiputados escogen al ganador final del certamen, el p\u00fablico tambi\u00e9n puede expresar su opini\u00f3n. Durante las Jornadas del Premio Lux de Cine los espectadores podr\u00e1n votar por su pel\u00edcula favorita entre las tres finalistas. El Premio de la Audiencia se har\u00e1 p\u00fablico durante el Festival de Karlovy Vary. En 2017 el galard\u00f3n recay\u00f3 en Sami Blood, dirigida por Amanda Kernell. El premio fue anunciado por Sinziana-Maria Jurau, escogida mediante sorteo entre todos los espectadores que participaron en la votaci\u00f3n.<\/p>\n<h4>M\u00e1s informaci\u00f3n:<\/h4>\n<p>Visita la p\u00e1gina web del <a href=\"https:\/\/luxprize.eu\/\">premio LUX de cine<\/a>, donde podr\u00e1s ver los cortos de todas las pel\u00edculas seleccionadas.<\/p>\n<p>Visita la Ficha T\u00e9cnica <a href=\"https:\/\/epthinktank.eu\/2018\/05\/19\/film-makers-what-europe-does-for-you\/\">&#8220;Cineastas: Lo que Europa hace por t\u00ed<\/a><\/p>\n<p><a href=\"http:\/\/www.europarl.europa.eu\/news\/es\/headlines\/priorities\/premio-lux-2017\">Art\u00edculos<\/a> sobre la pasada edici\u00f3n del Premio Lux<\/p>\n","protected":false},"excerpt":{"rendered":"<p>Premio LUX de Cine 2018 Diez largometrajes competir\u00e1n por el galard\u00f3n que otorga el Parlamento Europeo en apoyo al s\u00e9ptimo arte. Conozca los t\u00edtulos candidatos de esta nueva edici\u00f3n del certamen. El Festival Internacional de Cine Karlovy Vary, en la Rep\u00fablica Checa, ha marcado el comienzo de una nueva edici\u00f3n del premio LUX. A trav\u00e9s [&hellip;]<\/p>\n","protected":false},"author":1,"featured_media":6871,"comment_status":"open","ping_status":"open","sticky":false,"template":"","format":"standard","meta":{"_acf_changed":false,"_relevanssi_hide_post":"","_relevanssi_hide_content":"","_relevanssi_pin_for_all":"","_relevanssi_pin_keywords":"","_relevanssi_unpin_keywords":"","_relevanssi_related_keywords":"","_relevanssi_related_include_ids":"","_relevanssi_related_exclude_ids":"","_relevanssi_related_no_append":"","_relevanssi_related_not_related":"","_relevanssi_related_posts":"","_relevanssi_noindex_reason":"","_monsterinsights_skip_tracking":false,"_monsterinsights_sitenote_active":false,"_monsterinsights_sitenote_note":"","_monsterinsights_sitenote_category":0,"_genesis_hide_title":false,"_genesis_hide_breadcrumbs":false,"_genesis_hide_singular_image":false,"_genesis_hide_footer_widgets":false,"_genesis_custom_body_class":"","_genesis_custom_post_class":"","_genesis_layout":"","footnotes":""},"categories":[96],"tags":[128],"class_list":{"0":"post-6870","1":"post","2":"type-post","3":"status-publish","4":"format-standard","5":"has-post-thumbnail","7":"category-noticias-ue","8":"tag-cultura-educacion","9":"entry"},"acf":[],"yoast_head":"<!-- This site is optimized with the Yoast SEO plugin v27.5 - https:\/\/yoast.com\/product\/yoast-seo-wordpress\/ -->\n<title>Premio LUX de Cine 2018: pel\u00edculas seleccionadas | CDE Almer\u00eda - Centro de Documentaci\u00f3n Europea - Universidad de Almer\u00eda<\/title>\n<meta name=\"robots\" content=\"index, follow, max-snippet:-1, max-image-preview:large, max-video-preview:-1\" \/>\n<link rel=\"canonical\" href=\"https:\/\/www.cde.ual.es\/premio-lux-de-cine-2018-peliculas-seleccionadas\/\" \/>\n<meta property=\"og:locale\" content=\"en_US\" \/>\n<meta property=\"og:type\" content=\"article\" \/>\n<meta property=\"og:title\" content=\"Premio LUX de Cine 2018: pel\u00edculas seleccionadas | CDE Almer\u00eda - Centro de Documentaci\u00f3n Europea - Universidad de Almer\u00eda\" \/>\n<meta property=\"og:description\" content=\"Premio LUX de Cine 2018 Diez largometrajes competir\u00e1n por el galard\u00f3n que otorga el Parlamento Europeo en apoyo al s\u00e9ptimo arte. Conozca los t\u00edtulos candidatos de esta nueva edici\u00f3n del certamen. El Festival Internacional de Cine Karlovy Vary, en la Rep\u00fablica Checa, ha marcado el comienzo de una nueva edici\u00f3n del premio LUX. A trav\u00e9s [&hellip;]\" \/>\n<meta property=\"og:url\" content=\"https:\/\/www.cde.ual.es\/premio-lux-de-cine-2018-peliculas-seleccionadas\/\" \/>\n<meta property=\"og:site_name\" content=\"CDE Almer\u00eda - Centro de Documentaci\u00f3n Europea - Universidad de Almer\u00eda\" \/>\n<meta property=\"article:publisher\" content=\"https:\/\/www.facebook.com\/cdeuniversidadalmeria\/\" \/>\n<meta property=\"article:published_time\" content=\"2018-07-13T08:18:11+00:00\" \/>\n<meta property=\"og:image\" content=\"https:\/\/www.cde.ual.es\/wp-content\/uploads\/2018\/07\/Premio-Lux-Cine.png\" \/>\n\t<meta property=\"og:image:width\" content=\"754\" \/>\n\t<meta property=\"og:image:height\" content=\"433\" \/>\n\t<meta property=\"og:image:type\" content=\"image\/png\" \/>\n<meta name=\"author\" content=\"AdminCDE\" \/>\n<meta name=\"twitter:card\" content=\"summary_large_image\" \/>\n<meta name=\"twitter:creator\" content=\"@cdeualmeria\" \/>\n<meta name=\"twitter:site\" content=\"@cdeualmeria\" \/>\n<meta name=\"twitter:label1\" content=\"Written by\" \/>\n\t<meta name=\"twitter:data1\" content=\"AdminCDE\" \/>\n\t<meta name=\"twitter:label2\" content=\"Est. reading time\" \/>\n\t<meta name=\"twitter:data2\" content=\"3 minutes\" \/>\n<script type=\"application\/ld+json\" class=\"yoast-schema-graph\">{\"@context\":\"https:\\\/\\\/schema.org\",\"@graph\":[{\"@type\":\"Article\",\"@id\":\"https:\\\/\\\/www.cde.ual.es\\\/premio-lux-de-cine-2018-peliculas-seleccionadas\\\/#article\",\"isPartOf\":{\"@id\":\"https:\\\/\\\/www.cde.ual.es\\\/premio-lux-de-cine-2018-peliculas-seleccionadas\\\/\"},\"author\":{\"name\":\"AdminCDE\",\"@id\":\"https:\\\/\\\/www.cde.ual.es\\\/#\\\/schema\\\/person\\\/224ef08c8bcc005f319d2713ce37ee5f\"},\"headline\":\"Premio LUX de Cine 2018: pel\u00edculas seleccionadas\",\"datePublished\":\"2018-07-13T08:18:11+00:00\",\"mainEntityOfPage\":{\"@id\":\"https:\\\/\\\/www.cde.ual.es\\\/premio-lux-de-cine-2018-peliculas-seleccionadas\\\/\"},\"wordCount\":671,\"commentCount\":0,\"publisher\":{\"@id\":\"https:\\\/\\\/www.cde.ual.es\\\/#organization\"},\"image\":{\"@id\":\"https:\\\/\\\/www.cde.ual.es\\\/premio-lux-de-cine-2018-peliculas-seleccionadas\\\/#primaryimage\"},\"thumbnailUrl\":\"https:\\\/\\\/www.cde.ual.es\\\/wp-content\\\/uploads\\\/2018\\\/07\\\/Premio-Lux-Cine.png\",\"keywords\":[\"Cultura y Educaci\u00f3n\"],\"articleSection\":[\"Noticias UE\"],\"inLanguage\":\"en-US\",\"potentialAction\":[{\"@type\":\"CommentAction\",\"name\":\"Comment\",\"target\":[\"https:\\\/\\\/www.cde.ual.es\\\/premio-lux-de-cine-2018-peliculas-seleccionadas\\\/#respond\"]}]},{\"@type\":\"WebPage\",\"@id\":\"https:\\\/\\\/www.cde.ual.es\\\/premio-lux-de-cine-2018-peliculas-seleccionadas\\\/\",\"url\":\"https:\\\/\\\/www.cde.ual.es\\\/premio-lux-de-cine-2018-peliculas-seleccionadas\\\/\",\"name\":\"Premio LUX de Cine 2018: pel\u00edculas seleccionadas | CDE Almer\u00eda - Centro de Documentaci\u00f3n Europea - Universidad de Almer\u00eda\",\"isPartOf\":{\"@id\":\"https:\\\/\\\/www.cde.ual.es\\\/#website\"},\"primaryImageOfPage\":{\"@id\":\"https:\\\/\\\/www.cde.ual.es\\\/premio-lux-de-cine-2018-peliculas-seleccionadas\\\/#primaryimage\"},\"image\":{\"@id\":\"https:\\\/\\\/www.cde.ual.es\\\/premio-lux-de-cine-2018-peliculas-seleccionadas\\\/#primaryimage\"},\"thumbnailUrl\":\"https:\\\/\\\/www.cde.ual.es\\\/wp-content\\\/uploads\\\/2018\\\/07\\\/Premio-Lux-Cine.png\",\"datePublished\":\"2018-07-13T08:18:11+00:00\",\"breadcrumb\":{\"@id\":\"https:\\\/\\\/www.cde.ual.es\\\/premio-lux-de-cine-2018-peliculas-seleccionadas\\\/#breadcrumb\"},\"inLanguage\":\"en-US\",\"potentialAction\":[{\"@type\":\"ReadAction\",\"target\":[\"https:\\\/\\\/www.cde.ual.es\\\/premio-lux-de-cine-2018-peliculas-seleccionadas\\\/\"]}]},{\"@type\":\"ImageObject\",\"inLanguage\":\"en-US\",\"@id\":\"https:\\\/\\\/www.cde.ual.es\\\/premio-lux-de-cine-2018-peliculas-seleccionadas\\\/#primaryimage\",\"url\":\"https:\\\/\\\/www.cde.ual.es\\\/wp-content\\\/uploads\\\/2018\\\/07\\\/Premio-Lux-Cine.png\",\"contentUrl\":\"https:\\\/\\\/www.cde.ual.es\\\/wp-content\\\/uploads\\\/2018\\\/07\\\/Premio-Lux-Cine.png\",\"width\":754,\"height\":433},{\"@type\":\"BreadcrumbList\",\"@id\":\"https:\\\/\\\/www.cde.ual.es\\\/premio-lux-de-cine-2018-peliculas-seleccionadas\\\/#breadcrumb\",\"itemListElement\":[{\"@type\":\"ListItem\",\"position\":1,\"name\":\"Inicio\",\"item\":\"https:\\\/\\\/www.cde.ual.es\\\/en\\\/\"},{\"@type\":\"ListItem\",\"position\":2,\"name\":\"Noticias UE\",\"item\":\"https:\\\/\\\/www.cde.ual.es\\\/category\\\/noticias-ue\\\/\"},{\"@type\":\"ListItem\",\"position\":3,\"name\":\"Premio LUX de Cine 2018: pel\u00edculas seleccionadas\"}]},{\"@type\":\"WebSite\",\"@id\":\"https:\\\/\\\/www.cde.ual.es\\\/#website\",\"url\":\"https:\\\/\\\/www.cde.ual.es\\\/\",\"name\":\"CDE Almer\u00eda - Centro de Documentaci\u00f3n Europea - Universidad de Almer\u00eda\",\"description\":\"Centro de Documentaci\u00f3n Europea de la Universidad de Almer\u00eda\",\"publisher\":{\"@id\":\"https:\\\/\\\/www.cde.ual.es\\\/#organization\"},\"alternateName\":\"CDE Almer\u00eda\",\"potentialAction\":[{\"@type\":\"SearchAction\",\"target\":{\"@type\":\"EntryPoint\",\"urlTemplate\":\"https:\\\/\\\/www.cde.ual.es\\\/?s={search_term_string}\"},\"query-input\":{\"@type\":\"PropertyValueSpecification\",\"valueRequired\":true,\"valueName\":\"search_term_string\"}}],\"inLanguage\":\"en-US\"},{\"@type\":\"Organization\",\"@id\":\"https:\\\/\\\/www.cde.ual.es\\\/#organization\",\"name\":\"Centro de Documentaci\u00f3n Europea de Almer\u00eda\",\"url\":\"https:\\\/\\\/www.cde.ual.es\\\/\",\"logo\":{\"@type\":\"ImageObject\",\"inLanguage\":\"en-US\",\"@id\":\"https:\\\/\\\/www.cde.ual.es\\\/#\\\/schema\\\/logo\\\/image\\\/\",\"url\":\"https:\\\/\\\/www.cde.ual.es\\\/wp-content\\\/uploads\\\/2025\\\/07\\\/cde-logo-3.png\",\"contentUrl\":\"https:\\\/\\\/www.cde.ual.es\\\/wp-content\\\/uploads\\\/2025\\\/07\\\/cde-logo-3.png\",\"width\":1400,\"height\":300,\"caption\":\"Centro de Documentaci\u00f3n Europea de Almer\u00eda\"},\"image\":{\"@id\":\"https:\\\/\\\/www.cde.ual.es\\\/#\\\/schema\\\/logo\\\/image\\\/\"},\"sameAs\":[\"https:\\\/\\\/www.facebook.com\\\/cdeuniversidadalmeria\\\/\",\"https:\\\/\\\/x.com\\\/cdeualmeria\",\"https:\\\/\\\/www.tiktok.com\\\/@cdealmeria\",\"https:\\\/\\\/www.instagram.com\\\/cdealmeria\\\/\",\"https:\\\/\\\/www.linkedin.com\\\/in\\\/cde-almera-812b26a9\\\/\"]},{\"@type\":\"Person\",\"@id\":\"https:\\\/\\\/www.cde.ual.es\\\/#\\\/schema\\\/person\\\/224ef08c8bcc005f319d2713ce37ee5f\",\"name\":\"AdminCDE\",\"image\":{\"@type\":\"ImageObject\",\"inLanguage\":\"en-US\",\"@id\":\"https:\\\/\\\/secure.gravatar.com\\\/avatar\\\/a72d038d371f995cd13706fac32274b7952a52e8fb0a84b5f80c85426f2a98a8?s=96&d=mm&r=g\",\"url\":\"https:\\\/\\\/secure.gravatar.com\\\/avatar\\\/a72d038d371f995cd13706fac32274b7952a52e8fb0a84b5f80c85426f2a98a8?s=96&d=mm&r=g\",\"contentUrl\":\"https:\\\/\\\/secure.gravatar.com\\\/avatar\\\/a72d038d371f995cd13706fac32274b7952a52e8fb0a84b5f80c85426f2a98a8?s=96&d=mm&r=g\",\"caption\":\"AdminCDE\"}}]}<\/script>\n<!-- \/ Yoast SEO plugin. -->","yoast_head_json":{"title":"Premio LUX de Cine 2018: pel\u00edculas seleccionadas | CDE Almer\u00eda - Centro de Documentaci\u00f3n Europea - Universidad de Almer\u00eda","robots":{"index":"index","follow":"follow","max-snippet":"max-snippet:-1","max-image-preview":"max-image-preview:large","max-video-preview":"max-video-preview:-1"},"canonical":"https:\/\/www.cde.ual.es\/premio-lux-de-cine-2018-peliculas-seleccionadas\/","og_locale":"en_US","og_type":"article","og_title":"Premio LUX de Cine 2018: pel\u00edculas seleccionadas | CDE Almer\u00eda - Centro de Documentaci\u00f3n Europea - Universidad de Almer\u00eda","og_description":"Premio LUX de Cine 2018 Diez largometrajes competir\u00e1n por el galard\u00f3n que otorga el Parlamento Europeo en apoyo al s\u00e9ptimo arte. Conozca los t\u00edtulos candidatos de esta nueva edici\u00f3n del certamen. El Festival Internacional de Cine Karlovy Vary, en la Rep\u00fablica Checa, ha marcado el comienzo de una nueva edici\u00f3n del premio LUX. A trav\u00e9s [&hellip;]","og_url":"https:\/\/www.cde.ual.es\/premio-lux-de-cine-2018-peliculas-seleccionadas\/","og_site_name":"CDE Almer\u00eda - Centro de Documentaci\u00f3n Europea - Universidad de Almer\u00eda","article_publisher":"https:\/\/www.facebook.com\/cdeuniversidadalmeria\/","article_published_time":"2018-07-13T08:18:11+00:00","og_image":[{"width":754,"height":433,"url":"https:\/\/www.cde.ual.es\/wp-content\/uploads\/2018\/07\/Premio-Lux-Cine.png","type":"image\/png"}],"author":"AdminCDE","twitter_card":"summary_large_image","twitter_creator":"@cdeualmeria","twitter_site":"@cdeualmeria","twitter_misc":{"Written by":"AdminCDE","Est. reading time":"3 minutes"},"schema":{"@context":"https:\/\/schema.org","@graph":[{"@type":"Article","@id":"https:\/\/www.cde.ual.es\/premio-lux-de-cine-2018-peliculas-seleccionadas\/#article","isPartOf":{"@id":"https:\/\/www.cde.ual.es\/premio-lux-de-cine-2018-peliculas-seleccionadas\/"},"author":{"name":"AdminCDE","@id":"https:\/\/www.cde.ual.es\/#\/schema\/person\/224ef08c8bcc005f319d2713ce37ee5f"},"headline":"Premio LUX de Cine 2018: pel\u00edculas seleccionadas","datePublished":"2018-07-13T08:18:11+00:00","mainEntityOfPage":{"@id":"https:\/\/www.cde.ual.es\/premio-lux-de-cine-2018-peliculas-seleccionadas\/"},"wordCount":671,"commentCount":0,"publisher":{"@id":"https:\/\/www.cde.ual.es\/#organization"},"image":{"@id":"https:\/\/www.cde.ual.es\/premio-lux-de-cine-2018-peliculas-seleccionadas\/#primaryimage"},"thumbnailUrl":"https:\/\/www.cde.ual.es\/wp-content\/uploads\/2018\/07\/Premio-Lux-Cine.png","keywords":["Cultura y Educaci\u00f3n"],"articleSection":["Noticias UE"],"inLanguage":"en-US","potentialAction":[{"@type":"CommentAction","name":"Comment","target":["https:\/\/www.cde.ual.es\/premio-lux-de-cine-2018-peliculas-seleccionadas\/#respond"]}]},{"@type":"WebPage","@id":"https:\/\/www.cde.ual.es\/premio-lux-de-cine-2018-peliculas-seleccionadas\/","url":"https:\/\/www.cde.ual.es\/premio-lux-de-cine-2018-peliculas-seleccionadas\/","name":"Premio LUX de Cine 2018: pel\u00edculas seleccionadas | CDE Almer\u00eda - Centro de Documentaci\u00f3n Europea - Universidad de Almer\u00eda","isPartOf":{"@id":"https:\/\/www.cde.ual.es\/#website"},"primaryImageOfPage":{"@id":"https:\/\/www.cde.ual.es\/premio-lux-de-cine-2018-peliculas-seleccionadas\/#primaryimage"},"image":{"@id":"https:\/\/www.cde.ual.es\/premio-lux-de-cine-2018-peliculas-seleccionadas\/#primaryimage"},"thumbnailUrl":"https:\/\/www.cde.ual.es\/wp-content\/uploads\/2018\/07\/Premio-Lux-Cine.png","datePublished":"2018-07-13T08:18:11+00:00","breadcrumb":{"@id":"https:\/\/www.cde.ual.es\/premio-lux-de-cine-2018-peliculas-seleccionadas\/#breadcrumb"},"inLanguage":"en-US","potentialAction":[{"@type":"ReadAction","target":["https:\/\/www.cde.ual.es\/premio-lux-de-cine-2018-peliculas-seleccionadas\/"]}]},{"@type":"ImageObject","inLanguage":"en-US","@id":"https:\/\/www.cde.ual.es\/premio-lux-de-cine-2018-peliculas-seleccionadas\/#primaryimage","url":"https:\/\/www.cde.ual.es\/wp-content\/uploads\/2018\/07\/Premio-Lux-Cine.png","contentUrl":"https:\/\/www.cde.ual.es\/wp-content\/uploads\/2018\/07\/Premio-Lux-Cine.png","width":754,"height":433},{"@type":"BreadcrumbList","@id":"https:\/\/www.cde.ual.es\/premio-lux-de-cine-2018-peliculas-seleccionadas\/#breadcrumb","itemListElement":[{"@type":"ListItem","position":1,"name":"Inicio","item":"https:\/\/www.cde.ual.es\/en\/"},{"@type":"ListItem","position":2,"name":"Noticias UE","item":"https:\/\/www.cde.ual.es\/category\/noticias-ue\/"},{"@type":"ListItem","position":3,"name":"Premio LUX de Cine 2018: pel\u00edculas seleccionadas"}]},{"@type":"WebSite","@id":"https:\/\/www.cde.ual.es\/#website","url":"https:\/\/www.cde.ual.es\/","name":"CDE Almer\u00eda - Centro de Documentaci\u00f3n Europea - Universidad de Almer\u00eda","description":"Centro de Documentaci\u00f3n Europea de la Universidad de Almer\u00eda","publisher":{"@id":"https:\/\/www.cde.ual.es\/#organization"},"alternateName":"CDE Almer\u00eda","potentialAction":[{"@type":"SearchAction","target":{"@type":"EntryPoint","urlTemplate":"https:\/\/www.cde.ual.es\/?s={search_term_string}"},"query-input":{"@type":"PropertyValueSpecification","valueRequired":true,"valueName":"search_term_string"}}],"inLanguage":"en-US"},{"@type":"Organization","@id":"https:\/\/www.cde.ual.es\/#organization","name":"Centro de Documentaci\u00f3n Europea de Almer\u00eda","url":"https:\/\/www.cde.ual.es\/","logo":{"@type":"ImageObject","inLanguage":"en-US","@id":"https:\/\/www.cde.ual.es\/#\/schema\/logo\/image\/","url":"https:\/\/www.cde.ual.es\/wp-content\/uploads\/2025\/07\/cde-logo-3.png","contentUrl":"https:\/\/www.cde.ual.es\/wp-content\/uploads\/2025\/07\/cde-logo-3.png","width":1400,"height":300,"caption":"Centro de Documentaci\u00f3n Europea de Almer\u00eda"},"image":{"@id":"https:\/\/www.cde.ual.es\/#\/schema\/logo\/image\/"},"sameAs":["https:\/\/www.facebook.com\/cdeuniversidadalmeria\/","https:\/\/x.com\/cdeualmeria","https:\/\/www.tiktok.com\/@cdealmeria","https:\/\/www.instagram.com\/cdealmeria\/","https:\/\/www.linkedin.com\/in\/cde-almera-812b26a9\/"]},{"@type":"Person","@id":"https:\/\/www.cde.ual.es\/#\/schema\/person\/224ef08c8bcc005f319d2713ce37ee5f","name":"AdminCDE","image":{"@type":"ImageObject","inLanguage":"en-US","@id":"https:\/\/secure.gravatar.com\/avatar\/a72d038d371f995cd13706fac32274b7952a52e8fb0a84b5f80c85426f2a98a8?s=96&d=mm&r=g","url":"https:\/\/secure.gravatar.com\/avatar\/a72d038d371f995cd13706fac32274b7952a52e8fb0a84b5f80c85426f2a98a8?s=96&d=mm&r=g","contentUrl":"https:\/\/secure.gravatar.com\/avatar\/a72d038d371f995cd13706fac32274b7952a52e8fb0a84b5f80c85426f2a98a8?s=96&d=mm&r=g","caption":"AdminCDE"}}]}},"_links":{"self":[{"href":"https:\/\/www.cde.ual.es\/en\/wp-json\/wp\/v2\/posts\/6870","targetHints":{"allow":["GET"]}}],"collection":[{"href":"https:\/\/www.cde.ual.es\/en\/wp-json\/wp\/v2\/posts"}],"about":[{"href":"https:\/\/www.cde.ual.es\/en\/wp-json\/wp\/v2\/types\/post"}],"author":[{"embeddable":true,"href":"https:\/\/www.cde.ual.es\/en\/wp-json\/wp\/v2\/users\/1"}],"replies":[{"embeddable":true,"href":"https:\/\/www.cde.ual.es\/en\/wp-json\/wp\/v2\/comments?post=6870"}],"version-history":[{"count":0,"href":"https:\/\/www.cde.ual.es\/en\/wp-json\/wp\/v2\/posts\/6870\/revisions"}],"wp:featuredmedia":[{"embeddable":true,"href":"https:\/\/www.cde.ual.es\/en\/wp-json\/wp\/v2\/media\/6871"}],"wp:attachment":[{"href":"https:\/\/www.cde.ual.es\/en\/wp-json\/wp\/v2\/media?parent=6870"}],"wp:term":[{"taxonomy":"category","embeddable":true,"href":"https:\/\/www.cde.ual.es\/en\/wp-json\/wp\/v2\/categories?post=6870"},{"taxonomy":"post_tag","embeddable":true,"href":"https:\/\/www.cde.ual.es\/en\/wp-json\/wp\/v2\/tags?post=6870"}],"curies":[{"name":"wp","href":"https:\/\/api.w.org\/{rel}","templated":true}]}}