{"id":68585,"date":"2021-04-23T03:00:03","date_gmt":"2021-04-23T01:00:03","guid":{"rendered":"https:\/\/www.cde.ual.es\/?p=68585"},"modified":"2021-09-13T10:49:39","modified_gmt":"2021-09-13T08:49:39","slug":"bilbao-wins-european-award-for-sustainable-mobility","status":"publish","type":"post","link":"https:\/\/www.cde.ual.es\/en\/bilbao-wins-european-award-for-sustainable-mobility\/","title":{"rendered":"Bilbao wins European award for sustainable mobility"},"content":{"rendered":"<p><strong>The European Commission has announced the winners of the European Mobility Week 2020 Awards, the 9th Sustainable Urban Mobility Planning (SUMP) Award and the EU Urban Road Safety Award.<\/strong><\/p>\n<p><a href=\"https:\/\/www.cde.ual.es\/wp-content\/uploads\/2021\/04\/movilidad-sostenible-scaled.jpg\"><img decoding=\"async\" class=\"aligncenter  wp-image-68580\" src=\"https:\/\/www.cde.ual.es\/wp-content\/uploads\/2021\/04\/movilidad-sostenible-1024x681.jpg\" alt=\"\" width=\"730\" height=\"486\" srcset=\"https:\/\/www.cde.ual.es\/wp-content\/uploads\/2021\/04\/movilidad-sostenible-1024x681.jpg 1024w, https:\/\/www.cde.ual.es\/wp-content\/uploads\/2021\/04\/movilidad-sostenible-300x199.jpg 300w, https:\/\/www.cde.ual.es\/wp-content\/uploads\/2021\/04\/movilidad-sostenible-768x511.jpg 768w, https:\/\/www.cde.ual.es\/wp-content\/uploads\/2021\/04\/movilidad-sostenible-1536x1021.jpg 1536w, https:\/\/www.cde.ual.es\/wp-content\/uploads\/2021\/04\/movilidad-sostenible-2048x1362.jpg 2048w\" sizes=\"(max-width: 730px) 100vw, 730px\" \/><\/a><\/p>\n<p><strong>Bilbao<\/strong> won the EU Urban Road Safety Award. <strong>M\u00f6nchengladbach<\/strong> (Germany) was awarded the European Mobility Week 2020 Award for large municipalities, while <strong>Lilienthal<\/strong> (Germany) received the same title in the small municipalities category. The 9th PMUS Award went to the Greater Grenoble Area Mobility Authority (SMMAG) for mobility planning in <strong>Grenoble-Alpes<\/strong> (France). The awards were announced at a ceremony presided over by the European Commissioner for Transport, Adina V\u0103lean, and the Deputy Director General of the European Commission&#8217;s Directorate General for Transport and Mobility, Matthew Baldwin.<\/p>\n<h3>Bilbao, Winner of the First EU Urban Road Safety Award<\/h3>\n<p>Bilbao has committed to improving road safety in the city by reducing the speed limit to 30 km\/h. The speed limit was first reduced in June 2018 on 87% of all roads in the city. In September 2020, Bilbao extended the 30 km\/h speed limit to cover the entire city. In addition, the jury was impressed by Bilbao&#8217;s communication and awareness-raising activities to promote road safety, as well as its measures to include residents in discussions and decision-making.<\/p>\n<p>The other finalists were <strong>Heraklion<\/strong> (Greece) and <strong>Quart de Poblet<\/strong> (Spain).<\/p>\n<h3>European Commission&#8217;s Sustainable Urban Mobility Award Ceremony<\/h3>\n<p><iframe title=\"YouTube video player\" src=\"https:\/\/www.youtube.com\/embed\/az314UM5vo4\" width=\"560\" height=\"315\" frameborder=\"0\" allowfullscreen=\"allowfullscreen\" data-mce-fragment=\"1\"><\/iframe><\/p>\n","protected":false},"excerpt":{"rendered":"<p>The European Commission has announced the winners of the European Mobility Week 2020 Awards, the 9th Sustainable Urban Mobility Planning (SUMP) Award and the EU Urban Road Safety Award. Bilbao won the EU Urban Road Safety Award. M\u00f6nchengladbach (Germany) was awarded the European Mobility Week 2020 Award for large municipalities, while Lilienthal (Germany) received the [&hellip;]<\/p>\n","protected":false},"author":101011,"featured_media":68581,"comment_status":"open","ping_status":"open","sticky":false,"template":"","format":"standard","meta":{"_acf_changed":false,"_relevanssi_hide_post":"","_relevanssi_hide_content":"","_relevanssi_pin_for_all":"","_relevanssi_pin_keywords":"","_relevanssi_unpin_keywords":"","_relevanssi_related_keywords":"","_relevanssi_related_include_ids":"","_relevanssi_related_exclude_ids":"","_relevanssi_related_no_append":"","_relevanssi_related_not_related":"","_relevanssi_related_posts":"","_relevanssi_noindex_reason":"","_monsterinsights_skip_tracking":false,"_monsterinsights_sitenote_active":false,"_monsterinsights_sitenote_note":"","_monsterinsights_sitenote_category":0,"_genesis_hide_title":false,"_genesis_hide_breadcrumbs":false,"_genesis_hide_singular_image":false,"_genesis_hide_footer_widgets":false,"_genesis_custom_body_class":"","_genesis_custom_post_class":"","_genesis_layout":"","footnotes":""},"categories":[4071,4085,346,4087],"tags":[3042,3041],"class_list":{"0":"post-68585","1":"post","2":"type-post","3":"status-publish","4":"format-standard","5":"has-post-thumbnail","7":"category-education-culture","8":"category-environment","9":"category-eu-news","10":"category-transport","11":"tag-bilbao-en","12":"tag-european-award-for-sustainable-mobility","13":"entry"},"acf":[],"yoast_head":"<!-- This site is optimized with the Yoast SEO plugin v27.4 - https:\/\/yoast.com\/product\/yoast-seo-wordpress\/ -->\n<title>Bilbao wins European award for sustainable mobility | CDE Almer\u00eda - Centro de Documentaci\u00f3n Europea - Universidad de Almer\u00eda<\/title>\n<meta name=\"robots\" content=\"index, follow, max-snippet:-1, max-image-preview:large, max-video-preview:-1\" \/>\n<link rel=\"canonical\" href=\"https:\/\/www.cde.ual.es\/en\/bilbao-wins-european-award-for-sustainable-mobility\/\" \/>\n<meta property=\"og:locale\" content=\"en_US\" \/>\n<meta property=\"og:type\" content=\"article\" \/>\n<meta property=\"og:title\" content=\"Bilbao wins European award for sustainable mobility | CDE Almer\u00eda - Centro de Documentaci\u00f3n Europea - Universidad de Almer\u00eda\" \/>\n<meta property=\"og:description\" content=\"The European Commission has announced the winners of the European Mobility Week 2020 Awards, the 9th Sustainable Urban Mobility Planning (SUMP) Award and the EU Urban Road Safety Award. Bilbao won the EU Urban Road Safety Award. M\u00f6nchengladbach (Germany) was awarded the European Mobility Week 2020 Award for large municipalities, while Lilienthal (Germany) received the [&hellip;]\" \/>\n<meta property=\"og:url\" content=\"https:\/\/www.cde.ual.es\/en\/bilbao-wins-european-award-for-sustainable-mobility\/\" \/>\n<meta property=\"og:site_name\" content=\"CDE Almer\u00eda - Centro de Documentaci\u00f3n Europea - Universidad de Almer\u00eda\" \/>\n<meta property=\"article:publisher\" content=\"https:\/\/www.facebook.com\/cdeuniversidadalmeria\/\" \/>\n<meta property=\"article:published_time\" content=\"2021-04-23T01:00:03+00:00\" \/>\n<meta property=\"article:modified_time\" content=\"2021-09-13T08:49:39+00:00\" \/>\n<meta property=\"og:image\" content=\"https:\/\/www.cde.ual.es\/wp-content\/uploads\/2021\/04\/movilidad-sostenible-scaled.jpg\" \/>\n\t<meta property=\"og:image:width\" content=\"2560\" \/>\n\t<meta property=\"og:image:height\" content=\"1702\" \/>\n\t<meta property=\"og:image:type\" content=\"image\/jpeg\" \/>\n<meta name=\"author\" content=\"BECA 2 CDE\" \/>\n<meta name=\"twitter:card\" content=\"summary_large_image\" \/>\n<meta name=\"twitter:creator\" content=\"@cdeualmeria\" \/>\n<meta name=\"twitter:site\" content=\"@cdeualmeria\" \/>\n<meta name=\"twitter:label1\" content=\"Written by\" \/>\n\t<meta name=\"twitter:data1\" content=\"BECA 2 CDE\" \/>\n\t<meta name=\"twitter:label2\" content=\"Est. reading time\" \/>\n\t<meta name=\"twitter:data2\" content=\"1 minute\" \/>\n<script type=\"application\/ld+json\" class=\"yoast-schema-graph\">{\"@context\":\"https:\\\/\\\/schema.org\",\"@graph\":[{\"@type\":\"Article\",\"@id\":\"https:\\\/\\\/www.cde.ual.es\\\/en\\\/bilbao-wins-european-award-for-sustainable-mobility\\\/#article\",\"isPartOf\":{\"@id\":\"https:\\\/\\\/www.cde.ual.es\\\/en\\\/bilbao-wins-european-award-for-sustainable-mobility\\\/\"},\"author\":{\"name\":\"BECA 2 CDE\",\"@id\":\"https:\\\/\\\/www.cde.ual.es\\\/#\\\/schema\\\/person\\\/ee46ebc19edfa19598c02cff83335acc\"},\"headline\":\"Bilbao wins European award for sustainable mobility\",\"datePublished\":\"2021-04-23T01:00:03+00:00\",\"dateModified\":\"2021-09-13T08:49:39+00:00\",\"mainEntityOfPage\":{\"@id\":\"https:\\\/\\\/www.cde.ual.es\\\/en\\\/bilbao-wins-european-award-for-sustainable-mobility\\\/\"},\"wordCount\":228,\"commentCount\":0,\"publisher\":{\"@id\":\"https:\\\/\\\/www.cde.ual.es\\\/#organization\"},\"image\":{\"@id\":\"https:\\\/\\\/www.cde.ual.es\\\/en\\\/bilbao-wins-european-award-for-sustainable-mobility\\\/#primaryimage\"},\"thumbnailUrl\":\"https:\\\/\\\/www.cde.ual.es\\\/wp-content\\\/uploads\\\/2021\\\/04\\\/movilidad-sostenible-scaled.jpg\",\"keywords\":[\"Bilbao\",\"European award for sustainable mobility\"],\"articleSection\":[\"Education and Culture\",\"Environmental Affairs\",\"EU News\",\"Transport\"],\"inLanguage\":\"en-US\",\"potentialAction\":[{\"@type\":\"CommentAction\",\"name\":\"Comment\",\"target\":[\"https:\\\/\\\/www.cde.ual.es\\\/en\\\/bilbao-wins-european-award-for-sustainable-mobility\\\/#respond\"]}]},{\"@type\":\"WebPage\",\"@id\":\"https:\\\/\\\/www.cde.ual.es\\\/en\\\/bilbao-wins-european-award-for-sustainable-mobility\\\/\",\"url\":\"https:\\\/\\\/www.cde.ual.es\\\/en\\\/bilbao-wins-european-award-for-sustainable-mobility\\\/\",\"name\":\"Bilbao wins European award for sustainable mobility | CDE Almer\u00eda - Centro de Documentaci\u00f3n Europea - Universidad de Almer\u00eda\",\"isPartOf\":{\"@id\":\"https:\\\/\\\/www.cde.ual.es\\\/#website\"},\"primaryImageOfPage\":{\"@id\":\"https:\\\/\\\/www.cde.ual.es\\\/en\\\/bilbao-wins-european-award-for-sustainable-mobility\\\/#primaryimage\"},\"image\":{\"@id\":\"https:\\\/\\\/www.cde.ual.es\\\/en\\\/bilbao-wins-european-award-for-sustainable-mobility\\\/#primaryimage\"},\"thumbnailUrl\":\"https:\\\/\\\/www.cde.ual.es\\\/wp-content\\\/uploads\\\/2021\\\/04\\\/movilidad-sostenible-scaled.jpg\",\"datePublished\":\"2021-04-23T01:00:03+00:00\",\"dateModified\":\"2021-09-13T08:49:39+00:00\",\"breadcrumb\":{\"@id\":\"https:\\\/\\\/www.cde.ual.es\\\/en\\\/bilbao-wins-european-award-for-sustainable-mobility\\\/#breadcrumb\"},\"inLanguage\":\"en-US\",\"potentialAction\":[{\"@type\":\"ReadAction\",\"target\":[\"https:\\\/\\\/www.cde.ual.es\\\/en\\\/bilbao-wins-european-award-for-sustainable-mobility\\\/\"]}]},{\"@type\":\"ImageObject\",\"inLanguage\":\"en-US\",\"@id\":\"https:\\\/\\\/www.cde.ual.es\\\/en\\\/bilbao-wins-european-award-for-sustainable-mobility\\\/#primaryimage\",\"url\":\"https:\\\/\\\/www.cde.ual.es\\\/wp-content\\\/uploads\\\/2021\\\/04\\\/movilidad-sostenible-scaled.jpg\",\"contentUrl\":\"https:\\\/\\\/www.cde.ual.es\\\/wp-content\\\/uploads\\\/2021\\\/04\\\/movilidad-sostenible-scaled.jpg\",\"width\":2560,\"height\":1702},{\"@type\":\"BreadcrumbList\",\"@id\":\"https:\\\/\\\/www.cde.ual.es\\\/en\\\/bilbao-wins-european-award-for-sustainable-mobility\\\/#breadcrumb\",\"itemListElement\":[{\"@type\":\"ListItem\",\"position\":1,\"name\":\"Inicio\",\"item\":\"https:\\\/\\\/www.cde.ual.es\\\/en\\\/\"},{\"@type\":\"ListItem\",\"position\":2,\"name\":\"EU News\",\"item\":\"https:\\\/\\\/www.cde.ual.es\\\/en\\\/category\\\/eu-news\\\/\"},{\"@type\":\"ListItem\",\"position\":3,\"name\":\"Environmental Affairs\",\"item\":\"https:\\\/\\\/www.cde.ual.es\\\/en\\\/category\\\/eu-news\\\/environment\\\/\"},{\"@type\":\"ListItem\",\"position\":4,\"name\":\"Transport\",\"item\":\"https:\\\/\\\/www.cde.ual.es\\\/en\\\/category\\\/eu-news\\\/environment\\\/transport\\\/\"},{\"@type\":\"ListItem\",\"position\":5,\"name\":\"Bilbao wins European award for sustainable mobility\"}]},{\"@type\":\"WebSite\",\"@id\":\"https:\\\/\\\/www.cde.ual.es\\\/#website\",\"url\":\"https:\\\/\\\/www.cde.ual.es\\\/\",\"name\":\"CDE Almer\u00eda - Centro de Documentaci\u00f3n Europea - Universidad de Almer\u00eda\",\"description\":\"Centro de Documentaci\u00f3n Europea de la Universidad de Almer\u00eda\",\"publisher\":{\"@id\":\"https:\\\/\\\/www.cde.ual.es\\\/#organization\"},\"alternateName\":\"CDE Almer\u00eda\",\"potentialAction\":[{\"@type\":\"SearchAction\",\"target\":{\"@type\":\"EntryPoint\",\"urlTemplate\":\"https:\\\/\\\/www.cde.ual.es\\\/?s={search_term_string}\"},\"query-input\":{\"@type\":\"PropertyValueSpecification\",\"valueRequired\":true,\"valueName\":\"search_term_string\"}}],\"inLanguage\":\"en-US\"},{\"@type\":\"Organization\",\"@id\":\"https:\\\/\\\/www.cde.ual.es\\\/#organization\",\"name\":\"Centro de Documentaci\u00f3n Europea de Almer\u00eda\",\"url\":\"https:\\\/\\\/www.cde.ual.es\\\/\",\"logo\":{\"@type\":\"ImageObject\",\"inLanguage\":\"en-US\",\"@id\":\"https:\\\/\\\/www.cde.ual.es\\\/#\\\/schema\\\/logo\\\/image\\\/\",\"url\":\"https:\\\/\\\/www.cde.ual.es\\\/wp-content\\\/uploads\\\/2025\\\/07\\\/cde-logo-3.png\",\"contentUrl\":\"https:\\\/\\\/www.cde.ual.es\\\/wp-content\\\/uploads\\\/2025\\\/07\\\/cde-logo-3.png\",\"width\":1400,\"height\":300,\"caption\":\"Centro de Documentaci\u00f3n Europea de Almer\u00eda\"},\"image\":{\"@id\":\"https:\\\/\\\/www.cde.ual.es\\\/#\\\/schema\\\/logo\\\/image\\\/\"},\"sameAs\":[\"https:\\\/\\\/www.facebook.com\\\/cdeuniversidadalmeria\\\/\",\"https:\\\/\\\/x.com\\\/cdeualmeria\",\"https:\\\/\\\/www.tiktok.com\\\/@cdealmeria\",\"https:\\\/\\\/www.instagram.com\\\/cdealmeria\\\/\",\"https:\\\/\\\/www.linkedin.com\\\/in\\\/cde-almera-812b26a9\\\/\"]},{\"@type\":\"Person\",\"@id\":\"https:\\\/\\\/www.cde.ual.es\\\/#\\\/schema\\\/person\\\/ee46ebc19edfa19598c02cff83335acc\",\"name\":\"BECA 2 CDE\",\"image\":{\"@type\":\"ImageObject\",\"inLanguage\":\"en-US\",\"@id\":\"https:\\\/\\\/secure.gravatar.com\\\/avatar\\\/35a481bbc04bbd90e91bdfa3b0b5541036c222a49b9ad37b6889a2afcb5311a5?s=96&d=mm&r=g\",\"url\":\"https:\\\/\\\/secure.gravatar.com\\\/avatar\\\/35a481bbc04bbd90e91bdfa3b0b5541036c222a49b9ad37b6889a2afcb5311a5?s=96&d=mm&r=g\",\"contentUrl\":\"https:\\\/\\\/secure.gravatar.com\\\/avatar\\\/35a481bbc04bbd90e91bdfa3b0b5541036c222a49b9ad37b6889a2afcb5311a5?s=96&d=mm&r=g\",\"caption\":\"BECA 2 CDE\"},\"sameAs\":[\"http:\\\/\\\/www.cdealmeria.com\"]}]}<\/script>\n<!-- \/ Yoast SEO plugin. -->","yoast_head_json":{"title":"Bilbao wins European award for sustainable mobility | CDE Almer\u00eda - Centro de Documentaci\u00f3n Europea - Universidad de Almer\u00eda","robots":{"index":"index","follow":"follow","max-snippet":"max-snippet:-1","max-image-preview":"max-image-preview:large","max-video-preview":"max-video-preview:-1"},"canonical":"https:\/\/www.cde.ual.es\/en\/bilbao-wins-european-award-for-sustainable-mobility\/","og_locale":"en_US","og_type":"article","og_title":"Bilbao wins European award for sustainable mobility | CDE Almer\u00eda - Centro de Documentaci\u00f3n Europea - Universidad de Almer\u00eda","og_description":"The European Commission has announced the winners of the European Mobility Week 2020 Awards, the 9th Sustainable Urban Mobility Planning (SUMP) Award and the EU Urban Road Safety Award. Bilbao won the EU Urban Road Safety Award. M\u00f6nchengladbach (Germany) was awarded the European Mobility Week 2020 Award for large municipalities, while Lilienthal (Germany) received the [&hellip;]","og_url":"https:\/\/www.cde.ual.es\/en\/bilbao-wins-european-award-for-sustainable-mobility\/","og_site_name":"CDE Almer\u00eda - Centro de Documentaci\u00f3n Europea - Universidad de Almer\u00eda","article_publisher":"https:\/\/www.facebook.com\/cdeuniversidadalmeria\/","article_published_time":"2021-04-23T01:00:03+00:00","article_modified_time":"2021-09-13T08:49:39+00:00","og_image":[{"width":2560,"height":1702,"url":"https:\/\/www.cde.ual.es\/wp-content\/uploads\/2021\/04\/movilidad-sostenible-scaled.jpg","type":"image\/jpeg"}],"author":"BECA 2 CDE","twitter_card":"summary_large_image","twitter_creator":"@cdeualmeria","twitter_site":"@cdeualmeria","twitter_misc":{"Written by":"BECA 2 CDE","Est. reading time":"1 minute"},"schema":{"@context":"https:\/\/schema.org","@graph":[{"@type":"Article","@id":"https:\/\/www.cde.ual.es\/en\/bilbao-wins-european-award-for-sustainable-mobility\/#article","isPartOf":{"@id":"https:\/\/www.cde.ual.es\/en\/bilbao-wins-european-award-for-sustainable-mobility\/"},"author":{"name":"BECA 2 CDE","@id":"https:\/\/www.cde.ual.es\/#\/schema\/person\/ee46ebc19edfa19598c02cff83335acc"},"headline":"Bilbao wins European award for sustainable mobility","datePublished":"2021-04-23T01:00:03+00:00","dateModified":"2021-09-13T08:49:39+00:00","mainEntityOfPage":{"@id":"https:\/\/www.cde.ual.es\/en\/bilbao-wins-european-award-for-sustainable-mobility\/"},"wordCount":228,"commentCount":0,"publisher":{"@id":"https:\/\/www.cde.ual.es\/#organization"},"image":{"@id":"https:\/\/www.cde.ual.es\/en\/bilbao-wins-european-award-for-sustainable-mobility\/#primaryimage"},"thumbnailUrl":"https:\/\/www.cde.ual.es\/wp-content\/uploads\/2021\/04\/movilidad-sostenible-scaled.jpg","keywords":["Bilbao","European award for sustainable mobility"],"articleSection":["Education and Culture","Environmental Affairs","EU News","Transport"],"inLanguage":"en-US","potentialAction":[{"@type":"CommentAction","name":"Comment","target":["https:\/\/www.cde.ual.es\/en\/bilbao-wins-european-award-for-sustainable-mobility\/#respond"]}]},{"@type":"WebPage","@id":"https:\/\/www.cde.ual.es\/en\/bilbao-wins-european-award-for-sustainable-mobility\/","url":"https:\/\/www.cde.ual.es\/en\/bilbao-wins-european-award-for-sustainable-mobility\/","name":"Bilbao wins European award for sustainable mobility | CDE Almer\u00eda - Centro de Documentaci\u00f3n Europea - Universidad de Almer\u00eda","isPartOf":{"@id":"https:\/\/www.cde.ual.es\/#website"},"primaryImageOfPage":{"@id":"https:\/\/www.cde.ual.es\/en\/bilbao-wins-european-award-for-sustainable-mobility\/#primaryimage"},"image":{"@id":"https:\/\/www.cde.ual.es\/en\/bilbao-wins-european-award-for-sustainable-mobility\/#primaryimage"},"thumbnailUrl":"https:\/\/www.cde.ual.es\/wp-content\/uploads\/2021\/04\/movilidad-sostenible-scaled.jpg","datePublished":"2021-04-23T01:00:03+00:00","dateModified":"2021-09-13T08:49:39+00:00","breadcrumb":{"@id":"https:\/\/www.cde.ual.es\/en\/bilbao-wins-european-award-for-sustainable-mobility\/#breadcrumb"},"inLanguage":"en-US","potentialAction":[{"@type":"ReadAction","target":["https:\/\/www.cde.ual.es\/en\/bilbao-wins-european-award-for-sustainable-mobility\/"]}]},{"@type":"ImageObject","inLanguage":"en-US","@id":"https:\/\/www.cde.ual.es\/en\/bilbao-wins-european-award-for-sustainable-mobility\/#primaryimage","url":"https:\/\/www.cde.ual.es\/wp-content\/uploads\/2021\/04\/movilidad-sostenible-scaled.jpg","contentUrl":"https:\/\/www.cde.ual.es\/wp-content\/uploads\/2021\/04\/movilidad-sostenible-scaled.jpg","width":2560,"height":1702},{"@type":"BreadcrumbList","@id":"https:\/\/www.cde.ual.es\/en\/bilbao-wins-european-award-for-sustainable-mobility\/#breadcrumb","itemListElement":[{"@type":"ListItem","position":1,"name":"Inicio","item":"https:\/\/www.cde.ual.es\/en\/"},{"@type":"ListItem","position":2,"name":"EU News","item":"https:\/\/www.cde.ual.es\/en\/category\/eu-news\/"},{"@type":"ListItem","position":3,"name":"Environmental Affairs","item":"https:\/\/www.cde.ual.es\/en\/category\/eu-news\/environment\/"},{"@type":"ListItem","position":4,"name":"Transport","item":"https:\/\/www.cde.ual.es\/en\/category\/eu-news\/environment\/transport\/"},{"@type":"ListItem","position":5,"name":"Bilbao wins European award for sustainable mobility"}]},{"@type":"WebSite","@id":"https:\/\/www.cde.ual.es\/#website","url":"https:\/\/www.cde.ual.es\/","name":"CDE Almer\u00eda - Centro de Documentaci\u00f3n Europea - Universidad de Almer\u00eda","description":"Centro de Documentaci\u00f3n Europea de la Universidad de Almer\u00eda","publisher":{"@id":"https:\/\/www.cde.ual.es\/#organization"},"alternateName":"CDE Almer\u00eda","potentialAction":[{"@type":"SearchAction","target":{"@type":"EntryPoint","urlTemplate":"https:\/\/www.cde.ual.es\/?s={search_term_string}"},"query-input":{"@type":"PropertyValueSpecification","valueRequired":true,"valueName":"search_term_string"}}],"inLanguage":"en-US"},{"@type":"Organization","@id":"https:\/\/www.cde.ual.es\/#organization","name":"Centro de Documentaci\u00f3n Europea de Almer\u00eda","url":"https:\/\/www.cde.ual.es\/","logo":{"@type":"ImageObject","inLanguage":"en-US","@id":"https:\/\/www.cde.ual.es\/#\/schema\/logo\/image\/","url":"https:\/\/www.cde.ual.es\/wp-content\/uploads\/2025\/07\/cde-logo-3.png","contentUrl":"https:\/\/www.cde.ual.es\/wp-content\/uploads\/2025\/07\/cde-logo-3.png","width":1400,"height":300,"caption":"Centro de Documentaci\u00f3n Europea de Almer\u00eda"},"image":{"@id":"https:\/\/www.cde.ual.es\/#\/schema\/logo\/image\/"},"sameAs":["https:\/\/www.facebook.com\/cdeuniversidadalmeria\/","https:\/\/x.com\/cdeualmeria","https:\/\/www.tiktok.com\/@cdealmeria","https:\/\/www.instagram.com\/cdealmeria\/","https:\/\/www.linkedin.com\/in\/cde-almera-812b26a9\/"]},{"@type":"Person","@id":"https:\/\/www.cde.ual.es\/#\/schema\/person\/ee46ebc19edfa19598c02cff83335acc","name":"BECA 2 CDE","image":{"@type":"ImageObject","inLanguage":"en-US","@id":"https:\/\/secure.gravatar.com\/avatar\/35a481bbc04bbd90e91bdfa3b0b5541036c222a49b9ad37b6889a2afcb5311a5?s=96&d=mm&r=g","url":"https:\/\/secure.gravatar.com\/avatar\/35a481bbc04bbd90e91bdfa3b0b5541036c222a49b9ad37b6889a2afcb5311a5?s=96&d=mm&r=g","contentUrl":"https:\/\/secure.gravatar.com\/avatar\/35a481bbc04bbd90e91bdfa3b0b5541036c222a49b9ad37b6889a2afcb5311a5?s=96&d=mm&r=g","caption":"BECA 2 CDE"},"sameAs":["http:\/\/www.cdealmeria.com"]}]}},"_links":{"self":[{"href":"https:\/\/www.cde.ual.es\/en\/wp-json\/wp\/v2\/posts\/68585","targetHints":{"allow":["GET"]}}],"collection":[{"href":"https:\/\/www.cde.ual.es\/en\/wp-json\/wp\/v2\/posts"}],"about":[{"href":"https:\/\/www.cde.ual.es\/en\/wp-json\/wp\/v2\/types\/post"}],"author":[{"embeddable":true,"href":"https:\/\/www.cde.ual.es\/en\/wp-json\/wp\/v2\/users\/101011"}],"replies":[{"embeddable":true,"href":"https:\/\/www.cde.ual.es\/en\/wp-json\/wp\/v2\/comments?post=68585"}],"version-history":[{"count":0,"href":"https:\/\/www.cde.ual.es\/en\/wp-json\/wp\/v2\/posts\/68585\/revisions"}],"wp:featuredmedia":[{"embeddable":true,"href":"https:\/\/www.cde.ual.es\/en\/wp-json\/wp\/v2\/media\/68581"}],"wp:attachment":[{"href":"https:\/\/www.cde.ual.es\/en\/wp-json\/wp\/v2\/media?parent=68585"}],"wp:term":[{"taxonomy":"category","embeddable":true,"href":"https:\/\/www.cde.ual.es\/en\/wp-json\/wp\/v2\/categories?post=68585"},{"taxonomy":"post_tag","embeddable":true,"href":"https:\/\/www.cde.ual.es\/en\/wp-json\/wp\/v2\/tags?post=68585"}],"curies":[{"name":"wp","href":"https:\/\/api.w.org\/{rel}","templated":true}]}}