{"id":6832,"date":"2018-07-10T10:15:43","date_gmt":"2018-07-10T08:15:43","guid":{"rendered":"http:\/\/www.cde.ual.es\/?p=6832"},"modified":"2018-07-10T10:17:01","modified_gmt":"2018-07-10T08:17:01","slug":"el-futuro-de-europa-invertir-en-jovenes-investigadores","status":"publish","type":"post","link":"https:\/\/www.cde.ual.es\/en\/el-futuro-de-europa-invertir-en-jovenes-investigadores\/","title":{"rendered":"El futuro de Europa: invertir en j\u00f3venes investigadores"},"content":{"rendered":"<p><a href=\"http:\/\/www.cde.ual.es\/wp-content\/uploads\/2018\/07\/Investigaci\u00f3n.jpg\"><img decoding=\"async\" class=\"size-medium wp-image-6833 aligncenter\" src=\"http:\/\/www.cde.ual.es\/wp-content\/uploads\/2018\/07\/Investigaci\u00f3n-300x200.jpg\" alt=\"\" width=\"300\" height=\"200\" srcset=\"https:\/\/www.cde.ual.es\/wp-content\/uploads\/2018\/07\/Investigaci\u00f3n-300x200.jpg 300w, https:\/\/www.cde.ual.es\/wp-content\/uploads\/2018\/07\/Investigaci\u00f3n.jpg 626w\" sizes=\"(max-width: 300px) 100vw, 300px\" \/><\/a><\/p>\n<p>Cient\u00edficos, investigadores\u00a0 y miembros del Parlamento Europeo se reunieron recientemente en el Parlamento Europeo en Estrasburgo. El objetivo del evento, organizado conjuntamente por el <a href=\"http:\/\/www.europarl.europa.eu\/stoa\/en\/about\/history-and-mission\">Panel de Evaluaci\u00f3n de Opciones Cient\u00edficas y Tecnol\u00f3gicas (STOA)<\/a> del Parlamento Europeo (EP) y el <a href=\"https:\/\/erc.europa.eu\/about-erc\/mission\">Consejo Europeo de Investigaci\u00f3n (ERC)<\/a>, era mostrar los esfuerzos de investigaci\u00f3n e innovaci\u00f3n de Europa a trav\u00e9s de programas como <a href=\"https:\/\/ec.europa.eu\/programmes\/horizon2020\/\">Horizon2020<\/a> y uno de sus iniciativas m\u00e1s exitosas, el ERC. El evento tambi\u00e9n tuvo como objetivo estimular los intercambios sobre el papel de la investigaci\u00f3n fundamental en el dise\u00f1o del futuro de Europa. El evento tuvo lugar justo una semana antes de que la Comisi\u00f3n Europea (CE) anunciara su propuesta para <a href=\"https:\/\/ec.europa.eu\/info\/designing-next-research-and-innovation-framework-programme\/what-shapes-next-framework-programme_en\">Horizon Europe<\/a>, el pr\u00f3ximo programa marco de investigaci\u00f3n e innovaci\u00f3n, que comenzar\u00e1 en 2021. El evento atrajo a 14 miembros (incluido el presidente del Comit\u00e9 de Industria, Investigaci\u00f3n y Energ\u00eda, Jerzy Buzek) y 22 investigadores financiados por el ERC, el Comisionado de Investigaci\u00f3n, Ciencia e Innovaci\u00f3n Carlos Moedas y tres ganadores del Premio Nobel, entre otros participantes. Adem\u00e1s, el Presidente del PE Antonio Tajani, el Vicepresidente de la CE Andrus Ansip y el Ministro b\u00falgaro de Educaci\u00f3n y Ciencia, Krassimir Valchev, participaron en el debate de alto nivel sobre ciencia y pol\u00edtica organizado el d\u00eda anterior.<\/p>\n<p>Se enfatiz\u00f3 en la necesidad de tener acceso a la evidencia cient\u00edfica cuando los Miembros del Parlamento trabajan en diferentes temas y cu\u00e1nto valoran las interacciones con cient\u00edficos. Para\u00a0 hacer tales intercambios hay que dejar atr\u00e1s las diferencias entre los dos mundos: la ciencia necesita tiempo, paciencia y perseverancia, mientras que los pol\u00edticos a menudo piensan y act\u00faan en menos tiempo. Aunque ambos mundos parecen hablar idiomas diferentes, por el bien del futuro de Europa necesitan entenderse.<\/p>\n<p>Para m\u00e1s informaci\u00f3n visita el art\u00edculo completo en:\u00a0<a href=\"https:\/\/epthinktank.eu\/2018\/07\/10\/shaping-the-future-of-europe-investing-in-young-researchers\/\"><em><strong>Shaping The Future Of Europe: Investing In Young\u00a0Researchers<\/strong><\/em><\/a><\/p>\n","protected":false},"excerpt":{"rendered":"<p>Cient\u00edficos, investigadores\u00a0 y miembros del Parlamento Europeo se reunieron recientemente en el Parlamento Europeo en Estrasburgo. El objetivo del evento, organizado conjuntamente por el Panel de Evaluaci\u00f3n de Opciones Cient\u00edficas y Tecnol\u00f3gicas (STOA) del Parlamento Europeo (EP) y el Consejo Europeo de Investigaci\u00f3n (ERC), era mostrar los esfuerzos de investigaci\u00f3n e innovaci\u00f3n de Europa a [&hellip;]<\/p>\n","protected":false},"author":1,"featured_media":6833,"comment_status":"open","ping_status":"open","sticky":false,"template":"","format":"standard","meta":{"_acf_changed":false,"_relevanssi_hide_post":"","_relevanssi_hide_content":"","_relevanssi_pin_for_all":"","_relevanssi_pin_keywords":"","_relevanssi_unpin_keywords":"","_relevanssi_related_keywords":"","_relevanssi_related_include_ids":"","_relevanssi_related_exclude_ids":"","_relevanssi_related_no_append":"","_relevanssi_related_not_related":"","_relevanssi_related_posts":"","_relevanssi_noindex_reason":"","_monsterinsights_skip_tracking":false,"_monsterinsights_sitenote_active":false,"_monsterinsights_sitenote_note":"","_monsterinsights_sitenote_category":0,"_genesis_hide_title":false,"_genesis_hide_breadcrumbs":false,"_genesis_hide_singular_image":false,"_genesis_hide_footer_widgets":false,"_genesis_custom_body_class":"","_genesis_custom_post_class":"","_genesis_layout":"","footnotes":""},"categories":[96],"tags":[150,132],"class_list":{"0":"post-6832","1":"post","2":"type-post","3":"status-publish","4":"format-standard","5":"has-post-thumbnail","7":"category-noticias-ue","8":"tag-innovacion","9":"tag-investigacion","10":"entry"},"acf":[],"yoast_head":"<!-- This site is optimized with the Yoast SEO plugin v27.4 - https:\/\/yoast.com\/product\/yoast-seo-wordpress\/ -->\n<title>El futuro de Europa: invertir en j\u00f3venes investigadores | CDE Almer\u00eda - Centro de Documentaci\u00f3n Europea - Universidad de Almer\u00eda<\/title>\n<meta name=\"robots\" content=\"index, follow, max-snippet:-1, max-image-preview:large, max-video-preview:-1\" \/>\n<link rel=\"canonical\" href=\"https:\/\/www.cde.ual.es\/el-futuro-de-europa-invertir-en-jovenes-investigadores\/\" \/>\n<meta property=\"og:locale\" content=\"en_US\" \/>\n<meta property=\"og:type\" content=\"article\" \/>\n<meta property=\"og:title\" content=\"El futuro de Europa: invertir en j\u00f3venes investigadores | CDE Almer\u00eda - Centro de Documentaci\u00f3n Europea - Universidad de Almer\u00eda\" \/>\n<meta property=\"og:description\" content=\"Cient\u00edficos, investigadores\u00a0 y miembros del Parlamento Europeo se reunieron recientemente en el Parlamento Europeo en Estrasburgo. El objetivo del evento, organizado conjuntamente por el Panel de Evaluaci\u00f3n de Opciones Cient\u00edficas y Tecnol\u00f3gicas (STOA) del Parlamento Europeo (EP) y el Consejo Europeo de Investigaci\u00f3n (ERC), era mostrar los esfuerzos de investigaci\u00f3n e innovaci\u00f3n de Europa a [&hellip;]\" \/>\n<meta property=\"og:url\" content=\"https:\/\/www.cde.ual.es\/el-futuro-de-europa-invertir-en-jovenes-investigadores\/\" \/>\n<meta property=\"og:site_name\" content=\"CDE Almer\u00eda - Centro de Documentaci\u00f3n Europea - Universidad de Almer\u00eda\" \/>\n<meta property=\"article:publisher\" content=\"https:\/\/www.facebook.com\/cdeuniversidadalmeria\/\" \/>\n<meta property=\"article:published_time\" content=\"2018-07-10T08:15:43+00:00\" \/>\n<meta property=\"article:modified_time\" content=\"2018-07-10T08:17:01+00:00\" \/>\n<meta property=\"og:image\" content=\"https:\/\/www.cde.ual.es\/wp-content\/uploads\/2018\/07\/Investigaci\u00f3n.jpg\" \/>\n\t<meta property=\"og:image:width\" content=\"626\" \/>\n\t<meta property=\"og:image:height\" content=\"417\" \/>\n\t<meta property=\"og:image:type\" content=\"image\/jpeg\" \/>\n<meta name=\"author\" content=\"AdminCDE\" \/>\n<meta name=\"twitter:card\" content=\"summary_large_image\" \/>\n<meta name=\"twitter:creator\" content=\"@cdeualmeria\" \/>\n<meta name=\"twitter:site\" content=\"@cdeualmeria\" \/>\n<meta name=\"twitter:label1\" content=\"Written by\" \/>\n\t<meta name=\"twitter:data1\" content=\"AdminCDE\" \/>\n\t<meta name=\"twitter:label2\" content=\"Est. reading time\" \/>\n\t<meta name=\"twitter:data2\" content=\"2 minutes\" \/>\n<script type=\"application\/ld+json\" class=\"yoast-schema-graph\">{\"@context\":\"https:\\\/\\\/schema.org\",\"@graph\":[{\"@type\":\"Article\",\"@id\":\"https:\\\/\\\/www.cde.ual.es\\\/el-futuro-de-europa-invertir-en-jovenes-investigadores\\\/#article\",\"isPartOf\":{\"@id\":\"https:\\\/\\\/www.cde.ual.es\\\/el-futuro-de-europa-invertir-en-jovenes-investigadores\\\/\"},\"author\":{\"name\":\"AdminCDE\",\"@id\":\"https:\\\/\\\/www.cde.ual.es\\\/#\\\/schema\\\/person\\\/224ef08c8bcc005f319d2713ce37ee5f\"},\"headline\":\"El futuro de Europa: invertir en j\u00f3venes investigadores\",\"datePublished\":\"2018-07-10T08:15:43+00:00\",\"dateModified\":\"2018-07-10T08:17:01+00:00\",\"mainEntityOfPage\":{\"@id\":\"https:\\\/\\\/www.cde.ual.es\\\/el-futuro-de-europa-invertir-en-jovenes-investigadores\\\/\"},\"wordCount\":340,\"commentCount\":0,\"publisher\":{\"@id\":\"https:\\\/\\\/www.cde.ual.es\\\/#organization\"},\"image\":{\"@id\":\"https:\\\/\\\/www.cde.ual.es\\\/el-futuro-de-europa-invertir-en-jovenes-investigadores\\\/#primaryimage\"},\"thumbnailUrl\":\"https:\\\/\\\/www.cde.ual.es\\\/wp-content\\\/uploads\\\/2018\\\/07\\\/Investigaci\u00f3n.jpg\",\"keywords\":[\"Innovaci\u00f3n\",\"Investigaci\u00f3n\"],\"articleSection\":[\"Noticias UE\"],\"inLanguage\":\"en-US\",\"potentialAction\":[{\"@type\":\"CommentAction\",\"name\":\"Comment\",\"target\":[\"https:\\\/\\\/www.cde.ual.es\\\/el-futuro-de-europa-invertir-en-jovenes-investigadores\\\/#respond\"]}]},{\"@type\":\"WebPage\",\"@id\":\"https:\\\/\\\/www.cde.ual.es\\\/el-futuro-de-europa-invertir-en-jovenes-investigadores\\\/\",\"url\":\"https:\\\/\\\/www.cde.ual.es\\\/el-futuro-de-europa-invertir-en-jovenes-investigadores\\\/\",\"name\":\"El futuro de Europa: invertir en j\u00f3venes investigadores | CDE Almer\u00eda - Centro de Documentaci\u00f3n Europea - Universidad de Almer\u00eda\",\"isPartOf\":{\"@id\":\"https:\\\/\\\/www.cde.ual.es\\\/#website\"},\"primaryImageOfPage\":{\"@id\":\"https:\\\/\\\/www.cde.ual.es\\\/el-futuro-de-europa-invertir-en-jovenes-investigadores\\\/#primaryimage\"},\"image\":{\"@id\":\"https:\\\/\\\/www.cde.ual.es\\\/el-futuro-de-europa-invertir-en-jovenes-investigadores\\\/#primaryimage\"},\"thumbnailUrl\":\"https:\\\/\\\/www.cde.ual.es\\\/wp-content\\\/uploads\\\/2018\\\/07\\\/Investigaci\u00f3n.jpg\",\"datePublished\":\"2018-07-10T08:15:43+00:00\",\"dateModified\":\"2018-07-10T08:17:01+00:00\",\"breadcrumb\":{\"@id\":\"https:\\\/\\\/www.cde.ual.es\\\/el-futuro-de-europa-invertir-en-jovenes-investigadores\\\/#breadcrumb\"},\"inLanguage\":\"en-US\",\"potentialAction\":[{\"@type\":\"ReadAction\",\"target\":[\"https:\\\/\\\/www.cde.ual.es\\\/el-futuro-de-europa-invertir-en-jovenes-investigadores\\\/\"]}]},{\"@type\":\"ImageObject\",\"inLanguage\":\"en-US\",\"@id\":\"https:\\\/\\\/www.cde.ual.es\\\/el-futuro-de-europa-invertir-en-jovenes-investigadores\\\/#primaryimage\",\"url\":\"https:\\\/\\\/www.cde.ual.es\\\/wp-content\\\/uploads\\\/2018\\\/07\\\/Investigaci\u00f3n.jpg\",\"contentUrl\":\"https:\\\/\\\/www.cde.ual.es\\\/wp-content\\\/uploads\\\/2018\\\/07\\\/Investigaci\u00f3n.jpg\",\"width\":626,\"height\":417},{\"@type\":\"BreadcrumbList\",\"@id\":\"https:\\\/\\\/www.cde.ual.es\\\/el-futuro-de-europa-invertir-en-jovenes-investigadores\\\/#breadcrumb\",\"itemListElement\":[{\"@type\":\"ListItem\",\"position\":1,\"name\":\"Inicio\",\"item\":\"https:\\\/\\\/www.cde.ual.es\\\/en\\\/\"},{\"@type\":\"ListItem\",\"position\":2,\"name\":\"Noticias UE\",\"item\":\"https:\\\/\\\/www.cde.ual.es\\\/category\\\/noticias-ue\\\/\"},{\"@type\":\"ListItem\",\"position\":3,\"name\":\"El futuro de Europa: invertir en j\u00f3venes investigadores\"}]},{\"@type\":\"WebSite\",\"@id\":\"https:\\\/\\\/www.cde.ual.es\\\/#website\",\"url\":\"https:\\\/\\\/www.cde.ual.es\\\/\",\"name\":\"CDE Almer\u00eda - Centro de Documentaci\u00f3n Europea - Universidad de Almer\u00eda\",\"description\":\"Centro de Documentaci\u00f3n Europea de la Universidad de Almer\u00eda\",\"publisher\":{\"@id\":\"https:\\\/\\\/www.cde.ual.es\\\/#organization\"},\"alternateName\":\"CDE Almer\u00eda\",\"potentialAction\":[{\"@type\":\"SearchAction\",\"target\":{\"@type\":\"EntryPoint\",\"urlTemplate\":\"https:\\\/\\\/www.cde.ual.es\\\/?s={search_term_string}\"},\"query-input\":{\"@type\":\"PropertyValueSpecification\",\"valueRequired\":true,\"valueName\":\"search_term_string\"}}],\"inLanguage\":\"en-US\"},{\"@type\":\"Organization\",\"@id\":\"https:\\\/\\\/www.cde.ual.es\\\/#organization\",\"name\":\"Centro de Documentaci\u00f3n Europea de Almer\u00eda\",\"url\":\"https:\\\/\\\/www.cde.ual.es\\\/\",\"logo\":{\"@type\":\"ImageObject\",\"inLanguage\":\"en-US\",\"@id\":\"https:\\\/\\\/www.cde.ual.es\\\/#\\\/schema\\\/logo\\\/image\\\/\",\"url\":\"https:\\\/\\\/www.cde.ual.es\\\/wp-content\\\/uploads\\\/2025\\\/07\\\/cde-logo-3.png\",\"contentUrl\":\"https:\\\/\\\/www.cde.ual.es\\\/wp-content\\\/uploads\\\/2025\\\/07\\\/cde-logo-3.png\",\"width\":1400,\"height\":300,\"caption\":\"Centro de Documentaci\u00f3n Europea de Almer\u00eda\"},\"image\":{\"@id\":\"https:\\\/\\\/www.cde.ual.es\\\/#\\\/schema\\\/logo\\\/image\\\/\"},\"sameAs\":[\"https:\\\/\\\/www.facebook.com\\\/cdeuniversidadalmeria\\\/\",\"https:\\\/\\\/x.com\\\/cdeualmeria\",\"https:\\\/\\\/www.tiktok.com\\\/@cdealmeria\",\"https:\\\/\\\/www.instagram.com\\\/cdealmeria\\\/\",\"https:\\\/\\\/www.linkedin.com\\\/in\\\/cde-almera-812b26a9\\\/\"]},{\"@type\":\"Person\",\"@id\":\"https:\\\/\\\/www.cde.ual.es\\\/#\\\/schema\\\/person\\\/224ef08c8bcc005f319d2713ce37ee5f\",\"name\":\"AdminCDE\",\"image\":{\"@type\":\"ImageObject\",\"inLanguage\":\"en-US\",\"@id\":\"https:\\\/\\\/secure.gravatar.com\\\/avatar\\\/a72d038d371f995cd13706fac32274b7952a52e8fb0a84b5f80c85426f2a98a8?s=96&d=mm&r=g\",\"url\":\"https:\\\/\\\/secure.gravatar.com\\\/avatar\\\/a72d038d371f995cd13706fac32274b7952a52e8fb0a84b5f80c85426f2a98a8?s=96&d=mm&r=g\",\"contentUrl\":\"https:\\\/\\\/secure.gravatar.com\\\/avatar\\\/a72d038d371f995cd13706fac32274b7952a52e8fb0a84b5f80c85426f2a98a8?s=96&d=mm&r=g\",\"caption\":\"AdminCDE\"}}]}<\/script>\n<!-- \/ Yoast SEO plugin. -->","yoast_head_json":{"title":"El futuro de Europa: invertir en j\u00f3venes investigadores | CDE Almer\u00eda - Centro de Documentaci\u00f3n Europea - Universidad de Almer\u00eda","robots":{"index":"index","follow":"follow","max-snippet":"max-snippet:-1","max-image-preview":"max-image-preview:large","max-video-preview":"max-video-preview:-1"},"canonical":"https:\/\/www.cde.ual.es\/el-futuro-de-europa-invertir-en-jovenes-investigadores\/","og_locale":"en_US","og_type":"article","og_title":"El futuro de Europa: invertir en j\u00f3venes investigadores | CDE Almer\u00eda - Centro de Documentaci\u00f3n Europea - Universidad de Almer\u00eda","og_description":"Cient\u00edficos, investigadores\u00a0 y miembros del Parlamento Europeo se reunieron recientemente en el Parlamento Europeo en Estrasburgo. El objetivo del evento, organizado conjuntamente por el Panel de Evaluaci\u00f3n de Opciones Cient\u00edficas y Tecnol\u00f3gicas (STOA) del Parlamento Europeo (EP) y el Consejo Europeo de Investigaci\u00f3n (ERC), era mostrar los esfuerzos de investigaci\u00f3n e innovaci\u00f3n de Europa a [&hellip;]","og_url":"https:\/\/www.cde.ual.es\/el-futuro-de-europa-invertir-en-jovenes-investigadores\/","og_site_name":"CDE Almer\u00eda - Centro de Documentaci\u00f3n Europea - Universidad de Almer\u00eda","article_publisher":"https:\/\/www.facebook.com\/cdeuniversidadalmeria\/","article_published_time":"2018-07-10T08:15:43+00:00","article_modified_time":"2018-07-10T08:17:01+00:00","og_image":[{"width":626,"height":417,"url":"https:\/\/www.cde.ual.es\/wp-content\/uploads\/2018\/07\/Investigaci\u00f3n.jpg","type":"image\/jpeg"}],"author":"AdminCDE","twitter_card":"summary_large_image","twitter_creator":"@cdeualmeria","twitter_site":"@cdeualmeria","twitter_misc":{"Written by":"AdminCDE","Est. reading time":"2 minutes"},"schema":{"@context":"https:\/\/schema.org","@graph":[{"@type":"Article","@id":"https:\/\/www.cde.ual.es\/el-futuro-de-europa-invertir-en-jovenes-investigadores\/#article","isPartOf":{"@id":"https:\/\/www.cde.ual.es\/el-futuro-de-europa-invertir-en-jovenes-investigadores\/"},"author":{"name":"AdminCDE","@id":"https:\/\/www.cde.ual.es\/#\/schema\/person\/224ef08c8bcc005f319d2713ce37ee5f"},"headline":"El futuro de Europa: invertir en j\u00f3venes investigadores","datePublished":"2018-07-10T08:15:43+00:00","dateModified":"2018-07-10T08:17:01+00:00","mainEntityOfPage":{"@id":"https:\/\/www.cde.ual.es\/el-futuro-de-europa-invertir-en-jovenes-investigadores\/"},"wordCount":340,"commentCount":0,"publisher":{"@id":"https:\/\/www.cde.ual.es\/#organization"},"image":{"@id":"https:\/\/www.cde.ual.es\/el-futuro-de-europa-invertir-en-jovenes-investigadores\/#primaryimage"},"thumbnailUrl":"https:\/\/www.cde.ual.es\/wp-content\/uploads\/2018\/07\/Investigaci\u00f3n.jpg","keywords":["Innovaci\u00f3n","Investigaci\u00f3n"],"articleSection":["Noticias UE"],"inLanguage":"en-US","potentialAction":[{"@type":"CommentAction","name":"Comment","target":["https:\/\/www.cde.ual.es\/el-futuro-de-europa-invertir-en-jovenes-investigadores\/#respond"]}]},{"@type":"WebPage","@id":"https:\/\/www.cde.ual.es\/el-futuro-de-europa-invertir-en-jovenes-investigadores\/","url":"https:\/\/www.cde.ual.es\/el-futuro-de-europa-invertir-en-jovenes-investigadores\/","name":"El futuro de Europa: invertir en j\u00f3venes investigadores | CDE Almer\u00eda - Centro de Documentaci\u00f3n Europea - Universidad de Almer\u00eda","isPartOf":{"@id":"https:\/\/www.cde.ual.es\/#website"},"primaryImageOfPage":{"@id":"https:\/\/www.cde.ual.es\/el-futuro-de-europa-invertir-en-jovenes-investigadores\/#primaryimage"},"image":{"@id":"https:\/\/www.cde.ual.es\/el-futuro-de-europa-invertir-en-jovenes-investigadores\/#primaryimage"},"thumbnailUrl":"https:\/\/www.cde.ual.es\/wp-content\/uploads\/2018\/07\/Investigaci\u00f3n.jpg","datePublished":"2018-07-10T08:15:43+00:00","dateModified":"2018-07-10T08:17:01+00:00","breadcrumb":{"@id":"https:\/\/www.cde.ual.es\/el-futuro-de-europa-invertir-en-jovenes-investigadores\/#breadcrumb"},"inLanguage":"en-US","potentialAction":[{"@type":"ReadAction","target":["https:\/\/www.cde.ual.es\/el-futuro-de-europa-invertir-en-jovenes-investigadores\/"]}]},{"@type":"ImageObject","inLanguage":"en-US","@id":"https:\/\/www.cde.ual.es\/el-futuro-de-europa-invertir-en-jovenes-investigadores\/#primaryimage","url":"https:\/\/www.cde.ual.es\/wp-content\/uploads\/2018\/07\/Investigaci\u00f3n.jpg","contentUrl":"https:\/\/www.cde.ual.es\/wp-content\/uploads\/2018\/07\/Investigaci\u00f3n.jpg","width":626,"height":417},{"@type":"BreadcrumbList","@id":"https:\/\/www.cde.ual.es\/el-futuro-de-europa-invertir-en-jovenes-investigadores\/#breadcrumb","itemListElement":[{"@type":"ListItem","position":1,"name":"Inicio","item":"https:\/\/www.cde.ual.es\/en\/"},{"@type":"ListItem","position":2,"name":"Noticias UE","item":"https:\/\/www.cde.ual.es\/category\/noticias-ue\/"},{"@type":"ListItem","position":3,"name":"El futuro de Europa: invertir en j\u00f3venes investigadores"}]},{"@type":"WebSite","@id":"https:\/\/www.cde.ual.es\/#website","url":"https:\/\/www.cde.ual.es\/","name":"CDE Almer\u00eda - Centro de Documentaci\u00f3n Europea - Universidad de Almer\u00eda","description":"Centro de Documentaci\u00f3n Europea de la Universidad de Almer\u00eda","publisher":{"@id":"https:\/\/www.cde.ual.es\/#organization"},"alternateName":"CDE Almer\u00eda","potentialAction":[{"@type":"SearchAction","target":{"@type":"EntryPoint","urlTemplate":"https:\/\/www.cde.ual.es\/?s={search_term_string}"},"query-input":{"@type":"PropertyValueSpecification","valueRequired":true,"valueName":"search_term_string"}}],"inLanguage":"en-US"},{"@type":"Organization","@id":"https:\/\/www.cde.ual.es\/#organization","name":"Centro de Documentaci\u00f3n Europea de Almer\u00eda","url":"https:\/\/www.cde.ual.es\/","logo":{"@type":"ImageObject","inLanguage":"en-US","@id":"https:\/\/www.cde.ual.es\/#\/schema\/logo\/image\/","url":"https:\/\/www.cde.ual.es\/wp-content\/uploads\/2025\/07\/cde-logo-3.png","contentUrl":"https:\/\/www.cde.ual.es\/wp-content\/uploads\/2025\/07\/cde-logo-3.png","width":1400,"height":300,"caption":"Centro de Documentaci\u00f3n Europea de Almer\u00eda"},"image":{"@id":"https:\/\/www.cde.ual.es\/#\/schema\/logo\/image\/"},"sameAs":["https:\/\/www.facebook.com\/cdeuniversidadalmeria\/","https:\/\/x.com\/cdeualmeria","https:\/\/www.tiktok.com\/@cdealmeria","https:\/\/www.instagram.com\/cdealmeria\/","https:\/\/www.linkedin.com\/in\/cde-almera-812b26a9\/"]},{"@type":"Person","@id":"https:\/\/www.cde.ual.es\/#\/schema\/person\/224ef08c8bcc005f319d2713ce37ee5f","name":"AdminCDE","image":{"@type":"ImageObject","inLanguage":"en-US","@id":"https:\/\/secure.gravatar.com\/avatar\/a72d038d371f995cd13706fac32274b7952a52e8fb0a84b5f80c85426f2a98a8?s=96&d=mm&r=g","url":"https:\/\/secure.gravatar.com\/avatar\/a72d038d371f995cd13706fac32274b7952a52e8fb0a84b5f80c85426f2a98a8?s=96&d=mm&r=g","contentUrl":"https:\/\/secure.gravatar.com\/avatar\/a72d038d371f995cd13706fac32274b7952a52e8fb0a84b5f80c85426f2a98a8?s=96&d=mm&r=g","caption":"AdminCDE"}}]}},"_links":{"self":[{"href":"https:\/\/www.cde.ual.es\/en\/wp-json\/wp\/v2\/posts\/6832","targetHints":{"allow":["GET"]}}],"collection":[{"href":"https:\/\/www.cde.ual.es\/en\/wp-json\/wp\/v2\/posts"}],"about":[{"href":"https:\/\/www.cde.ual.es\/en\/wp-json\/wp\/v2\/types\/post"}],"author":[{"embeddable":true,"href":"https:\/\/www.cde.ual.es\/en\/wp-json\/wp\/v2\/users\/1"}],"replies":[{"embeddable":true,"href":"https:\/\/www.cde.ual.es\/en\/wp-json\/wp\/v2\/comments?post=6832"}],"version-history":[{"count":0,"href":"https:\/\/www.cde.ual.es\/en\/wp-json\/wp\/v2\/posts\/6832\/revisions"}],"wp:featuredmedia":[{"embeddable":true,"href":"https:\/\/www.cde.ual.es\/en\/wp-json\/wp\/v2\/media\/6833"}],"wp:attachment":[{"href":"https:\/\/www.cde.ual.es\/en\/wp-json\/wp\/v2\/media?parent=6832"}],"wp:term":[{"taxonomy":"category","embeddable":true,"href":"https:\/\/www.cde.ual.es\/en\/wp-json\/wp\/v2\/categories?post=6832"},{"taxonomy":"post_tag","embeddable":true,"href":"https:\/\/www.cde.ual.es\/en\/wp-json\/wp\/v2\/tags?post=6832"}],"curies":[{"name":"wp","href":"https:\/\/api.w.org\/{rel}","templated":true}]}}