{"id":66950,"date":"2021-04-12T03:00:34","date_gmt":"2021-04-12T01:00:34","guid":{"rendered":"https:\/\/www.cde.ual.es\/?p=66950"},"modified":"2021-09-13T11:06:01","modified_gmt":"2021-09-13T09:06:01","slug":"conference-on-the-future-of-europe-launch-of-the-citizens-platform-on-19-april","status":"publish","type":"post","link":"https:\/\/www.cde.ual.es\/en\/conference-on-the-future-of-europe-launch-of-the-citizens-platform-on-19-april\/","title":{"rendered":"Conference on the Future of Europe: launch of the citizens&#8217; platform on 19 April"},"content":{"rendered":"<p><strong>At its meeting on Wednesday, the Executive Board of the <a href=\"https:\/\/www.cde.ual.es\/en\/conference-on-the-future-of-europe\/\">Conference on the Future of Europe<\/a> continued preparations to get the Conference started.<\/strong><\/p>\n<p><a href=\"https:\/\/www.cde.ual.es\/wp-content\/uploads\/2020\/09\/comision-europea.jpg\"><img decoding=\"async\" class=\"aligncenter wp-image-53437\" src=\"https:\/\/www.cde.ual.es\/wp-content\/uploads\/2020\/09\/comision-europea-1024x683.jpg\" alt=\"Primer informe anual sobre la situaci\u00f3n del Estado de Derecho en la UE\" width=\"513\" height=\"342\" srcset=\"https:\/\/www.cde.ual.es\/wp-content\/uploads\/2020\/09\/comision-europea-1024x683.jpg 1024w, https:\/\/www.cde.ual.es\/wp-content\/uploads\/2020\/09\/comision-europea-300x200.jpg 300w, https:\/\/www.cde.ual.es\/wp-content\/uploads\/2020\/09\/comision-europea-768x512.jpg 768w, https:\/\/www.cde.ual.es\/wp-content\/uploads\/2020\/09\/comision-europea-1536x1024.jpg 1536w, https:\/\/www.cde.ual.es\/wp-content\/uploads\/2020\/09\/comision-europea.jpg 1920w\" sizes=\"(max-width: 513px) 100vw, 513px\" \/><\/a><\/p>\n<p>The Executive Board endorsed the multilingual digital platform that will allow citizens from across the EU to contribute to the Conference. It also agreed on its working methods and advanced preparations for the inaugural event on Europe Day (9 May).<\/p>\n<h3><strong>An open and inclusive participatory democracy debate<\/strong><\/h3>\n<p>As from 19 April, thanks to this new multilingual digital platform, citizens from across Europe will have the possibility to provide their views on any topic that they consider important for the future of the EU. This will enable citizens \u2013 for the first time at EU level \u2013 to put forward their ideas, comment on other people&#8217;s ideas, create and participate in events. The platform will be the Conference&#8217;s central hub, a place where all contributions to the Conference will be brought together and shared, including decentralised events, the European Citizens&#8217; Panels and Conference Plenaries.<\/p>\n<p>A specialised feedback mechanism will aggregate and analyse key points raised, so that they can also be taken into account during the European Citizens&#8217; panels and Conference Plenaries. The platform will also provide information on the Conference&#8217;s structure and work, as well as resources for event organisers including a catalogue of key events through which they will be able to promote their initiatives at local, regional, national, and European levels. Citizens will easily be able to look up events in which they wish to participate thanks to an events map.<\/p>\n<section id=\"inline-nav-1\">\n<div class=\"ecl-paragraph\">\n<h3><strong>Inaugural event on Europe Day \u00a0<\/strong><\/h3>\n<p>Additionally, the Executive Board made progress in preparing for the Conference&#8217;s inaugural event on Europe Day (9 May), health conditions permitting. It also adopted the Board&#8217;s own working methods and held a first discussion on the draft rules for the composition and work of Conference Plenary sessions.<strong>\u00a0<\/strong><\/p>\n<h3><strong>Next steps<\/strong><\/h3>\n<p>The Executive Board will meet again in two weeks, in order to finalise their discussion on the rules of procedure, and to address other prerequisites for the organisation of the Conference.<\/p>\n<h3>More information<\/h3>\n<p><a href=\"https:\/\/ec.europa.eu\/commission\/presscorner\/detail\/es\/statement_21_1624\">Press release &#8211; European Commission<\/a><\/p>\n<\/div>\n<\/section>\n","protected":false},"excerpt":{"rendered":"<p>At its meeting on Wednesday, the Executive Board of the Conference on the Future of Europe continued preparations to get the Conference started. The Executive Board endorsed the multilingual digital platform that will allow citizens from across the EU to contribute to the Conference. It also agreed on its working methods and advanced preparations for [&hellip;]<\/p>\n","protected":false},"author":101011,"featured_media":53437,"comment_status":"open","ping_status":"open","sticky":false,"template":"","format":"standard","meta":{"_acf_changed":false,"_relevanssi_hide_post":"","_relevanssi_hide_content":"","_relevanssi_pin_for_all":"","_relevanssi_pin_keywords":"","_relevanssi_unpin_keywords":"","_relevanssi_related_keywords":"","_relevanssi_related_include_ids":"","_relevanssi_related_exclude_ids":"","_relevanssi_related_no_append":"","_relevanssi_related_not_related":"","_relevanssi_related_posts":"","_relevanssi_noindex_reason":"","_monsterinsights_skip_tracking":false,"_monsterinsights_sitenote_active":false,"_monsterinsights_sitenote_note":"","_monsterinsights_sitenote_category":0,"_genesis_hide_title":false,"_genesis_hide_breadcrumbs":false,"_genesis_hide_singular_image":false,"_genesis_hide_footer_widgets":false,"_genesis_custom_body_class":"","_genesis_custom_post_class":"","_genesis_layout":"","footnotes":""},"categories":[346,4064,4066],"tags":[2934],"class_list":{"0":"post-66950","1":"post","2":"type-post","3":"status-publish","4":"format-standard","5":"has-post-thumbnail","7":"category-eu-news","8":"category-institutional","9":"category-state-members","10":"tag-conference-of-europe","11":"entry"},"acf":[],"yoast_head":"<!-- This site is optimized with the Yoast SEO plugin v27.4 - https:\/\/yoast.com\/product\/yoast-seo-wordpress\/ -->\n<title>Conference on the Future of Europe: launch of the citizens&#039; platform on 19 April | CDE Almer\u00eda - Centro de Documentaci\u00f3n Europea - Universidad de Almer\u00eda<\/title>\n<meta name=\"robots\" content=\"index, follow, max-snippet:-1, max-image-preview:large, max-video-preview:-1\" \/>\n<link rel=\"canonical\" href=\"https:\/\/www.cde.ual.es\/en\/conference-on-the-future-of-europe-launch-of-the-citizens-platform-on-19-april\/\" \/>\n<meta property=\"og:locale\" content=\"en_US\" \/>\n<meta property=\"og:type\" content=\"article\" \/>\n<meta property=\"og:title\" content=\"Conference on the Future of Europe: launch of the citizens&#039; platform on 19 April | CDE Almer\u00eda - Centro de Documentaci\u00f3n Europea - Universidad de Almer\u00eda\" \/>\n<meta property=\"og:description\" content=\"At its meeting on Wednesday, the Executive Board of the Conference on the Future of Europe continued preparations to get the Conference started. The Executive Board endorsed the multilingual digital platform that will allow citizens from across the EU to contribute to the Conference. It also agreed on its working methods and advanced preparations for [&hellip;]\" \/>\n<meta property=\"og:url\" content=\"https:\/\/www.cde.ual.es\/en\/conference-on-the-future-of-europe-launch-of-the-citizens-platform-on-19-april\/\" \/>\n<meta property=\"og:site_name\" content=\"CDE Almer\u00eda - Centro de Documentaci\u00f3n Europea - Universidad de Almer\u00eda\" \/>\n<meta property=\"article:publisher\" content=\"https:\/\/www.facebook.com\/cdeuniversidadalmeria\/\" \/>\n<meta property=\"article:published_time\" content=\"2021-04-12T01:00:34+00:00\" \/>\n<meta property=\"article:modified_time\" content=\"2021-09-13T09:06:01+00:00\" \/>\n<meta property=\"og:image\" content=\"https:\/\/www.cde.ual.es\/wp-content\/uploads\/2020\/09\/comision-europea.jpg\" \/>\n\t<meta property=\"og:image:width\" content=\"1920\" \/>\n\t<meta property=\"og:image:height\" content=\"1280\" \/>\n\t<meta property=\"og:image:type\" content=\"image\/jpeg\" \/>\n<meta name=\"author\" content=\"BECA 2 CDE\" \/>\n<meta name=\"twitter:card\" content=\"summary_large_image\" \/>\n<meta name=\"twitter:creator\" content=\"@cdeualmeria\" \/>\n<meta name=\"twitter:site\" content=\"@cdeualmeria\" \/>\n<meta name=\"twitter:label1\" content=\"Written by\" \/>\n\t<meta name=\"twitter:data1\" content=\"BECA 2 CDE\" \/>\n\t<meta name=\"twitter:label2\" content=\"Est. reading time\" \/>\n\t<meta name=\"twitter:data2\" content=\"2 minutes\" \/>\n<script type=\"application\/ld+json\" class=\"yoast-schema-graph\">{\"@context\":\"https:\\\/\\\/schema.org\",\"@graph\":[{\"@type\":\"Article\",\"@id\":\"https:\\\/\\\/www.cde.ual.es\\\/en\\\/conference-on-the-future-of-europe-launch-of-the-citizens-platform-on-19-april\\\/#article\",\"isPartOf\":{\"@id\":\"https:\\\/\\\/www.cde.ual.es\\\/en\\\/conference-on-the-future-of-europe-launch-of-the-citizens-platform-on-19-april\\\/\"},\"author\":{\"name\":\"BECA 2 CDE\",\"@id\":\"https:\\\/\\\/www.cde.ual.es\\\/#\\\/schema\\\/person\\\/ee46ebc19edfa19598c02cff83335acc\"},\"headline\":\"Conference on the Future of Europe: launch of the citizens&#8217; platform on 19 April\",\"datePublished\":\"2021-04-12T01:00:34+00:00\",\"dateModified\":\"2021-09-13T09:06:01+00:00\",\"mainEntityOfPage\":{\"@id\":\"https:\\\/\\\/www.cde.ual.es\\\/en\\\/conference-on-the-future-of-europe-launch-of-the-citizens-platform-on-19-april\\\/\"},\"wordCount\":361,\"commentCount\":0,\"publisher\":{\"@id\":\"https:\\\/\\\/www.cde.ual.es\\\/#organization\"},\"image\":{\"@id\":\"https:\\\/\\\/www.cde.ual.es\\\/en\\\/conference-on-the-future-of-europe-launch-of-the-citizens-platform-on-19-april\\\/#primaryimage\"},\"thumbnailUrl\":\"https:\\\/\\\/www.cde.ual.es\\\/wp-content\\\/uploads\\\/2020\\\/09\\\/comision-europea.jpg\",\"keywords\":[\"Conference of Europe\"],\"articleSection\":[\"EU News\",\"Institutional Affairs\",\"State Members\"],\"inLanguage\":\"en-US\",\"potentialAction\":[{\"@type\":\"CommentAction\",\"name\":\"Comment\",\"target\":[\"https:\\\/\\\/www.cde.ual.es\\\/en\\\/conference-on-the-future-of-europe-launch-of-the-citizens-platform-on-19-april\\\/#respond\"]}]},{\"@type\":\"WebPage\",\"@id\":\"https:\\\/\\\/www.cde.ual.es\\\/en\\\/conference-on-the-future-of-europe-launch-of-the-citizens-platform-on-19-april\\\/\",\"url\":\"https:\\\/\\\/www.cde.ual.es\\\/en\\\/conference-on-the-future-of-europe-launch-of-the-citizens-platform-on-19-april\\\/\",\"name\":\"Conference on the Future of Europe: launch of the citizens' platform on 19 April | CDE Almer\u00eda - Centro de Documentaci\u00f3n Europea - Universidad de Almer\u00eda\",\"isPartOf\":{\"@id\":\"https:\\\/\\\/www.cde.ual.es\\\/#website\"},\"primaryImageOfPage\":{\"@id\":\"https:\\\/\\\/www.cde.ual.es\\\/en\\\/conference-on-the-future-of-europe-launch-of-the-citizens-platform-on-19-april\\\/#primaryimage\"},\"image\":{\"@id\":\"https:\\\/\\\/www.cde.ual.es\\\/en\\\/conference-on-the-future-of-europe-launch-of-the-citizens-platform-on-19-april\\\/#primaryimage\"},\"thumbnailUrl\":\"https:\\\/\\\/www.cde.ual.es\\\/wp-content\\\/uploads\\\/2020\\\/09\\\/comision-europea.jpg\",\"datePublished\":\"2021-04-12T01:00:34+00:00\",\"dateModified\":\"2021-09-13T09:06:01+00:00\",\"breadcrumb\":{\"@id\":\"https:\\\/\\\/www.cde.ual.es\\\/en\\\/conference-on-the-future-of-europe-launch-of-the-citizens-platform-on-19-april\\\/#breadcrumb\"},\"inLanguage\":\"en-US\",\"potentialAction\":[{\"@type\":\"ReadAction\",\"target\":[\"https:\\\/\\\/www.cde.ual.es\\\/en\\\/conference-on-the-future-of-europe-launch-of-the-citizens-platform-on-19-april\\\/\"]}]},{\"@type\":\"ImageObject\",\"inLanguage\":\"en-US\",\"@id\":\"https:\\\/\\\/www.cde.ual.es\\\/en\\\/conference-on-the-future-of-europe-launch-of-the-citizens-platform-on-19-april\\\/#primaryimage\",\"url\":\"https:\\\/\\\/www.cde.ual.es\\\/wp-content\\\/uploads\\\/2020\\\/09\\\/comision-europea.jpg\",\"contentUrl\":\"https:\\\/\\\/www.cde.ual.es\\\/wp-content\\\/uploads\\\/2020\\\/09\\\/comision-europea.jpg\",\"width\":1920,\"height\":1280,\"caption\":\"Primer informe anual sobre la situaci\u00f3n del Estado de Derecho en la UE\"},{\"@type\":\"BreadcrumbList\",\"@id\":\"https:\\\/\\\/www.cde.ual.es\\\/en\\\/conference-on-the-future-of-europe-launch-of-the-citizens-platform-on-19-april\\\/#breadcrumb\",\"itemListElement\":[{\"@type\":\"ListItem\",\"position\":1,\"name\":\"Inicio\",\"item\":\"https:\\\/\\\/www.cde.ual.es\\\/en\\\/\"},{\"@type\":\"ListItem\",\"position\":2,\"name\":\"EU News\",\"item\":\"https:\\\/\\\/www.cde.ual.es\\\/en\\\/category\\\/eu-news\\\/\"},{\"@type\":\"ListItem\",\"position\":3,\"name\":\"Institutional Affairs\",\"item\":\"https:\\\/\\\/www.cde.ual.es\\\/en\\\/category\\\/eu-news\\\/institutional\\\/\"},{\"@type\":\"ListItem\",\"position\":4,\"name\":\"State Members\",\"item\":\"https:\\\/\\\/www.cde.ual.es\\\/en\\\/category\\\/eu-news\\\/institutional\\\/state-members\\\/\"},{\"@type\":\"ListItem\",\"position\":5,\"name\":\"Conference on the Future of Europe: launch of the citizens&#8217; platform on 19 April\"}]},{\"@type\":\"WebSite\",\"@id\":\"https:\\\/\\\/www.cde.ual.es\\\/#website\",\"url\":\"https:\\\/\\\/www.cde.ual.es\\\/\",\"name\":\"CDE Almer\u00eda - Centro de Documentaci\u00f3n Europea - Universidad de Almer\u00eda\",\"description\":\"Centro de Documentaci\u00f3n Europea de la Universidad de Almer\u00eda\",\"publisher\":{\"@id\":\"https:\\\/\\\/www.cde.ual.es\\\/#organization\"},\"alternateName\":\"CDE Almer\u00eda\",\"potentialAction\":[{\"@type\":\"SearchAction\",\"target\":{\"@type\":\"EntryPoint\",\"urlTemplate\":\"https:\\\/\\\/www.cde.ual.es\\\/?s={search_term_string}\"},\"query-input\":{\"@type\":\"PropertyValueSpecification\",\"valueRequired\":true,\"valueName\":\"search_term_string\"}}],\"inLanguage\":\"en-US\"},{\"@type\":\"Organization\",\"@id\":\"https:\\\/\\\/www.cde.ual.es\\\/#organization\",\"name\":\"Centro de Documentaci\u00f3n Europea de Almer\u00eda\",\"url\":\"https:\\\/\\\/www.cde.ual.es\\\/\",\"logo\":{\"@type\":\"ImageObject\",\"inLanguage\":\"en-US\",\"@id\":\"https:\\\/\\\/www.cde.ual.es\\\/#\\\/schema\\\/logo\\\/image\\\/\",\"url\":\"https:\\\/\\\/www.cde.ual.es\\\/wp-content\\\/uploads\\\/2025\\\/07\\\/cde-logo-3.png\",\"contentUrl\":\"https:\\\/\\\/www.cde.ual.es\\\/wp-content\\\/uploads\\\/2025\\\/07\\\/cde-logo-3.png\",\"width\":1400,\"height\":300,\"caption\":\"Centro de Documentaci\u00f3n Europea de Almer\u00eda\"},\"image\":{\"@id\":\"https:\\\/\\\/www.cde.ual.es\\\/#\\\/schema\\\/logo\\\/image\\\/\"},\"sameAs\":[\"https:\\\/\\\/www.facebook.com\\\/cdeuniversidadalmeria\\\/\",\"https:\\\/\\\/x.com\\\/cdeualmeria\",\"https:\\\/\\\/www.tiktok.com\\\/@cdealmeria\",\"https:\\\/\\\/www.instagram.com\\\/cdealmeria\\\/\",\"https:\\\/\\\/www.linkedin.com\\\/in\\\/cde-almera-812b26a9\\\/\"]},{\"@type\":\"Person\",\"@id\":\"https:\\\/\\\/www.cde.ual.es\\\/#\\\/schema\\\/person\\\/ee46ebc19edfa19598c02cff83335acc\",\"name\":\"BECA 2 CDE\",\"image\":{\"@type\":\"ImageObject\",\"inLanguage\":\"en-US\",\"@id\":\"https:\\\/\\\/secure.gravatar.com\\\/avatar\\\/35a481bbc04bbd90e91bdfa3b0b5541036c222a49b9ad37b6889a2afcb5311a5?s=96&d=mm&r=g\",\"url\":\"https:\\\/\\\/secure.gravatar.com\\\/avatar\\\/35a481bbc04bbd90e91bdfa3b0b5541036c222a49b9ad37b6889a2afcb5311a5?s=96&d=mm&r=g\",\"contentUrl\":\"https:\\\/\\\/secure.gravatar.com\\\/avatar\\\/35a481bbc04bbd90e91bdfa3b0b5541036c222a49b9ad37b6889a2afcb5311a5?s=96&d=mm&r=g\",\"caption\":\"BECA 2 CDE\"},\"sameAs\":[\"http:\\\/\\\/www.cdealmeria.com\"]}]}<\/script>\n<!-- \/ Yoast SEO plugin. -->","yoast_head_json":{"title":"Conference on the Future of Europe: launch of the citizens' platform on 19 April | CDE Almer\u00eda - Centro de Documentaci\u00f3n Europea - Universidad de Almer\u00eda","robots":{"index":"index","follow":"follow","max-snippet":"max-snippet:-1","max-image-preview":"max-image-preview:large","max-video-preview":"max-video-preview:-1"},"canonical":"https:\/\/www.cde.ual.es\/en\/conference-on-the-future-of-europe-launch-of-the-citizens-platform-on-19-april\/","og_locale":"en_US","og_type":"article","og_title":"Conference on the Future of Europe: launch of the citizens' platform on 19 April | CDE Almer\u00eda - Centro de Documentaci\u00f3n Europea - Universidad de Almer\u00eda","og_description":"At its meeting on Wednesday, the Executive Board of the Conference on the Future of Europe continued preparations to get the Conference started. The Executive Board endorsed the multilingual digital platform that will allow citizens from across the EU to contribute to the Conference. It also agreed on its working methods and advanced preparations for [&hellip;]","og_url":"https:\/\/www.cde.ual.es\/en\/conference-on-the-future-of-europe-launch-of-the-citizens-platform-on-19-april\/","og_site_name":"CDE Almer\u00eda - Centro de Documentaci\u00f3n Europea - Universidad de Almer\u00eda","article_publisher":"https:\/\/www.facebook.com\/cdeuniversidadalmeria\/","article_published_time":"2021-04-12T01:00:34+00:00","article_modified_time":"2021-09-13T09:06:01+00:00","og_image":[{"width":1920,"height":1280,"url":"https:\/\/www.cde.ual.es\/wp-content\/uploads\/2020\/09\/comision-europea.jpg","type":"image\/jpeg"}],"author":"BECA 2 CDE","twitter_card":"summary_large_image","twitter_creator":"@cdeualmeria","twitter_site":"@cdeualmeria","twitter_misc":{"Written by":"BECA 2 CDE","Est. reading time":"2 minutes"},"schema":{"@context":"https:\/\/schema.org","@graph":[{"@type":"Article","@id":"https:\/\/www.cde.ual.es\/en\/conference-on-the-future-of-europe-launch-of-the-citizens-platform-on-19-april\/#article","isPartOf":{"@id":"https:\/\/www.cde.ual.es\/en\/conference-on-the-future-of-europe-launch-of-the-citizens-platform-on-19-april\/"},"author":{"name":"BECA 2 CDE","@id":"https:\/\/www.cde.ual.es\/#\/schema\/person\/ee46ebc19edfa19598c02cff83335acc"},"headline":"Conference on the Future of Europe: launch of the citizens&#8217; platform on 19 April","datePublished":"2021-04-12T01:00:34+00:00","dateModified":"2021-09-13T09:06:01+00:00","mainEntityOfPage":{"@id":"https:\/\/www.cde.ual.es\/en\/conference-on-the-future-of-europe-launch-of-the-citizens-platform-on-19-april\/"},"wordCount":361,"commentCount":0,"publisher":{"@id":"https:\/\/www.cde.ual.es\/#organization"},"image":{"@id":"https:\/\/www.cde.ual.es\/en\/conference-on-the-future-of-europe-launch-of-the-citizens-platform-on-19-april\/#primaryimage"},"thumbnailUrl":"https:\/\/www.cde.ual.es\/wp-content\/uploads\/2020\/09\/comision-europea.jpg","keywords":["Conference of Europe"],"articleSection":["EU News","Institutional Affairs","State Members"],"inLanguage":"en-US","potentialAction":[{"@type":"CommentAction","name":"Comment","target":["https:\/\/www.cde.ual.es\/en\/conference-on-the-future-of-europe-launch-of-the-citizens-platform-on-19-april\/#respond"]}]},{"@type":"WebPage","@id":"https:\/\/www.cde.ual.es\/en\/conference-on-the-future-of-europe-launch-of-the-citizens-platform-on-19-april\/","url":"https:\/\/www.cde.ual.es\/en\/conference-on-the-future-of-europe-launch-of-the-citizens-platform-on-19-april\/","name":"Conference on the Future of Europe: launch of the citizens' platform on 19 April | CDE Almer\u00eda - Centro de Documentaci\u00f3n Europea - Universidad de Almer\u00eda","isPartOf":{"@id":"https:\/\/www.cde.ual.es\/#website"},"primaryImageOfPage":{"@id":"https:\/\/www.cde.ual.es\/en\/conference-on-the-future-of-europe-launch-of-the-citizens-platform-on-19-april\/#primaryimage"},"image":{"@id":"https:\/\/www.cde.ual.es\/en\/conference-on-the-future-of-europe-launch-of-the-citizens-platform-on-19-april\/#primaryimage"},"thumbnailUrl":"https:\/\/www.cde.ual.es\/wp-content\/uploads\/2020\/09\/comision-europea.jpg","datePublished":"2021-04-12T01:00:34+00:00","dateModified":"2021-09-13T09:06:01+00:00","breadcrumb":{"@id":"https:\/\/www.cde.ual.es\/en\/conference-on-the-future-of-europe-launch-of-the-citizens-platform-on-19-april\/#breadcrumb"},"inLanguage":"en-US","potentialAction":[{"@type":"ReadAction","target":["https:\/\/www.cde.ual.es\/en\/conference-on-the-future-of-europe-launch-of-the-citizens-platform-on-19-april\/"]}]},{"@type":"ImageObject","inLanguage":"en-US","@id":"https:\/\/www.cde.ual.es\/en\/conference-on-the-future-of-europe-launch-of-the-citizens-platform-on-19-april\/#primaryimage","url":"https:\/\/www.cde.ual.es\/wp-content\/uploads\/2020\/09\/comision-europea.jpg","contentUrl":"https:\/\/www.cde.ual.es\/wp-content\/uploads\/2020\/09\/comision-europea.jpg","width":1920,"height":1280,"caption":"Primer informe anual sobre la situaci\u00f3n del Estado de Derecho en la UE"},{"@type":"BreadcrumbList","@id":"https:\/\/www.cde.ual.es\/en\/conference-on-the-future-of-europe-launch-of-the-citizens-platform-on-19-april\/#breadcrumb","itemListElement":[{"@type":"ListItem","position":1,"name":"Inicio","item":"https:\/\/www.cde.ual.es\/en\/"},{"@type":"ListItem","position":2,"name":"EU News","item":"https:\/\/www.cde.ual.es\/en\/category\/eu-news\/"},{"@type":"ListItem","position":3,"name":"Institutional Affairs","item":"https:\/\/www.cde.ual.es\/en\/category\/eu-news\/institutional\/"},{"@type":"ListItem","position":4,"name":"State Members","item":"https:\/\/www.cde.ual.es\/en\/category\/eu-news\/institutional\/state-members\/"},{"@type":"ListItem","position":5,"name":"Conference on the Future of Europe: launch of the citizens&#8217; platform on 19 April"}]},{"@type":"WebSite","@id":"https:\/\/www.cde.ual.es\/#website","url":"https:\/\/www.cde.ual.es\/","name":"CDE Almer\u00eda - Centro de Documentaci\u00f3n Europea - Universidad de Almer\u00eda","description":"Centro de Documentaci\u00f3n Europea de la Universidad de Almer\u00eda","publisher":{"@id":"https:\/\/www.cde.ual.es\/#organization"},"alternateName":"CDE Almer\u00eda","potentialAction":[{"@type":"SearchAction","target":{"@type":"EntryPoint","urlTemplate":"https:\/\/www.cde.ual.es\/?s={search_term_string}"},"query-input":{"@type":"PropertyValueSpecification","valueRequired":true,"valueName":"search_term_string"}}],"inLanguage":"en-US"},{"@type":"Organization","@id":"https:\/\/www.cde.ual.es\/#organization","name":"Centro de Documentaci\u00f3n Europea de Almer\u00eda","url":"https:\/\/www.cde.ual.es\/","logo":{"@type":"ImageObject","inLanguage":"en-US","@id":"https:\/\/www.cde.ual.es\/#\/schema\/logo\/image\/","url":"https:\/\/www.cde.ual.es\/wp-content\/uploads\/2025\/07\/cde-logo-3.png","contentUrl":"https:\/\/www.cde.ual.es\/wp-content\/uploads\/2025\/07\/cde-logo-3.png","width":1400,"height":300,"caption":"Centro de Documentaci\u00f3n Europea de Almer\u00eda"},"image":{"@id":"https:\/\/www.cde.ual.es\/#\/schema\/logo\/image\/"},"sameAs":["https:\/\/www.facebook.com\/cdeuniversidadalmeria\/","https:\/\/x.com\/cdeualmeria","https:\/\/www.tiktok.com\/@cdealmeria","https:\/\/www.instagram.com\/cdealmeria\/","https:\/\/www.linkedin.com\/in\/cde-almera-812b26a9\/"]},{"@type":"Person","@id":"https:\/\/www.cde.ual.es\/#\/schema\/person\/ee46ebc19edfa19598c02cff83335acc","name":"BECA 2 CDE","image":{"@type":"ImageObject","inLanguage":"en-US","@id":"https:\/\/secure.gravatar.com\/avatar\/35a481bbc04bbd90e91bdfa3b0b5541036c222a49b9ad37b6889a2afcb5311a5?s=96&d=mm&r=g","url":"https:\/\/secure.gravatar.com\/avatar\/35a481bbc04bbd90e91bdfa3b0b5541036c222a49b9ad37b6889a2afcb5311a5?s=96&d=mm&r=g","contentUrl":"https:\/\/secure.gravatar.com\/avatar\/35a481bbc04bbd90e91bdfa3b0b5541036c222a49b9ad37b6889a2afcb5311a5?s=96&d=mm&r=g","caption":"BECA 2 CDE"},"sameAs":["http:\/\/www.cdealmeria.com"]}]}},"_links":{"self":[{"href":"https:\/\/www.cde.ual.es\/en\/wp-json\/wp\/v2\/posts\/66950","targetHints":{"allow":["GET"]}}],"collection":[{"href":"https:\/\/www.cde.ual.es\/en\/wp-json\/wp\/v2\/posts"}],"about":[{"href":"https:\/\/www.cde.ual.es\/en\/wp-json\/wp\/v2\/types\/post"}],"author":[{"embeddable":true,"href":"https:\/\/www.cde.ual.es\/en\/wp-json\/wp\/v2\/users\/101011"}],"replies":[{"embeddable":true,"href":"https:\/\/www.cde.ual.es\/en\/wp-json\/wp\/v2\/comments?post=66950"}],"version-history":[{"count":0,"href":"https:\/\/www.cde.ual.es\/en\/wp-json\/wp\/v2\/posts\/66950\/revisions"}],"wp:featuredmedia":[{"embeddable":true,"href":"https:\/\/www.cde.ual.es\/en\/wp-json\/wp\/v2\/media\/53437"}],"wp:attachment":[{"href":"https:\/\/www.cde.ual.es\/en\/wp-json\/wp\/v2\/media?parent=66950"}],"wp:term":[{"taxonomy":"category","embeddable":true,"href":"https:\/\/www.cde.ual.es\/en\/wp-json\/wp\/v2\/categories?post=66950"},{"taxonomy":"post_tag","embeddable":true,"href":"https:\/\/www.cde.ual.es\/en\/wp-json\/wp\/v2\/tags?post=66950"}],"curies":[{"name":"wp","href":"https:\/\/api.w.org\/{rel}","templated":true}]}}