{"id":66861,"date":"2021-04-09T03:00:11","date_gmt":"2021-04-09T01:00:11","guid":{"rendered":"https:\/\/www.cde.ual.es\/?p=66861"},"modified":"2021-09-13T11:08:05","modified_gmt":"2021-09-13T09:08:05","slug":"future-of-tourism-sustainable-responsible-smart","status":"publish","type":"post","link":"https:\/\/www.cde.ual.es\/en\/future-of-tourism-sustainable-responsible-smart\/","title":{"rendered":"Future of tourism: sustainable, responsible, smart"},"content":{"rendered":"<div class=\"media-right-block media-description\"><strong>Europe is the world\u2019s most popular tourist destination. When tourism returns following more than a year of disruption due to the pandemic, Parliament is calling for a plan to make it greener and more sustainable.<\/strong><\/div>\n<div><\/div>\n<div><iframe src=\"https:\/\/multimedia.europarl.europa.eu\/x_N01-AFPS-210318-STOU_ev?p_p_state=pop_up&amp;lang=en&amp;autoplay=off\" width=\"640\" height=\"360\" frameborder=\"0\" allowfullscreen=\"allowfullscreen\"><\/iframe><\/div>\n<div>\n<h3 class=\"ep-wysiwig_heading-2\">Tourism and Covid-19<\/h3>\n<p class=\"ep-wysiwig_paragraph\">Tourism is one of the sectors affected the most by the Covid-19 pandemic. It employs about 27 million people and represents around 10% of the EU&#8217;s gross domestic products. Six million jobs are currently at risk. Europe, the world\u2019s top tourist destination, welcomed 66% fewer international tourists in the first half of 2020 and 97% fewer in the second half.<\/p>\n<div class=\"ep_gridcolumn ep-m_product\" data-view1200=\"8\" data-view1020=\"8\" data-view750=\"10\" data-view640=\"6\" data-view480=\"8\" data-view320=\"4\">\n<div class=\"ep_gridcolumn-content\">\n<div class=\"ep-a_text\">\n<h3 class=\"ep-wysiwig_heading-2\">Need for a new tourism strategy in Europe<\/h3>\n<p class=\"ep-wysiwig_paragraph\">MEPs called for a new <a href=\"https:\/\/www.europarl.europa.eu\/news\/en\/press-room\/20210322IPR00524\/meps-demand-safe-and-clean-travel\" target=\"_blank\" rel=\"noopener\">European strategy to make tourism cleaner, safer and more sustainable<\/a> as well as get it back on its feet, after the pandemic, including a common vaccination certificate.<\/p>\n<p class=\"ep-wysiwig_paragraph\">\u201cWith summer just around the corner, we want to avoid past errors and put in place coordinated and uniform EU measures, such as a protocol of tests before departure, a certificate of vaccination, a sanitary seal, to facilitate travel, with no costs for citizens.\u201c said report author\u00a0<a href=\"https:\/\/www.europarl.europa.eu\/meps\/sk\/124734\/CLAUDIA_MONTEIRO+DE+AGUIAR\/home\" target=\"_blank\" rel=\"noopener\">Cl\u00e1udia Monteiro de Aguiar<\/a> (EPP, Portugal) .<\/p>\n<h3 class=\"ep-wysiwig_heading-2\">Financial assistance<\/h3>\n<p class=\"ep-wysiwig_paragraph\">Continued short-term financial support is essential to the survival of the sector, the report says, urging EU countries to include travel and tourism in their Covid recovery plans. It also calls for public and private investment in the digitalisation and overall modernisation of the sector and says countries should consider temporarily reducing VAT rates on travel and tourism services,<\/p>\n<h3 class=\"ep-wysiwig_heading-2\">Common vaccination certificate<\/h3>\n<p class=\"ep-wysiwig_paragraph\">In order to re-establish freedom of movement, the report calls a common vaccination certificate, which could become an alternative to PCR tests and quarantine requirements once vaccines are available for everyone and there is sufficient scientific evidence that <a href=\"https:\/\/www.cde.ual.es\/en\/covid-19-vaccination-in-europe\/\" target=\"_blank\" rel=\"noopener\">vaccinated people<\/a> do not transmit the virus. Quarantine should remain the instrument of last resort, according to the report.<\/p>\n<p class=\"ep-wysiwig_paragraph\">On 17 March the European Commission proposed a\u00a0<a href=\"https:\/\/www.cde.ual.es\/en\/digital-green-certificate\/\" target=\"_blank\" rel=\"noopener\">digital green certificate<\/a> in line with the suggestion in the report.<\/p>\n<h3 class=\"ep-wysiwig_heading-2\">Making tourism more sustainable<\/h3>\n<p class=\"ep-wysiwig_paragraph\">The report says the pandemic has shifted consumer preferences to greener options that bring them closer to nature. It calls for a roadmap to develop more sustainable forms of tourism to reduce the environmental footprint of the sector.<\/p>\n<p class=\"ep-wysiwig_paragraph\">Other proposals in the report include:<\/p>\n<ul>\n<li>An EU hygiene certification seal, certifying minimum Covid-19 virus prevention and control standards to help restore consumer trust in tourism and travel<\/li>\n<\/ul>\n<ul>\n<li>A new EU gency for tourism.<\/li>\n<\/ul>\n<\/div>\n<\/div>\n<\/div>\n<div class=\"ep_gridcolumn ep-m_product\" data-view1200=\"8\" data-view1020=\"8\" data-view750=\"10\" data-view640=\"6\" data-view480=\"8\" data-view320=\"4\">\n<div class=\"ep_gridcolumn-content\">\n<h3 class=\"ep-a_text\">More information<\/h3>\n<div><a href=\"https:\/\/www.europarl.europa.eu\/news\/en\/headlines\/society\/20210311STO99736\/meps-want-a-safer-and-more-sustainable-tourism-after-covid\">Press Release &#8211; European Parliament<\/a><\/div>\n<div><a title=\"Open in a new page\" href=\"https:\/\/www.europarl.europa.eu\/doceo\/document\/A-9-2021-0033_EN.html\"><span class=\"ep_name\">Report<\/span><span class=\"ep_icon\">\u00a0<\/span><\/a><\/div>\n<\/div>\n<\/div>\n<\/div>\n","protected":false},"excerpt":{"rendered":"<p>Europe is the world\u2019s most popular tourist destination. When tourism returns following more than a year of disruption due to the pandemic, Parliament is calling for a plan to make it greener and more sustainable. Tourism and Covid-19 Tourism is one of the sectors affected the most by the Covid-19 pandemic. It employs about 27 [&hellip;]<\/p>\n","protected":false},"author":101011,"featured_media":17748,"comment_status":"open","ping_status":"open","sticky":false,"template":"","format":"standard","meta":{"_acf_changed":false,"_relevanssi_hide_post":"","_relevanssi_hide_content":"","_relevanssi_pin_for_all":"","_relevanssi_pin_keywords":"","_relevanssi_unpin_keywords":"","_relevanssi_related_keywords":"","_relevanssi_related_include_ids":"","_relevanssi_related_exclude_ids":"","_relevanssi_related_no_append":"","_relevanssi_related_not_related":"","_relevanssi_related_posts":"","_relevanssi_noindex_reason":"","_monsterinsights_skip_tracking":false,"_monsterinsights_sitenote_active":false,"_monsterinsights_sitenote_note":"","_monsterinsights_sitenote_category":0,"_genesis_hide_title":false,"_genesis_hide_breadcrumbs":false,"_genesis_hide_singular_image":false,"_genesis_hide_footer_widgets":false,"_genesis_custom_body_class":"","_genesis_custom_post_class":"","_genesis_layout":"","footnotes":""},"categories":[346,4064,4066],"tags":[1352,425],"class_list":{"0":"post-66861","1":"post","2":"type-post","3":"status-publish","4":"format-standard","5":"has-post-thumbnail","7":"category-eu-news","8":"category-institutional","9":"category-state-members","10":"tag-covid-19","11":"tag-tourism","12":"entry"},"acf":[],"yoast_head":"<!-- This site is optimized with the Yoast SEO plugin v27.4 - https:\/\/yoast.com\/product\/yoast-seo-wordpress\/ -->\n<title>Future of tourism: sustainable, responsible, smart | CDE Almer\u00eda - Centro de Documentaci\u00f3n Europea - Universidad de Almer\u00eda<\/title>\n<meta name=\"robots\" content=\"index, follow, max-snippet:-1, max-image-preview:large, max-video-preview:-1\" \/>\n<link rel=\"canonical\" href=\"https:\/\/www.cde.ual.es\/en\/future-of-tourism-sustainable-responsible-smart\/\" \/>\n<meta property=\"og:locale\" content=\"en_US\" \/>\n<meta property=\"og:type\" content=\"article\" \/>\n<meta property=\"og:title\" content=\"Future of tourism: sustainable, responsible, smart | CDE Almer\u00eda - Centro de Documentaci\u00f3n Europea - Universidad de Almer\u00eda\" \/>\n<meta property=\"og:description\" content=\"Europe is the world\u2019s most popular tourist destination. When tourism returns following more than a year of disruption due to the pandemic, Parliament is calling for a plan to make it greener and more sustainable. Tourism and Covid-19 Tourism is one of the sectors affected the most by the Covid-19 pandemic. It employs about 27 [&hellip;]\" \/>\n<meta property=\"og:url\" content=\"https:\/\/www.cde.ual.es\/en\/future-of-tourism-sustainable-responsible-smart\/\" \/>\n<meta property=\"og:site_name\" content=\"CDE Almer\u00eda - Centro de Documentaci\u00f3n Europea - Universidad de Almer\u00eda\" \/>\n<meta property=\"article:publisher\" content=\"https:\/\/www.facebook.com\/cdeuniversidadalmeria\/\" \/>\n<meta property=\"article:published_time\" content=\"2021-04-09T01:00:11+00:00\" \/>\n<meta property=\"article:modified_time\" content=\"2021-09-13T09:08:05+00:00\" \/>\n<meta property=\"og:image\" content=\"https:\/\/www.cde.ual.es\/wp-content\/uploads\/2019\/05\/aeroplane-aircraft-airplane-46148.jpg\" \/>\n\t<meta property=\"og:image:width\" content=\"3000\" \/>\n\t<meta property=\"og:image:height\" content=\"2250\" \/>\n\t<meta property=\"og:image:type\" content=\"image\/jpeg\" \/>\n<meta name=\"author\" content=\"BECA 2 CDE\" \/>\n<meta name=\"twitter:card\" content=\"summary_large_image\" \/>\n<meta name=\"twitter:creator\" content=\"@cdeualmeria\" \/>\n<meta name=\"twitter:site\" content=\"@cdeualmeria\" \/>\n<meta name=\"twitter:label1\" content=\"Written by\" \/>\n\t<meta name=\"twitter:data1\" content=\"BECA 2 CDE\" \/>\n\t<meta name=\"twitter:label2\" content=\"Est. reading time\" \/>\n\t<meta name=\"twitter:data2\" content=\"2 minutes\" \/>\n<script type=\"application\/ld+json\" class=\"yoast-schema-graph\">{\"@context\":\"https:\\\/\\\/schema.org\",\"@graph\":[{\"@type\":\"Article\",\"@id\":\"https:\\\/\\\/www.cde.ual.es\\\/en\\\/future-of-tourism-sustainable-responsible-smart\\\/#article\",\"isPartOf\":{\"@id\":\"https:\\\/\\\/www.cde.ual.es\\\/en\\\/future-of-tourism-sustainable-responsible-smart\\\/\"},\"author\":{\"name\":\"BECA 2 CDE\",\"@id\":\"https:\\\/\\\/www.cde.ual.es\\\/#\\\/schema\\\/person\\\/ee46ebc19edfa19598c02cff83335acc\"},\"headline\":\"Future of tourism: sustainable, responsible, smart\",\"datePublished\":\"2021-04-09T01:00:11+00:00\",\"dateModified\":\"2021-09-13T09:08:05+00:00\",\"mainEntityOfPage\":{\"@id\":\"https:\\\/\\\/www.cde.ual.es\\\/en\\\/future-of-tourism-sustainable-responsible-smart\\\/\"},\"wordCount\":419,\"commentCount\":0,\"publisher\":{\"@id\":\"https:\\\/\\\/www.cde.ual.es\\\/#organization\"},\"image\":{\"@id\":\"https:\\\/\\\/www.cde.ual.es\\\/en\\\/future-of-tourism-sustainable-responsible-smart\\\/#primaryimage\"},\"thumbnailUrl\":\"https:\\\/\\\/www.cde.ual.es\\\/wp-content\\\/uploads\\\/2019\\\/05\\\/aeroplane-aircraft-airplane-46148.jpg\",\"keywords\":[\"covid-19\",\"Tourism\"],\"articleSection\":[\"EU News\",\"Institutional Affairs\",\"State Members\"],\"inLanguage\":\"en-US\",\"potentialAction\":[{\"@type\":\"CommentAction\",\"name\":\"Comment\",\"target\":[\"https:\\\/\\\/www.cde.ual.es\\\/en\\\/future-of-tourism-sustainable-responsible-smart\\\/#respond\"]}]},{\"@type\":\"WebPage\",\"@id\":\"https:\\\/\\\/www.cde.ual.es\\\/en\\\/future-of-tourism-sustainable-responsible-smart\\\/\",\"url\":\"https:\\\/\\\/www.cde.ual.es\\\/en\\\/future-of-tourism-sustainable-responsible-smart\\\/\",\"name\":\"Future of tourism: sustainable, responsible, smart | CDE Almer\u00eda - Centro de Documentaci\u00f3n Europea - Universidad de Almer\u00eda\",\"isPartOf\":{\"@id\":\"https:\\\/\\\/www.cde.ual.es\\\/#website\"},\"primaryImageOfPage\":{\"@id\":\"https:\\\/\\\/www.cde.ual.es\\\/en\\\/future-of-tourism-sustainable-responsible-smart\\\/#primaryimage\"},\"image\":{\"@id\":\"https:\\\/\\\/www.cde.ual.es\\\/en\\\/future-of-tourism-sustainable-responsible-smart\\\/#primaryimage\"},\"thumbnailUrl\":\"https:\\\/\\\/www.cde.ual.es\\\/wp-content\\\/uploads\\\/2019\\\/05\\\/aeroplane-aircraft-airplane-46148.jpg\",\"datePublished\":\"2021-04-09T01:00:11+00:00\",\"dateModified\":\"2021-09-13T09:08:05+00:00\",\"breadcrumb\":{\"@id\":\"https:\\\/\\\/www.cde.ual.es\\\/en\\\/future-of-tourism-sustainable-responsible-smart\\\/#breadcrumb\"},\"inLanguage\":\"en-US\",\"potentialAction\":[{\"@type\":\"ReadAction\",\"target\":[\"https:\\\/\\\/www.cde.ual.es\\\/en\\\/future-of-tourism-sustainable-responsible-smart\\\/\"]}]},{\"@type\":\"ImageObject\",\"inLanguage\":\"en-US\",\"@id\":\"https:\\\/\\\/www.cde.ual.es\\\/en\\\/future-of-tourism-sustainable-responsible-smart\\\/#primaryimage\",\"url\":\"https:\\\/\\\/www.cde.ual.es\\\/wp-content\\\/uploads\\\/2019\\\/05\\\/aeroplane-aircraft-airplane-46148.jpg\",\"contentUrl\":\"https:\\\/\\\/www.cde.ual.es\\\/wp-content\\\/uploads\\\/2019\\\/05\\\/aeroplane-aircraft-airplane-46148.jpg\",\"width\":3000,\"height\":2250},{\"@type\":\"BreadcrumbList\",\"@id\":\"https:\\\/\\\/www.cde.ual.es\\\/en\\\/future-of-tourism-sustainable-responsible-smart\\\/#breadcrumb\",\"itemListElement\":[{\"@type\":\"ListItem\",\"position\":1,\"name\":\"Inicio\",\"item\":\"https:\\\/\\\/www.cde.ual.es\\\/en\\\/\"},{\"@type\":\"ListItem\",\"position\":2,\"name\":\"EU News\",\"item\":\"https:\\\/\\\/www.cde.ual.es\\\/en\\\/category\\\/eu-news\\\/\"},{\"@type\":\"ListItem\",\"position\":3,\"name\":\"Institutional Affairs\",\"item\":\"https:\\\/\\\/www.cde.ual.es\\\/en\\\/category\\\/eu-news\\\/institutional\\\/\"},{\"@type\":\"ListItem\",\"position\":4,\"name\":\"State Members\",\"item\":\"https:\\\/\\\/www.cde.ual.es\\\/en\\\/category\\\/eu-news\\\/institutional\\\/state-members\\\/\"},{\"@type\":\"ListItem\",\"position\":5,\"name\":\"Future of tourism: sustainable, responsible, smart\"}]},{\"@type\":\"WebSite\",\"@id\":\"https:\\\/\\\/www.cde.ual.es\\\/#website\",\"url\":\"https:\\\/\\\/www.cde.ual.es\\\/\",\"name\":\"CDE Almer\u00eda - Centro de Documentaci\u00f3n Europea - Universidad de Almer\u00eda\",\"description\":\"Centro de Documentaci\u00f3n Europea de la Universidad de Almer\u00eda\",\"publisher\":{\"@id\":\"https:\\\/\\\/www.cde.ual.es\\\/#organization\"},\"alternateName\":\"CDE Almer\u00eda\",\"potentialAction\":[{\"@type\":\"SearchAction\",\"target\":{\"@type\":\"EntryPoint\",\"urlTemplate\":\"https:\\\/\\\/www.cde.ual.es\\\/?s={search_term_string}\"},\"query-input\":{\"@type\":\"PropertyValueSpecification\",\"valueRequired\":true,\"valueName\":\"search_term_string\"}}],\"inLanguage\":\"en-US\"},{\"@type\":\"Organization\",\"@id\":\"https:\\\/\\\/www.cde.ual.es\\\/#organization\",\"name\":\"Centro de Documentaci\u00f3n Europea de Almer\u00eda\",\"url\":\"https:\\\/\\\/www.cde.ual.es\\\/\",\"logo\":{\"@type\":\"ImageObject\",\"inLanguage\":\"en-US\",\"@id\":\"https:\\\/\\\/www.cde.ual.es\\\/#\\\/schema\\\/logo\\\/image\\\/\",\"url\":\"https:\\\/\\\/www.cde.ual.es\\\/wp-content\\\/uploads\\\/2025\\\/07\\\/cde-logo-3.png\",\"contentUrl\":\"https:\\\/\\\/www.cde.ual.es\\\/wp-content\\\/uploads\\\/2025\\\/07\\\/cde-logo-3.png\",\"width\":1400,\"height\":300,\"caption\":\"Centro de Documentaci\u00f3n Europea de Almer\u00eda\"},\"image\":{\"@id\":\"https:\\\/\\\/www.cde.ual.es\\\/#\\\/schema\\\/logo\\\/image\\\/\"},\"sameAs\":[\"https:\\\/\\\/www.facebook.com\\\/cdeuniversidadalmeria\\\/\",\"https:\\\/\\\/x.com\\\/cdeualmeria\",\"https:\\\/\\\/www.tiktok.com\\\/@cdealmeria\",\"https:\\\/\\\/www.instagram.com\\\/cdealmeria\\\/\",\"https:\\\/\\\/www.linkedin.com\\\/in\\\/cde-almera-812b26a9\\\/\"]},{\"@type\":\"Person\",\"@id\":\"https:\\\/\\\/www.cde.ual.es\\\/#\\\/schema\\\/person\\\/ee46ebc19edfa19598c02cff83335acc\",\"name\":\"BECA 2 CDE\",\"image\":{\"@type\":\"ImageObject\",\"inLanguage\":\"en-US\",\"@id\":\"https:\\\/\\\/secure.gravatar.com\\\/avatar\\\/35a481bbc04bbd90e91bdfa3b0b5541036c222a49b9ad37b6889a2afcb5311a5?s=96&d=mm&r=g\",\"url\":\"https:\\\/\\\/secure.gravatar.com\\\/avatar\\\/35a481bbc04bbd90e91bdfa3b0b5541036c222a49b9ad37b6889a2afcb5311a5?s=96&d=mm&r=g\",\"contentUrl\":\"https:\\\/\\\/secure.gravatar.com\\\/avatar\\\/35a481bbc04bbd90e91bdfa3b0b5541036c222a49b9ad37b6889a2afcb5311a5?s=96&d=mm&r=g\",\"caption\":\"BECA 2 CDE\"},\"sameAs\":[\"http:\\\/\\\/www.cdealmeria.com\"]}]}<\/script>\n<!-- \/ Yoast SEO plugin. -->","yoast_head_json":{"title":"Future of tourism: sustainable, responsible, smart | CDE Almer\u00eda - Centro de Documentaci\u00f3n Europea - Universidad de Almer\u00eda","robots":{"index":"index","follow":"follow","max-snippet":"max-snippet:-1","max-image-preview":"max-image-preview:large","max-video-preview":"max-video-preview:-1"},"canonical":"https:\/\/www.cde.ual.es\/en\/future-of-tourism-sustainable-responsible-smart\/","og_locale":"en_US","og_type":"article","og_title":"Future of tourism: sustainable, responsible, smart | CDE Almer\u00eda - Centro de Documentaci\u00f3n Europea - Universidad de Almer\u00eda","og_description":"Europe is the world\u2019s most popular tourist destination. When tourism returns following more than a year of disruption due to the pandemic, Parliament is calling for a plan to make it greener and more sustainable. Tourism and Covid-19 Tourism is one of the sectors affected the most by the Covid-19 pandemic. It employs about 27 [&hellip;]","og_url":"https:\/\/www.cde.ual.es\/en\/future-of-tourism-sustainable-responsible-smart\/","og_site_name":"CDE Almer\u00eda - Centro de Documentaci\u00f3n Europea - Universidad de Almer\u00eda","article_publisher":"https:\/\/www.facebook.com\/cdeuniversidadalmeria\/","article_published_time":"2021-04-09T01:00:11+00:00","article_modified_time":"2021-09-13T09:08:05+00:00","og_image":[{"width":3000,"height":2250,"url":"https:\/\/www.cde.ual.es\/wp-content\/uploads\/2019\/05\/aeroplane-aircraft-airplane-46148.jpg","type":"image\/jpeg"}],"author":"BECA 2 CDE","twitter_card":"summary_large_image","twitter_creator":"@cdeualmeria","twitter_site":"@cdeualmeria","twitter_misc":{"Written by":"BECA 2 CDE","Est. reading time":"2 minutes"},"schema":{"@context":"https:\/\/schema.org","@graph":[{"@type":"Article","@id":"https:\/\/www.cde.ual.es\/en\/future-of-tourism-sustainable-responsible-smart\/#article","isPartOf":{"@id":"https:\/\/www.cde.ual.es\/en\/future-of-tourism-sustainable-responsible-smart\/"},"author":{"name":"BECA 2 CDE","@id":"https:\/\/www.cde.ual.es\/#\/schema\/person\/ee46ebc19edfa19598c02cff83335acc"},"headline":"Future of tourism: sustainable, responsible, smart","datePublished":"2021-04-09T01:00:11+00:00","dateModified":"2021-09-13T09:08:05+00:00","mainEntityOfPage":{"@id":"https:\/\/www.cde.ual.es\/en\/future-of-tourism-sustainable-responsible-smart\/"},"wordCount":419,"commentCount":0,"publisher":{"@id":"https:\/\/www.cde.ual.es\/#organization"},"image":{"@id":"https:\/\/www.cde.ual.es\/en\/future-of-tourism-sustainable-responsible-smart\/#primaryimage"},"thumbnailUrl":"https:\/\/www.cde.ual.es\/wp-content\/uploads\/2019\/05\/aeroplane-aircraft-airplane-46148.jpg","keywords":["covid-19","Tourism"],"articleSection":["EU News","Institutional Affairs","State Members"],"inLanguage":"en-US","potentialAction":[{"@type":"CommentAction","name":"Comment","target":["https:\/\/www.cde.ual.es\/en\/future-of-tourism-sustainable-responsible-smart\/#respond"]}]},{"@type":"WebPage","@id":"https:\/\/www.cde.ual.es\/en\/future-of-tourism-sustainable-responsible-smart\/","url":"https:\/\/www.cde.ual.es\/en\/future-of-tourism-sustainable-responsible-smart\/","name":"Future of tourism: sustainable, responsible, smart | CDE Almer\u00eda - Centro de Documentaci\u00f3n Europea - Universidad de Almer\u00eda","isPartOf":{"@id":"https:\/\/www.cde.ual.es\/#website"},"primaryImageOfPage":{"@id":"https:\/\/www.cde.ual.es\/en\/future-of-tourism-sustainable-responsible-smart\/#primaryimage"},"image":{"@id":"https:\/\/www.cde.ual.es\/en\/future-of-tourism-sustainable-responsible-smart\/#primaryimage"},"thumbnailUrl":"https:\/\/www.cde.ual.es\/wp-content\/uploads\/2019\/05\/aeroplane-aircraft-airplane-46148.jpg","datePublished":"2021-04-09T01:00:11+00:00","dateModified":"2021-09-13T09:08:05+00:00","breadcrumb":{"@id":"https:\/\/www.cde.ual.es\/en\/future-of-tourism-sustainable-responsible-smart\/#breadcrumb"},"inLanguage":"en-US","potentialAction":[{"@type":"ReadAction","target":["https:\/\/www.cde.ual.es\/en\/future-of-tourism-sustainable-responsible-smart\/"]}]},{"@type":"ImageObject","inLanguage":"en-US","@id":"https:\/\/www.cde.ual.es\/en\/future-of-tourism-sustainable-responsible-smart\/#primaryimage","url":"https:\/\/www.cde.ual.es\/wp-content\/uploads\/2019\/05\/aeroplane-aircraft-airplane-46148.jpg","contentUrl":"https:\/\/www.cde.ual.es\/wp-content\/uploads\/2019\/05\/aeroplane-aircraft-airplane-46148.jpg","width":3000,"height":2250},{"@type":"BreadcrumbList","@id":"https:\/\/www.cde.ual.es\/en\/future-of-tourism-sustainable-responsible-smart\/#breadcrumb","itemListElement":[{"@type":"ListItem","position":1,"name":"Inicio","item":"https:\/\/www.cde.ual.es\/en\/"},{"@type":"ListItem","position":2,"name":"EU News","item":"https:\/\/www.cde.ual.es\/en\/category\/eu-news\/"},{"@type":"ListItem","position":3,"name":"Institutional Affairs","item":"https:\/\/www.cde.ual.es\/en\/category\/eu-news\/institutional\/"},{"@type":"ListItem","position":4,"name":"State Members","item":"https:\/\/www.cde.ual.es\/en\/category\/eu-news\/institutional\/state-members\/"},{"@type":"ListItem","position":5,"name":"Future of tourism: sustainable, responsible, smart"}]},{"@type":"WebSite","@id":"https:\/\/www.cde.ual.es\/#website","url":"https:\/\/www.cde.ual.es\/","name":"CDE Almer\u00eda - Centro de Documentaci\u00f3n Europea - Universidad de Almer\u00eda","description":"Centro de Documentaci\u00f3n Europea de la Universidad de Almer\u00eda","publisher":{"@id":"https:\/\/www.cde.ual.es\/#organization"},"alternateName":"CDE Almer\u00eda","potentialAction":[{"@type":"SearchAction","target":{"@type":"EntryPoint","urlTemplate":"https:\/\/www.cde.ual.es\/?s={search_term_string}"},"query-input":{"@type":"PropertyValueSpecification","valueRequired":true,"valueName":"search_term_string"}}],"inLanguage":"en-US"},{"@type":"Organization","@id":"https:\/\/www.cde.ual.es\/#organization","name":"Centro de Documentaci\u00f3n Europea de Almer\u00eda","url":"https:\/\/www.cde.ual.es\/","logo":{"@type":"ImageObject","inLanguage":"en-US","@id":"https:\/\/www.cde.ual.es\/#\/schema\/logo\/image\/","url":"https:\/\/www.cde.ual.es\/wp-content\/uploads\/2025\/07\/cde-logo-3.png","contentUrl":"https:\/\/www.cde.ual.es\/wp-content\/uploads\/2025\/07\/cde-logo-3.png","width":1400,"height":300,"caption":"Centro de Documentaci\u00f3n Europea de Almer\u00eda"},"image":{"@id":"https:\/\/www.cde.ual.es\/#\/schema\/logo\/image\/"},"sameAs":["https:\/\/www.facebook.com\/cdeuniversidadalmeria\/","https:\/\/x.com\/cdeualmeria","https:\/\/www.tiktok.com\/@cdealmeria","https:\/\/www.instagram.com\/cdealmeria\/","https:\/\/www.linkedin.com\/in\/cde-almera-812b26a9\/"]},{"@type":"Person","@id":"https:\/\/www.cde.ual.es\/#\/schema\/person\/ee46ebc19edfa19598c02cff83335acc","name":"BECA 2 CDE","image":{"@type":"ImageObject","inLanguage":"en-US","@id":"https:\/\/secure.gravatar.com\/avatar\/35a481bbc04bbd90e91bdfa3b0b5541036c222a49b9ad37b6889a2afcb5311a5?s=96&d=mm&r=g","url":"https:\/\/secure.gravatar.com\/avatar\/35a481bbc04bbd90e91bdfa3b0b5541036c222a49b9ad37b6889a2afcb5311a5?s=96&d=mm&r=g","contentUrl":"https:\/\/secure.gravatar.com\/avatar\/35a481bbc04bbd90e91bdfa3b0b5541036c222a49b9ad37b6889a2afcb5311a5?s=96&d=mm&r=g","caption":"BECA 2 CDE"},"sameAs":["http:\/\/www.cdealmeria.com"]}]}},"_links":{"self":[{"href":"https:\/\/www.cde.ual.es\/en\/wp-json\/wp\/v2\/posts\/66861","targetHints":{"allow":["GET"]}}],"collection":[{"href":"https:\/\/www.cde.ual.es\/en\/wp-json\/wp\/v2\/posts"}],"about":[{"href":"https:\/\/www.cde.ual.es\/en\/wp-json\/wp\/v2\/types\/post"}],"author":[{"embeddable":true,"href":"https:\/\/www.cde.ual.es\/en\/wp-json\/wp\/v2\/users\/101011"}],"replies":[{"embeddable":true,"href":"https:\/\/www.cde.ual.es\/en\/wp-json\/wp\/v2\/comments?post=66861"}],"version-history":[{"count":0,"href":"https:\/\/www.cde.ual.es\/en\/wp-json\/wp\/v2\/posts\/66861\/revisions"}],"wp:featuredmedia":[{"embeddable":true,"href":"https:\/\/www.cde.ual.es\/en\/wp-json\/wp\/v2\/media\/17748"}],"wp:attachment":[{"href":"https:\/\/www.cde.ual.es\/en\/wp-json\/wp\/v2\/media?parent=66861"}],"wp:term":[{"taxonomy":"category","embeddable":true,"href":"https:\/\/www.cde.ual.es\/en\/wp-json\/wp\/v2\/categories?post=66861"},{"taxonomy":"post_tag","embeddable":true,"href":"https:\/\/www.cde.ual.es\/en\/wp-json\/wp\/v2\/tags?post=66861"}],"curies":[{"name":"wp","href":"https:\/\/api.w.org\/{rel}","templated":true}]}}