{"id":66784,"date":"2021-04-26T03:00:48","date_gmt":"2021-04-26T01:00:48","guid":{"rendered":"https:\/\/www.cde.ual.es\/?p=66784"},"modified":"2021-09-13T09:51:20","modified_gmt":"2021-09-13T07:51:20","slug":"horizon-cohorts-united-against-covid-19-variants-of-concern","status":"publish","type":"post","link":"https:\/\/www.cde.ual.es\/en\/horizon-cohorts-united-against-covid-19-variants-of-concern\/","title":{"rendered":"Horizon: Cohorts united against COVID-19 variants of concern"},"content":{"rendered":"<h3><a href=\"https:\/\/www.cde.ual.es\/wp-content\/uploads\/2021\/04\/covid19-scaled.jpg\"><img decoding=\"async\" class=\"aligncenter wp-image-66788\" src=\"https:\/\/www.cde.ual.es\/wp-content\/uploads\/2021\/04\/covid19-1024x576.jpg\" alt=\"\" width=\"539\" height=\"303\" srcset=\"https:\/\/www.cde.ual.es\/wp-content\/uploads\/2021\/04\/covid19-1024x576.jpg 1024w, https:\/\/www.cde.ual.es\/wp-content\/uploads\/2021\/04\/covid19-300x169.jpg 300w, https:\/\/www.cde.ual.es\/wp-content\/uploads\/2021\/04\/covid19-768x432.jpg 768w, https:\/\/www.cde.ual.es\/wp-content\/uploads\/2021\/04\/covid19-1280x720.jpg 1280w, https:\/\/www.cde.ual.es\/wp-content\/uploads\/2021\/04\/covid19-1536x864.jpg 1536w, https:\/\/www.cde.ual.es\/wp-content\/uploads\/2021\/04\/covid19-2048x1152.jpg 2048w\" sizes=\"(max-width: 539px) 100vw, 539px\" \/><\/a><\/h3>\n<h3><span class=\"topicdescriptionkind\">Expected Outcome<\/span><\/h3>\n<p>This topic aims at supporting activities that are enabling or contributing to the development of large scale, COVID-19 cohorts and networks worldwide, including beyond Europe\u2019s borders, forging links with European initiatives as a global response to the pandemic. To that end, proposals under this topic should aim at delivering results that are directed, tailored towards and contributing to all of the following expected outcomes:<\/p>\n<ul>\n<li>In the short-term, contribution to a better understanding of the global circulation of the current and emerging SARS-CoV-2 variants of concern and their characteristics, delivering recommendations on the best strategies to control viral spread, as well as on optimized clinical management and treatment of COVID-19 patients.<\/li>\n<li>In the short-term, contribution to the evaluation of the impact of the variants of concern on the different vaccines and vaccination strategies and information on best vaccine and treatment options.<\/li>\n<li>In the short\/medium\/long-term, monitoring the emergence of new variants of concern, elucidating the impact of different variants on transmissibility and severity of COVID-19 disease, including long-term post-infection sequelae (long COVID).<\/li>\n<li>In the long term, establishment of regional and internationally linked strategic cohorts that can be pivoted rapidly to research on emerging infectious diseases.<\/li>\n<li>In the long-term, contribution to regional and international pandemic preparedness networks to rapidly address pandemics in the future on a global scale.<\/li>\n<\/ul>\n<h3><span class=\"topicdescriptionkind\">Scope<\/span><\/h3>\n<p>Proposals submitted under this expression of interest are expected to build on existing large-scale, multi-centre, regional or international cohorts worldwide and\/or establish new ones linked to those. These cohorts should aim to rapidly advance the knowledge on SARS-CoV-2 and its emerging variants of concern, with the aim of developing evidence-based strategic and robust recommendations for the effective control and prevention of COVID-19 infection. The regional or international cohort(s) should allow to rapidly and consistently provide estimations on the occurrence and spread of emerging variants of concern in different parts of the world. They should contribute to a better understanding of their transmissibility, virulence and pathogenicity.<\/p>\n<p>Risk and protective factors to infection, and clinical manifestation including long-term post-infection sequelae (long COVID) should be investigated for different variants and different (risk) groups (e.g. children, elderly) to potentially identify biomarkers for vulnerable populations and inform treatment options.<\/p>\n<p>The cohort(s) should also contribute to elucidating the effectiveness of the various first-generation vaccines and the risk of reinfection in previously infected individuals in the different cohort populations, including risk groups, to inform on optimal vaccine strategies. The effectiveness of second-generation or adjusted vaccines should be considered as soon as they become available.<\/p>\n<p>Clinical studies, carried out within the cohort(s), might also help to inform best treatment options and vaccine strategies.<\/p>\n<h3>Deadline<\/h3>\n<p><strong class=\"subLabelTxt ux-u-font-size-h5\">06 May 2021<\/strong><\/p>\n<h3>More information<\/h3>\n<p><a href=\"https:\/\/ec.europa.eu\/info\/funding-tenders\/opportunities\/portal\/screen\/opportunities\/topic-details\/horizon-hlth-2021-corona-01-02;callCode=null;freeTextSearchKeyword=;matchWholeText=true;typeCodes=0,1,2;statusCodes=31094501,31094502,31094503;programmePeriod=null;programCcm2Id=43108390;programDivisionCode=null;focusAreaCode=null;destination=null;mission=null;geographicalZonesCode=null;programmeDivisionProspect=null;startDateLte=null;startDateGte=null;crossCuttingPriorityCode=null;cpvCode=null;performanceOfDelivery=null;sortQuery=sortStatus;orderBy=asc;onlyTenders=false;topicListKey=topicSearchTablePageState\">Funding and Tenders &#8211; Call<\/a><\/p>\n","protected":false},"excerpt":{"rendered":"<p>Expected Outcome This topic aims at supporting activities that are enabling or contributing to the development of large scale, COVID-19 cohorts and networks worldwide, including beyond Europe\u2019s borders, forging links with European initiatives as a global response to the pandemic. To that end, proposals under this topic should aim at delivering results that are directed, [&hellip;]<\/p>\n","protected":false},"author":101011,"featured_media":66788,"comment_status":"open","ping_status":"open","sticky":false,"template":"","format":"standard","meta":{"_acf_changed":false,"_relevanssi_hide_post":"","_relevanssi_hide_content":"","_relevanssi_pin_for_all":"","_relevanssi_pin_keywords":"","_relevanssi_unpin_keywords":"","_relevanssi_related_keywords":"","_relevanssi_related_include_ids":"","_relevanssi_related_exclude_ids":"","_relevanssi_related_no_append":"","_relevanssi_related_not_related":"","_relevanssi_related_posts":"","_relevanssi_noindex_reason":"","_monsterinsights_skip_tracking":false,"_monsterinsights_sitenote_active":false,"_monsterinsights_sitenote_note":"","_monsterinsights_sitenote_category":0,"_genesis_hide_title":false,"_genesis_hide_breadcrumbs":false,"_genesis_hide_singular_image":false,"_genesis_hide_footer_widgets":false,"_genesis_custom_body_class":"","_genesis_custom_post_class":"","_genesis_layout":"","footnotes":""},"categories":[366,4054,4058],"tags":[409,1352,2537],"class_list":{"0":"post-66784","1":"post","2":"type-post","3":"status-publish","4":"format-standard","5":"has-post-thumbnail","7":"category-eu-calls-and-awards","8":"category-horizon-europe","9":"category-widera-en","10":"tag-call","11":"tag-covid-19","12":"tag-horizon","13":"entry"},"acf":[],"yoast_head":"<!-- This site is optimized with the Yoast SEO plugin v27.4 - https:\/\/yoast.com\/product\/yoast-seo-wordpress\/ -->\n<title>Horizon: Cohorts united against COVID-19 variants of concern | CDE Almer\u00eda - Centro de Documentaci\u00f3n Europea - Universidad de Almer\u00eda<\/title>\n<meta name=\"robots\" content=\"index, follow, max-snippet:-1, max-image-preview:large, max-video-preview:-1\" \/>\n<link rel=\"canonical\" href=\"https:\/\/www.cde.ual.es\/en\/horizon-cohorts-united-against-covid-19-variants-of-concern\/\" \/>\n<meta property=\"og:locale\" content=\"en_US\" \/>\n<meta property=\"og:type\" content=\"article\" \/>\n<meta property=\"og:title\" content=\"Horizon: Cohorts united against COVID-19 variants of concern | CDE Almer\u00eda - Centro de Documentaci\u00f3n Europea - Universidad de Almer\u00eda\" \/>\n<meta property=\"og:description\" content=\"Expected Outcome This topic aims at supporting activities that are enabling or contributing to the development of large scale, COVID-19 cohorts and networks worldwide, including beyond Europe\u2019s borders, forging links with European initiatives as a global response to the pandemic. To that end, proposals under this topic should aim at delivering results that are directed, [&hellip;]\" \/>\n<meta property=\"og:url\" content=\"https:\/\/www.cde.ual.es\/en\/horizon-cohorts-united-against-covid-19-variants-of-concern\/\" \/>\n<meta property=\"og:site_name\" content=\"CDE Almer\u00eda - Centro de Documentaci\u00f3n Europea - Universidad de Almer\u00eda\" \/>\n<meta property=\"article:publisher\" content=\"https:\/\/www.facebook.com\/cdeuniversidadalmeria\/\" \/>\n<meta property=\"article:published_time\" content=\"2021-04-26T01:00:48+00:00\" \/>\n<meta property=\"article:modified_time\" content=\"2021-09-13T07:51:20+00:00\" \/>\n<meta property=\"og:image\" content=\"https:\/\/www.cde.ual.es\/wp-content\/uploads\/2021\/04\/covid19-scaled.jpg\" \/>\n\t<meta property=\"og:image:width\" content=\"2560\" \/>\n\t<meta property=\"og:image:height\" content=\"1440\" \/>\n\t<meta property=\"og:image:type\" content=\"image\/jpeg\" \/>\n<meta name=\"author\" content=\"BECA 2 CDE\" \/>\n<meta name=\"twitter:card\" content=\"summary_large_image\" \/>\n<meta name=\"twitter:creator\" content=\"@cdeualmeria\" \/>\n<meta name=\"twitter:site\" content=\"@cdeualmeria\" \/>\n<meta name=\"twitter:label1\" content=\"Written by\" \/>\n\t<meta name=\"twitter:data1\" content=\"BECA 2 CDE\" \/>\n\t<meta name=\"twitter:label2\" content=\"Est. reading time\" \/>\n\t<meta name=\"twitter:data2\" content=\"2 minutes\" \/>\n<script type=\"application\/ld+json\" class=\"yoast-schema-graph\">{\"@context\":\"https:\\\/\\\/schema.org\",\"@graph\":[{\"@type\":\"Article\",\"@id\":\"https:\\\/\\\/www.cde.ual.es\\\/en\\\/horizon-cohorts-united-against-covid-19-variants-of-concern\\\/#article\",\"isPartOf\":{\"@id\":\"https:\\\/\\\/www.cde.ual.es\\\/en\\\/horizon-cohorts-united-against-covid-19-variants-of-concern\\\/\"},\"author\":{\"name\":\"BECA 2 CDE\",\"@id\":\"https:\\\/\\\/www.cde.ual.es\\\/#\\\/schema\\\/person\\\/ee46ebc19edfa19598c02cff83335acc\"},\"headline\":\"Horizon: Cohorts united against COVID-19 variants of concern\",\"datePublished\":\"2021-04-26T01:00:48+00:00\",\"dateModified\":\"2021-09-13T07:51:20+00:00\",\"mainEntityOfPage\":{\"@id\":\"https:\\\/\\\/www.cde.ual.es\\\/en\\\/horizon-cohorts-united-against-covid-19-variants-of-concern\\\/\"},\"wordCount\":458,\"commentCount\":0,\"publisher\":{\"@id\":\"https:\\\/\\\/www.cde.ual.es\\\/#organization\"},\"image\":{\"@id\":\"https:\\\/\\\/www.cde.ual.es\\\/en\\\/horizon-cohorts-united-against-covid-19-variants-of-concern\\\/#primaryimage\"},\"thumbnailUrl\":\"https:\\\/\\\/www.cde.ual.es\\\/wp-content\\\/uploads\\\/2021\\\/04\\\/covid19-scaled.jpg\",\"keywords\":[\"call\",\"covid-19\",\"horizon\"],\"articleSection\":[\"EU Calls and Awards\",\"Horizon Europe\",\"Widening Participation and Strengthening the EU Research Area\"],\"inLanguage\":\"en-US\",\"potentialAction\":[{\"@type\":\"CommentAction\",\"name\":\"Comment\",\"target\":[\"https:\\\/\\\/www.cde.ual.es\\\/en\\\/horizon-cohorts-united-against-covid-19-variants-of-concern\\\/#respond\"]}]},{\"@type\":\"WebPage\",\"@id\":\"https:\\\/\\\/www.cde.ual.es\\\/en\\\/horizon-cohorts-united-against-covid-19-variants-of-concern\\\/\",\"url\":\"https:\\\/\\\/www.cde.ual.es\\\/en\\\/horizon-cohorts-united-against-covid-19-variants-of-concern\\\/\",\"name\":\"Horizon: Cohorts united against COVID-19 variants of concern | CDE Almer\u00eda - Centro de Documentaci\u00f3n Europea - Universidad de Almer\u00eda\",\"isPartOf\":{\"@id\":\"https:\\\/\\\/www.cde.ual.es\\\/#website\"},\"primaryImageOfPage\":{\"@id\":\"https:\\\/\\\/www.cde.ual.es\\\/en\\\/horizon-cohorts-united-against-covid-19-variants-of-concern\\\/#primaryimage\"},\"image\":{\"@id\":\"https:\\\/\\\/www.cde.ual.es\\\/en\\\/horizon-cohorts-united-against-covid-19-variants-of-concern\\\/#primaryimage\"},\"thumbnailUrl\":\"https:\\\/\\\/www.cde.ual.es\\\/wp-content\\\/uploads\\\/2021\\\/04\\\/covid19-scaled.jpg\",\"datePublished\":\"2021-04-26T01:00:48+00:00\",\"dateModified\":\"2021-09-13T07:51:20+00:00\",\"breadcrumb\":{\"@id\":\"https:\\\/\\\/www.cde.ual.es\\\/en\\\/horizon-cohorts-united-against-covid-19-variants-of-concern\\\/#breadcrumb\"},\"inLanguage\":\"en-US\",\"potentialAction\":[{\"@type\":\"ReadAction\",\"target\":[\"https:\\\/\\\/www.cde.ual.es\\\/en\\\/horizon-cohorts-united-against-covid-19-variants-of-concern\\\/\"]}]},{\"@type\":\"ImageObject\",\"inLanguage\":\"en-US\",\"@id\":\"https:\\\/\\\/www.cde.ual.es\\\/en\\\/horizon-cohorts-united-against-covid-19-variants-of-concern\\\/#primaryimage\",\"url\":\"https:\\\/\\\/www.cde.ual.es\\\/wp-content\\\/uploads\\\/2021\\\/04\\\/covid19-scaled.jpg\",\"contentUrl\":\"https:\\\/\\\/www.cde.ual.es\\\/wp-content\\\/uploads\\\/2021\\\/04\\\/covid19-scaled.jpg\",\"width\":2560,\"height\":1440},{\"@type\":\"BreadcrumbList\",\"@id\":\"https:\\\/\\\/www.cde.ual.es\\\/en\\\/horizon-cohorts-united-against-covid-19-variants-of-concern\\\/#breadcrumb\",\"itemListElement\":[{\"@type\":\"ListItem\",\"position\":1,\"name\":\"Inicio\",\"item\":\"https:\\\/\\\/www.cde.ual.es\\\/en\\\/\"},{\"@type\":\"ListItem\",\"position\":2,\"name\":\"EU Calls and Awards\",\"item\":\"https:\\\/\\\/www.cde.ual.es\\\/en\\\/category\\\/eu-calls-and-awards\\\/\"},{\"@type\":\"ListItem\",\"position\":3,\"name\":\"Horizon Europe\",\"item\":\"https:\\\/\\\/www.cde.ual.es\\\/en\\\/category\\\/eu-calls-and-awards\\\/horizon-europe\\\/\"},{\"@type\":\"ListItem\",\"position\":4,\"name\":\"Widening Participation and Strengthening the EU Research Area\",\"item\":\"https:\\\/\\\/www.cde.ual.es\\\/en\\\/category\\\/eu-calls-and-awards\\\/horizon-europe\\\/widera-en\\\/\"},{\"@type\":\"ListItem\",\"position\":5,\"name\":\"Horizon: Cohorts united against COVID-19 variants of concern\"}]},{\"@type\":\"WebSite\",\"@id\":\"https:\\\/\\\/www.cde.ual.es\\\/#website\",\"url\":\"https:\\\/\\\/www.cde.ual.es\\\/\",\"name\":\"CDE Almer\u00eda - Centro de Documentaci\u00f3n Europea - Universidad de Almer\u00eda\",\"description\":\"Centro de Documentaci\u00f3n Europea de la Universidad de Almer\u00eda\",\"publisher\":{\"@id\":\"https:\\\/\\\/www.cde.ual.es\\\/#organization\"},\"alternateName\":\"CDE Almer\u00eda\",\"potentialAction\":[{\"@type\":\"SearchAction\",\"target\":{\"@type\":\"EntryPoint\",\"urlTemplate\":\"https:\\\/\\\/www.cde.ual.es\\\/?s={search_term_string}\"},\"query-input\":{\"@type\":\"PropertyValueSpecification\",\"valueRequired\":true,\"valueName\":\"search_term_string\"}}],\"inLanguage\":\"en-US\"},{\"@type\":\"Organization\",\"@id\":\"https:\\\/\\\/www.cde.ual.es\\\/#organization\",\"name\":\"Centro de Documentaci\u00f3n Europea de Almer\u00eda\",\"url\":\"https:\\\/\\\/www.cde.ual.es\\\/\",\"logo\":{\"@type\":\"ImageObject\",\"inLanguage\":\"en-US\",\"@id\":\"https:\\\/\\\/www.cde.ual.es\\\/#\\\/schema\\\/logo\\\/image\\\/\",\"url\":\"https:\\\/\\\/www.cde.ual.es\\\/wp-content\\\/uploads\\\/2025\\\/07\\\/cde-logo-3.png\",\"contentUrl\":\"https:\\\/\\\/www.cde.ual.es\\\/wp-content\\\/uploads\\\/2025\\\/07\\\/cde-logo-3.png\",\"width\":1400,\"height\":300,\"caption\":\"Centro de Documentaci\u00f3n Europea de Almer\u00eda\"},\"image\":{\"@id\":\"https:\\\/\\\/www.cde.ual.es\\\/#\\\/schema\\\/logo\\\/image\\\/\"},\"sameAs\":[\"https:\\\/\\\/www.facebook.com\\\/cdeuniversidadalmeria\\\/\",\"https:\\\/\\\/x.com\\\/cdeualmeria\",\"https:\\\/\\\/www.tiktok.com\\\/@cdealmeria\",\"https:\\\/\\\/www.instagram.com\\\/cdealmeria\\\/\",\"https:\\\/\\\/www.linkedin.com\\\/in\\\/cde-almera-812b26a9\\\/\"]},{\"@type\":\"Person\",\"@id\":\"https:\\\/\\\/www.cde.ual.es\\\/#\\\/schema\\\/person\\\/ee46ebc19edfa19598c02cff83335acc\",\"name\":\"BECA 2 CDE\",\"image\":{\"@type\":\"ImageObject\",\"inLanguage\":\"en-US\",\"@id\":\"https:\\\/\\\/secure.gravatar.com\\\/avatar\\\/35a481bbc04bbd90e91bdfa3b0b5541036c222a49b9ad37b6889a2afcb5311a5?s=96&d=mm&r=g\",\"url\":\"https:\\\/\\\/secure.gravatar.com\\\/avatar\\\/35a481bbc04bbd90e91bdfa3b0b5541036c222a49b9ad37b6889a2afcb5311a5?s=96&d=mm&r=g\",\"contentUrl\":\"https:\\\/\\\/secure.gravatar.com\\\/avatar\\\/35a481bbc04bbd90e91bdfa3b0b5541036c222a49b9ad37b6889a2afcb5311a5?s=96&d=mm&r=g\",\"caption\":\"BECA 2 CDE\"},\"sameAs\":[\"http:\\\/\\\/www.cdealmeria.com\"]}]}<\/script>\n<!-- \/ Yoast SEO plugin. -->","yoast_head_json":{"title":"Horizon: Cohorts united against COVID-19 variants of concern | CDE Almer\u00eda - Centro de Documentaci\u00f3n Europea - Universidad de Almer\u00eda","robots":{"index":"index","follow":"follow","max-snippet":"max-snippet:-1","max-image-preview":"max-image-preview:large","max-video-preview":"max-video-preview:-1"},"canonical":"https:\/\/www.cde.ual.es\/en\/horizon-cohorts-united-against-covid-19-variants-of-concern\/","og_locale":"en_US","og_type":"article","og_title":"Horizon: Cohorts united against COVID-19 variants of concern | CDE Almer\u00eda - Centro de Documentaci\u00f3n Europea - Universidad de Almer\u00eda","og_description":"Expected Outcome This topic aims at supporting activities that are enabling or contributing to the development of large scale, COVID-19 cohorts and networks worldwide, including beyond Europe\u2019s borders, forging links with European initiatives as a global response to the pandemic. To that end, proposals under this topic should aim at delivering results that are directed, [&hellip;]","og_url":"https:\/\/www.cde.ual.es\/en\/horizon-cohorts-united-against-covid-19-variants-of-concern\/","og_site_name":"CDE Almer\u00eda - Centro de Documentaci\u00f3n Europea - Universidad de Almer\u00eda","article_publisher":"https:\/\/www.facebook.com\/cdeuniversidadalmeria\/","article_published_time":"2021-04-26T01:00:48+00:00","article_modified_time":"2021-09-13T07:51:20+00:00","og_image":[{"width":2560,"height":1440,"url":"https:\/\/www.cde.ual.es\/wp-content\/uploads\/2021\/04\/covid19-scaled.jpg","type":"image\/jpeg"}],"author":"BECA 2 CDE","twitter_card":"summary_large_image","twitter_creator":"@cdeualmeria","twitter_site":"@cdeualmeria","twitter_misc":{"Written by":"BECA 2 CDE","Est. reading time":"2 minutes"},"schema":{"@context":"https:\/\/schema.org","@graph":[{"@type":"Article","@id":"https:\/\/www.cde.ual.es\/en\/horizon-cohorts-united-against-covid-19-variants-of-concern\/#article","isPartOf":{"@id":"https:\/\/www.cde.ual.es\/en\/horizon-cohorts-united-against-covid-19-variants-of-concern\/"},"author":{"name":"BECA 2 CDE","@id":"https:\/\/www.cde.ual.es\/#\/schema\/person\/ee46ebc19edfa19598c02cff83335acc"},"headline":"Horizon: Cohorts united against COVID-19 variants of concern","datePublished":"2021-04-26T01:00:48+00:00","dateModified":"2021-09-13T07:51:20+00:00","mainEntityOfPage":{"@id":"https:\/\/www.cde.ual.es\/en\/horizon-cohorts-united-against-covid-19-variants-of-concern\/"},"wordCount":458,"commentCount":0,"publisher":{"@id":"https:\/\/www.cde.ual.es\/#organization"},"image":{"@id":"https:\/\/www.cde.ual.es\/en\/horizon-cohorts-united-against-covid-19-variants-of-concern\/#primaryimage"},"thumbnailUrl":"https:\/\/www.cde.ual.es\/wp-content\/uploads\/2021\/04\/covid19-scaled.jpg","keywords":["call","covid-19","horizon"],"articleSection":["EU Calls and Awards","Horizon Europe","Widening Participation and Strengthening the EU Research Area"],"inLanguage":"en-US","potentialAction":[{"@type":"CommentAction","name":"Comment","target":["https:\/\/www.cde.ual.es\/en\/horizon-cohorts-united-against-covid-19-variants-of-concern\/#respond"]}]},{"@type":"WebPage","@id":"https:\/\/www.cde.ual.es\/en\/horizon-cohorts-united-against-covid-19-variants-of-concern\/","url":"https:\/\/www.cde.ual.es\/en\/horizon-cohorts-united-against-covid-19-variants-of-concern\/","name":"Horizon: Cohorts united against COVID-19 variants of concern | CDE Almer\u00eda - Centro de Documentaci\u00f3n Europea - Universidad de Almer\u00eda","isPartOf":{"@id":"https:\/\/www.cde.ual.es\/#website"},"primaryImageOfPage":{"@id":"https:\/\/www.cde.ual.es\/en\/horizon-cohorts-united-against-covid-19-variants-of-concern\/#primaryimage"},"image":{"@id":"https:\/\/www.cde.ual.es\/en\/horizon-cohorts-united-against-covid-19-variants-of-concern\/#primaryimage"},"thumbnailUrl":"https:\/\/www.cde.ual.es\/wp-content\/uploads\/2021\/04\/covid19-scaled.jpg","datePublished":"2021-04-26T01:00:48+00:00","dateModified":"2021-09-13T07:51:20+00:00","breadcrumb":{"@id":"https:\/\/www.cde.ual.es\/en\/horizon-cohorts-united-against-covid-19-variants-of-concern\/#breadcrumb"},"inLanguage":"en-US","potentialAction":[{"@type":"ReadAction","target":["https:\/\/www.cde.ual.es\/en\/horizon-cohorts-united-against-covid-19-variants-of-concern\/"]}]},{"@type":"ImageObject","inLanguage":"en-US","@id":"https:\/\/www.cde.ual.es\/en\/horizon-cohorts-united-against-covid-19-variants-of-concern\/#primaryimage","url":"https:\/\/www.cde.ual.es\/wp-content\/uploads\/2021\/04\/covid19-scaled.jpg","contentUrl":"https:\/\/www.cde.ual.es\/wp-content\/uploads\/2021\/04\/covid19-scaled.jpg","width":2560,"height":1440},{"@type":"BreadcrumbList","@id":"https:\/\/www.cde.ual.es\/en\/horizon-cohorts-united-against-covid-19-variants-of-concern\/#breadcrumb","itemListElement":[{"@type":"ListItem","position":1,"name":"Inicio","item":"https:\/\/www.cde.ual.es\/en\/"},{"@type":"ListItem","position":2,"name":"EU Calls and Awards","item":"https:\/\/www.cde.ual.es\/en\/category\/eu-calls-and-awards\/"},{"@type":"ListItem","position":3,"name":"Horizon Europe","item":"https:\/\/www.cde.ual.es\/en\/category\/eu-calls-and-awards\/horizon-europe\/"},{"@type":"ListItem","position":4,"name":"Widening Participation and Strengthening the EU Research Area","item":"https:\/\/www.cde.ual.es\/en\/category\/eu-calls-and-awards\/horizon-europe\/widera-en\/"},{"@type":"ListItem","position":5,"name":"Horizon: Cohorts united against COVID-19 variants of concern"}]},{"@type":"WebSite","@id":"https:\/\/www.cde.ual.es\/#website","url":"https:\/\/www.cde.ual.es\/","name":"CDE Almer\u00eda - Centro de Documentaci\u00f3n Europea - Universidad de Almer\u00eda","description":"Centro de Documentaci\u00f3n Europea de la Universidad de Almer\u00eda","publisher":{"@id":"https:\/\/www.cde.ual.es\/#organization"},"alternateName":"CDE Almer\u00eda","potentialAction":[{"@type":"SearchAction","target":{"@type":"EntryPoint","urlTemplate":"https:\/\/www.cde.ual.es\/?s={search_term_string}"},"query-input":{"@type":"PropertyValueSpecification","valueRequired":true,"valueName":"search_term_string"}}],"inLanguage":"en-US"},{"@type":"Organization","@id":"https:\/\/www.cde.ual.es\/#organization","name":"Centro de Documentaci\u00f3n Europea de Almer\u00eda","url":"https:\/\/www.cde.ual.es\/","logo":{"@type":"ImageObject","inLanguage":"en-US","@id":"https:\/\/www.cde.ual.es\/#\/schema\/logo\/image\/","url":"https:\/\/www.cde.ual.es\/wp-content\/uploads\/2025\/07\/cde-logo-3.png","contentUrl":"https:\/\/www.cde.ual.es\/wp-content\/uploads\/2025\/07\/cde-logo-3.png","width":1400,"height":300,"caption":"Centro de Documentaci\u00f3n Europea de Almer\u00eda"},"image":{"@id":"https:\/\/www.cde.ual.es\/#\/schema\/logo\/image\/"},"sameAs":["https:\/\/www.facebook.com\/cdeuniversidadalmeria\/","https:\/\/x.com\/cdeualmeria","https:\/\/www.tiktok.com\/@cdealmeria","https:\/\/www.instagram.com\/cdealmeria\/","https:\/\/www.linkedin.com\/in\/cde-almera-812b26a9\/"]},{"@type":"Person","@id":"https:\/\/www.cde.ual.es\/#\/schema\/person\/ee46ebc19edfa19598c02cff83335acc","name":"BECA 2 CDE","image":{"@type":"ImageObject","inLanguage":"en-US","@id":"https:\/\/secure.gravatar.com\/avatar\/35a481bbc04bbd90e91bdfa3b0b5541036c222a49b9ad37b6889a2afcb5311a5?s=96&d=mm&r=g","url":"https:\/\/secure.gravatar.com\/avatar\/35a481bbc04bbd90e91bdfa3b0b5541036c222a49b9ad37b6889a2afcb5311a5?s=96&d=mm&r=g","contentUrl":"https:\/\/secure.gravatar.com\/avatar\/35a481bbc04bbd90e91bdfa3b0b5541036c222a49b9ad37b6889a2afcb5311a5?s=96&d=mm&r=g","caption":"BECA 2 CDE"},"sameAs":["http:\/\/www.cdealmeria.com"]}]}},"_links":{"self":[{"href":"https:\/\/www.cde.ual.es\/en\/wp-json\/wp\/v2\/posts\/66784","targetHints":{"allow":["GET"]}}],"collection":[{"href":"https:\/\/www.cde.ual.es\/en\/wp-json\/wp\/v2\/posts"}],"about":[{"href":"https:\/\/www.cde.ual.es\/en\/wp-json\/wp\/v2\/types\/post"}],"author":[{"embeddable":true,"href":"https:\/\/www.cde.ual.es\/en\/wp-json\/wp\/v2\/users\/101011"}],"replies":[{"embeddable":true,"href":"https:\/\/www.cde.ual.es\/en\/wp-json\/wp\/v2\/comments?post=66784"}],"version-history":[{"count":0,"href":"https:\/\/www.cde.ual.es\/en\/wp-json\/wp\/v2\/posts\/66784\/revisions"}],"wp:featuredmedia":[{"embeddable":true,"href":"https:\/\/www.cde.ual.es\/en\/wp-json\/wp\/v2\/media\/66788"}],"wp:attachment":[{"href":"https:\/\/www.cde.ual.es\/en\/wp-json\/wp\/v2\/media?parent=66784"}],"wp:term":[{"taxonomy":"category","embeddable":true,"href":"https:\/\/www.cde.ual.es\/en\/wp-json\/wp\/v2\/categories?post=66784"},{"taxonomy":"post_tag","embeddable":true,"href":"https:\/\/www.cde.ual.es\/en\/wp-json\/wp\/v2\/tags?post=66784"}],"curies":[{"name":"wp","href":"https:\/\/api.w.org\/{rel}","templated":true}]}}