{"id":6665,"date":"2018-07-05T08:52:04","date_gmt":"2018-07-05T06:52:04","guid":{"rendered":"http:\/\/www.cde.ual.es\/?p=6665"},"modified":"2018-07-10T12:22:03","modified_gmt":"2018-07-10T10:22:03","slug":"defensa-recibira-un-fondo-500-millones-parlamento-europeo","status":"publish","type":"post","link":"https:\/\/www.cde.ual.es\/en\/defensa-recibira-un-fondo-500-millones-parlamento-europeo\/","title":{"rendered":"La industria de defensa recibir\u00e1 un fondo de 500 millones aprobados por El Parlamento Europeo"},"content":{"rendered":"<h3>Se trata de la creaci\u00f3n del primer programa comunitario para impulsar la innovaci\u00f3n en la industria europea de defensa, incluida la ciber seguridad.<\/h3>\n<ul>\n<li>La UE cofinanciar\u00e1 proyectos ejecutados por consorcios de al menos tres empresas p\u00fablicas o privadas establecidas en, como m\u00ednimo, tres Estados miembros diferentes.<\/li>\n<li>El sector aglutina a m\u00e1s de 600 empresas en Espa\u00f1a, que en 2017 facturaron en conjunto 5.700 millones de euros.<\/li>\n<\/ul>\n<p>El\u00a0<strong>Parlamento Europeo<\/strong>\u00a0ha aprobado hoy la creaci\u00f3n del primer programa comunitario para impulsar la innovaci\u00f3n en la <strong>industria europea de defensa<\/strong>, incluida la ciberseguridad. El acuerdo informal entre el Parlamento y el Consejo fue aprobado con 478 votos a favor, 179 en contra y 23 abstenciones.<\/p>\n<p>El\u00a0<strong>Programa Europeo de Desarrollo Industrial en materia de Defensa<\/strong>\u00a0ayudar\u00e1 a financiar el desarrollo de nuevos productos y tecnolog\u00edas para lograr que la UE sea m\u00e1s independiente en este \u00e1mbito, aumentar la eficiencia del gasto presupuestario y estimular la innovaci\u00f3n.<\/p>\n<p><strong>La UE cofinanciar\u00e1 proyectos<\/strong>\u00a0ejecutados por consorcios de al menos tres empresas p\u00fablicas o privadas establecidas en, como m\u00ednimo, tres Estados miembros diferentes. &#8220;<em>Este primer programa europeo espec\u00edficamente dedicado a proyectos industriales de defensa aumentar\u00e1 la cooperaci\u00f3n y fortalecer\u00e1 la competitividad de la industria de defensa de la UE<\/em>&#8220;, se\u00f1al\u00f3 la eurodiputada francesa\u00a0<strong>Fran\u00e7oise Grosset\u00eate (PPE)<\/strong>, encargada de la negociaci\u00f3n por parte del Parlamento Europeo.<\/p>\n<p>Para conseguir estos contratos, los promotores de proyectos deber\u00e1n demostrar que contribuyen a la\u00a0<strong>excelencia, la innovaci\u00f3n y la competitividad<\/strong>. Los proyectos espec\u00edficamente dedicados a las pymes y a las empresas de mediana capitalizaci\u00f3n (compa\u00f1\u00edas que no son pymes con\u00a0<strong>un m\u00e1ximo de 3.000 empleados<\/strong>) se beneficiar\u00e1n de tasas de cofinanciaci\u00f3n m\u00e1s elevadas, as\u00ed como de acciones en el marco de la Cooperaci\u00f3n Estructurada Permanente.<\/p>\n<h2><strong>La industria de defensa espa\u00f1ola<\/strong><\/h2>\n<p>El sector de la defensa en\u00a0<strong>Espa\u00f1a factura m\u00e1s de 5.700 millones<\/strong>\u00a0de euros anuales y aglutina a m\u00e1s de 600 empresas, seg\u00fan datos del Ministerio de Defensa. En total,\u00a0<strong>emplea a 21.000 personas<\/strong>\u00a0de forma directa y a cerca de 30.000 de forma indirecta.<\/p>\n<p>La industria de defensa espa\u00f1ola tiene en el extranjero su principal mercado, ya que el 83% de su facturaci\u00f3n se destina a la exportaci\u00f3n. Seg\u00fan el sector, el 68% de esos 5.700 millones de euros de facturaci\u00f3n corresponden a la aeron\u00e1utica, donde destaca el polo sectorial andaluz que se encarga de parte de la\u00a0<strong>producci\u00f3n del avi\u00f3n militar A400M.<\/strong><\/p>\n<p>El resto de la facturaci\u00f3n se divide en 9,2% de electr\u00f3nica y tecnolog\u00edas de la informaci\u00f3n, 7,7% naval, 6,5% terrestre, 1,8% espacio y el resto, auxiliar, misiles y armamento.\u00a0<strong>En total, la industria espa\u00f1ola de defensa supone el 0,45% del PIB nacional.<\/strong><\/p>\n<p>Leer m\u00e1s:\u00a0<a href=\"http:\/\/www.europarl.europa.eu\/spain\/es\/sala_de_prensa\/communicados_de_prensa\/pr-2018\/07-2018\/el-parlamento-aprueba.html?utm_campaign=engagor&amp;utm_content=engagor_MzkxNzA4Nw%3D%3D&amp;utm_medium=social&amp;utm_source=twitter\">Noticia Completa<\/a><\/p>\n<p><a href=\"http:\/\/www.europarl.europa.eu\/spain\/media\/static\/images\/2018\/07-2018\/infografia.jpg\">\u00bfComo hacer m\u00e1s con menos? Infograf\u00eda<\/a><\/p>\n<p style=\"text-align: center;\"><a href=\"http:\/\/www.cde.ual.es\/wp-content\/uploads\/2018\/07\/Defensa.png\"><img decoding=\"async\" class=\"alignnone size-medium wp-image-6666\" src=\"http:\/\/www.cde.ual.es\/wp-content\/uploads\/2018\/07\/Defensa-300x257.png\" alt=\"\" width=\"300\" height=\"257\" srcset=\"https:\/\/www.cde.ual.es\/wp-content\/uploads\/2018\/07\/Defensa-300x257.png 300w, https:\/\/www.cde.ual.es\/wp-content\/uploads\/2018\/07\/Defensa-768x659.png 768w, https:\/\/www.cde.ual.es\/wp-content\/uploads\/2018\/07\/Defensa.png 800w\" sizes=\"(max-width: 300px) 100vw, 300px\" \/><\/a><\/p>\n","protected":false},"excerpt":{"rendered":"<p>Se trata de la creaci\u00f3n del primer programa comunitario para impulsar la innovaci\u00f3n en la industria europea de defensa, incluida la ciber seguridad. La UE cofinanciar\u00e1 proyectos ejecutados por consorcios de al menos tres empresas p\u00fablicas o privadas establecidas en, como m\u00ednimo, tres Estados miembros diferentes. El sector aglutina a m\u00e1s de 600 empresas en [&hellip;]<\/p>\n","protected":false},"author":101012,"featured_media":6667,"comment_status":"open","ping_status":"open","sticky":false,"template":"","format":"standard","meta":{"_acf_changed":false,"_relevanssi_hide_post":"","_relevanssi_hide_content":"","_relevanssi_pin_for_all":"","_relevanssi_pin_keywords":"","_relevanssi_unpin_keywords":"","_relevanssi_related_keywords":"","_relevanssi_related_include_ids":"","_relevanssi_related_exclude_ids":"","_relevanssi_related_no_append":"","_relevanssi_related_not_related":"","_relevanssi_related_posts":"","_relevanssi_noindex_reason":"","_monsterinsights_skip_tracking":false,"_monsterinsights_sitenote_active":false,"_monsterinsights_sitenote_note":"","_monsterinsights_sitenote_category":0,"_genesis_hide_title":false,"_genesis_hide_breadcrumbs":false,"_genesis_hide_singular_image":false,"_genesis_hide_footer_widgets":false,"_genesis_custom_body_class":"","_genesis_custom_post_class":"","_genesis_layout":"","footnotes":""},"categories":[96],"tags":[129],"class_list":{"0":"post-6665","1":"post","2":"type-post","3":"status-publish","4":"format-standard","5":"has-post-thumbnail","7":"category-noticias-ue","8":"tag-seguridad-defensa","9":"entry"},"acf":[],"yoast_head":"<!-- This site is optimized with the Yoast SEO plugin v27.5 - https:\/\/yoast.com\/product\/yoast-seo-wordpress\/ -->\n<title>La industria de defensa recibir\u00e1 un fondo de 500 millones aprobados por El Parlamento Europeo | CDE Almer\u00eda - Centro de Documentaci\u00f3n Europea - Universidad de Almer\u00eda<\/title>\n<meta name=\"robots\" content=\"index, follow, max-snippet:-1, max-image-preview:large, max-video-preview:-1\" \/>\n<link rel=\"canonical\" href=\"https:\/\/www.cde.ual.es\/en\/defensa-recibira-un-fondo-500-millones-parlamento-europeo\/\" \/>\n<meta property=\"og:locale\" content=\"en_US\" \/>\n<meta property=\"og:type\" content=\"article\" \/>\n<meta property=\"og:title\" content=\"La industria de defensa recibir\u00e1 un fondo de 500 millones aprobados por El Parlamento Europeo | CDE Almer\u00eda - Centro de Documentaci\u00f3n Europea - Universidad de Almer\u00eda\" \/>\n<meta property=\"og:description\" content=\"Se trata de la creaci\u00f3n del primer programa comunitario para impulsar la innovaci\u00f3n en la industria europea de defensa, incluida la ciber seguridad. La UE cofinanciar\u00e1 proyectos ejecutados por consorcios de al menos tres empresas p\u00fablicas o privadas establecidas en, como m\u00ednimo, tres Estados miembros diferentes. El sector aglutina a m\u00e1s de 600 empresas en [&hellip;]\" \/>\n<meta property=\"og:url\" content=\"https:\/\/www.cde.ual.es\/en\/defensa-recibira-un-fondo-500-millones-parlamento-europeo\/\" \/>\n<meta property=\"og:site_name\" content=\"CDE Almer\u00eda - Centro de Documentaci\u00f3n Europea - Universidad de Almer\u00eda\" \/>\n<meta property=\"article:publisher\" content=\"https:\/\/www.facebook.com\/cdeuniversidadalmeria\/\" \/>\n<meta property=\"article:published_time\" content=\"2018-07-05T06:52:04+00:00\" \/>\n<meta property=\"article:modified_time\" content=\"2018-07-10T10:22:03+00:00\" \/>\n<meta property=\"og:image\" content=\"https:\/\/www.cde.ual.es\/wp-content\/uploads\/2018\/07\/Defesa-UE.jpg\" \/>\n\t<meta property=\"og:image:width\" content=\"800\" \/>\n\t<meta property=\"og:image:height\" content=\"450\" \/>\n\t<meta property=\"og:image:type\" content=\"image\/jpeg\" \/>\n<meta name=\"author\" content=\"BECACDE1\" \/>\n<meta name=\"twitter:card\" content=\"summary_large_image\" \/>\n<meta name=\"twitter:creator\" content=\"@cdeualmeria\" \/>\n<meta name=\"twitter:site\" content=\"@cdeualmeria\" \/>\n<meta name=\"twitter:label1\" content=\"Written by\" \/>\n\t<meta name=\"twitter:data1\" content=\"BECACDE1\" \/>\n\t<meta name=\"twitter:label2\" content=\"Est. reading time\" \/>\n\t<meta name=\"twitter:data2\" content=\"2 minutes\" \/>\n<script type=\"application\/ld+json\" class=\"yoast-schema-graph\">{\"@context\":\"https:\\\/\\\/schema.org\",\"@graph\":[{\"@type\":\"Article\",\"@id\":\"https:\\\/\\\/www.cde.ual.es\\\/en\\\/defensa-recibira-un-fondo-500-millones-parlamento-europeo\\\/#article\",\"isPartOf\":{\"@id\":\"https:\\\/\\\/www.cde.ual.es\\\/en\\\/defensa-recibira-un-fondo-500-millones-parlamento-europeo\\\/\"},\"author\":{\"name\":\"BECACDE1\",\"@id\":\"https:\\\/\\\/www.cde.ual.es\\\/#\\\/schema\\\/person\\\/bf2f837cf3353e2161fe1087adbd728f\"},\"headline\":\"La industria de defensa recibir\u00e1 un fondo de 500 millones aprobados por El Parlamento Europeo\",\"datePublished\":\"2018-07-05T06:52:04+00:00\",\"dateModified\":\"2018-07-10T10:22:03+00:00\",\"mainEntityOfPage\":{\"@id\":\"https:\\\/\\\/www.cde.ual.es\\\/en\\\/defensa-recibira-un-fondo-500-millones-parlamento-europeo\\\/\"},\"wordCount\":491,\"commentCount\":0,\"publisher\":{\"@id\":\"https:\\\/\\\/www.cde.ual.es\\\/#organization\"},\"image\":{\"@id\":\"https:\\\/\\\/www.cde.ual.es\\\/en\\\/defensa-recibira-un-fondo-500-millones-parlamento-europeo\\\/#primaryimage\"},\"thumbnailUrl\":\"https:\\\/\\\/www.cde.ual.es\\\/wp-content\\\/uploads\\\/2018\\\/07\\\/Defesa-UE.jpg\",\"keywords\":[\"Seguridad y Defensa\"],\"articleSection\":[\"Noticias UE\"],\"inLanguage\":\"en-US\",\"potentialAction\":[{\"@type\":\"CommentAction\",\"name\":\"Comment\",\"target\":[\"https:\\\/\\\/www.cde.ual.es\\\/en\\\/defensa-recibira-un-fondo-500-millones-parlamento-europeo\\\/#respond\"]}]},{\"@type\":\"WebPage\",\"@id\":\"https:\\\/\\\/www.cde.ual.es\\\/en\\\/defensa-recibira-un-fondo-500-millones-parlamento-europeo\\\/\",\"url\":\"https:\\\/\\\/www.cde.ual.es\\\/en\\\/defensa-recibira-un-fondo-500-millones-parlamento-europeo\\\/\",\"name\":\"La industria de defensa recibir\u00e1 un fondo de 500 millones aprobados por El Parlamento Europeo | CDE Almer\u00eda - Centro de Documentaci\u00f3n Europea - Universidad de Almer\u00eda\",\"isPartOf\":{\"@id\":\"https:\\\/\\\/www.cde.ual.es\\\/#website\"},\"primaryImageOfPage\":{\"@id\":\"https:\\\/\\\/www.cde.ual.es\\\/en\\\/defensa-recibira-un-fondo-500-millones-parlamento-europeo\\\/#primaryimage\"},\"image\":{\"@id\":\"https:\\\/\\\/www.cde.ual.es\\\/en\\\/defensa-recibira-un-fondo-500-millones-parlamento-europeo\\\/#primaryimage\"},\"thumbnailUrl\":\"https:\\\/\\\/www.cde.ual.es\\\/wp-content\\\/uploads\\\/2018\\\/07\\\/Defesa-UE.jpg\",\"datePublished\":\"2018-07-05T06:52:04+00:00\",\"dateModified\":\"2018-07-10T10:22:03+00:00\",\"breadcrumb\":{\"@id\":\"https:\\\/\\\/www.cde.ual.es\\\/en\\\/defensa-recibira-un-fondo-500-millones-parlamento-europeo\\\/#breadcrumb\"},\"inLanguage\":\"en-US\",\"potentialAction\":[{\"@type\":\"ReadAction\",\"target\":[\"https:\\\/\\\/www.cde.ual.es\\\/en\\\/defensa-recibira-un-fondo-500-millones-parlamento-europeo\\\/\"]}]},{\"@type\":\"ImageObject\",\"inLanguage\":\"en-US\",\"@id\":\"https:\\\/\\\/www.cde.ual.es\\\/en\\\/defensa-recibira-un-fondo-500-millones-parlamento-europeo\\\/#primaryimage\",\"url\":\"https:\\\/\\\/www.cde.ual.es\\\/wp-content\\\/uploads\\\/2018\\\/07\\\/Defesa-UE.jpg\",\"contentUrl\":\"https:\\\/\\\/www.cde.ual.es\\\/wp-content\\\/uploads\\\/2018\\\/07\\\/Defesa-UE.jpg\",\"width\":800,\"height\":450},{\"@type\":\"BreadcrumbList\",\"@id\":\"https:\\\/\\\/www.cde.ual.es\\\/en\\\/defensa-recibira-un-fondo-500-millones-parlamento-europeo\\\/#breadcrumb\",\"itemListElement\":[{\"@type\":\"ListItem\",\"position\":1,\"name\":\"Inicio\",\"item\":\"https:\\\/\\\/www.cde.ual.es\\\/en\\\/\"},{\"@type\":\"ListItem\",\"position\":2,\"name\":\"Noticias UE\",\"item\":\"https:\\\/\\\/www.cde.ual.es\\\/category\\\/noticias-ue\\\/\"},{\"@type\":\"ListItem\",\"position\":3,\"name\":\"La industria de defensa recibir\u00e1 un fondo de 500 millones aprobados por El Parlamento Europeo\"}]},{\"@type\":\"WebSite\",\"@id\":\"https:\\\/\\\/www.cde.ual.es\\\/#website\",\"url\":\"https:\\\/\\\/www.cde.ual.es\\\/\",\"name\":\"CDE Almer\u00eda - Centro de Documentaci\u00f3n Europea - Universidad de Almer\u00eda\",\"description\":\"Centro de Documentaci\u00f3n Europea de la Universidad de Almer\u00eda\",\"publisher\":{\"@id\":\"https:\\\/\\\/www.cde.ual.es\\\/#organization\"},\"alternateName\":\"CDE Almer\u00eda\",\"potentialAction\":[{\"@type\":\"SearchAction\",\"target\":{\"@type\":\"EntryPoint\",\"urlTemplate\":\"https:\\\/\\\/www.cde.ual.es\\\/?s={search_term_string}\"},\"query-input\":{\"@type\":\"PropertyValueSpecification\",\"valueRequired\":true,\"valueName\":\"search_term_string\"}}],\"inLanguage\":\"en-US\"},{\"@type\":\"Organization\",\"@id\":\"https:\\\/\\\/www.cde.ual.es\\\/#organization\",\"name\":\"Centro de Documentaci\u00f3n Europea de Almer\u00eda\",\"url\":\"https:\\\/\\\/www.cde.ual.es\\\/\",\"logo\":{\"@type\":\"ImageObject\",\"inLanguage\":\"en-US\",\"@id\":\"https:\\\/\\\/www.cde.ual.es\\\/#\\\/schema\\\/logo\\\/image\\\/\",\"url\":\"https:\\\/\\\/www.cde.ual.es\\\/wp-content\\\/uploads\\\/2025\\\/07\\\/cde-logo-3.png\",\"contentUrl\":\"https:\\\/\\\/www.cde.ual.es\\\/wp-content\\\/uploads\\\/2025\\\/07\\\/cde-logo-3.png\",\"width\":1400,\"height\":300,\"caption\":\"Centro de Documentaci\u00f3n Europea de Almer\u00eda\"},\"image\":{\"@id\":\"https:\\\/\\\/www.cde.ual.es\\\/#\\\/schema\\\/logo\\\/image\\\/\"},\"sameAs\":[\"https:\\\/\\\/www.facebook.com\\\/cdeuniversidadalmeria\\\/\",\"https:\\\/\\\/x.com\\\/cdeualmeria\",\"https:\\\/\\\/www.tiktok.com\\\/@cdealmeria\",\"https:\\\/\\\/www.instagram.com\\\/cdealmeria\\\/\",\"https:\\\/\\\/www.linkedin.com\\\/in\\\/cde-almera-812b26a9\\\/\"]},{\"@type\":\"Person\",\"@id\":\"https:\\\/\\\/www.cde.ual.es\\\/#\\\/schema\\\/person\\\/bf2f837cf3353e2161fe1087adbd728f\",\"name\":\"BECACDE1\",\"image\":{\"@type\":\"ImageObject\",\"inLanguage\":\"en-US\",\"@id\":\"https:\\\/\\\/secure.gravatar.com\\\/avatar\\\/16a4c1e422b5dec818ee13eab3353b19db9cfd278cc10f9b0e1188a37671d9d4?s=96&d=mm&r=g\",\"url\":\"https:\\\/\\\/secure.gravatar.com\\\/avatar\\\/16a4c1e422b5dec818ee13eab3353b19db9cfd278cc10f9b0e1188a37671d9d4?s=96&d=mm&r=g\",\"contentUrl\":\"https:\\\/\\\/secure.gravatar.com\\\/avatar\\\/16a4c1e422b5dec818ee13eab3353b19db9cfd278cc10f9b0e1188a37671d9d4?s=96&d=mm&r=g\",\"caption\":\"BECACDE1\"},\"sameAs\":[\"http:\\\/\\\/www.cdealmeria.com\"]}]}<\/script>\n<!-- \/ Yoast SEO plugin. -->","yoast_head_json":{"title":"La industria de defensa recibir\u00e1 un fondo de 500 millones aprobados por El Parlamento Europeo | CDE Almer\u00eda - Centro de Documentaci\u00f3n Europea - Universidad de Almer\u00eda","robots":{"index":"index","follow":"follow","max-snippet":"max-snippet:-1","max-image-preview":"max-image-preview:large","max-video-preview":"max-video-preview:-1"},"canonical":"https:\/\/www.cde.ual.es\/en\/defensa-recibira-un-fondo-500-millones-parlamento-europeo\/","og_locale":"en_US","og_type":"article","og_title":"La industria de defensa recibir\u00e1 un fondo de 500 millones aprobados por El Parlamento Europeo | CDE Almer\u00eda - Centro de Documentaci\u00f3n Europea - Universidad de Almer\u00eda","og_description":"Se trata de la creaci\u00f3n del primer programa comunitario para impulsar la innovaci\u00f3n en la industria europea de defensa, incluida la ciber seguridad. La UE cofinanciar\u00e1 proyectos ejecutados por consorcios de al menos tres empresas p\u00fablicas o privadas establecidas en, como m\u00ednimo, tres Estados miembros diferentes. El sector aglutina a m\u00e1s de 600 empresas en [&hellip;]","og_url":"https:\/\/www.cde.ual.es\/en\/defensa-recibira-un-fondo-500-millones-parlamento-europeo\/","og_site_name":"CDE Almer\u00eda - Centro de Documentaci\u00f3n Europea - Universidad de Almer\u00eda","article_publisher":"https:\/\/www.facebook.com\/cdeuniversidadalmeria\/","article_published_time":"2018-07-05T06:52:04+00:00","article_modified_time":"2018-07-10T10:22:03+00:00","og_image":[{"width":800,"height":450,"url":"https:\/\/www.cde.ual.es\/wp-content\/uploads\/2018\/07\/Defesa-UE.jpg","type":"image\/jpeg"}],"author":"BECACDE1","twitter_card":"summary_large_image","twitter_creator":"@cdeualmeria","twitter_site":"@cdeualmeria","twitter_misc":{"Written by":"BECACDE1","Est. reading time":"2 minutes"},"schema":{"@context":"https:\/\/schema.org","@graph":[{"@type":"Article","@id":"https:\/\/www.cde.ual.es\/en\/defensa-recibira-un-fondo-500-millones-parlamento-europeo\/#article","isPartOf":{"@id":"https:\/\/www.cde.ual.es\/en\/defensa-recibira-un-fondo-500-millones-parlamento-europeo\/"},"author":{"name":"BECACDE1","@id":"https:\/\/www.cde.ual.es\/#\/schema\/person\/bf2f837cf3353e2161fe1087adbd728f"},"headline":"La industria de defensa recibir\u00e1 un fondo de 500 millones aprobados por El Parlamento Europeo","datePublished":"2018-07-05T06:52:04+00:00","dateModified":"2018-07-10T10:22:03+00:00","mainEntityOfPage":{"@id":"https:\/\/www.cde.ual.es\/en\/defensa-recibira-un-fondo-500-millones-parlamento-europeo\/"},"wordCount":491,"commentCount":0,"publisher":{"@id":"https:\/\/www.cde.ual.es\/#organization"},"image":{"@id":"https:\/\/www.cde.ual.es\/en\/defensa-recibira-un-fondo-500-millones-parlamento-europeo\/#primaryimage"},"thumbnailUrl":"https:\/\/www.cde.ual.es\/wp-content\/uploads\/2018\/07\/Defesa-UE.jpg","keywords":["Seguridad y Defensa"],"articleSection":["Noticias UE"],"inLanguage":"en-US","potentialAction":[{"@type":"CommentAction","name":"Comment","target":["https:\/\/www.cde.ual.es\/en\/defensa-recibira-un-fondo-500-millones-parlamento-europeo\/#respond"]}]},{"@type":"WebPage","@id":"https:\/\/www.cde.ual.es\/en\/defensa-recibira-un-fondo-500-millones-parlamento-europeo\/","url":"https:\/\/www.cde.ual.es\/en\/defensa-recibira-un-fondo-500-millones-parlamento-europeo\/","name":"La industria de defensa recibir\u00e1 un fondo de 500 millones aprobados por El Parlamento Europeo | CDE Almer\u00eda - Centro de Documentaci\u00f3n Europea - Universidad de Almer\u00eda","isPartOf":{"@id":"https:\/\/www.cde.ual.es\/#website"},"primaryImageOfPage":{"@id":"https:\/\/www.cde.ual.es\/en\/defensa-recibira-un-fondo-500-millones-parlamento-europeo\/#primaryimage"},"image":{"@id":"https:\/\/www.cde.ual.es\/en\/defensa-recibira-un-fondo-500-millones-parlamento-europeo\/#primaryimage"},"thumbnailUrl":"https:\/\/www.cde.ual.es\/wp-content\/uploads\/2018\/07\/Defesa-UE.jpg","datePublished":"2018-07-05T06:52:04+00:00","dateModified":"2018-07-10T10:22:03+00:00","breadcrumb":{"@id":"https:\/\/www.cde.ual.es\/en\/defensa-recibira-un-fondo-500-millones-parlamento-europeo\/#breadcrumb"},"inLanguage":"en-US","potentialAction":[{"@type":"ReadAction","target":["https:\/\/www.cde.ual.es\/en\/defensa-recibira-un-fondo-500-millones-parlamento-europeo\/"]}]},{"@type":"ImageObject","inLanguage":"en-US","@id":"https:\/\/www.cde.ual.es\/en\/defensa-recibira-un-fondo-500-millones-parlamento-europeo\/#primaryimage","url":"https:\/\/www.cde.ual.es\/wp-content\/uploads\/2018\/07\/Defesa-UE.jpg","contentUrl":"https:\/\/www.cde.ual.es\/wp-content\/uploads\/2018\/07\/Defesa-UE.jpg","width":800,"height":450},{"@type":"BreadcrumbList","@id":"https:\/\/www.cde.ual.es\/en\/defensa-recibira-un-fondo-500-millones-parlamento-europeo\/#breadcrumb","itemListElement":[{"@type":"ListItem","position":1,"name":"Inicio","item":"https:\/\/www.cde.ual.es\/en\/"},{"@type":"ListItem","position":2,"name":"Noticias UE","item":"https:\/\/www.cde.ual.es\/category\/noticias-ue\/"},{"@type":"ListItem","position":3,"name":"La industria de defensa recibir\u00e1 un fondo de 500 millones aprobados por El Parlamento Europeo"}]},{"@type":"WebSite","@id":"https:\/\/www.cde.ual.es\/#website","url":"https:\/\/www.cde.ual.es\/","name":"CDE Almer\u00eda - Centro de Documentaci\u00f3n Europea - Universidad de Almer\u00eda","description":"Centro de Documentaci\u00f3n Europea de la Universidad de Almer\u00eda","publisher":{"@id":"https:\/\/www.cde.ual.es\/#organization"},"alternateName":"CDE Almer\u00eda","potentialAction":[{"@type":"SearchAction","target":{"@type":"EntryPoint","urlTemplate":"https:\/\/www.cde.ual.es\/?s={search_term_string}"},"query-input":{"@type":"PropertyValueSpecification","valueRequired":true,"valueName":"search_term_string"}}],"inLanguage":"en-US"},{"@type":"Organization","@id":"https:\/\/www.cde.ual.es\/#organization","name":"Centro de Documentaci\u00f3n Europea de Almer\u00eda","url":"https:\/\/www.cde.ual.es\/","logo":{"@type":"ImageObject","inLanguage":"en-US","@id":"https:\/\/www.cde.ual.es\/#\/schema\/logo\/image\/","url":"https:\/\/www.cde.ual.es\/wp-content\/uploads\/2025\/07\/cde-logo-3.png","contentUrl":"https:\/\/www.cde.ual.es\/wp-content\/uploads\/2025\/07\/cde-logo-3.png","width":1400,"height":300,"caption":"Centro de Documentaci\u00f3n Europea de Almer\u00eda"},"image":{"@id":"https:\/\/www.cde.ual.es\/#\/schema\/logo\/image\/"},"sameAs":["https:\/\/www.facebook.com\/cdeuniversidadalmeria\/","https:\/\/x.com\/cdeualmeria","https:\/\/www.tiktok.com\/@cdealmeria","https:\/\/www.instagram.com\/cdealmeria\/","https:\/\/www.linkedin.com\/in\/cde-almera-812b26a9\/"]},{"@type":"Person","@id":"https:\/\/www.cde.ual.es\/#\/schema\/person\/bf2f837cf3353e2161fe1087adbd728f","name":"BECACDE1","image":{"@type":"ImageObject","inLanguage":"en-US","@id":"https:\/\/secure.gravatar.com\/avatar\/16a4c1e422b5dec818ee13eab3353b19db9cfd278cc10f9b0e1188a37671d9d4?s=96&d=mm&r=g","url":"https:\/\/secure.gravatar.com\/avatar\/16a4c1e422b5dec818ee13eab3353b19db9cfd278cc10f9b0e1188a37671d9d4?s=96&d=mm&r=g","contentUrl":"https:\/\/secure.gravatar.com\/avatar\/16a4c1e422b5dec818ee13eab3353b19db9cfd278cc10f9b0e1188a37671d9d4?s=96&d=mm&r=g","caption":"BECACDE1"},"sameAs":["http:\/\/www.cdealmeria.com"]}]}},"_links":{"self":[{"href":"https:\/\/www.cde.ual.es\/en\/wp-json\/wp\/v2\/posts\/6665","targetHints":{"allow":["GET"]}}],"collection":[{"href":"https:\/\/www.cde.ual.es\/en\/wp-json\/wp\/v2\/posts"}],"about":[{"href":"https:\/\/www.cde.ual.es\/en\/wp-json\/wp\/v2\/types\/post"}],"author":[{"embeddable":true,"href":"https:\/\/www.cde.ual.es\/en\/wp-json\/wp\/v2\/users\/101012"}],"replies":[{"embeddable":true,"href":"https:\/\/www.cde.ual.es\/en\/wp-json\/wp\/v2\/comments?post=6665"}],"version-history":[{"count":0,"href":"https:\/\/www.cde.ual.es\/en\/wp-json\/wp\/v2\/posts\/6665\/revisions"}],"wp:featuredmedia":[{"embeddable":true,"href":"https:\/\/www.cde.ual.es\/en\/wp-json\/wp\/v2\/media\/6667"}],"wp:attachment":[{"href":"https:\/\/www.cde.ual.es\/en\/wp-json\/wp\/v2\/media?parent=6665"}],"wp:term":[{"taxonomy":"category","embeddable":true,"href":"https:\/\/www.cde.ual.es\/en\/wp-json\/wp\/v2\/categories?post=6665"},{"taxonomy":"post_tag","embeddable":true,"href":"https:\/\/www.cde.ual.es\/en\/wp-json\/wp\/v2\/tags?post=6665"}],"curies":[{"name":"wp","href":"https:\/\/api.w.org\/{rel}","templated":true}]}}