{"id":66610,"date":"2021-04-06T03:00:53","date_gmt":"2021-04-06T01:00:53","guid":{"rendered":"https:\/\/www.cde.ual.es\/?p=66610"},"modified":"2021-09-13T11:14:11","modified_gmt":"2021-09-13T09:14:11","slug":"eib-provides-e300-million-in-financing-to-banco-de-sabadell-to-support-spanish-companies-affected-by-the-pandemic","status":"publish","type":"post","link":"https:\/\/www.cde.ual.es\/en\/eib-provides-e300-million-in-financing-to-banco-de-sabadell-to-support-spanish-companies-affected-by-the-pandemic\/","title":{"rendered":"EIB provides \u20ac300 million in financing to Banco de Sabadell to support Spanish companies affected by the pandemic"},"content":{"rendered":"<p><strong>The European Investment Bank (EIB) is joining forces with Banco de Sabadell to expand its capacity to lend to small and medium-sized enterprises (SMEs) and mid-caps hit by the economic impact of the <a href=\"https:\/\/www.cde.ual.es\/en\/coronavirus-present-situation-in-europe\/\" target=\"_blank\" rel=\"noopener\">COVID-19 pandemic<\/a>. To this end, the EIB will provide \u20ac300\u00a0million in financing to enable the Spanish bank to mobilise a total of \u20ac600\u00a0million over the next two years.<\/strong><\/p>\n<p><a href=\"https:\/\/www.cde.ual.es\/wp-content\/uploads\/2020\/10\/euro-2427196_1920.jpg\"><img decoding=\"async\" class=\"aligncenter  wp-image-54232\" src=\"https:\/\/www.cde.ual.es\/wp-content\/uploads\/2020\/10\/euro-2427196_1920-1024x768.jpg\" alt=\"\" width=\"908\" height=\"681\" srcset=\"https:\/\/www.cde.ual.es\/wp-content\/uploads\/2020\/10\/euro-2427196_1920-1024x768.jpg 1024w, https:\/\/www.cde.ual.es\/wp-content\/uploads\/2020\/10\/euro-2427196_1920-300x225.jpg 300w, https:\/\/www.cde.ual.es\/wp-content\/uploads\/2020\/10\/euro-2427196_1920-768x576.jpg 768w, https:\/\/www.cde.ual.es\/wp-content\/uploads\/2020\/10\/euro-2427196_1920-1536x1152.jpg 1536w, https:\/\/www.cde.ual.es\/wp-content\/uploads\/2020\/10\/euro-2427196_1920.jpg 1920w\" sizes=\"(max-width: 908px) 100vw, 908px\" \/><\/a><\/p>\n<p>The operation consists of a risk-sharing guarantee under the European Fund for Strategic Investments (EFSI), the main pillar of the Investment Plan for Europe, which enables the EIB Group to expand its support for investments fostering economic growth, competitiveness and employment. The EIB is granting this guarantee to Banco de Sabadell, S.A., on a portfolio of existing corporate loans, creating additional financing capacity to support Spanish industry.<\/p>\n<p>In particular, the agreement between the EIB and Sabadell under EFSI aims to promote investment by facilitating access to finance by SMEs and mid-caps, which are the backbone of the Spanish economy in terms of growth and jobs.<\/p>\n<p><strong>EIB Vice-President\u00a0<\/strong><strong>Ricardo Mourinho F\u00e9lix<\/strong><strong>, who is responsible for the EU bank&#8217;s operations in\u00a0<\/strong><strong>Spain<\/strong>, said:<\/p>\n<blockquote><p>\u201c<em>This kind of operation is key to protecting European industry and enabling small and medium-sized enterprises to overcome the financial difficulties caused by the coronavirus crisis. We are happy to join forces once again with Banco de Sabadell via this EFSI-backed guarantee that will mobilise funds to continue supporting SMEs and mid-caps, which will in turn contribute to growth, competitiveness and employability on the Spanish market.<\/em>\u201d<\/p><\/blockquote>\n<p>Valdis\u00a0<strong>Dombrovskis<\/strong>, Executive Vice-President for an Economy that Works for People, said:<em>\u00a0<\/em><\/p>\n<blockquote><p><em>\u201cThis agreement between the EIB and Banco de Sabadell in Spain, which is backed by the Investment Plan for Europe, is an important sign of EU support for Spanish SMEs which have been hard-hit by the coronavirus crisis. Thanks to this agreement, these businesses will have access to additional financing, which will help them to continue their operations, maintain jobs and kick-start the recovery.\u201d<\/em><\/p><\/blockquote>\n<p><strong>Banco Sabadell Assistant General Manager Sergio Palavecino<\/strong>\u00a0said:<\/p>\n<blockquote><p>\u201c<em>Without a doubt, a key focus for Sabadell continues to be meeting the needs of our companies. The implementation of this new agreement with the EIB provides a clear boost to this strategy, as it enables us to benefit from the support and guarantee of the European body, while we also commit to taking on new financing to serve the present and future ambitions of our SMEs and companies.<\/em>\u201d<\/p><\/blockquote>\n<p><strong>Additional information<\/strong><\/p>\n<h3><strong>EIB response to COVID-19<\/strong><\/h3>\n<p>To combat the economic impact of this crisis in Europe and as part of the package of measures the EU is deploying to tackle the economic effects of the pandemic, on 23\u00a0April\u00a02020 the European Council approved the EIB Group\u2019s creation of a \u20ac25\u00a0billion\u00a0<a href=\"https:\/\/www.eib.org\/en\/products\/egf\/index.htm?q=&amp;sortColumn=boardDate&amp;sortDir=desc&amp;pageNumber=0&amp;itemPerPage=25&amp;pageable=true&amp;language=EN&amp;defaultLanguage=EN&amp;statuses=signed&amp;orstatuses=true&amp;abstractProject=false&amp;orabstractProject=true&amp;orCountries=true&amp;orBeneficiaries=true&amp;orWebsite=true\">Pan-European Guarantee Fund<\/a>\u00a0(EGF) focusing primarily on supporting SMEs across the EU. The fund will make it possible to mobilise up to an estimated \u20ac200\u00a0billion of additional financing.<\/p>\n<p>The EIB Group is playing a key role in directly combating COVID-19 by supporting EU efforts to halt the spread of the pandemic, find a cure for the illness and develop a vaccine. To this end, the EU bank is prioritising all investments related to the health sector and research and development programmes focusing on this goal. The EIB\u2019s current project portfolio for supporting both critical healthcare infrastructure and research and development investments in the EU health sector stands at around \u20ac6\u00a0billion.\u00a0The EIB and the World Health Organization also recently signed an agreement\u00a0to drive cooperation between the two institutions and work together to strengthen healthcare systems in the countries most vulnerable to the pandemic.<\/p>\n<h3>More information<\/h3>\n<p><a href=\"https:\/\/www.eib.org\/en\/press\/all\/2021-112-el-bei-financia-con-300-millones-de-euros-a-banco-de-sabadell-para-apoyar-a-las-empresas-espanolas-afectadas-por-la-pandemia\">Press release &#8211; EIB<\/a><\/p>\n","protected":false},"excerpt":{"rendered":"<p>The European Investment Bank (EIB) is joining forces with Banco de Sabadell to expand its capacity to lend to small and medium-sized enterprises (SMEs) and mid-caps hit by the economic impact of the COVID-19 pandemic. To this end, the EIB will provide \u20ac300\u00a0million in financing to enable the Spanish bank to mobilise a total of [&hellip;]<\/p>\n","protected":false},"author":101011,"featured_media":45741,"comment_status":"open","ping_status":"open","sticky":false,"template":"","format":"standard","meta":{"_acf_changed":false,"_relevanssi_hide_post":"","_relevanssi_hide_content":"","_relevanssi_pin_for_all":"","_relevanssi_pin_keywords":"","_relevanssi_unpin_keywords":"","_relevanssi_related_keywords":"","_relevanssi_related_include_ids":"","_relevanssi_related_exclude_ids":"","_relevanssi_related_no_append":"","_relevanssi_related_not_related":"","_relevanssi_related_posts":"","_relevanssi_noindex_reason":"","_monsterinsights_skip_tracking":false,"_monsterinsights_sitenote_active":false,"_monsterinsights_sitenote_note":"","_monsterinsights_sitenote_category":0,"_genesis_hide_title":false,"_genesis_hide_breadcrumbs":false,"_genesis_hide_singular_image":false,"_genesis_hide_footer_widgets":false,"_genesis_custom_body_class":"","_genesis_custom_post_class":"","_genesis_layout":"","footnotes":""},"categories":[4090,346,4088],"tags":[1352,1060,2921,806],"class_list":{"0":"post-66610","1":"post","2":"type-post","3":"status-publish","4":"format-standard","5":"has-post-thumbnail","7":"category-economy-finance","8":"category-eu-news","9":"category-market","10":"tag-covid-19","11":"tag-eib","12":"tag-sabadell","13":"tag-spain","14":"entry"},"acf":[],"yoast_head":"<!-- This site is optimized with the Yoast SEO plugin v27.4 - https:\/\/yoast.com\/product\/yoast-seo-wordpress\/ -->\n<title>EIB provides \u20ac300 million in financing to Banco de Sabadell to support Spanish companies affected by the pandemic | CDE Almer\u00eda - Centro de Documentaci\u00f3n Europea - Universidad de Almer\u00eda<\/title>\n<meta name=\"robots\" content=\"index, follow, max-snippet:-1, max-image-preview:large, max-video-preview:-1\" \/>\n<link rel=\"canonical\" href=\"https:\/\/www.cde.ual.es\/en\/eib-provides-e300-million-in-financing-to-banco-de-sabadell-to-support-spanish-companies-affected-by-the-pandemic\/\" \/>\n<meta property=\"og:locale\" content=\"en_US\" \/>\n<meta property=\"og:type\" content=\"article\" \/>\n<meta property=\"og:title\" content=\"EIB provides \u20ac300 million in financing to Banco de Sabadell to support Spanish companies affected by the pandemic | CDE Almer\u00eda - Centro de Documentaci\u00f3n Europea - Universidad de Almer\u00eda\" \/>\n<meta property=\"og:description\" content=\"The European Investment Bank (EIB) is joining forces with Banco de Sabadell to expand its capacity to lend to small and medium-sized enterprises (SMEs) and mid-caps hit by the economic impact of the COVID-19 pandemic. To this end, the EIB will provide \u20ac300\u00a0million in financing to enable the Spanish bank to mobilise a total of [&hellip;]\" \/>\n<meta property=\"og:url\" content=\"https:\/\/www.cde.ual.es\/en\/eib-provides-e300-million-in-financing-to-banco-de-sabadell-to-support-spanish-companies-affected-by-the-pandemic\/\" \/>\n<meta property=\"og:site_name\" content=\"CDE Almer\u00eda - Centro de Documentaci\u00f3n Europea - Universidad de Almer\u00eda\" \/>\n<meta property=\"article:publisher\" content=\"https:\/\/www.facebook.com\/cdeuniversidadalmeria\/\" \/>\n<meta property=\"article:published_time\" content=\"2021-04-06T01:00:53+00:00\" \/>\n<meta property=\"article:modified_time\" content=\"2021-09-13T09:14:11+00:00\" \/>\n<meta property=\"og:image\" content=\"https:\/\/www.cde.ual.es\/wp-content\/uploads\/2020\/06\/euro-2427196_1920.jpg\" \/>\n\t<meta property=\"og:image:width\" content=\"1920\" \/>\n\t<meta property=\"og:image:height\" content=\"1440\" \/>\n\t<meta property=\"og:image:type\" content=\"image\/jpeg\" \/>\n<meta name=\"author\" content=\"BECA 2 CDE\" \/>\n<meta name=\"twitter:card\" content=\"summary_large_image\" \/>\n<meta name=\"twitter:creator\" content=\"@cdeualmeria\" \/>\n<meta name=\"twitter:site\" content=\"@cdeualmeria\" \/>\n<meta name=\"twitter:label1\" content=\"Written by\" \/>\n\t<meta name=\"twitter:data1\" content=\"BECA 2 CDE\" \/>\n\t<meta name=\"twitter:label2\" content=\"Est. reading time\" \/>\n\t<meta name=\"twitter:data2\" content=\"3 minutes\" \/>\n<script type=\"application\/ld+json\" class=\"yoast-schema-graph\">{\"@context\":\"https:\\\/\\\/schema.org\",\"@graph\":[{\"@type\":\"Article\",\"@id\":\"https:\\\/\\\/www.cde.ual.es\\\/en\\\/eib-provides-e300-million-in-financing-to-banco-de-sabadell-to-support-spanish-companies-affected-by-the-pandemic\\\/#article\",\"isPartOf\":{\"@id\":\"https:\\\/\\\/www.cde.ual.es\\\/en\\\/eib-provides-e300-million-in-financing-to-banco-de-sabadell-to-support-spanish-companies-affected-by-the-pandemic\\\/\"},\"author\":{\"name\":\"BECA 2 CDE\",\"@id\":\"https:\\\/\\\/www.cde.ual.es\\\/#\\\/schema\\\/person\\\/ee46ebc19edfa19598c02cff83335acc\"},\"headline\":\"EIB provides \u20ac300 million in financing to Banco de Sabadell to support Spanish companies affected by the pandemic\",\"datePublished\":\"2021-04-06T01:00:53+00:00\",\"dateModified\":\"2021-09-13T09:14:11+00:00\",\"mainEntityOfPage\":{\"@id\":\"https:\\\/\\\/www.cde.ual.es\\\/en\\\/eib-provides-e300-million-in-financing-to-banco-de-sabadell-to-support-spanish-companies-affected-by-the-pandemic\\\/\"},\"wordCount\":622,\"commentCount\":0,\"publisher\":{\"@id\":\"https:\\\/\\\/www.cde.ual.es\\\/#organization\"},\"image\":{\"@id\":\"https:\\\/\\\/www.cde.ual.es\\\/en\\\/eib-provides-e300-million-in-financing-to-banco-de-sabadell-to-support-spanish-companies-affected-by-the-pandemic\\\/#primaryimage\"},\"thumbnailUrl\":\"https:\\\/\\\/www.cde.ual.es\\\/wp-content\\\/uploads\\\/2020\\\/06\\\/euro-2427196_1920.jpg\",\"keywords\":[\"covid-19\",\"EIB\",\"Sabadell\",\"Spain\"],\"articleSection\":[\"Economy and Finance\",\"EU News\",\"Market\"],\"inLanguage\":\"en-US\",\"potentialAction\":[{\"@type\":\"CommentAction\",\"name\":\"Comment\",\"target\":[\"https:\\\/\\\/www.cde.ual.es\\\/en\\\/eib-provides-e300-million-in-financing-to-banco-de-sabadell-to-support-spanish-companies-affected-by-the-pandemic\\\/#respond\"]}]},{\"@type\":\"WebPage\",\"@id\":\"https:\\\/\\\/www.cde.ual.es\\\/en\\\/eib-provides-e300-million-in-financing-to-banco-de-sabadell-to-support-spanish-companies-affected-by-the-pandemic\\\/\",\"url\":\"https:\\\/\\\/www.cde.ual.es\\\/en\\\/eib-provides-e300-million-in-financing-to-banco-de-sabadell-to-support-spanish-companies-affected-by-the-pandemic\\\/\",\"name\":\"EIB provides \u20ac300 million in financing to Banco de Sabadell to support Spanish companies affected by the pandemic | CDE Almer\u00eda - Centro de Documentaci\u00f3n Europea - Universidad de Almer\u00eda\",\"isPartOf\":{\"@id\":\"https:\\\/\\\/www.cde.ual.es\\\/#website\"},\"primaryImageOfPage\":{\"@id\":\"https:\\\/\\\/www.cde.ual.es\\\/en\\\/eib-provides-e300-million-in-financing-to-banco-de-sabadell-to-support-spanish-companies-affected-by-the-pandemic\\\/#primaryimage\"},\"image\":{\"@id\":\"https:\\\/\\\/www.cde.ual.es\\\/en\\\/eib-provides-e300-million-in-financing-to-banco-de-sabadell-to-support-spanish-companies-affected-by-the-pandemic\\\/#primaryimage\"},\"thumbnailUrl\":\"https:\\\/\\\/www.cde.ual.es\\\/wp-content\\\/uploads\\\/2020\\\/06\\\/euro-2427196_1920.jpg\",\"datePublished\":\"2021-04-06T01:00:53+00:00\",\"dateModified\":\"2021-09-13T09:14:11+00:00\",\"breadcrumb\":{\"@id\":\"https:\\\/\\\/www.cde.ual.es\\\/en\\\/eib-provides-e300-million-in-financing-to-banco-de-sabadell-to-support-spanish-companies-affected-by-the-pandemic\\\/#breadcrumb\"},\"inLanguage\":\"en-US\",\"potentialAction\":[{\"@type\":\"ReadAction\",\"target\":[\"https:\\\/\\\/www.cde.ual.es\\\/en\\\/eib-provides-e300-million-in-financing-to-banco-de-sabadell-to-support-spanish-companies-affected-by-the-pandemic\\\/\"]}]},{\"@type\":\"ImageObject\",\"inLanguage\":\"en-US\",\"@id\":\"https:\\\/\\\/www.cde.ual.es\\\/en\\\/eib-provides-e300-million-in-financing-to-banco-de-sabadell-to-support-spanish-companies-affected-by-the-pandemic\\\/#primaryimage\",\"url\":\"https:\\\/\\\/www.cde.ual.es\\\/wp-content\\\/uploads\\\/2020\\\/06\\\/euro-2427196_1920.jpg\",\"contentUrl\":\"https:\\\/\\\/www.cde.ual.es\\\/wp-content\\\/uploads\\\/2020\\\/06\\\/euro-2427196_1920.jpg\",\"width\":1920,\"height\":1440},{\"@type\":\"BreadcrumbList\",\"@id\":\"https:\\\/\\\/www.cde.ual.es\\\/en\\\/eib-provides-e300-million-in-financing-to-banco-de-sabadell-to-support-spanish-companies-affected-by-the-pandemic\\\/#breadcrumb\",\"itemListElement\":[{\"@type\":\"ListItem\",\"position\":1,\"name\":\"Inicio\",\"item\":\"https:\\\/\\\/www.cde.ual.es\\\/en\\\/\"},{\"@type\":\"ListItem\",\"position\":2,\"name\":\"EU News\",\"item\":\"https:\\\/\\\/www.cde.ual.es\\\/en\\\/category\\\/eu-news\\\/\"},{\"@type\":\"ListItem\",\"position\":3,\"name\":\"Market\",\"item\":\"https:\\\/\\\/www.cde.ual.es\\\/en\\\/category\\\/eu-news\\\/market\\\/\"},{\"@type\":\"ListItem\",\"position\":4,\"name\":\"Economy and Finance\",\"item\":\"https:\\\/\\\/www.cde.ual.es\\\/en\\\/category\\\/eu-news\\\/market\\\/economy-finance\\\/\"},{\"@type\":\"ListItem\",\"position\":5,\"name\":\"EIB provides \u20ac300 million in financing to Banco de Sabadell to support Spanish companies affected by the pandemic\"}]},{\"@type\":\"WebSite\",\"@id\":\"https:\\\/\\\/www.cde.ual.es\\\/#website\",\"url\":\"https:\\\/\\\/www.cde.ual.es\\\/\",\"name\":\"CDE Almer\u00eda - Centro de Documentaci\u00f3n Europea - Universidad de Almer\u00eda\",\"description\":\"Centro de Documentaci\u00f3n Europea de la Universidad de Almer\u00eda\",\"publisher\":{\"@id\":\"https:\\\/\\\/www.cde.ual.es\\\/#organization\"},\"alternateName\":\"CDE Almer\u00eda\",\"potentialAction\":[{\"@type\":\"SearchAction\",\"target\":{\"@type\":\"EntryPoint\",\"urlTemplate\":\"https:\\\/\\\/www.cde.ual.es\\\/?s={search_term_string}\"},\"query-input\":{\"@type\":\"PropertyValueSpecification\",\"valueRequired\":true,\"valueName\":\"search_term_string\"}}],\"inLanguage\":\"en-US\"},{\"@type\":\"Organization\",\"@id\":\"https:\\\/\\\/www.cde.ual.es\\\/#organization\",\"name\":\"Centro de Documentaci\u00f3n Europea de Almer\u00eda\",\"url\":\"https:\\\/\\\/www.cde.ual.es\\\/\",\"logo\":{\"@type\":\"ImageObject\",\"inLanguage\":\"en-US\",\"@id\":\"https:\\\/\\\/www.cde.ual.es\\\/#\\\/schema\\\/logo\\\/image\\\/\",\"url\":\"https:\\\/\\\/www.cde.ual.es\\\/wp-content\\\/uploads\\\/2025\\\/07\\\/cde-logo-3.png\",\"contentUrl\":\"https:\\\/\\\/www.cde.ual.es\\\/wp-content\\\/uploads\\\/2025\\\/07\\\/cde-logo-3.png\",\"width\":1400,\"height\":300,\"caption\":\"Centro de Documentaci\u00f3n Europea de Almer\u00eda\"},\"image\":{\"@id\":\"https:\\\/\\\/www.cde.ual.es\\\/#\\\/schema\\\/logo\\\/image\\\/\"},\"sameAs\":[\"https:\\\/\\\/www.facebook.com\\\/cdeuniversidadalmeria\\\/\",\"https:\\\/\\\/x.com\\\/cdeualmeria\",\"https:\\\/\\\/www.tiktok.com\\\/@cdealmeria\",\"https:\\\/\\\/www.instagram.com\\\/cdealmeria\\\/\",\"https:\\\/\\\/www.linkedin.com\\\/in\\\/cde-almera-812b26a9\\\/\"]},{\"@type\":\"Person\",\"@id\":\"https:\\\/\\\/www.cde.ual.es\\\/#\\\/schema\\\/person\\\/ee46ebc19edfa19598c02cff83335acc\",\"name\":\"BECA 2 CDE\",\"image\":{\"@type\":\"ImageObject\",\"inLanguage\":\"en-US\",\"@id\":\"https:\\\/\\\/secure.gravatar.com\\\/avatar\\\/35a481bbc04bbd90e91bdfa3b0b5541036c222a49b9ad37b6889a2afcb5311a5?s=96&d=mm&r=g\",\"url\":\"https:\\\/\\\/secure.gravatar.com\\\/avatar\\\/35a481bbc04bbd90e91bdfa3b0b5541036c222a49b9ad37b6889a2afcb5311a5?s=96&d=mm&r=g\",\"contentUrl\":\"https:\\\/\\\/secure.gravatar.com\\\/avatar\\\/35a481bbc04bbd90e91bdfa3b0b5541036c222a49b9ad37b6889a2afcb5311a5?s=96&d=mm&r=g\",\"caption\":\"BECA 2 CDE\"},\"sameAs\":[\"http:\\\/\\\/www.cdealmeria.com\"]}]}<\/script>\n<!-- \/ Yoast SEO plugin. -->","yoast_head_json":{"title":"EIB provides \u20ac300 million in financing to Banco de Sabadell to support Spanish companies affected by the pandemic | CDE Almer\u00eda - Centro de Documentaci\u00f3n Europea - Universidad de Almer\u00eda","robots":{"index":"index","follow":"follow","max-snippet":"max-snippet:-1","max-image-preview":"max-image-preview:large","max-video-preview":"max-video-preview:-1"},"canonical":"https:\/\/www.cde.ual.es\/en\/eib-provides-e300-million-in-financing-to-banco-de-sabadell-to-support-spanish-companies-affected-by-the-pandemic\/","og_locale":"en_US","og_type":"article","og_title":"EIB provides \u20ac300 million in financing to Banco de Sabadell to support Spanish companies affected by the pandemic | CDE Almer\u00eda - Centro de Documentaci\u00f3n Europea - Universidad de Almer\u00eda","og_description":"The European Investment Bank (EIB) is joining forces with Banco de Sabadell to expand its capacity to lend to small and medium-sized enterprises (SMEs) and mid-caps hit by the economic impact of the COVID-19 pandemic. To this end, the EIB will provide \u20ac300\u00a0million in financing to enable the Spanish bank to mobilise a total of [&hellip;]","og_url":"https:\/\/www.cde.ual.es\/en\/eib-provides-e300-million-in-financing-to-banco-de-sabadell-to-support-spanish-companies-affected-by-the-pandemic\/","og_site_name":"CDE Almer\u00eda - Centro de Documentaci\u00f3n Europea - Universidad de Almer\u00eda","article_publisher":"https:\/\/www.facebook.com\/cdeuniversidadalmeria\/","article_published_time":"2021-04-06T01:00:53+00:00","article_modified_time":"2021-09-13T09:14:11+00:00","og_image":[{"width":1920,"height":1440,"url":"https:\/\/www.cde.ual.es\/wp-content\/uploads\/2020\/06\/euro-2427196_1920.jpg","type":"image\/jpeg"}],"author":"BECA 2 CDE","twitter_card":"summary_large_image","twitter_creator":"@cdeualmeria","twitter_site":"@cdeualmeria","twitter_misc":{"Written by":"BECA 2 CDE","Est. reading time":"3 minutes"},"schema":{"@context":"https:\/\/schema.org","@graph":[{"@type":"Article","@id":"https:\/\/www.cde.ual.es\/en\/eib-provides-e300-million-in-financing-to-banco-de-sabadell-to-support-spanish-companies-affected-by-the-pandemic\/#article","isPartOf":{"@id":"https:\/\/www.cde.ual.es\/en\/eib-provides-e300-million-in-financing-to-banco-de-sabadell-to-support-spanish-companies-affected-by-the-pandemic\/"},"author":{"name":"BECA 2 CDE","@id":"https:\/\/www.cde.ual.es\/#\/schema\/person\/ee46ebc19edfa19598c02cff83335acc"},"headline":"EIB provides \u20ac300 million in financing to Banco de Sabadell to support Spanish companies affected by the pandemic","datePublished":"2021-04-06T01:00:53+00:00","dateModified":"2021-09-13T09:14:11+00:00","mainEntityOfPage":{"@id":"https:\/\/www.cde.ual.es\/en\/eib-provides-e300-million-in-financing-to-banco-de-sabadell-to-support-spanish-companies-affected-by-the-pandemic\/"},"wordCount":622,"commentCount":0,"publisher":{"@id":"https:\/\/www.cde.ual.es\/#organization"},"image":{"@id":"https:\/\/www.cde.ual.es\/en\/eib-provides-e300-million-in-financing-to-banco-de-sabadell-to-support-spanish-companies-affected-by-the-pandemic\/#primaryimage"},"thumbnailUrl":"https:\/\/www.cde.ual.es\/wp-content\/uploads\/2020\/06\/euro-2427196_1920.jpg","keywords":["covid-19","EIB","Sabadell","Spain"],"articleSection":["Economy and Finance","EU News","Market"],"inLanguage":"en-US","potentialAction":[{"@type":"CommentAction","name":"Comment","target":["https:\/\/www.cde.ual.es\/en\/eib-provides-e300-million-in-financing-to-banco-de-sabadell-to-support-spanish-companies-affected-by-the-pandemic\/#respond"]}]},{"@type":"WebPage","@id":"https:\/\/www.cde.ual.es\/en\/eib-provides-e300-million-in-financing-to-banco-de-sabadell-to-support-spanish-companies-affected-by-the-pandemic\/","url":"https:\/\/www.cde.ual.es\/en\/eib-provides-e300-million-in-financing-to-banco-de-sabadell-to-support-spanish-companies-affected-by-the-pandemic\/","name":"EIB provides \u20ac300 million in financing to Banco de Sabadell to support Spanish companies affected by the pandemic | CDE Almer\u00eda - Centro de Documentaci\u00f3n Europea - Universidad de Almer\u00eda","isPartOf":{"@id":"https:\/\/www.cde.ual.es\/#website"},"primaryImageOfPage":{"@id":"https:\/\/www.cde.ual.es\/en\/eib-provides-e300-million-in-financing-to-banco-de-sabadell-to-support-spanish-companies-affected-by-the-pandemic\/#primaryimage"},"image":{"@id":"https:\/\/www.cde.ual.es\/en\/eib-provides-e300-million-in-financing-to-banco-de-sabadell-to-support-spanish-companies-affected-by-the-pandemic\/#primaryimage"},"thumbnailUrl":"https:\/\/www.cde.ual.es\/wp-content\/uploads\/2020\/06\/euro-2427196_1920.jpg","datePublished":"2021-04-06T01:00:53+00:00","dateModified":"2021-09-13T09:14:11+00:00","breadcrumb":{"@id":"https:\/\/www.cde.ual.es\/en\/eib-provides-e300-million-in-financing-to-banco-de-sabadell-to-support-spanish-companies-affected-by-the-pandemic\/#breadcrumb"},"inLanguage":"en-US","potentialAction":[{"@type":"ReadAction","target":["https:\/\/www.cde.ual.es\/en\/eib-provides-e300-million-in-financing-to-banco-de-sabadell-to-support-spanish-companies-affected-by-the-pandemic\/"]}]},{"@type":"ImageObject","inLanguage":"en-US","@id":"https:\/\/www.cde.ual.es\/en\/eib-provides-e300-million-in-financing-to-banco-de-sabadell-to-support-spanish-companies-affected-by-the-pandemic\/#primaryimage","url":"https:\/\/www.cde.ual.es\/wp-content\/uploads\/2020\/06\/euro-2427196_1920.jpg","contentUrl":"https:\/\/www.cde.ual.es\/wp-content\/uploads\/2020\/06\/euro-2427196_1920.jpg","width":1920,"height":1440},{"@type":"BreadcrumbList","@id":"https:\/\/www.cde.ual.es\/en\/eib-provides-e300-million-in-financing-to-banco-de-sabadell-to-support-spanish-companies-affected-by-the-pandemic\/#breadcrumb","itemListElement":[{"@type":"ListItem","position":1,"name":"Inicio","item":"https:\/\/www.cde.ual.es\/en\/"},{"@type":"ListItem","position":2,"name":"EU News","item":"https:\/\/www.cde.ual.es\/en\/category\/eu-news\/"},{"@type":"ListItem","position":3,"name":"Market","item":"https:\/\/www.cde.ual.es\/en\/category\/eu-news\/market\/"},{"@type":"ListItem","position":4,"name":"Economy and Finance","item":"https:\/\/www.cde.ual.es\/en\/category\/eu-news\/market\/economy-finance\/"},{"@type":"ListItem","position":5,"name":"EIB provides \u20ac300 million in financing to Banco de Sabadell to support Spanish companies affected by the pandemic"}]},{"@type":"WebSite","@id":"https:\/\/www.cde.ual.es\/#website","url":"https:\/\/www.cde.ual.es\/","name":"CDE Almer\u00eda - Centro de Documentaci\u00f3n Europea - Universidad de Almer\u00eda","description":"Centro de Documentaci\u00f3n Europea de la Universidad de Almer\u00eda","publisher":{"@id":"https:\/\/www.cde.ual.es\/#organization"},"alternateName":"CDE Almer\u00eda","potentialAction":[{"@type":"SearchAction","target":{"@type":"EntryPoint","urlTemplate":"https:\/\/www.cde.ual.es\/?s={search_term_string}"},"query-input":{"@type":"PropertyValueSpecification","valueRequired":true,"valueName":"search_term_string"}}],"inLanguage":"en-US"},{"@type":"Organization","@id":"https:\/\/www.cde.ual.es\/#organization","name":"Centro de Documentaci\u00f3n Europea de Almer\u00eda","url":"https:\/\/www.cde.ual.es\/","logo":{"@type":"ImageObject","inLanguage":"en-US","@id":"https:\/\/www.cde.ual.es\/#\/schema\/logo\/image\/","url":"https:\/\/www.cde.ual.es\/wp-content\/uploads\/2025\/07\/cde-logo-3.png","contentUrl":"https:\/\/www.cde.ual.es\/wp-content\/uploads\/2025\/07\/cde-logo-3.png","width":1400,"height":300,"caption":"Centro de Documentaci\u00f3n Europea de Almer\u00eda"},"image":{"@id":"https:\/\/www.cde.ual.es\/#\/schema\/logo\/image\/"},"sameAs":["https:\/\/www.facebook.com\/cdeuniversidadalmeria\/","https:\/\/x.com\/cdeualmeria","https:\/\/www.tiktok.com\/@cdealmeria","https:\/\/www.instagram.com\/cdealmeria\/","https:\/\/www.linkedin.com\/in\/cde-almera-812b26a9\/"]},{"@type":"Person","@id":"https:\/\/www.cde.ual.es\/#\/schema\/person\/ee46ebc19edfa19598c02cff83335acc","name":"BECA 2 CDE","image":{"@type":"ImageObject","inLanguage":"en-US","@id":"https:\/\/secure.gravatar.com\/avatar\/35a481bbc04bbd90e91bdfa3b0b5541036c222a49b9ad37b6889a2afcb5311a5?s=96&d=mm&r=g","url":"https:\/\/secure.gravatar.com\/avatar\/35a481bbc04bbd90e91bdfa3b0b5541036c222a49b9ad37b6889a2afcb5311a5?s=96&d=mm&r=g","contentUrl":"https:\/\/secure.gravatar.com\/avatar\/35a481bbc04bbd90e91bdfa3b0b5541036c222a49b9ad37b6889a2afcb5311a5?s=96&d=mm&r=g","caption":"BECA 2 CDE"},"sameAs":["http:\/\/www.cdealmeria.com"]}]}},"_links":{"self":[{"href":"https:\/\/www.cde.ual.es\/en\/wp-json\/wp\/v2\/posts\/66610","targetHints":{"allow":["GET"]}}],"collection":[{"href":"https:\/\/www.cde.ual.es\/en\/wp-json\/wp\/v2\/posts"}],"about":[{"href":"https:\/\/www.cde.ual.es\/en\/wp-json\/wp\/v2\/types\/post"}],"author":[{"embeddable":true,"href":"https:\/\/www.cde.ual.es\/en\/wp-json\/wp\/v2\/users\/101011"}],"replies":[{"embeddable":true,"href":"https:\/\/www.cde.ual.es\/en\/wp-json\/wp\/v2\/comments?post=66610"}],"version-history":[{"count":0,"href":"https:\/\/www.cde.ual.es\/en\/wp-json\/wp\/v2\/posts\/66610\/revisions"}],"wp:featuredmedia":[{"embeddable":true,"href":"https:\/\/www.cde.ual.es\/en\/wp-json\/wp\/v2\/media\/45741"}],"wp:attachment":[{"href":"https:\/\/www.cde.ual.es\/en\/wp-json\/wp\/v2\/media?parent=66610"}],"wp:term":[{"taxonomy":"category","embeddable":true,"href":"https:\/\/www.cde.ual.es\/en\/wp-json\/wp\/v2\/categories?post=66610"},{"taxonomy":"post_tag","embeddable":true,"href":"https:\/\/www.cde.ual.es\/en\/wp-json\/wp\/v2\/tags?post=66610"}],"curies":[{"name":"wp","href":"https:\/\/api.w.org\/{rel}","templated":true}]}}