{"id":66164,"date":"2021-04-12T03:00:51","date_gmt":"2021-04-12T01:00:51","guid":{"rendered":"https:\/\/www.cde.ual.es\/?p=66164"},"modified":"2021-09-13T10:01:39","modified_gmt":"2021-09-13T08:01:39","slug":"associate-professor-in-architecture-in-norway","status":"publish","type":"post","link":"https:\/\/www.cde.ual.es\/en\/associate-professor-in-architecture-in-norway\/","title":{"rendered":"Associate Professor in Architecture in Norway"},"content":{"rendered":"<h3><a href=\"https:\/\/www.cde.ual.es\/wp-content\/uploads\/2021\/03\/all-bong-JDN-_FIqB3k-unsplash-scaled.jpg\"><img decoding=\"async\" class=\" wp-image-66165 aligncenter\" src=\"https:\/\/www.cde.ual.es\/wp-content\/uploads\/2021\/03\/all-bong-JDN-_FIqB3k-unsplash-1024x680.jpg\" alt=\"\" width=\"438\" height=\"291\" srcset=\"https:\/\/www.cde.ual.es\/wp-content\/uploads\/2021\/03\/all-bong-JDN-_FIqB3k-unsplash-1024x680.jpg 1024w, https:\/\/www.cde.ual.es\/wp-content\/uploads\/2021\/03\/all-bong-JDN-_FIqB3k-unsplash-300x199.jpg 300w, https:\/\/www.cde.ual.es\/wp-content\/uploads\/2021\/03\/all-bong-JDN-_FIqB3k-unsplash-768x510.jpg 768w, https:\/\/www.cde.ual.es\/wp-content\/uploads\/2021\/03\/all-bong-JDN-_FIqB3k-unsplash-1536x1021.jpg 1536w, https:\/\/www.cde.ual.es\/wp-content\/uploads\/2021\/03\/all-bong-JDN-_FIqB3k-unsplash-2048x1361.jpg 2048w\" sizes=\"(max-width: 438px) 100vw, 438px\" \/><\/a><\/h3>\n<h3>Description<\/h3>\n<p>The Department of Architecture and Planning (IAP)\u00a0is one of four departments at\u00a0the Faculty of Architecture and Design\u00a0at NTNU. The department offers education at master\u2019s level in Architecture, Physical Planning, Urban Ecological Planning, as well as Real Estate and Facilities Management. IAP also carries out academic research related to the study programmes as well as research on Smart Cities.<\/p>\n<p>The position is part of a strategic initiative to strengthen the department\u2019s capability towards the use of geographic information technology in planning, spatial and urban research. The position will be anchored in the IAP education programmes while strongly linked to the Smart Cities group. A key element for both will be the interface between urban research and geographical technology-based methods, founded on an insight that technological changes and digitalisation are becoming increasingly important to our academic fields.<\/p>\n<h3>Criteria<\/h3>\n<ul>\n<li>Master&#8217;s Degree in urban planning, geography, civil engineering, or architectureInnovative capabilities in use of geographical information systems, towards analysis or method\u2019s development<\/li>\n<li>Practice in the use of GIS aimed at spatial planning and urban research, from public or private sector<\/li>\n<li>Interdisciplinary research and publishing, in national and international arenas<\/li>\n<li>Proficient in English, basic oral and written ability in a Scandinavian language<\/li>\n<li>Good overview of the field and ability to conduct reflected, analytical and critical subject-matter discussions with students and colleagues<\/li>\n<\/ul>\n<h3 data-ng-bind=\"component.heading\">Personal characteristics<\/h3>\n<ul>\n<li>Good communication and dissemination capabilities<\/li>\n<li>Ability to work independently as well as in teams<\/li>\n<li>Strong interpersonal skills<\/li>\n<li>Desire and vision to advance research development<\/li>\n<li>Flexibility, hereunder ability to update work plans at any time to achieve the goals in the best possible way<\/li>\n<\/ul>\n<div class=\"description__paragraph paragraph\">\n<div class=\"longtext field-skills-qualifications\">\n<h3>Organisation<\/h3>\n<p>NTNU Norwegian University of Science and Technology<\/p>\n<h3>Research Field<\/h3>\n<div>Architecture<\/div>\n<\/div>\n<\/div>\n<div class=\"row\">\n<div class=\"col-sm-8 col-sm-offset-2 col-md-6 col-md-offset-3\">\n<div id=\"bootstrap-fieldgroup-accordion--accordion-group\" class=\"panel-group bootstrap-fieldgroup-accordion\">\n<div class=\"panel panel-default required-fields expanded\">\n<div id=\"bootstrap-fieldgroup-accordion-item--requirements-0\" class=\"panel-collapse required-fields collapse in\" aria-expanded=\"true\">\n<div class=\"panel-body\">\n<div class=\"row\">\n<div class=\"col-xs-12 field-offer-requirements\">\n<div class=\"longtext field-specific-requirements\">\n<div class=\"row\">\n<div class=\"col-xs-12 col-sm-7 value field-company-institute inline\">\n<div class=\"row\">\n<div class=\"col-xs-12 col-sm-7 value field-company-institute inline\">\n<div class=\"row\">\n<div class=\"row\">\n<h3>Location<\/h3>\n<\/div>\n<\/div>\n<\/div>\n<\/div>\n<\/div>\n<\/div>\n<p>Norway \u203a Trondheim<\/p>\n<h3>Deadline<\/h3>\n<p>25 April 2021<\/p>\n<\/div>\n<\/div>\n<\/div>\n<\/div>\n<\/div>\n<\/div>\n<\/div>\n<\/div>\n<\/div>\n<h3>More information<\/h3>\n<p><a href=\"https:\/\/euraxess.ec.europa.eu\/jobs\/618411\" target=\"_blank\" rel=\"noopener\">Euraxess<\/a><\/p>\n","protected":false},"excerpt":{"rendered":"<p>Description The Department of Architecture and Planning (IAP)\u00a0is one of four departments at\u00a0the Faculty of Architecture and Design\u00a0at NTNU. The department offers education at master\u2019s level in Architecture, Physical Planning, Urban Ecological Planning, as well as Real Estate and Facilities Management. IAP also carries out academic research related to the study programmes as well as [&hellip;]<\/p>\n","protected":false},"author":101012,"featured_media":66165,"comment_status":"open","ping_status":"open","sticky":false,"template":"","format":"standard","meta":{"_acf_changed":false,"_relevanssi_hide_post":"","_relevanssi_hide_content":"","_relevanssi_pin_for_all":"","_relevanssi_pin_keywords":"","_relevanssi_unpin_keywords":"","_relevanssi_related_keywords":"","_relevanssi_related_include_ids":"","_relevanssi_related_exclude_ids":"","_relevanssi_related_no_append":"","_relevanssi_related_not_related":"","_relevanssi_related_posts":"","_relevanssi_noindex_reason":"","_monsterinsights_skip_tracking":false,"_monsterinsights_sitenote_active":false,"_monsterinsights_sitenote_note":"","_monsterinsights_sitenote_category":0,"_genesis_hide_title":false,"_genesis_hide_breadcrumbs":false,"_genesis_hide_singular_image":false,"_genesis_hide_footer_widgets":false,"_genesis_custom_body_class":"","_genesis_custom_post_class":"","_genesis_layout":"","footnotes":""},"categories":[4048,366,4043],"tags":[1075,848,784],"class_list":{"0":"post-66164","1":"post","2":"type-post","3":"status-publish","4":"format-standard","5":"has-post-thumbnail","7":"category-engineering-architecture","8":"category-eu-calls-and-awards","9":"category-euraxess-en","10":"tag-architecture","11":"tag-euraxess-en","12":"tag-norway","13":"entry"},"acf":[],"yoast_head":"<!-- This site is optimized with the Yoast SEO plugin v27.4 - https:\/\/yoast.com\/product\/yoast-seo-wordpress\/ -->\n<title>Associate Professor in Architecture in Norway | CDE Almer\u00eda - Centro de Documentaci\u00f3n Europea - Universidad de Almer\u00eda<\/title>\n<meta name=\"robots\" content=\"index, follow, max-snippet:-1, max-image-preview:large, max-video-preview:-1\" \/>\n<link rel=\"canonical\" href=\"https:\/\/www.cde.ual.es\/en\/associate-professor-in-architecture-in-norway\/\" \/>\n<meta property=\"og:locale\" content=\"en_US\" \/>\n<meta property=\"og:type\" content=\"article\" \/>\n<meta property=\"og:title\" content=\"Associate Professor in Architecture in Norway | CDE Almer\u00eda - Centro de Documentaci\u00f3n Europea - Universidad de Almer\u00eda\" \/>\n<meta property=\"og:description\" content=\"Description The Department of Architecture and Planning (IAP)\u00a0is one of four departments at\u00a0the Faculty of Architecture and Design\u00a0at NTNU. The department offers education at master\u2019s level in Architecture, Physical Planning, Urban Ecological Planning, as well as Real Estate and Facilities Management. IAP also carries out academic research related to the study programmes as well as [&hellip;]\" \/>\n<meta property=\"og:url\" content=\"https:\/\/www.cde.ual.es\/en\/associate-professor-in-architecture-in-norway\/\" \/>\n<meta property=\"og:site_name\" content=\"CDE Almer\u00eda - Centro de Documentaci\u00f3n Europea - Universidad de Almer\u00eda\" \/>\n<meta property=\"article:publisher\" content=\"https:\/\/www.facebook.com\/cdeuniversidadalmeria\/\" \/>\n<meta property=\"article:published_time\" content=\"2021-04-12T01:00:51+00:00\" \/>\n<meta property=\"article:modified_time\" content=\"2021-09-13T08:01:39+00:00\" \/>\n<meta property=\"og:image\" content=\"https:\/\/www.cde.ual.es\/wp-content\/uploads\/2021\/03\/all-bong-JDN-_FIqB3k-unsplash-scaled.jpg\" \/>\n\t<meta property=\"og:image:width\" content=\"2560\" \/>\n\t<meta property=\"og:image:height\" content=\"1701\" \/>\n\t<meta property=\"og:image:type\" content=\"image\/jpeg\" \/>\n<meta name=\"author\" content=\"BECACDE1\" \/>\n<meta name=\"twitter:card\" content=\"summary_large_image\" \/>\n<meta name=\"twitter:creator\" content=\"@cdeualmeria\" \/>\n<meta name=\"twitter:site\" content=\"@cdeualmeria\" \/>\n<meta name=\"twitter:label1\" content=\"Written by\" \/>\n\t<meta name=\"twitter:data1\" content=\"BECACDE1\" \/>\n\t<meta name=\"twitter:label2\" content=\"Est. reading time\" \/>\n\t<meta name=\"twitter:data2\" content=\"1 minute\" \/>\n<script type=\"application\/ld+json\" class=\"yoast-schema-graph\">{\"@context\":\"https:\\\/\\\/schema.org\",\"@graph\":[{\"@type\":\"Article\",\"@id\":\"https:\\\/\\\/www.cde.ual.es\\\/en\\\/associate-professor-in-architecture-in-norway\\\/#article\",\"isPartOf\":{\"@id\":\"https:\\\/\\\/www.cde.ual.es\\\/en\\\/associate-professor-in-architecture-in-norway\\\/\"},\"author\":{\"name\":\"BECACDE1\",\"@id\":\"https:\\\/\\\/www.cde.ual.es\\\/#\\\/schema\\\/person\\\/bf2f837cf3353e2161fe1087adbd728f\"},\"headline\":\"Associate Professor in Architecture in Norway\",\"datePublished\":\"2021-04-12T01:00:51+00:00\",\"dateModified\":\"2021-09-13T08:01:39+00:00\",\"mainEntityOfPage\":{\"@id\":\"https:\\\/\\\/www.cde.ual.es\\\/en\\\/associate-professor-in-architecture-in-norway\\\/\"},\"wordCount\":294,\"commentCount\":0,\"publisher\":{\"@id\":\"https:\\\/\\\/www.cde.ual.es\\\/#organization\"},\"image\":{\"@id\":\"https:\\\/\\\/www.cde.ual.es\\\/en\\\/associate-professor-in-architecture-in-norway\\\/#primaryimage\"},\"thumbnailUrl\":\"https:\\\/\\\/www.cde.ual.es\\\/wp-content\\\/uploads\\\/2021\\\/03\\\/all-bong-JDN-_FIqB3k-unsplash-scaled.jpg\",\"keywords\":[\"Architecture\",\"Euraxess\",\"Norway\"],\"articleSection\":[\"Engineering and Architecture\",\"EU Calls and Awards\",\"Euraxess\"],\"inLanguage\":\"en-US\",\"potentialAction\":[{\"@type\":\"CommentAction\",\"name\":\"Comment\",\"target\":[\"https:\\\/\\\/www.cde.ual.es\\\/en\\\/associate-professor-in-architecture-in-norway\\\/#respond\"]}]},{\"@type\":\"WebPage\",\"@id\":\"https:\\\/\\\/www.cde.ual.es\\\/en\\\/associate-professor-in-architecture-in-norway\\\/\",\"url\":\"https:\\\/\\\/www.cde.ual.es\\\/en\\\/associate-professor-in-architecture-in-norway\\\/\",\"name\":\"Associate Professor in Architecture in Norway | CDE Almer\u00eda - Centro de Documentaci\u00f3n Europea - Universidad de Almer\u00eda\",\"isPartOf\":{\"@id\":\"https:\\\/\\\/www.cde.ual.es\\\/#website\"},\"primaryImageOfPage\":{\"@id\":\"https:\\\/\\\/www.cde.ual.es\\\/en\\\/associate-professor-in-architecture-in-norway\\\/#primaryimage\"},\"image\":{\"@id\":\"https:\\\/\\\/www.cde.ual.es\\\/en\\\/associate-professor-in-architecture-in-norway\\\/#primaryimage\"},\"thumbnailUrl\":\"https:\\\/\\\/www.cde.ual.es\\\/wp-content\\\/uploads\\\/2021\\\/03\\\/all-bong-JDN-_FIqB3k-unsplash-scaled.jpg\",\"datePublished\":\"2021-04-12T01:00:51+00:00\",\"dateModified\":\"2021-09-13T08:01:39+00:00\",\"breadcrumb\":{\"@id\":\"https:\\\/\\\/www.cde.ual.es\\\/en\\\/associate-professor-in-architecture-in-norway\\\/#breadcrumb\"},\"inLanguage\":\"en-US\",\"potentialAction\":[{\"@type\":\"ReadAction\",\"target\":[\"https:\\\/\\\/www.cde.ual.es\\\/en\\\/associate-professor-in-architecture-in-norway\\\/\"]}]},{\"@type\":\"ImageObject\",\"inLanguage\":\"en-US\",\"@id\":\"https:\\\/\\\/www.cde.ual.es\\\/en\\\/associate-professor-in-architecture-in-norway\\\/#primaryimage\",\"url\":\"https:\\\/\\\/www.cde.ual.es\\\/wp-content\\\/uploads\\\/2021\\\/03\\\/all-bong-JDN-_FIqB3k-unsplash-scaled.jpg\",\"contentUrl\":\"https:\\\/\\\/www.cde.ual.es\\\/wp-content\\\/uploads\\\/2021\\\/03\\\/all-bong-JDN-_FIqB3k-unsplash-scaled.jpg\",\"width\":2560,\"height\":1701},{\"@type\":\"BreadcrumbList\",\"@id\":\"https:\\\/\\\/www.cde.ual.es\\\/en\\\/associate-professor-in-architecture-in-norway\\\/#breadcrumb\",\"itemListElement\":[{\"@type\":\"ListItem\",\"position\":1,\"name\":\"Inicio\",\"item\":\"https:\\\/\\\/www.cde.ual.es\\\/en\\\/\"},{\"@type\":\"ListItem\",\"position\":2,\"name\":\"EU Calls and Awards\",\"item\":\"https:\\\/\\\/www.cde.ual.es\\\/en\\\/category\\\/eu-calls-and-awards\\\/\"},{\"@type\":\"ListItem\",\"position\":3,\"name\":\"Euraxess\",\"item\":\"https:\\\/\\\/www.cde.ual.es\\\/en\\\/category\\\/eu-calls-and-awards\\\/euraxess-en\\\/\"},{\"@type\":\"ListItem\",\"position\":4,\"name\":\"Engineering and Architecture\",\"item\":\"https:\\\/\\\/www.cde.ual.es\\\/en\\\/category\\\/eu-calls-and-awards\\\/euraxess-en\\\/engineering-architecture\\\/\"},{\"@type\":\"ListItem\",\"position\":5,\"name\":\"Associate Professor in Architecture in Norway\"}]},{\"@type\":\"WebSite\",\"@id\":\"https:\\\/\\\/www.cde.ual.es\\\/#website\",\"url\":\"https:\\\/\\\/www.cde.ual.es\\\/\",\"name\":\"CDE Almer\u00eda - Centro de Documentaci\u00f3n Europea - Universidad de Almer\u00eda\",\"description\":\"Centro de Documentaci\u00f3n Europea de la Universidad de Almer\u00eda\",\"publisher\":{\"@id\":\"https:\\\/\\\/www.cde.ual.es\\\/#organization\"},\"alternateName\":\"CDE Almer\u00eda\",\"potentialAction\":[{\"@type\":\"SearchAction\",\"target\":{\"@type\":\"EntryPoint\",\"urlTemplate\":\"https:\\\/\\\/www.cde.ual.es\\\/?s={search_term_string}\"},\"query-input\":{\"@type\":\"PropertyValueSpecification\",\"valueRequired\":true,\"valueName\":\"search_term_string\"}}],\"inLanguage\":\"en-US\"},{\"@type\":\"Organization\",\"@id\":\"https:\\\/\\\/www.cde.ual.es\\\/#organization\",\"name\":\"Centro de Documentaci\u00f3n Europea de Almer\u00eda\",\"url\":\"https:\\\/\\\/www.cde.ual.es\\\/\",\"logo\":{\"@type\":\"ImageObject\",\"inLanguage\":\"en-US\",\"@id\":\"https:\\\/\\\/www.cde.ual.es\\\/#\\\/schema\\\/logo\\\/image\\\/\",\"url\":\"https:\\\/\\\/www.cde.ual.es\\\/wp-content\\\/uploads\\\/2025\\\/07\\\/cde-logo-3.png\",\"contentUrl\":\"https:\\\/\\\/www.cde.ual.es\\\/wp-content\\\/uploads\\\/2025\\\/07\\\/cde-logo-3.png\",\"width\":1400,\"height\":300,\"caption\":\"Centro de Documentaci\u00f3n Europea de Almer\u00eda\"},\"image\":{\"@id\":\"https:\\\/\\\/www.cde.ual.es\\\/#\\\/schema\\\/logo\\\/image\\\/\"},\"sameAs\":[\"https:\\\/\\\/www.facebook.com\\\/cdeuniversidadalmeria\\\/\",\"https:\\\/\\\/x.com\\\/cdeualmeria\",\"https:\\\/\\\/www.tiktok.com\\\/@cdealmeria\",\"https:\\\/\\\/www.instagram.com\\\/cdealmeria\\\/\",\"https:\\\/\\\/www.linkedin.com\\\/in\\\/cde-almera-812b26a9\\\/\"]},{\"@type\":\"Person\",\"@id\":\"https:\\\/\\\/www.cde.ual.es\\\/#\\\/schema\\\/person\\\/bf2f837cf3353e2161fe1087adbd728f\",\"name\":\"BECACDE1\",\"image\":{\"@type\":\"ImageObject\",\"inLanguage\":\"en-US\",\"@id\":\"https:\\\/\\\/secure.gravatar.com\\\/avatar\\\/16a4c1e422b5dec818ee13eab3353b19db9cfd278cc10f9b0e1188a37671d9d4?s=96&d=mm&r=g\",\"url\":\"https:\\\/\\\/secure.gravatar.com\\\/avatar\\\/16a4c1e422b5dec818ee13eab3353b19db9cfd278cc10f9b0e1188a37671d9d4?s=96&d=mm&r=g\",\"contentUrl\":\"https:\\\/\\\/secure.gravatar.com\\\/avatar\\\/16a4c1e422b5dec818ee13eab3353b19db9cfd278cc10f9b0e1188a37671d9d4?s=96&d=mm&r=g\",\"caption\":\"BECACDE1\"},\"sameAs\":[\"http:\\\/\\\/www.cdealmeria.com\"]}]}<\/script>\n<!-- \/ Yoast SEO plugin. -->","yoast_head_json":{"title":"Associate Professor in Architecture in Norway | CDE Almer\u00eda - Centro de Documentaci\u00f3n Europea - Universidad de Almer\u00eda","robots":{"index":"index","follow":"follow","max-snippet":"max-snippet:-1","max-image-preview":"max-image-preview:large","max-video-preview":"max-video-preview:-1"},"canonical":"https:\/\/www.cde.ual.es\/en\/associate-professor-in-architecture-in-norway\/","og_locale":"en_US","og_type":"article","og_title":"Associate Professor in Architecture in Norway | CDE Almer\u00eda - Centro de Documentaci\u00f3n Europea - Universidad de Almer\u00eda","og_description":"Description The Department of Architecture and Planning (IAP)\u00a0is one of four departments at\u00a0the Faculty of Architecture and Design\u00a0at NTNU. The department offers education at master\u2019s level in Architecture, Physical Planning, Urban Ecological Planning, as well as Real Estate and Facilities Management. IAP also carries out academic research related to the study programmes as well as [&hellip;]","og_url":"https:\/\/www.cde.ual.es\/en\/associate-professor-in-architecture-in-norway\/","og_site_name":"CDE Almer\u00eda - Centro de Documentaci\u00f3n Europea - Universidad de Almer\u00eda","article_publisher":"https:\/\/www.facebook.com\/cdeuniversidadalmeria\/","article_published_time":"2021-04-12T01:00:51+00:00","article_modified_time":"2021-09-13T08:01:39+00:00","og_image":[{"width":2560,"height":1701,"url":"https:\/\/www.cde.ual.es\/wp-content\/uploads\/2021\/03\/all-bong-JDN-_FIqB3k-unsplash-scaled.jpg","type":"image\/jpeg"}],"author":"BECACDE1","twitter_card":"summary_large_image","twitter_creator":"@cdeualmeria","twitter_site":"@cdeualmeria","twitter_misc":{"Written by":"BECACDE1","Est. reading time":"1 minute"},"schema":{"@context":"https:\/\/schema.org","@graph":[{"@type":"Article","@id":"https:\/\/www.cde.ual.es\/en\/associate-professor-in-architecture-in-norway\/#article","isPartOf":{"@id":"https:\/\/www.cde.ual.es\/en\/associate-professor-in-architecture-in-norway\/"},"author":{"name":"BECACDE1","@id":"https:\/\/www.cde.ual.es\/#\/schema\/person\/bf2f837cf3353e2161fe1087adbd728f"},"headline":"Associate Professor in Architecture in Norway","datePublished":"2021-04-12T01:00:51+00:00","dateModified":"2021-09-13T08:01:39+00:00","mainEntityOfPage":{"@id":"https:\/\/www.cde.ual.es\/en\/associate-professor-in-architecture-in-norway\/"},"wordCount":294,"commentCount":0,"publisher":{"@id":"https:\/\/www.cde.ual.es\/#organization"},"image":{"@id":"https:\/\/www.cde.ual.es\/en\/associate-professor-in-architecture-in-norway\/#primaryimage"},"thumbnailUrl":"https:\/\/www.cde.ual.es\/wp-content\/uploads\/2021\/03\/all-bong-JDN-_FIqB3k-unsplash-scaled.jpg","keywords":["Architecture","Euraxess","Norway"],"articleSection":["Engineering and Architecture","EU Calls and Awards","Euraxess"],"inLanguage":"en-US","potentialAction":[{"@type":"CommentAction","name":"Comment","target":["https:\/\/www.cde.ual.es\/en\/associate-professor-in-architecture-in-norway\/#respond"]}]},{"@type":"WebPage","@id":"https:\/\/www.cde.ual.es\/en\/associate-professor-in-architecture-in-norway\/","url":"https:\/\/www.cde.ual.es\/en\/associate-professor-in-architecture-in-norway\/","name":"Associate Professor in Architecture in Norway | CDE Almer\u00eda - Centro de Documentaci\u00f3n Europea - Universidad de Almer\u00eda","isPartOf":{"@id":"https:\/\/www.cde.ual.es\/#website"},"primaryImageOfPage":{"@id":"https:\/\/www.cde.ual.es\/en\/associate-professor-in-architecture-in-norway\/#primaryimage"},"image":{"@id":"https:\/\/www.cde.ual.es\/en\/associate-professor-in-architecture-in-norway\/#primaryimage"},"thumbnailUrl":"https:\/\/www.cde.ual.es\/wp-content\/uploads\/2021\/03\/all-bong-JDN-_FIqB3k-unsplash-scaled.jpg","datePublished":"2021-04-12T01:00:51+00:00","dateModified":"2021-09-13T08:01:39+00:00","breadcrumb":{"@id":"https:\/\/www.cde.ual.es\/en\/associate-professor-in-architecture-in-norway\/#breadcrumb"},"inLanguage":"en-US","potentialAction":[{"@type":"ReadAction","target":["https:\/\/www.cde.ual.es\/en\/associate-professor-in-architecture-in-norway\/"]}]},{"@type":"ImageObject","inLanguage":"en-US","@id":"https:\/\/www.cde.ual.es\/en\/associate-professor-in-architecture-in-norway\/#primaryimage","url":"https:\/\/www.cde.ual.es\/wp-content\/uploads\/2021\/03\/all-bong-JDN-_FIqB3k-unsplash-scaled.jpg","contentUrl":"https:\/\/www.cde.ual.es\/wp-content\/uploads\/2021\/03\/all-bong-JDN-_FIqB3k-unsplash-scaled.jpg","width":2560,"height":1701},{"@type":"BreadcrumbList","@id":"https:\/\/www.cde.ual.es\/en\/associate-professor-in-architecture-in-norway\/#breadcrumb","itemListElement":[{"@type":"ListItem","position":1,"name":"Inicio","item":"https:\/\/www.cde.ual.es\/en\/"},{"@type":"ListItem","position":2,"name":"EU Calls and Awards","item":"https:\/\/www.cde.ual.es\/en\/category\/eu-calls-and-awards\/"},{"@type":"ListItem","position":3,"name":"Euraxess","item":"https:\/\/www.cde.ual.es\/en\/category\/eu-calls-and-awards\/euraxess-en\/"},{"@type":"ListItem","position":4,"name":"Engineering and Architecture","item":"https:\/\/www.cde.ual.es\/en\/category\/eu-calls-and-awards\/euraxess-en\/engineering-architecture\/"},{"@type":"ListItem","position":5,"name":"Associate Professor in Architecture in Norway"}]},{"@type":"WebSite","@id":"https:\/\/www.cde.ual.es\/#website","url":"https:\/\/www.cde.ual.es\/","name":"CDE Almer\u00eda - Centro de Documentaci\u00f3n Europea - Universidad de Almer\u00eda","description":"Centro de Documentaci\u00f3n Europea de la Universidad de Almer\u00eda","publisher":{"@id":"https:\/\/www.cde.ual.es\/#organization"},"alternateName":"CDE Almer\u00eda","potentialAction":[{"@type":"SearchAction","target":{"@type":"EntryPoint","urlTemplate":"https:\/\/www.cde.ual.es\/?s={search_term_string}"},"query-input":{"@type":"PropertyValueSpecification","valueRequired":true,"valueName":"search_term_string"}}],"inLanguage":"en-US"},{"@type":"Organization","@id":"https:\/\/www.cde.ual.es\/#organization","name":"Centro de Documentaci\u00f3n Europea de Almer\u00eda","url":"https:\/\/www.cde.ual.es\/","logo":{"@type":"ImageObject","inLanguage":"en-US","@id":"https:\/\/www.cde.ual.es\/#\/schema\/logo\/image\/","url":"https:\/\/www.cde.ual.es\/wp-content\/uploads\/2025\/07\/cde-logo-3.png","contentUrl":"https:\/\/www.cde.ual.es\/wp-content\/uploads\/2025\/07\/cde-logo-3.png","width":1400,"height":300,"caption":"Centro de Documentaci\u00f3n Europea de Almer\u00eda"},"image":{"@id":"https:\/\/www.cde.ual.es\/#\/schema\/logo\/image\/"},"sameAs":["https:\/\/www.facebook.com\/cdeuniversidadalmeria\/","https:\/\/x.com\/cdeualmeria","https:\/\/www.tiktok.com\/@cdealmeria","https:\/\/www.instagram.com\/cdealmeria\/","https:\/\/www.linkedin.com\/in\/cde-almera-812b26a9\/"]},{"@type":"Person","@id":"https:\/\/www.cde.ual.es\/#\/schema\/person\/bf2f837cf3353e2161fe1087adbd728f","name":"BECACDE1","image":{"@type":"ImageObject","inLanguage":"en-US","@id":"https:\/\/secure.gravatar.com\/avatar\/16a4c1e422b5dec818ee13eab3353b19db9cfd278cc10f9b0e1188a37671d9d4?s=96&d=mm&r=g","url":"https:\/\/secure.gravatar.com\/avatar\/16a4c1e422b5dec818ee13eab3353b19db9cfd278cc10f9b0e1188a37671d9d4?s=96&d=mm&r=g","contentUrl":"https:\/\/secure.gravatar.com\/avatar\/16a4c1e422b5dec818ee13eab3353b19db9cfd278cc10f9b0e1188a37671d9d4?s=96&d=mm&r=g","caption":"BECACDE1"},"sameAs":["http:\/\/www.cdealmeria.com"]}]}},"_links":{"self":[{"href":"https:\/\/www.cde.ual.es\/en\/wp-json\/wp\/v2\/posts\/66164","targetHints":{"allow":["GET"]}}],"collection":[{"href":"https:\/\/www.cde.ual.es\/en\/wp-json\/wp\/v2\/posts"}],"about":[{"href":"https:\/\/www.cde.ual.es\/en\/wp-json\/wp\/v2\/types\/post"}],"author":[{"embeddable":true,"href":"https:\/\/www.cde.ual.es\/en\/wp-json\/wp\/v2\/users\/101012"}],"replies":[{"embeddable":true,"href":"https:\/\/www.cde.ual.es\/en\/wp-json\/wp\/v2\/comments?post=66164"}],"version-history":[{"count":0,"href":"https:\/\/www.cde.ual.es\/en\/wp-json\/wp\/v2\/posts\/66164\/revisions"}],"wp:featuredmedia":[{"embeddable":true,"href":"https:\/\/www.cde.ual.es\/en\/wp-json\/wp\/v2\/media\/66165"}],"wp:attachment":[{"href":"https:\/\/www.cde.ual.es\/en\/wp-json\/wp\/v2\/media?parent=66164"}],"wp:term":[{"taxonomy":"category","embeddable":true,"href":"https:\/\/www.cde.ual.es\/en\/wp-json\/wp\/v2\/categories?post=66164"},{"taxonomy":"post_tag","embeddable":true,"href":"https:\/\/www.cde.ual.es\/en\/wp-json\/wp\/v2\/tags?post=66164"}],"curies":[{"name":"wp","href":"https:\/\/api.w.org\/{rel}","templated":true}]}}