{"id":65812,"date":"2021-03-22T03:00:55","date_gmt":"2021-03-22T02:00:55","guid":{"rendered":"https:\/\/www.cde.ual.es\/?p=65812"},"modified":"2021-09-14T13:53:14","modified_gmt":"2021-09-14T11:53:14","slug":"a-court-of-a-member-state-must-declare-that-the-member-state-has-not-correctly-transposed-a-eu-directive","status":"publish","type":"post","link":"https:\/\/www.cde.ual.es\/en\/a-court-of-a-member-state-must-declare-that-the-member-state-has-not-correctly-transposed-a-eu-directive\/","title":{"rendered":"A court of a Member State must declare that the Member State has not correctly transposed a EU directive"},"content":{"rendered":"<div class=\"page\" title=\"Page 1\">\n<div class=\"layoutArea\">\n<div class=\"column\">\n<p>UH, an Irish citizen and a native Irish speaker from the Galway Gaeltacht (the Irish-speaking region of Co. Galway, Ireland), claimed that the information accompanying veterinary medicinal products was written exclusively in the English language. He takes the view that Directive 2001\/82 1 requires that information to be in both of the official languages of Ireland, namely <strong>Irish<\/strong> and <strong>English<\/strong>. On 14 November 2016, UH requested that the Ard-Ch\u00fairt (High Court, Ireland) make a declaration that Directive 2001\/82 was incorrectly transposed and that Ireland was under an obligation to amend its legislation accordingly.<\/p>\n<p><a href=\"https:\/\/www.cde.ual.es\/wp-content\/uploads\/2020\/02\/curia.jpg\"><img decoding=\"async\" class=\"size-full wp-image-34842 aligncenter\" src=\"https:\/\/www.cde.ual.es\/wp-content\/uploads\/2020\/02\/curia.jpg\" alt=\"\" width=\"324\" height=\"324\" srcset=\"https:\/\/www.cde.ual.es\/wp-content\/uploads\/2020\/02\/curia.jpg 324w, https:\/\/www.cde.ual.es\/wp-content\/uploads\/2020\/02\/curia-150x150.jpg 150w, https:\/\/www.cde.ual.es\/wp-content\/uploads\/2020\/02\/curia-300x300.jpg 300w\" sizes=\"(max-width: 324px) 100vw, 324px\" \/><\/a><\/p>\n<p>The Ard-Ch\u00fairt found that Irish legislation on the <strong>labelling and package leaflet of veterinary medicinal products<\/strong> did not comply with the language requirements set out in the Directive and, therefore, infringed Article 288 TFEU. 2 Nonetheless, that court noted that Regulation 2019\/6, 3 which is to apply from 28 January 2022, allows for information which must appear on the outer packaging, inner packaging and the package leaflet for veterinary medicinal products to be provided in the Irish or the English language.<\/p>\n<p>It therefore took the view that the applicant would obtain only a limited and temporary benefit from any amendment to Irish law in order to comply with the directive, while the suppliers and distributors of veterinary medicinal products would be faced with difficulties that could entail serious consequences for animal health and for the economic and social circumstances in Ireland.<\/p>\n<div>\n<blockquote><p><span lang=\"EN-US\">That court cannot disregard the obligation imposed on that Member State to transpose a directive on the ground that that transposition is purportedly disproportionate as a result of forthcoming changes in the requirements arising from EU law<\/span><\/p><\/blockquote>\n<p>Having been requested to give a preliminary ruling by that same court, the Court holds that Article <strong>288 TFEU<\/strong> must be interpreted as precluding a national court \u2013 which, in the context of proceedings laid down in national law for that purpose finds that the Member State to which it pertains has failed to fulfil its obligation to transpose correctly Directive 2001\/82 \u2013 from refusing, on the ground that it appears to it that the national legislation is consistent with Regulation 2019\/6 which was adopted in order to repeal that directive and will apply with effect from 28 January 2022, to make a declaration that that Member State has not correctly transposed that directive and is required to take remedial steps in that regard.<\/p>\n<p>The Court recalls that the obligation on Member States to achieve the result envisaged by a directive and their duty to take all appropriate measures, whether general or particular, is binding on all the authorities of Member States including, for matters within their jurisdiction, the courts.<\/p>\n<p>Furthermore, the Court finds that that Irish law allows individuals to obtain a judicial declaration that Ireland has not correctly transposed a European Union directive and is required to transpose that directive, while leaving it open to the national courts to refuse to make such a declaration, on the grounds established by that law.<\/p>\n<p>In the present case, the referring court found that Directive 2001\/82 had been incorrectly transposed. The Court notes in that regard that the fact that the Irish legislation is already compatible with Regulation 2019\/6, which will apply with effect from 28 January 2022, cannot call into question the finding that that legislation is incompatible with EU law before that date or, a fortiori, justify such incompatibility.<\/p>\n<p>Consequently, the Court holds that Article 288 TFEU precludes a national court of a Member State from disregarding the obligation imposed on that Member State to transpose a directive on the ground that that transposition is purportedly disproportionate as it might prove costly or serve no purpose on account of the forthcoming application of a regulation intended to replace that directive.<\/p>\n<\/div>\n<div class=\"page\" title=\"Page 1\">\n<div class=\"layoutArea\">\n<div class=\"column\">\n<div class=\"page\" title=\"Page 1\">\n<div class=\"layoutArea\">\n<div class=\"column\">\n<div class=\"page\" title=\"Page 1\">\n<div class=\"layoutArea\">\n<div class=\"column\">\n<div class=\"page\" title=\"Page 2\">\n<div class=\"layoutArea\">\n<div class=\"column\">\n<div class=\"page\" title=\"Page 2\">\n<div class=\"layoutArea\">\n<div class=\"column\">\n<div class=\"page\" title=\"Page 2\">\n<div class=\"layoutArea\">\n<div class=\"column\">\n<h3>Further information:<\/h3>\n<p><a href=\"https:\/\/curia.europa.eu\/jcms\/upload\/docs\/application\/pdf\/2021-03\/cp210042en.pdf\" target=\"_blank\" rel=\"noopener\">Press release-CURIA<\/a><\/p>\n<\/div>\n<\/div>\n<\/div>\n<\/div>\n<\/div>\n<\/div>\n<p>&nbsp;<\/p>\n<\/div>\n<\/div>\n<\/div>\n<\/div>\n<\/div>\n<\/div>\n<\/div>\n<\/div>\n<\/div>\n<\/div>\n<\/div>\n<\/div>\n<p>&nbsp;<\/p>\n<\/div>\n<\/div>\n<\/div>\n","protected":false},"excerpt":{"rendered":"<p>UH, an Irish citizen and a native Irish speaker from the Galway Gaeltacht (the Irish-speaking region of Co. Galway, Ireland), claimed that the information accompanying veterinary medicinal products was written exclusively in the English language. He takes the view that Directive 2001\/82 1 requires that information to be in both of the official languages of [&hellip;]<\/p>\n","protected":false},"author":101012,"featured_media":34843,"comment_status":"open","ping_status":"open","sticky":false,"template":"","format":"standard","meta":{"_acf_changed":false,"_relevanssi_hide_post":"","_relevanssi_hide_content":"","_relevanssi_pin_for_all":"","_relevanssi_pin_keywords":"","_relevanssi_unpin_keywords":"","_relevanssi_related_keywords":"","_relevanssi_related_include_ids":"","_relevanssi_related_exclude_ids":"","_relevanssi_related_no_append":"","_relevanssi_related_not_related":"","_relevanssi_related_posts":"","_relevanssi_noindex_reason":"","_monsterinsights_skip_tracking":false,"_monsterinsights_sitenote_active":false,"_monsterinsights_sitenote_note":"","_monsterinsights_sitenote_category":0,"_genesis_hide_title":false,"_genesis_hide_breadcrumbs":false,"_genesis_hide_singular_image":false,"_genesis_hide_footer_widgets":false,"_genesis_custom_body_class":"","_genesis_custom_post_class":"","_genesis_layout":"","footnotes":""},"categories":[346,4080,4079],"tags":[2753,857,2883],"class_list":{"0":"post-65812","1":"post","2":"type-post","3":"status-publish","4":"format-standard","5":"has-post-thumbnail","7":"category-eu-news","8":"category-jurisprudence","9":"category-law","10":"tag-directive","11":"tag-ireland","12":"tag-transposition","13":"entry"},"acf":[],"yoast_head":"<!-- This site is optimized with the Yoast SEO plugin v27.4 - https:\/\/yoast.com\/product\/yoast-seo-wordpress\/ -->\n<title>A court of a Member State must declare that the Member State has not correctly transposed a EU directive | CDE Almer\u00eda - Centro de Documentaci\u00f3n Europea - Universidad de Almer\u00eda<\/title>\n<meta name=\"robots\" content=\"index, follow, max-snippet:-1, max-image-preview:large, max-video-preview:-1\" \/>\n<link rel=\"canonical\" href=\"https:\/\/www.cde.ual.es\/en\/a-court-of-a-member-state-must-declare-that-the-member-state-has-not-correctly-transposed-a-eu-directive\/\" \/>\n<meta property=\"og:locale\" content=\"en_US\" \/>\n<meta property=\"og:type\" content=\"article\" \/>\n<meta property=\"og:title\" content=\"A court of a Member State must declare that the Member State has not correctly transposed a EU directive | CDE Almer\u00eda - Centro de Documentaci\u00f3n Europea - Universidad de Almer\u00eda\" \/>\n<meta property=\"og:description\" content=\"UH, an Irish citizen and a native Irish speaker from the Galway Gaeltacht (the Irish-speaking region of Co. Galway, Ireland), claimed that the information accompanying veterinary medicinal products was written exclusively in the English language. He takes the view that Directive 2001\/82 1 requires that information to be in both of the official languages of [&hellip;]\" \/>\n<meta property=\"og:url\" content=\"https:\/\/www.cde.ual.es\/en\/a-court-of-a-member-state-must-declare-that-the-member-state-has-not-correctly-transposed-a-eu-directive\/\" \/>\n<meta property=\"og:site_name\" content=\"CDE Almer\u00eda - Centro de Documentaci\u00f3n Europea - Universidad de Almer\u00eda\" \/>\n<meta property=\"article:publisher\" content=\"https:\/\/www.facebook.com\/cdeuniversidadalmeria\/\" \/>\n<meta property=\"article:published_time\" content=\"2021-03-22T02:00:55+00:00\" \/>\n<meta property=\"article:modified_time\" content=\"2021-09-14T11:53:14+00:00\" \/>\n<meta property=\"og:image\" content=\"https:\/\/www.cde.ual.es\/wp-content\/uploads\/2020\/02\/curia.jpg\" \/>\n\t<meta property=\"og:image:width\" content=\"324\" \/>\n\t<meta property=\"og:image:height\" content=\"324\" \/>\n\t<meta property=\"og:image:type\" content=\"image\/jpeg\" \/>\n<meta name=\"author\" content=\"BECACDE1\" \/>\n<meta name=\"twitter:card\" content=\"summary_large_image\" \/>\n<meta name=\"twitter:creator\" content=\"@cdeualmeria\" \/>\n<meta name=\"twitter:site\" content=\"@cdeualmeria\" \/>\n<meta name=\"twitter:label1\" content=\"Written by\" \/>\n\t<meta name=\"twitter:data1\" content=\"BECACDE1\" \/>\n\t<meta name=\"twitter:label2\" content=\"Est. reading time\" \/>\n\t<meta name=\"twitter:data2\" content=\"3 minutes\" \/>\n<script type=\"application\/ld+json\" class=\"yoast-schema-graph\">{\"@context\":\"https:\\\/\\\/schema.org\",\"@graph\":[{\"@type\":\"Article\",\"@id\":\"https:\\\/\\\/www.cde.ual.es\\\/en\\\/a-court-of-a-member-state-must-declare-that-the-member-state-has-not-correctly-transposed-a-eu-directive\\\/#article\",\"isPartOf\":{\"@id\":\"https:\\\/\\\/www.cde.ual.es\\\/en\\\/a-court-of-a-member-state-must-declare-that-the-member-state-has-not-correctly-transposed-a-eu-directive\\\/\"},\"author\":{\"name\":\"BECACDE1\",\"@id\":\"https:\\\/\\\/www.cde.ual.es\\\/#\\\/schema\\\/person\\\/bf2f837cf3353e2161fe1087adbd728f\"},\"headline\":\"A court of a Member State must declare that the Member State has not correctly transposed a EU directive\",\"datePublished\":\"2021-03-22T02:00:55+00:00\",\"dateModified\":\"2021-09-14T11:53:14+00:00\",\"mainEntityOfPage\":{\"@id\":\"https:\\\/\\\/www.cde.ual.es\\\/en\\\/a-court-of-a-member-state-must-declare-that-the-member-state-has-not-correctly-transposed-a-eu-directive\\\/\"},\"wordCount\":626,\"commentCount\":0,\"publisher\":{\"@id\":\"https:\\\/\\\/www.cde.ual.es\\\/#organization\"},\"image\":{\"@id\":\"https:\\\/\\\/www.cde.ual.es\\\/en\\\/a-court-of-a-member-state-must-declare-that-the-member-state-has-not-correctly-transposed-a-eu-directive\\\/#primaryimage\"},\"thumbnailUrl\":\"https:\\\/\\\/www.cde.ual.es\\\/wp-content\\\/uploads\\\/2020\\\/02\\\/curia.jpg\",\"keywords\":[\"directive\",\"Ireland\",\"Transposition\"],\"articleSection\":[\"EU News\",\"Jurisprudence\",\"Law\"],\"inLanguage\":\"en-US\",\"potentialAction\":[{\"@type\":\"CommentAction\",\"name\":\"Comment\",\"target\":[\"https:\\\/\\\/www.cde.ual.es\\\/en\\\/a-court-of-a-member-state-must-declare-that-the-member-state-has-not-correctly-transposed-a-eu-directive\\\/#respond\"]}]},{\"@type\":\"WebPage\",\"@id\":\"https:\\\/\\\/www.cde.ual.es\\\/en\\\/a-court-of-a-member-state-must-declare-that-the-member-state-has-not-correctly-transposed-a-eu-directive\\\/\",\"url\":\"https:\\\/\\\/www.cde.ual.es\\\/en\\\/a-court-of-a-member-state-must-declare-that-the-member-state-has-not-correctly-transposed-a-eu-directive\\\/\",\"name\":\"A court of a Member State must declare that the Member State has not correctly transposed a EU directive | CDE Almer\u00eda - Centro de Documentaci\u00f3n Europea - Universidad de Almer\u00eda\",\"isPartOf\":{\"@id\":\"https:\\\/\\\/www.cde.ual.es\\\/#website\"},\"primaryImageOfPage\":{\"@id\":\"https:\\\/\\\/www.cde.ual.es\\\/en\\\/a-court-of-a-member-state-must-declare-that-the-member-state-has-not-correctly-transposed-a-eu-directive\\\/#primaryimage\"},\"image\":{\"@id\":\"https:\\\/\\\/www.cde.ual.es\\\/en\\\/a-court-of-a-member-state-must-declare-that-the-member-state-has-not-correctly-transposed-a-eu-directive\\\/#primaryimage\"},\"thumbnailUrl\":\"https:\\\/\\\/www.cde.ual.es\\\/wp-content\\\/uploads\\\/2020\\\/02\\\/curia.jpg\",\"datePublished\":\"2021-03-22T02:00:55+00:00\",\"dateModified\":\"2021-09-14T11:53:14+00:00\",\"breadcrumb\":{\"@id\":\"https:\\\/\\\/www.cde.ual.es\\\/en\\\/a-court-of-a-member-state-must-declare-that-the-member-state-has-not-correctly-transposed-a-eu-directive\\\/#breadcrumb\"},\"inLanguage\":\"en-US\",\"potentialAction\":[{\"@type\":\"ReadAction\",\"target\":[\"https:\\\/\\\/www.cde.ual.es\\\/en\\\/a-court-of-a-member-state-must-declare-that-the-member-state-has-not-correctly-transposed-a-eu-directive\\\/\"]}]},{\"@type\":\"ImageObject\",\"inLanguage\":\"en-US\",\"@id\":\"https:\\\/\\\/www.cde.ual.es\\\/en\\\/a-court-of-a-member-state-must-declare-that-the-member-state-has-not-correctly-transposed-a-eu-directive\\\/#primaryimage\",\"url\":\"https:\\\/\\\/www.cde.ual.es\\\/wp-content\\\/uploads\\\/2020\\\/02\\\/curia.jpg\",\"contentUrl\":\"https:\\\/\\\/www.cde.ual.es\\\/wp-content\\\/uploads\\\/2020\\\/02\\\/curia.jpg\",\"width\":324,\"height\":324},{\"@type\":\"BreadcrumbList\",\"@id\":\"https:\\\/\\\/www.cde.ual.es\\\/en\\\/a-court-of-a-member-state-must-declare-that-the-member-state-has-not-correctly-transposed-a-eu-directive\\\/#breadcrumb\",\"itemListElement\":[{\"@type\":\"ListItem\",\"position\":1,\"name\":\"Inicio\",\"item\":\"https:\\\/\\\/www.cde.ual.es\\\/en\\\/\"},{\"@type\":\"ListItem\",\"position\":2,\"name\":\"EU News\",\"item\":\"https:\\\/\\\/www.cde.ual.es\\\/en\\\/category\\\/eu-news\\\/\"},{\"@type\":\"ListItem\",\"position\":3,\"name\":\"Law\",\"item\":\"https:\\\/\\\/www.cde.ual.es\\\/en\\\/category\\\/eu-news\\\/law\\\/\"},{\"@type\":\"ListItem\",\"position\":4,\"name\":\"Jurisprudence\",\"item\":\"https:\\\/\\\/www.cde.ual.es\\\/en\\\/category\\\/eu-news\\\/law\\\/jurisprudence\\\/\"},{\"@type\":\"ListItem\",\"position\":5,\"name\":\"A court of a Member State must declare that the Member State has not correctly transposed a EU directive\"}]},{\"@type\":\"WebSite\",\"@id\":\"https:\\\/\\\/www.cde.ual.es\\\/#website\",\"url\":\"https:\\\/\\\/www.cde.ual.es\\\/\",\"name\":\"CDE Almer\u00eda - Centro de Documentaci\u00f3n Europea - Universidad de Almer\u00eda\",\"description\":\"Centro de Documentaci\u00f3n Europea de la Universidad de Almer\u00eda\",\"publisher\":{\"@id\":\"https:\\\/\\\/www.cde.ual.es\\\/#organization\"},\"alternateName\":\"CDE Almer\u00eda\",\"potentialAction\":[{\"@type\":\"SearchAction\",\"target\":{\"@type\":\"EntryPoint\",\"urlTemplate\":\"https:\\\/\\\/www.cde.ual.es\\\/?s={search_term_string}\"},\"query-input\":{\"@type\":\"PropertyValueSpecification\",\"valueRequired\":true,\"valueName\":\"search_term_string\"}}],\"inLanguage\":\"en-US\"},{\"@type\":\"Organization\",\"@id\":\"https:\\\/\\\/www.cde.ual.es\\\/#organization\",\"name\":\"Centro de Documentaci\u00f3n Europea de Almer\u00eda\",\"url\":\"https:\\\/\\\/www.cde.ual.es\\\/\",\"logo\":{\"@type\":\"ImageObject\",\"inLanguage\":\"en-US\",\"@id\":\"https:\\\/\\\/www.cde.ual.es\\\/#\\\/schema\\\/logo\\\/image\\\/\",\"url\":\"https:\\\/\\\/www.cde.ual.es\\\/wp-content\\\/uploads\\\/2025\\\/07\\\/cde-logo-3.png\",\"contentUrl\":\"https:\\\/\\\/www.cde.ual.es\\\/wp-content\\\/uploads\\\/2025\\\/07\\\/cde-logo-3.png\",\"width\":1400,\"height\":300,\"caption\":\"Centro de Documentaci\u00f3n Europea de Almer\u00eda\"},\"image\":{\"@id\":\"https:\\\/\\\/www.cde.ual.es\\\/#\\\/schema\\\/logo\\\/image\\\/\"},\"sameAs\":[\"https:\\\/\\\/www.facebook.com\\\/cdeuniversidadalmeria\\\/\",\"https:\\\/\\\/x.com\\\/cdeualmeria\",\"https:\\\/\\\/www.tiktok.com\\\/@cdealmeria\",\"https:\\\/\\\/www.instagram.com\\\/cdealmeria\\\/\",\"https:\\\/\\\/www.linkedin.com\\\/in\\\/cde-almera-812b26a9\\\/\"]},{\"@type\":\"Person\",\"@id\":\"https:\\\/\\\/www.cde.ual.es\\\/#\\\/schema\\\/person\\\/bf2f837cf3353e2161fe1087adbd728f\",\"name\":\"BECACDE1\",\"image\":{\"@type\":\"ImageObject\",\"inLanguage\":\"en-US\",\"@id\":\"https:\\\/\\\/secure.gravatar.com\\\/avatar\\\/16a4c1e422b5dec818ee13eab3353b19db9cfd278cc10f9b0e1188a37671d9d4?s=96&d=mm&r=g\",\"url\":\"https:\\\/\\\/secure.gravatar.com\\\/avatar\\\/16a4c1e422b5dec818ee13eab3353b19db9cfd278cc10f9b0e1188a37671d9d4?s=96&d=mm&r=g\",\"contentUrl\":\"https:\\\/\\\/secure.gravatar.com\\\/avatar\\\/16a4c1e422b5dec818ee13eab3353b19db9cfd278cc10f9b0e1188a37671d9d4?s=96&d=mm&r=g\",\"caption\":\"BECACDE1\"},\"sameAs\":[\"http:\\\/\\\/www.cdealmeria.com\"]}]}<\/script>\n<!-- \/ Yoast SEO plugin. -->","yoast_head_json":{"title":"A court of a Member State must declare that the Member State has not correctly transposed a EU directive | CDE Almer\u00eda - Centro de Documentaci\u00f3n Europea - Universidad de Almer\u00eda","robots":{"index":"index","follow":"follow","max-snippet":"max-snippet:-1","max-image-preview":"max-image-preview:large","max-video-preview":"max-video-preview:-1"},"canonical":"https:\/\/www.cde.ual.es\/en\/a-court-of-a-member-state-must-declare-that-the-member-state-has-not-correctly-transposed-a-eu-directive\/","og_locale":"en_US","og_type":"article","og_title":"A court of a Member State must declare that the Member State has not correctly transposed a EU directive | CDE Almer\u00eda - Centro de Documentaci\u00f3n Europea - Universidad de Almer\u00eda","og_description":"UH, an Irish citizen and a native Irish speaker from the Galway Gaeltacht (the Irish-speaking region of Co. Galway, Ireland), claimed that the information accompanying veterinary medicinal products was written exclusively in the English language. He takes the view that Directive 2001\/82 1 requires that information to be in both of the official languages of [&hellip;]","og_url":"https:\/\/www.cde.ual.es\/en\/a-court-of-a-member-state-must-declare-that-the-member-state-has-not-correctly-transposed-a-eu-directive\/","og_site_name":"CDE Almer\u00eda - Centro de Documentaci\u00f3n Europea - Universidad de Almer\u00eda","article_publisher":"https:\/\/www.facebook.com\/cdeuniversidadalmeria\/","article_published_time":"2021-03-22T02:00:55+00:00","article_modified_time":"2021-09-14T11:53:14+00:00","og_image":[{"width":324,"height":324,"url":"https:\/\/www.cde.ual.es\/wp-content\/uploads\/2020\/02\/curia.jpg","type":"image\/jpeg"}],"author":"BECACDE1","twitter_card":"summary_large_image","twitter_creator":"@cdeualmeria","twitter_site":"@cdeualmeria","twitter_misc":{"Written by":"BECACDE1","Est. reading time":"3 minutes"},"schema":{"@context":"https:\/\/schema.org","@graph":[{"@type":"Article","@id":"https:\/\/www.cde.ual.es\/en\/a-court-of-a-member-state-must-declare-that-the-member-state-has-not-correctly-transposed-a-eu-directive\/#article","isPartOf":{"@id":"https:\/\/www.cde.ual.es\/en\/a-court-of-a-member-state-must-declare-that-the-member-state-has-not-correctly-transposed-a-eu-directive\/"},"author":{"name":"BECACDE1","@id":"https:\/\/www.cde.ual.es\/#\/schema\/person\/bf2f837cf3353e2161fe1087adbd728f"},"headline":"A court of a Member State must declare that the Member State has not correctly transposed a EU directive","datePublished":"2021-03-22T02:00:55+00:00","dateModified":"2021-09-14T11:53:14+00:00","mainEntityOfPage":{"@id":"https:\/\/www.cde.ual.es\/en\/a-court-of-a-member-state-must-declare-that-the-member-state-has-not-correctly-transposed-a-eu-directive\/"},"wordCount":626,"commentCount":0,"publisher":{"@id":"https:\/\/www.cde.ual.es\/#organization"},"image":{"@id":"https:\/\/www.cde.ual.es\/en\/a-court-of-a-member-state-must-declare-that-the-member-state-has-not-correctly-transposed-a-eu-directive\/#primaryimage"},"thumbnailUrl":"https:\/\/www.cde.ual.es\/wp-content\/uploads\/2020\/02\/curia.jpg","keywords":["directive","Ireland","Transposition"],"articleSection":["EU News","Jurisprudence","Law"],"inLanguage":"en-US","potentialAction":[{"@type":"CommentAction","name":"Comment","target":["https:\/\/www.cde.ual.es\/en\/a-court-of-a-member-state-must-declare-that-the-member-state-has-not-correctly-transposed-a-eu-directive\/#respond"]}]},{"@type":"WebPage","@id":"https:\/\/www.cde.ual.es\/en\/a-court-of-a-member-state-must-declare-that-the-member-state-has-not-correctly-transposed-a-eu-directive\/","url":"https:\/\/www.cde.ual.es\/en\/a-court-of-a-member-state-must-declare-that-the-member-state-has-not-correctly-transposed-a-eu-directive\/","name":"A court of a Member State must declare that the Member State has not correctly transposed a EU directive | CDE Almer\u00eda - Centro de Documentaci\u00f3n Europea - Universidad de Almer\u00eda","isPartOf":{"@id":"https:\/\/www.cde.ual.es\/#website"},"primaryImageOfPage":{"@id":"https:\/\/www.cde.ual.es\/en\/a-court-of-a-member-state-must-declare-that-the-member-state-has-not-correctly-transposed-a-eu-directive\/#primaryimage"},"image":{"@id":"https:\/\/www.cde.ual.es\/en\/a-court-of-a-member-state-must-declare-that-the-member-state-has-not-correctly-transposed-a-eu-directive\/#primaryimage"},"thumbnailUrl":"https:\/\/www.cde.ual.es\/wp-content\/uploads\/2020\/02\/curia.jpg","datePublished":"2021-03-22T02:00:55+00:00","dateModified":"2021-09-14T11:53:14+00:00","breadcrumb":{"@id":"https:\/\/www.cde.ual.es\/en\/a-court-of-a-member-state-must-declare-that-the-member-state-has-not-correctly-transposed-a-eu-directive\/#breadcrumb"},"inLanguage":"en-US","potentialAction":[{"@type":"ReadAction","target":["https:\/\/www.cde.ual.es\/en\/a-court-of-a-member-state-must-declare-that-the-member-state-has-not-correctly-transposed-a-eu-directive\/"]}]},{"@type":"ImageObject","inLanguage":"en-US","@id":"https:\/\/www.cde.ual.es\/en\/a-court-of-a-member-state-must-declare-that-the-member-state-has-not-correctly-transposed-a-eu-directive\/#primaryimage","url":"https:\/\/www.cde.ual.es\/wp-content\/uploads\/2020\/02\/curia.jpg","contentUrl":"https:\/\/www.cde.ual.es\/wp-content\/uploads\/2020\/02\/curia.jpg","width":324,"height":324},{"@type":"BreadcrumbList","@id":"https:\/\/www.cde.ual.es\/en\/a-court-of-a-member-state-must-declare-that-the-member-state-has-not-correctly-transposed-a-eu-directive\/#breadcrumb","itemListElement":[{"@type":"ListItem","position":1,"name":"Inicio","item":"https:\/\/www.cde.ual.es\/en\/"},{"@type":"ListItem","position":2,"name":"EU News","item":"https:\/\/www.cde.ual.es\/en\/category\/eu-news\/"},{"@type":"ListItem","position":3,"name":"Law","item":"https:\/\/www.cde.ual.es\/en\/category\/eu-news\/law\/"},{"@type":"ListItem","position":4,"name":"Jurisprudence","item":"https:\/\/www.cde.ual.es\/en\/category\/eu-news\/law\/jurisprudence\/"},{"@type":"ListItem","position":5,"name":"A court of a Member State must declare that the Member State has not correctly transposed a EU directive"}]},{"@type":"WebSite","@id":"https:\/\/www.cde.ual.es\/#website","url":"https:\/\/www.cde.ual.es\/","name":"CDE Almer\u00eda - Centro de Documentaci\u00f3n Europea - Universidad de Almer\u00eda","description":"Centro de Documentaci\u00f3n Europea de la Universidad de Almer\u00eda","publisher":{"@id":"https:\/\/www.cde.ual.es\/#organization"},"alternateName":"CDE Almer\u00eda","potentialAction":[{"@type":"SearchAction","target":{"@type":"EntryPoint","urlTemplate":"https:\/\/www.cde.ual.es\/?s={search_term_string}"},"query-input":{"@type":"PropertyValueSpecification","valueRequired":true,"valueName":"search_term_string"}}],"inLanguage":"en-US"},{"@type":"Organization","@id":"https:\/\/www.cde.ual.es\/#organization","name":"Centro de Documentaci\u00f3n Europea de Almer\u00eda","url":"https:\/\/www.cde.ual.es\/","logo":{"@type":"ImageObject","inLanguage":"en-US","@id":"https:\/\/www.cde.ual.es\/#\/schema\/logo\/image\/","url":"https:\/\/www.cde.ual.es\/wp-content\/uploads\/2025\/07\/cde-logo-3.png","contentUrl":"https:\/\/www.cde.ual.es\/wp-content\/uploads\/2025\/07\/cde-logo-3.png","width":1400,"height":300,"caption":"Centro de Documentaci\u00f3n Europea de Almer\u00eda"},"image":{"@id":"https:\/\/www.cde.ual.es\/#\/schema\/logo\/image\/"},"sameAs":["https:\/\/www.facebook.com\/cdeuniversidadalmeria\/","https:\/\/x.com\/cdeualmeria","https:\/\/www.tiktok.com\/@cdealmeria","https:\/\/www.instagram.com\/cdealmeria\/","https:\/\/www.linkedin.com\/in\/cde-almera-812b26a9\/"]},{"@type":"Person","@id":"https:\/\/www.cde.ual.es\/#\/schema\/person\/bf2f837cf3353e2161fe1087adbd728f","name":"BECACDE1","image":{"@type":"ImageObject","inLanguage":"en-US","@id":"https:\/\/secure.gravatar.com\/avatar\/16a4c1e422b5dec818ee13eab3353b19db9cfd278cc10f9b0e1188a37671d9d4?s=96&d=mm&r=g","url":"https:\/\/secure.gravatar.com\/avatar\/16a4c1e422b5dec818ee13eab3353b19db9cfd278cc10f9b0e1188a37671d9d4?s=96&d=mm&r=g","contentUrl":"https:\/\/secure.gravatar.com\/avatar\/16a4c1e422b5dec818ee13eab3353b19db9cfd278cc10f9b0e1188a37671d9d4?s=96&d=mm&r=g","caption":"BECACDE1"},"sameAs":["http:\/\/www.cdealmeria.com"]}]}},"_links":{"self":[{"href":"https:\/\/www.cde.ual.es\/en\/wp-json\/wp\/v2\/posts\/65812","targetHints":{"allow":["GET"]}}],"collection":[{"href":"https:\/\/www.cde.ual.es\/en\/wp-json\/wp\/v2\/posts"}],"about":[{"href":"https:\/\/www.cde.ual.es\/en\/wp-json\/wp\/v2\/types\/post"}],"author":[{"embeddable":true,"href":"https:\/\/www.cde.ual.es\/en\/wp-json\/wp\/v2\/users\/101012"}],"replies":[{"embeddable":true,"href":"https:\/\/www.cde.ual.es\/en\/wp-json\/wp\/v2\/comments?post=65812"}],"version-history":[{"count":0,"href":"https:\/\/www.cde.ual.es\/en\/wp-json\/wp\/v2\/posts\/65812\/revisions"}],"wp:featuredmedia":[{"embeddable":true,"href":"https:\/\/www.cde.ual.es\/en\/wp-json\/wp\/v2\/media\/34843"}],"wp:attachment":[{"href":"https:\/\/www.cde.ual.es\/en\/wp-json\/wp\/v2\/media?parent=65812"}],"wp:term":[{"taxonomy":"category","embeddable":true,"href":"https:\/\/www.cde.ual.es\/en\/wp-json\/wp\/v2\/categories?post=65812"},{"taxonomy":"post_tag","embeddable":true,"href":"https:\/\/www.cde.ual.es\/en\/wp-json\/wp\/v2\/tags?post=65812"}],"curies":[{"name":"wp","href":"https:\/\/api.w.org\/{rel}","templated":true}]}}