{"id":6539,"date":"2018-07-02T10:29:45","date_gmt":"2018-07-02T08:29:45","guid":{"rendered":"http:\/\/www.cde.ual.es\/?p=6539"},"modified":"2018-07-02T10:29:45","modified_gmt":"2018-07-02T08:29:45","slug":"celebrando-la-union-aduanera-el-bloque-comercial-mas-grande-del-mundo-cumple-50-anos","status":"publish","type":"post","link":"https:\/\/www.cde.ual.es\/en\/celebrando-la-union-aduanera-el-bloque-comercial-mas-grande-del-mundo-cumple-50-anos\/","title":{"rendered":"Celebrando la uni\u00f3n aduanera: el bloque comercial m\u00e1s grande del mundo cumple 50 a\u00f1os"},"content":{"rendered":"<p><a href=\"http:\/\/www.cde.ual.es\/wp-content\/uploads\/2018\/07\/Uni\u00f3n-aduanera.png\"><img decoding=\"async\" class=\"wp-image-6540 aligncenter\" src=\"http:\/\/www.cde.ual.es\/wp-content\/uploads\/2018\/07\/Uni\u00f3n-aduanera-275x300.png\" alt=\"\" width=\"193\" height=\"211\" srcset=\"https:\/\/www.cde.ual.es\/wp-content\/uploads\/2018\/07\/Uni\u00f3n-aduanera-275x300.png 275w, https:\/\/www.cde.ual.es\/wp-content\/uploads\/2018\/07\/Uni\u00f3n-aduanera-768x839.png 768w, https:\/\/www.cde.ual.es\/wp-content\/uploads\/2018\/07\/Uni\u00f3n-aduanera.png 769w\" sizes=\"(max-width: 193px) 100vw, 193px\" \/><\/a><\/p>\n<p>La Uni\u00f3n Aduanera de la Uni\u00f3n Europea celebr\u00f3 su 50 aniversario el 1 de julio, uno de los mayores logros de la Uni\u00f3n Europea.<\/p>\n<p>Como resultado de los acuerdos de posguerra que marcaron el camino para la integraci\u00f3n europea, la Uni\u00f3n Aduanera abri\u00f3 sus puertas en 1968. Al abolir los aranceles aduaneros para el comercio de mercanc\u00edas dentro de lo que hoy es la UE, la Uni\u00f3n Aduanera marc\u00f3 el primer paso decisivo y\u00a0 se convirti\u00f3 en el bloque comercial m\u00e1s grande del mundo, con las 28 administraciones aduaneras de la UE actuando como si fueran una sola entidad.<\/p>\n<p>En los \u00faltimos 50 a\u00f1os, la Uni\u00f3n Aduanera se ha convertido en la piedra angular de nuestro mercado \u00fanico, manteniendo las fronteras de la UE a salvo y protegiendo a nuestros ciudadanos de los productos prohibidos y peligrosos como las armas y las drogas. Tambi\u00e9n facilita una porci\u00f3n cada vez mayor del comercio mundial: las aduanas de la UE manejaron el 16% del comercio mundial en 2017.<\/p>\n<h3>\n\u00bfC\u00f3mo funciona la Uni\u00f3n Aduanera?<\/h3>\n<p>La Uni\u00f3n Aduanera de la UE fue prevista por primera vez en el Tratado de Roma y en 1968 aboli\u00f3 los derechos de aduana recaudados en las fronteras entre los miembros de la Comunidad Europea. Hoy en d\u00eda, es un \u00e1rea comercial \u00fanica donde todos los productos pueden circular libremente, ya sea que se produzca en la UE o fuera de sus fronteras. El impuesto a los bienes procedentes de fuera de la UE generalmente se paga cuando entran por primera vez en la UE. De esta manera, las aduanas garantizan que se paguen esos derechos y que se protejan los intereses financieros de la Uni\u00f3n y sus Estados miembros. Las aduanas tambi\u00e9n impiden la entrada de productos en la Uni\u00f3n que representan un riesgo para la seguridad o la salud de los ciudadanos de la UE; detienen las mercanc\u00edas que han sido objeto de tr\u00e1fico y de contrabando o que representan un peligro para el medio ambiente y el patrimonio cultural europeo, o bienes que socavan los intereses financieros de la UE y sus Estados miembros.<\/p>\n<p>Para garantizar el buen funcionamiento de la zona aduanera \u00fanica, los Estados miembros de la UE utilizan un conjunto com\u00fan de normas, con el llamado C\u00f3digo Aduanero de la Uni\u00f3n como su piedra angular. Este C\u00f3digo, actualizado en 2013 y aplicado desde 2016, significa que los pa\u00edses de la UE conf\u00edan en las mismas reglas y procedimientos para manejar la importaci\u00f3n, exportaci\u00f3n y tr\u00e1nsito de mercanc\u00edas. Esto estimula la competencia y el comercio, mejora la eficiencia, aumenta la calidad y reduce los precios para los consumidores.<\/p>\n<p>Las autoridades aduaneras nacionales de todos los pa\u00edses de la UE son las principales responsables de las extensas operaciones cotidianas de la Uni\u00f3n Aduanera y cooperan entre s\u00ed y con la Comisi\u00f3n para que funcione. Al mismo tiempo, una cooperaci\u00f3n internacional m\u00e1s amplia es crucial para proteger los intereses de los ciudadanos europeos y las empresas europeas en todo el mundo. En este sentido, la UE ha firmado m\u00e1s de 50 acuerdos internacionales que prev\u00e9n cooperaci\u00f3n aduanera y asistencia administrativa mutua con 80 pa\u00edses fuera de la UE para apoyar los controles y la aplicaci\u00f3n y simplificar y armonizar los procedimientos aduaneros, lo que a su vez reduce la carga administrativa y los costos compa\u00f1\u00edas.<\/p>\n<p>La Comisi\u00f3n propuso recientemente un compromiso financiero continuo de 950 millones de euros para los programas de aduanas en el pr\u00f3ximo presupuesto de la UE. Este dinero deber\u00eda ayudar a aumentar la cooperaci\u00f3n y el intercambio de datos entre las autoridades aduaneras, as\u00ed como a apoyar y capacitar a los funcionarios de aduanas en su trabajo. Tambi\u00e9n se ha incluido un nuevo fondo de 1.300 millones de euros en los planes presupuestarios de la UE para ayudar a los Estados miembros a comprar, mantener y sustituir equipos aduaneros de \u00faltima generaci\u00f3n.<\/p>\n<h3><strong>M\u00e1s informaci\u00f3n<\/strong><\/h3>\n<p><a href=\"https:\/\/ec.europa.eu\/taxation_customs\/sites\/taxation\/files\/cu50_factsheet_en.pdf\">Factsheet<\/a><\/p>\n<p>M\u00e1s informaci\u00f3n sobre comercio internacional\u00a0<a href=\"http:\/\/ec.europa.eu\/trade\/policy\/eu-position-in-world-trade\/statistics\/\">aqu\u00ed<\/a><\/p>\n","protected":false},"excerpt":{"rendered":"<p>La Uni\u00f3n Aduanera de la Uni\u00f3n Europea celebr\u00f3 su 50 aniversario el 1 de julio, uno de los mayores logros de la Uni\u00f3n Europea. Como resultado de los acuerdos de posguerra que marcaron el camino para la integraci\u00f3n europea, la Uni\u00f3n Aduanera abri\u00f3 sus puertas en 1968. Al abolir los aranceles aduaneros para el comercio [&hellip;]<\/p>\n","protected":false},"author":1,"featured_media":6540,"comment_status":"open","ping_status":"open","sticky":false,"template":"","format":"standard","meta":{"_acf_changed":false,"_relevanssi_hide_post":"","_relevanssi_hide_content":"","_relevanssi_pin_for_all":"","_relevanssi_pin_keywords":"","_relevanssi_unpin_keywords":"","_relevanssi_related_keywords":"","_relevanssi_related_include_ids":"","_relevanssi_related_exclude_ids":"","_relevanssi_related_no_append":"","_relevanssi_related_not_related":"","_relevanssi_related_posts":"","_relevanssi_noindex_reason":"","_monsterinsights_skip_tracking":false,"_monsterinsights_sitenote_active":false,"_monsterinsights_sitenote_note":"","_monsterinsights_sitenote_category":0,"_genesis_hide_title":false,"_genesis_hide_breadcrumbs":false,"_genesis_hide_singular_image":false,"_genesis_hide_footer_widgets":false,"_genesis_custom_body_class":"","_genesis_custom_post_class":"","_genesis_layout":"","footnotes":""},"categories":[96],"tags":[178,163,126],"class_list":{"0":"post-6539","1":"post","2":"type-post","3":"status-publish","4":"format-standard","5":"has-post-thumbnail","7":"category-noticias-ue","8":"tag-acuerdos-comerciales","9":"tag-intercambios-economicos-y-comerciales","10":"tag-competitividad-empresa","11":"entry"},"acf":[],"yoast_head":"<!-- This site is optimized with the Yoast SEO plugin v27.4 - https:\/\/yoast.com\/product\/yoast-seo-wordpress\/ -->\n<title>Celebrando la uni\u00f3n aduanera: el bloque comercial m\u00e1s grande del mundo cumple 50 a\u00f1os | CDE Almer\u00eda - Centro de Documentaci\u00f3n Europea - Universidad de Almer\u00eda<\/title>\n<meta name=\"robots\" content=\"index, follow, max-snippet:-1, max-image-preview:large, max-video-preview:-1\" \/>\n<link rel=\"canonical\" href=\"https:\/\/www.cde.ual.es\/en\/celebrando-la-union-aduanera-el-bloque-comercial-mas-grande-del-mundo-cumple-50-anos\/\" \/>\n<meta property=\"og:locale\" content=\"en_US\" \/>\n<meta property=\"og:type\" content=\"article\" \/>\n<meta property=\"og:title\" content=\"Celebrando la uni\u00f3n aduanera: el bloque comercial m\u00e1s grande del mundo cumple 50 a\u00f1os | CDE Almer\u00eda - Centro de Documentaci\u00f3n Europea - Universidad de Almer\u00eda\" \/>\n<meta property=\"og:description\" content=\"La Uni\u00f3n Aduanera de la Uni\u00f3n Europea celebr\u00f3 su 50 aniversario el 1 de julio, uno de los mayores logros de la Uni\u00f3n Europea. Como resultado de los acuerdos de posguerra que marcaron el camino para la integraci\u00f3n europea, la Uni\u00f3n Aduanera abri\u00f3 sus puertas en 1968. Al abolir los aranceles aduaneros para el comercio [&hellip;]\" \/>\n<meta property=\"og:url\" content=\"https:\/\/www.cde.ual.es\/en\/celebrando-la-union-aduanera-el-bloque-comercial-mas-grande-del-mundo-cumple-50-anos\/\" \/>\n<meta property=\"og:site_name\" content=\"CDE Almer\u00eda - Centro de Documentaci\u00f3n Europea - Universidad de Almer\u00eda\" \/>\n<meta property=\"article:publisher\" content=\"https:\/\/www.facebook.com\/cdeuniversidadalmeria\/\" \/>\n<meta property=\"article:published_time\" content=\"2018-07-02T08:29:45+00:00\" \/>\n<meta property=\"og:image\" content=\"https:\/\/www.cde.ual.es\/wp-content\/uploads\/2018\/07\/Uni\u00f3n-aduanera.png\" \/>\n\t<meta property=\"og:image:width\" content=\"769\" \/>\n\t<meta property=\"og:image:height\" content=\"840\" \/>\n\t<meta property=\"og:image:type\" content=\"image\/png\" \/>\n<meta name=\"author\" content=\"AdminCDE\" \/>\n<meta name=\"twitter:card\" content=\"summary_large_image\" \/>\n<meta name=\"twitter:creator\" content=\"@cdeualmeria\" \/>\n<meta name=\"twitter:site\" content=\"@cdeualmeria\" \/>\n<meta name=\"twitter:label1\" content=\"Written by\" \/>\n\t<meta name=\"twitter:data1\" content=\"AdminCDE\" \/>\n\t<meta name=\"twitter:label2\" content=\"Est. reading time\" \/>\n\t<meta name=\"twitter:data2\" content=\"3 minutes\" \/>\n<script type=\"application\/ld+json\" class=\"yoast-schema-graph\">{\"@context\":\"https:\\\/\\\/schema.org\",\"@graph\":[{\"@type\":\"Article\",\"@id\":\"https:\\\/\\\/www.cde.ual.es\\\/en\\\/celebrando-la-union-aduanera-el-bloque-comercial-mas-grande-del-mundo-cumple-50-anos\\\/#article\",\"isPartOf\":{\"@id\":\"https:\\\/\\\/www.cde.ual.es\\\/en\\\/celebrando-la-union-aduanera-el-bloque-comercial-mas-grande-del-mundo-cumple-50-anos\\\/\"},\"author\":{\"name\":\"AdminCDE\",\"@id\":\"https:\\\/\\\/www.cde.ual.es\\\/#\\\/schema\\\/person\\\/224ef08c8bcc005f319d2713ce37ee5f\"},\"headline\":\"Celebrando la uni\u00f3n aduanera: el bloque comercial m\u00e1s grande del mundo cumple 50 a\u00f1os\",\"datePublished\":\"2018-07-02T08:29:45+00:00\",\"mainEntityOfPage\":{\"@id\":\"https:\\\/\\\/www.cde.ual.es\\\/en\\\/celebrando-la-union-aduanera-el-bloque-comercial-mas-grande-del-mundo-cumple-50-anos\\\/\"},\"wordCount\":703,\"commentCount\":0,\"publisher\":{\"@id\":\"https:\\\/\\\/www.cde.ual.es\\\/#organization\"},\"image\":{\"@id\":\"https:\\\/\\\/www.cde.ual.es\\\/en\\\/celebrando-la-union-aduanera-el-bloque-comercial-mas-grande-del-mundo-cumple-50-anos\\\/#primaryimage\"},\"thumbnailUrl\":\"https:\\\/\\\/www.cde.ual.es\\\/wp-content\\\/uploads\\\/2018\\\/07\\\/Uni\u00f3n-aduanera.png\",\"keywords\":[\"Acuerdos comerciales\",\"Intercambios econ\u00f3micos y comerciales\",\"Mercado en la Uni\u00f3n Europea\"],\"articleSection\":[\"Noticias UE\"],\"inLanguage\":\"en-US\",\"potentialAction\":[{\"@type\":\"CommentAction\",\"name\":\"Comment\",\"target\":[\"https:\\\/\\\/www.cde.ual.es\\\/en\\\/celebrando-la-union-aduanera-el-bloque-comercial-mas-grande-del-mundo-cumple-50-anos\\\/#respond\"]}]},{\"@type\":\"WebPage\",\"@id\":\"https:\\\/\\\/www.cde.ual.es\\\/en\\\/celebrando-la-union-aduanera-el-bloque-comercial-mas-grande-del-mundo-cumple-50-anos\\\/\",\"url\":\"https:\\\/\\\/www.cde.ual.es\\\/en\\\/celebrando-la-union-aduanera-el-bloque-comercial-mas-grande-del-mundo-cumple-50-anos\\\/\",\"name\":\"Celebrando la uni\u00f3n aduanera: el bloque comercial m\u00e1s grande del mundo cumple 50 a\u00f1os | CDE Almer\u00eda - Centro de Documentaci\u00f3n Europea - Universidad de Almer\u00eda\",\"isPartOf\":{\"@id\":\"https:\\\/\\\/www.cde.ual.es\\\/#website\"},\"primaryImageOfPage\":{\"@id\":\"https:\\\/\\\/www.cde.ual.es\\\/en\\\/celebrando-la-union-aduanera-el-bloque-comercial-mas-grande-del-mundo-cumple-50-anos\\\/#primaryimage\"},\"image\":{\"@id\":\"https:\\\/\\\/www.cde.ual.es\\\/en\\\/celebrando-la-union-aduanera-el-bloque-comercial-mas-grande-del-mundo-cumple-50-anos\\\/#primaryimage\"},\"thumbnailUrl\":\"https:\\\/\\\/www.cde.ual.es\\\/wp-content\\\/uploads\\\/2018\\\/07\\\/Uni\u00f3n-aduanera.png\",\"datePublished\":\"2018-07-02T08:29:45+00:00\",\"breadcrumb\":{\"@id\":\"https:\\\/\\\/www.cde.ual.es\\\/en\\\/celebrando-la-union-aduanera-el-bloque-comercial-mas-grande-del-mundo-cumple-50-anos\\\/#breadcrumb\"},\"inLanguage\":\"en-US\",\"potentialAction\":[{\"@type\":\"ReadAction\",\"target\":[\"https:\\\/\\\/www.cde.ual.es\\\/en\\\/celebrando-la-union-aduanera-el-bloque-comercial-mas-grande-del-mundo-cumple-50-anos\\\/\"]}]},{\"@type\":\"ImageObject\",\"inLanguage\":\"en-US\",\"@id\":\"https:\\\/\\\/www.cde.ual.es\\\/en\\\/celebrando-la-union-aduanera-el-bloque-comercial-mas-grande-del-mundo-cumple-50-anos\\\/#primaryimage\",\"url\":\"https:\\\/\\\/www.cde.ual.es\\\/wp-content\\\/uploads\\\/2018\\\/07\\\/Uni\u00f3n-aduanera.png\",\"contentUrl\":\"https:\\\/\\\/www.cde.ual.es\\\/wp-content\\\/uploads\\\/2018\\\/07\\\/Uni\u00f3n-aduanera.png\",\"width\":769,\"height\":840},{\"@type\":\"BreadcrumbList\",\"@id\":\"https:\\\/\\\/www.cde.ual.es\\\/en\\\/celebrando-la-union-aduanera-el-bloque-comercial-mas-grande-del-mundo-cumple-50-anos\\\/#breadcrumb\",\"itemListElement\":[{\"@type\":\"ListItem\",\"position\":1,\"name\":\"Inicio\",\"item\":\"https:\\\/\\\/www.cde.ual.es\\\/en\\\/\"},{\"@type\":\"ListItem\",\"position\":2,\"name\":\"Noticias UE\",\"item\":\"https:\\\/\\\/www.cde.ual.es\\\/category\\\/noticias-ue\\\/\"},{\"@type\":\"ListItem\",\"position\":3,\"name\":\"Celebrando la uni\u00f3n aduanera: el bloque comercial m\u00e1s grande del mundo cumple 50 a\u00f1os\"}]},{\"@type\":\"WebSite\",\"@id\":\"https:\\\/\\\/www.cde.ual.es\\\/#website\",\"url\":\"https:\\\/\\\/www.cde.ual.es\\\/\",\"name\":\"CDE Almer\u00eda - Centro de Documentaci\u00f3n Europea - Universidad de Almer\u00eda\",\"description\":\"Centro de Documentaci\u00f3n Europea de la Universidad de Almer\u00eda\",\"publisher\":{\"@id\":\"https:\\\/\\\/www.cde.ual.es\\\/#organization\"},\"alternateName\":\"CDE Almer\u00eda\",\"potentialAction\":[{\"@type\":\"SearchAction\",\"target\":{\"@type\":\"EntryPoint\",\"urlTemplate\":\"https:\\\/\\\/www.cde.ual.es\\\/?s={search_term_string}\"},\"query-input\":{\"@type\":\"PropertyValueSpecification\",\"valueRequired\":true,\"valueName\":\"search_term_string\"}}],\"inLanguage\":\"en-US\"},{\"@type\":\"Organization\",\"@id\":\"https:\\\/\\\/www.cde.ual.es\\\/#organization\",\"name\":\"Centro de Documentaci\u00f3n Europea de Almer\u00eda\",\"url\":\"https:\\\/\\\/www.cde.ual.es\\\/\",\"logo\":{\"@type\":\"ImageObject\",\"inLanguage\":\"en-US\",\"@id\":\"https:\\\/\\\/www.cde.ual.es\\\/#\\\/schema\\\/logo\\\/image\\\/\",\"url\":\"https:\\\/\\\/www.cde.ual.es\\\/wp-content\\\/uploads\\\/2025\\\/07\\\/cde-logo-3.png\",\"contentUrl\":\"https:\\\/\\\/www.cde.ual.es\\\/wp-content\\\/uploads\\\/2025\\\/07\\\/cde-logo-3.png\",\"width\":1400,\"height\":300,\"caption\":\"Centro de Documentaci\u00f3n Europea de Almer\u00eda\"},\"image\":{\"@id\":\"https:\\\/\\\/www.cde.ual.es\\\/#\\\/schema\\\/logo\\\/image\\\/\"},\"sameAs\":[\"https:\\\/\\\/www.facebook.com\\\/cdeuniversidadalmeria\\\/\",\"https:\\\/\\\/x.com\\\/cdeualmeria\",\"https:\\\/\\\/www.tiktok.com\\\/@cdealmeria\",\"https:\\\/\\\/www.instagram.com\\\/cdealmeria\\\/\",\"https:\\\/\\\/www.linkedin.com\\\/in\\\/cde-almera-812b26a9\\\/\"]},{\"@type\":\"Person\",\"@id\":\"https:\\\/\\\/www.cde.ual.es\\\/#\\\/schema\\\/person\\\/224ef08c8bcc005f319d2713ce37ee5f\",\"name\":\"AdminCDE\",\"image\":{\"@type\":\"ImageObject\",\"inLanguage\":\"en-US\",\"@id\":\"https:\\\/\\\/secure.gravatar.com\\\/avatar\\\/a72d038d371f995cd13706fac32274b7952a52e8fb0a84b5f80c85426f2a98a8?s=96&d=mm&r=g\",\"url\":\"https:\\\/\\\/secure.gravatar.com\\\/avatar\\\/a72d038d371f995cd13706fac32274b7952a52e8fb0a84b5f80c85426f2a98a8?s=96&d=mm&r=g\",\"contentUrl\":\"https:\\\/\\\/secure.gravatar.com\\\/avatar\\\/a72d038d371f995cd13706fac32274b7952a52e8fb0a84b5f80c85426f2a98a8?s=96&d=mm&r=g\",\"caption\":\"AdminCDE\"}}]}<\/script>\n<!-- \/ Yoast SEO plugin. -->","yoast_head_json":{"title":"Celebrando la uni\u00f3n aduanera: el bloque comercial m\u00e1s grande del mundo cumple 50 a\u00f1os | CDE Almer\u00eda - Centro de Documentaci\u00f3n Europea - Universidad de Almer\u00eda","robots":{"index":"index","follow":"follow","max-snippet":"max-snippet:-1","max-image-preview":"max-image-preview:large","max-video-preview":"max-video-preview:-1"},"canonical":"https:\/\/www.cde.ual.es\/en\/celebrando-la-union-aduanera-el-bloque-comercial-mas-grande-del-mundo-cumple-50-anos\/","og_locale":"en_US","og_type":"article","og_title":"Celebrando la uni\u00f3n aduanera: el bloque comercial m\u00e1s grande del mundo cumple 50 a\u00f1os | CDE Almer\u00eda - Centro de Documentaci\u00f3n Europea - Universidad de Almer\u00eda","og_description":"La Uni\u00f3n Aduanera de la Uni\u00f3n Europea celebr\u00f3 su 50 aniversario el 1 de julio, uno de los mayores logros de la Uni\u00f3n Europea. Como resultado de los acuerdos de posguerra que marcaron el camino para la integraci\u00f3n europea, la Uni\u00f3n Aduanera abri\u00f3 sus puertas en 1968. Al abolir los aranceles aduaneros para el comercio [&hellip;]","og_url":"https:\/\/www.cde.ual.es\/en\/celebrando-la-union-aduanera-el-bloque-comercial-mas-grande-del-mundo-cumple-50-anos\/","og_site_name":"CDE Almer\u00eda - Centro de Documentaci\u00f3n Europea - Universidad de Almer\u00eda","article_publisher":"https:\/\/www.facebook.com\/cdeuniversidadalmeria\/","article_published_time":"2018-07-02T08:29:45+00:00","og_image":[{"width":769,"height":840,"url":"https:\/\/www.cde.ual.es\/wp-content\/uploads\/2018\/07\/Uni\u00f3n-aduanera.png","type":"image\/png"}],"author":"AdminCDE","twitter_card":"summary_large_image","twitter_creator":"@cdeualmeria","twitter_site":"@cdeualmeria","twitter_misc":{"Written by":"AdminCDE","Est. reading time":"3 minutes"},"schema":{"@context":"https:\/\/schema.org","@graph":[{"@type":"Article","@id":"https:\/\/www.cde.ual.es\/en\/celebrando-la-union-aduanera-el-bloque-comercial-mas-grande-del-mundo-cumple-50-anos\/#article","isPartOf":{"@id":"https:\/\/www.cde.ual.es\/en\/celebrando-la-union-aduanera-el-bloque-comercial-mas-grande-del-mundo-cumple-50-anos\/"},"author":{"name":"AdminCDE","@id":"https:\/\/www.cde.ual.es\/#\/schema\/person\/224ef08c8bcc005f319d2713ce37ee5f"},"headline":"Celebrando la uni\u00f3n aduanera: el bloque comercial m\u00e1s grande del mundo cumple 50 a\u00f1os","datePublished":"2018-07-02T08:29:45+00:00","mainEntityOfPage":{"@id":"https:\/\/www.cde.ual.es\/en\/celebrando-la-union-aduanera-el-bloque-comercial-mas-grande-del-mundo-cumple-50-anos\/"},"wordCount":703,"commentCount":0,"publisher":{"@id":"https:\/\/www.cde.ual.es\/#organization"},"image":{"@id":"https:\/\/www.cde.ual.es\/en\/celebrando-la-union-aduanera-el-bloque-comercial-mas-grande-del-mundo-cumple-50-anos\/#primaryimage"},"thumbnailUrl":"https:\/\/www.cde.ual.es\/wp-content\/uploads\/2018\/07\/Uni\u00f3n-aduanera.png","keywords":["Acuerdos comerciales","Intercambios econ\u00f3micos y comerciales","Mercado en la Uni\u00f3n Europea"],"articleSection":["Noticias UE"],"inLanguage":"en-US","potentialAction":[{"@type":"CommentAction","name":"Comment","target":["https:\/\/www.cde.ual.es\/en\/celebrando-la-union-aduanera-el-bloque-comercial-mas-grande-del-mundo-cumple-50-anos\/#respond"]}]},{"@type":"WebPage","@id":"https:\/\/www.cde.ual.es\/en\/celebrando-la-union-aduanera-el-bloque-comercial-mas-grande-del-mundo-cumple-50-anos\/","url":"https:\/\/www.cde.ual.es\/en\/celebrando-la-union-aduanera-el-bloque-comercial-mas-grande-del-mundo-cumple-50-anos\/","name":"Celebrando la uni\u00f3n aduanera: el bloque comercial m\u00e1s grande del mundo cumple 50 a\u00f1os | CDE Almer\u00eda - Centro de Documentaci\u00f3n Europea - Universidad de Almer\u00eda","isPartOf":{"@id":"https:\/\/www.cde.ual.es\/#website"},"primaryImageOfPage":{"@id":"https:\/\/www.cde.ual.es\/en\/celebrando-la-union-aduanera-el-bloque-comercial-mas-grande-del-mundo-cumple-50-anos\/#primaryimage"},"image":{"@id":"https:\/\/www.cde.ual.es\/en\/celebrando-la-union-aduanera-el-bloque-comercial-mas-grande-del-mundo-cumple-50-anos\/#primaryimage"},"thumbnailUrl":"https:\/\/www.cde.ual.es\/wp-content\/uploads\/2018\/07\/Uni\u00f3n-aduanera.png","datePublished":"2018-07-02T08:29:45+00:00","breadcrumb":{"@id":"https:\/\/www.cde.ual.es\/en\/celebrando-la-union-aduanera-el-bloque-comercial-mas-grande-del-mundo-cumple-50-anos\/#breadcrumb"},"inLanguage":"en-US","potentialAction":[{"@type":"ReadAction","target":["https:\/\/www.cde.ual.es\/en\/celebrando-la-union-aduanera-el-bloque-comercial-mas-grande-del-mundo-cumple-50-anos\/"]}]},{"@type":"ImageObject","inLanguage":"en-US","@id":"https:\/\/www.cde.ual.es\/en\/celebrando-la-union-aduanera-el-bloque-comercial-mas-grande-del-mundo-cumple-50-anos\/#primaryimage","url":"https:\/\/www.cde.ual.es\/wp-content\/uploads\/2018\/07\/Uni\u00f3n-aduanera.png","contentUrl":"https:\/\/www.cde.ual.es\/wp-content\/uploads\/2018\/07\/Uni\u00f3n-aduanera.png","width":769,"height":840},{"@type":"BreadcrumbList","@id":"https:\/\/www.cde.ual.es\/en\/celebrando-la-union-aduanera-el-bloque-comercial-mas-grande-del-mundo-cumple-50-anos\/#breadcrumb","itemListElement":[{"@type":"ListItem","position":1,"name":"Inicio","item":"https:\/\/www.cde.ual.es\/en\/"},{"@type":"ListItem","position":2,"name":"Noticias UE","item":"https:\/\/www.cde.ual.es\/category\/noticias-ue\/"},{"@type":"ListItem","position":3,"name":"Celebrando la uni\u00f3n aduanera: el bloque comercial m\u00e1s grande del mundo cumple 50 a\u00f1os"}]},{"@type":"WebSite","@id":"https:\/\/www.cde.ual.es\/#website","url":"https:\/\/www.cde.ual.es\/","name":"CDE Almer\u00eda - Centro de Documentaci\u00f3n Europea - Universidad de Almer\u00eda","description":"Centro de Documentaci\u00f3n Europea de la Universidad de Almer\u00eda","publisher":{"@id":"https:\/\/www.cde.ual.es\/#organization"},"alternateName":"CDE Almer\u00eda","potentialAction":[{"@type":"SearchAction","target":{"@type":"EntryPoint","urlTemplate":"https:\/\/www.cde.ual.es\/?s={search_term_string}"},"query-input":{"@type":"PropertyValueSpecification","valueRequired":true,"valueName":"search_term_string"}}],"inLanguage":"en-US"},{"@type":"Organization","@id":"https:\/\/www.cde.ual.es\/#organization","name":"Centro de Documentaci\u00f3n Europea de Almer\u00eda","url":"https:\/\/www.cde.ual.es\/","logo":{"@type":"ImageObject","inLanguage":"en-US","@id":"https:\/\/www.cde.ual.es\/#\/schema\/logo\/image\/","url":"https:\/\/www.cde.ual.es\/wp-content\/uploads\/2025\/07\/cde-logo-3.png","contentUrl":"https:\/\/www.cde.ual.es\/wp-content\/uploads\/2025\/07\/cde-logo-3.png","width":1400,"height":300,"caption":"Centro de Documentaci\u00f3n Europea de Almer\u00eda"},"image":{"@id":"https:\/\/www.cde.ual.es\/#\/schema\/logo\/image\/"},"sameAs":["https:\/\/www.facebook.com\/cdeuniversidadalmeria\/","https:\/\/x.com\/cdeualmeria","https:\/\/www.tiktok.com\/@cdealmeria","https:\/\/www.instagram.com\/cdealmeria\/","https:\/\/www.linkedin.com\/in\/cde-almera-812b26a9\/"]},{"@type":"Person","@id":"https:\/\/www.cde.ual.es\/#\/schema\/person\/224ef08c8bcc005f319d2713ce37ee5f","name":"AdminCDE","image":{"@type":"ImageObject","inLanguage":"en-US","@id":"https:\/\/secure.gravatar.com\/avatar\/a72d038d371f995cd13706fac32274b7952a52e8fb0a84b5f80c85426f2a98a8?s=96&d=mm&r=g","url":"https:\/\/secure.gravatar.com\/avatar\/a72d038d371f995cd13706fac32274b7952a52e8fb0a84b5f80c85426f2a98a8?s=96&d=mm&r=g","contentUrl":"https:\/\/secure.gravatar.com\/avatar\/a72d038d371f995cd13706fac32274b7952a52e8fb0a84b5f80c85426f2a98a8?s=96&d=mm&r=g","caption":"AdminCDE"}}]}},"_links":{"self":[{"href":"https:\/\/www.cde.ual.es\/en\/wp-json\/wp\/v2\/posts\/6539","targetHints":{"allow":["GET"]}}],"collection":[{"href":"https:\/\/www.cde.ual.es\/en\/wp-json\/wp\/v2\/posts"}],"about":[{"href":"https:\/\/www.cde.ual.es\/en\/wp-json\/wp\/v2\/types\/post"}],"author":[{"embeddable":true,"href":"https:\/\/www.cde.ual.es\/en\/wp-json\/wp\/v2\/users\/1"}],"replies":[{"embeddable":true,"href":"https:\/\/www.cde.ual.es\/en\/wp-json\/wp\/v2\/comments?post=6539"}],"version-history":[{"count":0,"href":"https:\/\/www.cde.ual.es\/en\/wp-json\/wp\/v2\/posts\/6539\/revisions"}],"wp:featuredmedia":[{"embeddable":true,"href":"https:\/\/www.cde.ual.es\/en\/wp-json\/wp\/v2\/media\/6540"}],"wp:attachment":[{"href":"https:\/\/www.cde.ual.es\/en\/wp-json\/wp\/v2\/media?parent=6539"}],"wp:term":[{"taxonomy":"category","embeddable":true,"href":"https:\/\/www.cde.ual.es\/en\/wp-json\/wp\/v2\/categories?post=6539"},{"taxonomy":"post_tag","embeddable":true,"href":"https:\/\/www.cde.ual.es\/en\/wp-json\/wp\/v2\/tags?post=6539"}],"curies":[{"name":"wp","href":"https:\/\/api.w.org\/{rel}","templated":true}]}}