{"id":63816,"date":"2021-02-26T03:00:31","date_gmt":"2021-02-26T02:00:31","guid":{"rendered":"https:\/\/www.cde.ual.es\/?p=63816"},"modified":"2021-09-16T14:30:32","modified_gmt":"2021-09-16T12:30:32","slug":"banderas-de-andalucia-in-recognition-of-the-work-of-the-people-of-almeria","status":"publish","type":"post","link":"https:\/\/www.cde.ual.es\/en\/banderas-de-andalucia-in-recognition-of-the-work-of-the-people-of-almeria\/","title":{"rendered":"Andalusian Flag Awards in recognition of the work of people of Almeria"},"content":{"rendered":"<p><strong>The Andalusian Flag for Research, Science and Health was awarded to the Health Management Area of the North of Almeria , the Almeria Primary Care District and the Poniente Primary Care District.<\/strong><\/p>\n<p><a href=\"https:\/\/www.cde.ual.es\/wp-content\/uploads\/2021\/02\/bandera-andalucia.png\"><img decoding=\"async\" class=\"wp-image-63813 aligncenter\" src=\"https:\/\/www.cde.ual.es\/wp-content\/uploads\/2021\/02\/bandera-andalucia-1024x683.png\" alt=\"\" width=\"485\" height=\"323\" srcset=\"https:\/\/www.cde.ual.es\/wp-content\/uploads\/2021\/02\/bandera-andalucia-1024x683.png 1024w, https:\/\/www.cde.ual.es\/wp-content\/uploads\/2021\/02\/bandera-andalucia-300x200.png 300w, https:\/\/www.cde.ual.es\/wp-content\/uploads\/2021\/02\/bandera-andalucia-768x512.png 768w, https:\/\/www.cde.ual.es\/wp-content\/uploads\/2021\/02\/bandera-andalucia.png 1131w\" sizes=\"(max-width: 485px) 100vw, 485px\" \/><\/a><\/p>\n<p>Junta de Andaluc\u00eda<\/p>\n<h3>The award<\/h3>\n<p>Every year the the Regional Government of Andalusia (hereinafter: Junta de Andaluc\u00eda) awards the <strong>Andalusian Flag<\/strong> honorary distinction to recognise those institutions or individuals who have carried out meritorious actions and services for the benefit of each province.<\/p>\n<h3>Institutional act<\/h3>\n<p>The delegate of the Government of Andalusia in Almeria, Maribel Sanchez Torregrosa, has announced the names of the eleven people or entities that will receive the award in the province of Almeria. In this city, the institutional act was presided over by Marta Bosquet, President of the Parliament and Carmen Crespo, Minister of Agriculture, Livestock, Fisheries and Sustainable Development, both from Almeria.<\/p>\n<h3 class=\"td-post-sub-title\">Area of Research, Science and Health<\/h3>\n<div class=\"td-module-meta-info\">Covid-19 has marked the event and many awards have been in recognition of the fight against the pandemic. In Almeria, <strong>Health Management Area of the North of Almeria , the Almeria Primary Care District and the Poniente Primary Care District<\/strong> received the <strong>Andalusian Flag<\/strong> <strong>for Research, Science and Health.<\/strong><\/div>\n<blockquote><p>The primary care districts and health management areas constitute the organisational structures for operational planning, direction, management and administration in the field of primary care, with the functions of organising health care activities, health promotion, disease prevention, care for health recovery, management of environmental and food risks to health, as well as training, teaching and research.<\/p>\n<p>During the pandemic, these Primary Care Districts have been working tirelessly on the front line of the fight against COVID-19 in the province of Almeria. An effort made by all the health workers who work there to confront the pandemic with sacrifice and professionalism, in order to alleviate the effects it has on people&#8217;s health.<\/p><\/blockquote>\n<h3>Rest of awards in the province<\/h3>\n<ul class=\"mce\">\n<li class=\"mce\">Institute of Almeria&#8217;s Studies. Andalusian Flag for Social Sciences and Literature.<\/li>\n<li class=\"mce\">Cervantes Theatre. Andalusian Flag of the Arts<\/li>\n<li class=\"mce\">Iv\u00e1n Fern\u00e1ndez Ruiz. Andalusian Flag for Sport<\/li>\n<li class=\"mce\">MAAVi Foundation. Andalusian Flag for Solidarity and Concord.<\/li>\n<li class=\"mce\">Illustrious Official College of Social Graduates of Almeria. Andalusian Flag for Economy and Business.<\/li>\n<\/ul>\n<ul>\n<li>Northern Health Management Area of Almeria, the Primary Care District Almeria and the Poniente Primary Care District. Andalusian Flag for Research, Science and Health<\/li>\n<li>Agr\u00edcola Navarro de Haro S.L. Andalusian Flag for the Projection of the Province.<\/li>\n<li>Ecomares Project. Andalusian Flag for Environmental Merit.<\/li>\n<li>Jes\u00fas Peregr\u00edn Mula. Andalusian Flag\u00a0for Human Values<\/li>\n<li>Jos\u00e9 Mar\u00eda Rossell Recasens &#8211; Grupo Hoteles Playa, S.A. &#8211; Senator Hotels &amp; Resorts and Diego Garc\u00eda Molina, president of the Provincial Association of Hotel and Catering Businessmen of Almer\u00eda (ASHAL), posthumously.<\/li>\n<\/ul>\n<h3>More information<\/h3>\n<p><a href=\"https:\/\/www.juntadeandalucia.es\/boja\/2021\/518\/1\">Official report<\/a><\/p>\n","protected":false},"excerpt":{"rendered":"<p>The Andalusian Flag for Research, Science and Health was awarded to the Health Management Area of the North of Almeria , the Almeria Primary Care District and the Poniente Primary Care District. Junta de Andaluc\u00eda The award Every year the the Regional Government of Andalusia (hereinafter: Junta de Andaluc\u00eda) awards the Andalusian Flag honorary distinction [&hellip;]<\/p>\n","protected":false},"author":101012,"featured_media":63814,"comment_status":"open","ping_status":"open","sticky":false,"template":"","format":"standard","meta":{"_acf_changed":false,"_relevanssi_hide_post":"","_relevanssi_hide_content":"","_relevanssi_pin_for_all":"","_relevanssi_pin_keywords":"","_relevanssi_unpin_keywords":"","_relevanssi_related_keywords":"","_relevanssi_related_include_ids":"","_relevanssi_related_exclude_ids":"","_relevanssi_related_no_append":"","_relevanssi_related_not_related":"","_relevanssi_related_posts":"","_relevanssi_noindex_reason":"","_monsterinsights_skip_tracking":false,"_monsterinsights_sitenote_active":false,"_monsterinsights_sitenote_note":"","_monsterinsights_sitenote_category":0,"_genesis_hide_title":false,"_genesis_hide_breadcrumbs":false,"_genesis_hide_singular_image":false,"_genesis_hide_footer_widgets":false,"_genesis_custom_body_class":"","_genesis_custom_post_class":"","_genesis_layout":"","footnotes":""},"categories":[346,4092,4082],"tags":[1805,1322,437,350,2363,433],"class_list":{"0":"post-63816","1":"post","2":"type-post","3":"status-publish","4":"format-standard","5":"has-post-thumbnail","7":"category-eu-news","8":"category-health","9":"category-research-innovation","10":"tag-andalusia","11":"tag-coronavirus-en","12":"tag-health","13":"tag-investigacion-en","14":"tag-junta-de-andalucia-en","15":"tag-research","16":"entry"},"acf":[],"yoast_head":"<!-- This site is optimized with the Yoast SEO plugin v27.5 - https:\/\/yoast.com\/product\/yoast-seo-wordpress\/ -->\n<title>Andalusian Flag Awards in recognition of the work of people of Almeria | CDE Almer\u00eda - Centro de Documentaci\u00f3n Europea - Universidad de Almer\u00eda<\/title>\n<meta name=\"robots\" content=\"index, follow, max-snippet:-1, max-image-preview:large, max-video-preview:-1\" \/>\n<link rel=\"canonical\" href=\"https:\/\/www.cde.ual.es\/en\/banderas-de-andalucia-in-recognition-of-the-work-of-the-people-of-almeria\/\" \/>\n<meta property=\"og:locale\" content=\"en_US\" \/>\n<meta property=\"og:type\" content=\"article\" \/>\n<meta property=\"og:title\" content=\"Andalusian Flag Awards in recognition of the work of people of Almeria | CDE Almer\u00eda - Centro de Documentaci\u00f3n Europea - Universidad de Almer\u00eda\" \/>\n<meta property=\"og:description\" content=\"The Andalusian Flag for Research, Science and Health was awarded to the Health Management Area of the North of Almeria , the Almeria Primary Care District and the Poniente Primary Care District. Junta de Andaluc\u00eda The award Every year the the Regional Government of Andalusia (hereinafter: Junta de Andaluc\u00eda) awards the Andalusian Flag honorary distinction [&hellip;]\" \/>\n<meta property=\"og:url\" content=\"https:\/\/www.cde.ual.es\/en\/banderas-de-andalucia-in-recognition-of-the-work-of-the-people-of-almeria\/\" \/>\n<meta property=\"og:site_name\" content=\"CDE Almer\u00eda - Centro de Documentaci\u00f3n Europea - Universidad de Almer\u00eda\" \/>\n<meta property=\"article:publisher\" content=\"https:\/\/www.facebook.com\/cdeuniversidadalmeria\/\" \/>\n<meta property=\"article:published_time\" content=\"2021-02-26T02:00:31+00:00\" \/>\n<meta property=\"article:modified_time\" content=\"2021-09-16T12:30:32+00:00\" \/>\n<meta property=\"og:image\" content=\"https:\/\/www.cde.ual.es\/wp-content\/uploads\/2021\/02\/bandera-andalucia.png\" \/>\n\t<meta property=\"og:image:width\" content=\"1131\" \/>\n\t<meta property=\"og:image:height\" content=\"754\" \/>\n\t<meta property=\"og:image:type\" content=\"image\/png\" \/>\n<meta name=\"author\" content=\"BECACDE1\" \/>\n<meta name=\"twitter:card\" content=\"summary_large_image\" \/>\n<meta name=\"twitter:creator\" content=\"@cdeualmeria\" \/>\n<meta name=\"twitter:site\" content=\"@cdeualmeria\" \/>\n<meta name=\"twitter:label1\" content=\"Written by\" \/>\n\t<meta name=\"twitter:data1\" content=\"BECACDE1\" \/>\n\t<meta name=\"twitter:label2\" content=\"Est. reading time\" \/>\n\t<meta name=\"twitter:data2\" content=\"2 minutes\" \/>\n<script type=\"application\/ld+json\" class=\"yoast-schema-graph\">{\"@context\":\"https:\\\/\\\/schema.org\",\"@graph\":[{\"@type\":\"Article\",\"@id\":\"https:\\\/\\\/www.cde.ual.es\\\/en\\\/banderas-de-andalucia-in-recognition-of-the-work-of-the-people-of-almeria\\\/#article\",\"isPartOf\":{\"@id\":\"https:\\\/\\\/www.cde.ual.es\\\/en\\\/banderas-de-andalucia-in-recognition-of-the-work-of-the-people-of-almeria\\\/\"},\"author\":{\"name\":\"BECACDE1\",\"@id\":\"https:\\\/\\\/www.cde.ual.es\\\/#\\\/schema\\\/person\\\/bf2f837cf3353e2161fe1087adbd728f\"},\"headline\":\"Andalusian Flag Awards in recognition of the work of people of Almeria\",\"datePublished\":\"2021-02-26T02:00:31+00:00\",\"dateModified\":\"2021-09-16T12:30:32+00:00\",\"mainEntityOfPage\":{\"@id\":\"https:\\\/\\\/www.cde.ual.es\\\/en\\\/banderas-de-andalucia-in-recognition-of-the-work-of-the-people-of-almeria\\\/\"},\"wordCount\":470,\"commentCount\":0,\"publisher\":{\"@id\":\"https:\\\/\\\/www.cde.ual.es\\\/#organization\"},\"image\":{\"@id\":\"https:\\\/\\\/www.cde.ual.es\\\/en\\\/banderas-de-andalucia-in-recognition-of-the-work-of-the-people-of-almeria\\\/#primaryimage\"},\"thumbnailUrl\":\"https:\\\/\\\/www.cde.ual.es\\\/wp-content\\\/uploads\\\/2021\\\/02\\\/bandera-andalucia.png\",\"keywords\":[\"Andalusia\",\"Coronavirus\",\"health\",\"Investigaci\u00f3n\",\"Junta de Andaluc\u00eda\",\"Research\"],\"articleSection\":[\"EU News\",\"Health\",\"Research and Innovation\"],\"inLanguage\":\"en-US\",\"potentialAction\":[{\"@type\":\"CommentAction\",\"name\":\"Comment\",\"target\":[\"https:\\\/\\\/www.cde.ual.es\\\/en\\\/banderas-de-andalucia-in-recognition-of-the-work-of-the-people-of-almeria\\\/#respond\"]}]},{\"@type\":\"WebPage\",\"@id\":\"https:\\\/\\\/www.cde.ual.es\\\/en\\\/banderas-de-andalucia-in-recognition-of-the-work-of-the-people-of-almeria\\\/\",\"url\":\"https:\\\/\\\/www.cde.ual.es\\\/en\\\/banderas-de-andalucia-in-recognition-of-the-work-of-the-people-of-almeria\\\/\",\"name\":\"Andalusian Flag Awards in recognition of the work of people of Almeria | CDE Almer\u00eda - Centro de Documentaci\u00f3n Europea - Universidad de Almer\u00eda\",\"isPartOf\":{\"@id\":\"https:\\\/\\\/www.cde.ual.es\\\/#website\"},\"primaryImageOfPage\":{\"@id\":\"https:\\\/\\\/www.cde.ual.es\\\/en\\\/banderas-de-andalucia-in-recognition-of-the-work-of-the-people-of-almeria\\\/#primaryimage\"},\"image\":{\"@id\":\"https:\\\/\\\/www.cde.ual.es\\\/en\\\/banderas-de-andalucia-in-recognition-of-the-work-of-the-people-of-almeria\\\/#primaryimage\"},\"thumbnailUrl\":\"https:\\\/\\\/www.cde.ual.es\\\/wp-content\\\/uploads\\\/2021\\\/02\\\/bandera-andalucia.png\",\"datePublished\":\"2021-02-26T02:00:31+00:00\",\"dateModified\":\"2021-09-16T12:30:32+00:00\",\"breadcrumb\":{\"@id\":\"https:\\\/\\\/www.cde.ual.es\\\/en\\\/banderas-de-andalucia-in-recognition-of-the-work-of-the-people-of-almeria\\\/#breadcrumb\"},\"inLanguage\":\"en-US\",\"potentialAction\":[{\"@type\":\"ReadAction\",\"target\":[\"https:\\\/\\\/www.cde.ual.es\\\/en\\\/banderas-de-andalucia-in-recognition-of-the-work-of-the-people-of-almeria\\\/\"]}]},{\"@type\":\"ImageObject\",\"inLanguage\":\"en-US\",\"@id\":\"https:\\\/\\\/www.cde.ual.es\\\/en\\\/banderas-de-andalucia-in-recognition-of-the-work-of-the-people-of-almeria\\\/#primaryimage\",\"url\":\"https:\\\/\\\/www.cde.ual.es\\\/wp-content\\\/uploads\\\/2021\\\/02\\\/bandera-andalucia.png\",\"contentUrl\":\"https:\\\/\\\/www.cde.ual.es\\\/wp-content\\\/uploads\\\/2021\\\/02\\\/bandera-andalucia.png\",\"width\":1131,\"height\":754},{\"@type\":\"BreadcrumbList\",\"@id\":\"https:\\\/\\\/www.cde.ual.es\\\/en\\\/banderas-de-andalucia-in-recognition-of-the-work-of-the-people-of-almeria\\\/#breadcrumb\",\"itemListElement\":[{\"@type\":\"ListItem\",\"position\":1,\"name\":\"Inicio\",\"item\":\"https:\\\/\\\/www.cde.ual.es\\\/en\\\/\"},{\"@type\":\"ListItem\",\"position\":2,\"name\":\"EU News\",\"item\":\"https:\\\/\\\/www.cde.ual.es\\\/en\\\/category\\\/eu-news\\\/\"},{\"@type\":\"ListItem\",\"position\":3,\"name\":\"Health\",\"item\":\"https:\\\/\\\/www.cde.ual.es\\\/en\\\/category\\\/eu-news\\\/health\\\/\"},{\"@type\":\"ListItem\",\"position\":4,\"name\":\"Andalusian Flag Awards in recognition of the work of people of Almeria\"}]},{\"@type\":\"WebSite\",\"@id\":\"https:\\\/\\\/www.cde.ual.es\\\/#website\",\"url\":\"https:\\\/\\\/www.cde.ual.es\\\/\",\"name\":\"CDE Almer\u00eda - Centro de Documentaci\u00f3n Europea - Universidad de Almer\u00eda\",\"description\":\"Centro de Documentaci\u00f3n Europea de la Universidad de Almer\u00eda\",\"publisher\":{\"@id\":\"https:\\\/\\\/www.cde.ual.es\\\/#organization\"},\"alternateName\":\"CDE Almer\u00eda\",\"potentialAction\":[{\"@type\":\"SearchAction\",\"target\":{\"@type\":\"EntryPoint\",\"urlTemplate\":\"https:\\\/\\\/www.cde.ual.es\\\/?s={search_term_string}\"},\"query-input\":{\"@type\":\"PropertyValueSpecification\",\"valueRequired\":true,\"valueName\":\"search_term_string\"}}],\"inLanguage\":\"en-US\"},{\"@type\":\"Organization\",\"@id\":\"https:\\\/\\\/www.cde.ual.es\\\/#organization\",\"name\":\"Centro de Documentaci\u00f3n Europea de Almer\u00eda\",\"url\":\"https:\\\/\\\/www.cde.ual.es\\\/\",\"logo\":{\"@type\":\"ImageObject\",\"inLanguage\":\"en-US\",\"@id\":\"https:\\\/\\\/www.cde.ual.es\\\/#\\\/schema\\\/logo\\\/image\\\/\",\"url\":\"https:\\\/\\\/www.cde.ual.es\\\/wp-content\\\/uploads\\\/2025\\\/07\\\/cde-logo-3.png\",\"contentUrl\":\"https:\\\/\\\/www.cde.ual.es\\\/wp-content\\\/uploads\\\/2025\\\/07\\\/cde-logo-3.png\",\"width\":1400,\"height\":300,\"caption\":\"Centro de Documentaci\u00f3n Europea de Almer\u00eda\"},\"image\":{\"@id\":\"https:\\\/\\\/www.cde.ual.es\\\/#\\\/schema\\\/logo\\\/image\\\/\"},\"sameAs\":[\"https:\\\/\\\/www.facebook.com\\\/cdeuniversidadalmeria\\\/\",\"https:\\\/\\\/x.com\\\/cdeualmeria\",\"https:\\\/\\\/www.tiktok.com\\\/@cdealmeria\",\"https:\\\/\\\/www.instagram.com\\\/cdealmeria\\\/\",\"https:\\\/\\\/www.linkedin.com\\\/in\\\/cde-almera-812b26a9\\\/\"]},{\"@type\":\"Person\",\"@id\":\"https:\\\/\\\/www.cde.ual.es\\\/#\\\/schema\\\/person\\\/bf2f837cf3353e2161fe1087adbd728f\",\"name\":\"BECACDE1\",\"image\":{\"@type\":\"ImageObject\",\"inLanguage\":\"en-US\",\"@id\":\"https:\\\/\\\/secure.gravatar.com\\\/avatar\\\/16a4c1e422b5dec818ee13eab3353b19db9cfd278cc10f9b0e1188a37671d9d4?s=96&d=mm&r=g\",\"url\":\"https:\\\/\\\/secure.gravatar.com\\\/avatar\\\/16a4c1e422b5dec818ee13eab3353b19db9cfd278cc10f9b0e1188a37671d9d4?s=96&d=mm&r=g\",\"contentUrl\":\"https:\\\/\\\/secure.gravatar.com\\\/avatar\\\/16a4c1e422b5dec818ee13eab3353b19db9cfd278cc10f9b0e1188a37671d9d4?s=96&d=mm&r=g\",\"caption\":\"BECACDE1\"},\"sameAs\":[\"http:\\\/\\\/www.cdealmeria.com\"]}]}<\/script>\n<!-- \/ Yoast SEO plugin. -->","yoast_head_json":{"title":"Andalusian Flag Awards in recognition of the work of people of Almeria | CDE Almer\u00eda - Centro de Documentaci\u00f3n Europea - Universidad de Almer\u00eda","robots":{"index":"index","follow":"follow","max-snippet":"max-snippet:-1","max-image-preview":"max-image-preview:large","max-video-preview":"max-video-preview:-1"},"canonical":"https:\/\/www.cde.ual.es\/en\/banderas-de-andalucia-in-recognition-of-the-work-of-the-people-of-almeria\/","og_locale":"en_US","og_type":"article","og_title":"Andalusian Flag Awards in recognition of the work of people of Almeria | CDE Almer\u00eda - Centro de Documentaci\u00f3n Europea - Universidad de Almer\u00eda","og_description":"The Andalusian Flag for Research, Science and Health was awarded to the Health Management Area of the North of Almeria , the Almeria Primary Care District and the Poniente Primary Care District. Junta de Andaluc\u00eda The award Every year the the Regional Government of Andalusia (hereinafter: Junta de Andaluc\u00eda) awards the Andalusian Flag honorary distinction [&hellip;]","og_url":"https:\/\/www.cde.ual.es\/en\/banderas-de-andalucia-in-recognition-of-the-work-of-the-people-of-almeria\/","og_site_name":"CDE Almer\u00eda - Centro de Documentaci\u00f3n Europea - Universidad de Almer\u00eda","article_publisher":"https:\/\/www.facebook.com\/cdeuniversidadalmeria\/","article_published_time":"2021-02-26T02:00:31+00:00","article_modified_time":"2021-09-16T12:30:32+00:00","og_image":[{"width":1131,"height":754,"url":"https:\/\/www.cde.ual.es\/wp-content\/uploads\/2021\/02\/bandera-andalucia.png","type":"image\/png"}],"author":"BECACDE1","twitter_card":"summary_large_image","twitter_creator":"@cdeualmeria","twitter_site":"@cdeualmeria","twitter_misc":{"Written by":"BECACDE1","Est. reading time":"2 minutes"},"schema":{"@context":"https:\/\/schema.org","@graph":[{"@type":"Article","@id":"https:\/\/www.cde.ual.es\/en\/banderas-de-andalucia-in-recognition-of-the-work-of-the-people-of-almeria\/#article","isPartOf":{"@id":"https:\/\/www.cde.ual.es\/en\/banderas-de-andalucia-in-recognition-of-the-work-of-the-people-of-almeria\/"},"author":{"name":"BECACDE1","@id":"https:\/\/www.cde.ual.es\/#\/schema\/person\/bf2f837cf3353e2161fe1087adbd728f"},"headline":"Andalusian Flag Awards in recognition of the work of people of Almeria","datePublished":"2021-02-26T02:00:31+00:00","dateModified":"2021-09-16T12:30:32+00:00","mainEntityOfPage":{"@id":"https:\/\/www.cde.ual.es\/en\/banderas-de-andalucia-in-recognition-of-the-work-of-the-people-of-almeria\/"},"wordCount":470,"commentCount":0,"publisher":{"@id":"https:\/\/www.cde.ual.es\/#organization"},"image":{"@id":"https:\/\/www.cde.ual.es\/en\/banderas-de-andalucia-in-recognition-of-the-work-of-the-people-of-almeria\/#primaryimage"},"thumbnailUrl":"https:\/\/www.cde.ual.es\/wp-content\/uploads\/2021\/02\/bandera-andalucia.png","keywords":["Andalusia","Coronavirus","health","Investigaci\u00f3n","Junta de Andaluc\u00eda","Research"],"articleSection":["EU News","Health","Research and Innovation"],"inLanguage":"en-US","potentialAction":[{"@type":"CommentAction","name":"Comment","target":["https:\/\/www.cde.ual.es\/en\/banderas-de-andalucia-in-recognition-of-the-work-of-the-people-of-almeria\/#respond"]}]},{"@type":"WebPage","@id":"https:\/\/www.cde.ual.es\/en\/banderas-de-andalucia-in-recognition-of-the-work-of-the-people-of-almeria\/","url":"https:\/\/www.cde.ual.es\/en\/banderas-de-andalucia-in-recognition-of-the-work-of-the-people-of-almeria\/","name":"Andalusian Flag Awards in recognition of the work of people of Almeria | CDE Almer\u00eda - Centro de Documentaci\u00f3n Europea - Universidad de Almer\u00eda","isPartOf":{"@id":"https:\/\/www.cde.ual.es\/#website"},"primaryImageOfPage":{"@id":"https:\/\/www.cde.ual.es\/en\/banderas-de-andalucia-in-recognition-of-the-work-of-the-people-of-almeria\/#primaryimage"},"image":{"@id":"https:\/\/www.cde.ual.es\/en\/banderas-de-andalucia-in-recognition-of-the-work-of-the-people-of-almeria\/#primaryimage"},"thumbnailUrl":"https:\/\/www.cde.ual.es\/wp-content\/uploads\/2021\/02\/bandera-andalucia.png","datePublished":"2021-02-26T02:00:31+00:00","dateModified":"2021-09-16T12:30:32+00:00","breadcrumb":{"@id":"https:\/\/www.cde.ual.es\/en\/banderas-de-andalucia-in-recognition-of-the-work-of-the-people-of-almeria\/#breadcrumb"},"inLanguage":"en-US","potentialAction":[{"@type":"ReadAction","target":["https:\/\/www.cde.ual.es\/en\/banderas-de-andalucia-in-recognition-of-the-work-of-the-people-of-almeria\/"]}]},{"@type":"ImageObject","inLanguage":"en-US","@id":"https:\/\/www.cde.ual.es\/en\/banderas-de-andalucia-in-recognition-of-the-work-of-the-people-of-almeria\/#primaryimage","url":"https:\/\/www.cde.ual.es\/wp-content\/uploads\/2021\/02\/bandera-andalucia.png","contentUrl":"https:\/\/www.cde.ual.es\/wp-content\/uploads\/2021\/02\/bandera-andalucia.png","width":1131,"height":754},{"@type":"BreadcrumbList","@id":"https:\/\/www.cde.ual.es\/en\/banderas-de-andalucia-in-recognition-of-the-work-of-the-people-of-almeria\/#breadcrumb","itemListElement":[{"@type":"ListItem","position":1,"name":"Inicio","item":"https:\/\/www.cde.ual.es\/en\/"},{"@type":"ListItem","position":2,"name":"EU News","item":"https:\/\/www.cde.ual.es\/en\/category\/eu-news\/"},{"@type":"ListItem","position":3,"name":"Health","item":"https:\/\/www.cde.ual.es\/en\/category\/eu-news\/health\/"},{"@type":"ListItem","position":4,"name":"Andalusian Flag Awards in recognition of the work of people of Almeria"}]},{"@type":"WebSite","@id":"https:\/\/www.cde.ual.es\/#website","url":"https:\/\/www.cde.ual.es\/","name":"CDE Almer\u00eda - Centro de Documentaci\u00f3n Europea - Universidad de Almer\u00eda","description":"Centro de Documentaci\u00f3n Europea de la Universidad de Almer\u00eda","publisher":{"@id":"https:\/\/www.cde.ual.es\/#organization"},"alternateName":"CDE Almer\u00eda","potentialAction":[{"@type":"SearchAction","target":{"@type":"EntryPoint","urlTemplate":"https:\/\/www.cde.ual.es\/?s={search_term_string}"},"query-input":{"@type":"PropertyValueSpecification","valueRequired":true,"valueName":"search_term_string"}}],"inLanguage":"en-US"},{"@type":"Organization","@id":"https:\/\/www.cde.ual.es\/#organization","name":"Centro de Documentaci\u00f3n Europea de Almer\u00eda","url":"https:\/\/www.cde.ual.es\/","logo":{"@type":"ImageObject","inLanguage":"en-US","@id":"https:\/\/www.cde.ual.es\/#\/schema\/logo\/image\/","url":"https:\/\/www.cde.ual.es\/wp-content\/uploads\/2025\/07\/cde-logo-3.png","contentUrl":"https:\/\/www.cde.ual.es\/wp-content\/uploads\/2025\/07\/cde-logo-3.png","width":1400,"height":300,"caption":"Centro de Documentaci\u00f3n Europea de Almer\u00eda"},"image":{"@id":"https:\/\/www.cde.ual.es\/#\/schema\/logo\/image\/"},"sameAs":["https:\/\/www.facebook.com\/cdeuniversidadalmeria\/","https:\/\/x.com\/cdeualmeria","https:\/\/www.tiktok.com\/@cdealmeria","https:\/\/www.instagram.com\/cdealmeria\/","https:\/\/www.linkedin.com\/in\/cde-almera-812b26a9\/"]},{"@type":"Person","@id":"https:\/\/www.cde.ual.es\/#\/schema\/person\/bf2f837cf3353e2161fe1087adbd728f","name":"BECACDE1","image":{"@type":"ImageObject","inLanguage":"en-US","@id":"https:\/\/secure.gravatar.com\/avatar\/16a4c1e422b5dec818ee13eab3353b19db9cfd278cc10f9b0e1188a37671d9d4?s=96&d=mm&r=g","url":"https:\/\/secure.gravatar.com\/avatar\/16a4c1e422b5dec818ee13eab3353b19db9cfd278cc10f9b0e1188a37671d9d4?s=96&d=mm&r=g","contentUrl":"https:\/\/secure.gravatar.com\/avatar\/16a4c1e422b5dec818ee13eab3353b19db9cfd278cc10f9b0e1188a37671d9d4?s=96&d=mm&r=g","caption":"BECACDE1"},"sameAs":["http:\/\/www.cdealmeria.com"]}]}},"_links":{"self":[{"href":"https:\/\/www.cde.ual.es\/en\/wp-json\/wp\/v2\/posts\/63816","targetHints":{"allow":["GET"]}}],"collection":[{"href":"https:\/\/www.cde.ual.es\/en\/wp-json\/wp\/v2\/posts"}],"about":[{"href":"https:\/\/www.cde.ual.es\/en\/wp-json\/wp\/v2\/types\/post"}],"author":[{"embeddable":true,"href":"https:\/\/www.cde.ual.es\/en\/wp-json\/wp\/v2\/users\/101012"}],"replies":[{"embeddable":true,"href":"https:\/\/www.cde.ual.es\/en\/wp-json\/wp\/v2\/comments?post=63816"}],"version-history":[{"count":0,"href":"https:\/\/www.cde.ual.es\/en\/wp-json\/wp\/v2\/posts\/63816\/revisions"}],"wp:featuredmedia":[{"embeddable":true,"href":"https:\/\/www.cde.ual.es\/en\/wp-json\/wp\/v2\/media\/63814"}],"wp:attachment":[{"href":"https:\/\/www.cde.ual.es\/en\/wp-json\/wp\/v2\/media?parent=63816"}],"wp:term":[{"taxonomy":"category","embeddable":true,"href":"https:\/\/www.cde.ual.es\/en\/wp-json\/wp\/v2\/categories?post=63816"},{"taxonomy":"post_tag","embeddable":true,"href":"https:\/\/www.cde.ual.es\/en\/wp-json\/wp\/v2\/tags?post=63816"}],"curies":[{"name":"wp","href":"https:\/\/api.w.org\/{rel}","templated":true}]}}