{"id":6312,"date":"2018-06-26T09:33:45","date_gmt":"2018-06-26T07:33:45","guid":{"rendered":"http:\/\/www.cde.ual.es\/?p=6312"},"modified":"2018-06-26T09:33:45","modified_gmt":"2018-06-26T07:33:45","slug":"la-ue-y-nueva-zelanda-inician-negociaciones-comerciales","status":"publish","type":"post","link":"https:\/\/www.cde.ual.es\/en\/la-ue-y-nueva-zelanda-inician-negociaciones-comerciales\/","title":{"rendered":"La UE y Nueva Zelanda inician negociaciones comerciales"},"content":{"rendered":"<h2>Las negociaciones tendr\u00e1n por objeto eliminar los obst\u00e1culos al comercio de bienes y servicios, as\u00ed como crear normas comerciales para conseguir que el comercio sea m\u00e1s f\u00e1cil y m\u00e1s sostenible.<\/h2>\n<p>La comisaria\u00a0Malmstr\u00f6m\u00a0ha declarado lo siguiente:\u00a0\u00abHoy damos un gran paso adelante en las relaciones entre la UE y Nueva Zelanda. Juntos, podemos celebrar un acuerdo beneficioso para todos, que ofrezca ventajas tanto para las empresas como para los ciudadanos. Los acuerdos comerciales consisten en abrir oportunidades econ\u00f3micas, y tambi\u00e9n en estrechar los lazos con nuestros firmes aliados. En el caso de Nueva Zelanda, sabemos que contamos con un socio que defiende los mismos valores fundamentales que nosotros. Este acuerdo constituye una excelente oportunidad para fijar normas comunes ambiciosas y configurar la globalizaci\u00f3n, facilitando el comercio al mismo tiempo que se defiende un desarrollo sostenible. Podemos predicar con el ejemplo\u00bb.<\/p>\n<p>La primera ronda formal de negociaciones entre los equipos de negociadores de las partes respectivas tendr\u00e1 lugar en Bruselas, del 16 al 20 de julio.<\/p>\n<p>Durante su estancia en Nueva Zelanda, la comisaria\u00a0Malmstr\u00f6m\u00a0se ha reunido con el primer ministro en funciones y ministro de Asuntos Exteriores, Winston Peters, as\u00ed como con la Comisi\u00f3n Parlamentaria de Asuntos Exteriores. Tambi\u00e9n ha pronunciado una conferencia p\u00fablica del ciclo Europa organizada por el Instituto de Asuntos Internacionales de Nueva Zelanda.<\/p>\n<p>Durante su visita, la comisaria\u00a0Malmstr\u00f6m\u00a0tambi\u00e9n va a reunirse con los ministros de Industrias Primarias y de Cambio Clim\u00e1tico, as\u00ed como con representantes de la sociedad civil y de los \u00e1mbitos acad\u00e9mico y empresarial. El viernes 22 de junio visitar\u00e1 un centro de innovaci\u00f3n con empresas que tienen vinculaci\u00f3n con la UE.<\/p>\n<p>El a\u00f1o pasado, el comercio bilateral de mercanc\u00edas entre la UE y Nueva Zelanda ascendi\u00f3 a 8\u00a0700 millones de euros. Los sectores que representan la mayor parte de las exportaciones de la UE a Nueva Zelanda son productos manufacturados, por ejemplo equipos de transporte, maquinaria y aparatos, as\u00ed como productos qu\u00edmicos, pl\u00e1sticos, alimentos y servicios. A ello se a\u00f1ade un comercio de servicios por un valor de 4\u00a0400 millones de euros (2016). La UE es el tercer socio comercial m\u00e1s importante de Nueva Zelanda y el acuerdo podr\u00eda incrementar el comercio de mercanc\u00edas casi en un 50\u00a0%, o en un tercio si se consideran tanto los bienes como los servicios.<\/p>\n<p>Nueva Zelanda es una de las econom\u00edas del mundo desarrollado que presentan un crecimiento m\u00e1s r\u00e1pido. Ha negociado recientemente el Tratado Amplio y Progresivo de Asociaci\u00f3n Transpac\u00edfico (CPTPP, por sus siglas en ingl\u00e9s) con otros diez pa\u00edses de la regi\u00f3n del Pac\u00edfico. El acuerdo entre la UE y Nueva Zelanda garantizar\u00e1 que las empresas europeas compitan en igualdad de condiciones con empresas de pa\u00edses con los que Nueva Zelanda ya tiene acuerdos comerciales.<\/p>\n<p>Leer m\u00e1s:\u00a0<a href=\"http:\/\/europa.eu\/rapid\/press-release_IP-18-4165_es.htm\">Noticia completa<\/a><\/p>\n","protected":false},"excerpt":{"rendered":"<p>Las negociaciones tendr\u00e1n por objeto eliminar los obst\u00e1culos al comercio de bienes y servicios, as\u00ed como crear normas comerciales para conseguir que el comercio sea m\u00e1s f\u00e1cil y m\u00e1s sostenible. La comisaria\u00a0Malmstr\u00f6m\u00a0ha declarado lo siguiente:\u00a0\u00abHoy damos un gran paso adelante en las relaciones entre la UE y Nueva Zelanda. Juntos, podemos celebrar un acuerdo beneficioso [&hellip;]<\/p>\n","protected":false},"author":101012,"featured_media":6315,"comment_status":"open","ping_status":"open","sticky":false,"template":"","format":"standard","meta":{"_acf_changed":false,"_relevanssi_hide_post":"","_relevanssi_hide_content":"","_relevanssi_pin_for_all":"","_relevanssi_pin_keywords":"","_relevanssi_unpin_keywords":"","_relevanssi_related_keywords":"","_relevanssi_related_include_ids":"","_relevanssi_related_exclude_ids":"","_relevanssi_related_no_append":"","_relevanssi_related_not_related":"","_relevanssi_related_posts":"","_relevanssi_noindex_reason":"","_monsterinsights_skip_tracking":false,"_monsterinsights_sitenote_active":false,"_monsterinsights_sitenote_note":"","_monsterinsights_sitenote_category":0,"_genesis_hide_title":false,"_genesis_hide_breadcrumbs":false,"_genesis_hide_singular_image":false,"_genesis_hide_footer_widgets":false,"_genesis_custom_body_class":"","_genesis_custom_post_class":"","_genesis_layout":"","footnotes":""},"categories":[96],"tags":[126],"class_list":{"0":"post-6312","1":"post","2":"type-post","3":"status-publish","4":"format-standard","5":"has-post-thumbnail","7":"category-noticias-ue","8":"tag-competitividad-empresa","9":"entry"},"acf":[],"yoast_head":"<!-- This site is optimized with the Yoast SEO plugin v27.5 - https:\/\/yoast.com\/product\/yoast-seo-wordpress\/ -->\n<title>La UE y Nueva Zelanda inician negociaciones comerciales | CDE Almer\u00eda - Centro de Documentaci\u00f3n Europea - Universidad de Almer\u00eda<\/title>\n<meta name=\"robots\" content=\"index, follow, max-snippet:-1, max-image-preview:large, max-video-preview:-1\" \/>\n<link rel=\"canonical\" href=\"https:\/\/www.cde.ual.es\/la-ue-y-nueva-zelanda-inician-negociaciones-comerciales\/\" \/>\n<meta property=\"og:locale\" content=\"en_US\" \/>\n<meta property=\"og:type\" content=\"article\" \/>\n<meta property=\"og:title\" content=\"La UE y Nueva Zelanda inician negociaciones comerciales | CDE Almer\u00eda - Centro de Documentaci\u00f3n Europea - Universidad de Almer\u00eda\" \/>\n<meta property=\"og:description\" content=\"Las negociaciones tendr\u00e1n por objeto eliminar los obst\u00e1culos al comercio de bienes y servicios, as\u00ed como crear normas comerciales para conseguir que el comercio sea m\u00e1s f\u00e1cil y m\u00e1s sostenible. La comisaria\u00a0Malmstr\u00f6m\u00a0ha declarado lo siguiente:\u00a0\u00abHoy damos un gran paso adelante en las relaciones entre la UE y Nueva Zelanda. Juntos, podemos celebrar un acuerdo beneficioso [&hellip;]\" \/>\n<meta property=\"og:url\" content=\"https:\/\/www.cde.ual.es\/la-ue-y-nueva-zelanda-inician-negociaciones-comerciales\/\" \/>\n<meta property=\"og:site_name\" content=\"CDE Almer\u00eda - Centro de Documentaci\u00f3n Europea - Universidad de Almer\u00eda\" \/>\n<meta property=\"article:publisher\" content=\"https:\/\/www.facebook.com\/cdeuniversidadalmeria\/\" \/>\n<meta property=\"article:published_time\" content=\"2018-06-26T07:33:45+00:00\" \/>\n<meta property=\"og:image\" content=\"https:\/\/www.cde.ual.es\/wp-content\/uploads\/2018\/06\/UE-Y-NUEVA-ZELANDA-ACUERDOS-COMERCIALES.png\" \/>\n\t<meta property=\"og:image:width\" content=\"800\" \/>\n\t<meta property=\"og:image:height\" content=\"481\" \/>\n\t<meta property=\"og:image:type\" content=\"image\/png\" \/>\n<meta name=\"author\" content=\"BECACDE1\" \/>\n<meta name=\"twitter:card\" content=\"summary_large_image\" \/>\n<meta name=\"twitter:creator\" content=\"@cdeualmeria\" \/>\n<meta name=\"twitter:site\" content=\"@cdeualmeria\" \/>\n<meta name=\"twitter:label1\" content=\"Written by\" \/>\n\t<meta name=\"twitter:data1\" content=\"BECACDE1\" \/>\n\t<meta name=\"twitter:label2\" content=\"Est. reading time\" \/>\n\t<meta name=\"twitter:data2\" content=\"2 minutes\" \/>\n<script type=\"application\/ld+json\" class=\"yoast-schema-graph\">{\"@context\":\"https:\\\/\\\/schema.org\",\"@graph\":[{\"@type\":\"Article\",\"@id\":\"https:\\\/\\\/www.cde.ual.es\\\/la-ue-y-nueva-zelanda-inician-negociaciones-comerciales\\\/#article\",\"isPartOf\":{\"@id\":\"https:\\\/\\\/www.cde.ual.es\\\/la-ue-y-nueva-zelanda-inician-negociaciones-comerciales\\\/\"},\"author\":{\"name\":\"BECACDE1\",\"@id\":\"https:\\\/\\\/www.cde.ual.es\\\/#\\\/schema\\\/person\\\/bf2f837cf3353e2161fe1087adbd728f\"},\"headline\":\"La UE y Nueva Zelanda inician negociaciones comerciales\",\"datePublished\":\"2018-06-26T07:33:45+00:00\",\"mainEntityOfPage\":{\"@id\":\"https:\\\/\\\/www.cde.ual.es\\\/la-ue-y-nueva-zelanda-inician-negociaciones-comerciales\\\/\"},\"wordCount\":498,\"commentCount\":0,\"publisher\":{\"@id\":\"https:\\\/\\\/www.cde.ual.es\\\/#organization\"},\"image\":{\"@id\":\"https:\\\/\\\/www.cde.ual.es\\\/la-ue-y-nueva-zelanda-inician-negociaciones-comerciales\\\/#primaryimage\"},\"thumbnailUrl\":\"https:\\\/\\\/www.cde.ual.es\\\/wp-content\\\/uploads\\\/2018\\\/06\\\/UE-Y-NUEVA-ZELANDA-ACUERDOS-COMERCIALES.png\",\"keywords\":[\"Mercado en la Uni\u00f3n Europea\"],\"articleSection\":[\"Noticias UE\"],\"inLanguage\":\"en-US\",\"potentialAction\":[{\"@type\":\"CommentAction\",\"name\":\"Comment\",\"target\":[\"https:\\\/\\\/www.cde.ual.es\\\/la-ue-y-nueva-zelanda-inician-negociaciones-comerciales\\\/#respond\"]}]},{\"@type\":\"WebPage\",\"@id\":\"https:\\\/\\\/www.cde.ual.es\\\/la-ue-y-nueva-zelanda-inician-negociaciones-comerciales\\\/\",\"url\":\"https:\\\/\\\/www.cde.ual.es\\\/la-ue-y-nueva-zelanda-inician-negociaciones-comerciales\\\/\",\"name\":\"La UE y Nueva Zelanda inician negociaciones comerciales | CDE Almer\u00eda - Centro de Documentaci\u00f3n Europea - Universidad de Almer\u00eda\",\"isPartOf\":{\"@id\":\"https:\\\/\\\/www.cde.ual.es\\\/#website\"},\"primaryImageOfPage\":{\"@id\":\"https:\\\/\\\/www.cde.ual.es\\\/la-ue-y-nueva-zelanda-inician-negociaciones-comerciales\\\/#primaryimage\"},\"image\":{\"@id\":\"https:\\\/\\\/www.cde.ual.es\\\/la-ue-y-nueva-zelanda-inician-negociaciones-comerciales\\\/#primaryimage\"},\"thumbnailUrl\":\"https:\\\/\\\/www.cde.ual.es\\\/wp-content\\\/uploads\\\/2018\\\/06\\\/UE-Y-NUEVA-ZELANDA-ACUERDOS-COMERCIALES.png\",\"datePublished\":\"2018-06-26T07:33:45+00:00\",\"breadcrumb\":{\"@id\":\"https:\\\/\\\/www.cde.ual.es\\\/la-ue-y-nueva-zelanda-inician-negociaciones-comerciales\\\/#breadcrumb\"},\"inLanguage\":\"en-US\",\"potentialAction\":[{\"@type\":\"ReadAction\",\"target\":[\"https:\\\/\\\/www.cde.ual.es\\\/la-ue-y-nueva-zelanda-inician-negociaciones-comerciales\\\/\"]}]},{\"@type\":\"ImageObject\",\"inLanguage\":\"en-US\",\"@id\":\"https:\\\/\\\/www.cde.ual.es\\\/la-ue-y-nueva-zelanda-inician-negociaciones-comerciales\\\/#primaryimage\",\"url\":\"https:\\\/\\\/www.cde.ual.es\\\/wp-content\\\/uploads\\\/2018\\\/06\\\/UE-Y-NUEVA-ZELANDA-ACUERDOS-COMERCIALES.png\",\"contentUrl\":\"https:\\\/\\\/www.cde.ual.es\\\/wp-content\\\/uploads\\\/2018\\\/06\\\/UE-Y-NUEVA-ZELANDA-ACUERDOS-COMERCIALES.png\",\"width\":800,\"height\":481},{\"@type\":\"BreadcrumbList\",\"@id\":\"https:\\\/\\\/www.cde.ual.es\\\/la-ue-y-nueva-zelanda-inician-negociaciones-comerciales\\\/#breadcrumb\",\"itemListElement\":[{\"@type\":\"ListItem\",\"position\":1,\"name\":\"Inicio\",\"item\":\"https:\\\/\\\/www.cde.ual.es\\\/en\\\/\"},{\"@type\":\"ListItem\",\"position\":2,\"name\":\"Noticias UE\",\"item\":\"https:\\\/\\\/www.cde.ual.es\\\/category\\\/noticias-ue\\\/\"},{\"@type\":\"ListItem\",\"position\":3,\"name\":\"La UE y Nueva Zelanda inician negociaciones comerciales\"}]},{\"@type\":\"WebSite\",\"@id\":\"https:\\\/\\\/www.cde.ual.es\\\/#website\",\"url\":\"https:\\\/\\\/www.cde.ual.es\\\/\",\"name\":\"CDE Almer\u00eda - Centro de Documentaci\u00f3n Europea - Universidad de Almer\u00eda\",\"description\":\"Centro de Documentaci\u00f3n Europea de la Universidad de Almer\u00eda\",\"publisher\":{\"@id\":\"https:\\\/\\\/www.cde.ual.es\\\/#organization\"},\"alternateName\":\"CDE Almer\u00eda\",\"potentialAction\":[{\"@type\":\"SearchAction\",\"target\":{\"@type\":\"EntryPoint\",\"urlTemplate\":\"https:\\\/\\\/www.cde.ual.es\\\/?s={search_term_string}\"},\"query-input\":{\"@type\":\"PropertyValueSpecification\",\"valueRequired\":true,\"valueName\":\"search_term_string\"}}],\"inLanguage\":\"en-US\"},{\"@type\":\"Organization\",\"@id\":\"https:\\\/\\\/www.cde.ual.es\\\/#organization\",\"name\":\"Centro de Documentaci\u00f3n Europea de Almer\u00eda\",\"url\":\"https:\\\/\\\/www.cde.ual.es\\\/\",\"logo\":{\"@type\":\"ImageObject\",\"inLanguage\":\"en-US\",\"@id\":\"https:\\\/\\\/www.cde.ual.es\\\/#\\\/schema\\\/logo\\\/image\\\/\",\"url\":\"https:\\\/\\\/www.cde.ual.es\\\/wp-content\\\/uploads\\\/2025\\\/07\\\/cde-logo-3.png\",\"contentUrl\":\"https:\\\/\\\/www.cde.ual.es\\\/wp-content\\\/uploads\\\/2025\\\/07\\\/cde-logo-3.png\",\"width\":1400,\"height\":300,\"caption\":\"Centro de Documentaci\u00f3n Europea de Almer\u00eda\"},\"image\":{\"@id\":\"https:\\\/\\\/www.cde.ual.es\\\/#\\\/schema\\\/logo\\\/image\\\/\"},\"sameAs\":[\"https:\\\/\\\/www.facebook.com\\\/cdeuniversidadalmeria\\\/\",\"https:\\\/\\\/x.com\\\/cdeualmeria\",\"https:\\\/\\\/www.tiktok.com\\\/@cdealmeria\",\"https:\\\/\\\/www.instagram.com\\\/cdealmeria\\\/\",\"https:\\\/\\\/www.linkedin.com\\\/in\\\/cde-almera-812b26a9\\\/\"]},{\"@type\":\"Person\",\"@id\":\"https:\\\/\\\/www.cde.ual.es\\\/#\\\/schema\\\/person\\\/bf2f837cf3353e2161fe1087adbd728f\",\"name\":\"BECACDE1\",\"image\":{\"@type\":\"ImageObject\",\"inLanguage\":\"en-US\",\"@id\":\"https:\\\/\\\/secure.gravatar.com\\\/avatar\\\/16a4c1e422b5dec818ee13eab3353b19db9cfd278cc10f9b0e1188a37671d9d4?s=96&d=mm&r=g\",\"url\":\"https:\\\/\\\/secure.gravatar.com\\\/avatar\\\/16a4c1e422b5dec818ee13eab3353b19db9cfd278cc10f9b0e1188a37671d9d4?s=96&d=mm&r=g\",\"contentUrl\":\"https:\\\/\\\/secure.gravatar.com\\\/avatar\\\/16a4c1e422b5dec818ee13eab3353b19db9cfd278cc10f9b0e1188a37671d9d4?s=96&d=mm&r=g\",\"caption\":\"BECACDE1\"},\"sameAs\":[\"http:\\\/\\\/www.cdealmeria.com\"]}]}<\/script>\n<!-- \/ Yoast SEO plugin. -->","yoast_head_json":{"title":"La UE y Nueva Zelanda inician negociaciones comerciales | CDE Almer\u00eda - Centro de Documentaci\u00f3n Europea - Universidad de Almer\u00eda","robots":{"index":"index","follow":"follow","max-snippet":"max-snippet:-1","max-image-preview":"max-image-preview:large","max-video-preview":"max-video-preview:-1"},"canonical":"https:\/\/www.cde.ual.es\/la-ue-y-nueva-zelanda-inician-negociaciones-comerciales\/","og_locale":"en_US","og_type":"article","og_title":"La UE y Nueva Zelanda inician negociaciones comerciales | CDE Almer\u00eda - Centro de Documentaci\u00f3n Europea - Universidad de Almer\u00eda","og_description":"Las negociaciones tendr\u00e1n por objeto eliminar los obst\u00e1culos al comercio de bienes y servicios, as\u00ed como crear normas comerciales para conseguir que el comercio sea m\u00e1s f\u00e1cil y m\u00e1s sostenible. La comisaria\u00a0Malmstr\u00f6m\u00a0ha declarado lo siguiente:\u00a0\u00abHoy damos un gran paso adelante en las relaciones entre la UE y Nueva Zelanda. Juntos, podemos celebrar un acuerdo beneficioso [&hellip;]","og_url":"https:\/\/www.cde.ual.es\/la-ue-y-nueva-zelanda-inician-negociaciones-comerciales\/","og_site_name":"CDE Almer\u00eda - Centro de Documentaci\u00f3n Europea - Universidad de Almer\u00eda","article_publisher":"https:\/\/www.facebook.com\/cdeuniversidadalmeria\/","article_published_time":"2018-06-26T07:33:45+00:00","og_image":[{"width":800,"height":481,"url":"https:\/\/www.cde.ual.es\/wp-content\/uploads\/2018\/06\/UE-Y-NUEVA-ZELANDA-ACUERDOS-COMERCIALES.png","type":"image\/png"}],"author":"BECACDE1","twitter_card":"summary_large_image","twitter_creator":"@cdeualmeria","twitter_site":"@cdeualmeria","twitter_misc":{"Written by":"BECACDE1","Est. reading time":"2 minutes"},"schema":{"@context":"https:\/\/schema.org","@graph":[{"@type":"Article","@id":"https:\/\/www.cde.ual.es\/la-ue-y-nueva-zelanda-inician-negociaciones-comerciales\/#article","isPartOf":{"@id":"https:\/\/www.cde.ual.es\/la-ue-y-nueva-zelanda-inician-negociaciones-comerciales\/"},"author":{"name":"BECACDE1","@id":"https:\/\/www.cde.ual.es\/#\/schema\/person\/bf2f837cf3353e2161fe1087adbd728f"},"headline":"La UE y Nueva Zelanda inician negociaciones comerciales","datePublished":"2018-06-26T07:33:45+00:00","mainEntityOfPage":{"@id":"https:\/\/www.cde.ual.es\/la-ue-y-nueva-zelanda-inician-negociaciones-comerciales\/"},"wordCount":498,"commentCount":0,"publisher":{"@id":"https:\/\/www.cde.ual.es\/#organization"},"image":{"@id":"https:\/\/www.cde.ual.es\/la-ue-y-nueva-zelanda-inician-negociaciones-comerciales\/#primaryimage"},"thumbnailUrl":"https:\/\/www.cde.ual.es\/wp-content\/uploads\/2018\/06\/UE-Y-NUEVA-ZELANDA-ACUERDOS-COMERCIALES.png","keywords":["Mercado en la Uni\u00f3n Europea"],"articleSection":["Noticias UE"],"inLanguage":"en-US","potentialAction":[{"@type":"CommentAction","name":"Comment","target":["https:\/\/www.cde.ual.es\/la-ue-y-nueva-zelanda-inician-negociaciones-comerciales\/#respond"]}]},{"@type":"WebPage","@id":"https:\/\/www.cde.ual.es\/la-ue-y-nueva-zelanda-inician-negociaciones-comerciales\/","url":"https:\/\/www.cde.ual.es\/la-ue-y-nueva-zelanda-inician-negociaciones-comerciales\/","name":"La UE y Nueva Zelanda inician negociaciones comerciales | CDE Almer\u00eda - Centro de Documentaci\u00f3n Europea - Universidad de Almer\u00eda","isPartOf":{"@id":"https:\/\/www.cde.ual.es\/#website"},"primaryImageOfPage":{"@id":"https:\/\/www.cde.ual.es\/la-ue-y-nueva-zelanda-inician-negociaciones-comerciales\/#primaryimage"},"image":{"@id":"https:\/\/www.cde.ual.es\/la-ue-y-nueva-zelanda-inician-negociaciones-comerciales\/#primaryimage"},"thumbnailUrl":"https:\/\/www.cde.ual.es\/wp-content\/uploads\/2018\/06\/UE-Y-NUEVA-ZELANDA-ACUERDOS-COMERCIALES.png","datePublished":"2018-06-26T07:33:45+00:00","breadcrumb":{"@id":"https:\/\/www.cde.ual.es\/la-ue-y-nueva-zelanda-inician-negociaciones-comerciales\/#breadcrumb"},"inLanguage":"en-US","potentialAction":[{"@type":"ReadAction","target":["https:\/\/www.cde.ual.es\/la-ue-y-nueva-zelanda-inician-negociaciones-comerciales\/"]}]},{"@type":"ImageObject","inLanguage":"en-US","@id":"https:\/\/www.cde.ual.es\/la-ue-y-nueva-zelanda-inician-negociaciones-comerciales\/#primaryimage","url":"https:\/\/www.cde.ual.es\/wp-content\/uploads\/2018\/06\/UE-Y-NUEVA-ZELANDA-ACUERDOS-COMERCIALES.png","contentUrl":"https:\/\/www.cde.ual.es\/wp-content\/uploads\/2018\/06\/UE-Y-NUEVA-ZELANDA-ACUERDOS-COMERCIALES.png","width":800,"height":481},{"@type":"BreadcrumbList","@id":"https:\/\/www.cde.ual.es\/la-ue-y-nueva-zelanda-inician-negociaciones-comerciales\/#breadcrumb","itemListElement":[{"@type":"ListItem","position":1,"name":"Inicio","item":"https:\/\/www.cde.ual.es\/en\/"},{"@type":"ListItem","position":2,"name":"Noticias UE","item":"https:\/\/www.cde.ual.es\/category\/noticias-ue\/"},{"@type":"ListItem","position":3,"name":"La UE y Nueva Zelanda inician negociaciones comerciales"}]},{"@type":"WebSite","@id":"https:\/\/www.cde.ual.es\/#website","url":"https:\/\/www.cde.ual.es\/","name":"CDE Almer\u00eda - Centro de Documentaci\u00f3n Europea - Universidad de Almer\u00eda","description":"Centro de Documentaci\u00f3n Europea de la Universidad de Almer\u00eda","publisher":{"@id":"https:\/\/www.cde.ual.es\/#organization"},"alternateName":"CDE Almer\u00eda","potentialAction":[{"@type":"SearchAction","target":{"@type":"EntryPoint","urlTemplate":"https:\/\/www.cde.ual.es\/?s={search_term_string}"},"query-input":{"@type":"PropertyValueSpecification","valueRequired":true,"valueName":"search_term_string"}}],"inLanguage":"en-US"},{"@type":"Organization","@id":"https:\/\/www.cde.ual.es\/#organization","name":"Centro de Documentaci\u00f3n Europea de Almer\u00eda","url":"https:\/\/www.cde.ual.es\/","logo":{"@type":"ImageObject","inLanguage":"en-US","@id":"https:\/\/www.cde.ual.es\/#\/schema\/logo\/image\/","url":"https:\/\/www.cde.ual.es\/wp-content\/uploads\/2025\/07\/cde-logo-3.png","contentUrl":"https:\/\/www.cde.ual.es\/wp-content\/uploads\/2025\/07\/cde-logo-3.png","width":1400,"height":300,"caption":"Centro de Documentaci\u00f3n Europea de Almer\u00eda"},"image":{"@id":"https:\/\/www.cde.ual.es\/#\/schema\/logo\/image\/"},"sameAs":["https:\/\/www.facebook.com\/cdeuniversidadalmeria\/","https:\/\/x.com\/cdeualmeria","https:\/\/www.tiktok.com\/@cdealmeria","https:\/\/www.instagram.com\/cdealmeria\/","https:\/\/www.linkedin.com\/in\/cde-almera-812b26a9\/"]},{"@type":"Person","@id":"https:\/\/www.cde.ual.es\/#\/schema\/person\/bf2f837cf3353e2161fe1087adbd728f","name":"BECACDE1","image":{"@type":"ImageObject","inLanguage":"en-US","@id":"https:\/\/secure.gravatar.com\/avatar\/16a4c1e422b5dec818ee13eab3353b19db9cfd278cc10f9b0e1188a37671d9d4?s=96&d=mm&r=g","url":"https:\/\/secure.gravatar.com\/avatar\/16a4c1e422b5dec818ee13eab3353b19db9cfd278cc10f9b0e1188a37671d9d4?s=96&d=mm&r=g","contentUrl":"https:\/\/secure.gravatar.com\/avatar\/16a4c1e422b5dec818ee13eab3353b19db9cfd278cc10f9b0e1188a37671d9d4?s=96&d=mm&r=g","caption":"BECACDE1"},"sameAs":["http:\/\/www.cdealmeria.com"]}]}},"_links":{"self":[{"href":"https:\/\/www.cde.ual.es\/en\/wp-json\/wp\/v2\/posts\/6312","targetHints":{"allow":["GET"]}}],"collection":[{"href":"https:\/\/www.cde.ual.es\/en\/wp-json\/wp\/v2\/posts"}],"about":[{"href":"https:\/\/www.cde.ual.es\/en\/wp-json\/wp\/v2\/types\/post"}],"author":[{"embeddable":true,"href":"https:\/\/www.cde.ual.es\/en\/wp-json\/wp\/v2\/users\/101012"}],"replies":[{"embeddable":true,"href":"https:\/\/www.cde.ual.es\/en\/wp-json\/wp\/v2\/comments?post=6312"}],"version-history":[{"count":0,"href":"https:\/\/www.cde.ual.es\/en\/wp-json\/wp\/v2\/posts\/6312\/revisions"}],"wp:featuredmedia":[{"embeddable":true,"href":"https:\/\/www.cde.ual.es\/en\/wp-json\/wp\/v2\/media\/6315"}],"wp:attachment":[{"href":"https:\/\/www.cde.ual.es\/en\/wp-json\/wp\/v2\/media?parent=6312"}],"wp:term":[{"taxonomy":"category","embeddable":true,"href":"https:\/\/www.cde.ual.es\/en\/wp-json\/wp\/v2\/categories?post=6312"},{"taxonomy":"post_tag","embeddable":true,"href":"https:\/\/www.cde.ual.es\/en\/wp-json\/wp\/v2\/tags?post=6312"}],"curies":[{"name":"wp","href":"https:\/\/api.w.org\/{rel}","templated":true}]}}