{"id":6303,"date":"2018-06-26T08:46:01","date_gmt":"2018-06-26T06:46:01","guid":{"rendered":"http:\/\/www.cde.ual.es\/?p=6303"},"modified":"2018-07-30T09:58:59","modified_gmt":"2018-07-30T07:58:59","slug":"hasta-marte-y-mas-alla-el-empuje-de-europa-al-espacio","status":"publish","type":"post","link":"https:\/\/www.cde.ual.es\/en\/hasta-marte-y-mas-alla-el-empuje-de-europa-al-espacio\/","title":{"rendered":"Hasta marte y m\u00e1s all\u00e1: el empuje de Europa al espacio"},"content":{"rendered":"<p><a href=\"http:\/\/www.cde.ual.es\/wp-content\/uploads\/2018\/06\/Marte.jpg\"><img decoding=\"async\" class=\"size-medium wp-image-6304 aligncenter\" src=\"http:\/\/www.cde.ual.es\/wp-content\/uploads\/2018\/06\/Marte-300x200.jpg\" alt=\"\" width=\"300\" height=\"200\" srcset=\"https:\/\/www.cde.ual.es\/wp-content\/uploads\/2018\/06\/Marte-300x200.jpg 300w, https:\/\/www.cde.ual.es\/wp-content\/uploads\/2018\/06\/Marte.jpg 525w\" sizes=\"(max-width: 300px) 100vw, 300px\" \/><\/a><\/p>\n<p>El espacio se muestra como la \u00faltima frontera, y Europa quiere estar al frente llevarnos all\u00ed. En el \u00faltimo n\u00famero de la revista <a href=\"https:\/\/cordis.europa.eu\/article\/id\/400987-to-mars-and-beyond-europes-push-to-the-final-frontier_en.html\"><em><strong>research<span class=\"asterisk\">*<\/span>eu<\/strong><\/em><\/a> editada por <a href=\"https:\/\/cordis.europa.eu\/home_es.html\">CORDIS<\/a> , se muestran\u00a0 algunas de las investigaciones m\u00e1s emocionantes y definitorias del futuro que contribuir\u00e1n a la b\u00fasqueda revitalizada de la humanidad para alcanzar las estrellas, primero a la Luna y Marte, y m\u00e1s all\u00e1.<\/p>\n<p>Los titulares de los \u00faltimos a\u00f1os han hecho que las futuras misiones humanas a la Luna y a Marte sean m\u00e1s tangibles de lo que nunca han sido. Desde las ambiciones desenfrenadas de un cierto Elon Musk hasta la reciente directiva de Donald Trump cambiando el enfoque de la NASA para regresar a la Luna, junto con los descubrimientos constantes de exoplanetas similares a la Tierra, cualquiera puede sentir la emoci\u00f3n general de la exploraci\u00f3n espacial como si fuera 1969 de nuevo .<\/p>\n<p>Sin embargo, canalizar toda esta energ\u00eda positiva no es ninguna haza\u00f1a. Esto se puede ver con los m\u00faltiples intercambios de ideas entre los EE. UU., Rusia, Europa y otras potencias espaciales l\u00edderes en el vuelo espacial y la exploraci\u00f3n espacial despu\u00e9s de la ISS: hasta ahora, no han podido llevar a una visi\u00f3n com\u00fan.<\/p>\n<p>Una vez que se ha decidido si todos los recursos deber\u00edan centrarse en una futura misi\u00f3n a Marte, a la Luna o si se podr\u00eda usar una futura base lunar para llegar a Marte m\u00e1s f\u00e1cilmente, los inversores deber\u00edan asegurarse de apostar por el caballo ganador.\u00a0 Y por \u00faltimo, pero no menos importante, el conocimiento restante y las lagunas tecnol\u00f3gicas deben superarse para aumentar las probabilidades de un final feliz.<\/p>\n<p>En el lado europeo, la <a href=\"https:\/\/www.esa.int\/esl\/ESA_in_your_country\/Spain\">Agencia Espacial Europea (ESA)<\/a> contin\u00faa imaginando una potencial misi\u00f3n humana internacional a Marte para estar listo para el 2025, ya sea usando la Luna como una estaci\u00f3n de despegue o siendo planeado desde la Tierra directamente. Hasta entonces, se requerir\u00e1n m\u00faltiples misiones rob\u00f3ticas para asegurarnos de que sabemos todo lo que hay que saber sobre Marte y c\u00f3mo llegar de manera segura. Y varios proyectos financiados por la UE est\u00e1n trabajando duro para llevarnos all\u00ed.<\/p>\n<p>La revista contin\u00faa con las secciones tem\u00e1ticas habituales, as\u00ed como una lista de pr\u00f3ximos eventos organizados por proyectos de investigaci\u00f3n financiados por la UE o en los que participan. \u00a1No dejen de leerla!<\/p>\n","protected":false},"excerpt":{"rendered":"<p>El espacio se muestra como la \u00faltima frontera, y Europa quiere estar al frente llevarnos all\u00ed. En el \u00faltimo n\u00famero de la revista research*eu editada por CORDIS , se muestran\u00a0 algunas de las investigaciones m\u00e1s emocionantes y definitorias del futuro que contribuir\u00e1n a la b\u00fasqueda revitalizada de la humanidad para alcanzar las estrellas, primero a [&hellip;]<\/p>\n","protected":false},"author":1,"featured_media":6304,"comment_status":"open","ping_status":"open","sticky":false,"template":"","format":"standard","meta":{"_acf_changed":false,"_relevanssi_hide_post":"","_relevanssi_hide_content":"","_relevanssi_pin_for_all":"","_relevanssi_pin_keywords":"","_relevanssi_unpin_keywords":"","_relevanssi_related_keywords":"","_relevanssi_related_include_ids":"","_relevanssi_related_exclude_ids":"","_relevanssi_related_no_append":"","_relevanssi_related_not_related":"","_relevanssi_related_posts":"","_relevanssi_noindex_reason":"","_monsterinsights_skip_tracking":false,"_monsterinsights_sitenote_active":false,"_monsterinsights_sitenote_note":"","_monsterinsights_sitenote_category":0,"_genesis_hide_title":false,"_genesis_hide_breadcrumbs":false,"_genesis_hide_singular_image":false,"_genesis_hide_footer_widgets":false,"_genesis_custom_body_class":"","_genesis_custom_post_class":"","_genesis_layout":"","footnotes":""},"categories":[96],"tags":[132],"class_list":{"0":"post-6303","1":"post","2":"type-post","3":"status-publish","4":"format-standard","5":"has-post-thumbnail","7":"category-noticias-ue","8":"tag-investigacion","9":"entry"},"acf":[],"yoast_head":"<!-- This site is optimized with the Yoast SEO plugin v27.5 - https:\/\/yoast.com\/product\/yoast-seo-wordpress\/ -->\n<title>Hasta marte y m\u00e1s all\u00e1: el empuje de Europa al espacio | CDE Almer\u00eda - Centro de Documentaci\u00f3n Europea - Universidad de Almer\u00eda<\/title>\n<meta name=\"robots\" content=\"index, follow, max-snippet:-1, max-image-preview:large, max-video-preview:-1\" \/>\n<link rel=\"canonical\" href=\"https:\/\/www.cde.ual.es\/en\/hasta-marte-y-mas-alla-el-empuje-de-europa-al-espacio\/\" \/>\n<meta property=\"og:locale\" content=\"en_US\" \/>\n<meta property=\"og:type\" content=\"article\" \/>\n<meta property=\"og:title\" content=\"Hasta marte y m\u00e1s all\u00e1: el empuje de Europa al espacio | CDE Almer\u00eda - Centro de Documentaci\u00f3n Europea - Universidad de Almer\u00eda\" \/>\n<meta property=\"og:description\" content=\"El espacio se muestra como la \u00faltima frontera, y Europa quiere estar al frente llevarnos all\u00ed. En el \u00faltimo n\u00famero de la revista research*eu editada por CORDIS , se muestran\u00a0 algunas de las investigaciones m\u00e1s emocionantes y definitorias del futuro que contribuir\u00e1n a la b\u00fasqueda revitalizada de la humanidad para alcanzar las estrellas, primero a [&hellip;]\" \/>\n<meta property=\"og:url\" content=\"https:\/\/www.cde.ual.es\/en\/hasta-marte-y-mas-alla-el-empuje-de-europa-al-espacio\/\" \/>\n<meta property=\"og:site_name\" content=\"CDE Almer\u00eda - Centro de Documentaci\u00f3n Europea - Universidad de Almer\u00eda\" \/>\n<meta property=\"article:publisher\" content=\"https:\/\/www.facebook.com\/cdeuniversidadalmeria\/\" \/>\n<meta property=\"article:published_time\" content=\"2018-06-26T06:46:01+00:00\" \/>\n<meta property=\"article:modified_time\" content=\"2018-07-30T07:58:59+00:00\" \/>\n<meta property=\"og:image\" content=\"https:\/\/www.cde.ual.es\/wp-content\/uploads\/2018\/06\/Marte.jpg\" \/>\n\t<meta property=\"og:image:width\" content=\"525\" \/>\n\t<meta property=\"og:image:height\" content=\"350\" \/>\n\t<meta property=\"og:image:type\" content=\"image\/jpeg\" \/>\n<meta name=\"author\" content=\"AdminCDE\" \/>\n<meta name=\"twitter:card\" content=\"summary_large_image\" \/>\n<meta name=\"twitter:creator\" content=\"@cdeualmeria\" \/>\n<meta name=\"twitter:site\" content=\"@cdeualmeria\" \/>\n<meta name=\"twitter:label1\" content=\"Written by\" \/>\n\t<meta name=\"twitter:data1\" content=\"AdminCDE\" \/>\n\t<meta name=\"twitter:label2\" content=\"Est. reading time\" \/>\n\t<meta name=\"twitter:data2\" content=\"2 minutes\" \/>\n<script type=\"application\/ld+json\" class=\"yoast-schema-graph\">{\"@context\":\"https:\\\/\\\/schema.org\",\"@graph\":[{\"@type\":\"Article\",\"@id\":\"https:\\\/\\\/www.cde.ual.es\\\/en\\\/hasta-marte-y-mas-alla-el-empuje-de-europa-al-espacio\\\/#article\",\"isPartOf\":{\"@id\":\"https:\\\/\\\/www.cde.ual.es\\\/en\\\/hasta-marte-y-mas-alla-el-empuje-de-europa-al-espacio\\\/\"},\"author\":{\"name\":\"AdminCDE\",\"@id\":\"https:\\\/\\\/www.cde.ual.es\\\/#\\\/schema\\\/person\\\/224ef08c8bcc005f319d2713ce37ee5f\"},\"headline\":\"Hasta marte y m\u00e1s all\u00e1: el empuje de Europa al espacio\",\"datePublished\":\"2018-06-26T06:46:01+00:00\",\"dateModified\":\"2018-07-30T07:58:59+00:00\",\"mainEntityOfPage\":{\"@id\":\"https:\\\/\\\/www.cde.ual.es\\\/en\\\/hasta-marte-y-mas-alla-el-empuje-de-europa-al-espacio\\\/\"},\"wordCount\":427,\"commentCount\":0,\"publisher\":{\"@id\":\"https:\\\/\\\/www.cde.ual.es\\\/#organization\"},\"image\":{\"@id\":\"https:\\\/\\\/www.cde.ual.es\\\/en\\\/hasta-marte-y-mas-alla-el-empuje-de-europa-al-espacio\\\/#primaryimage\"},\"thumbnailUrl\":\"https:\\\/\\\/www.cde.ual.es\\\/wp-content\\\/uploads\\\/2018\\\/06\\\/Marte.jpg\",\"keywords\":[\"Investigaci\u00f3n\"],\"articleSection\":[\"Noticias UE\"],\"inLanguage\":\"en-US\",\"potentialAction\":[{\"@type\":\"CommentAction\",\"name\":\"Comment\",\"target\":[\"https:\\\/\\\/www.cde.ual.es\\\/en\\\/hasta-marte-y-mas-alla-el-empuje-de-europa-al-espacio\\\/#respond\"]}]},{\"@type\":\"WebPage\",\"@id\":\"https:\\\/\\\/www.cde.ual.es\\\/en\\\/hasta-marte-y-mas-alla-el-empuje-de-europa-al-espacio\\\/\",\"url\":\"https:\\\/\\\/www.cde.ual.es\\\/en\\\/hasta-marte-y-mas-alla-el-empuje-de-europa-al-espacio\\\/\",\"name\":\"Hasta marte y m\u00e1s all\u00e1: el empuje de Europa al espacio | CDE Almer\u00eda - Centro de Documentaci\u00f3n Europea - Universidad de Almer\u00eda\",\"isPartOf\":{\"@id\":\"https:\\\/\\\/www.cde.ual.es\\\/#website\"},\"primaryImageOfPage\":{\"@id\":\"https:\\\/\\\/www.cde.ual.es\\\/en\\\/hasta-marte-y-mas-alla-el-empuje-de-europa-al-espacio\\\/#primaryimage\"},\"image\":{\"@id\":\"https:\\\/\\\/www.cde.ual.es\\\/en\\\/hasta-marte-y-mas-alla-el-empuje-de-europa-al-espacio\\\/#primaryimage\"},\"thumbnailUrl\":\"https:\\\/\\\/www.cde.ual.es\\\/wp-content\\\/uploads\\\/2018\\\/06\\\/Marte.jpg\",\"datePublished\":\"2018-06-26T06:46:01+00:00\",\"dateModified\":\"2018-07-30T07:58:59+00:00\",\"breadcrumb\":{\"@id\":\"https:\\\/\\\/www.cde.ual.es\\\/en\\\/hasta-marte-y-mas-alla-el-empuje-de-europa-al-espacio\\\/#breadcrumb\"},\"inLanguage\":\"en-US\",\"potentialAction\":[{\"@type\":\"ReadAction\",\"target\":[\"https:\\\/\\\/www.cde.ual.es\\\/en\\\/hasta-marte-y-mas-alla-el-empuje-de-europa-al-espacio\\\/\"]}]},{\"@type\":\"ImageObject\",\"inLanguage\":\"en-US\",\"@id\":\"https:\\\/\\\/www.cde.ual.es\\\/en\\\/hasta-marte-y-mas-alla-el-empuje-de-europa-al-espacio\\\/#primaryimage\",\"url\":\"https:\\\/\\\/www.cde.ual.es\\\/wp-content\\\/uploads\\\/2018\\\/06\\\/Marte.jpg\",\"contentUrl\":\"https:\\\/\\\/www.cde.ual.es\\\/wp-content\\\/uploads\\\/2018\\\/06\\\/Marte.jpg\",\"width\":525,\"height\":350,\"caption\":\"Marte y m\u00e1s all\u00e1\"},{\"@type\":\"BreadcrumbList\",\"@id\":\"https:\\\/\\\/www.cde.ual.es\\\/en\\\/hasta-marte-y-mas-alla-el-empuje-de-europa-al-espacio\\\/#breadcrumb\",\"itemListElement\":[{\"@type\":\"ListItem\",\"position\":1,\"name\":\"Inicio\",\"item\":\"https:\\\/\\\/www.cde.ual.es\\\/en\\\/\"},{\"@type\":\"ListItem\",\"position\":2,\"name\":\"Noticias UE\",\"item\":\"https:\\\/\\\/www.cde.ual.es\\\/category\\\/noticias-ue\\\/\"},{\"@type\":\"ListItem\",\"position\":3,\"name\":\"Hasta marte y m\u00e1s all\u00e1: el empuje de Europa al espacio\"}]},{\"@type\":\"WebSite\",\"@id\":\"https:\\\/\\\/www.cde.ual.es\\\/#website\",\"url\":\"https:\\\/\\\/www.cde.ual.es\\\/\",\"name\":\"CDE Almer\u00eda - Centro de Documentaci\u00f3n Europea - Universidad de Almer\u00eda\",\"description\":\"Centro de Documentaci\u00f3n Europea de la Universidad de Almer\u00eda\",\"publisher\":{\"@id\":\"https:\\\/\\\/www.cde.ual.es\\\/#organization\"},\"alternateName\":\"CDE Almer\u00eda\",\"potentialAction\":[{\"@type\":\"SearchAction\",\"target\":{\"@type\":\"EntryPoint\",\"urlTemplate\":\"https:\\\/\\\/www.cde.ual.es\\\/?s={search_term_string}\"},\"query-input\":{\"@type\":\"PropertyValueSpecification\",\"valueRequired\":true,\"valueName\":\"search_term_string\"}}],\"inLanguage\":\"en-US\"},{\"@type\":\"Organization\",\"@id\":\"https:\\\/\\\/www.cde.ual.es\\\/#organization\",\"name\":\"Centro de Documentaci\u00f3n Europea de Almer\u00eda\",\"url\":\"https:\\\/\\\/www.cde.ual.es\\\/\",\"logo\":{\"@type\":\"ImageObject\",\"inLanguage\":\"en-US\",\"@id\":\"https:\\\/\\\/www.cde.ual.es\\\/#\\\/schema\\\/logo\\\/image\\\/\",\"url\":\"https:\\\/\\\/www.cde.ual.es\\\/wp-content\\\/uploads\\\/2025\\\/07\\\/cde-logo-3.png\",\"contentUrl\":\"https:\\\/\\\/www.cde.ual.es\\\/wp-content\\\/uploads\\\/2025\\\/07\\\/cde-logo-3.png\",\"width\":1400,\"height\":300,\"caption\":\"Centro de Documentaci\u00f3n Europea de Almer\u00eda\"},\"image\":{\"@id\":\"https:\\\/\\\/www.cde.ual.es\\\/#\\\/schema\\\/logo\\\/image\\\/\"},\"sameAs\":[\"https:\\\/\\\/www.facebook.com\\\/cdeuniversidadalmeria\\\/\",\"https:\\\/\\\/x.com\\\/cdeualmeria\",\"https:\\\/\\\/www.tiktok.com\\\/@cdealmeria\",\"https:\\\/\\\/www.instagram.com\\\/cdealmeria\\\/\",\"https:\\\/\\\/www.linkedin.com\\\/in\\\/cde-almera-812b26a9\\\/\"]},{\"@type\":\"Person\",\"@id\":\"https:\\\/\\\/www.cde.ual.es\\\/#\\\/schema\\\/person\\\/224ef08c8bcc005f319d2713ce37ee5f\",\"name\":\"AdminCDE\",\"image\":{\"@type\":\"ImageObject\",\"inLanguage\":\"en-US\",\"@id\":\"https:\\\/\\\/secure.gravatar.com\\\/avatar\\\/a72d038d371f995cd13706fac32274b7952a52e8fb0a84b5f80c85426f2a98a8?s=96&d=mm&r=g\",\"url\":\"https:\\\/\\\/secure.gravatar.com\\\/avatar\\\/a72d038d371f995cd13706fac32274b7952a52e8fb0a84b5f80c85426f2a98a8?s=96&d=mm&r=g\",\"contentUrl\":\"https:\\\/\\\/secure.gravatar.com\\\/avatar\\\/a72d038d371f995cd13706fac32274b7952a52e8fb0a84b5f80c85426f2a98a8?s=96&d=mm&r=g\",\"caption\":\"AdminCDE\"}}]}<\/script>\n<!-- \/ Yoast SEO plugin. -->","yoast_head_json":{"title":"Hasta marte y m\u00e1s all\u00e1: el empuje de Europa al espacio | CDE Almer\u00eda - Centro de Documentaci\u00f3n Europea - Universidad de Almer\u00eda","robots":{"index":"index","follow":"follow","max-snippet":"max-snippet:-1","max-image-preview":"max-image-preview:large","max-video-preview":"max-video-preview:-1"},"canonical":"https:\/\/www.cde.ual.es\/en\/hasta-marte-y-mas-alla-el-empuje-de-europa-al-espacio\/","og_locale":"en_US","og_type":"article","og_title":"Hasta marte y m\u00e1s all\u00e1: el empuje de Europa al espacio | CDE Almer\u00eda - Centro de Documentaci\u00f3n Europea - Universidad de Almer\u00eda","og_description":"El espacio se muestra como la \u00faltima frontera, y Europa quiere estar al frente llevarnos all\u00ed. En el \u00faltimo n\u00famero de la revista research*eu editada por CORDIS , se muestran\u00a0 algunas de las investigaciones m\u00e1s emocionantes y definitorias del futuro que contribuir\u00e1n a la b\u00fasqueda revitalizada de la humanidad para alcanzar las estrellas, primero a [&hellip;]","og_url":"https:\/\/www.cde.ual.es\/en\/hasta-marte-y-mas-alla-el-empuje-de-europa-al-espacio\/","og_site_name":"CDE Almer\u00eda - Centro de Documentaci\u00f3n Europea - Universidad de Almer\u00eda","article_publisher":"https:\/\/www.facebook.com\/cdeuniversidadalmeria\/","article_published_time":"2018-06-26T06:46:01+00:00","article_modified_time":"2018-07-30T07:58:59+00:00","og_image":[{"width":525,"height":350,"url":"https:\/\/www.cde.ual.es\/wp-content\/uploads\/2018\/06\/Marte.jpg","type":"image\/jpeg"}],"author":"AdminCDE","twitter_card":"summary_large_image","twitter_creator":"@cdeualmeria","twitter_site":"@cdeualmeria","twitter_misc":{"Written by":"AdminCDE","Est. reading time":"2 minutes"},"schema":{"@context":"https:\/\/schema.org","@graph":[{"@type":"Article","@id":"https:\/\/www.cde.ual.es\/en\/hasta-marte-y-mas-alla-el-empuje-de-europa-al-espacio\/#article","isPartOf":{"@id":"https:\/\/www.cde.ual.es\/en\/hasta-marte-y-mas-alla-el-empuje-de-europa-al-espacio\/"},"author":{"name":"AdminCDE","@id":"https:\/\/www.cde.ual.es\/#\/schema\/person\/224ef08c8bcc005f319d2713ce37ee5f"},"headline":"Hasta marte y m\u00e1s all\u00e1: el empuje de Europa al espacio","datePublished":"2018-06-26T06:46:01+00:00","dateModified":"2018-07-30T07:58:59+00:00","mainEntityOfPage":{"@id":"https:\/\/www.cde.ual.es\/en\/hasta-marte-y-mas-alla-el-empuje-de-europa-al-espacio\/"},"wordCount":427,"commentCount":0,"publisher":{"@id":"https:\/\/www.cde.ual.es\/#organization"},"image":{"@id":"https:\/\/www.cde.ual.es\/en\/hasta-marte-y-mas-alla-el-empuje-de-europa-al-espacio\/#primaryimage"},"thumbnailUrl":"https:\/\/www.cde.ual.es\/wp-content\/uploads\/2018\/06\/Marte.jpg","keywords":["Investigaci\u00f3n"],"articleSection":["Noticias UE"],"inLanguage":"en-US","potentialAction":[{"@type":"CommentAction","name":"Comment","target":["https:\/\/www.cde.ual.es\/en\/hasta-marte-y-mas-alla-el-empuje-de-europa-al-espacio\/#respond"]}]},{"@type":"WebPage","@id":"https:\/\/www.cde.ual.es\/en\/hasta-marte-y-mas-alla-el-empuje-de-europa-al-espacio\/","url":"https:\/\/www.cde.ual.es\/en\/hasta-marte-y-mas-alla-el-empuje-de-europa-al-espacio\/","name":"Hasta marte y m\u00e1s all\u00e1: el empuje de Europa al espacio | CDE Almer\u00eda - Centro de Documentaci\u00f3n Europea - Universidad de Almer\u00eda","isPartOf":{"@id":"https:\/\/www.cde.ual.es\/#website"},"primaryImageOfPage":{"@id":"https:\/\/www.cde.ual.es\/en\/hasta-marte-y-mas-alla-el-empuje-de-europa-al-espacio\/#primaryimage"},"image":{"@id":"https:\/\/www.cde.ual.es\/en\/hasta-marte-y-mas-alla-el-empuje-de-europa-al-espacio\/#primaryimage"},"thumbnailUrl":"https:\/\/www.cde.ual.es\/wp-content\/uploads\/2018\/06\/Marte.jpg","datePublished":"2018-06-26T06:46:01+00:00","dateModified":"2018-07-30T07:58:59+00:00","breadcrumb":{"@id":"https:\/\/www.cde.ual.es\/en\/hasta-marte-y-mas-alla-el-empuje-de-europa-al-espacio\/#breadcrumb"},"inLanguage":"en-US","potentialAction":[{"@type":"ReadAction","target":["https:\/\/www.cde.ual.es\/en\/hasta-marte-y-mas-alla-el-empuje-de-europa-al-espacio\/"]}]},{"@type":"ImageObject","inLanguage":"en-US","@id":"https:\/\/www.cde.ual.es\/en\/hasta-marte-y-mas-alla-el-empuje-de-europa-al-espacio\/#primaryimage","url":"https:\/\/www.cde.ual.es\/wp-content\/uploads\/2018\/06\/Marte.jpg","contentUrl":"https:\/\/www.cde.ual.es\/wp-content\/uploads\/2018\/06\/Marte.jpg","width":525,"height":350,"caption":"Marte y m\u00e1s all\u00e1"},{"@type":"BreadcrumbList","@id":"https:\/\/www.cde.ual.es\/en\/hasta-marte-y-mas-alla-el-empuje-de-europa-al-espacio\/#breadcrumb","itemListElement":[{"@type":"ListItem","position":1,"name":"Inicio","item":"https:\/\/www.cde.ual.es\/en\/"},{"@type":"ListItem","position":2,"name":"Noticias UE","item":"https:\/\/www.cde.ual.es\/category\/noticias-ue\/"},{"@type":"ListItem","position":3,"name":"Hasta marte y m\u00e1s all\u00e1: el empuje de Europa al espacio"}]},{"@type":"WebSite","@id":"https:\/\/www.cde.ual.es\/#website","url":"https:\/\/www.cde.ual.es\/","name":"CDE Almer\u00eda - Centro de Documentaci\u00f3n Europea - Universidad de Almer\u00eda","description":"Centro de Documentaci\u00f3n Europea de la Universidad de Almer\u00eda","publisher":{"@id":"https:\/\/www.cde.ual.es\/#organization"},"alternateName":"CDE Almer\u00eda","potentialAction":[{"@type":"SearchAction","target":{"@type":"EntryPoint","urlTemplate":"https:\/\/www.cde.ual.es\/?s={search_term_string}"},"query-input":{"@type":"PropertyValueSpecification","valueRequired":true,"valueName":"search_term_string"}}],"inLanguage":"en-US"},{"@type":"Organization","@id":"https:\/\/www.cde.ual.es\/#organization","name":"Centro de Documentaci\u00f3n Europea de Almer\u00eda","url":"https:\/\/www.cde.ual.es\/","logo":{"@type":"ImageObject","inLanguage":"en-US","@id":"https:\/\/www.cde.ual.es\/#\/schema\/logo\/image\/","url":"https:\/\/www.cde.ual.es\/wp-content\/uploads\/2025\/07\/cde-logo-3.png","contentUrl":"https:\/\/www.cde.ual.es\/wp-content\/uploads\/2025\/07\/cde-logo-3.png","width":1400,"height":300,"caption":"Centro de Documentaci\u00f3n Europea de Almer\u00eda"},"image":{"@id":"https:\/\/www.cde.ual.es\/#\/schema\/logo\/image\/"},"sameAs":["https:\/\/www.facebook.com\/cdeuniversidadalmeria\/","https:\/\/x.com\/cdeualmeria","https:\/\/www.tiktok.com\/@cdealmeria","https:\/\/www.instagram.com\/cdealmeria\/","https:\/\/www.linkedin.com\/in\/cde-almera-812b26a9\/"]},{"@type":"Person","@id":"https:\/\/www.cde.ual.es\/#\/schema\/person\/224ef08c8bcc005f319d2713ce37ee5f","name":"AdminCDE","image":{"@type":"ImageObject","inLanguage":"en-US","@id":"https:\/\/secure.gravatar.com\/avatar\/a72d038d371f995cd13706fac32274b7952a52e8fb0a84b5f80c85426f2a98a8?s=96&d=mm&r=g","url":"https:\/\/secure.gravatar.com\/avatar\/a72d038d371f995cd13706fac32274b7952a52e8fb0a84b5f80c85426f2a98a8?s=96&d=mm&r=g","contentUrl":"https:\/\/secure.gravatar.com\/avatar\/a72d038d371f995cd13706fac32274b7952a52e8fb0a84b5f80c85426f2a98a8?s=96&d=mm&r=g","caption":"AdminCDE"}}]}},"_links":{"self":[{"href":"https:\/\/www.cde.ual.es\/en\/wp-json\/wp\/v2\/posts\/6303","targetHints":{"allow":["GET"]}}],"collection":[{"href":"https:\/\/www.cde.ual.es\/en\/wp-json\/wp\/v2\/posts"}],"about":[{"href":"https:\/\/www.cde.ual.es\/en\/wp-json\/wp\/v2\/types\/post"}],"author":[{"embeddable":true,"href":"https:\/\/www.cde.ual.es\/en\/wp-json\/wp\/v2\/users\/1"}],"replies":[{"embeddable":true,"href":"https:\/\/www.cde.ual.es\/en\/wp-json\/wp\/v2\/comments?post=6303"}],"version-history":[{"count":0,"href":"https:\/\/www.cde.ual.es\/en\/wp-json\/wp\/v2\/posts\/6303\/revisions"}],"wp:featuredmedia":[{"embeddable":true,"href":"https:\/\/www.cde.ual.es\/en\/wp-json\/wp\/v2\/media\/6304"}],"wp:attachment":[{"href":"https:\/\/www.cde.ual.es\/en\/wp-json\/wp\/v2\/media?parent=6303"}],"wp:term":[{"taxonomy":"category","embeddable":true,"href":"https:\/\/www.cde.ual.es\/en\/wp-json\/wp\/v2\/categories?post=6303"},{"taxonomy":"post_tag","embeddable":true,"href":"https:\/\/www.cde.ual.es\/en\/wp-json\/wp\/v2\/tags?post=6303"}],"curies":[{"name":"wp","href":"https:\/\/api.w.org\/{rel}","templated":true}]}}