{"id":62602,"date":"2021-02-17T12:20:52","date_gmt":"2021-02-17T11:20:52","guid":{"rendered":"https:\/\/www.cde.ual.es\/?p=62602"},"modified":"2021-02-17T12:20:52","modified_gmt":"2021-02-17T11:20:52","slug":"europa-contigo-3x08-analisis-del-2020","status":"publish","type":"post","link":"https:\/\/www.cde.ual.es\/en\/europa-contigo-3x08-analisis-del-2020\/","title":{"rendered":"Europa Contigo 3&#215;08: An\u00e1lisis del 2020"},"content":{"rendered":"<h3>Europa Contigo, programa No 3&#215;08<\/h3>\n<p><a href=\"https:\/\/www.cde.ual.es\/wp-content\/uploads\/2020\/02\/Equipo-Ana-Fe-y-Marina-e1581667246538.jpg\"><img decoding=\"async\" class=\"aligncenter  wp-image-34549\" src=\"https:\/\/www.cde.ual.es\/wp-content\/uploads\/2020\/02\/Equipo-Ana-Fe-y-Marina-e1581667246538.jpg\" alt=\"\" width=\"543\" height=\"407\" \/><\/a><\/p>\n<p>&nbsp;<\/p>\n<div id=\"scroll-programa\" class=\"tiny-scrollbar\" data-collapsed=\"60\" data-uncollapsed=\"200\">\n<div class=\"viewport viewport-md\">\n<div class=\"overview\">\n<div id=\"scroll-programa\" class=\"tiny-scrollbar\" data-collapsed=\"60\" data-uncollapsed=\"200\">\n<div class=\"viewport viewport-md\">\n<div class=\"overview\">\n<p class=\"description\">En el Centro de Documentaci\u00f3n Europea acabamos de publicar un Bolet\u00edn especial con el an\u00e1lisis del a\u00f1o 2020, en concreto desde enero de 2020 a enero de 2021, donde aparecen las noticias de la UE m\u00e1s interesantes. Un documento que nos ayuda a situarnos en la qu\u00e9 cosas eran importantes en la \u00e9poca pre COVID y que tambi\u00e9n nos aporta datos muy interesantes del desarrollo de la pandemia en este a\u00f1o.<\/p>\n<p><iframe id=\"audio_65578303\" style=\"width: 100%;\" src=\"https:\/\/www.ivoox.com\/player_ej_65578303_6_1.html\" height=\"200\" frameborder=\"0\" scrolling=\"no\" allowfullscreen=\"allowfullscreen\"><\/iframe><\/p>\n<\/div>\n<\/div>\n<\/div>\n<\/div>\n<\/div>\n<\/div>\n<p><em><strong>El Centro de Documentaci\u00f3n Europea de Almer\u00eda abre las puertas de Europa a la comunidad universitaria y a la ciudadan\u00eda en general con el programa de radio \u00abEuropa Contigo\u00bb. El programa se emite cada dos semanas con un recorrido por la actualidad de Europa, con las \u00faltimas noticias, lecturas recomendadas, mediateca y actividades m\u00e1s destacadas.<\/strong><\/em><em><strong>\u00a0<\/strong><\/em><\/p>\n<p><strong>No dudes en enviarnos aquellas preguntas que desees que resolvamos en \u00abel aire\u00bb<\/strong><\/p>\n<h3>M\u00e1s informaci\u00f3n<\/h3>\n<p><a href=\"https:\/\/www.cde.ual.es\/programas\/europa-contigo-programa-3x07\/\">Programa Radio No 3&#215;07<\/a><\/p>\n<p><a href=\"https:\/\/www.cde.ual.es\/programa-de-radio-europa-contigo\/\">Programas de Radio &#8220;Europa Contigo&#8221;<\/a><\/p>\n","protected":false},"excerpt":{"rendered":"<p>Europa Contigo, programa No 3&#215;08 &nbsp; En el Centro de Documentaci\u00f3n Europea acabamos de publicar un Bolet\u00edn especial con el an\u00e1lisis del a\u00f1o 2020, en concreto desde enero de 2020 a enero de 2021, donde aparecen las noticias de la UE m\u00e1s interesantes. Un documento que nos ayuda a situarnos en la qu\u00e9 cosas eran [&hellip;]<\/p>\n","protected":false},"author":101011,"featured_media":34549,"comment_status":"open","ping_status":"open","sticky":false,"template":"","format":"standard","meta":{"_acf_changed":false,"_relevanssi_hide_post":"","_relevanssi_hide_content":"","_relevanssi_pin_for_all":"","_relevanssi_pin_keywords":"","_relevanssi_unpin_keywords":"","_relevanssi_related_keywords":"","_relevanssi_related_include_ids":"","_relevanssi_related_exclude_ids":"","_relevanssi_related_no_append":"","_relevanssi_related_not_related":"","_relevanssi_related_posts":"","_relevanssi_noindex_reason":"","_monsterinsights_skip_tracking":false,"_monsterinsights_sitenote_active":false,"_monsterinsights_sitenote_note":"","_monsterinsights_sitenote_category":0,"_genesis_hide_title":false,"_genesis_hide_breadcrumbs":false,"_genesis_hide_singular_image":false,"_genesis_hide_footer_widgets":false,"_genesis_custom_body_class":"","_genesis_custom_post_class":"","_genesis_layout":"","footnotes":""},"categories":[114],"tags":[1076,2330,1354],"class_list":{"0":"post-62602","1":"post","2":"type-post","3":"status-publish","4":"format-standard","5":"has-post-thumbnail","7":"category-actividades","8":"tag-europa-contigo","9":"tag-podcast","10":"tag-radio","11":"entry"},"acf":[],"yoast_head":"<!-- This site is optimized with the Yoast SEO plugin v27.5 - https:\/\/yoast.com\/product\/yoast-seo-wordpress\/ -->\n<title>Europa Contigo 3x08: An\u00e1lisis del 2020 | CDE Almer\u00eda - Centro de Documentaci\u00f3n Europea - Universidad de Almer\u00eda<\/title>\n<meta name=\"robots\" content=\"index, follow, max-snippet:-1, max-image-preview:large, max-video-preview:-1\" \/>\n<link rel=\"canonical\" href=\"https:\/\/www.cde.ual.es\/europa-contigo-3x08-analisis-del-2020\/\" \/>\n<meta property=\"og:locale\" content=\"en_US\" \/>\n<meta property=\"og:type\" content=\"article\" \/>\n<meta property=\"og:title\" content=\"Europa Contigo 3x08: An\u00e1lisis del 2020 | CDE Almer\u00eda - Centro de Documentaci\u00f3n Europea - Universidad de Almer\u00eda\" \/>\n<meta property=\"og:description\" content=\"Europa Contigo, programa No 3&#215;08 &nbsp; En el Centro de Documentaci\u00f3n Europea acabamos de publicar un Bolet\u00edn especial con el an\u00e1lisis del a\u00f1o 2020, en concreto desde enero de 2020 a enero de 2021, donde aparecen las noticias de la UE m\u00e1s interesantes. Un documento que nos ayuda a situarnos en la qu\u00e9 cosas eran [&hellip;]\" \/>\n<meta property=\"og:url\" content=\"https:\/\/www.cde.ual.es\/europa-contigo-3x08-analisis-del-2020\/\" \/>\n<meta property=\"og:site_name\" content=\"CDE Almer\u00eda - Centro de Documentaci\u00f3n Europea - Universidad de Almer\u00eda\" \/>\n<meta property=\"article:publisher\" content=\"https:\/\/www.facebook.com\/cdeuniversidadalmeria\/\" \/>\n<meta property=\"article:published_time\" content=\"2021-02-17T11:20:52+00:00\" \/>\n<meta property=\"og:image\" content=\"https:\/\/www.cde.ual.es\/wp-content\/uploads\/2020\/02\/Equipo-Ana-Fe-y-Marina-e1581667246538.jpg\" \/>\n\t<meta property=\"og:image:width\" content=\"1000\" \/>\n\t<meta property=\"og:image:height\" content=\"750\" \/>\n\t<meta property=\"og:image:type\" content=\"image\/jpeg\" \/>\n<meta name=\"author\" content=\"BECA 2 CDE\" \/>\n<meta name=\"twitter:card\" content=\"summary_large_image\" \/>\n<meta name=\"twitter:creator\" content=\"@cdeualmeria\" \/>\n<meta name=\"twitter:site\" content=\"@cdeualmeria\" \/>\n<meta name=\"twitter:label1\" content=\"Written by\" \/>\n\t<meta name=\"twitter:data1\" content=\"BECA 2 CDE\" \/>\n\t<meta name=\"twitter:label2\" content=\"Est. reading time\" \/>\n\t<meta name=\"twitter:data2\" content=\"1 minute\" \/>\n<script type=\"application\/ld+json\" class=\"yoast-schema-graph\">{\"@context\":\"https:\\\/\\\/schema.org\",\"@graph\":[{\"@type\":\"Article\",\"@id\":\"https:\\\/\\\/www.cde.ual.es\\\/europa-contigo-3x08-analisis-del-2020\\\/#article\",\"isPartOf\":{\"@id\":\"https:\\\/\\\/www.cde.ual.es\\\/europa-contigo-3x08-analisis-del-2020\\\/\"},\"author\":{\"name\":\"BECA 2 CDE\",\"@id\":\"https:\\\/\\\/www.cde.ual.es\\\/#\\\/schema\\\/person\\\/ee46ebc19edfa19598c02cff83335acc\"},\"headline\":\"Europa Contigo 3&#215;08: An\u00e1lisis del 2020\",\"datePublished\":\"2021-02-17T11:20:52+00:00\",\"mainEntityOfPage\":{\"@id\":\"https:\\\/\\\/www.cde.ual.es\\\/europa-contigo-3x08-analisis-del-2020\\\/\"},\"wordCount\":172,\"commentCount\":0,\"publisher\":{\"@id\":\"https:\\\/\\\/www.cde.ual.es\\\/#organization\"},\"image\":{\"@id\":\"https:\\\/\\\/www.cde.ual.es\\\/europa-contigo-3x08-analisis-del-2020\\\/#primaryimage\"},\"thumbnailUrl\":\"https:\\\/\\\/www.cde.ual.es\\\/wp-content\\\/uploads\\\/2020\\\/02\\\/Equipo-Ana-Fe-y-Marina-e1581667246538.jpg\",\"keywords\":[\"Europa Contigo\",\"podcast\",\"Radio\"],\"articleSection\":[\"Actividades\"],\"inLanguage\":\"en-US\",\"potentialAction\":[{\"@type\":\"CommentAction\",\"name\":\"Comment\",\"target\":[\"https:\\\/\\\/www.cde.ual.es\\\/europa-contigo-3x08-analisis-del-2020\\\/#respond\"]}]},{\"@type\":\"WebPage\",\"@id\":\"https:\\\/\\\/www.cde.ual.es\\\/europa-contigo-3x08-analisis-del-2020\\\/\",\"url\":\"https:\\\/\\\/www.cde.ual.es\\\/europa-contigo-3x08-analisis-del-2020\\\/\",\"name\":\"Europa Contigo 3x08: An\u00e1lisis del 2020 | CDE Almer\u00eda - Centro de Documentaci\u00f3n Europea - Universidad de Almer\u00eda\",\"isPartOf\":{\"@id\":\"https:\\\/\\\/www.cde.ual.es\\\/#website\"},\"primaryImageOfPage\":{\"@id\":\"https:\\\/\\\/www.cde.ual.es\\\/europa-contigo-3x08-analisis-del-2020\\\/#primaryimage\"},\"image\":{\"@id\":\"https:\\\/\\\/www.cde.ual.es\\\/europa-contigo-3x08-analisis-del-2020\\\/#primaryimage\"},\"thumbnailUrl\":\"https:\\\/\\\/www.cde.ual.es\\\/wp-content\\\/uploads\\\/2020\\\/02\\\/Equipo-Ana-Fe-y-Marina-e1581667246538.jpg\",\"datePublished\":\"2021-02-17T11:20:52+00:00\",\"breadcrumb\":{\"@id\":\"https:\\\/\\\/www.cde.ual.es\\\/europa-contigo-3x08-analisis-del-2020\\\/#breadcrumb\"},\"inLanguage\":\"en-US\",\"potentialAction\":[{\"@type\":\"ReadAction\",\"target\":[\"https:\\\/\\\/www.cde.ual.es\\\/europa-contigo-3x08-analisis-del-2020\\\/\"]}]},{\"@type\":\"ImageObject\",\"inLanguage\":\"en-US\",\"@id\":\"https:\\\/\\\/www.cde.ual.es\\\/europa-contigo-3x08-analisis-del-2020\\\/#primaryimage\",\"url\":\"https:\\\/\\\/www.cde.ual.es\\\/wp-content\\\/uploads\\\/2020\\\/02\\\/Equipo-Ana-Fe-y-Marina-e1581667246538.jpg\",\"contentUrl\":\"https:\\\/\\\/www.cde.ual.es\\\/wp-content\\\/uploads\\\/2020\\\/02\\\/Equipo-Ana-Fe-y-Marina-e1581667246538.jpg\",\"width\":1000,\"height\":750,\"caption\":\"Equipo Ana Fe y Marina\"},{\"@type\":\"BreadcrumbList\",\"@id\":\"https:\\\/\\\/www.cde.ual.es\\\/europa-contigo-3x08-analisis-del-2020\\\/#breadcrumb\",\"itemListElement\":[{\"@type\":\"ListItem\",\"position\":1,\"name\":\"Inicio\",\"item\":\"https:\\\/\\\/www.cde.ual.es\\\/en\\\/\"},{\"@type\":\"ListItem\",\"position\":2,\"name\":\"Actividades\",\"item\":\"https:\\\/\\\/www.cde.ual.es\\\/category\\\/actividades\\\/\"},{\"@type\":\"ListItem\",\"position\":3,\"name\":\"Europa Contigo 3&#215;08: An\u00e1lisis del 2020\"}]},{\"@type\":\"WebSite\",\"@id\":\"https:\\\/\\\/www.cde.ual.es\\\/#website\",\"url\":\"https:\\\/\\\/www.cde.ual.es\\\/\",\"name\":\"CDE Almer\u00eda - Centro de Documentaci\u00f3n Europea - Universidad de Almer\u00eda\",\"description\":\"Centro de Documentaci\u00f3n Europea de la Universidad de Almer\u00eda\",\"publisher\":{\"@id\":\"https:\\\/\\\/www.cde.ual.es\\\/#organization\"},\"alternateName\":\"CDE Almer\u00eda\",\"potentialAction\":[{\"@type\":\"SearchAction\",\"target\":{\"@type\":\"EntryPoint\",\"urlTemplate\":\"https:\\\/\\\/www.cde.ual.es\\\/?s={search_term_string}\"},\"query-input\":{\"@type\":\"PropertyValueSpecification\",\"valueRequired\":true,\"valueName\":\"search_term_string\"}}],\"inLanguage\":\"en-US\"},{\"@type\":\"Organization\",\"@id\":\"https:\\\/\\\/www.cde.ual.es\\\/#organization\",\"name\":\"Centro de Documentaci\u00f3n Europea de Almer\u00eda\",\"url\":\"https:\\\/\\\/www.cde.ual.es\\\/\",\"logo\":{\"@type\":\"ImageObject\",\"inLanguage\":\"en-US\",\"@id\":\"https:\\\/\\\/www.cde.ual.es\\\/#\\\/schema\\\/logo\\\/image\\\/\",\"url\":\"https:\\\/\\\/www.cde.ual.es\\\/wp-content\\\/uploads\\\/2025\\\/07\\\/cde-logo-3.png\",\"contentUrl\":\"https:\\\/\\\/www.cde.ual.es\\\/wp-content\\\/uploads\\\/2025\\\/07\\\/cde-logo-3.png\",\"width\":1400,\"height\":300,\"caption\":\"Centro de Documentaci\u00f3n Europea de Almer\u00eda\"},\"image\":{\"@id\":\"https:\\\/\\\/www.cde.ual.es\\\/#\\\/schema\\\/logo\\\/image\\\/\"},\"sameAs\":[\"https:\\\/\\\/www.facebook.com\\\/cdeuniversidadalmeria\\\/\",\"https:\\\/\\\/x.com\\\/cdeualmeria\",\"https:\\\/\\\/www.tiktok.com\\\/@cdealmeria\",\"https:\\\/\\\/www.instagram.com\\\/cdealmeria\\\/\",\"https:\\\/\\\/www.linkedin.com\\\/in\\\/cde-almera-812b26a9\\\/\"]},{\"@type\":\"Person\",\"@id\":\"https:\\\/\\\/www.cde.ual.es\\\/#\\\/schema\\\/person\\\/ee46ebc19edfa19598c02cff83335acc\",\"name\":\"BECA 2 CDE\",\"image\":{\"@type\":\"ImageObject\",\"inLanguage\":\"en-US\",\"@id\":\"https:\\\/\\\/secure.gravatar.com\\\/avatar\\\/35a481bbc04bbd90e91bdfa3b0b5541036c222a49b9ad37b6889a2afcb5311a5?s=96&d=mm&r=g\",\"url\":\"https:\\\/\\\/secure.gravatar.com\\\/avatar\\\/35a481bbc04bbd90e91bdfa3b0b5541036c222a49b9ad37b6889a2afcb5311a5?s=96&d=mm&r=g\",\"contentUrl\":\"https:\\\/\\\/secure.gravatar.com\\\/avatar\\\/35a481bbc04bbd90e91bdfa3b0b5541036c222a49b9ad37b6889a2afcb5311a5?s=96&d=mm&r=g\",\"caption\":\"BECA 2 CDE\"},\"sameAs\":[\"http:\\\/\\\/www.cdealmeria.com\"]}]}<\/script>\n<!-- \/ Yoast SEO plugin. -->","yoast_head_json":{"title":"Europa Contigo 3x08: An\u00e1lisis del 2020 | CDE Almer\u00eda - Centro de Documentaci\u00f3n Europea - Universidad de Almer\u00eda","robots":{"index":"index","follow":"follow","max-snippet":"max-snippet:-1","max-image-preview":"max-image-preview:large","max-video-preview":"max-video-preview:-1"},"canonical":"https:\/\/www.cde.ual.es\/europa-contigo-3x08-analisis-del-2020\/","og_locale":"en_US","og_type":"article","og_title":"Europa Contigo 3x08: An\u00e1lisis del 2020 | CDE Almer\u00eda - Centro de Documentaci\u00f3n Europea - Universidad de Almer\u00eda","og_description":"Europa Contigo, programa No 3&#215;08 &nbsp; En el Centro de Documentaci\u00f3n Europea acabamos de publicar un Bolet\u00edn especial con el an\u00e1lisis del a\u00f1o 2020, en concreto desde enero de 2020 a enero de 2021, donde aparecen las noticias de la UE m\u00e1s interesantes. Un documento que nos ayuda a situarnos en la qu\u00e9 cosas eran [&hellip;]","og_url":"https:\/\/www.cde.ual.es\/europa-contigo-3x08-analisis-del-2020\/","og_site_name":"CDE Almer\u00eda - Centro de Documentaci\u00f3n Europea - Universidad de Almer\u00eda","article_publisher":"https:\/\/www.facebook.com\/cdeuniversidadalmeria\/","article_published_time":"2021-02-17T11:20:52+00:00","og_image":[{"width":1000,"height":750,"url":"https:\/\/www.cde.ual.es\/wp-content\/uploads\/2020\/02\/Equipo-Ana-Fe-y-Marina-e1581667246538.jpg","type":"image\/jpeg"}],"author":"BECA 2 CDE","twitter_card":"summary_large_image","twitter_creator":"@cdeualmeria","twitter_site":"@cdeualmeria","twitter_misc":{"Written by":"BECA 2 CDE","Est. reading time":"1 minute"},"schema":{"@context":"https:\/\/schema.org","@graph":[{"@type":"Article","@id":"https:\/\/www.cde.ual.es\/europa-contigo-3x08-analisis-del-2020\/#article","isPartOf":{"@id":"https:\/\/www.cde.ual.es\/europa-contigo-3x08-analisis-del-2020\/"},"author":{"name":"BECA 2 CDE","@id":"https:\/\/www.cde.ual.es\/#\/schema\/person\/ee46ebc19edfa19598c02cff83335acc"},"headline":"Europa Contigo 3&#215;08: An\u00e1lisis del 2020","datePublished":"2021-02-17T11:20:52+00:00","mainEntityOfPage":{"@id":"https:\/\/www.cde.ual.es\/europa-contigo-3x08-analisis-del-2020\/"},"wordCount":172,"commentCount":0,"publisher":{"@id":"https:\/\/www.cde.ual.es\/#organization"},"image":{"@id":"https:\/\/www.cde.ual.es\/europa-contigo-3x08-analisis-del-2020\/#primaryimage"},"thumbnailUrl":"https:\/\/www.cde.ual.es\/wp-content\/uploads\/2020\/02\/Equipo-Ana-Fe-y-Marina-e1581667246538.jpg","keywords":["Europa Contigo","podcast","Radio"],"articleSection":["Actividades"],"inLanguage":"en-US","potentialAction":[{"@type":"CommentAction","name":"Comment","target":["https:\/\/www.cde.ual.es\/europa-contigo-3x08-analisis-del-2020\/#respond"]}]},{"@type":"WebPage","@id":"https:\/\/www.cde.ual.es\/europa-contigo-3x08-analisis-del-2020\/","url":"https:\/\/www.cde.ual.es\/europa-contigo-3x08-analisis-del-2020\/","name":"Europa Contigo 3x08: An\u00e1lisis del 2020 | CDE Almer\u00eda - Centro de Documentaci\u00f3n Europea - Universidad de Almer\u00eda","isPartOf":{"@id":"https:\/\/www.cde.ual.es\/#website"},"primaryImageOfPage":{"@id":"https:\/\/www.cde.ual.es\/europa-contigo-3x08-analisis-del-2020\/#primaryimage"},"image":{"@id":"https:\/\/www.cde.ual.es\/europa-contigo-3x08-analisis-del-2020\/#primaryimage"},"thumbnailUrl":"https:\/\/www.cde.ual.es\/wp-content\/uploads\/2020\/02\/Equipo-Ana-Fe-y-Marina-e1581667246538.jpg","datePublished":"2021-02-17T11:20:52+00:00","breadcrumb":{"@id":"https:\/\/www.cde.ual.es\/europa-contigo-3x08-analisis-del-2020\/#breadcrumb"},"inLanguage":"en-US","potentialAction":[{"@type":"ReadAction","target":["https:\/\/www.cde.ual.es\/europa-contigo-3x08-analisis-del-2020\/"]}]},{"@type":"ImageObject","inLanguage":"en-US","@id":"https:\/\/www.cde.ual.es\/europa-contigo-3x08-analisis-del-2020\/#primaryimage","url":"https:\/\/www.cde.ual.es\/wp-content\/uploads\/2020\/02\/Equipo-Ana-Fe-y-Marina-e1581667246538.jpg","contentUrl":"https:\/\/www.cde.ual.es\/wp-content\/uploads\/2020\/02\/Equipo-Ana-Fe-y-Marina-e1581667246538.jpg","width":1000,"height":750,"caption":"Equipo Ana Fe y Marina"},{"@type":"BreadcrumbList","@id":"https:\/\/www.cde.ual.es\/europa-contigo-3x08-analisis-del-2020\/#breadcrumb","itemListElement":[{"@type":"ListItem","position":1,"name":"Inicio","item":"https:\/\/www.cde.ual.es\/en\/"},{"@type":"ListItem","position":2,"name":"Actividades","item":"https:\/\/www.cde.ual.es\/category\/actividades\/"},{"@type":"ListItem","position":3,"name":"Europa Contigo 3&#215;08: An\u00e1lisis del 2020"}]},{"@type":"WebSite","@id":"https:\/\/www.cde.ual.es\/#website","url":"https:\/\/www.cde.ual.es\/","name":"CDE Almer\u00eda - Centro de Documentaci\u00f3n Europea - Universidad de Almer\u00eda","description":"Centro de Documentaci\u00f3n Europea de la Universidad de Almer\u00eda","publisher":{"@id":"https:\/\/www.cde.ual.es\/#organization"},"alternateName":"CDE Almer\u00eda","potentialAction":[{"@type":"SearchAction","target":{"@type":"EntryPoint","urlTemplate":"https:\/\/www.cde.ual.es\/?s={search_term_string}"},"query-input":{"@type":"PropertyValueSpecification","valueRequired":true,"valueName":"search_term_string"}}],"inLanguage":"en-US"},{"@type":"Organization","@id":"https:\/\/www.cde.ual.es\/#organization","name":"Centro de Documentaci\u00f3n Europea de Almer\u00eda","url":"https:\/\/www.cde.ual.es\/","logo":{"@type":"ImageObject","inLanguage":"en-US","@id":"https:\/\/www.cde.ual.es\/#\/schema\/logo\/image\/","url":"https:\/\/www.cde.ual.es\/wp-content\/uploads\/2025\/07\/cde-logo-3.png","contentUrl":"https:\/\/www.cde.ual.es\/wp-content\/uploads\/2025\/07\/cde-logo-3.png","width":1400,"height":300,"caption":"Centro de Documentaci\u00f3n Europea de Almer\u00eda"},"image":{"@id":"https:\/\/www.cde.ual.es\/#\/schema\/logo\/image\/"},"sameAs":["https:\/\/www.facebook.com\/cdeuniversidadalmeria\/","https:\/\/x.com\/cdeualmeria","https:\/\/www.tiktok.com\/@cdealmeria","https:\/\/www.instagram.com\/cdealmeria\/","https:\/\/www.linkedin.com\/in\/cde-almera-812b26a9\/"]},{"@type":"Person","@id":"https:\/\/www.cde.ual.es\/#\/schema\/person\/ee46ebc19edfa19598c02cff83335acc","name":"BECA 2 CDE","image":{"@type":"ImageObject","inLanguage":"en-US","@id":"https:\/\/secure.gravatar.com\/avatar\/35a481bbc04bbd90e91bdfa3b0b5541036c222a49b9ad37b6889a2afcb5311a5?s=96&d=mm&r=g","url":"https:\/\/secure.gravatar.com\/avatar\/35a481bbc04bbd90e91bdfa3b0b5541036c222a49b9ad37b6889a2afcb5311a5?s=96&d=mm&r=g","contentUrl":"https:\/\/secure.gravatar.com\/avatar\/35a481bbc04bbd90e91bdfa3b0b5541036c222a49b9ad37b6889a2afcb5311a5?s=96&d=mm&r=g","caption":"BECA 2 CDE"},"sameAs":["http:\/\/www.cdealmeria.com"]}]}},"_links":{"self":[{"href":"https:\/\/www.cde.ual.es\/en\/wp-json\/wp\/v2\/posts\/62602","targetHints":{"allow":["GET"]}}],"collection":[{"href":"https:\/\/www.cde.ual.es\/en\/wp-json\/wp\/v2\/posts"}],"about":[{"href":"https:\/\/www.cde.ual.es\/en\/wp-json\/wp\/v2\/types\/post"}],"author":[{"embeddable":true,"href":"https:\/\/www.cde.ual.es\/en\/wp-json\/wp\/v2\/users\/101011"}],"replies":[{"embeddable":true,"href":"https:\/\/www.cde.ual.es\/en\/wp-json\/wp\/v2\/comments?post=62602"}],"version-history":[{"count":0,"href":"https:\/\/www.cde.ual.es\/en\/wp-json\/wp\/v2\/posts\/62602\/revisions"}],"wp:featuredmedia":[{"embeddable":true,"href":"https:\/\/www.cde.ual.es\/en\/wp-json\/wp\/v2\/media\/34549"}],"wp:attachment":[{"href":"https:\/\/www.cde.ual.es\/en\/wp-json\/wp\/v2\/media?parent=62602"}],"wp:term":[{"taxonomy":"category","embeddable":true,"href":"https:\/\/www.cde.ual.es\/en\/wp-json\/wp\/v2\/categories?post=62602"},{"taxonomy":"post_tag","embeddable":true,"href":"https:\/\/www.cde.ual.es\/en\/wp-json\/wp\/v2\/tags?post=62602"}],"curies":[{"name":"wp","href":"https:\/\/api.w.org\/{rel}","templated":true}]}}