{"id":62428,"date":"2021-02-17T03:00:54","date_gmt":"2021-02-17T02:00:54","guid":{"rendered":"https:\/\/www.cde.ual.es\/?p=62428"},"modified":"2021-09-15T12:28:48","modified_gmt":"2021-09-15T10:28:48","slug":"mobility-first-collaboration-grants","status":"publish","type":"post","link":"https:\/\/www.cde.ual.es\/en\/mobility-first-collaboration-grants\/","title":{"rendered":"Mobility First! Collaboration Grants"},"content":{"rendered":"<h3><strong>In response to the restrictions on travel and physical gatherings due to Covid-19, Mobility First! is offering virtual collaboration grants to artists and arts managers from Asia and Europe to jointly create new works or texts.<\/strong><\/h3>\n<h3><a href=\"https:\/\/www.cde.ual.es\/wp-content\/uploads\/2019\/05\/mobility-first.jpg\"><img decoding=\"async\" class=\" wp-image-17308 aligncenter\" src=\"https:\/\/www.cde.ual.es\/wp-content\/uploads\/2019\/05\/mobility-first.jpg\" alt=\"\" width=\"484\" height=\"264\" srcset=\"https:\/\/www.cde.ual.es\/wp-content\/uploads\/2019\/05\/mobility-first.jpg 550w, https:\/\/www.cde.ual.es\/wp-content\/uploads\/2019\/05\/mobility-first-300x164.jpg 300w\" sizes=\"(max-width: 484px) 100vw, 484px\" \/><\/a><\/h3>\n<p>The aim is to create opportunities for international cultural exchange and professional connections at a time of very limited face-to-face encounters.<\/p>\n<h3>Areas of activitites<\/h3>\n<ul>\n<li><strong>The role and value of artists\/arts in a time of crisis<\/strong><\/li>\n<li><strong>The arts in crisis<\/strong><\/li>\n<li><strong>International cultural collaborations in the new normal:<\/strong><\/li>\n<li><strong>Art and well-being<\/strong><\/li>\n<\/ul>\n<h3>Tipos de colaboraci\u00f3n<\/h3>\n<p><strong>Types of\u00a0collaborations<\/strong><br \/>\nArtists and arts managers will be supported\u00a0through the following types of virtual or hybrid (virtual + on-site) collaborations:<\/p>\n<ul>\n<li>Artmaking (e.g. digital art, performances, literature\/storytelling, etc.)<\/li>\n<li>Practice-led research<\/li>\n<li>Mentorship programmes<\/li>\n<li>Online workshops or trainings (for applications from arts organisations)<\/li>\n<li>Virtual or hybrid conferences or forums (for applications from arts organisations)<\/li>\n<li>Artists\u2019 or writers\u2019 residencies (for applications from arts organisations)<\/li>\n<\/ul>\n<h3>Requirements<\/h3>\n<ul>\n<li><strong>Individual:<\/strong> artists and arts managers, citizens of any ASEM partner country, forming a team of 2 or 3 collaborators;<\/li>\n<li><strong>Organisations:<\/strong> arts organisations based and operating in any ASEM partner country, applying on behalf of 3 to 6 collaborators.<\/li>\n<\/ul>\n<h3>Grant<\/h3>\n<p>Each selected participant will be awarded a grant of<strong>\u00a0<\/strong>SGD 500 (~310 EUR). The total grant amount depends\u00a0on the number of participants in the collaboration.<\/p>\n<h3>Deadline<\/h3>\n<p><strong>28 February 2021<\/strong><\/p>\n<h3>More information<\/h3>\n<p><a href=\"https:\/\/programmes.eurodesk.eu\/grants#80893\">Call<\/a><\/p>\n","protected":false},"excerpt":{"rendered":"<p>In response to the restrictions on travel and physical gatherings due to Covid-19, Mobility First! is offering virtual collaboration grants to artists and arts managers from Asia and Europe to jointly create new works or texts. The aim is to create opportunities for international cultural exchange and professional connections at a time of very limited [&hellip;]<\/p>\n","protected":false},"author":101012,"featured_media":17309,"comment_status":"open","ping_status":"open","sticky":false,"template":"","format":"standard","meta":{"_acf_changed":false,"_relevanssi_hide_post":"","_relevanssi_hide_content":"","_relevanssi_pin_for_all":"","_relevanssi_pin_keywords":"","_relevanssi_unpin_keywords":"","_relevanssi_related_keywords":"","_relevanssi_related_include_ids":"","_relevanssi_related_exclude_ids":"","_relevanssi_related_no_append":"","_relevanssi_related_not_related":"","_relevanssi_related_posts":"","_relevanssi_noindex_reason":"","_monsterinsights_skip_tracking":false,"_monsterinsights_sitenote_active":false,"_monsterinsights_sitenote_note":"","_monsterinsights_sitenote_category":0,"_genesis_hide_title":false,"_genesis_hide_breadcrumbs":false,"_genesis_hide_singular_image":false,"_genesis_hide_footer_widgets":false,"_genesis_custom_body_class":"","_genesis_custom_post_class":"","_genesis_layout":"","footnotes":""},"categories":[366,4049,4050],"tags":[409,2679],"class_list":{"0":"post-62428","1":"post","2":"type-post","3":"status-publish","4":"format-standard","5":"has-post-thumbnail","7":"category-eu-calls-and-awards","8":"category-eurodesk-en","9":"category-learning-grants","10":"tag-call","11":"tag-mobility-first-en","12":"entry"},"acf":[],"yoast_head":"<!-- This site is optimized with the Yoast SEO plugin v27.4 - https:\/\/yoast.com\/product\/yoast-seo-wordpress\/ -->\n<title>Mobility First! Collaboration Grants | CDE Almer\u00eda - Centro de Documentaci\u00f3n Europea - Universidad de Almer\u00eda<\/title>\n<meta name=\"robots\" content=\"index, follow, max-snippet:-1, max-image-preview:large, max-video-preview:-1\" \/>\n<link rel=\"canonical\" href=\"https:\/\/www.cde.ual.es\/en\/mobility-first-collaboration-grants\/\" \/>\n<meta property=\"og:locale\" content=\"en_US\" \/>\n<meta property=\"og:type\" content=\"article\" \/>\n<meta property=\"og:title\" content=\"Mobility First! Collaboration Grants | CDE Almer\u00eda - Centro de Documentaci\u00f3n Europea - Universidad de Almer\u00eda\" \/>\n<meta property=\"og:description\" content=\"In response to the restrictions on travel and physical gatherings due to Covid-19, Mobility First! is offering virtual collaboration grants to artists and arts managers from Asia and Europe to jointly create new works or texts. The aim is to create opportunities for international cultural exchange and professional connections at a time of very limited [&hellip;]\" \/>\n<meta property=\"og:url\" content=\"https:\/\/www.cde.ual.es\/en\/mobility-first-collaboration-grants\/\" \/>\n<meta property=\"og:site_name\" content=\"CDE Almer\u00eda - Centro de Documentaci\u00f3n Europea - Universidad de Almer\u00eda\" \/>\n<meta property=\"article:publisher\" content=\"https:\/\/www.facebook.com\/cdeuniversidadalmeria\/\" \/>\n<meta property=\"article:published_time\" content=\"2021-02-17T02:00:54+00:00\" \/>\n<meta property=\"article:modified_time\" content=\"2021-09-15T10:28:48+00:00\" \/>\n<meta property=\"og:image\" content=\"https:\/\/www.cde.ual.es\/wp-content\/uploads\/2019\/05\/mobility-first.jpg\" \/>\n\t<meta property=\"og:image:width\" content=\"550\" \/>\n\t<meta property=\"og:image:height\" content=\"300\" \/>\n\t<meta property=\"og:image:type\" content=\"image\/jpeg\" \/>\n<meta name=\"author\" content=\"BECACDE1\" \/>\n<meta name=\"twitter:card\" content=\"summary_large_image\" \/>\n<meta name=\"twitter:creator\" content=\"@cdeualmeria\" \/>\n<meta name=\"twitter:site\" content=\"@cdeualmeria\" \/>\n<meta name=\"twitter:label1\" content=\"Written by\" \/>\n\t<meta name=\"twitter:data1\" content=\"BECACDE1\" \/>\n\t<meta name=\"twitter:label2\" content=\"Est. reading time\" \/>\n\t<meta name=\"twitter:data2\" content=\"1 minute\" \/>\n<script type=\"application\/ld+json\" class=\"yoast-schema-graph\">{\"@context\":\"https:\\\/\\\/schema.org\",\"@graph\":[{\"@type\":\"Article\",\"@id\":\"https:\\\/\\\/www.cde.ual.es\\\/en\\\/mobility-first-collaboration-grants\\\/#article\",\"isPartOf\":{\"@id\":\"https:\\\/\\\/www.cde.ual.es\\\/en\\\/mobility-first-collaboration-grants\\\/\"},\"author\":{\"name\":\"BECACDE1\",\"@id\":\"https:\\\/\\\/www.cde.ual.es\\\/#\\\/schema\\\/person\\\/bf2f837cf3353e2161fe1087adbd728f\"},\"headline\":\"Mobility First! Collaboration Grants\",\"datePublished\":\"2021-02-17T02:00:54+00:00\",\"dateModified\":\"2021-09-15T10:28:48+00:00\",\"mainEntityOfPage\":{\"@id\":\"https:\\\/\\\/www.cde.ual.es\\\/en\\\/mobility-first-collaboration-grants\\\/\"},\"wordCount\":222,\"commentCount\":0,\"publisher\":{\"@id\":\"https:\\\/\\\/www.cde.ual.es\\\/#organization\"},\"image\":{\"@id\":\"https:\\\/\\\/www.cde.ual.es\\\/en\\\/mobility-first-collaboration-grants\\\/#primaryimage\"},\"thumbnailUrl\":\"https:\\\/\\\/www.cde.ual.es\\\/wp-content\\\/uploads\\\/2019\\\/05\\\/mobility-first.jpg\",\"keywords\":[\"call\",\"Mobility First\"],\"articleSection\":[\"EU Calls and Awards\",\"Eurodesk\",\"Learning and Grants\"],\"inLanguage\":\"en-US\",\"potentialAction\":[{\"@type\":\"CommentAction\",\"name\":\"Comment\",\"target\":[\"https:\\\/\\\/www.cde.ual.es\\\/en\\\/mobility-first-collaboration-grants\\\/#respond\"]}]},{\"@type\":\"WebPage\",\"@id\":\"https:\\\/\\\/www.cde.ual.es\\\/en\\\/mobility-first-collaboration-grants\\\/\",\"url\":\"https:\\\/\\\/www.cde.ual.es\\\/en\\\/mobility-first-collaboration-grants\\\/\",\"name\":\"Mobility First! Collaboration Grants | CDE Almer\u00eda - Centro de Documentaci\u00f3n Europea - Universidad de Almer\u00eda\",\"isPartOf\":{\"@id\":\"https:\\\/\\\/www.cde.ual.es\\\/#website\"},\"primaryImageOfPage\":{\"@id\":\"https:\\\/\\\/www.cde.ual.es\\\/en\\\/mobility-first-collaboration-grants\\\/#primaryimage\"},\"image\":{\"@id\":\"https:\\\/\\\/www.cde.ual.es\\\/en\\\/mobility-first-collaboration-grants\\\/#primaryimage\"},\"thumbnailUrl\":\"https:\\\/\\\/www.cde.ual.es\\\/wp-content\\\/uploads\\\/2019\\\/05\\\/mobility-first.jpg\",\"datePublished\":\"2021-02-17T02:00:54+00:00\",\"dateModified\":\"2021-09-15T10:28:48+00:00\",\"breadcrumb\":{\"@id\":\"https:\\\/\\\/www.cde.ual.es\\\/en\\\/mobility-first-collaboration-grants\\\/#breadcrumb\"},\"inLanguage\":\"en-US\",\"potentialAction\":[{\"@type\":\"ReadAction\",\"target\":[\"https:\\\/\\\/www.cde.ual.es\\\/en\\\/mobility-first-collaboration-grants\\\/\"]}]},{\"@type\":\"ImageObject\",\"inLanguage\":\"en-US\",\"@id\":\"https:\\\/\\\/www.cde.ual.es\\\/en\\\/mobility-first-collaboration-grants\\\/#primaryimage\",\"url\":\"https:\\\/\\\/www.cde.ual.es\\\/wp-content\\\/uploads\\\/2019\\\/05\\\/mobility-first.jpg\",\"contentUrl\":\"https:\\\/\\\/www.cde.ual.es\\\/wp-content\\\/uploads\\\/2019\\\/05\\\/mobility-first.jpg\",\"width\":550,\"height\":300},{\"@type\":\"BreadcrumbList\",\"@id\":\"https:\\\/\\\/www.cde.ual.es\\\/en\\\/mobility-first-collaboration-grants\\\/#breadcrumb\",\"itemListElement\":[{\"@type\":\"ListItem\",\"position\":1,\"name\":\"Inicio\",\"item\":\"https:\\\/\\\/www.cde.ual.es\\\/en\\\/\"},{\"@type\":\"ListItem\",\"position\":2,\"name\":\"EU Calls and Awards\",\"item\":\"https:\\\/\\\/www.cde.ual.es\\\/en\\\/category\\\/eu-calls-and-awards\\\/\"},{\"@type\":\"ListItem\",\"position\":3,\"name\":\"Eurodesk\",\"item\":\"https:\\\/\\\/www.cde.ual.es\\\/en\\\/category\\\/eu-calls-and-awards\\\/eurodesk-en\\\/\"},{\"@type\":\"ListItem\",\"position\":4,\"name\":\"Learning and Grants\",\"item\":\"https:\\\/\\\/www.cde.ual.es\\\/en\\\/category\\\/eu-calls-and-awards\\\/eurodesk-en\\\/learning-grants\\\/\"},{\"@type\":\"ListItem\",\"position\":5,\"name\":\"Mobility First! Collaboration Grants\"}]},{\"@type\":\"WebSite\",\"@id\":\"https:\\\/\\\/www.cde.ual.es\\\/#website\",\"url\":\"https:\\\/\\\/www.cde.ual.es\\\/\",\"name\":\"CDE Almer\u00eda - Centro de Documentaci\u00f3n Europea - Universidad de Almer\u00eda\",\"description\":\"Centro de Documentaci\u00f3n Europea de la Universidad de Almer\u00eda\",\"publisher\":{\"@id\":\"https:\\\/\\\/www.cde.ual.es\\\/#organization\"},\"alternateName\":\"CDE Almer\u00eda\",\"potentialAction\":[{\"@type\":\"SearchAction\",\"target\":{\"@type\":\"EntryPoint\",\"urlTemplate\":\"https:\\\/\\\/www.cde.ual.es\\\/?s={search_term_string}\"},\"query-input\":{\"@type\":\"PropertyValueSpecification\",\"valueRequired\":true,\"valueName\":\"search_term_string\"}}],\"inLanguage\":\"en-US\"},{\"@type\":\"Organization\",\"@id\":\"https:\\\/\\\/www.cde.ual.es\\\/#organization\",\"name\":\"Centro de Documentaci\u00f3n Europea de Almer\u00eda\",\"url\":\"https:\\\/\\\/www.cde.ual.es\\\/\",\"logo\":{\"@type\":\"ImageObject\",\"inLanguage\":\"en-US\",\"@id\":\"https:\\\/\\\/www.cde.ual.es\\\/#\\\/schema\\\/logo\\\/image\\\/\",\"url\":\"https:\\\/\\\/www.cde.ual.es\\\/wp-content\\\/uploads\\\/2025\\\/07\\\/cde-logo-3.png\",\"contentUrl\":\"https:\\\/\\\/www.cde.ual.es\\\/wp-content\\\/uploads\\\/2025\\\/07\\\/cde-logo-3.png\",\"width\":1400,\"height\":300,\"caption\":\"Centro de Documentaci\u00f3n Europea de Almer\u00eda\"},\"image\":{\"@id\":\"https:\\\/\\\/www.cde.ual.es\\\/#\\\/schema\\\/logo\\\/image\\\/\"},\"sameAs\":[\"https:\\\/\\\/www.facebook.com\\\/cdeuniversidadalmeria\\\/\",\"https:\\\/\\\/x.com\\\/cdeualmeria\",\"https:\\\/\\\/www.tiktok.com\\\/@cdealmeria\",\"https:\\\/\\\/www.instagram.com\\\/cdealmeria\\\/\",\"https:\\\/\\\/www.linkedin.com\\\/in\\\/cde-almera-812b26a9\\\/\"]},{\"@type\":\"Person\",\"@id\":\"https:\\\/\\\/www.cde.ual.es\\\/#\\\/schema\\\/person\\\/bf2f837cf3353e2161fe1087adbd728f\",\"name\":\"BECACDE1\",\"image\":{\"@type\":\"ImageObject\",\"inLanguage\":\"en-US\",\"@id\":\"https:\\\/\\\/secure.gravatar.com\\\/avatar\\\/16a4c1e422b5dec818ee13eab3353b19db9cfd278cc10f9b0e1188a37671d9d4?s=96&d=mm&r=g\",\"url\":\"https:\\\/\\\/secure.gravatar.com\\\/avatar\\\/16a4c1e422b5dec818ee13eab3353b19db9cfd278cc10f9b0e1188a37671d9d4?s=96&d=mm&r=g\",\"contentUrl\":\"https:\\\/\\\/secure.gravatar.com\\\/avatar\\\/16a4c1e422b5dec818ee13eab3353b19db9cfd278cc10f9b0e1188a37671d9d4?s=96&d=mm&r=g\",\"caption\":\"BECACDE1\"},\"sameAs\":[\"http:\\\/\\\/www.cdealmeria.com\"]}]}<\/script>\n<!-- \/ Yoast SEO plugin. -->","yoast_head_json":{"title":"Mobility First! Collaboration Grants | CDE Almer\u00eda - Centro de Documentaci\u00f3n Europea - Universidad de Almer\u00eda","robots":{"index":"index","follow":"follow","max-snippet":"max-snippet:-1","max-image-preview":"max-image-preview:large","max-video-preview":"max-video-preview:-1"},"canonical":"https:\/\/www.cde.ual.es\/en\/mobility-first-collaboration-grants\/","og_locale":"en_US","og_type":"article","og_title":"Mobility First! Collaboration Grants | CDE Almer\u00eda - Centro de Documentaci\u00f3n Europea - Universidad de Almer\u00eda","og_description":"In response to the restrictions on travel and physical gatherings due to Covid-19, Mobility First! is offering virtual collaboration grants to artists and arts managers from Asia and Europe to jointly create new works or texts. The aim is to create opportunities for international cultural exchange and professional connections at a time of very limited [&hellip;]","og_url":"https:\/\/www.cde.ual.es\/en\/mobility-first-collaboration-grants\/","og_site_name":"CDE Almer\u00eda - Centro de Documentaci\u00f3n Europea - Universidad de Almer\u00eda","article_publisher":"https:\/\/www.facebook.com\/cdeuniversidadalmeria\/","article_published_time":"2021-02-17T02:00:54+00:00","article_modified_time":"2021-09-15T10:28:48+00:00","og_image":[{"width":550,"height":300,"url":"https:\/\/www.cde.ual.es\/wp-content\/uploads\/2019\/05\/mobility-first.jpg","type":"image\/jpeg"}],"author":"BECACDE1","twitter_card":"summary_large_image","twitter_creator":"@cdeualmeria","twitter_site":"@cdeualmeria","twitter_misc":{"Written by":"BECACDE1","Est. reading time":"1 minute"},"schema":{"@context":"https:\/\/schema.org","@graph":[{"@type":"Article","@id":"https:\/\/www.cde.ual.es\/en\/mobility-first-collaboration-grants\/#article","isPartOf":{"@id":"https:\/\/www.cde.ual.es\/en\/mobility-first-collaboration-grants\/"},"author":{"name":"BECACDE1","@id":"https:\/\/www.cde.ual.es\/#\/schema\/person\/bf2f837cf3353e2161fe1087adbd728f"},"headline":"Mobility First! Collaboration Grants","datePublished":"2021-02-17T02:00:54+00:00","dateModified":"2021-09-15T10:28:48+00:00","mainEntityOfPage":{"@id":"https:\/\/www.cde.ual.es\/en\/mobility-first-collaboration-grants\/"},"wordCount":222,"commentCount":0,"publisher":{"@id":"https:\/\/www.cde.ual.es\/#organization"},"image":{"@id":"https:\/\/www.cde.ual.es\/en\/mobility-first-collaboration-grants\/#primaryimage"},"thumbnailUrl":"https:\/\/www.cde.ual.es\/wp-content\/uploads\/2019\/05\/mobility-first.jpg","keywords":["call","Mobility First"],"articleSection":["EU Calls and Awards","Eurodesk","Learning and Grants"],"inLanguage":"en-US","potentialAction":[{"@type":"CommentAction","name":"Comment","target":["https:\/\/www.cde.ual.es\/en\/mobility-first-collaboration-grants\/#respond"]}]},{"@type":"WebPage","@id":"https:\/\/www.cde.ual.es\/en\/mobility-first-collaboration-grants\/","url":"https:\/\/www.cde.ual.es\/en\/mobility-first-collaboration-grants\/","name":"Mobility First! Collaboration Grants | CDE Almer\u00eda - Centro de Documentaci\u00f3n Europea - Universidad de Almer\u00eda","isPartOf":{"@id":"https:\/\/www.cde.ual.es\/#website"},"primaryImageOfPage":{"@id":"https:\/\/www.cde.ual.es\/en\/mobility-first-collaboration-grants\/#primaryimage"},"image":{"@id":"https:\/\/www.cde.ual.es\/en\/mobility-first-collaboration-grants\/#primaryimage"},"thumbnailUrl":"https:\/\/www.cde.ual.es\/wp-content\/uploads\/2019\/05\/mobility-first.jpg","datePublished":"2021-02-17T02:00:54+00:00","dateModified":"2021-09-15T10:28:48+00:00","breadcrumb":{"@id":"https:\/\/www.cde.ual.es\/en\/mobility-first-collaboration-grants\/#breadcrumb"},"inLanguage":"en-US","potentialAction":[{"@type":"ReadAction","target":["https:\/\/www.cde.ual.es\/en\/mobility-first-collaboration-grants\/"]}]},{"@type":"ImageObject","inLanguage":"en-US","@id":"https:\/\/www.cde.ual.es\/en\/mobility-first-collaboration-grants\/#primaryimage","url":"https:\/\/www.cde.ual.es\/wp-content\/uploads\/2019\/05\/mobility-first.jpg","contentUrl":"https:\/\/www.cde.ual.es\/wp-content\/uploads\/2019\/05\/mobility-first.jpg","width":550,"height":300},{"@type":"BreadcrumbList","@id":"https:\/\/www.cde.ual.es\/en\/mobility-first-collaboration-grants\/#breadcrumb","itemListElement":[{"@type":"ListItem","position":1,"name":"Inicio","item":"https:\/\/www.cde.ual.es\/en\/"},{"@type":"ListItem","position":2,"name":"EU Calls and Awards","item":"https:\/\/www.cde.ual.es\/en\/category\/eu-calls-and-awards\/"},{"@type":"ListItem","position":3,"name":"Eurodesk","item":"https:\/\/www.cde.ual.es\/en\/category\/eu-calls-and-awards\/eurodesk-en\/"},{"@type":"ListItem","position":4,"name":"Learning and Grants","item":"https:\/\/www.cde.ual.es\/en\/category\/eu-calls-and-awards\/eurodesk-en\/learning-grants\/"},{"@type":"ListItem","position":5,"name":"Mobility First! Collaboration Grants"}]},{"@type":"WebSite","@id":"https:\/\/www.cde.ual.es\/#website","url":"https:\/\/www.cde.ual.es\/","name":"CDE Almer\u00eda - Centro de Documentaci\u00f3n Europea - Universidad de Almer\u00eda","description":"Centro de Documentaci\u00f3n Europea de la Universidad de Almer\u00eda","publisher":{"@id":"https:\/\/www.cde.ual.es\/#organization"},"alternateName":"CDE Almer\u00eda","potentialAction":[{"@type":"SearchAction","target":{"@type":"EntryPoint","urlTemplate":"https:\/\/www.cde.ual.es\/?s={search_term_string}"},"query-input":{"@type":"PropertyValueSpecification","valueRequired":true,"valueName":"search_term_string"}}],"inLanguage":"en-US"},{"@type":"Organization","@id":"https:\/\/www.cde.ual.es\/#organization","name":"Centro de Documentaci\u00f3n Europea de Almer\u00eda","url":"https:\/\/www.cde.ual.es\/","logo":{"@type":"ImageObject","inLanguage":"en-US","@id":"https:\/\/www.cde.ual.es\/#\/schema\/logo\/image\/","url":"https:\/\/www.cde.ual.es\/wp-content\/uploads\/2025\/07\/cde-logo-3.png","contentUrl":"https:\/\/www.cde.ual.es\/wp-content\/uploads\/2025\/07\/cde-logo-3.png","width":1400,"height":300,"caption":"Centro de Documentaci\u00f3n Europea de Almer\u00eda"},"image":{"@id":"https:\/\/www.cde.ual.es\/#\/schema\/logo\/image\/"},"sameAs":["https:\/\/www.facebook.com\/cdeuniversidadalmeria\/","https:\/\/x.com\/cdeualmeria","https:\/\/www.tiktok.com\/@cdealmeria","https:\/\/www.instagram.com\/cdealmeria\/","https:\/\/www.linkedin.com\/in\/cde-almera-812b26a9\/"]},{"@type":"Person","@id":"https:\/\/www.cde.ual.es\/#\/schema\/person\/bf2f837cf3353e2161fe1087adbd728f","name":"BECACDE1","image":{"@type":"ImageObject","inLanguage":"en-US","@id":"https:\/\/secure.gravatar.com\/avatar\/16a4c1e422b5dec818ee13eab3353b19db9cfd278cc10f9b0e1188a37671d9d4?s=96&d=mm&r=g","url":"https:\/\/secure.gravatar.com\/avatar\/16a4c1e422b5dec818ee13eab3353b19db9cfd278cc10f9b0e1188a37671d9d4?s=96&d=mm&r=g","contentUrl":"https:\/\/secure.gravatar.com\/avatar\/16a4c1e422b5dec818ee13eab3353b19db9cfd278cc10f9b0e1188a37671d9d4?s=96&d=mm&r=g","caption":"BECACDE1"},"sameAs":["http:\/\/www.cdealmeria.com"]}]}},"_links":{"self":[{"href":"https:\/\/www.cde.ual.es\/en\/wp-json\/wp\/v2\/posts\/62428","targetHints":{"allow":["GET"]}}],"collection":[{"href":"https:\/\/www.cde.ual.es\/en\/wp-json\/wp\/v2\/posts"}],"about":[{"href":"https:\/\/www.cde.ual.es\/en\/wp-json\/wp\/v2\/types\/post"}],"author":[{"embeddable":true,"href":"https:\/\/www.cde.ual.es\/en\/wp-json\/wp\/v2\/users\/101012"}],"replies":[{"embeddable":true,"href":"https:\/\/www.cde.ual.es\/en\/wp-json\/wp\/v2\/comments?post=62428"}],"version-history":[{"count":0,"href":"https:\/\/www.cde.ual.es\/en\/wp-json\/wp\/v2\/posts\/62428\/revisions"}],"wp:featuredmedia":[{"embeddable":true,"href":"https:\/\/www.cde.ual.es\/en\/wp-json\/wp\/v2\/media\/17309"}],"wp:attachment":[{"href":"https:\/\/www.cde.ual.es\/en\/wp-json\/wp\/v2\/media?parent=62428"}],"wp:term":[{"taxonomy":"category","embeddable":true,"href":"https:\/\/www.cde.ual.es\/en\/wp-json\/wp\/v2\/categories?post=62428"},{"taxonomy":"post_tag","embeddable":true,"href":"https:\/\/www.cde.ual.es\/en\/wp-json\/wp\/v2\/tags?post=62428"}],"curies":[{"name":"wp","href":"https:\/\/api.w.org\/{rel}","templated":true}]}}