{"id":61048,"date":"2021-02-01T03:00:53","date_gmt":"2021-02-01T02:00:53","guid":{"rendered":"https:\/\/www.cde.ual.es\/?p=61048"},"modified":"2021-01-29T10:57:49","modified_gmt":"2021-01-29T09:57:49","slug":"portuguese-presidency-outlines-priorities-to-ep-committees","status":"publish","type":"post","link":"https:\/\/www.cde.ual.es\/en\/portuguese-presidency-outlines-priorities-to-ep-committees\/","title":{"rendered":"Portuguese Presidency outlines priorities to EP committees"},"content":{"rendered":"<div class=\"ep_gridcolumn ep-m_product\" data-view1200=\"6\" data-view1020=\"6\" data-view750=\"10\" data-view640=\"6\" data-view480=\"8\" data-view320=\"4\">\n<div class=\"ep_gridcolumn-content\">\n<div class=\"ep-a_text ep-layout_chapo\">\n<p><strong>Ministers are outlining the priorities of the Portuguese Presidency of the Council of the EU to parliamentary committees, in a series of meetings.<\/strong><\/p>\n<p><a href=\"https:\/\/www.cde.ual.es\/wp-content\/uploads\/2021\/01\/portugal-presidency.jpg\"><img decoding=\"async\" class=\"aligncenter wp-image-61049\" src=\"https:\/\/www.cde.ual.es\/wp-content\/uploads\/2021\/01\/portugal-presidency.jpg\" alt=\"Portuguese Presidency outlines priorities to EP committees\" width=\"531\" height=\"354\" srcset=\"https:\/\/www.cde.ual.es\/wp-content\/uploads\/2021\/01\/portugal-presidency.jpg 799w, https:\/\/www.cde.ual.es\/wp-content\/uploads\/2021\/01\/portugal-presidency-300x200.jpg 300w, https:\/\/www.cde.ual.es\/wp-content\/uploads\/2021\/01\/portugal-presidency-768x512.jpg 768w\" sizes=\"(max-width: 531px) 100vw, 531px\" \/><\/a><\/p>\n<p>[toc]<\/p>\n<div class=\"ep_gridcolumn ep-m_product\" data-view1200=\"6\" data-view1020=\"6\" data-view750=\"10\" data-view640=\"6\" data-view480=\"8\" data-view320=\"4\">\n<div class=\"ep_gridcolumn-content\">\n<div class=\"ep-a_text\">\n<h3 class=\"ep-wysiwig_paragraph\"><strong>Foreign Affairs<\/strong><\/h3>\n<p class=\"ep-wysiwig_paragraph\">On 26 January,\u00a0<strong>Foreign Affairs Minister Augusto Santos Silva<\/strong>\u00a0outlined a range of external action priorities to the Foreign Affairs Committee. He spoke of the importance of reviving the transatlantic dialogue between the EU and the new Biden administration, promoting stronger ties between the EU and the Asia-Pacific region, notably India, as well as intensifying EU cooperation with Africa and the African Union, for example when it comes to finalising a new Post-Cotonou Partnership Agreement.<\/p>\n<p class=\"ep-wysiwig_paragraph\">MEPs quizzed the minister on several topics, such as the EU\u2019s strategy vis-\u00e0-vis China, the Presidency\u2019s approach to Russia, and migration issues. They welcomed the initiative to hold the EU-India summit in Porto this year as well as Portugal\u2019s readiness to further engage in enlargement efforts. MEPs also questioned Mr Santos Silva on how the EU will guarantee respect for social, environmental and human rights in its commercial policy with third countries.<\/p>\n<h3 class=\"ep-wysiwig_paragraph\"><strong>Fisheries<\/strong><\/h3>\n<p class=\"ep-wysiwig_paragraph\">On 26 January,\u00a0<strong>Maritime Affairs Minister Ricardo Serr\u00e3o Santos<\/strong>\u00a0told the Fisheries Committee that the Presidency is committed to advancing negotiations on quotas with the UK and reaching a deal on this with Norway. MEPs complained about the uncertainty around fishing conditions following Brexit and how the Brexit Reserve Adjustment is to be distributed among countries.<\/p>\n<p class=\"ep-wysiwig_paragraph\">They also highlighted the importance of concluding the regulation on the European Maritime and Fisheries Fund, obtaining a general agreement on the new Fisheries Control, and concluding fishing deals with third countries, like Mauritania, Guinea-Conakry and Madagascar. Serr\u00e3o Santos assured them that these are all priorities for the Portuguese Presidency.<\/p>\n<h3 class=\"ep-wysiwig_paragraph\"><strong>Transport and Tourism<\/strong><\/h3>\n<p class=\"ep-wysiwig_paragraph\">On 26 January,\u00a0<strong>Infrastructure and Housing Minister Pedro Nuno Santos<\/strong>\u00a0and\u00a0<strong>Secretary of State for Tourism Rita Marques\u00a0<\/strong>stressed that tourism and transport are two of the sectors hit hardest by the pandemic, which will also recover last from this crisis. Therefore, the Presidency will strive to contribute to a swift recovery and transformation of the transport sector, to make it more resilient, greener and smarter. The focus will then turn to the railway sector, implementing a new EU mobility strategy and further work on Single European Sky and Eurovignette draft rules.<\/p>\n<p class=\"ep-wysiwig_paragraph\">Transport Committee MEPs welcomed the Presidency\u2019s focus on sustainable mobility, rail and their attempt to support, in particular, passengers as well as companies working in the transport and tourism sectors. They urged the Presidency to advance further on the Connecting Europe Facility, air passenger rights and alternative aviation fuels draft rules.<\/p>\n<h3 class=\"ep-wysiwig_paragraph\"><strong>Culture and Education<\/strong><\/h3>\n<p class=\"ep-wysiwig_paragraph\"><strong>Culture Minister Gra\u00e7a Fonseca<\/strong>\u00a0told the Culture and Education Committee on 26 January that supporting the recovery of the cultural and creative sectors is a priority, as is strengthening social security for artists, authors and other workers. MEPs called on the minister to earmark at least 2% of the recovery funds for cultural and creative sectors, and to make it binding for all member states to invest in the social protection of workers.<\/p>\n<p class=\"ep-wysiwig_paragraph\"><strong>Education Minister Tiago Brand\u00e3o Rodrigues<\/strong>\u00a0and\u00a0<strong>Science, Technology and Higher Education Minister Manuel Heitor\u00a0<\/strong>stressed their commitment to reducing inequalities in access to education, as well as on re-training and up-skilling of professionals of all ages. MEPs noted that young people find it hard to enter the labour market, and asked for the European Youth guarantee to be strengthened.<\/p>\n<h3 class=\"ep-wysiwig_paragraph\"><strong>Agriculture and Rural Development<\/strong><\/h3>\n<p class=\"ep-wysiwig_paragraph\">Concluding the talks on the Common Agricultural Policy (CAP) reform is one of the Presidency\u2019s top priorities,\u00a0<strong>Agriculture, Forestry and Rural Development Minister Maria do C\u00e9u Antunes<\/strong>\u00a0told the Agriculture Committee on 26 January. An agreement should be reached in April, the Minister said. The Presidency will focus on promoting structural development within the food system, sustainability in rural areas, digital growth and supporting organic farming. Other priorities include the Farm to Fork strategy and fostering more sustainable and biodiverse agriculture.<\/p>\n<p class=\"ep-wysiwig_paragraph\">Negotiations on the CAP reform should be finalised as quickly as possible, but not at any cost, MEPs said. They called on member states to come closer to Parliament\u2019s position, which is more ambitious than the Council\u2019s, and stressed that the future CAP must be greener, ensure a level playing field and a fair income for EU farmers, and guarantee food security for EU citizens.<\/p>\n<h3 class=\"ep-wysiwig_paragraph\"><strong>Women\u2019s Rights and Gender Equality<\/strong><\/h3>\n<p class=\"ep-wysiwig_paragraph\">On 26 January,\u00a0<strong>Mariana Vieira Da Silva, Minister of State for the Presidency<\/strong>\u00a0reminded the\u00a0<strong>Women\u2019s Rights and Gender Equality<\/strong>\u00a0Committee that women are particularly affected by the COVID-19 crisis. They are on the front line in combatting the pandemic, are hit harder by the economic crisis and are facing an increase in domestic violence during periods of confinement. The Presidency will organise a conference on violence against women and aims to create an EU-wide single hotline to report domestic violence, she announced.<\/p>\n<p class=\"ep-wysiwig_paragraph\">The Minister also said that they will work on reaching a consensus on the Women on Boards Directive, blocked for years in the Council. In addition to this legislation, MEPs called for the Anti-discrimination Directive, which has been in a deadlock for 12 years, to be unblocked. Some MEPs expressed concern that certain EU countries are moving away from democracy and not upholding respect for gender equality. They called on the Presidency to highlight the strong link between the rule of law mechanism and respect for gender equality.<\/p>\n<h3 class=\"ep-wysiwig_paragraph\"><strong>Environment, Public Health and Food Security<\/strong><\/h3>\n<p class=\"ep-wysiwig_paragraph\">On 25 January<strong>, Environment and Climate Action Minister Jo\u00e3o Pedro Matos Fernandes\u00a0<\/strong>told the Environment, Public Health and Food Security Committee that Portugal will promote the EU as a leader in Climate Action. The presidency is prioritising a green recovery and getting a deal on the EU Climate Law. MEPs raised questions on issues such as the EU Climate Law, biodiversity, the CAP reform, hydrogen, CO2 emissions from shipping and the need for a green industrial strategy and green investments. They also stressed the importance of the upcoming UN climate change conference in Glasgow.<\/p>\n<p class=\"ep-wysiwig_paragraph\">On 26 January,<strong>\u00a0Agriculture Minister Maria do C\u00e9u Antunes\u00a0<\/strong>emphasised the need for a green and sustainable recovery from the COVID-19 crisis, which includes a follow-up on the Farm to Fork strategy. Council conclusions in spring 2021 will shape the EU\u2019s position for the COP26 in Glasgow. MEPs quizzed the Minister on a number of topics including biodiversity, desertification, food waste, animal welfare, the reduction of pesticides and biological control agents.<\/p>\n<h3 class=\"ep-wysiwig_paragraph\"><strong>Legal Affairs<\/strong><\/h3>\n<p class=\"ep-wysiwig_paragraph\">On 27 January, the Legal Affairs Committee held a debate with\u00a0<strong>Justice Minister Francisca Van Dunem<\/strong>, in which digitalisation and access to legal recourse, the protection of vulnerable adults, environmental crimes, the fight against illegal and online hate speech, and women and children\u2019s rights figured prominently. MEPs underlined the importance of tackling the negative impact of COVID-19 on the justice sector. To increase citizens\u2019 trust in EU justice systems, member states should provide support, and systems and proceedings should be simplified and made more inclusive and comprehensible, explained Van Dunem.<\/p>\n<p class=\"ep-wysiwig_paragraph\">Members asked about the Presidency\u2019s position on the Digital Services and Digital Markets Acts, particularly in relation to removing illegal or harmful content while respecting fundamental rights. In response to questions from MEPs regarding the state of play of the Non-Financial Reporting and Women on Boards directives, as well as public country-by-country reporting files, the Minister expressed hope for progress in these areas.<\/p>\n<h3 class=\"ep-wysiwig_paragraph\"><strong>Constitutional Affairs<\/strong><\/h3>\n<p class=\"ep-wysiwig_paragraph\">On 28 January, the Constitutional Affairs Committee met with\u00a0<strong>Secretary of State for European Affairs Ana Paula Zacarias<\/strong>\u00a0and stressed the need to quickly finalise the joint declaration on the Conference on the Future of Europe. They also asked the Presidency to commit to the prospect of treaty changes. Ms Zacarias reiterated the Presidency\u2019s intention to make progress on the reform of the Ombudsman Statute, Parliament\u2019s rights of inquiry and initiative, and the accession of the EU to the European Convention on Human Rights.<\/p>\n<p class=\"ep-wysiwig_paragraph\">MEPs welcomed the Presidency\u2019s commitment to protecting EU values and asked Ms Zacarias for more information on ongoing Article 7 procedures and the new mechanism to protect the EU budget. They also raised the creation of an independent EU ethics body, the rules on financing European political parties and foundations, Parliament\u2019s role in the governance of the agreement with the UK, and transparency concerns regarding the Council\u2019s activities.<\/p>\n<h3 class=\"ep-wysiwig_paragraph\"><strong>Security and Defence<\/strong><\/h3>\n<p class=\"ep-wysiwig_paragraph\">On 28 January,\u00a0<strong>National Defence Minister Jo\u00e3o Gomes Cravinho<\/strong>\u00a0told the Subcommittee on Security and Defence that the Presidency will continue promoting EU strategic autonomy and work on developing the common European Strategic Compass. It will pay particular attention to EU relations with Africa, maritime security in key areas such as the Gulf of Guinea and the Atlantic, transatlantic relations, military mobility and cyber defence. Other priorities include activating the European Defence Fund (EDF), he said.<\/p>\n<p class=\"ep-wysiwig_paragraph\">MEPs questioned the Minister on several topics, such as the European Peace Facility (EPF), Russia and China\u2019s hostile activities, the situation in the Eastern Mediterranean and issues with Turkey, as well as relations with the UK.<\/p>\n<h3 class=\"ep-wysiwig_paragraph\"><strong>International Trade<\/strong><\/h3>\n<p class=\"ep-wysiwig_paragraph\">Following\u00a0<strong>Foreign Affairs Minister Augusto Santos Silva\u2019<\/strong>s presentation in the International Trade committee, most MEPs were concerned that ongoing talks with Mercosur countries must include further reassurances on environmental, labour and social standards. MEPs reiterated that the deal in its current form is unacceptable for Parliament, due to continued concerns about deforestation, biodiversity loss and human rights.<\/p>\n<p class=\"ep-wysiwig_paragraph\">MEPs welcomed the Presidency\u2019s intention to revive talks on an EU-India investment agreement, but emphasised that including clauses on environmental, labour and social obligations is vital. Likewise, most MEPs underlined that China must commit to ending forced labour in light of the EU-China investment agreement. They also asked the Presidency about its plans to unblock talks on the international procurement instrument, a helpful tool to ensure a level playing field in EU-China relations.<\/p>\n<h3 class=\"ep-wysiwig_paragraph\"><strong>Internal Market and Consumer Protection<\/strong><\/h3>\n<p class=\"ep-wysiwig_paragraph\">In the Internal Market and Consumer Protection Committee on 28 January<strong>, Economy and Digital Transition Minister Pedro Siza Vieira<\/strong>\u00a0stressed that the Presidency will focus on the EU making a resilient and fair recovery from the pandemic. They will do this by making as much progress as possible on Next Generation EU, as well as approving and executing national recovery plans. He emphasised the impact that recovery plans will have on both digital and green transitions, including increased EU strategic autonomy and a diversification of production.<\/p>\n<p class=\"ep-wysiwig_paragraph\">As the single market plays an important role in all these areas, the Presidency aims to reduce regulatory barriers and fragmentation, especially to services. It will focus on improving the single market for SMEs. With regard to digital goods and services, the Minister stressed the importance of improving digital skills and digitising public administration (including electronic ID), as well as the Digital Services Act.<\/p>\n<\/div>\n<\/div>\n<\/div>\n<\/div>\n<\/div>\n<\/div>\n<div class=\"ep_gridcolumn ep-m_product\" data-view1200=\"6\" data-view1020=\"6\" data-view750=\"10\" data-view640=\"6\" data-view480=\"8\" data-view320=\"4\">\n<div class=\"ep_gridcolumn-content\">\n<h5 class=\"ep-a_text\">More information<\/h5>\n<div><a href=\"https:\/\/www.europarl.europa.eu\/news\/en\/press-room\/20210122IPR96228\/portuguese-presidency-outlines-priorities-to-ep-committees\">Press release &#8211; European Parliament<\/a><\/div>\n<\/div>\n<\/div>\n","protected":false},"excerpt":{"rendered":"<p>Ministers are outlining the priorities of the Portuguese Presidency of the Council of the EU to parliamentary committees, in a series of meetings. [toc] Foreign Affairs On 26 January,\u00a0Foreign Affairs Minister Augusto Santos Silva\u00a0outlined a range of external action priorities to the Foreign Affairs Committee. He spoke of the importance of reviving the transatlantic dialogue [&hellip;]<\/p>\n","protected":false},"author":101011,"featured_media":61049,"comment_status":"open","ping_status":"open","sticky":false,"template":"","format":"standard","meta":{"_acf_changed":false,"_relevanssi_hide_post":"","_relevanssi_hide_content":"","_relevanssi_pin_for_all":"","_relevanssi_pin_keywords":"","_relevanssi_unpin_keywords":"","_relevanssi_related_keywords":"","_relevanssi_related_include_ids":"","_relevanssi_related_exclude_ids":"","_relevanssi_related_no_append":"","_relevanssi_related_not_related":"","_relevanssi_related_posts":"","_relevanssi_noindex_reason":"","_monsterinsights_skip_tracking":false,"_monsterinsights_sitenote_active":false,"_monsterinsights_sitenote_note":"","_monsterinsights_sitenote_category":0,"_genesis_hide_title":false,"_genesis_hide_breadcrumbs":false,"_genesis_hide_singular_image":false,"_genesis_hide_footer_widgets":false,"_genesis_custom_body_class":"","_genesis_custom_post_class":"","_genesis_layout":"","footnotes":""},"categories":[346],"tags":[2613,2285,2614,2615],"class_list":{"0":"post-61048","1":"post","2":"type-post","3":"status-publish","4":"format-standard","5":"has-post-thumbnail","7":"category-eu-news","8":"tag-counicil","9":"tag-portugal","10":"tag-presidency","11":"tag-priorities","12":"entry"},"acf":[],"yoast_head":"<!-- This site is optimized with the Yoast SEO plugin v27.5 - https:\/\/yoast.com\/product\/yoast-seo-wordpress\/ -->\n<title>Portuguese Presidency outlines priorities to EP committees | CDE Almer\u00eda - Centro de Documentaci\u00f3n Europea - Universidad de Almer\u00eda<\/title>\n<meta name=\"robots\" content=\"index, follow, max-snippet:-1, max-image-preview:large, max-video-preview:-1\" \/>\n<link rel=\"canonical\" href=\"https:\/\/www.cde.ual.es\/en\/portuguese-presidency-outlines-priorities-to-ep-committees\/\" \/>\n<meta property=\"og:locale\" content=\"en_US\" \/>\n<meta property=\"og:type\" content=\"article\" \/>\n<meta property=\"og:title\" content=\"Portuguese Presidency outlines priorities to EP committees | CDE Almer\u00eda - Centro de Documentaci\u00f3n Europea - Universidad de Almer\u00eda\" \/>\n<meta property=\"og:description\" content=\"Ministers are outlining the priorities of the Portuguese Presidency of the Council of the EU to parliamentary committees, in a series of meetings. [toc] Foreign Affairs On 26 January,\u00a0Foreign Affairs Minister Augusto Santos Silva\u00a0outlined a range of external action priorities to the Foreign Affairs Committee. He spoke of the importance of reviving the transatlantic dialogue [&hellip;]\" \/>\n<meta property=\"og:url\" content=\"https:\/\/www.cde.ual.es\/en\/portuguese-presidency-outlines-priorities-to-ep-committees\/\" \/>\n<meta property=\"og:site_name\" content=\"CDE Almer\u00eda - Centro de Documentaci\u00f3n Europea - Universidad de Almer\u00eda\" \/>\n<meta property=\"article:publisher\" content=\"https:\/\/www.facebook.com\/cdeuniversidadalmeria\/\" \/>\n<meta property=\"article:published_time\" content=\"2021-02-01T02:00:53+00:00\" \/>\n<meta property=\"og:image\" content=\"https:\/\/www.cde.ual.es\/wp-content\/uploads\/2021\/01\/portugal-presidency.jpg\" \/>\n\t<meta property=\"og:image:width\" content=\"799\" \/>\n\t<meta property=\"og:image:height\" content=\"533\" \/>\n\t<meta property=\"og:image:type\" content=\"image\/jpeg\" \/>\n<meta name=\"author\" content=\"BECA 2 CDE\" \/>\n<meta name=\"twitter:card\" content=\"summary_large_image\" \/>\n<meta name=\"twitter:creator\" content=\"@cdeualmeria\" \/>\n<meta name=\"twitter:site\" content=\"@cdeualmeria\" \/>\n<meta name=\"twitter:label1\" content=\"Written by\" \/>\n\t<meta name=\"twitter:data1\" content=\"BECA 2 CDE\" \/>\n\t<meta name=\"twitter:label2\" content=\"Est. reading time\" \/>\n\t<meta name=\"twitter:data2\" content=\"9 minutes\" \/>\n<script type=\"application\/ld+json\" class=\"yoast-schema-graph\">{\"@context\":\"https:\\\/\\\/schema.org\",\"@graph\":[{\"@type\":\"Article\",\"@id\":\"https:\\\/\\\/www.cde.ual.es\\\/en\\\/portuguese-presidency-outlines-priorities-to-ep-committees\\\/#article\",\"isPartOf\":{\"@id\":\"https:\\\/\\\/www.cde.ual.es\\\/en\\\/portuguese-presidency-outlines-priorities-to-ep-committees\\\/\"},\"author\":{\"name\":\"BECA 2 CDE\",\"@id\":\"https:\\\/\\\/www.cde.ual.es\\\/#\\\/schema\\\/person\\\/ee46ebc19edfa19598c02cff83335acc\"},\"headline\":\"Portuguese Presidency outlines priorities to EP committees\",\"datePublished\":\"2021-02-01T02:00:53+00:00\",\"mainEntityOfPage\":{\"@id\":\"https:\\\/\\\/www.cde.ual.es\\\/en\\\/portuguese-presidency-outlines-priorities-to-ep-committees\\\/\"},\"wordCount\":1796,\"commentCount\":0,\"publisher\":{\"@id\":\"https:\\\/\\\/www.cde.ual.es\\\/#organization\"},\"image\":{\"@id\":\"https:\\\/\\\/www.cde.ual.es\\\/en\\\/portuguese-presidency-outlines-priorities-to-ep-committees\\\/#primaryimage\"},\"thumbnailUrl\":\"https:\\\/\\\/www.cde.ual.es\\\/wp-content\\\/uploads\\\/2021\\\/01\\\/portugal-presidency.jpg\",\"keywords\":[\"counicil\",\"Portugal\",\"presidency\",\"priorities\"],\"articleSection\":[\"EU News\"],\"inLanguage\":\"en-US\",\"potentialAction\":[{\"@type\":\"CommentAction\",\"name\":\"Comment\",\"target\":[\"https:\\\/\\\/www.cde.ual.es\\\/en\\\/portuguese-presidency-outlines-priorities-to-ep-committees\\\/#respond\"]}]},{\"@type\":\"WebPage\",\"@id\":\"https:\\\/\\\/www.cde.ual.es\\\/en\\\/portuguese-presidency-outlines-priorities-to-ep-committees\\\/\",\"url\":\"https:\\\/\\\/www.cde.ual.es\\\/en\\\/portuguese-presidency-outlines-priorities-to-ep-committees\\\/\",\"name\":\"Portuguese Presidency outlines priorities to EP committees | CDE Almer\u00eda - Centro de Documentaci\u00f3n Europea - Universidad de Almer\u00eda\",\"isPartOf\":{\"@id\":\"https:\\\/\\\/www.cde.ual.es\\\/#website\"},\"primaryImageOfPage\":{\"@id\":\"https:\\\/\\\/www.cde.ual.es\\\/en\\\/portuguese-presidency-outlines-priorities-to-ep-committees\\\/#primaryimage\"},\"image\":{\"@id\":\"https:\\\/\\\/www.cde.ual.es\\\/en\\\/portuguese-presidency-outlines-priorities-to-ep-committees\\\/#primaryimage\"},\"thumbnailUrl\":\"https:\\\/\\\/www.cde.ual.es\\\/wp-content\\\/uploads\\\/2021\\\/01\\\/portugal-presidency.jpg\",\"datePublished\":\"2021-02-01T02:00:53+00:00\",\"breadcrumb\":{\"@id\":\"https:\\\/\\\/www.cde.ual.es\\\/en\\\/portuguese-presidency-outlines-priorities-to-ep-committees\\\/#breadcrumb\"},\"inLanguage\":\"en-US\",\"potentialAction\":[{\"@type\":\"ReadAction\",\"target\":[\"https:\\\/\\\/www.cde.ual.es\\\/en\\\/portuguese-presidency-outlines-priorities-to-ep-committees\\\/\"]}]},{\"@type\":\"ImageObject\",\"inLanguage\":\"en-US\",\"@id\":\"https:\\\/\\\/www.cde.ual.es\\\/en\\\/portuguese-presidency-outlines-priorities-to-ep-committees\\\/#primaryimage\",\"url\":\"https:\\\/\\\/www.cde.ual.es\\\/wp-content\\\/uploads\\\/2021\\\/01\\\/portugal-presidency.jpg\",\"contentUrl\":\"https:\\\/\\\/www.cde.ual.es\\\/wp-content\\\/uploads\\\/2021\\\/01\\\/portugal-presidency.jpg\",\"width\":799,\"height\":533},{\"@type\":\"BreadcrumbList\",\"@id\":\"https:\\\/\\\/www.cde.ual.es\\\/en\\\/portuguese-presidency-outlines-priorities-to-ep-committees\\\/#breadcrumb\",\"itemListElement\":[{\"@type\":\"ListItem\",\"position\":1,\"name\":\"Inicio\",\"item\":\"https:\\\/\\\/www.cde.ual.es\\\/en\\\/\"},{\"@type\":\"ListItem\",\"position\":2,\"name\":\"EU News\",\"item\":\"https:\\\/\\\/www.cde.ual.es\\\/en\\\/category\\\/eu-news\\\/\"},{\"@type\":\"ListItem\",\"position\":3,\"name\":\"Portuguese Presidency outlines priorities to EP committees\"}]},{\"@type\":\"WebSite\",\"@id\":\"https:\\\/\\\/www.cde.ual.es\\\/#website\",\"url\":\"https:\\\/\\\/www.cde.ual.es\\\/\",\"name\":\"CDE Almer\u00eda - Centro de Documentaci\u00f3n Europea - Universidad de Almer\u00eda\",\"description\":\"Centro de Documentaci\u00f3n Europea de la Universidad de Almer\u00eda\",\"publisher\":{\"@id\":\"https:\\\/\\\/www.cde.ual.es\\\/#organization\"},\"alternateName\":\"CDE Almer\u00eda\",\"potentialAction\":[{\"@type\":\"SearchAction\",\"target\":{\"@type\":\"EntryPoint\",\"urlTemplate\":\"https:\\\/\\\/www.cde.ual.es\\\/?s={search_term_string}\"},\"query-input\":{\"@type\":\"PropertyValueSpecification\",\"valueRequired\":true,\"valueName\":\"search_term_string\"}}],\"inLanguage\":\"en-US\"},{\"@type\":\"Organization\",\"@id\":\"https:\\\/\\\/www.cde.ual.es\\\/#organization\",\"name\":\"Centro de Documentaci\u00f3n Europea de Almer\u00eda\",\"url\":\"https:\\\/\\\/www.cde.ual.es\\\/\",\"logo\":{\"@type\":\"ImageObject\",\"inLanguage\":\"en-US\",\"@id\":\"https:\\\/\\\/www.cde.ual.es\\\/#\\\/schema\\\/logo\\\/image\\\/\",\"url\":\"https:\\\/\\\/www.cde.ual.es\\\/wp-content\\\/uploads\\\/2025\\\/07\\\/cde-logo-3.png\",\"contentUrl\":\"https:\\\/\\\/www.cde.ual.es\\\/wp-content\\\/uploads\\\/2025\\\/07\\\/cde-logo-3.png\",\"width\":1400,\"height\":300,\"caption\":\"Centro de Documentaci\u00f3n Europea de Almer\u00eda\"},\"image\":{\"@id\":\"https:\\\/\\\/www.cde.ual.es\\\/#\\\/schema\\\/logo\\\/image\\\/\"},\"sameAs\":[\"https:\\\/\\\/www.facebook.com\\\/cdeuniversidadalmeria\\\/\",\"https:\\\/\\\/x.com\\\/cdeualmeria\",\"https:\\\/\\\/www.tiktok.com\\\/@cdealmeria\",\"https:\\\/\\\/www.instagram.com\\\/cdealmeria\\\/\",\"https:\\\/\\\/www.linkedin.com\\\/in\\\/cde-almera-812b26a9\\\/\"]},{\"@type\":\"Person\",\"@id\":\"https:\\\/\\\/www.cde.ual.es\\\/#\\\/schema\\\/person\\\/ee46ebc19edfa19598c02cff83335acc\",\"name\":\"BECA 2 CDE\",\"image\":{\"@type\":\"ImageObject\",\"inLanguage\":\"en-US\",\"@id\":\"https:\\\/\\\/secure.gravatar.com\\\/avatar\\\/35a481bbc04bbd90e91bdfa3b0b5541036c222a49b9ad37b6889a2afcb5311a5?s=96&d=mm&r=g\",\"url\":\"https:\\\/\\\/secure.gravatar.com\\\/avatar\\\/35a481bbc04bbd90e91bdfa3b0b5541036c222a49b9ad37b6889a2afcb5311a5?s=96&d=mm&r=g\",\"contentUrl\":\"https:\\\/\\\/secure.gravatar.com\\\/avatar\\\/35a481bbc04bbd90e91bdfa3b0b5541036c222a49b9ad37b6889a2afcb5311a5?s=96&d=mm&r=g\",\"caption\":\"BECA 2 CDE\"},\"sameAs\":[\"http:\\\/\\\/www.cdealmeria.com\"]}]}<\/script>\n<!-- \/ Yoast SEO plugin. -->","yoast_head_json":{"title":"Portuguese Presidency outlines priorities to EP committees | CDE Almer\u00eda - Centro de Documentaci\u00f3n Europea - Universidad de Almer\u00eda","robots":{"index":"index","follow":"follow","max-snippet":"max-snippet:-1","max-image-preview":"max-image-preview:large","max-video-preview":"max-video-preview:-1"},"canonical":"https:\/\/www.cde.ual.es\/en\/portuguese-presidency-outlines-priorities-to-ep-committees\/","og_locale":"en_US","og_type":"article","og_title":"Portuguese Presidency outlines priorities to EP committees | CDE Almer\u00eda - Centro de Documentaci\u00f3n Europea - Universidad de Almer\u00eda","og_description":"Ministers are outlining the priorities of the Portuguese Presidency of the Council of the EU to parliamentary committees, in a series of meetings. [toc] Foreign Affairs On 26 January,\u00a0Foreign Affairs Minister Augusto Santos Silva\u00a0outlined a range of external action priorities to the Foreign Affairs Committee. He spoke of the importance of reviving the transatlantic dialogue [&hellip;]","og_url":"https:\/\/www.cde.ual.es\/en\/portuguese-presidency-outlines-priorities-to-ep-committees\/","og_site_name":"CDE Almer\u00eda - Centro de Documentaci\u00f3n Europea - Universidad de Almer\u00eda","article_publisher":"https:\/\/www.facebook.com\/cdeuniversidadalmeria\/","article_published_time":"2021-02-01T02:00:53+00:00","og_image":[{"width":799,"height":533,"url":"https:\/\/www.cde.ual.es\/wp-content\/uploads\/2021\/01\/portugal-presidency.jpg","type":"image\/jpeg"}],"author":"BECA 2 CDE","twitter_card":"summary_large_image","twitter_creator":"@cdeualmeria","twitter_site":"@cdeualmeria","twitter_misc":{"Written by":"BECA 2 CDE","Est. reading time":"9 minutes"},"schema":{"@context":"https:\/\/schema.org","@graph":[{"@type":"Article","@id":"https:\/\/www.cde.ual.es\/en\/portuguese-presidency-outlines-priorities-to-ep-committees\/#article","isPartOf":{"@id":"https:\/\/www.cde.ual.es\/en\/portuguese-presidency-outlines-priorities-to-ep-committees\/"},"author":{"name":"BECA 2 CDE","@id":"https:\/\/www.cde.ual.es\/#\/schema\/person\/ee46ebc19edfa19598c02cff83335acc"},"headline":"Portuguese Presidency outlines priorities to EP committees","datePublished":"2021-02-01T02:00:53+00:00","mainEntityOfPage":{"@id":"https:\/\/www.cde.ual.es\/en\/portuguese-presidency-outlines-priorities-to-ep-committees\/"},"wordCount":1796,"commentCount":0,"publisher":{"@id":"https:\/\/www.cde.ual.es\/#organization"},"image":{"@id":"https:\/\/www.cde.ual.es\/en\/portuguese-presidency-outlines-priorities-to-ep-committees\/#primaryimage"},"thumbnailUrl":"https:\/\/www.cde.ual.es\/wp-content\/uploads\/2021\/01\/portugal-presidency.jpg","keywords":["counicil","Portugal","presidency","priorities"],"articleSection":["EU News"],"inLanguage":"en-US","potentialAction":[{"@type":"CommentAction","name":"Comment","target":["https:\/\/www.cde.ual.es\/en\/portuguese-presidency-outlines-priorities-to-ep-committees\/#respond"]}]},{"@type":"WebPage","@id":"https:\/\/www.cde.ual.es\/en\/portuguese-presidency-outlines-priorities-to-ep-committees\/","url":"https:\/\/www.cde.ual.es\/en\/portuguese-presidency-outlines-priorities-to-ep-committees\/","name":"Portuguese Presidency outlines priorities to EP committees | CDE Almer\u00eda - Centro de Documentaci\u00f3n Europea - Universidad de Almer\u00eda","isPartOf":{"@id":"https:\/\/www.cde.ual.es\/#website"},"primaryImageOfPage":{"@id":"https:\/\/www.cde.ual.es\/en\/portuguese-presidency-outlines-priorities-to-ep-committees\/#primaryimage"},"image":{"@id":"https:\/\/www.cde.ual.es\/en\/portuguese-presidency-outlines-priorities-to-ep-committees\/#primaryimage"},"thumbnailUrl":"https:\/\/www.cde.ual.es\/wp-content\/uploads\/2021\/01\/portugal-presidency.jpg","datePublished":"2021-02-01T02:00:53+00:00","breadcrumb":{"@id":"https:\/\/www.cde.ual.es\/en\/portuguese-presidency-outlines-priorities-to-ep-committees\/#breadcrumb"},"inLanguage":"en-US","potentialAction":[{"@type":"ReadAction","target":["https:\/\/www.cde.ual.es\/en\/portuguese-presidency-outlines-priorities-to-ep-committees\/"]}]},{"@type":"ImageObject","inLanguage":"en-US","@id":"https:\/\/www.cde.ual.es\/en\/portuguese-presidency-outlines-priorities-to-ep-committees\/#primaryimage","url":"https:\/\/www.cde.ual.es\/wp-content\/uploads\/2021\/01\/portugal-presidency.jpg","contentUrl":"https:\/\/www.cde.ual.es\/wp-content\/uploads\/2021\/01\/portugal-presidency.jpg","width":799,"height":533},{"@type":"BreadcrumbList","@id":"https:\/\/www.cde.ual.es\/en\/portuguese-presidency-outlines-priorities-to-ep-committees\/#breadcrumb","itemListElement":[{"@type":"ListItem","position":1,"name":"Inicio","item":"https:\/\/www.cde.ual.es\/en\/"},{"@type":"ListItem","position":2,"name":"EU News","item":"https:\/\/www.cde.ual.es\/en\/category\/eu-news\/"},{"@type":"ListItem","position":3,"name":"Portuguese Presidency outlines priorities to EP committees"}]},{"@type":"WebSite","@id":"https:\/\/www.cde.ual.es\/#website","url":"https:\/\/www.cde.ual.es\/","name":"CDE Almer\u00eda - Centro de Documentaci\u00f3n Europea - Universidad de Almer\u00eda","description":"Centro de Documentaci\u00f3n Europea de la Universidad de Almer\u00eda","publisher":{"@id":"https:\/\/www.cde.ual.es\/#organization"},"alternateName":"CDE Almer\u00eda","potentialAction":[{"@type":"SearchAction","target":{"@type":"EntryPoint","urlTemplate":"https:\/\/www.cde.ual.es\/?s={search_term_string}"},"query-input":{"@type":"PropertyValueSpecification","valueRequired":true,"valueName":"search_term_string"}}],"inLanguage":"en-US"},{"@type":"Organization","@id":"https:\/\/www.cde.ual.es\/#organization","name":"Centro de Documentaci\u00f3n Europea de Almer\u00eda","url":"https:\/\/www.cde.ual.es\/","logo":{"@type":"ImageObject","inLanguage":"en-US","@id":"https:\/\/www.cde.ual.es\/#\/schema\/logo\/image\/","url":"https:\/\/www.cde.ual.es\/wp-content\/uploads\/2025\/07\/cde-logo-3.png","contentUrl":"https:\/\/www.cde.ual.es\/wp-content\/uploads\/2025\/07\/cde-logo-3.png","width":1400,"height":300,"caption":"Centro de Documentaci\u00f3n Europea de Almer\u00eda"},"image":{"@id":"https:\/\/www.cde.ual.es\/#\/schema\/logo\/image\/"},"sameAs":["https:\/\/www.facebook.com\/cdeuniversidadalmeria\/","https:\/\/x.com\/cdeualmeria","https:\/\/www.tiktok.com\/@cdealmeria","https:\/\/www.instagram.com\/cdealmeria\/","https:\/\/www.linkedin.com\/in\/cde-almera-812b26a9\/"]},{"@type":"Person","@id":"https:\/\/www.cde.ual.es\/#\/schema\/person\/ee46ebc19edfa19598c02cff83335acc","name":"BECA 2 CDE","image":{"@type":"ImageObject","inLanguage":"en-US","@id":"https:\/\/secure.gravatar.com\/avatar\/35a481bbc04bbd90e91bdfa3b0b5541036c222a49b9ad37b6889a2afcb5311a5?s=96&d=mm&r=g","url":"https:\/\/secure.gravatar.com\/avatar\/35a481bbc04bbd90e91bdfa3b0b5541036c222a49b9ad37b6889a2afcb5311a5?s=96&d=mm&r=g","contentUrl":"https:\/\/secure.gravatar.com\/avatar\/35a481bbc04bbd90e91bdfa3b0b5541036c222a49b9ad37b6889a2afcb5311a5?s=96&d=mm&r=g","caption":"BECA 2 CDE"},"sameAs":["http:\/\/www.cdealmeria.com"]}]}},"_links":{"self":[{"href":"https:\/\/www.cde.ual.es\/en\/wp-json\/wp\/v2\/posts\/61048","targetHints":{"allow":["GET"]}}],"collection":[{"href":"https:\/\/www.cde.ual.es\/en\/wp-json\/wp\/v2\/posts"}],"about":[{"href":"https:\/\/www.cde.ual.es\/en\/wp-json\/wp\/v2\/types\/post"}],"author":[{"embeddable":true,"href":"https:\/\/www.cde.ual.es\/en\/wp-json\/wp\/v2\/users\/101011"}],"replies":[{"embeddable":true,"href":"https:\/\/www.cde.ual.es\/en\/wp-json\/wp\/v2\/comments?post=61048"}],"version-history":[{"count":0,"href":"https:\/\/www.cde.ual.es\/en\/wp-json\/wp\/v2\/posts\/61048\/revisions"}],"wp:featuredmedia":[{"embeddable":true,"href":"https:\/\/www.cde.ual.es\/en\/wp-json\/wp\/v2\/media\/61049"}],"wp:attachment":[{"href":"https:\/\/www.cde.ual.es\/en\/wp-json\/wp\/v2\/media?parent=61048"}],"wp:term":[{"taxonomy":"category","embeddable":true,"href":"https:\/\/www.cde.ual.es\/en\/wp-json\/wp\/v2\/categories?post=61048"},{"taxonomy":"post_tag","embeddable":true,"href":"https:\/\/www.cde.ual.es\/en\/wp-json\/wp\/v2\/tags?post=61048"}],"curies":[{"name":"wp","href":"https:\/\/api.w.org\/{rel}","templated":true}]}}