{"id":60314,"date":"2021-01-20T03:00:17","date_gmt":"2021-01-20T02:00:17","guid":{"rendered":"https:\/\/www.cde.ual.es\/?p=60314"},"modified":"2021-09-18T18:42:00","modified_gmt":"2021-09-18T16:42:00","slug":"irregular-migration-into-eu-last-year-lowest-since-2013-due-to-covid-19","status":"publish","type":"post","link":"https:\/\/www.cde.ual.es\/en\/irregular-migration-into-eu-last-year-lowest-since-2013-due-to-covid-19\/","title":{"rendered":"Irregular migration into EU last year lowest since 2013 due to COVID-19"},"content":{"rendered":"<p><strong>The number of detections of illegal border crossings along the EU\u2019s external borders fell 13% last year to around 124 000, in large part due to the impact of COVID-19 restrictions put in place by various countries, according to preliminary figures collected by Frontex. This was the lowest number of illegal border crossings since 2013.<\/strong><\/p>\n<p><a href=\"https:\/\/www.cde.ual.es\/wp-content\/uploads\/2021\/01\/IBC_january_map.prop_750x.24e6195999.png\"><img decoding=\"async\" class=\"aligncenter wp-image-60315\" src=\"https:\/\/www.cde.ual.es\/wp-content\/uploads\/2021\/01\/IBC_january_map.prop_750x.24e6195999-300x211.png\" alt=\"Irregular migration into EU last year lowest since 2013 due to COVID-19\" width=\"400\" height=\"281\" srcset=\"https:\/\/www.cde.ual.es\/wp-content\/uploads\/2021\/01\/IBC_january_map.prop_750x.24e6195999-300x211.png 300w, https:\/\/www.cde.ual.es\/wp-content\/uploads\/2021\/01\/IBC_january_map.prop_750x.24e6195999.png 750w\" sizes=\"(max-width: 400px) 100vw, 400px\" \/><\/a><\/p>\n<p>Syrians remained the most frequently reported nationality in 2020, followed by Moroccans, Tunisians and Algerians.<\/p>\n<p>Despite a rise early in the year, the Eastern Mediterranean migratory route ultimately saw the biggest fall in the number of arrivals, which fell by over three-quarters to around 20\u00a0000. The number of illegal border crossings in the Western Mediterranean region decreased by 29% to around 17 000.<\/p>\n<p>Meanwhile, the Canary Islands experienced a record number of arrivals of migrants on its shores in 2020, mainly because of a significant increase in the last four months of the year. In total, more than 22 600 illegal border crossings were detected on the Western African migratory route, eight times the tally from the previous year. This was the highest number since Frontex began to collect data in 2009.\u00a0 Smugglers often used large fishing vessels capable of carrying a larger number of people that departed from West African countries such as Mauritania, Senegal and the Gambia.<\/p>\n<p>More migrants also took the Central Mediterranean route. Despite the stark increase in departures from Tunisia, slightly more irregular migrants detected on this route had departed from Libya. In total, the number of irregular arrivals in the Central Mediterranean almost tripled to over 35 600, making it the most active migratory route into Europe.<\/p>\n<h3>More information<\/h3>\n<p><a href=\"https:\/\/frontex.europa.eu\/media-centre\/news-release\/irregular-migration-into-eu-last-year-lowest-since-2013-due-to-covid-19-j34zp2\" target=\"_blank\" rel=\"noopener\">Frontex<\/a><\/p>\n","protected":false},"excerpt":{"rendered":"<p>The number of detections of illegal border crossings along the EU\u2019s external borders fell 13% last year to around 124 000, in large part due to the impact of COVID-19 restrictions put in place by various countries, according to preliminary figures collected by Frontex. This was the lowest number of illegal border crossings since 2013. [&hellip;]<\/p>\n","protected":false},"author":101012,"featured_media":60315,"comment_status":"open","ping_status":"open","sticky":false,"template":"","format":"standard","meta":{"_acf_changed":false,"_relevanssi_hide_post":"","_relevanssi_hide_content":"","_relevanssi_pin_for_all":"","_relevanssi_pin_keywords":"","_relevanssi_unpin_keywords":"","_relevanssi_related_keywords":"","_relevanssi_related_include_ids":"","_relevanssi_related_exclude_ids":"","_relevanssi_related_no_append":"","_relevanssi_related_not_related":"","_relevanssi_related_posts":"","_relevanssi_noindex_reason":"","_monsterinsights_skip_tracking":false,"_monsterinsights_sitenote_active":false,"_monsterinsights_sitenote_note":"","_monsterinsights_sitenote_category":0,"_genesis_hide_title":false,"_genesis_hide_breadcrumbs":false,"_genesis_hide_singular_image":false,"_genesis_hide_footer_widgets":false,"_genesis_custom_body_class":"","_genesis_custom_post_class":"","_genesis_layout":"","footnotes":""},"categories":[346,4068],"tags":[2448,779,416],"class_list":{"0":"post-60314","1":"post","2":"type-post","3":"status-publish","4":"format-standard","5":"has-post-thumbnail","7":"category-eu-news","8":"category-migr-dem","9":"tag-covid","10":"tag-eu-en","11":"tag-migration","12":"entry"},"acf":[],"yoast_head":"<!-- This site is optimized with the Yoast SEO plugin v27.5 - https:\/\/yoast.com\/product\/yoast-seo-wordpress\/ -->\n<title>Irregular migration into EU last year lowest since 2013 due to COVID-19 | CDE Almer\u00eda - Centro de Documentaci\u00f3n Europea - Universidad de Almer\u00eda<\/title>\n<meta name=\"robots\" content=\"index, follow, max-snippet:-1, max-image-preview:large, max-video-preview:-1\" \/>\n<link rel=\"canonical\" href=\"https:\/\/www.cde.ual.es\/en\/irregular-migration-into-eu-last-year-lowest-since-2013-due-to-covid-19\/\" \/>\n<meta property=\"og:locale\" content=\"en_US\" \/>\n<meta property=\"og:type\" content=\"article\" \/>\n<meta property=\"og:title\" content=\"Irregular migration into EU last year lowest since 2013 due to COVID-19 | CDE Almer\u00eda - Centro de Documentaci\u00f3n Europea - Universidad de Almer\u00eda\" \/>\n<meta property=\"og:description\" content=\"The number of detections of illegal border crossings along the EU\u2019s external borders fell 13% last year to around 124 000, in large part due to the impact of COVID-19 restrictions put in place by various countries, according to preliminary figures collected by Frontex. This was the lowest number of illegal border crossings since 2013. [&hellip;]\" \/>\n<meta property=\"og:url\" content=\"https:\/\/www.cde.ual.es\/en\/irregular-migration-into-eu-last-year-lowest-since-2013-due-to-covid-19\/\" \/>\n<meta property=\"og:site_name\" content=\"CDE Almer\u00eda - Centro de Documentaci\u00f3n Europea - Universidad de Almer\u00eda\" \/>\n<meta property=\"article:publisher\" content=\"https:\/\/www.facebook.com\/cdeuniversidadalmeria\/\" \/>\n<meta property=\"article:published_time\" content=\"2021-01-20T02:00:17+00:00\" \/>\n<meta property=\"article:modified_time\" content=\"2021-09-18T16:42:00+00:00\" \/>\n<meta property=\"og:image\" content=\"https:\/\/www.cde.ual.es\/wp-content\/uploads\/2021\/01\/IBC_january_map.prop_750x.24e6195999.png\" \/>\n\t<meta property=\"og:image:width\" content=\"750\" \/>\n\t<meta property=\"og:image:height\" content=\"528\" \/>\n\t<meta property=\"og:image:type\" content=\"image\/png\" \/>\n<meta name=\"author\" content=\"BECACDE1\" \/>\n<meta name=\"twitter:card\" content=\"summary_large_image\" \/>\n<meta name=\"twitter:creator\" content=\"@cdeualmeria\" \/>\n<meta name=\"twitter:site\" content=\"@cdeualmeria\" \/>\n<meta name=\"twitter:label1\" content=\"Written by\" \/>\n\t<meta name=\"twitter:data1\" content=\"BECACDE1\" \/>\n\t<meta name=\"twitter:label2\" content=\"Est. reading time\" \/>\n\t<meta name=\"twitter:data2\" content=\"1 minute\" \/>\n<script type=\"application\/ld+json\" class=\"yoast-schema-graph\">{\"@context\":\"https:\\\/\\\/schema.org\",\"@graph\":[{\"@type\":\"Article\",\"@id\":\"https:\\\/\\\/www.cde.ual.es\\\/en\\\/irregular-migration-into-eu-last-year-lowest-since-2013-due-to-covid-19\\\/#article\",\"isPartOf\":{\"@id\":\"https:\\\/\\\/www.cde.ual.es\\\/en\\\/irregular-migration-into-eu-last-year-lowest-since-2013-due-to-covid-19\\\/\"},\"author\":{\"name\":\"BECACDE1\",\"@id\":\"https:\\\/\\\/www.cde.ual.es\\\/#\\\/schema\\\/person\\\/bf2f837cf3353e2161fe1087adbd728f\"},\"headline\":\"Irregular migration into EU last year lowest since 2013 due to COVID-19\",\"datePublished\":\"2021-01-20T02:00:17+00:00\",\"dateModified\":\"2021-09-18T16:42:00+00:00\",\"mainEntityOfPage\":{\"@id\":\"https:\\\/\\\/www.cde.ual.es\\\/en\\\/irregular-migration-into-eu-last-year-lowest-since-2013-due-to-covid-19\\\/\"},\"wordCount\":268,\"commentCount\":0,\"publisher\":{\"@id\":\"https:\\\/\\\/www.cde.ual.es\\\/#organization\"},\"image\":{\"@id\":\"https:\\\/\\\/www.cde.ual.es\\\/en\\\/irregular-migration-into-eu-last-year-lowest-since-2013-due-to-covid-19\\\/#primaryimage\"},\"thumbnailUrl\":\"https:\\\/\\\/www.cde.ual.es\\\/wp-content\\\/uploads\\\/2021\\\/01\\\/IBC_january_map.prop_750x.24e6195999.png\",\"keywords\":[\"Covid\",\"EU\",\"Migration\"],\"articleSection\":[\"EU News\",\"Migration and Demography\"],\"inLanguage\":\"en-US\",\"potentialAction\":[{\"@type\":\"CommentAction\",\"name\":\"Comment\",\"target\":[\"https:\\\/\\\/www.cde.ual.es\\\/en\\\/irregular-migration-into-eu-last-year-lowest-since-2013-due-to-covid-19\\\/#respond\"]}]},{\"@type\":\"WebPage\",\"@id\":\"https:\\\/\\\/www.cde.ual.es\\\/en\\\/irregular-migration-into-eu-last-year-lowest-since-2013-due-to-covid-19\\\/\",\"url\":\"https:\\\/\\\/www.cde.ual.es\\\/en\\\/irregular-migration-into-eu-last-year-lowest-since-2013-due-to-covid-19\\\/\",\"name\":\"Irregular migration into EU last year lowest since 2013 due to COVID-19 | CDE Almer\u00eda - Centro de Documentaci\u00f3n Europea - Universidad de Almer\u00eda\",\"isPartOf\":{\"@id\":\"https:\\\/\\\/www.cde.ual.es\\\/#website\"},\"primaryImageOfPage\":{\"@id\":\"https:\\\/\\\/www.cde.ual.es\\\/en\\\/irregular-migration-into-eu-last-year-lowest-since-2013-due-to-covid-19\\\/#primaryimage\"},\"image\":{\"@id\":\"https:\\\/\\\/www.cde.ual.es\\\/en\\\/irregular-migration-into-eu-last-year-lowest-since-2013-due-to-covid-19\\\/#primaryimage\"},\"thumbnailUrl\":\"https:\\\/\\\/www.cde.ual.es\\\/wp-content\\\/uploads\\\/2021\\\/01\\\/IBC_january_map.prop_750x.24e6195999.png\",\"datePublished\":\"2021-01-20T02:00:17+00:00\",\"dateModified\":\"2021-09-18T16:42:00+00:00\",\"breadcrumb\":{\"@id\":\"https:\\\/\\\/www.cde.ual.es\\\/en\\\/irregular-migration-into-eu-last-year-lowest-since-2013-due-to-covid-19\\\/#breadcrumb\"},\"inLanguage\":\"en-US\",\"potentialAction\":[{\"@type\":\"ReadAction\",\"target\":[\"https:\\\/\\\/www.cde.ual.es\\\/en\\\/irregular-migration-into-eu-last-year-lowest-since-2013-due-to-covid-19\\\/\"]}]},{\"@type\":\"ImageObject\",\"inLanguage\":\"en-US\",\"@id\":\"https:\\\/\\\/www.cde.ual.es\\\/en\\\/irregular-migration-into-eu-last-year-lowest-since-2013-due-to-covid-19\\\/#primaryimage\",\"url\":\"https:\\\/\\\/www.cde.ual.es\\\/wp-content\\\/uploads\\\/2021\\\/01\\\/IBC_january_map.prop_750x.24e6195999.png\",\"contentUrl\":\"https:\\\/\\\/www.cde.ual.es\\\/wp-content\\\/uploads\\\/2021\\\/01\\\/IBC_january_map.prop_750x.24e6195999.png\",\"width\":750,\"height\":528},{\"@type\":\"BreadcrumbList\",\"@id\":\"https:\\\/\\\/www.cde.ual.es\\\/en\\\/irregular-migration-into-eu-last-year-lowest-since-2013-due-to-covid-19\\\/#breadcrumb\",\"itemListElement\":[{\"@type\":\"ListItem\",\"position\":1,\"name\":\"Inicio\",\"item\":\"https:\\\/\\\/www.cde.ual.es\\\/en\\\/\"},{\"@type\":\"ListItem\",\"position\":2,\"name\":\"EU News\",\"item\":\"https:\\\/\\\/www.cde.ual.es\\\/en\\\/category\\\/eu-news\\\/\"},{\"@type\":\"ListItem\",\"position\":3,\"name\":\"Social Affairs\",\"item\":\"https:\\\/\\\/www.cde.ual.es\\\/en\\\/category\\\/eu-news\\\/social-affairs\\\/\"},{\"@type\":\"ListItem\",\"position\":4,\"name\":\"Migration and Demography\",\"item\":\"https:\\\/\\\/www.cde.ual.es\\\/en\\\/category\\\/eu-news\\\/social-affairs\\\/migr-dem\\\/\"},{\"@type\":\"ListItem\",\"position\":5,\"name\":\"Irregular migration into EU last year lowest since 2013 due to COVID-19\"}]},{\"@type\":\"WebSite\",\"@id\":\"https:\\\/\\\/www.cde.ual.es\\\/#website\",\"url\":\"https:\\\/\\\/www.cde.ual.es\\\/\",\"name\":\"CDE Almer\u00eda - Centro de Documentaci\u00f3n Europea - Universidad de Almer\u00eda\",\"description\":\"Centro de Documentaci\u00f3n Europea de la Universidad de Almer\u00eda\",\"publisher\":{\"@id\":\"https:\\\/\\\/www.cde.ual.es\\\/#organization\"},\"alternateName\":\"CDE Almer\u00eda\",\"potentialAction\":[{\"@type\":\"SearchAction\",\"target\":{\"@type\":\"EntryPoint\",\"urlTemplate\":\"https:\\\/\\\/www.cde.ual.es\\\/?s={search_term_string}\"},\"query-input\":{\"@type\":\"PropertyValueSpecification\",\"valueRequired\":true,\"valueName\":\"search_term_string\"}}],\"inLanguage\":\"en-US\"},{\"@type\":\"Organization\",\"@id\":\"https:\\\/\\\/www.cde.ual.es\\\/#organization\",\"name\":\"Centro de Documentaci\u00f3n Europea de Almer\u00eda\",\"url\":\"https:\\\/\\\/www.cde.ual.es\\\/\",\"logo\":{\"@type\":\"ImageObject\",\"inLanguage\":\"en-US\",\"@id\":\"https:\\\/\\\/www.cde.ual.es\\\/#\\\/schema\\\/logo\\\/image\\\/\",\"url\":\"https:\\\/\\\/www.cde.ual.es\\\/wp-content\\\/uploads\\\/2025\\\/07\\\/cde-logo-3.png\",\"contentUrl\":\"https:\\\/\\\/www.cde.ual.es\\\/wp-content\\\/uploads\\\/2025\\\/07\\\/cde-logo-3.png\",\"width\":1400,\"height\":300,\"caption\":\"Centro de Documentaci\u00f3n Europea de Almer\u00eda\"},\"image\":{\"@id\":\"https:\\\/\\\/www.cde.ual.es\\\/#\\\/schema\\\/logo\\\/image\\\/\"},\"sameAs\":[\"https:\\\/\\\/www.facebook.com\\\/cdeuniversidadalmeria\\\/\",\"https:\\\/\\\/x.com\\\/cdeualmeria\",\"https:\\\/\\\/www.tiktok.com\\\/@cdealmeria\",\"https:\\\/\\\/www.instagram.com\\\/cdealmeria\\\/\",\"https:\\\/\\\/www.linkedin.com\\\/in\\\/cde-almera-812b26a9\\\/\"]},{\"@type\":\"Person\",\"@id\":\"https:\\\/\\\/www.cde.ual.es\\\/#\\\/schema\\\/person\\\/bf2f837cf3353e2161fe1087adbd728f\",\"name\":\"BECACDE1\",\"image\":{\"@type\":\"ImageObject\",\"inLanguage\":\"en-US\",\"@id\":\"https:\\\/\\\/secure.gravatar.com\\\/avatar\\\/16a4c1e422b5dec818ee13eab3353b19db9cfd278cc10f9b0e1188a37671d9d4?s=96&d=mm&r=g\",\"url\":\"https:\\\/\\\/secure.gravatar.com\\\/avatar\\\/16a4c1e422b5dec818ee13eab3353b19db9cfd278cc10f9b0e1188a37671d9d4?s=96&d=mm&r=g\",\"contentUrl\":\"https:\\\/\\\/secure.gravatar.com\\\/avatar\\\/16a4c1e422b5dec818ee13eab3353b19db9cfd278cc10f9b0e1188a37671d9d4?s=96&d=mm&r=g\",\"caption\":\"BECACDE1\"},\"sameAs\":[\"http:\\\/\\\/www.cdealmeria.com\"]}]}<\/script>\n<!-- \/ Yoast SEO plugin. -->","yoast_head_json":{"title":"Irregular migration into EU last year lowest since 2013 due to COVID-19 | CDE Almer\u00eda - Centro de Documentaci\u00f3n Europea - Universidad de Almer\u00eda","robots":{"index":"index","follow":"follow","max-snippet":"max-snippet:-1","max-image-preview":"max-image-preview:large","max-video-preview":"max-video-preview:-1"},"canonical":"https:\/\/www.cde.ual.es\/en\/irregular-migration-into-eu-last-year-lowest-since-2013-due-to-covid-19\/","og_locale":"en_US","og_type":"article","og_title":"Irregular migration into EU last year lowest since 2013 due to COVID-19 | CDE Almer\u00eda - Centro de Documentaci\u00f3n Europea - Universidad de Almer\u00eda","og_description":"The number of detections of illegal border crossings along the EU\u2019s external borders fell 13% last year to around 124 000, in large part due to the impact of COVID-19 restrictions put in place by various countries, according to preliminary figures collected by Frontex. This was the lowest number of illegal border crossings since 2013. [&hellip;]","og_url":"https:\/\/www.cde.ual.es\/en\/irregular-migration-into-eu-last-year-lowest-since-2013-due-to-covid-19\/","og_site_name":"CDE Almer\u00eda - Centro de Documentaci\u00f3n Europea - Universidad de Almer\u00eda","article_publisher":"https:\/\/www.facebook.com\/cdeuniversidadalmeria\/","article_published_time":"2021-01-20T02:00:17+00:00","article_modified_time":"2021-09-18T16:42:00+00:00","og_image":[{"width":750,"height":528,"url":"https:\/\/www.cde.ual.es\/wp-content\/uploads\/2021\/01\/IBC_january_map.prop_750x.24e6195999.png","type":"image\/png"}],"author":"BECACDE1","twitter_card":"summary_large_image","twitter_creator":"@cdeualmeria","twitter_site":"@cdeualmeria","twitter_misc":{"Written by":"BECACDE1","Est. reading time":"1 minute"},"schema":{"@context":"https:\/\/schema.org","@graph":[{"@type":"Article","@id":"https:\/\/www.cde.ual.es\/en\/irregular-migration-into-eu-last-year-lowest-since-2013-due-to-covid-19\/#article","isPartOf":{"@id":"https:\/\/www.cde.ual.es\/en\/irregular-migration-into-eu-last-year-lowest-since-2013-due-to-covid-19\/"},"author":{"name":"BECACDE1","@id":"https:\/\/www.cde.ual.es\/#\/schema\/person\/bf2f837cf3353e2161fe1087adbd728f"},"headline":"Irregular migration into EU last year lowest since 2013 due to COVID-19","datePublished":"2021-01-20T02:00:17+00:00","dateModified":"2021-09-18T16:42:00+00:00","mainEntityOfPage":{"@id":"https:\/\/www.cde.ual.es\/en\/irregular-migration-into-eu-last-year-lowest-since-2013-due-to-covid-19\/"},"wordCount":268,"commentCount":0,"publisher":{"@id":"https:\/\/www.cde.ual.es\/#organization"},"image":{"@id":"https:\/\/www.cde.ual.es\/en\/irregular-migration-into-eu-last-year-lowest-since-2013-due-to-covid-19\/#primaryimage"},"thumbnailUrl":"https:\/\/www.cde.ual.es\/wp-content\/uploads\/2021\/01\/IBC_january_map.prop_750x.24e6195999.png","keywords":["Covid","EU","Migration"],"articleSection":["EU News","Migration and Demography"],"inLanguage":"en-US","potentialAction":[{"@type":"CommentAction","name":"Comment","target":["https:\/\/www.cde.ual.es\/en\/irregular-migration-into-eu-last-year-lowest-since-2013-due-to-covid-19\/#respond"]}]},{"@type":"WebPage","@id":"https:\/\/www.cde.ual.es\/en\/irregular-migration-into-eu-last-year-lowest-since-2013-due-to-covid-19\/","url":"https:\/\/www.cde.ual.es\/en\/irregular-migration-into-eu-last-year-lowest-since-2013-due-to-covid-19\/","name":"Irregular migration into EU last year lowest since 2013 due to COVID-19 | CDE Almer\u00eda - Centro de Documentaci\u00f3n Europea - Universidad de Almer\u00eda","isPartOf":{"@id":"https:\/\/www.cde.ual.es\/#website"},"primaryImageOfPage":{"@id":"https:\/\/www.cde.ual.es\/en\/irregular-migration-into-eu-last-year-lowest-since-2013-due-to-covid-19\/#primaryimage"},"image":{"@id":"https:\/\/www.cde.ual.es\/en\/irregular-migration-into-eu-last-year-lowest-since-2013-due-to-covid-19\/#primaryimage"},"thumbnailUrl":"https:\/\/www.cde.ual.es\/wp-content\/uploads\/2021\/01\/IBC_january_map.prop_750x.24e6195999.png","datePublished":"2021-01-20T02:00:17+00:00","dateModified":"2021-09-18T16:42:00+00:00","breadcrumb":{"@id":"https:\/\/www.cde.ual.es\/en\/irregular-migration-into-eu-last-year-lowest-since-2013-due-to-covid-19\/#breadcrumb"},"inLanguage":"en-US","potentialAction":[{"@type":"ReadAction","target":["https:\/\/www.cde.ual.es\/en\/irregular-migration-into-eu-last-year-lowest-since-2013-due-to-covid-19\/"]}]},{"@type":"ImageObject","inLanguage":"en-US","@id":"https:\/\/www.cde.ual.es\/en\/irregular-migration-into-eu-last-year-lowest-since-2013-due-to-covid-19\/#primaryimage","url":"https:\/\/www.cde.ual.es\/wp-content\/uploads\/2021\/01\/IBC_january_map.prop_750x.24e6195999.png","contentUrl":"https:\/\/www.cde.ual.es\/wp-content\/uploads\/2021\/01\/IBC_january_map.prop_750x.24e6195999.png","width":750,"height":528},{"@type":"BreadcrumbList","@id":"https:\/\/www.cde.ual.es\/en\/irregular-migration-into-eu-last-year-lowest-since-2013-due-to-covid-19\/#breadcrumb","itemListElement":[{"@type":"ListItem","position":1,"name":"Inicio","item":"https:\/\/www.cde.ual.es\/en\/"},{"@type":"ListItem","position":2,"name":"EU News","item":"https:\/\/www.cde.ual.es\/en\/category\/eu-news\/"},{"@type":"ListItem","position":3,"name":"Social Affairs","item":"https:\/\/www.cde.ual.es\/en\/category\/eu-news\/social-affairs\/"},{"@type":"ListItem","position":4,"name":"Migration and Demography","item":"https:\/\/www.cde.ual.es\/en\/category\/eu-news\/social-affairs\/migr-dem\/"},{"@type":"ListItem","position":5,"name":"Irregular migration into EU last year lowest since 2013 due to COVID-19"}]},{"@type":"WebSite","@id":"https:\/\/www.cde.ual.es\/#website","url":"https:\/\/www.cde.ual.es\/","name":"CDE Almer\u00eda - Centro de Documentaci\u00f3n Europea - Universidad de Almer\u00eda","description":"Centro de Documentaci\u00f3n Europea de la Universidad de Almer\u00eda","publisher":{"@id":"https:\/\/www.cde.ual.es\/#organization"},"alternateName":"CDE Almer\u00eda","potentialAction":[{"@type":"SearchAction","target":{"@type":"EntryPoint","urlTemplate":"https:\/\/www.cde.ual.es\/?s={search_term_string}"},"query-input":{"@type":"PropertyValueSpecification","valueRequired":true,"valueName":"search_term_string"}}],"inLanguage":"en-US"},{"@type":"Organization","@id":"https:\/\/www.cde.ual.es\/#organization","name":"Centro de Documentaci\u00f3n Europea de Almer\u00eda","url":"https:\/\/www.cde.ual.es\/","logo":{"@type":"ImageObject","inLanguage":"en-US","@id":"https:\/\/www.cde.ual.es\/#\/schema\/logo\/image\/","url":"https:\/\/www.cde.ual.es\/wp-content\/uploads\/2025\/07\/cde-logo-3.png","contentUrl":"https:\/\/www.cde.ual.es\/wp-content\/uploads\/2025\/07\/cde-logo-3.png","width":1400,"height":300,"caption":"Centro de Documentaci\u00f3n Europea de Almer\u00eda"},"image":{"@id":"https:\/\/www.cde.ual.es\/#\/schema\/logo\/image\/"},"sameAs":["https:\/\/www.facebook.com\/cdeuniversidadalmeria\/","https:\/\/x.com\/cdeualmeria","https:\/\/www.tiktok.com\/@cdealmeria","https:\/\/www.instagram.com\/cdealmeria\/","https:\/\/www.linkedin.com\/in\/cde-almera-812b26a9\/"]},{"@type":"Person","@id":"https:\/\/www.cde.ual.es\/#\/schema\/person\/bf2f837cf3353e2161fe1087adbd728f","name":"BECACDE1","image":{"@type":"ImageObject","inLanguage":"en-US","@id":"https:\/\/secure.gravatar.com\/avatar\/16a4c1e422b5dec818ee13eab3353b19db9cfd278cc10f9b0e1188a37671d9d4?s=96&d=mm&r=g","url":"https:\/\/secure.gravatar.com\/avatar\/16a4c1e422b5dec818ee13eab3353b19db9cfd278cc10f9b0e1188a37671d9d4?s=96&d=mm&r=g","contentUrl":"https:\/\/secure.gravatar.com\/avatar\/16a4c1e422b5dec818ee13eab3353b19db9cfd278cc10f9b0e1188a37671d9d4?s=96&d=mm&r=g","caption":"BECACDE1"},"sameAs":["http:\/\/www.cdealmeria.com"]}]}},"_links":{"self":[{"href":"https:\/\/www.cde.ual.es\/en\/wp-json\/wp\/v2\/posts\/60314","targetHints":{"allow":["GET"]}}],"collection":[{"href":"https:\/\/www.cde.ual.es\/en\/wp-json\/wp\/v2\/posts"}],"about":[{"href":"https:\/\/www.cde.ual.es\/en\/wp-json\/wp\/v2\/types\/post"}],"author":[{"embeddable":true,"href":"https:\/\/www.cde.ual.es\/en\/wp-json\/wp\/v2\/users\/101012"}],"replies":[{"embeddable":true,"href":"https:\/\/www.cde.ual.es\/en\/wp-json\/wp\/v2\/comments?post=60314"}],"version-history":[{"count":0,"href":"https:\/\/www.cde.ual.es\/en\/wp-json\/wp\/v2\/posts\/60314\/revisions"}],"wp:featuredmedia":[{"embeddable":true,"href":"https:\/\/www.cde.ual.es\/en\/wp-json\/wp\/v2\/media\/60315"}],"wp:attachment":[{"href":"https:\/\/www.cde.ual.es\/en\/wp-json\/wp\/v2\/media?parent=60314"}],"wp:term":[{"taxonomy":"category","embeddable":true,"href":"https:\/\/www.cde.ual.es\/en\/wp-json\/wp\/v2\/categories?post=60314"},{"taxonomy":"post_tag","embeddable":true,"href":"https:\/\/www.cde.ual.es\/en\/wp-json\/wp\/v2\/tags?post=60314"}],"curies":[{"name":"wp","href":"https:\/\/api.w.org\/{rel}","templated":true}]}}