{"id":60275,"date":"2020-12-18T03:00:06","date_gmt":"2020-12-18T02:00:06","guid":{"rendered":"https:\/\/www.cde.ual.es\/?p=60275"},"modified":"2021-11-17T08:44:17","modified_gmt":"2021-11-17T07:44:17","slug":"brexit-withdrawal-agreement-to-be-fully-operational-on-1-january-2021","status":"publish","type":"post","link":"https:\/\/www.cde.ual.es\/en\/brexit-withdrawal-agreement-to-be-fully-operational-on-1-january-2021\/","title":{"rendered":"Brexit: Withdrawal Agreement to be fully operational on 1 January 2021"},"content":{"rendered":"<p><strong>The EU-UK Joint Committee met virtually today to endorse all formal decisions and other practical solutions related to the implementation of the Withdrawal Agreement, as of 1 January 2021.\u00a0<\/strong><\/p>\n<p><a href=\"https:\/\/www.cde.ual.es\/wp-content\/uploads\/2017\/12\/illustration-1835916_1920.jpg\"><img decoding=\"async\" class=\"aligncenter  wp-image-18098\" src=\"https:\/\/www.cde.ual.es\/wp-content\/uploads\/2017\/12\/illustration-1835916_1920.jpg\" alt=\"\" width=\"514\" height=\"343\" srcset=\"https:\/\/www.cde.ual.es\/wp-content\/uploads\/2017\/12\/illustration-1835916_1920.jpg 1920w, https:\/\/www.cde.ual.es\/wp-content\/uploads\/2017\/12\/illustration-1835916_1920-300x200.jpg 300w, https:\/\/www.cde.ual.es\/wp-content\/uploads\/2017\/12\/illustration-1835916_1920-768x512.jpg 768w, https:\/\/www.cde.ual.es\/wp-content\/uploads\/2017\/12\/illustration-1835916_1920-1024x683.jpg 1024w\" sizes=\"(max-width: 514px) 100vw, 514px\" \/><\/a><\/p>\n<p>It follows an agreement in principle reached by the Joint Committee co-chairs \u2013 European Commission Vice-President Maro\u0161\u00a0<strong>\u0160ef\u010dovi\u010d<\/strong>\u00a0and the UK Chancellor of the Duchy of Lancaster, Michael Gove \u2013 on\u00a0<a href=\"https:\/\/ec.europa.eu\/commission\/presscorner\/detail\/en\/statement_20_2346\">Tuesday, 8 December 2020<\/a>.<\/p>\n<p>The Withdrawal Agreement, and the Protocol on Ireland and Northern Ireland in particular, will now be implemented on 1 January 2021. This means delivering on our overarching objective to protect the Good Friday (Belfast) Agreement and avoid a hard border on the island of Ireland, thereby maintaining peace, stability and prosperity, as well as preserving the integrity of the EU&#8217;s Single Market.<\/p>\n<p>The Joint Committee adopted five decisions today, namely:<\/p>\n<ul>\n<li>Four decisions on the Protocol on Ireland and Northern Ireland (a decision on the practical arrangements for Union presence in Northern Ireland, a decision on goods \u201cnot at risk\u201d of entering the EU&#8217;s Single Market, a decision on the exemption of agricultural and fish subsidies from State aid rules, and a decision to correct some errors and omissions in Annex 2 of the Protocol);<\/li>\n<li>One decision on the extension of social security coordination to EEA countries and Switzerland (as of 1 January 2021).<\/li>\n<\/ul>\n<h3><strong>Protocol on Ireland \/ Northern Ireland<\/strong><\/h3>\n<p>In addition to the decisions taken today by the Joint Committee, the EU and the UK have made a series of unilateral declarations to ensure an orderly, consensual approach to the implementation of the Protocol on Ireland and Northern Ireland, as its substantive provisions start to apply from 1 January 2021.<\/p>\n<p>This covers a number of areas, including Border Control Posts specifically for checks on animals, plants and derived products, export declarations, the supply of medicines, the supply of chilled meats, and other food products to supermarkets, and a clarification on the application of State aid rules under the terms of the Protocol.<\/p>\n<h3><strong>Arbitration Panel<\/strong><\/h3>\n<p>Today&#8217;s Joint Committee took note of the list of persons who will serve as members of an arbitration panel established under the Withdrawal Agreement, and confirmed its imminent adoption. The EU and the UK will each have 10 ordinary members of the arbitration panel and 5 jointly selected persons will serve as chairpersons of arbitration panels.<\/p>\n<p>The list is composed of persons whose independence is beyond doubt, who possess the qualifications required for the appointment of the highest judicial office in their respective countries or who are legal professionals of recognised competence, with specialised knowledge of Union law and public international law.<\/p>\n<h3>More information<\/h3>\n<p><a href=\"https:\/\/ec.europa.eu\/commission\/presscorner\/detail\/en\/ip_20_2478\" target=\"_blank\" rel=\"noopener\">Press release. European Commission<\/a><\/p>\n","protected":false},"excerpt":{"rendered":"<p>The EU-UK Joint Committee met virtually today to endorse all formal decisions and other practical solutions related to the implementation of the Withdrawal Agreement, as of 1 January 2021.\u00a0 It follows an agreement in principle reached by the Joint Committee co-chairs \u2013 European Commission Vice-President Maro\u0161\u00a0\u0160ef\u010dovi\u010d\u00a0and the UK Chancellor of the Duchy of Lancaster, Michael [&hellip;]<\/p>\n","protected":false},"author":101011,"featured_media":18099,"comment_status":"open","ping_status":"open","sticky":false,"template":"","format":"standard","meta":{"_acf_changed":false,"_relevanssi_hide_post":"","_relevanssi_hide_content":"","_relevanssi_pin_for_all":"","_relevanssi_pin_keywords":"","_relevanssi_unpin_keywords":"","_relevanssi_related_keywords":"","_relevanssi_related_include_ids":"","_relevanssi_related_exclude_ids":"","_relevanssi_related_no_append":"","_relevanssi_related_not_related":"","_relevanssi_related_posts":"","_relevanssi_noindex_reason":"","_monsterinsights_skip_tracking":false,"_monsterinsights_sitenote_active":false,"_monsterinsights_sitenote_note":"","_monsterinsights_sitenote_category":0,"_genesis_hide_title":false,"_genesis_hide_breadcrumbs":false,"_genesis_hide_singular_image":false,"_genesis_hide_footer_widgets":false,"_genesis_custom_body_class":"","_genesis_custom_post_class":"","_genesis_layout":"","footnotes":""},"categories":[346,4064,4066],"tags":[369],"class_list":{"0":"post-60275","1":"post","2":"type-post","3":"status-publish","4":"format-standard","5":"has-post-thumbnail","7":"category-eu-news","8":"category-institutional","9":"category-state-members","10":"tag-brexit-en","11":"entry"},"acf":[],"yoast_head":"<!-- This site is optimized with the Yoast SEO plugin v27.5 - https:\/\/yoast.com\/product\/yoast-seo-wordpress\/ -->\n<title>Brexit: Withdrawal Agreement to be fully operational on 1 January 2021 | CDE Almer\u00eda - Centro de Documentaci\u00f3n Europea - Universidad de Almer\u00eda<\/title>\n<meta name=\"robots\" content=\"index, follow, max-snippet:-1, max-image-preview:large, max-video-preview:-1\" \/>\n<link rel=\"canonical\" href=\"https:\/\/www.cde.ual.es\/en\/brexit-withdrawal-agreement-to-be-fully-operational-on-1-january-2021\/\" \/>\n<meta property=\"og:locale\" content=\"en_US\" \/>\n<meta property=\"og:type\" content=\"article\" \/>\n<meta property=\"og:title\" content=\"Brexit: Withdrawal Agreement to be fully operational on 1 January 2021 | CDE Almer\u00eda - Centro de Documentaci\u00f3n Europea - Universidad de Almer\u00eda\" \/>\n<meta property=\"og:description\" content=\"The EU-UK Joint Committee met virtually today to endorse all formal decisions and other practical solutions related to the implementation of the Withdrawal Agreement, as of 1 January 2021.\u00a0 It follows an agreement in principle reached by the Joint Committee co-chairs \u2013 European Commission Vice-President Maro\u0161\u00a0\u0160ef\u010dovi\u010d\u00a0and the UK Chancellor of the Duchy of Lancaster, Michael [&hellip;]\" \/>\n<meta property=\"og:url\" content=\"https:\/\/www.cde.ual.es\/en\/brexit-withdrawal-agreement-to-be-fully-operational-on-1-january-2021\/\" \/>\n<meta property=\"og:site_name\" content=\"CDE Almer\u00eda - Centro de Documentaci\u00f3n Europea - Universidad de Almer\u00eda\" \/>\n<meta property=\"article:publisher\" content=\"https:\/\/www.facebook.com\/cdeuniversidadalmeria\/\" \/>\n<meta property=\"article:published_time\" content=\"2020-12-18T02:00:06+00:00\" \/>\n<meta property=\"article:modified_time\" content=\"2021-11-17T07:44:17+00:00\" \/>\n<meta property=\"og:image\" content=\"https:\/\/www.cde.ual.es\/wp-content\/uploads\/2017\/12\/illustration-1835916_1920.jpg\" \/>\n\t<meta property=\"og:image:width\" content=\"1920\" \/>\n\t<meta property=\"og:image:height\" content=\"1280\" \/>\n\t<meta property=\"og:image:type\" content=\"image\/jpeg\" \/>\n<meta name=\"author\" content=\"BECA 2 CDE\" \/>\n<meta name=\"twitter:card\" content=\"summary_large_image\" \/>\n<meta name=\"twitter:creator\" content=\"@cdeualmeria\" \/>\n<meta name=\"twitter:site\" content=\"@cdeualmeria\" \/>\n<meta name=\"twitter:label1\" content=\"Written by\" \/>\n\t<meta name=\"twitter:data1\" content=\"BECA 2 CDE\" \/>\n\t<meta name=\"twitter:label2\" content=\"Est. reading time\" \/>\n\t<meta name=\"twitter:data2\" content=\"2 minutes\" \/>\n<script type=\"application\/ld+json\" class=\"yoast-schema-graph\">{\"@context\":\"https:\\\/\\\/schema.org\",\"@graph\":[{\"@type\":\"Article\",\"@id\":\"https:\\\/\\\/www.cde.ual.es\\\/en\\\/brexit-withdrawal-agreement-to-be-fully-operational-on-1-january-2021\\\/#article\",\"isPartOf\":{\"@id\":\"https:\\\/\\\/www.cde.ual.es\\\/en\\\/brexit-withdrawal-agreement-to-be-fully-operational-on-1-january-2021\\\/\"},\"author\":{\"name\":\"BECA 2 CDE\",\"@id\":\"https:\\\/\\\/www.cde.ual.es\\\/#\\\/schema\\\/person\\\/ee46ebc19edfa19598c02cff83335acc\"},\"headline\":\"Brexit: Withdrawal Agreement to be fully operational on 1 January 2021\",\"datePublished\":\"2020-12-18T02:00:06+00:00\",\"dateModified\":\"2021-11-17T07:44:17+00:00\",\"mainEntityOfPage\":{\"@id\":\"https:\\\/\\\/www.cde.ual.es\\\/en\\\/brexit-withdrawal-agreement-to-be-fully-operational-on-1-january-2021\\\/\"},\"wordCount\":433,\"commentCount\":0,\"publisher\":{\"@id\":\"https:\\\/\\\/www.cde.ual.es\\\/#organization\"},\"image\":{\"@id\":\"https:\\\/\\\/www.cde.ual.es\\\/en\\\/brexit-withdrawal-agreement-to-be-fully-operational-on-1-january-2021\\\/#primaryimage\"},\"thumbnailUrl\":\"https:\\\/\\\/www.cde.ual.es\\\/wp-content\\\/uploads\\\/2017\\\/12\\\/illustration-1835916_1920.jpg\",\"keywords\":[\"Brexit\"],\"articleSection\":[\"EU News\",\"Institutional Affairs\",\"State Members\"],\"inLanguage\":\"en-US\",\"potentialAction\":[{\"@type\":\"CommentAction\",\"name\":\"Comment\",\"target\":[\"https:\\\/\\\/www.cde.ual.es\\\/en\\\/brexit-withdrawal-agreement-to-be-fully-operational-on-1-january-2021\\\/#respond\"]}]},{\"@type\":\"WebPage\",\"@id\":\"https:\\\/\\\/www.cde.ual.es\\\/en\\\/brexit-withdrawal-agreement-to-be-fully-operational-on-1-january-2021\\\/\",\"url\":\"https:\\\/\\\/www.cde.ual.es\\\/en\\\/brexit-withdrawal-agreement-to-be-fully-operational-on-1-january-2021\\\/\",\"name\":\"Brexit: Withdrawal Agreement to be fully operational on 1 January 2021 | CDE Almer\u00eda - Centro de Documentaci\u00f3n Europea - Universidad de Almer\u00eda\",\"isPartOf\":{\"@id\":\"https:\\\/\\\/www.cde.ual.es\\\/#website\"},\"primaryImageOfPage\":{\"@id\":\"https:\\\/\\\/www.cde.ual.es\\\/en\\\/brexit-withdrawal-agreement-to-be-fully-operational-on-1-january-2021\\\/#primaryimage\"},\"image\":{\"@id\":\"https:\\\/\\\/www.cde.ual.es\\\/en\\\/brexit-withdrawal-agreement-to-be-fully-operational-on-1-january-2021\\\/#primaryimage\"},\"thumbnailUrl\":\"https:\\\/\\\/www.cde.ual.es\\\/wp-content\\\/uploads\\\/2017\\\/12\\\/illustration-1835916_1920.jpg\",\"datePublished\":\"2020-12-18T02:00:06+00:00\",\"dateModified\":\"2021-11-17T07:44:17+00:00\",\"breadcrumb\":{\"@id\":\"https:\\\/\\\/www.cde.ual.es\\\/en\\\/brexit-withdrawal-agreement-to-be-fully-operational-on-1-january-2021\\\/#breadcrumb\"},\"inLanguage\":\"en-US\",\"potentialAction\":[{\"@type\":\"ReadAction\",\"target\":[\"https:\\\/\\\/www.cde.ual.es\\\/en\\\/brexit-withdrawal-agreement-to-be-fully-operational-on-1-january-2021\\\/\"]}]},{\"@type\":\"ImageObject\",\"inLanguage\":\"en-US\",\"@id\":\"https:\\\/\\\/www.cde.ual.es\\\/en\\\/brexit-withdrawal-agreement-to-be-fully-operational-on-1-january-2021\\\/#primaryimage\",\"url\":\"https:\\\/\\\/www.cde.ual.es\\\/wp-content\\\/uploads\\\/2017\\\/12\\\/illustration-1835916_1920.jpg\",\"contentUrl\":\"https:\\\/\\\/www.cde.ual.es\\\/wp-content\\\/uploads\\\/2017\\\/12\\\/illustration-1835916_1920.jpg\",\"width\":1920,\"height\":1280},{\"@type\":\"BreadcrumbList\",\"@id\":\"https:\\\/\\\/www.cde.ual.es\\\/en\\\/brexit-withdrawal-agreement-to-be-fully-operational-on-1-january-2021\\\/#breadcrumb\",\"itemListElement\":[{\"@type\":\"ListItem\",\"position\":1,\"name\":\"Inicio\",\"item\":\"https:\\\/\\\/www.cde.ual.es\\\/en\\\/\"},{\"@type\":\"ListItem\",\"position\":2,\"name\":\"EU News\",\"item\":\"https:\\\/\\\/www.cde.ual.es\\\/en\\\/category\\\/eu-news\\\/\"},{\"@type\":\"ListItem\",\"position\":3,\"name\":\"Institutional Affairs\",\"item\":\"https:\\\/\\\/www.cde.ual.es\\\/en\\\/category\\\/eu-news\\\/institutional\\\/\"},{\"@type\":\"ListItem\",\"position\":4,\"name\":\"State Members\",\"item\":\"https:\\\/\\\/www.cde.ual.es\\\/en\\\/category\\\/eu-news\\\/institutional\\\/state-members\\\/\"},{\"@type\":\"ListItem\",\"position\":5,\"name\":\"Brexit: Withdrawal Agreement to be fully operational on 1 January 2021\"}]},{\"@type\":\"WebSite\",\"@id\":\"https:\\\/\\\/www.cde.ual.es\\\/#website\",\"url\":\"https:\\\/\\\/www.cde.ual.es\\\/\",\"name\":\"CDE Almer\u00eda - Centro de Documentaci\u00f3n Europea - Universidad de Almer\u00eda\",\"description\":\"Centro de Documentaci\u00f3n Europea de la Universidad de Almer\u00eda\",\"publisher\":{\"@id\":\"https:\\\/\\\/www.cde.ual.es\\\/#organization\"},\"alternateName\":\"CDE Almer\u00eda\",\"potentialAction\":[{\"@type\":\"SearchAction\",\"target\":{\"@type\":\"EntryPoint\",\"urlTemplate\":\"https:\\\/\\\/www.cde.ual.es\\\/?s={search_term_string}\"},\"query-input\":{\"@type\":\"PropertyValueSpecification\",\"valueRequired\":true,\"valueName\":\"search_term_string\"}}],\"inLanguage\":\"en-US\"},{\"@type\":\"Organization\",\"@id\":\"https:\\\/\\\/www.cde.ual.es\\\/#organization\",\"name\":\"Centro de Documentaci\u00f3n Europea de Almer\u00eda\",\"url\":\"https:\\\/\\\/www.cde.ual.es\\\/\",\"logo\":{\"@type\":\"ImageObject\",\"inLanguage\":\"en-US\",\"@id\":\"https:\\\/\\\/www.cde.ual.es\\\/#\\\/schema\\\/logo\\\/image\\\/\",\"url\":\"https:\\\/\\\/www.cde.ual.es\\\/wp-content\\\/uploads\\\/2025\\\/07\\\/cde-logo-3.png\",\"contentUrl\":\"https:\\\/\\\/www.cde.ual.es\\\/wp-content\\\/uploads\\\/2025\\\/07\\\/cde-logo-3.png\",\"width\":1400,\"height\":300,\"caption\":\"Centro de Documentaci\u00f3n Europea de Almer\u00eda\"},\"image\":{\"@id\":\"https:\\\/\\\/www.cde.ual.es\\\/#\\\/schema\\\/logo\\\/image\\\/\"},\"sameAs\":[\"https:\\\/\\\/www.facebook.com\\\/cdeuniversidadalmeria\\\/\",\"https:\\\/\\\/x.com\\\/cdeualmeria\",\"https:\\\/\\\/www.tiktok.com\\\/@cdealmeria\",\"https:\\\/\\\/www.instagram.com\\\/cdealmeria\\\/\",\"https:\\\/\\\/www.linkedin.com\\\/in\\\/cde-almera-812b26a9\\\/\"]},{\"@type\":\"Person\",\"@id\":\"https:\\\/\\\/www.cde.ual.es\\\/#\\\/schema\\\/person\\\/ee46ebc19edfa19598c02cff83335acc\",\"name\":\"BECA 2 CDE\",\"image\":{\"@type\":\"ImageObject\",\"inLanguage\":\"en-US\",\"@id\":\"https:\\\/\\\/secure.gravatar.com\\\/avatar\\\/35a481bbc04bbd90e91bdfa3b0b5541036c222a49b9ad37b6889a2afcb5311a5?s=96&d=mm&r=g\",\"url\":\"https:\\\/\\\/secure.gravatar.com\\\/avatar\\\/35a481bbc04bbd90e91bdfa3b0b5541036c222a49b9ad37b6889a2afcb5311a5?s=96&d=mm&r=g\",\"contentUrl\":\"https:\\\/\\\/secure.gravatar.com\\\/avatar\\\/35a481bbc04bbd90e91bdfa3b0b5541036c222a49b9ad37b6889a2afcb5311a5?s=96&d=mm&r=g\",\"caption\":\"BECA 2 CDE\"},\"sameAs\":[\"http:\\\/\\\/www.cdealmeria.com\"]}]}<\/script>\n<!-- \/ Yoast SEO plugin. -->","yoast_head_json":{"title":"Brexit: Withdrawal Agreement to be fully operational on 1 January 2021 | CDE Almer\u00eda - Centro de Documentaci\u00f3n Europea - Universidad de Almer\u00eda","robots":{"index":"index","follow":"follow","max-snippet":"max-snippet:-1","max-image-preview":"max-image-preview:large","max-video-preview":"max-video-preview:-1"},"canonical":"https:\/\/www.cde.ual.es\/en\/brexit-withdrawal-agreement-to-be-fully-operational-on-1-january-2021\/","og_locale":"en_US","og_type":"article","og_title":"Brexit: Withdrawal Agreement to be fully operational on 1 January 2021 | CDE Almer\u00eda - Centro de Documentaci\u00f3n Europea - Universidad de Almer\u00eda","og_description":"The EU-UK Joint Committee met virtually today to endorse all formal decisions and other practical solutions related to the implementation of the Withdrawal Agreement, as of 1 January 2021.\u00a0 It follows an agreement in principle reached by the Joint Committee co-chairs \u2013 European Commission Vice-President Maro\u0161\u00a0\u0160ef\u010dovi\u010d\u00a0and the UK Chancellor of the Duchy of Lancaster, Michael [&hellip;]","og_url":"https:\/\/www.cde.ual.es\/en\/brexit-withdrawal-agreement-to-be-fully-operational-on-1-january-2021\/","og_site_name":"CDE Almer\u00eda - Centro de Documentaci\u00f3n Europea - Universidad de Almer\u00eda","article_publisher":"https:\/\/www.facebook.com\/cdeuniversidadalmeria\/","article_published_time":"2020-12-18T02:00:06+00:00","article_modified_time":"2021-11-17T07:44:17+00:00","og_image":[{"width":1920,"height":1280,"url":"https:\/\/www.cde.ual.es\/wp-content\/uploads\/2017\/12\/illustration-1835916_1920.jpg","type":"image\/jpeg"}],"author":"BECA 2 CDE","twitter_card":"summary_large_image","twitter_creator":"@cdeualmeria","twitter_site":"@cdeualmeria","twitter_misc":{"Written by":"BECA 2 CDE","Est. reading time":"2 minutes"},"schema":{"@context":"https:\/\/schema.org","@graph":[{"@type":"Article","@id":"https:\/\/www.cde.ual.es\/en\/brexit-withdrawal-agreement-to-be-fully-operational-on-1-january-2021\/#article","isPartOf":{"@id":"https:\/\/www.cde.ual.es\/en\/brexit-withdrawal-agreement-to-be-fully-operational-on-1-january-2021\/"},"author":{"name":"BECA 2 CDE","@id":"https:\/\/www.cde.ual.es\/#\/schema\/person\/ee46ebc19edfa19598c02cff83335acc"},"headline":"Brexit: Withdrawal Agreement to be fully operational on 1 January 2021","datePublished":"2020-12-18T02:00:06+00:00","dateModified":"2021-11-17T07:44:17+00:00","mainEntityOfPage":{"@id":"https:\/\/www.cde.ual.es\/en\/brexit-withdrawal-agreement-to-be-fully-operational-on-1-january-2021\/"},"wordCount":433,"commentCount":0,"publisher":{"@id":"https:\/\/www.cde.ual.es\/#organization"},"image":{"@id":"https:\/\/www.cde.ual.es\/en\/brexit-withdrawal-agreement-to-be-fully-operational-on-1-january-2021\/#primaryimage"},"thumbnailUrl":"https:\/\/www.cde.ual.es\/wp-content\/uploads\/2017\/12\/illustration-1835916_1920.jpg","keywords":["Brexit"],"articleSection":["EU News","Institutional Affairs","State Members"],"inLanguage":"en-US","potentialAction":[{"@type":"CommentAction","name":"Comment","target":["https:\/\/www.cde.ual.es\/en\/brexit-withdrawal-agreement-to-be-fully-operational-on-1-january-2021\/#respond"]}]},{"@type":"WebPage","@id":"https:\/\/www.cde.ual.es\/en\/brexit-withdrawal-agreement-to-be-fully-operational-on-1-january-2021\/","url":"https:\/\/www.cde.ual.es\/en\/brexit-withdrawal-agreement-to-be-fully-operational-on-1-january-2021\/","name":"Brexit: Withdrawal Agreement to be fully operational on 1 January 2021 | CDE Almer\u00eda - Centro de Documentaci\u00f3n Europea - Universidad de Almer\u00eda","isPartOf":{"@id":"https:\/\/www.cde.ual.es\/#website"},"primaryImageOfPage":{"@id":"https:\/\/www.cde.ual.es\/en\/brexit-withdrawal-agreement-to-be-fully-operational-on-1-january-2021\/#primaryimage"},"image":{"@id":"https:\/\/www.cde.ual.es\/en\/brexit-withdrawal-agreement-to-be-fully-operational-on-1-january-2021\/#primaryimage"},"thumbnailUrl":"https:\/\/www.cde.ual.es\/wp-content\/uploads\/2017\/12\/illustration-1835916_1920.jpg","datePublished":"2020-12-18T02:00:06+00:00","dateModified":"2021-11-17T07:44:17+00:00","breadcrumb":{"@id":"https:\/\/www.cde.ual.es\/en\/brexit-withdrawal-agreement-to-be-fully-operational-on-1-january-2021\/#breadcrumb"},"inLanguage":"en-US","potentialAction":[{"@type":"ReadAction","target":["https:\/\/www.cde.ual.es\/en\/brexit-withdrawal-agreement-to-be-fully-operational-on-1-january-2021\/"]}]},{"@type":"ImageObject","inLanguage":"en-US","@id":"https:\/\/www.cde.ual.es\/en\/brexit-withdrawal-agreement-to-be-fully-operational-on-1-january-2021\/#primaryimage","url":"https:\/\/www.cde.ual.es\/wp-content\/uploads\/2017\/12\/illustration-1835916_1920.jpg","contentUrl":"https:\/\/www.cde.ual.es\/wp-content\/uploads\/2017\/12\/illustration-1835916_1920.jpg","width":1920,"height":1280},{"@type":"BreadcrumbList","@id":"https:\/\/www.cde.ual.es\/en\/brexit-withdrawal-agreement-to-be-fully-operational-on-1-january-2021\/#breadcrumb","itemListElement":[{"@type":"ListItem","position":1,"name":"Inicio","item":"https:\/\/www.cde.ual.es\/en\/"},{"@type":"ListItem","position":2,"name":"EU News","item":"https:\/\/www.cde.ual.es\/en\/category\/eu-news\/"},{"@type":"ListItem","position":3,"name":"Institutional Affairs","item":"https:\/\/www.cde.ual.es\/en\/category\/eu-news\/institutional\/"},{"@type":"ListItem","position":4,"name":"State Members","item":"https:\/\/www.cde.ual.es\/en\/category\/eu-news\/institutional\/state-members\/"},{"@type":"ListItem","position":5,"name":"Brexit: Withdrawal Agreement to be fully operational on 1 January 2021"}]},{"@type":"WebSite","@id":"https:\/\/www.cde.ual.es\/#website","url":"https:\/\/www.cde.ual.es\/","name":"CDE Almer\u00eda - Centro de Documentaci\u00f3n Europea - Universidad de Almer\u00eda","description":"Centro de Documentaci\u00f3n Europea de la Universidad de Almer\u00eda","publisher":{"@id":"https:\/\/www.cde.ual.es\/#organization"},"alternateName":"CDE Almer\u00eda","potentialAction":[{"@type":"SearchAction","target":{"@type":"EntryPoint","urlTemplate":"https:\/\/www.cde.ual.es\/?s={search_term_string}"},"query-input":{"@type":"PropertyValueSpecification","valueRequired":true,"valueName":"search_term_string"}}],"inLanguage":"en-US"},{"@type":"Organization","@id":"https:\/\/www.cde.ual.es\/#organization","name":"Centro de Documentaci\u00f3n Europea de Almer\u00eda","url":"https:\/\/www.cde.ual.es\/","logo":{"@type":"ImageObject","inLanguage":"en-US","@id":"https:\/\/www.cde.ual.es\/#\/schema\/logo\/image\/","url":"https:\/\/www.cde.ual.es\/wp-content\/uploads\/2025\/07\/cde-logo-3.png","contentUrl":"https:\/\/www.cde.ual.es\/wp-content\/uploads\/2025\/07\/cde-logo-3.png","width":1400,"height":300,"caption":"Centro de Documentaci\u00f3n Europea de Almer\u00eda"},"image":{"@id":"https:\/\/www.cde.ual.es\/#\/schema\/logo\/image\/"},"sameAs":["https:\/\/www.facebook.com\/cdeuniversidadalmeria\/","https:\/\/x.com\/cdeualmeria","https:\/\/www.tiktok.com\/@cdealmeria","https:\/\/www.instagram.com\/cdealmeria\/","https:\/\/www.linkedin.com\/in\/cde-almera-812b26a9\/"]},{"@type":"Person","@id":"https:\/\/www.cde.ual.es\/#\/schema\/person\/ee46ebc19edfa19598c02cff83335acc","name":"BECA 2 CDE","image":{"@type":"ImageObject","inLanguage":"en-US","@id":"https:\/\/secure.gravatar.com\/avatar\/35a481bbc04bbd90e91bdfa3b0b5541036c222a49b9ad37b6889a2afcb5311a5?s=96&d=mm&r=g","url":"https:\/\/secure.gravatar.com\/avatar\/35a481bbc04bbd90e91bdfa3b0b5541036c222a49b9ad37b6889a2afcb5311a5?s=96&d=mm&r=g","contentUrl":"https:\/\/secure.gravatar.com\/avatar\/35a481bbc04bbd90e91bdfa3b0b5541036c222a49b9ad37b6889a2afcb5311a5?s=96&d=mm&r=g","caption":"BECA 2 CDE"},"sameAs":["http:\/\/www.cdealmeria.com"]}]}},"_links":{"self":[{"href":"https:\/\/www.cde.ual.es\/en\/wp-json\/wp\/v2\/posts\/60275","targetHints":{"allow":["GET"]}}],"collection":[{"href":"https:\/\/www.cde.ual.es\/en\/wp-json\/wp\/v2\/posts"}],"about":[{"href":"https:\/\/www.cde.ual.es\/en\/wp-json\/wp\/v2\/types\/post"}],"author":[{"embeddable":true,"href":"https:\/\/www.cde.ual.es\/en\/wp-json\/wp\/v2\/users\/101011"}],"replies":[{"embeddable":true,"href":"https:\/\/www.cde.ual.es\/en\/wp-json\/wp\/v2\/comments?post=60275"}],"version-history":[{"count":0,"href":"https:\/\/www.cde.ual.es\/en\/wp-json\/wp\/v2\/posts\/60275\/revisions"}],"wp:featuredmedia":[{"embeddable":true,"href":"https:\/\/www.cde.ual.es\/en\/wp-json\/wp\/v2\/media\/18099"}],"wp:attachment":[{"href":"https:\/\/www.cde.ual.es\/en\/wp-json\/wp\/v2\/media?parent=60275"}],"wp:term":[{"taxonomy":"category","embeddable":true,"href":"https:\/\/www.cde.ual.es\/en\/wp-json\/wp\/v2\/categories?post=60275"},{"taxonomy":"post_tag","embeddable":true,"href":"https:\/\/www.cde.ual.es\/en\/wp-json\/wp\/v2\/tags?post=60275"}],"curies":[{"name":"wp","href":"https:\/\/api.w.org\/{rel}","templated":true}]}}