{"id":58874,"date":"2020-12-18T03:00:35","date_gmt":"2020-12-18T02:00:35","guid":{"rendered":"https:\/\/www.cde.ual.es\/?p=58874"},"modified":"2020-12-17T22:24:50","modified_gmt":"2020-12-17T21:24:50","slug":"horizon-2020-european-capacities-for-citizen-deliberation-and-participation-for-the-green-deal","status":"publish","type":"post","link":"https:\/\/www.cde.ual.es\/en\/horizon-2020-european-capacities-for-citizen-deliberation-and-participation-for-the-green-deal\/","title":{"rendered":"Horizon 2020: European capacities for citizen deliberation and participation for the Green Deal"},"content":{"rendered":"<p>All areas of the European Green Deal, from climate action to zero pollution, require citizens\u2019 active support at all stages of the transitions.<\/p>\n<p><a href=\"https:\/\/www.cde.ual.es\/wp-content\/uploads\/2020\/12\/environmental-protection-326923_1920.jpg\"><img decoding=\"async\" class=\"aligncenter size-full wp-image-58872\" src=\"https:\/\/www.cde.ual.es\/wp-content\/uploads\/2020\/12\/environmental-protection-326923_1920.jpg\" alt=\"\" width=\"1920\" height=\"1280\" srcset=\"https:\/\/www.cde.ual.es\/wp-content\/uploads\/2020\/12\/environmental-protection-326923_1920.jpg 1920w, https:\/\/www.cde.ual.es\/wp-content\/uploads\/2020\/12\/environmental-protection-326923_1920-300x200.jpg 300w, https:\/\/www.cde.ual.es\/wp-content\/uploads\/2020\/12\/environmental-protection-326923_1920-1024x683.jpg 1024w, https:\/\/www.cde.ual.es\/wp-content\/uploads\/2020\/12\/environmental-protection-326923_1920-768x512.jpg 768w, https:\/\/www.cde.ual.es\/wp-content\/uploads\/2020\/12\/environmental-protection-326923_1920-1536x1024.jpg 1536w\" sizes=\"(max-width: 1920px) 100vw, 1920px\" \/><\/a><\/p>\n<p>This is particularly the case of complex issues with diverging views or interests at stake, such as the rural-urban gap, attitudes to the bio-economy, water management, the choice of energy sources, etc. Such issues can best be addressed through participatory processes involving citizens from different cross-sections of society across Europe, including by engaging them throughout the innovation life cycle\u00a0as social innovators. The Conference on the Future of Europe has further heightened awareness of the need for participatory processes and raised expectations in this respect. Strong expectations of citizen participation have also been raised in the context of Horizon Europe preparation, in particular for Horizon Europe Missions, which will be highly relevant to the European Green Deal.<\/p>\n<h3><span class=\"topicdescriptionkind\">Expected Impact<\/span><\/h3>\n<p>Successful projects are expected to contribute to specific impacts, including:<\/p>\n<p>&#8211; feeling of ownership and engagement through citizen deliberation and participation across Europe;<\/p>\n<p>&#8211; participatory identification of solutions contributing to the European Green Deal;<\/p>\n<p>&#8211; enhanced involvement of citizens in the implementation of the European Green Deal and of the future Horizon Europe missions;<\/p>\n<p>&#8211; stronger trust in policy and science institutions among citizens on European Green Deal issues;<\/p>\n<p>&#8211; commitment and buy-in from a broad spectrum of social groups across Europe to support the European Green Deal targets and to engage in co-creation and co-implementation of transition pathways, including activation of citizens through social innovation;<\/p>\n<p>&#8211; in the longer term, contribution to one or several of the Sustainable Development Goals.<\/p>\n<h3><strong>Evaluation<\/strong><\/h3>\n<p><strong>&#8211; Evaluation criteria, scoring and threshold<\/strong>s are described in\u00a0Annex H\u00a0of the Work Programme.<\/p>\n<p><strong>&#8211; Submission and evaluation processes<\/strong>\u00a0are described in the\u00a0Online Manual.<\/p>\n<h3><strong>Indicative time for evaluation and grant agreements<\/strong><\/h3>\n<p>&#8211; Information on the outcome of evaluation (<strong>single-stage<\/strong>\u00a0call): maximum 5 months from the deadline for submission.<br \/>\n&#8211; Signature of grant agreements: maximum 8 months from the deadline for submission.<\/p>\n<h3>Opening date<\/h3>\n<p>22 September 2020<\/p>\n<h3>Deadline<\/h3>\n<p>26 January 2021 17:00 (Brussels time)<\/p>\n<h3>Related documents<\/h3>\n<p><a href=\"https:\/\/ec.europa.eu\/research\/participants\/data\/ref\/h2020\/wp\/2018-2020\/main\/h2020-wp1820-intro_en.pdf\">H2020 Work Programme<\/a><\/p>\n<p><a href=\"https:\/\/ec.europa.eu\/research\/participants\/data\/ref\/h2020\/other\/wp\/2018-2020\/annexes\/h2020-wp1820-annex-ga_en.pdf\">H2020 Work Programme General Annexes<\/a><\/p>\n<h3>Further information<\/h3>\n<p><a href=\"https:\/\/ec.europa.eu\/info\/funding-tenders\/opportunities\/portal\/screen\/opportunities\/topic-details\/lc-gd-10-1-2020;callCode=null;freeTextSearchKeyword=;matchWholeText=true;typeCodes=0,1,2;statusCodes=31094502,31094501;programmePeriod=null;programCcm2Id=31045243;programDivisionCode=null;focusAreaCode=31087050;geographicalZonesCode=null;programmeDivisionProspect=null;startDateLte=null;startDateGte=null;crossCuttingPriorityCode=null;cpvCode=null;performanceOfDelivery=null;sortQuery=submissionStatus;orderBy=asc;onlyTenders=false;topicListKey=topicSearchTablePageState\">Call<\/a><\/p>\n","protected":false},"excerpt":{"rendered":"<p>All areas of the European Green Deal, from climate action to zero pollution, require citizens\u2019 active support at all stages of the transitions. This is particularly the case of complex issues with diverging views or interests at stake, such as the rural-urban gap, attitudes to the bio-economy, water management, the choice of energy sources, etc. [&hellip;]<\/p>\n","protected":false},"author":101011,"featured_media":58872,"comment_status":"open","ping_status":"open","sticky":false,"template":"","format":"standard","meta":{"_acf_changed":false,"_relevanssi_hide_post":"","_relevanssi_hide_content":"","_relevanssi_pin_for_all":"","_relevanssi_pin_keywords":"","_relevanssi_unpin_keywords":"","_relevanssi_related_keywords":"","_relevanssi_related_include_ids":"","_relevanssi_related_exclude_ids":"","_relevanssi_related_no_append":"","_relevanssi_related_not_related":"","_relevanssi_related_posts":"","_relevanssi_noindex_reason":"","_monsterinsights_skip_tracking":false,"_monsterinsights_sitenote_active":false,"_monsterinsights_sitenote_note":"","_monsterinsights_sitenote_category":0,"_genesis_hide_title":false,"_genesis_hide_breadcrumbs":false,"_genesis_hide_singular_image":false,"_genesis_hide_footer_widgets":false,"_genesis_custom_body_class":"","_genesis_custom_post_class":"","_genesis_layout":"","footnotes":""},"categories":[366,4056,4054,4058],"tags":[409,2519,566],"class_list":{"0":"post-58874","1":"post","2":"type-post","3":"status-publish","4":"format-standard","5":"has-post-thumbnail","7":"category-eu-calls-and-awards","8":"category-glob-challenges-en","9":"category-horizon-europe","10":"category-widera-en","11":"tag-call","12":"tag-grean-deal","13":"tag-horizon-2020","14":"entry"},"acf":[],"yoast_head":"<!-- This site is optimized with the Yoast SEO plugin v27.5 - https:\/\/yoast.com\/product\/yoast-seo-wordpress\/ -->\n<title>Horizon 2020: European capacities for citizen deliberation and participation for the Green Deal | CDE Almer\u00eda - Centro de Documentaci\u00f3n Europea - Universidad de Almer\u00eda<\/title>\n<meta name=\"robots\" content=\"index, follow, max-snippet:-1, max-image-preview:large, max-video-preview:-1\" \/>\n<link rel=\"canonical\" href=\"https:\/\/www.cde.ual.es\/en\/horizon-2020-european-capacities-for-citizen-deliberation-and-participation-for-the-green-deal\/\" \/>\n<meta property=\"og:locale\" content=\"en_US\" \/>\n<meta property=\"og:type\" content=\"article\" \/>\n<meta property=\"og:title\" content=\"Horizon 2020: European capacities for citizen deliberation and participation for the Green Deal | CDE Almer\u00eda - Centro de Documentaci\u00f3n Europea - Universidad de Almer\u00eda\" \/>\n<meta property=\"og:description\" content=\"All areas of the European Green Deal, from climate action to zero pollution, require citizens\u2019 active support at all stages of the transitions. This is particularly the case of complex issues with diverging views or interests at stake, such as the rural-urban gap, attitudes to the bio-economy, water management, the choice of energy sources, etc. [&hellip;]\" \/>\n<meta property=\"og:url\" content=\"https:\/\/www.cde.ual.es\/en\/horizon-2020-european-capacities-for-citizen-deliberation-and-participation-for-the-green-deal\/\" \/>\n<meta property=\"og:site_name\" content=\"CDE Almer\u00eda - Centro de Documentaci\u00f3n Europea - Universidad de Almer\u00eda\" \/>\n<meta property=\"article:publisher\" content=\"https:\/\/www.facebook.com\/cdeuniversidadalmeria\/\" \/>\n<meta property=\"article:published_time\" content=\"2020-12-18T02:00:35+00:00\" \/>\n<meta property=\"og:image\" content=\"https:\/\/www.cde.ual.es\/wp-content\/uploads\/2020\/12\/environmental-protection-326923_1920.jpg\" \/>\n\t<meta property=\"og:image:width\" content=\"1920\" \/>\n\t<meta property=\"og:image:height\" content=\"1280\" \/>\n\t<meta property=\"og:image:type\" content=\"image\/jpeg\" \/>\n<meta name=\"author\" content=\"BECA 2 CDE\" \/>\n<meta name=\"twitter:card\" content=\"summary_large_image\" \/>\n<meta name=\"twitter:creator\" content=\"@cdeualmeria\" \/>\n<meta name=\"twitter:site\" content=\"@cdeualmeria\" \/>\n<meta name=\"twitter:label1\" content=\"Written by\" \/>\n\t<meta name=\"twitter:data1\" content=\"BECA 2 CDE\" \/>\n\t<meta name=\"twitter:label2\" content=\"Est. reading time\" \/>\n\t<meta name=\"twitter:data2\" content=\"2 minutes\" \/>\n<script type=\"application\/ld+json\" class=\"yoast-schema-graph\">{\"@context\":\"https:\\\/\\\/schema.org\",\"@graph\":[{\"@type\":\"Article\",\"@id\":\"https:\\\/\\\/www.cde.ual.es\\\/en\\\/horizon-2020-european-capacities-for-citizen-deliberation-and-participation-for-the-green-deal\\\/#article\",\"isPartOf\":{\"@id\":\"https:\\\/\\\/www.cde.ual.es\\\/en\\\/horizon-2020-european-capacities-for-citizen-deliberation-and-participation-for-the-green-deal\\\/\"},\"author\":{\"name\":\"BECA 2 CDE\",\"@id\":\"https:\\\/\\\/www.cde.ual.es\\\/#\\\/schema\\\/person\\\/ee46ebc19edfa19598c02cff83335acc\"},\"headline\":\"Horizon 2020: European capacities for citizen deliberation and participation for the Green Deal\",\"datePublished\":\"2020-12-18T02:00:35+00:00\",\"mainEntityOfPage\":{\"@id\":\"https:\\\/\\\/www.cde.ual.es\\\/en\\\/horizon-2020-european-capacities-for-citizen-deliberation-and-participation-for-the-green-deal\\\/\"},\"wordCount\":357,\"commentCount\":0,\"publisher\":{\"@id\":\"https:\\\/\\\/www.cde.ual.es\\\/#organization\"},\"image\":{\"@id\":\"https:\\\/\\\/www.cde.ual.es\\\/en\\\/horizon-2020-european-capacities-for-citizen-deliberation-and-participation-for-the-green-deal\\\/#primaryimage\"},\"thumbnailUrl\":\"https:\\\/\\\/www.cde.ual.es\\\/wp-content\\\/uploads\\\/2020\\\/12\\\/environmental-protection-326923_1920.jpg\",\"keywords\":[\"call\",\"Grean Deal\",\"Horizon 2020\"],\"articleSection\":[\"EU Calls and Awards\",\"Global Challenges, EU Industrial Comp.\",\"Horizon Europe\",\"Widening Participation and Strengthening the EU Research Area\"],\"inLanguage\":\"en-US\",\"potentialAction\":[{\"@type\":\"CommentAction\",\"name\":\"Comment\",\"target\":[\"https:\\\/\\\/www.cde.ual.es\\\/en\\\/horizon-2020-european-capacities-for-citizen-deliberation-and-participation-for-the-green-deal\\\/#respond\"]}]},{\"@type\":\"WebPage\",\"@id\":\"https:\\\/\\\/www.cde.ual.es\\\/en\\\/horizon-2020-european-capacities-for-citizen-deliberation-and-participation-for-the-green-deal\\\/\",\"url\":\"https:\\\/\\\/www.cde.ual.es\\\/en\\\/horizon-2020-european-capacities-for-citizen-deliberation-and-participation-for-the-green-deal\\\/\",\"name\":\"Horizon 2020: European capacities for citizen deliberation and participation for the Green Deal | CDE Almer\u00eda - Centro de Documentaci\u00f3n Europea - Universidad de Almer\u00eda\",\"isPartOf\":{\"@id\":\"https:\\\/\\\/www.cde.ual.es\\\/#website\"},\"primaryImageOfPage\":{\"@id\":\"https:\\\/\\\/www.cde.ual.es\\\/en\\\/horizon-2020-european-capacities-for-citizen-deliberation-and-participation-for-the-green-deal\\\/#primaryimage\"},\"image\":{\"@id\":\"https:\\\/\\\/www.cde.ual.es\\\/en\\\/horizon-2020-european-capacities-for-citizen-deliberation-and-participation-for-the-green-deal\\\/#primaryimage\"},\"thumbnailUrl\":\"https:\\\/\\\/www.cde.ual.es\\\/wp-content\\\/uploads\\\/2020\\\/12\\\/environmental-protection-326923_1920.jpg\",\"datePublished\":\"2020-12-18T02:00:35+00:00\",\"breadcrumb\":{\"@id\":\"https:\\\/\\\/www.cde.ual.es\\\/en\\\/horizon-2020-european-capacities-for-citizen-deliberation-and-participation-for-the-green-deal\\\/#breadcrumb\"},\"inLanguage\":\"en-US\",\"potentialAction\":[{\"@type\":\"ReadAction\",\"target\":[\"https:\\\/\\\/www.cde.ual.es\\\/en\\\/horizon-2020-european-capacities-for-citizen-deliberation-and-participation-for-the-green-deal\\\/\"]}]},{\"@type\":\"ImageObject\",\"inLanguage\":\"en-US\",\"@id\":\"https:\\\/\\\/www.cde.ual.es\\\/en\\\/horizon-2020-european-capacities-for-citizen-deliberation-and-participation-for-the-green-deal\\\/#primaryimage\",\"url\":\"https:\\\/\\\/www.cde.ual.es\\\/wp-content\\\/uploads\\\/2020\\\/12\\\/environmental-protection-326923_1920.jpg\",\"contentUrl\":\"https:\\\/\\\/www.cde.ual.es\\\/wp-content\\\/uploads\\\/2020\\\/12\\\/environmental-protection-326923_1920.jpg\",\"width\":1920,\"height\":1280},{\"@type\":\"BreadcrumbList\",\"@id\":\"https:\\\/\\\/www.cde.ual.es\\\/en\\\/horizon-2020-european-capacities-for-citizen-deliberation-and-participation-for-the-green-deal\\\/#breadcrumb\",\"itemListElement\":[{\"@type\":\"ListItem\",\"position\":1,\"name\":\"Inicio\",\"item\":\"https:\\\/\\\/www.cde.ual.es\\\/en\\\/\"},{\"@type\":\"ListItem\",\"position\":2,\"name\":\"EU Calls and Awards\",\"item\":\"https:\\\/\\\/www.cde.ual.es\\\/en\\\/category\\\/eu-calls-and-awards\\\/\"},{\"@type\":\"ListItem\",\"position\":3,\"name\":\"Horizon Europe\",\"item\":\"https:\\\/\\\/www.cde.ual.es\\\/en\\\/category\\\/eu-calls-and-awards\\\/horizon-europe\\\/\"},{\"@type\":\"ListItem\",\"position\":4,\"name\":\"Global Challenges, EU Industrial Comp.\",\"item\":\"https:\\\/\\\/www.cde.ual.es\\\/en\\\/category\\\/eu-calls-and-awards\\\/horizon-europe\\\/glob-challenges-en\\\/\"},{\"@type\":\"ListItem\",\"position\":5,\"name\":\"Horizon 2020: European capacities for citizen deliberation and participation for the Green Deal\"}]},{\"@type\":\"WebSite\",\"@id\":\"https:\\\/\\\/www.cde.ual.es\\\/#website\",\"url\":\"https:\\\/\\\/www.cde.ual.es\\\/\",\"name\":\"CDE Almer\u00eda - Centro de Documentaci\u00f3n Europea - Universidad de Almer\u00eda\",\"description\":\"Centro de Documentaci\u00f3n Europea de la Universidad de Almer\u00eda\",\"publisher\":{\"@id\":\"https:\\\/\\\/www.cde.ual.es\\\/#organization\"},\"alternateName\":\"CDE Almer\u00eda\",\"potentialAction\":[{\"@type\":\"SearchAction\",\"target\":{\"@type\":\"EntryPoint\",\"urlTemplate\":\"https:\\\/\\\/www.cde.ual.es\\\/?s={search_term_string}\"},\"query-input\":{\"@type\":\"PropertyValueSpecification\",\"valueRequired\":true,\"valueName\":\"search_term_string\"}}],\"inLanguage\":\"en-US\"},{\"@type\":\"Organization\",\"@id\":\"https:\\\/\\\/www.cde.ual.es\\\/#organization\",\"name\":\"Centro de Documentaci\u00f3n Europea de Almer\u00eda\",\"url\":\"https:\\\/\\\/www.cde.ual.es\\\/\",\"logo\":{\"@type\":\"ImageObject\",\"inLanguage\":\"en-US\",\"@id\":\"https:\\\/\\\/www.cde.ual.es\\\/#\\\/schema\\\/logo\\\/image\\\/\",\"url\":\"https:\\\/\\\/www.cde.ual.es\\\/wp-content\\\/uploads\\\/2025\\\/07\\\/cde-logo-3.png\",\"contentUrl\":\"https:\\\/\\\/www.cde.ual.es\\\/wp-content\\\/uploads\\\/2025\\\/07\\\/cde-logo-3.png\",\"width\":1400,\"height\":300,\"caption\":\"Centro de Documentaci\u00f3n Europea de Almer\u00eda\"},\"image\":{\"@id\":\"https:\\\/\\\/www.cde.ual.es\\\/#\\\/schema\\\/logo\\\/image\\\/\"},\"sameAs\":[\"https:\\\/\\\/www.facebook.com\\\/cdeuniversidadalmeria\\\/\",\"https:\\\/\\\/x.com\\\/cdeualmeria\",\"https:\\\/\\\/www.tiktok.com\\\/@cdealmeria\",\"https:\\\/\\\/www.instagram.com\\\/cdealmeria\\\/\",\"https:\\\/\\\/www.linkedin.com\\\/in\\\/cde-almera-812b26a9\\\/\"]},{\"@type\":\"Person\",\"@id\":\"https:\\\/\\\/www.cde.ual.es\\\/#\\\/schema\\\/person\\\/ee46ebc19edfa19598c02cff83335acc\",\"name\":\"BECA 2 CDE\",\"image\":{\"@type\":\"ImageObject\",\"inLanguage\":\"en-US\",\"@id\":\"https:\\\/\\\/secure.gravatar.com\\\/avatar\\\/35a481bbc04bbd90e91bdfa3b0b5541036c222a49b9ad37b6889a2afcb5311a5?s=96&d=mm&r=g\",\"url\":\"https:\\\/\\\/secure.gravatar.com\\\/avatar\\\/35a481bbc04bbd90e91bdfa3b0b5541036c222a49b9ad37b6889a2afcb5311a5?s=96&d=mm&r=g\",\"contentUrl\":\"https:\\\/\\\/secure.gravatar.com\\\/avatar\\\/35a481bbc04bbd90e91bdfa3b0b5541036c222a49b9ad37b6889a2afcb5311a5?s=96&d=mm&r=g\",\"caption\":\"BECA 2 CDE\"},\"sameAs\":[\"http:\\\/\\\/www.cdealmeria.com\"]}]}<\/script>\n<!-- \/ Yoast SEO plugin. -->","yoast_head_json":{"title":"Horizon 2020: European capacities for citizen deliberation and participation for the Green Deal | CDE Almer\u00eda - Centro de Documentaci\u00f3n Europea - Universidad de Almer\u00eda","robots":{"index":"index","follow":"follow","max-snippet":"max-snippet:-1","max-image-preview":"max-image-preview:large","max-video-preview":"max-video-preview:-1"},"canonical":"https:\/\/www.cde.ual.es\/en\/horizon-2020-european-capacities-for-citizen-deliberation-and-participation-for-the-green-deal\/","og_locale":"en_US","og_type":"article","og_title":"Horizon 2020: European capacities for citizen deliberation and participation for the Green Deal | CDE Almer\u00eda - Centro de Documentaci\u00f3n Europea - Universidad de Almer\u00eda","og_description":"All areas of the European Green Deal, from climate action to zero pollution, require citizens\u2019 active support at all stages of the transitions. This is particularly the case of complex issues with diverging views or interests at stake, such as the rural-urban gap, attitudes to the bio-economy, water management, the choice of energy sources, etc. [&hellip;]","og_url":"https:\/\/www.cde.ual.es\/en\/horizon-2020-european-capacities-for-citizen-deliberation-and-participation-for-the-green-deal\/","og_site_name":"CDE Almer\u00eda - Centro de Documentaci\u00f3n Europea - Universidad de Almer\u00eda","article_publisher":"https:\/\/www.facebook.com\/cdeuniversidadalmeria\/","article_published_time":"2020-12-18T02:00:35+00:00","og_image":[{"width":1920,"height":1280,"url":"https:\/\/www.cde.ual.es\/wp-content\/uploads\/2020\/12\/environmental-protection-326923_1920.jpg","type":"image\/jpeg"}],"author":"BECA 2 CDE","twitter_card":"summary_large_image","twitter_creator":"@cdeualmeria","twitter_site":"@cdeualmeria","twitter_misc":{"Written by":"BECA 2 CDE","Est. reading time":"2 minutes"},"schema":{"@context":"https:\/\/schema.org","@graph":[{"@type":"Article","@id":"https:\/\/www.cde.ual.es\/en\/horizon-2020-european-capacities-for-citizen-deliberation-and-participation-for-the-green-deal\/#article","isPartOf":{"@id":"https:\/\/www.cde.ual.es\/en\/horizon-2020-european-capacities-for-citizen-deliberation-and-participation-for-the-green-deal\/"},"author":{"name":"BECA 2 CDE","@id":"https:\/\/www.cde.ual.es\/#\/schema\/person\/ee46ebc19edfa19598c02cff83335acc"},"headline":"Horizon 2020: European capacities for citizen deliberation and participation for the Green Deal","datePublished":"2020-12-18T02:00:35+00:00","mainEntityOfPage":{"@id":"https:\/\/www.cde.ual.es\/en\/horizon-2020-european-capacities-for-citizen-deliberation-and-participation-for-the-green-deal\/"},"wordCount":357,"commentCount":0,"publisher":{"@id":"https:\/\/www.cde.ual.es\/#organization"},"image":{"@id":"https:\/\/www.cde.ual.es\/en\/horizon-2020-european-capacities-for-citizen-deliberation-and-participation-for-the-green-deal\/#primaryimage"},"thumbnailUrl":"https:\/\/www.cde.ual.es\/wp-content\/uploads\/2020\/12\/environmental-protection-326923_1920.jpg","keywords":["call","Grean Deal","Horizon 2020"],"articleSection":["EU Calls and Awards","Global Challenges, EU Industrial Comp.","Horizon Europe","Widening Participation and Strengthening the EU Research Area"],"inLanguage":"en-US","potentialAction":[{"@type":"CommentAction","name":"Comment","target":["https:\/\/www.cde.ual.es\/en\/horizon-2020-european-capacities-for-citizen-deliberation-and-participation-for-the-green-deal\/#respond"]}]},{"@type":"WebPage","@id":"https:\/\/www.cde.ual.es\/en\/horizon-2020-european-capacities-for-citizen-deliberation-and-participation-for-the-green-deal\/","url":"https:\/\/www.cde.ual.es\/en\/horizon-2020-european-capacities-for-citizen-deliberation-and-participation-for-the-green-deal\/","name":"Horizon 2020: European capacities for citizen deliberation and participation for the Green Deal | CDE Almer\u00eda - Centro de Documentaci\u00f3n Europea - Universidad de Almer\u00eda","isPartOf":{"@id":"https:\/\/www.cde.ual.es\/#website"},"primaryImageOfPage":{"@id":"https:\/\/www.cde.ual.es\/en\/horizon-2020-european-capacities-for-citizen-deliberation-and-participation-for-the-green-deal\/#primaryimage"},"image":{"@id":"https:\/\/www.cde.ual.es\/en\/horizon-2020-european-capacities-for-citizen-deliberation-and-participation-for-the-green-deal\/#primaryimage"},"thumbnailUrl":"https:\/\/www.cde.ual.es\/wp-content\/uploads\/2020\/12\/environmental-protection-326923_1920.jpg","datePublished":"2020-12-18T02:00:35+00:00","breadcrumb":{"@id":"https:\/\/www.cde.ual.es\/en\/horizon-2020-european-capacities-for-citizen-deliberation-and-participation-for-the-green-deal\/#breadcrumb"},"inLanguage":"en-US","potentialAction":[{"@type":"ReadAction","target":["https:\/\/www.cde.ual.es\/en\/horizon-2020-european-capacities-for-citizen-deliberation-and-participation-for-the-green-deal\/"]}]},{"@type":"ImageObject","inLanguage":"en-US","@id":"https:\/\/www.cde.ual.es\/en\/horizon-2020-european-capacities-for-citizen-deliberation-and-participation-for-the-green-deal\/#primaryimage","url":"https:\/\/www.cde.ual.es\/wp-content\/uploads\/2020\/12\/environmental-protection-326923_1920.jpg","contentUrl":"https:\/\/www.cde.ual.es\/wp-content\/uploads\/2020\/12\/environmental-protection-326923_1920.jpg","width":1920,"height":1280},{"@type":"BreadcrumbList","@id":"https:\/\/www.cde.ual.es\/en\/horizon-2020-european-capacities-for-citizen-deliberation-and-participation-for-the-green-deal\/#breadcrumb","itemListElement":[{"@type":"ListItem","position":1,"name":"Inicio","item":"https:\/\/www.cde.ual.es\/en\/"},{"@type":"ListItem","position":2,"name":"EU Calls and Awards","item":"https:\/\/www.cde.ual.es\/en\/category\/eu-calls-and-awards\/"},{"@type":"ListItem","position":3,"name":"Horizon Europe","item":"https:\/\/www.cde.ual.es\/en\/category\/eu-calls-and-awards\/horizon-europe\/"},{"@type":"ListItem","position":4,"name":"Global Challenges, EU Industrial Comp.","item":"https:\/\/www.cde.ual.es\/en\/category\/eu-calls-and-awards\/horizon-europe\/glob-challenges-en\/"},{"@type":"ListItem","position":5,"name":"Horizon 2020: European capacities for citizen deliberation and participation for the Green Deal"}]},{"@type":"WebSite","@id":"https:\/\/www.cde.ual.es\/#website","url":"https:\/\/www.cde.ual.es\/","name":"CDE Almer\u00eda - Centro de Documentaci\u00f3n Europea - Universidad de Almer\u00eda","description":"Centro de Documentaci\u00f3n Europea de la Universidad de Almer\u00eda","publisher":{"@id":"https:\/\/www.cde.ual.es\/#organization"},"alternateName":"CDE Almer\u00eda","potentialAction":[{"@type":"SearchAction","target":{"@type":"EntryPoint","urlTemplate":"https:\/\/www.cde.ual.es\/?s={search_term_string}"},"query-input":{"@type":"PropertyValueSpecification","valueRequired":true,"valueName":"search_term_string"}}],"inLanguage":"en-US"},{"@type":"Organization","@id":"https:\/\/www.cde.ual.es\/#organization","name":"Centro de Documentaci\u00f3n Europea de Almer\u00eda","url":"https:\/\/www.cde.ual.es\/","logo":{"@type":"ImageObject","inLanguage":"en-US","@id":"https:\/\/www.cde.ual.es\/#\/schema\/logo\/image\/","url":"https:\/\/www.cde.ual.es\/wp-content\/uploads\/2025\/07\/cde-logo-3.png","contentUrl":"https:\/\/www.cde.ual.es\/wp-content\/uploads\/2025\/07\/cde-logo-3.png","width":1400,"height":300,"caption":"Centro de Documentaci\u00f3n Europea de Almer\u00eda"},"image":{"@id":"https:\/\/www.cde.ual.es\/#\/schema\/logo\/image\/"},"sameAs":["https:\/\/www.facebook.com\/cdeuniversidadalmeria\/","https:\/\/x.com\/cdeualmeria","https:\/\/www.tiktok.com\/@cdealmeria","https:\/\/www.instagram.com\/cdealmeria\/","https:\/\/www.linkedin.com\/in\/cde-almera-812b26a9\/"]},{"@type":"Person","@id":"https:\/\/www.cde.ual.es\/#\/schema\/person\/ee46ebc19edfa19598c02cff83335acc","name":"BECA 2 CDE","image":{"@type":"ImageObject","inLanguage":"en-US","@id":"https:\/\/secure.gravatar.com\/avatar\/35a481bbc04bbd90e91bdfa3b0b5541036c222a49b9ad37b6889a2afcb5311a5?s=96&d=mm&r=g","url":"https:\/\/secure.gravatar.com\/avatar\/35a481bbc04bbd90e91bdfa3b0b5541036c222a49b9ad37b6889a2afcb5311a5?s=96&d=mm&r=g","contentUrl":"https:\/\/secure.gravatar.com\/avatar\/35a481bbc04bbd90e91bdfa3b0b5541036c222a49b9ad37b6889a2afcb5311a5?s=96&d=mm&r=g","caption":"BECA 2 CDE"},"sameAs":["http:\/\/www.cdealmeria.com"]}]}},"_links":{"self":[{"href":"https:\/\/www.cde.ual.es\/en\/wp-json\/wp\/v2\/posts\/58874","targetHints":{"allow":["GET"]}}],"collection":[{"href":"https:\/\/www.cde.ual.es\/en\/wp-json\/wp\/v2\/posts"}],"about":[{"href":"https:\/\/www.cde.ual.es\/en\/wp-json\/wp\/v2\/types\/post"}],"author":[{"embeddable":true,"href":"https:\/\/www.cde.ual.es\/en\/wp-json\/wp\/v2\/users\/101011"}],"replies":[{"embeddable":true,"href":"https:\/\/www.cde.ual.es\/en\/wp-json\/wp\/v2\/comments?post=58874"}],"version-history":[{"count":0,"href":"https:\/\/www.cde.ual.es\/en\/wp-json\/wp\/v2\/posts\/58874\/revisions"}],"wp:featuredmedia":[{"embeddable":true,"href":"https:\/\/www.cde.ual.es\/en\/wp-json\/wp\/v2\/media\/58872"}],"wp:attachment":[{"href":"https:\/\/www.cde.ual.es\/en\/wp-json\/wp\/v2\/media?parent=58874"}],"wp:term":[{"taxonomy":"category","embeddable":true,"href":"https:\/\/www.cde.ual.es\/en\/wp-json\/wp\/v2\/categories?post=58874"},{"taxonomy":"post_tag","embeddable":true,"href":"https:\/\/www.cde.ual.es\/en\/wp-json\/wp\/v2\/tags?post=58874"}],"curies":[{"name":"wp","href":"https:\/\/api.w.org\/{rel}","templated":true}]}}