{"id":5852,"date":"2018-06-11T11:27:12","date_gmt":"2018-06-11T09:27:12","guid":{"rendered":"http:\/\/www.cde.ual.es\/?p=5852"},"modified":"2018-06-11T11:27:12","modified_gmt":"2018-06-11T09:27:12","slug":"el-parlamento-europeo-propone-reglas-comunes-en-materia-de-drones-un-sector-al-alza-en-espana","status":"publish","type":"post","link":"https:\/\/www.cde.ual.es\/en\/el-parlamento-europeo-propone-reglas-comunes-en-materia-de-drones-un-sector-al-alza-en-espana\/","title":{"rendered":"El Parlamento Europeo propone reglas comunes en materia de drones, un sector al alza en Espa\u00f1a"},"content":{"rendered":"<h3>El pr\u00f3ximo 12 de junio, el pleno del Parlamento Europeo votar\u00e1 en Estrasburgo reglas comunes sobre el uso de estas aeronaves no tripuladas<\/h3>\n<p>Cerca de 3.000 operadores de drones han iniciado su actividad en Espa\u00f1a a lo largo de los \u00faltimos tres a\u00f1os, seg\u00fan datos de la Agencia Estatal de Seguridad A\u00e9rea (AESA). En Espa\u00f1a est\u00e1n registrados 4.283 drones y existen 74 centros de formaci\u00f3n<br \/>\nEl pr\u00f3ximo 12 de junio, el Parlamento Europeo votar\u00e1 en el pleno de Estrasburgo nuevas medidas de seguridad a\u00e9rea en materia de drones, sector al alza en Espa\u00f1a, donde en los \u00faltimos tres a\u00f1os cerca de 3.000 operadores de este tipo de aeronaves no tripuladas han iniciado su actividad, seg\u00fan datos de la Agencia Estatal de Seguridad Europea (AESA).<\/p>\n<p>El objetivo de la Uni\u00f3n Europea es que drones de todos los tama\u00f1os vuelen con seguridad en el espacio a\u00e9reo del continente. Actualmente, los drones que pesan m\u00e1s de 150 kg (es decir, la mayor\u00eda) son competencia de las autoridades nacionales, por lo que en la UE \u201cexiste un marco normativo fragmentado, diferentes est\u00e1ndares t\u00e9cnicos y de seguridad, y esto supone un quebradero de cabeza\u201d, apuntan desde la comisi\u00f3n de Transportes del PE.<\/p>\n<p>\u201cEl uso de drones entra\u00f1a una serie de riesgos de seguridad, pueden da\u00f1ar otras aeronaves, causar lesiones, producir contaminaci\u00f3n a\u00e9rea y ac\u00fastica. Adem\u00e1s, los drones con c\u00e1maras pueden ser intrusivos y registrar datos personales sin consentimiento\u201d, seg\u00fan la misma fuente.<\/p>\n<h3>La seguridad en Espa\u00f1a<\/h3>\n<p>Para la AESA, organismo encargado de regular en Espa\u00f1a el uso de este tipo de aparatos, la seguridad es tambi\u00e9n uno de los aspectos \u201cm\u00e1s importantes\u201d. Y, en ese sentido, se aplican en la actualidad una serie de reglas a escala nacional.<\/p>\n<p>\u201cCreemos necesario que los drones incorporen un dispositivo limitador de energ\u00eda de impacto, lo que se conoce como paraca\u00eddas\u201d, explican. \u201cY no permitimos que aparatos de m\u00e1s de 10 kg sobrevuelen aglomeraciones de personas o edificios\u201d.<\/p>\n<p>La AESA supedita el futuro del sector a lo que se invierta en seguridad. \u201cLa seguridad de las personas, el mobiliario o la de otras aeronaves no puede verse afectadas por el uso de los drones\u201d.<\/p>\n<p>Seg\u00fan los \u00faltimos datos de la agencia estatal, Espa\u00f1a cuenta en la actualidad 3.693 pilotos de drones, 4.283 naves de este tipo registradas y 74 escuelas de formaci\u00f3n ATOS (\u00fanicos organismos que pueden expedir una licencia de pilotaje).<\/p>\n<p>La comunidad aut\u00f3noma con m\u00e1s escuelas de este tipo es Madrid, con 21 centros, seguida de Catalu\u00f1a (14), Andaluc\u00eda (9), Castilla Le\u00f3n, Comunidad Valenciana y Galicia, con cinco cada una. Islas Canarias y Pa\u00eds Vasco cuentan con tres centros, Islas Baleares tiene dos y Extremadura y Murcia, uno.<\/p>\n<h3>Empleo en la UE<\/h3>\n<p>Tras la seguridad y la legalidad, el empleo es la otra gran preocupaci\u00f3n de la UE a la hora de encarar los retos que plantea este sector.<\/p>\n<p>Seg\u00fan un reciente estudio de la Comisi\u00f3n Europea, est\u00e1 previsto que de aqu\u00ed hasta el a\u00f1o 2035 el sector europeo de los drones \u201cemplee directamente a m\u00e1s de 100 000 personas\u201d y \u201ctenga un impacto econ\u00f3mico superior a los 10 000 millones de euros al a\u00f1o, principalmente en el sector de los servicios\u201d.<\/p>\n<p>Tambi\u00e9n se estima que, en 10 a\u00f1os, la industria de los drones represente el 10% del mercado total de aviaci\u00f3n de la UE (alrededor de 15.000 millones de euros al a\u00f1o).<\/p>\n<h2>Pr\u00f3ximos pasos<\/h2>\n<p>El Parlamento debatir\u00e1 el 11 de junio de 2018 y votar\u00e1 al d\u00eda siguiente las nuevas normas sobre seguridad a\u00e9rea de la UE, incluidos los requisitos para los drones. Una vez que la nueva legislaci\u00f3n entre en vigor, la Comisi\u00f3n Europea trabajar\u00e1 en reglas m\u00e1s detalladas a trav\u00e9s de actos de implementaci\u00f3n.<\/p>\n<p>&nbsp;<\/p>\n<p>M\u00e1s informaci\u00f3n en :\u00a0<a href=\"http:\/\/www.europarl.europa.eu\/spain\/es\/sala_de_prensa\/communicados_de_prensa\/pr-2018\/06-2018\/070920182.html\">Noticia Completa<\/a><\/p>\n","protected":false},"excerpt":{"rendered":"<p>El pr\u00f3ximo 12 de junio, el pleno del Parlamento Europeo votar\u00e1 en Estrasburgo reglas comunes sobre el uso de estas aeronaves no tripuladas Cerca de 3.000 operadores de drones han iniciado su actividad en Espa\u00f1a a lo largo de los \u00faltimos tres a\u00f1os, seg\u00fan datos de la Agencia Estatal de Seguridad A\u00e9rea (AESA). En Espa\u00f1a [&hellip;]<\/p>\n","protected":false},"author":101012,"featured_media":5855,"comment_status":"open","ping_status":"open","sticky":false,"template":"","format":"standard","meta":{"_acf_changed":false,"_relevanssi_hide_post":"","_relevanssi_hide_content":"","_relevanssi_pin_for_all":"","_relevanssi_pin_keywords":"","_relevanssi_unpin_keywords":"","_relevanssi_related_keywords":"","_relevanssi_related_include_ids":"","_relevanssi_related_exclude_ids":"","_relevanssi_related_no_append":"","_relevanssi_related_not_related":"","_relevanssi_related_posts":"","_relevanssi_noindex_reason":"","_monsterinsights_skip_tracking":false,"_monsterinsights_sitenote_active":false,"_monsterinsights_sitenote_note":"","_monsterinsights_sitenote_category":0,"_genesis_hide_title":false,"_genesis_hide_breadcrumbs":false,"_genesis_hide_singular_image":false,"_genesis_hide_footer_widgets":false,"_genesis_custom_body_class":"","_genesis_custom_post_class":"","_genesis_layout":"","footnotes":""},"categories":[1],"tags":[150],"class_list":{"0":"post-5852","1":"post","2":"type-post","3":"status-publish","4":"format-standard","5":"has-post-thumbnail","7":"category-sin-categorizar","8":"tag-innovacion","9":"entry"},"acf":[],"yoast_head":"<!-- This site is optimized with the Yoast SEO plugin v27.4 - https:\/\/yoast.com\/product\/yoast-seo-wordpress\/ -->\n<title>El Parlamento Europeo propone reglas comunes en materia de drones, un sector al alza en Espa\u00f1a | CDE Almer\u00eda - Centro de Documentaci\u00f3n Europea - Universidad de Almer\u00eda<\/title>\n<meta name=\"robots\" content=\"index, follow, max-snippet:-1, max-image-preview:large, max-video-preview:-1\" \/>\n<link rel=\"canonical\" href=\"https:\/\/www.cde.ual.es\/el-parlamento-europeo-propone-reglas-comunes-en-materia-de-drones-un-sector-al-alza-en-espana\/\" \/>\n<meta property=\"og:locale\" content=\"en_US\" \/>\n<meta property=\"og:type\" content=\"article\" \/>\n<meta property=\"og:title\" content=\"El Parlamento Europeo propone reglas comunes en materia de drones, un sector al alza en Espa\u00f1a | CDE Almer\u00eda - Centro de Documentaci\u00f3n Europea - Universidad de Almer\u00eda\" \/>\n<meta property=\"og:description\" content=\"El pr\u00f3ximo 12 de junio, el pleno del Parlamento Europeo votar\u00e1 en Estrasburgo reglas comunes sobre el uso de estas aeronaves no tripuladas Cerca de 3.000 operadores de drones han iniciado su actividad en Espa\u00f1a a lo largo de los \u00faltimos tres a\u00f1os, seg\u00fan datos de la Agencia Estatal de Seguridad A\u00e9rea (AESA). En Espa\u00f1a [&hellip;]\" \/>\n<meta property=\"og:url\" content=\"https:\/\/www.cde.ual.es\/el-parlamento-europeo-propone-reglas-comunes-en-materia-de-drones-un-sector-al-alza-en-espana\/\" \/>\n<meta property=\"og:site_name\" content=\"CDE Almer\u00eda - Centro de Documentaci\u00f3n Europea - Universidad de Almer\u00eda\" \/>\n<meta property=\"article:publisher\" content=\"https:\/\/www.facebook.com\/cdeuniversidadalmeria\/\" \/>\n<meta property=\"article:published_time\" content=\"2018-06-11T09:27:12+00:00\" \/>\n<meta property=\"og:image\" content=\"https:\/\/www.cde.ual.es\/wp-content\/uploads\/2018\/06\/Drones.jpg\" \/>\n\t<meta property=\"og:image:width\" content=\"800\" \/>\n\t<meta property=\"og:image:height\" content=\"533\" \/>\n\t<meta property=\"og:image:type\" content=\"image\/jpeg\" \/>\n<meta name=\"author\" content=\"BECACDE1\" \/>\n<meta name=\"twitter:card\" content=\"summary_large_image\" \/>\n<meta name=\"twitter:creator\" content=\"@cdeualmeria\" \/>\n<meta name=\"twitter:site\" content=\"@cdeualmeria\" \/>\n<meta name=\"twitter:label1\" content=\"Written by\" \/>\n\t<meta name=\"twitter:data1\" content=\"BECACDE1\" \/>\n\t<meta name=\"twitter:label2\" content=\"Est. reading time\" \/>\n\t<meta name=\"twitter:data2\" content=\"3 minutes\" \/>\n<script type=\"application\/ld+json\" class=\"yoast-schema-graph\">{\"@context\":\"https:\\\/\\\/schema.org\",\"@graph\":[{\"@type\":\"Article\",\"@id\":\"https:\\\/\\\/www.cde.ual.es\\\/el-parlamento-europeo-propone-reglas-comunes-en-materia-de-drones-un-sector-al-alza-en-espana\\\/#article\",\"isPartOf\":{\"@id\":\"https:\\\/\\\/www.cde.ual.es\\\/el-parlamento-europeo-propone-reglas-comunes-en-materia-de-drones-un-sector-al-alza-en-espana\\\/\"},\"author\":{\"name\":\"BECACDE1\",\"@id\":\"https:\\\/\\\/www.cde.ual.es\\\/#\\\/schema\\\/person\\\/bf2f837cf3353e2161fe1087adbd728f\"},\"headline\":\"El Parlamento Europeo propone reglas comunes en materia de drones, un sector al alza en Espa\u00f1a\",\"datePublished\":\"2018-06-11T09:27:12+00:00\",\"mainEntityOfPage\":{\"@id\":\"https:\\\/\\\/www.cde.ual.es\\\/el-parlamento-europeo-propone-reglas-comunes-en-materia-de-drones-un-sector-al-alza-en-espana\\\/\"},\"wordCount\":675,\"commentCount\":0,\"publisher\":{\"@id\":\"https:\\\/\\\/www.cde.ual.es\\\/#organization\"},\"image\":{\"@id\":\"https:\\\/\\\/www.cde.ual.es\\\/el-parlamento-europeo-propone-reglas-comunes-en-materia-de-drones-un-sector-al-alza-en-espana\\\/#primaryimage\"},\"thumbnailUrl\":\"https:\\\/\\\/www.cde.ual.es\\\/wp-content\\\/uploads\\\/2018\\\/06\\\/Drones.jpg\",\"keywords\":[\"Innovaci\u00f3n\"],\"articleSection\":[\"Sin categorizar\"],\"inLanguage\":\"en-US\",\"potentialAction\":[{\"@type\":\"CommentAction\",\"name\":\"Comment\",\"target\":[\"https:\\\/\\\/www.cde.ual.es\\\/el-parlamento-europeo-propone-reglas-comunes-en-materia-de-drones-un-sector-al-alza-en-espana\\\/#respond\"]}]},{\"@type\":\"WebPage\",\"@id\":\"https:\\\/\\\/www.cde.ual.es\\\/el-parlamento-europeo-propone-reglas-comunes-en-materia-de-drones-un-sector-al-alza-en-espana\\\/\",\"url\":\"https:\\\/\\\/www.cde.ual.es\\\/el-parlamento-europeo-propone-reglas-comunes-en-materia-de-drones-un-sector-al-alza-en-espana\\\/\",\"name\":\"El Parlamento Europeo propone reglas comunes en materia de drones, un sector al alza en Espa\u00f1a | CDE Almer\u00eda - Centro de Documentaci\u00f3n Europea - Universidad de Almer\u00eda\",\"isPartOf\":{\"@id\":\"https:\\\/\\\/www.cde.ual.es\\\/#website\"},\"primaryImageOfPage\":{\"@id\":\"https:\\\/\\\/www.cde.ual.es\\\/el-parlamento-europeo-propone-reglas-comunes-en-materia-de-drones-un-sector-al-alza-en-espana\\\/#primaryimage\"},\"image\":{\"@id\":\"https:\\\/\\\/www.cde.ual.es\\\/el-parlamento-europeo-propone-reglas-comunes-en-materia-de-drones-un-sector-al-alza-en-espana\\\/#primaryimage\"},\"thumbnailUrl\":\"https:\\\/\\\/www.cde.ual.es\\\/wp-content\\\/uploads\\\/2018\\\/06\\\/Drones.jpg\",\"datePublished\":\"2018-06-11T09:27:12+00:00\",\"breadcrumb\":{\"@id\":\"https:\\\/\\\/www.cde.ual.es\\\/el-parlamento-europeo-propone-reglas-comunes-en-materia-de-drones-un-sector-al-alza-en-espana\\\/#breadcrumb\"},\"inLanguage\":\"en-US\",\"potentialAction\":[{\"@type\":\"ReadAction\",\"target\":[\"https:\\\/\\\/www.cde.ual.es\\\/el-parlamento-europeo-propone-reglas-comunes-en-materia-de-drones-un-sector-al-alza-en-espana\\\/\"]}]},{\"@type\":\"ImageObject\",\"inLanguage\":\"en-US\",\"@id\":\"https:\\\/\\\/www.cde.ual.es\\\/el-parlamento-europeo-propone-reglas-comunes-en-materia-de-drones-un-sector-al-alza-en-espana\\\/#primaryimage\",\"url\":\"https:\\\/\\\/www.cde.ual.es\\\/wp-content\\\/uploads\\\/2018\\\/06\\\/Drones.jpg\",\"contentUrl\":\"https:\\\/\\\/www.cde.ual.es\\\/wp-content\\\/uploads\\\/2018\\\/06\\\/Drones.jpg\",\"width\":800,\"height\":533},{\"@type\":\"BreadcrumbList\",\"@id\":\"https:\\\/\\\/www.cde.ual.es\\\/el-parlamento-europeo-propone-reglas-comunes-en-materia-de-drones-un-sector-al-alza-en-espana\\\/#breadcrumb\",\"itemListElement\":[{\"@type\":\"ListItem\",\"position\":1,\"name\":\"Inicio\",\"item\":\"https:\\\/\\\/www.cde.ual.es\\\/en\\\/\"},{\"@type\":\"ListItem\",\"position\":2,\"name\":\"Sin categorizar\",\"item\":\"https:\\\/\\\/www.cde.ual.es\\\/category\\\/sin-categorizar\\\/\"},{\"@type\":\"ListItem\",\"position\":3,\"name\":\"El Parlamento Europeo propone reglas comunes en materia de drones, un sector al alza en Espa\u00f1a\"}]},{\"@type\":\"WebSite\",\"@id\":\"https:\\\/\\\/www.cde.ual.es\\\/#website\",\"url\":\"https:\\\/\\\/www.cde.ual.es\\\/\",\"name\":\"CDE Almer\u00eda - Centro de Documentaci\u00f3n Europea - Universidad de Almer\u00eda\",\"description\":\"Centro de Documentaci\u00f3n Europea de la Universidad de Almer\u00eda\",\"publisher\":{\"@id\":\"https:\\\/\\\/www.cde.ual.es\\\/#organization\"},\"alternateName\":\"CDE Almer\u00eda\",\"potentialAction\":[{\"@type\":\"SearchAction\",\"target\":{\"@type\":\"EntryPoint\",\"urlTemplate\":\"https:\\\/\\\/www.cde.ual.es\\\/?s={search_term_string}\"},\"query-input\":{\"@type\":\"PropertyValueSpecification\",\"valueRequired\":true,\"valueName\":\"search_term_string\"}}],\"inLanguage\":\"en-US\"},{\"@type\":\"Organization\",\"@id\":\"https:\\\/\\\/www.cde.ual.es\\\/#organization\",\"name\":\"Centro de Documentaci\u00f3n Europea de Almer\u00eda\",\"url\":\"https:\\\/\\\/www.cde.ual.es\\\/\",\"logo\":{\"@type\":\"ImageObject\",\"inLanguage\":\"en-US\",\"@id\":\"https:\\\/\\\/www.cde.ual.es\\\/#\\\/schema\\\/logo\\\/image\\\/\",\"url\":\"https:\\\/\\\/www.cde.ual.es\\\/wp-content\\\/uploads\\\/2025\\\/07\\\/cde-logo-3.png\",\"contentUrl\":\"https:\\\/\\\/www.cde.ual.es\\\/wp-content\\\/uploads\\\/2025\\\/07\\\/cde-logo-3.png\",\"width\":1400,\"height\":300,\"caption\":\"Centro de Documentaci\u00f3n Europea de Almer\u00eda\"},\"image\":{\"@id\":\"https:\\\/\\\/www.cde.ual.es\\\/#\\\/schema\\\/logo\\\/image\\\/\"},\"sameAs\":[\"https:\\\/\\\/www.facebook.com\\\/cdeuniversidadalmeria\\\/\",\"https:\\\/\\\/x.com\\\/cdeualmeria\",\"https:\\\/\\\/www.tiktok.com\\\/@cdealmeria\",\"https:\\\/\\\/www.instagram.com\\\/cdealmeria\\\/\",\"https:\\\/\\\/www.linkedin.com\\\/in\\\/cde-almera-812b26a9\\\/\"]},{\"@type\":\"Person\",\"@id\":\"https:\\\/\\\/www.cde.ual.es\\\/#\\\/schema\\\/person\\\/bf2f837cf3353e2161fe1087adbd728f\",\"name\":\"BECACDE1\",\"image\":{\"@type\":\"ImageObject\",\"inLanguage\":\"en-US\",\"@id\":\"https:\\\/\\\/secure.gravatar.com\\\/avatar\\\/16a4c1e422b5dec818ee13eab3353b19db9cfd278cc10f9b0e1188a37671d9d4?s=96&d=mm&r=g\",\"url\":\"https:\\\/\\\/secure.gravatar.com\\\/avatar\\\/16a4c1e422b5dec818ee13eab3353b19db9cfd278cc10f9b0e1188a37671d9d4?s=96&d=mm&r=g\",\"contentUrl\":\"https:\\\/\\\/secure.gravatar.com\\\/avatar\\\/16a4c1e422b5dec818ee13eab3353b19db9cfd278cc10f9b0e1188a37671d9d4?s=96&d=mm&r=g\",\"caption\":\"BECACDE1\"},\"sameAs\":[\"http:\\\/\\\/www.cdealmeria.com\"]}]}<\/script>\n<!-- \/ Yoast SEO plugin. -->","yoast_head_json":{"title":"El Parlamento Europeo propone reglas comunes en materia de drones, un sector al alza en Espa\u00f1a | CDE Almer\u00eda - Centro de Documentaci\u00f3n Europea - Universidad de Almer\u00eda","robots":{"index":"index","follow":"follow","max-snippet":"max-snippet:-1","max-image-preview":"max-image-preview:large","max-video-preview":"max-video-preview:-1"},"canonical":"https:\/\/www.cde.ual.es\/el-parlamento-europeo-propone-reglas-comunes-en-materia-de-drones-un-sector-al-alza-en-espana\/","og_locale":"en_US","og_type":"article","og_title":"El Parlamento Europeo propone reglas comunes en materia de drones, un sector al alza en Espa\u00f1a | CDE Almer\u00eda - Centro de Documentaci\u00f3n Europea - Universidad de Almer\u00eda","og_description":"El pr\u00f3ximo 12 de junio, el pleno del Parlamento Europeo votar\u00e1 en Estrasburgo reglas comunes sobre el uso de estas aeronaves no tripuladas Cerca de 3.000 operadores de drones han iniciado su actividad en Espa\u00f1a a lo largo de los \u00faltimos tres a\u00f1os, seg\u00fan datos de la Agencia Estatal de Seguridad A\u00e9rea (AESA). En Espa\u00f1a [&hellip;]","og_url":"https:\/\/www.cde.ual.es\/el-parlamento-europeo-propone-reglas-comunes-en-materia-de-drones-un-sector-al-alza-en-espana\/","og_site_name":"CDE Almer\u00eda - Centro de Documentaci\u00f3n Europea - Universidad de Almer\u00eda","article_publisher":"https:\/\/www.facebook.com\/cdeuniversidadalmeria\/","article_published_time":"2018-06-11T09:27:12+00:00","og_image":[{"width":800,"height":533,"url":"https:\/\/www.cde.ual.es\/wp-content\/uploads\/2018\/06\/Drones.jpg","type":"image\/jpeg"}],"author":"BECACDE1","twitter_card":"summary_large_image","twitter_creator":"@cdeualmeria","twitter_site":"@cdeualmeria","twitter_misc":{"Written by":"BECACDE1","Est. reading time":"3 minutes"},"schema":{"@context":"https:\/\/schema.org","@graph":[{"@type":"Article","@id":"https:\/\/www.cde.ual.es\/el-parlamento-europeo-propone-reglas-comunes-en-materia-de-drones-un-sector-al-alza-en-espana\/#article","isPartOf":{"@id":"https:\/\/www.cde.ual.es\/el-parlamento-europeo-propone-reglas-comunes-en-materia-de-drones-un-sector-al-alza-en-espana\/"},"author":{"name":"BECACDE1","@id":"https:\/\/www.cde.ual.es\/#\/schema\/person\/bf2f837cf3353e2161fe1087adbd728f"},"headline":"El Parlamento Europeo propone reglas comunes en materia de drones, un sector al alza en Espa\u00f1a","datePublished":"2018-06-11T09:27:12+00:00","mainEntityOfPage":{"@id":"https:\/\/www.cde.ual.es\/el-parlamento-europeo-propone-reglas-comunes-en-materia-de-drones-un-sector-al-alza-en-espana\/"},"wordCount":675,"commentCount":0,"publisher":{"@id":"https:\/\/www.cde.ual.es\/#organization"},"image":{"@id":"https:\/\/www.cde.ual.es\/el-parlamento-europeo-propone-reglas-comunes-en-materia-de-drones-un-sector-al-alza-en-espana\/#primaryimage"},"thumbnailUrl":"https:\/\/www.cde.ual.es\/wp-content\/uploads\/2018\/06\/Drones.jpg","keywords":["Innovaci\u00f3n"],"articleSection":["Sin categorizar"],"inLanguage":"en-US","potentialAction":[{"@type":"CommentAction","name":"Comment","target":["https:\/\/www.cde.ual.es\/el-parlamento-europeo-propone-reglas-comunes-en-materia-de-drones-un-sector-al-alza-en-espana\/#respond"]}]},{"@type":"WebPage","@id":"https:\/\/www.cde.ual.es\/el-parlamento-europeo-propone-reglas-comunes-en-materia-de-drones-un-sector-al-alza-en-espana\/","url":"https:\/\/www.cde.ual.es\/el-parlamento-europeo-propone-reglas-comunes-en-materia-de-drones-un-sector-al-alza-en-espana\/","name":"El Parlamento Europeo propone reglas comunes en materia de drones, un sector al alza en Espa\u00f1a | CDE Almer\u00eda - Centro de Documentaci\u00f3n Europea - Universidad de Almer\u00eda","isPartOf":{"@id":"https:\/\/www.cde.ual.es\/#website"},"primaryImageOfPage":{"@id":"https:\/\/www.cde.ual.es\/el-parlamento-europeo-propone-reglas-comunes-en-materia-de-drones-un-sector-al-alza-en-espana\/#primaryimage"},"image":{"@id":"https:\/\/www.cde.ual.es\/el-parlamento-europeo-propone-reglas-comunes-en-materia-de-drones-un-sector-al-alza-en-espana\/#primaryimage"},"thumbnailUrl":"https:\/\/www.cde.ual.es\/wp-content\/uploads\/2018\/06\/Drones.jpg","datePublished":"2018-06-11T09:27:12+00:00","breadcrumb":{"@id":"https:\/\/www.cde.ual.es\/el-parlamento-europeo-propone-reglas-comunes-en-materia-de-drones-un-sector-al-alza-en-espana\/#breadcrumb"},"inLanguage":"en-US","potentialAction":[{"@type":"ReadAction","target":["https:\/\/www.cde.ual.es\/el-parlamento-europeo-propone-reglas-comunes-en-materia-de-drones-un-sector-al-alza-en-espana\/"]}]},{"@type":"ImageObject","inLanguage":"en-US","@id":"https:\/\/www.cde.ual.es\/el-parlamento-europeo-propone-reglas-comunes-en-materia-de-drones-un-sector-al-alza-en-espana\/#primaryimage","url":"https:\/\/www.cde.ual.es\/wp-content\/uploads\/2018\/06\/Drones.jpg","contentUrl":"https:\/\/www.cde.ual.es\/wp-content\/uploads\/2018\/06\/Drones.jpg","width":800,"height":533},{"@type":"BreadcrumbList","@id":"https:\/\/www.cde.ual.es\/el-parlamento-europeo-propone-reglas-comunes-en-materia-de-drones-un-sector-al-alza-en-espana\/#breadcrumb","itemListElement":[{"@type":"ListItem","position":1,"name":"Inicio","item":"https:\/\/www.cde.ual.es\/en\/"},{"@type":"ListItem","position":2,"name":"Sin categorizar","item":"https:\/\/www.cde.ual.es\/category\/sin-categorizar\/"},{"@type":"ListItem","position":3,"name":"El Parlamento Europeo propone reglas comunes en materia de drones, un sector al alza en Espa\u00f1a"}]},{"@type":"WebSite","@id":"https:\/\/www.cde.ual.es\/#website","url":"https:\/\/www.cde.ual.es\/","name":"CDE Almer\u00eda - Centro de Documentaci\u00f3n Europea - Universidad de Almer\u00eda","description":"Centro de Documentaci\u00f3n Europea de la Universidad de Almer\u00eda","publisher":{"@id":"https:\/\/www.cde.ual.es\/#organization"},"alternateName":"CDE Almer\u00eda","potentialAction":[{"@type":"SearchAction","target":{"@type":"EntryPoint","urlTemplate":"https:\/\/www.cde.ual.es\/?s={search_term_string}"},"query-input":{"@type":"PropertyValueSpecification","valueRequired":true,"valueName":"search_term_string"}}],"inLanguage":"en-US"},{"@type":"Organization","@id":"https:\/\/www.cde.ual.es\/#organization","name":"Centro de Documentaci\u00f3n Europea de Almer\u00eda","url":"https:\/\/www.cde.ual.es\/","logo":{"@type":"ImageObject","inLanguage":"en-US","@id":"https:\/\/www.cde.ual.es\/#\/schema\/logo\/image\/","url":"https:\/\/www.cde.ual.es\/wp-content\/uploads\/2025\/07\/cde-logo-3.png","contentUrl":"https:\/\/www.cde.ual.es\/wp-content\/uploads\/2025\/07\/cde-logo-3.png","width":1400,"height":300,"caption":"Centro de Documentaci\u00f3n Europea de Almer\u00eda"},"image":{"@id":"https:\/\/www.cde.ual.es\/#\/schema\/logo\/image\/"},"sameAs":["https:\/\/www.facebook.com\/cdeuniversidadalmeria\/","https:\/\/x.com\/cdeualmeria","https:\/\/www.tiktok.com\/@cdealmeria","https:\/\/www.instagram.com\/cdealmeria\/","https:\/\/www.linkedin.com\/in\/cde-almera-812b26a9\/"]},{"@type":"Person","@id":"https:\/\/www.cde.ual.es\/#\/schema\/person\/bf2f837cf3353e2161fe1087adbd728f","name":"BECACDE1","image":{"@type":"ImageObject","inLanguage":"en-US","@id":"https:\/\/secure.gravatar.com\/avatar\/16a4c1e422b5dec818ee13eab3353b19db9cfd278cc10f9b0e1188a37671d9d4?s=96&d=mm&r=g","url":"https:\/\/secure.gravatar.com\/avatar\/16a4c1e422b5dec818ee13eab3353b19db9cfd278cc10f9b0e1188a37671d9d4?s=96&d=mm&r=g","contentUrl":"https:\/\/secure.gravatar.com\/avatar\/16a4c1e422b5dec818ee13eab3353b19db9cfd278cc10f9b0e1188a37671d9d4?s=96&d=mm&r=g","caption":"BECACDE1"},"sameAs":["http:\/\/www.cdealmeria.com"]}]}},"_links":{"self":[{"href":"https:\/\/www.cde.ual.es\/en\/wp-json\/wp\/v2\/posts\/5852","targetHints":{"allow":["GET"]}}],"collection":[{"href":"https:\/\/www.cde.ual.es\/en\/wp-json\/wp\/v2\/posts"}],"about":[{"href":"https:\/\/www.cde.ual.es\/en\/wp-json\/wp\/v2\/types\/post"}],"author":[{"embeddable":true,"href":"https:\/\/www.cde.ual.es\/en\/wp-json\/wp\/v2\/users\/101012"}],"replies":[{"embeddable":true,"href":"https:\/\/www.cde.ual.es\/en\/wp-json\/wp\/v2\/comments?post=5852"}],"version-history":[{"count":0,"href":"https:\/\/www.cde.ual.es\/en\/wp-json\/wp\/v2\/posts\/5852\/revisions"}],"wp:featuredmedia":[{"embeddable":true,"href":"https:\/\/www.cde.ual.es\/en\/wp-json\/wp\/v2\/media\/5855"}],"wp:attachment":[{"href":"https:\/\/www.cde.ual.es\/en\/wp-json\/wp\/v2\/media?parent=5852"}],"wp:term":[{"taxonomy":"category","embeddable":true,"href":"https:\/\/www.cde.ual.es\/en\/wp-json\/wp\/v2\/categories?post=5852"},{"taxonomy":"post_tag","embeddable":true,"href":"https:\/\/www.cde.ual.es\/en\/wp-json\/wp\/v2\/tags?post=5852"}],"curies":[{"name":"wp","href":"https:\/\/api.w.org\/{rel}","templated":true}]}}