{"id":58164,"date":"2020-12-09T03:00:54","date_gmt":"2020-12-09T02:00:54","guid":{"rendered":"https:\/\/www.cde.ual.es\/?p=58164"},"modified":"2021-11-17T08:53:18","modified_gmt":"2021-11-17T07:53:18","slug":"poland-should-stop-the-stigmatisation-of-lgbti-people","status":"publish","type":"post","link":"https:\/\/www.cde.ual.es\/en\/poland-should-stop-the-stigmatisation-of-lgbti-people\/","title":{"rendered":"Poland should stop the stigmatisation of LGBTI people"},"content":{"rendered":"<p><a href=\"https:\/\/www.cde.ual.es\/wp-content\/uploads\/2020\/12\/memorandum-poland-2002-870x489-1.jpg\"><img decoding=\"async\" class=\"aligncenter wp-image-58165 size-full\" src=\"https:\/\/www.cde.ual.es\/wp-content\/uploads\/2020\/12\/memorandum-poland-2002-870x489-1.jpg\" alt=\"Poland should stop the stigmatisation of LGBTI people\" width=\"870\" height=\"489\" srcset=\"https:\/\/www.cde.ual.es\/wp-content\/uploads\/2020\/12\/memorandum-poland-2002-870x489-1.jpg 870w, https:\/\/www.cde.ual.es\/wp-content\/uploads\/2020\/12\/memorandum-poland-2002-870x489-1-300x169.jpg 300w, https:\/\/www.cde.ual.es\/wp-content\/uploads\/2020\/12\/memorandum-poland-2002-870x489-1-768x432.jpg 768w\" sizes=\"(max-width: 870px) 100vw, 870px\" \/><\/a><\/p>\n<p class=\"chapeau\">\u201c<strong>Public officials and opinion makers<\/strong>\u00a0should stop promoting an atmosphere of hate and intolerance vis-\u00e0-vis\u00a0<strong>LGBTI people<\/strong>\u00a0and instead, improve respect for their human rights. Stigmatisation and hate speech carry a real risk of legitimising violence. LGBTI are people, not an ideology\u201d, said the Council of Europe<strong>\u00a0Commissioner for Human Rights, Dunja Mijatovi\u0107<\/strong>, in a memorandum published today in which she calls on the\u00a0<strong>Polish authorities<\/strong>\u00a0to reverse the current negative trends targeting lesbian, gay, bisexual, transgender and intersex (LGBTI) people and activists in the country. The memorandum builds on the Commissioner\u2019s work for the protection of the human rights of LGBTI people in Europe and follows online consultations with Polish authorities, national human rights structures and non-governmental organisations working on the rights of LGBTI people held between 12 and 23 October 2020.<\/p>\n<p>The Commissioner is deeply concerned about the visible rise in hateful rhetoric and the propagation of homophobic narratives by public officials and by other prominent bodies and figures in society in Poland. \u201cHate and dehumanisation have an impact not just on victims but also on the well-being of the society. They send a signal of social exclusion and threaten social cohesion\u201d, the Commissioner said. She strongly urges all public authorities, politicians and opinion leaders in Poland not to engage in hate speech or any discourse stigmatising LGBTI people, and to firmly denounce such actions and statements, including when they come from private parties. She further calls on Poland to ensure that hate speech and hate crime based on sexual orientation, gender identity and sex characteristics are properly punished in law and in practice, including by recognising bias motivated on these grounds as an aggravating circumstance for hate crimes.<\/p>\n<p>The Commissioner was particularly disturbed by the adoption of anti-LGBT declarations and charters by many local governments and municipalities in Poland and by examples of public support for homophobic projects and initiatives. In her view, these actions send an extremely alarming signal of public approval for hate, intolerance and exclusion, effectively incentivising such behaviour. Emphasising that all people are equal and deserve to be treated as such, the Commissioner calls for the anti-LGBT declarations and charters to be revoked and urges the Polish government to ensure that initiatives which directly or indirectly promote hate and intolerance against LGBTI people do not receive public support. The Commissioner also calls for the rejection of several bills targeting LGBTI people which are currently pending in the Polish parliament.<\/p>\n<h3>More information<\/h3>\n<p><a href=\"https:\/\/www.coe.int\/en\/web\/portal\/-\/poland-should-stop-the-stigmatisation-of-lgbti-people\">Press release &#8211; Council of Europe<\/a><\/p>\n","protected":false},"excerpt":{"rendered":"<p>\u201cPublic officials and opinion makers\u00a0should stop promoting an atmosphere of hate and intolerance vis-\u00e0-vis\u00a0LGBTI people\u00a0and instead, improve respect for their human rights. Stigmatisation and hate speech carry a real risk of legitimising violence. LGBTI are people, not an ideology\u201d, said the Council of Europe\u00a0Commissioner for Human Rights, Dunja Mijatovi\u0107, in a memorandum published today in [&hellip;]<\/p>\n","protected":false},"author":101011,"featured_media":58165,"comment_status":"open","ping_status":"open","sticky":false,"template":"","format":"standard","meta":{"_acf_changed":false,"_relevanssi_hide_post":"","_relevanssi_hide_content":"","_relevanssi_pin_for_all":"","_relevanssi_pin_keywords":"","_relevanssi_unpin_keywords":"","_relevanssi_related_keywords":"","_relevanssi_related_include_ids":"","_relevanssi_related_exclude_ids":"","_relevanssi_related_no_append":"","_relevanssi_related_not_related":"","_relevanssi_related_posts":"","_relevanssi_noindex_reason":"","_monsterinsights_skip_tracking":false,"_monsterinsights_sitenote_active":false,"_monsterinsights_sitenote_note":"","_monsterinsights_sitenote_category":0,"_genesis_hide_title":false,"_genesis_hide_breadcrumbs":false,"_genesis_hide_singular_image":false,"_genesis_hide_footer_widgets":false,"_genesis_custom_body_class":"","_genesis_custom_post_class":"","_genesis_layout":"","footnotes":""},"categories":[4071,4069,346,4067],"tags":[2477,1591],"class_list":{"0":"post-58164","1":"post","2":"type-post","3":"status-publish","4":"format-standard","5":"has-post-thumbnail","7":"category-education-culture","8":"category-equality","9":"category-eu-news","10":"category-social-affairs","11":"tag-lgtbi","12":"tag-poland","13":"entry"},"acf":[],"yoast_head":"<!-- This site is optimized with the Yoast SEO plugin v27.4 - https:\/\/yoast.com\/product\/yoast-seo-wordpress\/ -->\n<title>Poland should stop the stigmatisation of LGBTI people | CDE Almer\u00eda - Centro de Documentaci\u00f3n Europea - Universidad de Almer\u00eda<\/title>\n<meta name=\"robots\" content=\"index, follow, max-snippet:-1, max-image-preview:large, max-video-preview:-1\" \/>\n<link rel=\"canonical\" href=\"https:\/\/www.cde.ual.es\/en\/poland-should-stop-the-stigmatisation-of-lgbti-people\/\" \/>\n<meta property=\"og:locale\" content=\"en_US\" \/>\n<meta property=\"og:type\" content=\"article\" \/>\n<meta property=\"og:title\" content=\"Poland should stop the stigmatisation of LGBTI people | CDE Almer\u00eda - Centro de Documentaci\u00f3n Europea - Universidad de Almer\u00eda\" \/>\n<meta property=\"og:description\" content=\"\u201cPublic officials and opinion makers\u00a0should stop promoting an atmosphere of hate and intolerance vis-\u00e0-vis\u00a0LGBTI people\u00a0and instead, improve respect for their human rights. Stigmatisation and hate speech carry a real risk of legitimising violence. LGBTI are people, not an ideology\u201d, said the Council of Europe\u00a0Commissioner for Human Rights, Dunja Mijatovi\u0107, in a memorandum published today in [&hellip;]\" \/>\n<meta property=\"og:url\" content=\"https:\/\/www.cde.ual.es\/en\/poland-should-stop-the-stigmatisation-of-lgbti-people\/\" \/>\n<meta property=\"og:site_name\" content=\"CDE Almer\u00eda - Centro de Documentaci\u00f3n Europea - Universidad de Almer\u00eda\" \/>\n<meta property=\"article:publisher\" content=\"https:\/\/www.facebook.com\/cdeuniversidadalmeria\/\" \/>\n<meta property=\"article:published_time\" content=\"2020-12-09T02:00:54+00:00\" \/>\n<meta property=\"article:modified_time\" content=\"2021-11-17T07:53:18+00:00\" \/>\n<meta property=\"og:image\" content=\"https:\/\/www.cde.ual.es\/wp-content\/uploads\/2020\/12\/memorandum-poland-2002-870x489-1.jpg\" \/>\n\t<meta property=\"og:image:width\" content=\"870\" \/>\n\t<meta property=\"og:image:height\" content=\"489\" \/>\n\t<meta property=\"og:image:type\" content=\"image\/jpeg\" \/>\n<meta name=\"author\" content=\"BECA 2 CDE\" \/>\n<meta name=\"twitter:card\" content=\"summary_large_image\" \/>\n<meta name=\"twitter:creator\" content=\"@cdeualmeria\" \/>\n<meta name=\"twitter:site\" content=\"@cdeualmeria\" \/>\n<meta name=\"twitter:label1\" content=\"Written by\" \/>\n\t<meta name=\"twitter:data1\" content=\"BECA 2 CDE\" \/>\n\t<meta name=\"twitter:label2\" content=\"Est. reading time\" \/>\n\t<meta name=\"twitter:data2\" content=\"2 minutes\" \/>\n<script type=\"application\/ld+json\" class=\"yoast-schema-graph\">{\"@context\":\"https:\\\/\\\/schema.org\",\"@graph\":[{\"@type\":\"Article\",\"@id\":\"https:\\\/\\\/www.cde.ual.es\\\/en\\\/poland-should-stop-the-stigmatisation-of-lgbti-people\\\/#article\",\"isPartOf\":{\"@id\":\"https:\\\/\\\/www.cde.ual.es\\\/en\\\/poland-should-stop-the-stigmatisation-of-lgbti-people\\\/\"},\"author\":{\"name\":\"BECA 2 CDE\",\"@id\":\"https:\\\/\\\/www.cde.ual.es\\\/#\\\/schema\\\/person\\\/ee46ebc19edfa19598c02cff83335acc\"},\"headline\":\"Poland should stop the stigmatisation of LGBTI people\",\"datePublished\":\"2020-12-09T02:00:54+00:00\",\"dateModified\":\"2021-11-17T07:53:18+00:00\",\"mainEntityOfPage\":{\"@id\":\"https:\\\/\\\/www.cde.ual.es\\\/en\\\/poland-should-stop-the-stigmatisation-of-lgbti-people\\\/\"},\"wordCount\":421,\"commentCount\":0,\"publisher\":{\"@id\":\"https:\\\/\\\/www.cde.ual.es\\\/#organization\"},\"image\":{\"@id\":\"https:\\\/\\\/www.cde.ual.es\\\/en\\\/poland-should-stop-the-stigmatisation-of-lgbti-people\\\/#primaryimage\"},\"thumbnailUrl\":\"https:\\\/\\\/www.cde.ual.es\\\/wp-content\\\/uploads\\\/2020\\\/12\\\/memorandum-poland-2002-870x489-1.jpg\",\"keywords\":[\"LGTBI\",\"Poland\"],\"articleSection\":[\"Education and Culture\",\"Equality\",\"EU News\",\"Social Affairs\"],\"inLanguage\":\"en-US\",\"potentialAction\":[{\"@type\":\"CommentAction\",\"name\":\"Comment\",\"target\":[\"https:\\\/\\\/www.cde.ual.es\\\/en\\\/poland-should-stop-the-stigmatisation-of-lgbti-people\\\/#respond\"]}]},{\"@type\":\"WebPage\",\"@id\":\"https:\\\/\\\/www.cde.ual.es\\\/en\\\/poland-should-stop-the-stigmatisation-of-lgbti-people\\\/\",\"url\":\"https:\\\/\\\/www.cde.ual.es\\\/en\\\/poland-should-stop-the-stigmatisation-of-lgbti-people\\\/\",\"name\":\"Poland should stop the stigmatisation of LGBTI people | CDE Almer\u00eda - Centro de Documentaci\u00f3n Europea - Universidad de Almer\u00eda\",\"isPartOf\":{\"@id\":\"https:\\\/\\\/www.cde.ual.es\\\/#website\"},\"primaryImageOfPage\":{\"@id\":\"https:\\\/\\\/www.cde.ual.es\\\/en\\\/poland-should-stop-the-stigmatisation-of-lgbti-people\\\/#primaryimage\"},\"image\":{\"@id\":\"https:\\\/\\\/www.cde.ual.es\\\/en\\\/poland-should-stop-the-stigmatisation-of-lgbti-people\\\/#primaryimage\"},\"thumbnailUrl\":\"https:\\\/\\\/www.cde.ual.es\\\/wp-content\\\/uploads\\\/2020\\\/12\\\/memorandum-poland-2002-870x489-1.jpg\",\"datePublished\":\"2020-12-09T02:00:54+00:00\",\"dateModified\":\"2021-11-17T07:53:18+00:00\",\"breadcrumb\":{\"@id\":\"https:\\\/\\\/www.cde.ual.es\\\/en\\\/poland-should-stop-the-stigmatisation-of-lgbti-people\\\/#breadcrumb\"},\"inLanguage\":\"en-US\",\"potentialAction\":[{\"@type\":\"ReadAction\",\"target\":[\"https:\\\/\\\/www.cde.ual.es\\\/en\\\/poland-should-stop-the-stigmatisation-of-lgbti-people\\\/\"]}]},{\"@type\":\"ImageObject\",\"inLanguage\":\"en-US\",\"@id\":\"https:\\\/\\\/www.cde.ual.es\\\/en\\\/poland-should-stop-the-stigmatisation-of-lgbti-people\\\/#primaryimage\",\"url\":\"https:\\\/\\\/www.cde.ual.es\\\/wp-content\\\/uploads\\\/2020\\\/12\\\/memorandum-poland-2002-870x489-1.jpg\",\"contentUrl\":\"https:\\\/\\\/www.cde.ual.es\\\/wp-content\\\/uploads\\\/2020\\\/12\\\/memorandum-poland-2002-870x489-1.jpg\",\"width\":870,\"height\":489},{\"@type\":\"BreadcrumbList\",\"@id\":\"https:\\\/\\\/www.cde.ual.es\\\/en\\\/poland-should-stop-the-stigmatisation-of-lgbti-people\\\/#breadcrumb\",\"itemListElement\":[{\"@type\":\"ListItem\",\"position\":1,\"name\":\"Inicio\",\"item\":\"https:\\\/\\\/www.cde.ual.es\\\/en\\\/\"},{\"@type\":\"ListItem\",\"position\":2,\"name\":\"EU News\",\"item\":\"https:\\\/\\\/www.cde.ual.es\\\/en\\\/category\\\/eu-news\\\/\"},{\"@type\":\"ListItem\",\"position\":3,\"name\":\"Social Affairs\",\"item\":\"https:\\\/\\\/www.cde.ual.es\\\/en\\\/category\\\/eu-news\\\/social-affairs\\\/\"},{\"@type\":\"ListItem\",\"position\":4,\"name\":\"Equality\",\"item\":\"https:\\\/\\\/www.cde.ual.es\\\/en\\\/category\\\/eu-news\\\/social-affairs\\\/equality\\\/\"},{\"@type\":\"ListItem\",\"position\":5,\"name\":\"Poland should stop the stigmatisation of LGBTI people\"}]},{\"@type\":\"WebSite\",\"@id\":\"https:\\\/\\\/www.cde.ual.es\\\/#website\",\"url\":\"https:\\\/\\\/www.cde.ual.es\\\/\",\"name\":\"CDE Almer\u00eda - Centro de Documentaci\u00f3n Europea - Universidad de Almer\u00eda\",\"description\":\"Centro de Documentaci\u00f3n Europea de la Universidad de Almer\u00eda\",\"publisher\":{\"@id\":\"https:\\\/\\\/www.cde.ual.es\\\/#organization\"},\"alternateName\":\"CDE Almer\u00eda\",\"potentialAction\":[{\"@type\":\"SearchAction\",\"target\":{\"@type\":\"EntryPoint\",\"urlTemplate\":\"https:\\\/\\\/www.cde.ual.es\\\/?s={search_term_string}\"},\"query-input\":{\"@type\":\"PropertyValueSpecification\",\"valueRequired\":true,\"valueName\":\"search_term_string\"}}],\"inLanguage\":\"en-US\"},{\"@type\":\"Organization\",\"@id\":\"https:\\\/\\\/www.cde.ual.es\\\/#organization\",\"name\":\"Centro de Documentaci\u00f3n Europea de Almer\u00eda\",\"url\":\"https:\\\/\\\/www.cde.ual.es\\\/\",\"logo\":{\"@type\":\"ImageObject\",\"inLanguage\":\"en-US\",\"@id\":\"https:\\\/\\\/www.cde.ual.es\\\/#\\\/schema\\\/logo\\\/image\\\/\",\"url\":\"https:\\\/\\\/www.cde.ual.es\\\/wp-content\\\/uploads\\\/2025\\\/07\\\/cde-logo-3.png\",\"contentUrl\":\"https:\\\/\\\/www.cde.ual.es\\\/wp-content\\\/uploads\\\/2025\\\/07\\\/cde-logo-3.png\",\"width\":1400,\"height\":300,\"caption\":\"Centro de Documentaci\u00f3n Europea de Almer\u00eda\"},\"image\":{\"@id\":\"https:\\\/\\\/www.cde.ual.es\\\/#\\\/schema\\\/logo\\\/image\\\/\"},\"sameAs\":[\"https:\\\/\\\/www.facebook.com\\\/cdeuniversidadalmeria\\\/\",\"https:\\\/\\\/x.com\\\/cdeualmeria\",\"https:\\\/\\\/www.tiktok.com\\\/@cdealmeria\",\"https:\\\/\\\/www.instagram.com\\\/cdealmeria\\\/\",\"https:\\\/\\\/www.linkedin.com\\\/in\\\/cde-almera-812b26a9\\\/\"]},{\"@type\":\"Person\",\"@id\":\"https:\\\/\\\/www.cde.ual.es\\\/#\\\/schema\\\/person\\\/ee46ebc19edfa19598c02cff83335acc\",\"name\":\"BECA 2 CDE\",\"image\":{\"@type\":\"ImageObject\",\"inLanguage\":\"en-US\",\"@id\":\"https:\\\/\\\/secure.gravatar.com\\\/avatar\\\/35a481bbc04bbd90e91bdfa3b0b5541036c222a49b9ad37b6889a2afcb5311a5?s=96&d=mm&r=g\",\"url\":\"https:\\\/\\\/secure.gravatar.com\\\/avatar\\\/35a481bbc04bbd90e91bdfa3b0b5541036c222a49b9ad37b6889a2afcb5311a5?s=96&d=mm&r=g\",\"contentUrl\":\"https:\\\/\\\/secure.gravatar.com\\\/avatar\\\/35a481bbc04bbd90e91bdfa3b0b5541036c222a49b9ad37b6889a2afcb5311a5?s=96&d=mm&r=g\",\"caption\":\"BECA 2 CDE\"},\"sameAs\":[\"http:\\\/\\\/www.cdealmeria.com\"]}]}<\/script>\n<!-- \/ Yoast SEO plugin. -->","yoast_head_json":{"title":"Poland should stop the stigmatisation of LGBTI people | CDE Almer\u00eda - Centro de Documentaci\u00f3n Europea - Universidad de Almer\u00eda","robots":{"index":"index","follow":"follow","max-snippet":"max-snippet:-1","max-image-preview":"max-image-preview:large","max-video-preview":"max-video-preview:-1"},"canonical":"https:\/\/www.cde.ual.es\/en\/poland-should-stop-the-stigmatisation-of-lgbti-people\/","og_locale":"en_US","og_type":"article","og_title":"Poland should stop the stigmatisation of LGBTI people | CDE Almer\u00eda - Centro de Documentaci\u00f3n Europea - Universidad de Almer\u00eda","og_description":"\u201cPublic officials and opinion makers\u00a0should stop promoting an atmosphere of hate and intolerance vis-\u00e0-vis\u00a0LGBTI people\u00a0and instead, improve respect for their human rights. Stigmatisation and hate speech carry a real risk of legitimising violence. LGBTI are people, not an ideology\u201d, said the Council of Europe\u00a0Commissioner for Human Rights, Dunja Mijatovi\u0107, in a memorandum published today in [&hellip;]","og_url":"https:\/\/www.cde.ual.es\/en\/poland-should-stop-the-stigmatisation-of-lgbti-people\/","og_site_name":"CDE Almer\u00eda - Centro de Documentaci\u00f3n Europea - Universidad de Almer\u00eda","article_publisher":"https:\/\/www.facebook.com\/cdeuniversidadalmeria\/","article_published_time":"2020-12-09T02:00:54+00:00","article_modified_time":"2021-11-17T07:53:18+00:00","og_image":[{"width":870,"height":489,"url":"https:\/\/www.cde.ual.es\/wp-content\/uploads\/2020\/12\/memorandum-poland-2002-870x489-1.jpg","type":"image\/jpeg"}],"author":"BECA 2 CDE","twitter_card":"summary_large_image","twitter_creator":"@cdeualmeria","twitter_site":"@cdeualmeria","twitter_misc":{"Written by":"BECA 2 CDE","Est. reading time":"2 minutes"},"schema":{"@context":"https:\/\/schema.org","@graph":[{"@type":"Article","@id":"https:\/\/www.cde.ual.es\/en\/poland-should-stop-the-stigmatisation-of-lgbti-people\/#article","isPartOf":{"@id":"https:\/\/www.cde.ual.es\/en\/poland-should-stop-the-stigmatisation-of-lgbti-people\/"},"author":{"name":"BECA 2 CDE","@id":"https:\/\/www.cde.ual.es\/#\/schema\/person\/ee46ebc19edfa19598c02cff83335acc"},"headline":"Poland should stop the stigmatisation of LGBTI people","datePublished":"2020-12-09T02:00:54+00:00","dateModified":"2021-11-17T07:53:18+00:00","mainEntityOfPage":{"@id":"https:\/\/www.cde.ual.es\/en\/poland-should-stop-the-stigmatisation-of-lgbti-people\/"},"wordCount":421,"commentCount":0,"publisher":{"@id":"https:\/\/www.cde.ual.es\/#organization"},"image":{"@id":"https:\/\/www.cde.ual.es\/en\/poland-should-stop-the-stigmatisation-of-lgbti-people\/#primaryimage"},"thumbnailUrl":"https:\/\/www.cde.ual.es\/wp-content\/uploads\/2020\/12\/memorandum-poland-2002-870x489-1.jpg","keywords":["LGTBI","Poland"],"articleSection":["Education and Culture","Equality","EU News","Social Affairs"],"inLanguage":"en-US","potentialAction":[{"@type":"CommentAction","name":"Comment","target":["https:\/\/www.cde.ual.es\/en\/poland-should-stop-the-stigmatisation-of-lgbti-people\/#respond"]}]},{"@type":"WebPage","@id":"https:\/\/www.cde.ual.es\/en\/poland-should-stop-the-stigmatisation-of-lgbti-people\/","url":"https:\/\/www.cde.ual.es\/en\/poland-should-stop-the-stigmatisation-of-lgbti-people\/","name":"Poland should stop the stigmatisation of LGBTI people | CDE Almer\u00eda - Centro de Documentaci\u00f3n Europea - Universidad de Almer\u00eda","isPartOf":{"@id":"https:\/\/www.cde.ual.es\/#website"},"primaryImageOfPage":{"@id":"https:\/\/www.cde.ual.es\/en\/poland-should-stop-the-stigmatisation-of-lgbti-people\/#primaryimage"},"image":{"@id":"https:\/\/www.cde.ual.es\/en\/poland-should-stop-the-stigmatisation-of-lgbti-people\/#primaryimage"},"thumbnailUrl":"https:\/\/www.cde.ual.es\/wp-content\/uploads\/2020\/12\/memorandum-poland-2002-870x489-1.jpg","datePublished":"2020-12-09T02:00:54+00:00","dateModified":"2021-11-17T07:53:18+00:00","breadcrumb":{"@id":"https:\/\/www.cde.ual.es\/en\/poland-should-stop-the-stigmatisation-of-lgbti-people\/#breadcrumb"},"inLanguage":"en-US","potentialAction":[{"@type":"ReadAction","target":["https:\/\/www.cde.ual.es\/en\/poland-should-stop-the-stigmatisation-of-lgbti-people\/"]}]},{"@type":"ImageObject","inLanguage":"en-US","@id":"https:\/\/www.cde.ual.es\/en\/poland-should-stop-the-stigmatisation-of-lgbti-people\/#primaryimage","url":"https:\/\/www.cde.ual.es\/wp-content\/uploads\/2020\/12\/memorandum-poland-2002-870x489-1.jpg","contentUrl":"https:\/\/www.cde.ual.es\/wp-content\/uploads\/2020\/12\/memorandum-poland-2002-870x489-1.jpg","width":870,"height":489},{"@type":"BreadcrumbList","@id":"https:\/\/www.cde.ual.es\/en\/poland-should-stop-the-stigmatisation-of-lgbti-people\/#breadcrumb","itemListElement":[{"@type":"ListItem","position":1,"name":"Inicio","item":"https:\/\/www.cde.ual.es\/en\/"},{"@type":"ListItem","position":2,"name":"EU News","item":"https:\/\/www.cde.ual.es\/en\/category\/eu-news\/"},{"@type":"ListItem","position":3,"name":"Social Affairs","item":"https:\/\/www.cde.ual.es\/en\/category\/eu-news\/social-affairs\/"},{"@type":"ListItem","position":4,"name":"Equality","item":"https:\/\/www.cde.ual.es\/en\/category\/eu-news\/social-affairs\/equality\/"},{"@type":"ListItem","position":5,"name":"Poland should stop the stigmatisation of LGBTI people"}]},{"@type":"WebSite","@id":"https:\/\/www.cde.ual.es\/#website","url":"https:\/\/www.cde.ual.es\/","name":"CDE Almer\u00eda - Centro de Documentaci\u00f3n Europea - Universidad de Almer\u00eda","description":"Centro de Documentaci\u00f3n Europea de la Universidad de Almer\u00eda","publisher":{"@id":"https:\/\/www.cde.ual.es\/#organization"},"alternateName":"CDE Almer\u00eda","potentialAction":[{"@type":"SearchAction","target":{"@type":"EntryPoint","urlTemplate":"https:\/\/www.cde.ual.es\/?s={search_term_string}"},"query-input":{"@type":"PropertyValueSpecification","valueRequired":true,"valueName":"search_term_string"}}],"inLanguage":"en-US"},{"@type":"Organization","@id":"https:\/\/www.cde.ual.es\/#organization","name":"Centro de Documentaci\u00f3n Europea de Almer\u00eda","url":"https:\/\/www.cde.ual.es\/","logo":{"@type":"ImageObject","inLanguage":"en-US","@id":"https:\/\/www.cde.ual.es\/#\/schema\/logo\/image\/","url":"https:\/\/www.cde.ual.es\/wp-content\/uploads\/2025\/07\/cde-logo-3.png","contentUrl":"https:\/\/www.cde.ual.es\/wp-content\/uploads\/2025\/07\/cde-logo-3.png","width":1400,"height":300,"caption":"Centro de Documentaci\u00f3n Europea de Almer\u00eda"},"image":{"@id":"https:\/\/www.cde.ual.es\/#\/schema\/logo\/image\/"},"sameAs":["https:\/\/www.facebook.com\/cdeuniversidadalmeria\/","https:\/\/x.com\/cdeualmeria","https:\/\/www.tiktok.com\/@cdealmeria","https:\/\/www.instagram.com\/cdealmeria\/","https:\/\/www.linkedin.com\/in\/cde-almera-812b26a9\/"]},{"@type":"Person","@id":"https:\/\/www.cde.ual.es\/#\/schema\/person\/ee46ebc19edfa19598c02cff83335acc","name":"BECA 2 CDE","image":{"@type":"ImageObject","inLanguage":"en-US","@id":"https:\/\/secure.gravatar.com\/avatar\/35a481bbc04bbd90e91bdfa3b0b5541036c222a49b9ad37b6889a2afcb5311a5?s=96&d=mm&r=g","url":"https:\/\/secure.gravatar.com\/avatar\/35a481bbc04bbd90e91bdfa3b0b5541036c222a49b9ad37b6889a2afcb5311a5?s=96&d=mm&r=g","contentUrl":"https:\/\/secure.gravatar.com\/avatar\/35a481bbc04bbd90e91bdfa3b0b5541036c222a49b9ad37b6889a2afcb5311a5?s=96&d=mm&r=g","caption":"BECA 2 CDE"},"sameAs":["http:\/\/www.cdealmeria.com"]}]}},"_links":{"self":[{"href":"https:\/\/www.cde.ual.es\/en\/wp-json\/wp\/v2\/posts\/58164","targetHints":{"allow":["GET"]}}],"collection":[{"href":"https:\/\/www.cde.ual.es\/en\/wp-json\/wp\/v2\/posts"}],"about":[{"href":"https:\/\/www.cde.ual.es\/en\/wp-json\/wp\/v2\/types\/post"}],"author":[{"embeddable":true,"href":"https:\/\/www.cde.ual.es\/en\/wp-json\/wp\/v2\/users\/101011"}],"replies":[{"embeddable":true,"href":"https:\/\/www.cde.ual.es\/en\/wp-json\/wp\/v2\/comments?post=58164"}],"version-history":[{"count":0,"href":"https:\/\/www.cde.ual.es\/en\/wp-json\/wp\/v2\/posts\/58164\/revisions"}],"wp:featuredmedia":[{"embeddable":true,"href":"https:\/\/www.cde.ual.es\/en\/wp-json\/wp\/v2\/media\/58165"}],"wp:attachment":[{"href":"https:\/\/www.cde.ual.es\/en\/wp-json\/wp\/v2\/media?parent=58164"}],"wp:term":[{"taxonomy":"category","embeddable":true,"href":"https:\/\/www.cde.ual.es\/en\/wp-json\/wp\/v2\/categories?post=58164"},{"taxonomy":"post_tag","embeddable":true,"href":"https:\/\/www.cde.ual.es\/en\/wp-json\/wp\/v2\/tags?post=58164"}],"curies":[{"name":"wp","href":"https:\/\/api.w.org\/{rel}","templated":true}]}}