{"id":5803,"date":"2018-06-07T12:27:16","date_gmt":"2018-06-07T10:27:16","guid":{"rendered":"http:\/\/www.cde.ual.es\/?p=5803"},"modified":"2018-06-08T12:38:47","modified_gmt":"2018-06-08T10:38:47","slug":"what-if-technologies-shaped-the-law-science-and-technology-podcast","status":"publish","type":"post","link":"https:\/\/www.cde.ual.es\/en\/what-if-technologies-shaped-the-law-science-and-technology-podcast\/","title":{"rendered":"What if technologies shaped the law? [Science and Technology podcast]"},"content":{"rendered":"<p>T\u00edtulo:\u00a0What if technologies shaped the law? [Science and Technology podcast]<\/p>\n<p>Autor:\u00a0<a class=\"yt-simple-endpoint style-scope yt-formatted-string\" spellcheck=\"false\" href=\"https:\/\/www.youtube.com\/channel\/UCpBeaEkpytvBHzHzcck0VyQ\">European Parliamentary Research Service<\/a><\/p>\n<p>Duraci\u00f3n: 02:17<\/p>\n<p>Resumen:\u00a0\u0395xplotar la relaci\u00f3n entre el derecho, la innovaci\u00f3n tecnol\u00f3gica y la gobernanza regulatoria siempre ha sido una tarea desafiante para los responsables pol\u00edticos. Las tecnolog\u00edas a menudo se consideran objetos ordinarios de la ley formal que pueden encajar en la clasificaci\u00f3n doctrinal tradicional. Pero, \u00bfqu\u00e9 pasa si las tecnolog\u00edas son artefactos legales que cuestionan y desaf\u00edan los l\u00edmites tradicionales del pensamiento legal? Algunos acad\u00e9micos incluso argumentan que la tecnolog\u00eda es ley, dado que el empleo de tecnolog\u00eda con fines de control en la regulaci\u00f3n proporciona oportunidades para moldear directa o indirectamente el comportamiento humano en t\u00e9rminos legales.<\/p>\n<p>Fecha de Publicaci\u00f3n: 07-06-2018<\/p>\n<p><iframe title=\"What if technologies shaped the law? [Science and Technology podcast]\" width=\"500\" height=\"281\" src=\"https:\/\/www.youtube.com\/embed\/bEEz9CQKuvE?feature=oembed\" frameborder=\"0\" allow=\"accelerometer; autoplay; clipboard-write; encrypted-media; gyroscope; picture-in-picture; web-share\" referrerpolicy=\"strict-origin-when-cross-origin\" allowfullscreen><\/iframe><\/p>\n","protected":false},"excerpt":{"rendered":"<p>T\u00edtulo:\u00a0What if technologies shaped the law? [Science and Technology podcast] Autor:\u00a0European Parliamentary Research Service Duraci\u00f3n: 02:17 Resumen:\u00a0\u0395xplotar la relaci\u00f3n entre el derecho, la innovaci\u00f3n tecnol\u00f3gica y la gobernanza regulatoria siempre ha sido una tarea desafiante para los responsables pol\u00edticos. Las tecnolog\u00edas a menudo se consideran objetos ordinarios de la ley formal que pueden encajar en [&hellip;]<\/p>\n","protected":false},"author":1,"featured_media":5806,"comment_status":"open","ping_status":"open","sticky":false,"template":"","format":"standard","meta":{"_acf_changed":false,"_relevanssi_hide_post":"","_relevanssi_hide_content":"","_relevanssi_pin_for_all":"","_relevanssi_pin_keywords":"","_relevanssi_unpin_keywords":"","_relevanssi_related_keywords":"","_relevanssi_related_include_ids":"","_relevanssi_related_exclude_ids":"","_relevanssi_related_no_append":"","_relevanssi_related_not_related":"","_relevanssi_related_posts":"","_relevanssi_noindex_reason":"","_monsterinsights_skip_tracking":false,"_monsterinsights_sitenote_active":false,"_monsterinsights_sitenote_note":"","_monsterinsights_sitenote_category":0,"_genesis_hide_title":false,"_genesis_hide_breadcrumbs":false,"_genesis_hide_singular_image":false,"_genesis_hide_footer_widgets":false,"_genesis_custom_body_class":"","_genesis_custom_post_class":"","_genesis_layout":"","footnotes":""},"categories":[122,117,115],"tags":[],"class_list":{"0":"post-5803","1":"post","2":"type-post","3":"status-publish","4":"format-standard","5":"has-post-thumbnail","7":"category-mediateca-derecho","8":"category-mediateca-investigacion","9":"category-repositorio-mediateca","10":"entry"},"acf":[],"yoast_head":"<!-- This site is optimized with the Yoast SEO plugin v27.5 - https:\/\/yoast.com\/product\/yoast-seo-wordpress\/ -->\n<title>What if technologies shaped the law? [Science and Technology podcast] | CDE Almer\u00eda - Centro de Documentaci\u00f3n Europea - Universidad de Almer\u00eda<\/title>\n<meta name=\"robots\" content=\"index, follow, max-snippet:-1, max-image-preview:large, max-video-preview:-1\" \/>\n<link rel=\"canonical\" href=\"https:\/\/www.cde.ual.es\/what-if-technologies-shaped-the-law-science-and-technology-podcast\/\" \/>\n<meta property=\"og:locale\" content=\"en_US\" \/>\n<meta property=\"og:type\" content=\"article\" \/>\n<meta property=\"og:title\" content=\"What if technologies shaped the law? [Science and Technology podcast] | CDE Almer\u00eda - Centro de Documentaci\u00f3n Europea - Universidad de Almer\u00eda\" \/>\n<meta property=\"og:description\" content=\"T\u00edtulo:\u00a0What if technologies shaped the law? [Science and Technology podcast] Autor:\u00a0European Parliamentary Research Service Duraci\u00f3n: 02:17 Resumen:\u00a0\u0395xplotar la relaci\u00f3n entre el derecho, la innovaci\u00f3n tecnol\u00f3gica y la gobernanza regulatoria siempre ha sido una tarea desafiante para los responsables pol\u00edticos. Las tecnolog\u00edas a menudo se consideran objetos ordinarios de la ley formal que pueden encajar en [&hellip;]\" \/>\n<meta property=\"og:url\" content=\"https:\/\/www.cde.ual.es\/what-if-technologies-shaped-the-law-science-and-technology-podcast\/\" \/>\n<meta property=\"og:site_name\" content=\"CDE Almer\u00eda - Centro de Documentaci\u00f3n Europea - Universidad de Almer\u00eda\" \/>\n<meta property=\"article:publisher\" content=\"https:\/\/www.facebook.com\/cdeuniversidadalmeria\/\" \/>\n<meta property=\"article:published_time\" content=\"2018-06-07T10:27:16+00:00\" \/>\n<meta property=\"article:modified_time\" content=\"2018-06-08T10:38:47+00:00\" \/>\n<meta property=\"og:image\" content=\"https:\/\/www.cde.ual.es\/wp-content\/uploads\/2018\/06\/What-if-technology-shapes.png\" \/>\n\t<meta property=\"og:image:width\" content=\"686\" \/>\n\t<meta property=\"og:image:height\" content=\"449\" \/>\n\t<meta property=\"og:image:type\" content=\"image\/png\" \/>\n<meta name=\"author\" content=\"AdminCDE\" \/>\n<meta name=\"twitter:card\" content=\"summary_large_image\" \/>\n<meta name=\"twitter:creator\" content=\"@cdeualmeria\" \/>\n<meta name=\"twitter:site\" content=\"@cdeualmeria\" \/>\n<meta name=\"twitter:label1\" content=\"Written by\" \/>\n\t<meta name=\"twitter:data1\" content=\"AdminCDE\" \/>\n\t<meta name=\"twitter:label2\" content=\"Est. reading time\" \/>\n\t<meta name=\"twitter:data2\" content=\"1 minute\" \/>\n<script type=\"application\/ld+json\" class=\"yoast-schema-graph\">{\"@context\":\"https:\\\/\\\/schema.org\",\"@graph\":[{\"@type\":\"Article\",\"@id\":\"https:\\\/\\\/www.cde.ual.es\\\/what-if-technologies-shaped-the-law-science-and-technology-podcast\\\/#article\",\"isPartOf\":{\"@id\":\"https:\\\/\\\/www.cde.ual.es\\\/what-if-technologies-shaped-the-law-science-and-technology-podcast\\\/\"},\"author\":{\"name\":\"AdminCDE\",\"@id\":\"https:\\\/\\\/www.cde.ual.es\\\/#\\\/schema\\\/person\\\/224ef08c8bcc005f319d2713ce37ee5f\"},\"headline\":\"What if technologies shaped the law? [Science and Technology podcast]\",\"datePublished\":\"2018-06-07T10:27:16+00:00\",\"dateModified\":\"2018-06-08T10:38:47+00:00\",\"mainEntityOfPage\":{\"@id\":\"https:\\\/\\\/www.cde.ual.es\\\/what-if-technologies-shaped-the-law-science-and-technology-podcast\\\/\"},\"wordCount\":152,\"commentCount\":0,\"publisher\":{\"@id\":\"https:\\\/\\\/www.cde.ual.es\\\/#organization\"},\"image\":{\"@id\":\"https:\\\/\\\/www.cde.ual.es\\\/what-if-technologies-shaped-the-law-science-and-technology-podcast\\\/#primaryimage\"},\"thumbnailUrl\":\"https:\\\/\\\/www.cde.ual.es\\\/wp-content\\\/uploads\\\/2018\\\/06\\\/What-if-technology-shapes.png\",\"articleSection\":[\"Mediateca - Derecho\",\"Mediateca - Investigaci\u00f3n\",\"Repositorio Mediateca\"],\"inLanguage\":\"en-US\",\"potentialAction\":[{\"@type\":\"CommentAction\",\"name\":\"Comment\",\"target\":[\"https:\\\/\\\/www.cde.ual.es\\\/what-if-technologies-shaped-the-law-science-and-technology-podcast\\\/#respond\"]}]},{\"@type\":\"WebPage\",\"@id\":\"https:\\\/\\\/www.cde.ual.es\\\/what-if-technologies-shaped-the-law-science-and-technology-podcast\\\/\",\"url\":\"https:\\\/\\\/www.cde.ual.es\\\/what-if-technologies-shaped-the-law-science-and-technology-podcast\\\/\",\"name\":\"What if technologies shaped the law? [Science and Technology podcast] | CDE Almer\u00eda - Centro de Documentaci\u00f3n Europea - Universidad de Almer\u00eda\",\"isPartOf\":{\"@id\":\"https:\\\/\\\/www.cde.ual.es\\\/#website\"},\"primaryImageOfPage\":{\"@id\":\"https:\\\/\\\/www.cde.ual.es\\\/what-if-technologies-shaped-the-law-science-and-technology-podcast\\\/#primaryimage\"},\"image\":{\"@id\":\"https:\\\/\\\/www.cde.ual.es\\\/what-if-technologies-shaped-the-law-science-and-technology-podcast\\\/#primaryimage\"},\"thumbnailUrl\":\"https:\\\/\\\/www.cde.ual.es\\\/wp-content\\\/uploads\\\/2018\\\/06\\\/What-if-technology-shapes.png\",\"datePublished\":\"2018-06-07T10:27:16+00:00\",\"dateModified\":\"2018-06-08T10:38:47+00:00\",\"breadcrumb\":{\"@id\":\"https:\\\/\\\/www.cde.ual.es\\\/what-if-technologies-shaped-the-law-science-and-technology-podcast\\\/#breadcrumb\"},\"inLanguage\":\"en-US\",\"potentialAction\":[{\"@type\":\"ReadAction\",\"target\":[\"https:\\\/\\\/www.cde.ual.es\\\/what-if-technologies-shaped-the-law-science-and-technology-podcast\\\/\"]}]},{\"@type\":\"ImageObject\",\"inLanguage\":\"en-US\",\"@id\":\"https:\\\/\\\/www.cde.ual.es\\\/what-if-technologies-shaped-the-law-science-and-technology-podcast\\\/#primaryimage\",\"url\":\"https:\\\/\\\/www.cde.ual.es\\\/wp-content\\\/uploads\\\/2018\\\/06\\\/What-if-technology-shapes.png\",\"contentUrl\":\"https:\\\/\\\/www.cde.ual.es\\\/wp-content\\\/uploads\\\/2018\\\/06\\\/What-if-technology-shapes.png\",\"width\":686,\"height\":449},{\"@type\":\"BreadcrumbList\",\"@id\":\"https:\\\/\\\/www.cde.ual.es\\\/what-if-technologies-shaped-the-law-science-and-technology-podcast\\\/#breadcrumb\",\"itemListElement\":[{\"@type\":\"ListItem\",\"position\":1,\"name\":\"Inicio\",\"item\":\"https:\\\/\\\/www.cde.ual.es\\\/en\\\/\"},{\"@type\":\"ListItem\",\"position\":2,\"name\":\"Repositorio Mediateca\",\"item\":\"https:\\\/\\\/www.cde.ual.es\\\/category\\\/repositorio-mediateca\\\/\"},{\"@type\":\"ListItem\",\"position\":3,\"name\":\"What if technologies shaped the law? [Science and Technology podcast]\"}]},{\"@type\":\"WebSite\",\"@id\":\"https:\\\/\\\/www.cde.ual.es\\\/#website\",\"url\":\"https:\\\/\\\/www.cde.ual.es\\\/\",\"name\":\"CDE Almer\u00eda - Centro de Documentaci\u00f3n Europea - Universidad de Almer\u00eda\",\"description\":\"Centro de Documentaci\u00f3n Europea de la Universidad de Almer\u00eda\",\"publisher\":{\"@id\":\"https:\\\/\\\/www.cde.ual.es\\\/#organization\"},\"alternateName\":\"CDE Almer\u00eda\",\"potentialAction\":[{\"@type\":\"SearchAction\",\"target\":{\"@type\":\"EntryPoint\",\"urlTemplate\":\"https:\\\/\\\/www.cde.ual.es\\\/?s={search_term_string}\"},\"query-input\":{\"@type\":\"PropertyValueSpecification\",\"valueRequired\":true,\"valueName\":\"search_term_string\"}}],\"inLanguage\":\"en-US\"},{\"@type\":\"Organization\",\"@id\":\"https:\\\/\\\/www.cde.ual.es\\\/#organization\",\"name\":\"Centro de Documentaci\u00f3n Europea de Almer\u00eda\",\"url\":\"https:\\\/\\\/www.cde.ual.es\\\/\",\"logo\":{\"@type\":\"ImageObject\",\"inLanguage\":\"en-US\",\"@id\":\"https:\\\/\\\/www.cde.ual.es\\\/#\\\/schema\\\/logo\\\/image\\\/\",\"url\":\"https:\\\/\\\/www.cde.ual.es\\\/wp-content\\\/uploads\\\/2025\\\/07\\\/cde-logo-3.png\",\"contentUrl\":\"https:\\\/\\\/www.cde.ual.es\\\/wp-content\\\/uploads\\\/2025\\\/07\\\/cde-logo-3.png\",\"width\":1400,\"height\":300,\"caption\":\"Centro de Documentaci\u00f3n Europea de Almer\u00eda\"},\"image\":{\"@id\":\"https:\\\/\\\/www.cde.ual.es\\\/#\\\/schema\\\/logo\\\/image\\\/\"},\"sameAs\":[\"https:\\\/\\\/www.facebook.com\\\/cdeuniversidadalmeria\\\/\",\"https:\\\/\\\/x.com\\\/cdeualmeria\",\"https:\\\/\\\/www.tiktok.com\\\/@cdealmeria\",\"https:\\\/\\\/www.instagram.com\\\/cdealmeria\\\/\",\"https:\\\/\\\/www.linkedin.com\\\/in\\\/cde-almera-812b26a9\\\/\"]},{\"@type\":\"Person\",\"@id\":\"https:\\\/\\\/www.cde.ual.es\\\/#\\\/schema\\\/person\\\/224ef08c8bcc005f319d2713ce37ee5f\",\"name\":\"AdminCDE\",\"image\":{\"@type\":\"ImageObject\",\"inLanguage\":\"en-US\",\"@id\":\"https:\\\/\\\/secure.gravatar.com\\\/avatar\\\/a72d038d371f995cd13706fac32274b7952a52e8fb0a84b5f80c85426f2a98a8?s=96&d=mm&r=g\",\"url\":\"https:\\\/\\\/secure.gravatar.com\\\/avatar\\\/a72d038d371f995cd13706fac32274b7952a52e8fb0a84b5f80c85426f2a98a8?s=96&d=mm&r=g\",\"contentUrl\":\"https:\\\/\\\/secure.gravatar.com\\\/avatar\\\/a72d038d371f995cd13706fac32274b7952a52e8fb0a84b5f80c85426f2a98a8?s=96&d=mm&r=g\",\"caption\":\"AdminCDE\"}}]}<\/script>\n<!-- \/ Yoast SEO plugin. -->","yoast_head_json":{"title":"What if technologies shaped the law? [Science and Technology podcast] | CDE Almer\u00eda - Centro de Documentaci\u00f3n Europea - Universidad de Almer\u00eda","robots":{"index":"index","follow":"follow","max-snippet":"max-snippet:-1","max-image-preview":"max-image-preview:large","max-video-preview":"max-video-preview:-1"},"canonical":"https:\/\/www.cde.ual.es\/what-if-technologies-shaped-the-law-science-and-technology-podcast\/","og_locale":"en_US","og_type":"article","og_title":"What if technologies shaped the law? [Science and Technology podcast] | CDE Almer\u00eda - Centro de Documentaci\u00f3n Europea - Universidad de Almer\u00eda","og_description":"T\u00edtulo:\u00a0What if technologies shaped the law? [Science and Technology podcast] Autor:\u00a0European Parliamentary Research Service Duraci\u00f3n: 02:17 Resumen:\u00a0\u0395xplotar la relaci\u00f3n entre el derecho, la innovaci\u00f3n tecnol\u00f3gica y la gobernanza regulatoria siempre ha sido una tarea desafiante para los responsables pol\u00edticos. Las tecnolog\u00edas a menudo se consideran objetos ordinarios de la ley formal que pueden encajar en [&hellip;]","og_url":"https:\/\/www.cde.ual.es\/what-if-technologies-shaped-the-law-science-and-technology-podcast\/","og_site_name":"CDE Almer\u00eda - Centro de Documentaci\u00f3n Europea - Universidad de Almer\u00eda","article_publisher":"https:\/\/www.facebook.com\/cdeuniversidadalmeria\/","article_published_time":"2018-06-07T10:27:16+00:00","article_modified_time":"2018-06-08T10:38:47+00:00","og_image":[{"width":686,"height":449,"url":"https:\/\/www.cde.ual.es\/wp-content\/uploads\/2018\/06\/What-if-technology-shapes.png","type":"image\/png"}],"author":"AdminCDE","twitter_card":"summary_large_image","twitter_creator":"@cdeualmeria","twitter_site":"@cdeualmeria","twitter_misc":{"Written by":"AdminCDE","Est. reading time":"1 minute"},"schema":{"@context":"https:\/\/schema.org","@graph":[{"@type":"Article","@id":"https:\/\/www.cde.ual.es\/what-if-technologies-shaped-the-law-science-and-technology-podcast\/#article","isPartOf":{"@id":"https:\/\/www.cde.ual.es\/what-if-technologies-shaped-the-law-science-and-technology-podcast\/"},"author":{"name":"AdminCDE","@id":"https:\/\/www.cde.ual.es\/#\/schema\/person\/224ef08c8bcc005f319d2713ce37ee5f"},"headline":"What if technologies shaped the law? [Science and Technology podcast]","datePublished":"2018-06-07T10:27:16+00:00","dateModified":"2018-06-08T10:38:47+00:00","mainEntityOfPage":{"@id":"https:\/\/www.cde.ual.es\/what-if-technologies-shaped-the-law-science-and-technology-podcast\/"},"wordCount":152,"commentCount":0,"publisher":{"@id":"https:\/\/www.cde.ual.es\/#organization"},"image":{"@id":"https:\/\/www.cde.ual.es\/what-if-technologies-shaped-the-law-science-and-technology-podcast\/#primaryimage"},"thumbnailUrl":"https:\/\/www.cde.ual.es\/wp-content\/uploads\/2018\/06\/What-if-technology-shapes.png","articleSection":["Mediateca - Derecho","Mediateca - Investigaci\u00f3n","Repositorio Mediateca"],"inLanguage":"en-US","potentialAction":[{"@type":"CommentAction","name":"Comment","target":["https:\/\/www.cde.ual.es\/what-if-technologies-shaped-the-law-science-and-technology-podcast\/#respond"]}]},{"@type":"WebPage","@id":"https:\/\/www.cde.ual.es\/what-if-technologies-shaped-the-law-science-and-technology-podcast\/","url":"https:\/\/www.cde.ual.es\/what-if-technologies-shaped-the-law-science-and-technology-podcast\/","name":"What if technologies shaped the law? [Science and Technology podcast] | CDE Almer\u00eda - Centro de Documentaci\u00f3n Europea - Universidad de Almer\u00eda","isPartOf":{"@id":"https:\/\/www.cde.ual.es\/#website"},"primaryImageOfPage":{"@id":"https:\/\/www.cde.ual.es\/what-if-technologies-shaped-the-law-science-and-technology-podcast\/#primaryimage"},"image":{"@id":"https:\/\/www.cde.ual.es\/what-if-technologies-shaped-the-law-science-and-technology-podcast\/#primaryimage"},"thumbnailUrl":"https:\/\/www.cde.ual.es\/wp-content\/uploads\/2018\/06\/What-if-technology-shapes.png","datePublished":"2018-06-07T10:27:16+00:00","dateModified":"2018-06-08T10:38:47+00:00","breadcrumb":{"@id":"https:\/\/www.cde.ual.es\/what-if-technologies-shaped-the-law-science-and-technology-podcast\/#breadcrumb"},"inLanguage":"en-US","potentialAction":[{"@type":"ReadAction","target":["https:\/\/www.cde.ual.es\/what-if-technologies-shaped-the-law-science-and-technology-podcast\/"]}]},{"@type":"ImageObject","inLanguage":"en-US","@id":"https:\/\/www.cde.ual.es\/what-if-technologies-shaped-the-law-science-and-technology-podcast\/#primaryimage","url":"https:\/\/www.cde.ual.es\/wp-content\/uploads\/2018\/06\/What-if-technology-shapes.png","contentUrl":"https:\/\/www.cde.ual.es\/wp-content\/uploads\/2018\/06\/What-if-technology-shapes.png","width":686,"height":449},{"@type":"BreadcrumbList","@id":"https:\/\/www.cde.ual.es\/what-if-technologies-shaped-the-law-science-and-technology-podcast\/#breadcrumb","itemListElement":[{"@type":"ListItem","position":1,"name":"Inicio","item":"https:\/\/www.cde.ual.es\/en\/"},{"@type":"ListItem","position":2,"name":"Repositorio Mediateca","item":"https:\/\/www.cde.ual.es\/category\/repositorio-mediateca\/"},{"@type":"ListItem","position":3,"name":"What if technologies shaped the law? [Science and Technology podcast]"}]},{"@type":"WebSite","@id":"https:\/\/www.cde.ual.es\/#website","url":"https:\/\/www.cde.ual.es\/","name":"CDE Almer\u00eda - Centro de Documentaci\u00f3n Europea - Universidad de Almer\u00eda","description":"Centro de Documentaci\u00f3n Europea de la Universidad de Almer\u00eda","publisher":{"@id":"https:\/\/www.cde.ual.es\/#organization"},"alternateName":"CDE Almer\u00eda","potentialAction":[{"@type":"SearchAction","target":{"@type":"EntryPoint","urlTemplate":"https:\/\/www.cde.ual.es\/?s={search_term_string}"},"query-input":{"@type":"PropertyValueSpecification","valueRequired":true,"valueName":"search_term_string"}}],"inLanguage":"en-US"},{"@type":"Organization","@id":"https:\/\/www.cde.ual.es\/#organization","name":"Centro de Documentaci\u00f3n Europea de Almer\u00eda","url":"https:\/\/www.cde.ual.es\/","logo":{"@type":"ImageObject","inLanguage":"en-US","@id":"https:\/\/www.cde.ual.es\/#\/schema\/logo\/image\/","url":"https:\/\/www.cde.ual.es\/wp-content\/uploads\/2025\/07\/cde-logo-3.png","contentUrl":"https:\/\/www.cde.ual.es\/wp-content\/uploads\/2025\/07\/cde-logo-3.png","width":1400,"height":300,"caption":"Centro de Documentaci\u00f3n Europea de Almer\u00eda"},"image":{"@id":"https:\/\/www.cde.ual.es\/#\/schema\/logo\/image\/"},"sameAs":["https:\/\/www.facebook.com\/cdeuniversidadalmeria\/","https:\/\/x.com\/cdeualmeria","https:\/\/www.tiktok.com\/@cdealmeria","https:\/\/www.instagram.com\/cdealmeria\/","https:\/\/www.linkedin.com\/in\/cde-almera-812b26a9\/"]},{"@type":"Person","@id":"https:\/\/www.cde.ual.es\/#\/schema\/person\/224ef08c8bcc005f319d2713ce37ee5f","name":"AdminCDE","image":{"@type":"ImageObject","inLanguage":"en-US","@id":"https:\/\/secure.gravatar.com\/avatar\/a72d038d371f995cd13706fac32274b7952a52e8fb0a84b5f80c85426f2a98a8?s=96&d=mm&r=g","url":"https:\/\/secure.gravatar.com\/avatar\/a72d038d371f995cd13706fac32274b7952a52e8fb0a84b5f80c85426f2a98a8?s=96&d=mm&r=g","contentUrl":"https:\/\/secure.gravatar.com\/avatar\/a72d038d371f995cd13706fac32274b7952a52e8fb0a84b5f80c85426f2a98a8?s=96&d=mm&r=g","caption":"AdminCDE"}}]}},"_links":{"self":[{"href":"https:\/\/www.cde.ual.es\/en\/wp-json\/wp\/v2\/posts\/5803","targetHints":{"allow":["GET"]}}],"collection":[{"href":"https:\/\/www.cde.ual.es\/en\/wp-json\/wp\/v2\/posts"}],"about":[{"href":"https:\/\/www.cde.ual.es\/en\/wp-json\/wp\/v2\/types\/post"}],"author":[{"embeddable":true,"href":"https:\/\/www.cde.ual.es\/en\/wp-json\/wp\/v2\/users\/1"}],"replies":[{"embeddable":true,"href":"https:\/\/www.cde.ual.es\/en\/wp-json\/wp\/v2\/comments?post=5803"}],"version-history":[{"count":0,"href":"https:\/\/www.cde.ual.es\/en\/wp-json\/wp\/v2\/posts\/5803\/revisions"}],"wp:featuredmedia":[{"embeddable":true,"href":"https:\/\/www.cde.ual.es\/en\/wp-json\/wp\/v2\/media\/5806"}],"wp:attachment":[{"href":"https:\/\/www.cde.ual.es\/en\/wp-json\/wp\/v2\/media?parent=5803"}],"wp:term":[{"taxonomy":"category","embeddable":true,"href":"https:\/\/www.cde.ual.es\/en\/wp-json\/wp\/v2\/categories?post=5803"},{"taxonomy":"post_tag","embeddable":true,"href":"https:\/\/www.cde.ual.es\/en\/wp-json\/wp\/v2\/tags?post=5803"}],"curies":[{"name":"wp","href":"https:\/\/api.w.org\/{rel}","templated":true}]}}