{"id":57359,"date":"2020-11-26T03:00:05","date_gmt":"2020-11-26T02:00:05","guid":{"rendered":"https:\/\/www.cde.ual.es\/?p=57359"},"modified":"2021-11-17T09:03:48","modified_gmt":"2021-11-17T08:03:48","slug":"doctoral-fellowship-in-history-and-theory-of-architecture-in-switzerland","status":"publish","type":"post","link":"https:\/\/www.cde.ual.es\/en\/doctoral-fellowship-in-history-and-theory-of-architecture-in-switzerland\/","title":{"rendered":"Doctoral fellowship in History and Theory of Architecture in Switzerland"},"content":{"rendered":"<div class=\"description__paragraph paragraph\">\n<p><strong>The doctoral program at the Institute of History and Theory of Architecture (gta), offers two fellowship positions to start on 1 October 2021. This program focuses on the history and theory of architecture and urbanism in a wider context of cultural history, including the history and theory of art, science, and technology.\u00a0<\/strong><\/p>\n<\/div>\n<p><a href=\"https:\/\/www.cde.ual.es\/wp-content\/uploads\/2020\/11\/architecture.jpg\"><img decoding=\"async\" class=\"aligncenter  wp-image-57360\" src=\"https:\/\/www.cde.ual.es\/wp-content\/uploads\/2020\/11\/architecture.jpg\" alt=\"\" width=\"532\" height=\"237\" srcset=\"https:\/\/www.cde.ual.es\/wp-content\/uploads\/2020\/11\/architecture.jpg 1920w, https:\/\/www.cde.ual.es\/wp-content\/uploads\/2020\/11\/architecture-300x134.jpg 300w, https:\/\/www.cde.ual.es\/wp-content\/uploads\/2020\/11\/architecture-1024x457.jpg 1024w, https:\/\/www.cde.ual.es\/wp-content\/uploads\/2020\/11\/architecture-768x342.jpg 768w, https:\/\/www.cde.ual.es\/wp-content\/uploads\/2020\/11\/architecture-1536x685.jpg 1536w\" sizes=\"(max-width: 532px) 100vw, 532px\" \/><\/a><\/p>\n<div class=\"description__paragraph paragraph\">ETH Zurich is one of the world\u2019s leading universities specialising in science and technology. We are renowned for our excellent education, cutting-edge fundamental research and direct transfer of new knowledge into society. Over 30,000 people from more than 120 countries find our university to be a place that promotes independent thinking and an environment that inspires excellence. Located in the heart of Europe, yet forging connections all over the world, we work together to develop solutions for the global challenges of today and tomorrow.<\/div>\n<h3>Job description<\/h3>\n<div class=\"description__paragraph paragraph\">\n<p>The tasks of the scholarship holders of the doctoral program include the following:<\/p>\n<ul>\n<li>Continuing education within and outside their field of research<\/li>\n<li>Active participation in the teaching activities of the department<\/li>\n<li>Contributions to curricular and extra-curricular events and projects, scientific dissemination, conferences and workshops<\/li>\n<li>The independent completion of a research project in the form of a dissertation under the supervision of a professor<\/li>\n<\/ul>\n<\/div>\n<h3>Requirements<\/h3>\n<div class=\"description__paragraph paragraph\">\n<p>They are seeking junior researchers with a background in the history and theory of architecture and art, or architects with research experience. Suitable candidates hold a university diploma or master\u2019s degree in architecture, history of art, or related fields, and can demonstrate excellent research and writing skills.<\/p>\n<p>They especially invite female candidates to apply for this fellowship.<\/p>\n<\/div>\n<h3>Organisation<\/h3>\n<div class=\"row\">\n<div class=\"col-sm-8 col-sm-offset-2 col-md-6 col-md-offset-3\">\n<div id=\"bootstrap-fieldgroup-accordion--accordion-group\" class=\"panel-group bootstrap-fieldgroup-accordion\">\n<div class=\"panel panel-default required-fields expanded\">\n<div id=\"bootstrap-fieldgroup-accordion-item--requirements-0\" class=\"panel-collapse required-fields collapse in\" aria-expanded=\"true\">\n<div class=\"panel-body\">\n<div class=\"row\">\n<div class=\"col-xs-12 field-offer-requirements\">\n<div class=\"longtext field-specific-requirements\">\n<div class=\"row\">\n<div class=\"col-xs-12 col-sm-7 value field-company-institute inline\">\n<div class=\"row\">\n<div class=\"col-xs-12 col-sm-7 value field-company-institute inline\">\n<div class=\"row\">\n<div class=\"row\">\n<div class=\"col-xs-12 col-sm-7 value field-company-institute inline\">ETH Zurich<\/div>\n<h3>Research Field<\/h3>\n<p>Cultural studies, History<\/p>\n<\/div>\n<\/div>\n<\/div>\n<\/div>\n<\/div>\n<\/div>\n<div>\n<h3>Location<\/h3>\n<\/div>\n<p>Switzerland<\/p>\n<h3>Deadline<\/h3>\n<p>20 December 2020<\/p>\n<\/div>\n<\/div>\n<\/div>\n<\/div>\n<\/div>\n<\/div>\n<\/div>\n<\/div>\n<\/div>\n<h3>More information<\/h3>\n<p><a href=\"https:\/\/euraxess.ec.europa.eu\/jobs\/580450\">Euraxess<\/a><\/p>\n","protected":false},"excerpt":{"rendered":"<p>The doctoral program at the Institute of History and Theory of Architecture (gta), offers two fellowship positions to start on 1 October 2021. This program focuses on the history and theory of architecture and urbanism in a wider context of cultural history, including the history and theory of art, science, and technology.\u00a0 ETH Zurich is [&hellip;]<\/p>\n","protected":false},"author":101011,"featured_media":57360,"comment_status":"open","ping_status":"open","sticky":false,"template":"","format":"standard","meta":{"_acf_changed":false,"_relevanssi_hide_post":"","_relevanssi_hide_content":"","_relevanssi_pin_for_all":"","_relevanssi_pin_keywords":"","_relevanssi_unpin_keywords":"","_relevanssi_related_keywords":"","_relevanssi_related_include_ids":"","_relevanssi_related_exclude_ids":"","_relevanssi_related_no_append":"","_relevanssi_related_not_related":"","_relevanssi_related_posts":"","_relevanssi_noindex_reason":"","_monsterinsights_skip_tracking":false,"_monsterinsights_sitenote_active":false,"_monsterinsights_sitenote_note":"","_monsterinsights_sitenote_category":0,"_genesis_hide_title":false,"_genesis_hide_breadcrumbs":false,"_genesis_hide_singular_image":false,"_genesis_hide_footer_widgets":false,"_genesis_custom_body_class":"","_genesis_custom_post_class":"","_genesis_layout":"","footnotes":""},"categories":[4048,366,4043],"tags":[2303,709,1560],"class_list":{"0":"post-57359","1":"post","2":"type-post","3":"status-publish","4":"format-standard","5":"has-post-thumbnail","7":"category-engineering-architecture","8":"category-eu-calls-and-awards","9":"category-euraxess-en","10":"tag-cultural-studies","11":"tag-history","12":"tag-switzerland","13":"entry"},"acf":[],"yoast_head":"<!-- This site is optimized with the Yoast SEO plugin v27.4 - https:\/\/yoast.com\/product\/yoast-seo-wordpress\/ -->\n<title>Doctoral fellowship in History and Theory of Architecture in Switzerland | CDE Almer\u00eda - Centro de Documentaci\u00f3n Europea - Universidad de Almer\u00eda<\/title>\n<meta name=\"robots\" content=\"index, follow, max-snippet:-1, max-image-preview:large, max-video-preview:-1\" \/>\n<link rel=\"canonical\" href=\"https:\/\/www.cde.ual.es\/en\/doctoral-fellowship-in-history-and-theory-of-architecture-in-switzerland\/\" \/>\n<meta property=\"og:locale\" content=\"en_US\" \/>\n<meta property=\"og:type\" content=\"article\" \/>\n<meta property=\"og:title\" content=\"Doctoral fellowship in History and Theory of Architecture in Switzerland | CDE Almer\u00eda - Centro de Documentaci\u00f3n Europea - Universidad de Almer\u00eda\" \/>\n<meta property=\"og:description\" content=\"The doctoral program at the Institute of History and Theory of Architecture (gta), offers two fellowship positions to start on 1 October 2021. This program focuses on the history and theory of architecture and urbanism in a wider context of cultural history, including the history and theory of art, science, and technology.\u00a0 ETH Zurich is [&hellip;]\" \/>\n<meta property=\"og:url\" content=\"https:\/\/www.cde.ual.es\/en\/doctoral-fellowship-in-history-and-theory-of-architecture-in-switzerland\/\" \/>\n<meta property=\"og:site_name\" content=\"CDE Almer\u00eda - Centro de Documentaci\u00f3n Europea - Universidad de Almer\u00eda\" \/>\n<meta property=\"article:publisher\" content=\"https:\/\/www.facebook.com\/cdeuniversidadalmeria\/\" \/>\n<meta property=\"article:published_time\" content=\"2020-11-26T02:00:05+00:00\" \/>\n<meta property=\"article:modified_time\" content=\"2021-11-17T08:03:48+00:00\" \/>\n<meta property=\"og:image\" content=\"https:\/\/www.cde.ual.es\/wp-content\/uploads\/2020\/11\/architecture.jpg\" \/>\n\t<meta property=\"og:image:width\" content=\"1920\" \/>\n\t<meta property=\"og:image:height\" content=\"856\" \/>\n\t<meta property=\"og:image:type\" content=\"image\/jpeg\" \/>\n<meta name=\"author\" content=\"BECA 2 CDE\" \/>\n<meta name=\"twitter:card\" content=\"summary_large_image\" \/>\n<meta name=\"twitter:creator\" content=\"@cdeualmeria\" \/>\n<meta name=\"twitter:site\" content=\"@cdeualmeria\" \/>\n<meta name=\"twitter:label1\" content=\"Written by\" \/>\n\t<meta name=\"twitter:data1\" content=\"BECA 2 CDE\" \/>\n\t<meta name=\"twitter:label2\" content=\"Est. reading time\" \/>\n\t<meta name=\"twitter:data2\" content=\"1 minute\" \/>\n<script type=\"application\/ld+json\" class=\"yoast-schema-graph\">{\"@context\":\"https:\\\/\\\/schema.org\",\"@graph\":[{\"@type\":\"Article\",\"@id\":\"https:\\\/\\\/www.cde.ual.es\\\/en\\\/doctoral-fellowship-in-history-and-theory-of-architecture-in-switzerland\\\/#article\",\"isPartOf\":{\"@id\":\"https:\\\/\\\/www.cde.ual.es\\\/en\\\/doctoral-fellowship-in-history-and-theory-of-architecture-in-switzerland\\\/\"},\"author\":{\"name\":\"BECA 2 CDE\",\"@id\":\"https:\\\/\\\/www.cde.ual.es\\\/#\\\/schema\\\/person\\\/ee46ebc19edfa19598c02cff83335acc\"},\"headline\":\"Doctoral fellowship in History and Theory of Architecture in Switzerland\",\"datePublished\":\"2020-11-26T02:00:05+00:00\",\"dateModified\":\"2021-11-17T08:03:48+00:00\",\"mainEntityOfPage\":{\"@id\":\"https:\\\/\\\/www.cde.ual.es\\\/en\\\/doctoral-fellowship-in-history-and-theory-of-architecture-in-switzerland\\\/\"},\"wordCount\":282,\"commentCount\":0,\"publisher\":{\"@id\":\"https:\\\/\\\/www.cde.ual.es\\\/#organization\"},\"image\":{\"@id\":\"https:\\\/\\\/www.cde.ual.es\\\/en\\\/doctoral-fellowship-in-history-and-theory-of-architecture-in-switzerland\\\/#primaryimage\"},\"thumbnailUrl\":\"https:\\\/\\\/www.cde.ual.es\\\/wp-content\\\/uploads\\\/2020\\\/11\\\/architecture.jpg\",\"keywords\":[\"Cultural studies\",\"History\",\"switzerland\"],\"articleSection\":[\"Engineering and Architecture\",\"EU Calls and Awards\",\"Euraxess\"],\"inLanguage\":\"en-US\",\"potentialAction\":[{\"@type\":\"CommentAction\",\"name\":\"Comment\",\"target\":[\"https:\\\/\\\/www.cde.ual.es\\\/en\\\/doctoral-fellowship-in-history-and-theory-of-architecture-in-switzerland\\\/#respond\"]}]},{\"@type\":\"WebPage\",\"@id\":\"https:\\\/\\\/www.cde.ual.es\\\/en\\\/doctoral-fellowship-in-history-and-theory-of-architecture-in-switzerland\\\/\",\"url\":\"https:\\\/\\\/www.cde.ual.es\\\/en\\\/doctoral-fellowship-in-history-and-theory-of-architecture-in-switzerland\\\/\",\"name\":\"Doctoral fellowship in History and Theory of Architecture in Switzerland | CDE Almer\u00eda - Centro de Documentaci\u00f3n Europea - Universidad de Almer\u00eda\",\"isPartOf\":{\"@id\":\"https:\\\/\\\/www.cde.ual.es\\\/#website\"},\"primaryImageOfPage\":{\"@id\":\"https:\\\/\\\/www.cde.ual.es\\\/en\\\/doctoral-fellowship-in-history-and-theory-of-architecture-in-switzerland\\\/#primaryimage\"},\"image\":{\"@id\":\"https:\\\/\\\/www.cde.ual.es\\\/en\\\/doctoral-fellowship-in-history-and-theory-of-architecture-in-switzerland\\\/#primaryimage\"},\"thumbnailUrl\":\"https:\\\/\\\/www.cde.ual.es\\\/wp-content\\\/uploads\\\/2020\\\/11\\\/architecture.jpg\",\"datePublished\":\"2020-11-26T02:00:05+00:00\",\"dateModified\":\"2021-11-17T08:03:48+00:00\",\"breadcrumb\":{\"@id\":\"https:\\\/\\\/www.cde.ual.es\\\/en\\\/doctoral-fellowship-in-history-and-theory-of-architecture-in-switzerland\\\/#breadcrumb\"},\"inLanguage\":\"en-US\",\"potentialAction\":[{\"@type\":\"ReadAction\",\"target\":[\"https:\\\/\\\/www.cde.ual.es\\\/en\\\/doctoral-fellowship-in-history-and-theory-of-architecture-in-switzerland\\\/\"]}]},{\"@type\":\"ImageObject\",\"inLanguage\":\"en-US\",\"@id\":\"https:\\\/\\\/www.cde.ual.es\\\/en\\\/doctoral-fellowship-in-history-and-theory-of-architecture-in-switzerland\\\/#primaryimage\",\"url\":\"https:\\\/\\\/www.cde.ual.es\\\/wp-content\\\/uploads\\\/2020\\\/11\\\/architecture.jpg\",\"contentUrl\":\"https:\\\/\\\/www.cde.ual.es\\\/wp-content\\\/uploads\\\/2020\\\/11\\\/architecture.jpg\",\"width\":1920,\"height\":856},{\"@type\":\"BreadcrumbList\",\"@id\":\"https:\\\/\\\/www.cde.ual.es\\\/en\\\/doctoral-fellowship-in-history-and-theory-of-architecture-in-switzerland\\\/#breadcrumb\",\"itemListElement\":[{\"@type\":\"ListItem\",\"position\":1,\"name\":\"Inicio\",\"item\":\"https:\\\/\\\/www.cde.ual.es\\\/en\\\/\"},{\"@type\":\"ListItem\",\"position\":2,\"name\":\"EU Calls and Awards\",\"item\":\"https:\\\/\\\/www.cde.ual.es\\\/en\\\/category\\\/eu-calls-and-awards\\\/\"},{\"@type\":\"ListItem\",\"position\":3,\"name\":\"Euraxess\",\"item\":\"https:\\\/\\\/www.cde.ual.es\\\/en\\\/category\\\/eu-calls-and-awards\\\/euraxess-en\\\/\"},{\"@type\":\"ListItem\",\"position\":4,\"name\":\"Engineering and Architecture\",\"item\":\"https:\\\/\\\/www.cde.ual.es\\\/en\\\/category\\\/eu-calls-and-awards\\\/euraxess-en\\\/engineering-architecture\\\/\"},{\"@type\":\"ListItem\",\"position\":5,\"name\":\"Doctoral fellowship in History and Theory of Architecture in Switzerland\"}]},{\"@type\":\"WebSite\",\"@id\":\"https:\\\/\\\/www.cde.ual.es\\\/#website\",\"url\":\"https:\\\/\\\/www.cde.ual.es\\\/\",\"name\":\"CDE Almer\u00eda - Centro de Documentaci\u00f3n Europea - Universidad de Almer\u00eda\",\"description\":\"Centro de Documentaci\u00f3n Europea de la Universidad de Almer\u00eda\",\"publisher\":{\"@id\":\"https:\\\/\\\/www.cde.ual.es\\\/#organization\"},\"alternateName\":\"CDE Almer\u00eda\",\"potentialAction\":[{\"@type\":\"SearchAction\",\"target\":{\"@type\":\"EntryPoint\",\"urlTemplate\":\"https:\\\/\\\/www.cde.ual.es\\\/?s={search_term_string}\"},\"query-input\":{\"@type\":\"PropertyValueSpecification\",\"valueRequired\":true,\"valueName\":\"search_term_string\"}}],\"inLanguage\":\"en-US\"},{\"@type\":\"Organization\",\"@id\":\"https:\\\/\\\/www.cde.ual.es\\\/#organization\",\"name\":\"Centro de Documentaci\u00f3n Europea de Almer\u00eda\",\"url\":\"https:\\\/\\\/www.cde.ual.es\\\/\",\"logo\":{\"@type\":\"ImageObject\",\"inLanguage\":\"en-US\",\"@id\":\"https:\\\/\\\/www.cde.ual.es\\\/#\\\/schema\\\/logo\\\/image\\\/\",\"url\":\"https:\\\/\\\/www.cde.ual.es\\\/wp-content\\\/uploads\\\/2025\\\/07\\\/cde-logo-3.png\",\"contentUrl\":\"https:\\\/\\\/www.cde.ual.es\\\/wp-content\\\/uploads\\\/2025\\\/07\\\/cde-logo-3.png\",\"width\":1400,\"height\":300,\"caption\":\"Centro de Documentaci\u00f3n Europea de Almer\u00eda\"},\"image\":{\"@id\":\"https:\\\/\\\/www.cde.ual.es\\\/#\\\/schema\\\/logo\\\/image\\\/\"},\"sameAs\":[\"https:\\\/\\\/www.facebook.com\\\/cdeuniversidadalmeria\\\/\",\"https:\\\/\\\/x.com\\\/cdeualmeria\",\"https:\\\/\\\/www.tiktok.com\\\/@cdealmeria\",\"https:\\\/\\\/www.instagram.com\\\/cdealmeria\\\/\",\"https:\\\/\\\/www.linkedin.com\\\/in\\\/cde-almera-812b26a9\\\/\"]},{\"@type\":\"Person\",\"@id\":\"https:\\\/\\\/www.cde.ual.es\\\/#\\\/schema\\\/person\\\/ee46ebc19edfa19598c02cff83335acc\",\"name\":\"BECA 2 CDE\",\"image\":{\"@type\":\"ImageObject\",\"inLanguage\":\"en-US\",\"@id\":\"https:\\\/\\\/secure.gravatar.com\\\/avatar\\\/35a481bbc04bbd90e91bdfa3b0b5541036c222a49b9ad37b6889a2afcb5311a5?s=96&d=mm&r=g\",\"url\":\"https:\\\/\\\/secure.gravatar.com\\\/avatar\\\/35a481bbc04bbd90e91bdfa3b0b5541036c222a49b9ad37b6889a2afcb5311a5?s=96&d=mm&r=g\",\"contentUrl\":\"https:\\\/\\\/secure.gravatar.com\\\/avatar\\\/35a481bbc04bbd90e91bdfa3b0b5541036c222a49b9ad37b6889a2afcb5311a5?s=96&d=mm&r=g\",\"caption\":\"BECA 2 CDE\"},\"sameAs\":[\"http:\\\/\\\/www.cdealmeria.com\"]}]}<\/script>\n<!-- \/ Yoast SEO plugin. -->","yoast_head_json":{"title":"Doctoral fellowship in History and Theory of Architecture in Switzerland | CDE Almer\u00eda - Centro de Documentaci\u00f3n Europea - Universidad de Almer\u00eda","robots":{"index":"index","follow":"follow","max-snippet":"max-snippet:-1","max-image-preview":"max-image-preview:large","max-video-preview":"max-video-preview:-1"},"canonical":"https:\/\/www.cde.ual.es\/en\/doctoral-fellowship-in-history-and-theory-of-architecture-in-switzerland\/","og_locale":"en_US","og_type":"article","og_title":"Doctoral fellowship in History and Theory of Architecture in Switzerland | CDE Almer\u00eda - Centro de Documentaci\u00f3n Europea - Universidad de Almer\u00eda","og_description":"The doctoral program at the Institute of History and Theory of Architecture (gta), offers two fellowship positions to start on 1 October 2021. This program focuses on the history and theory of architecture and urbanism in a wider context of cultural history, including the history and theory of art, science, and technology.\u00a0 ETH Zurich is [&hellip;]","og_url":"https:\/\/www.cde.ual.es\/en\/doctoral-fellowship-in-history-and-theory-of-architecture-in-switzerland\/","og_site_name":"CDE Almer\u00eda - Centro de Documentaci\u00f3n Europea - Universidad de Almer\u00eda","article_publisher":"https:\/\/www.facebook.com\/cdeuniversidadalmeria\/","article_published_time":"2020-11-26T02:00:05+00:00","article_modified_time":"2021-11-17T08:03:48+00:00","og_image":[{"width":1920,"height":856,"url":"https:\/\/www.cde.ual.es\/wp-content\/uploads\/2020\/11\/architecture.jpg","type":"image\/jpeg"}],"author":"BECA 2 CDE","twitter_card":"summary_large_image","twitter_creator":"@cdeualmeria","twitter_site":"@cdeualmeria","twitter_misc":{"Written by":"BECA 2 CDE","Est. reading time":"1 minute"},"schema":{"@context":"https:\/\/schema.org","@graph":[{"@type":"Article","@id":"https:\/\/www.cde.ual.es\/en\/doctoral-fellowship-in-history-and-theory-of-architecture-in-switzerland\/#article","isPartOf":{"@id":"https:\/\/www.cde.ual.es\/en\/doctoral-fellowship-in-history-and-theory-of-architecture-in-switzerland\/"},"author":{"name":"BECA 2 CDE","@id":"https:\/\/www.cde.ual.es\/#\/schema\/person\/ee46ebc19edfa19598c02cff83335acc"},"headline":"Doctoral fellowship in History and Theory of Architecture in Switzerland","datePublished":"2020-11-26T02:00:05+00:00","dateModified":"2021-11-17T08:03:48+00:00","mainEntityOfPage":{"@id":"https:\/\/www.cde.ual.es\/en\/doctoral-fellowship-in-history-and-theory-of-architecture-in-switzerland\/"},"wordCount":282,"commentCount":0,"publisher":{"@id":"https:\/\/www.cde.ual.es\/#organization"},"image":{"@id":"https:\/\/www.cde.ual.es\/en\/doctoral-fellowship-in-history-and-theory-of-architecture-in-switzerland\/#primaryimage"},"thumbnailUrl":"https:\/\/www.cde.ual.es\/wp-content\/uploads\/2020\/11\/architecture.jpg","keywords":["Cultural studies","History","switzerland"],"articleSection":["Engineering and Architecture","EU Calls and Awards","Euraxess"],"inLanguage":"en-US","potentialAction":[{"@type":"CommentAction","name":"Comment","target":["https:\/\/www.cde.ual.es\/en\/doctoral-fellowship-in-history-and-theory-of-architecture-in-switzerland\/#respond"]}]},{"@type":"WebPage","@id":"https:\/\/www.cde.ual.es\/en\/doctoral-fellowship-in-history-and-theory-of-architecture-in-switzerland\/","url":"https:\/\/www.cde.ual.es\/en\/doctoral-fellowship-in-history-and-theory-of-architecture-in-switzerland\/","name":"Doctoral fellowship in History and Theory of Architecture in Switzerland | CDE Almer\u00eda - Centro de Documentaci\u00f3n Europea - Universidad de Almer\u00eda","isPartOf":{"@id":"https:\/\/www.cde.ual.es\/#website"},"primaryImageOfPage":{"@id":"https:\/\/www.cde.ual.es\/en\/doctoral-fellowship-in-history-and-theory-of-architecture-in-switzerland\/#primaryimage"},"image":{"@id":"https:\/\/www.cde.ual.es\/en\/doctoral-fellowship-in-history-and-theory-of-architecture-in-switzerland\/#primaryimage"},"thumbnailUrl":"https:\/\/www.cde.ual.es\/wp-content\/uploads\/2020\/11\/architecture.jpg","datePublished":"2020-11-26T02:00:05+00:00","dateModified":"2021-11-17T08:03:48+00:00","breadcrumb":{"@id":"https:\/\/www.cde.ual.es\/en\/doctoral-fellowship-in-history-and-theory-of-architecture-in-switzerland\/#breadcrumb"},"inLanguage":"en-US","potentialAction":[{"@type":"ReadAction","target":["https:\/\/www.cde.ual.es\/en\/doctoral-fellowship-in-history-and-theory-of-architecture-in-switzerland\/"]}]},{"@type":"ImageObject","inLanguage":"en-US","@id":"https:\/\/www.cde.ual.es\/en\/doctoral-fellowship-in-history-and-theory-of-architecture-in-switzerland\/#primaryimage","url":"https:\/\/www.cde.ual.es\/wp-content\/uploads\/2020\/11\/architecture.jpg","contentUrl":"https:\/\/www.cde.ual.es\/wp-content\/uploads\/2020\/11\/architecture.jpg","width":1920,"height":856},{"@type":"BreadcrumbList","@id":"https:\/\/www.cde.ual.es\/en\/doctoral-fellowship-in-history-and-theory-of-architecture-in-switzerland\/#breadcrumb","itemListElement":[{"@type":"ListItem","position":1,"name":"Inicio","item":"https:\/\/www.cde.ual.es\/en\/"},{"@type":"ListItem","position":2,"name":"EU Calls and Awards","item":"https:\/\/www.cde.ual.es\/en\/category\/eu-calls-and-awards\/"},{"@type":"ListItem","position":3,"name":"Euraxess","item":"https:\/\/www.cde.ual.es\/en\/category\/eu-calls-and-awards\/euraxess-en\/"},{"@type":"ListItem","position":4,"name":"Engineering and Architecture","item":"https:\/\/www.cde.ual.es\/en\/category\/eu-calls-and-awards\/euraxess-en\/engineering-architecture\/"},{"@type":"ListItem","position":5,"name":"Doctoral fellowship in History and Theory of Architecture in Switzerland"}]},{"@type":"WebSite","@id":"https:\/\/www.cde.ual.es\/#website","url":"https:\/\/www.cde.ual.es\/","name":"CDE Almer\u00eda - Centro de Documentaci\u00f3n Europea - Universidad de Almer\u00eda","description":"Centro de Documentaci\u00f3n Europea de la Universidad de Almer\u00eda","publisher":{"@id":"https:\/\/www.cde.ual.es\/#organization"},"alternateName":"CDE Almer\u00eda","potentialAction":[{"@type":"SearchAction","target":{"@type":"EntryPoint","urlTemplate":"https:\/\/www.cde.ual.es\/?s={search_term_string}"},"query-input":{"@type":"PropertyValueSpecification","valueRequired":true,"valueName":"search_term_string"}}],"inLanguage":"en-US"},{"@type":"Organization","@id":"https:\/\/www.cde.ual.es\/#organization","name":"Centro de Documentaci\u00f3n Europea de Almer\u00eda","url":"https:\/\/www.cde.ual.es\/","logo":{"@type":"ImageObject","inLanguage":"en-US","@id":"https:\/\/www.cde.ual.es\/#\/schema\/logo\/image\/","url":"https:\/\/www.cde.ual.es\/wp-content\/uploads\/2025\/07\/cde-logo-3.png","contentUrl":"https:\/\/www.cde.ual.es\/wp-content\/uploads\/2025\/07\/cde-logo-3.png","width":1400,"height":300,"caption":"Centro de Documentaci\u00f3n Europea de Almer\u00eda"},"image":{"@id":"https:\/\/www.cde.ual.es\/#\/schema\/logo\/image\/"},"sameAs":["https:\/\/www.facebook.com\/cdeuniversidadalmeria\/","https:\/\/x.com\/cdeualmeria","https:\/\/www.tiktok.com\/@cdealmeria","https:\/\/www.instagram.com\/cdealmeria\/","https:\/\/www.linkedin.com\/in\/cde-almera-812b26a9\/"]},{"@type":"Person","@id":"https:\/\/www.cde.ual.es\/#\/schema\/person\/ee46ebc19edfa19598c02cff83335acc","name":"BECA 2 CDE","image":{"@type":"ImageObject","inLanguage":"en-US","@id":"https:\/\/secure.gravatar.com\/avatar\/35a481bbc04bbd90e91bdfa3b0b5541036c222a49b9ad37b6889a2afcb5311a5?s=96&d=mm&r=g","url":"https:\/\/secure.gravatar.com\/avatar\/35a481bbc04bbd90e91bdfa3b0b5541036c222a49b9ad37b6889a2afcb5311a5?s=96&d=mm&r=g","contentUrl":"https:\/\/secure.gravatar.com\/avatar\/35a481bbc04bbd90e91bdfa3b0b5541036c222a49b9ad37b6889a2afcb5311a5?s=96&d=mm&r=g","caption":"BECA 2 CDE"},"sameAs":["http:\/\/www.cdealmeria.com"]}]}},"_links":{"self":[{"href":"https:\/\/www.cde.ual.es\/en\/wp-json\/wp\/v2\/posts\/57359","targetHints":{"allow":["GET"]}}],"collection":[{"href":"https:\/\/www.cde.ual.es\/en\/wp-json\/wp\/v2\/posts"}],"about":[{"href":"https:\/\/www.cde.ual.es\/en\/wp-json\/wp\/v2\/types\/post"}],"author":[{"embeddable":true,"href":"https:\/\/www.cde.ual.es\/en\/wp-json\/wp\/v2\/users\/101011"}],"replies":[{"embeddable":true,"href":"https:\/\/www.cde.ual.es\/en\/wp-json\/wp\/v2\/comments?post=57359"}],"version-history":[{"count":0,"href":"https:\/\/www.cde.ual.es\/en\/wp-json\/wp\/v2\/posts\/57359\/revisions"}],"wp:featuredmedia":[{"embeddable":true,"href":"https:\/\/www.cde.ual.es\/en\/wp-json\/wp\/v2\/media\/57360"}],"wp:attachment":[{"href":"https:\/\/www.cde.ual.es\/en\/wp-json\/wp\/v2\/media?parent=57359"}],"wp:term":[{"taxonomy":"category","embeddable":true,"href":"https:\/\/www.cde.ual.es\/en\/wp-json\/wp\/v2\/categories?post=57359"},{"taxonomy":"post_tag","embeddable":true,"href":"https:\/\/www.cde.ual.es\/en\/wp-json\/wp\/v2\/tags?post=57359"}],"curies":[{"name":"wp","href":"https:\/\/api.w.org\/{rel}","templated":true}]}}