{"id":57141,"date":"2020-11-24T03:00:37","date_gmt":"2020-11-24T02:00:37","guid":{"rendered":"https:\/\/www.cde.ual.es\/?p=57141"},"modified":"2020-11-23T14:12:49","modified_gmt":"2020-11-23T13:12:49","slug":"g20-summit-21-22-november-2020","status":"publish","type":"post","link":"https:\/\/www.cde.ual.es\/en\/g20-summit-21-22-november-2020\/","title":{"rendered":"G20 summit, 21-22 November 2020"},"content":{"rendered":"<p>President of the European Council, <strong>Charles\u00a0Michel<\/strong>, and President of the European Commission, <strong>Ursula\u00a0von der Leyen\u00a0<\/strong>represented the EU at the 15th G20 Leaders&#8217; summit hosted by Saudi Arabia on 21-22 November 2020.<\/p>\n<p><a href=\"https:\/\/www.cde.ual.es\/wp-content\/uploads\/2020\/11\/photomontage_eu_g20_whitedef-1.jpg\"><img decoding=\"async\" class=\"aligncenter wp-image-57142\" src=\"https:\/\/www.cde.ual.es\/wp-content\/uploads\/2020\/11\/photomontage_eu_g20_whitedef-1.jpg\" alt=\"\" width=\"537\" height=\"302\" srcset=\"https:\/\/www.cde.ual.es\/wp-content\/uploads\/2020\/11\/photomontage_eu_g20_whitedef-1.jpg 1024w, https:\/\/www.cde.ual.es\/wp-content\/uploads\/2020\/11\/photomontage_eu_g20_whitedef-1-300x169.jpg 300w, https:\/\/www.cde.ual.es\/wp-content\/uploads\/2020\/11\/photomontage_eu_g20_whitedef-1-768x432.jpg 768w\" sizes=\"(max-width: 537px) 100vw, 537px\" \/><\/a><\/p>\n<p>G20 leaders met in virtual format to address the way forward how to tackle together the ongoing COVID-19 pandemic, finance the development and deployment of a vaccine as well as continue the support to citizens and businesses struggling to cope with the aftermath of the pandemic.<\/p>\n<h3><strong>COVID-19<\/strong><\/h3>\n<p>The EU leaders stressed the need for\u00a0<strong>strong multilateral cooperation<\/strong>\u00a0in the fight against the pandemic. They called on the G20 to provide, before the end of the year,\u00a0<strong>$4.5 billion<\/strong>\u00a0for\u00a0<strong>mass procurement and delivery of COVID-19 tools<\/strong>. This amount is urgently needed for the Access to COVID-19 Tools Accelerator (ACT-A) and its COVAX facility.<\/p>\n<p>The G20 leaders committed to sparing no effort to make sure that all people have\u00a0<strong>affordable and equitable access to safe and effective COVID-19 diagnostics, therapeutics and vaccines.<\/strong><\/p>\n<p>They also committed to advancing global pandemic preparedness, prevention, detection and response. In this context, President Michel proposed an initiative to ensure a\u00a0<strong>better global response to future pandemics.<\/strong><\/p>\n<h3><strong>Climate Change<\/strong><\/h3>\n<p>The EU leaders urged all G20 members to work towards the full and effective implementation of the\u00a0<strong>Paris Agreement<\/strong>.<\/p>\n<p>They stressed that the EU is leading the way to\u00a0<strong>climate neutrality by 2050<\/strong>\u00a0and welcomed the fact that many G20 partners had taken the same commitments.<\/p>\n<p>They also promoted a recovery based on\u00a0<strong>green, inclusive, sustainable, resilient and digital growth<\/strong>\u00a0in line with the 2030 Agenda and its Sustainable Development Goals.<\/p>\n<h3><strong>Debt Relief<\/strong><\/h3>\n<p>The G20 leaders were determined to\u00a0<strong>support the most vulnerable and fragile countries<\/strong>, notably in Africa, in their fight against the pandemic.<\/p>\n<p>To this end, they committed to allowing countries eligible under the G20 Debt Service Suspension Initiative (DSSI) to\u00a0<strong>suspend official bilateral debt service payments until June 2021<\/strong>.<\/p>\n<p>The EU leaders stressed that additional steps might be needed, and the summit endorsed the &#8220;Common Framework for Debt Treatments beyond the DSSI&#8221;, which is also endorsed by the Paris Club.<\/p>\n<h3><strong>Trade<\/strong> and T<strong>axation of the Digital Economy<\/strong><\/h3>\n<p>The G20 leaders reaffirmed their support to the\u00a0<strong>WTO reform process<\/strong>\u00a0in the lead-up to the 12th WTO Ministerial Conference. They recognised the contribution that the Riyadh Initiative on the Future of the WTO has made.<\/p>\n<p>The leaders also agreed to strive to find a consensus-based solution for a\u00a0<strong>globally fair, sustainable, and modern international tax system<\/strong>\u00a0by mid-2021, built on the ongoing work of the OECD.<\/p>\n<p>On the\u00a0<strong>digital economy,<\/strong> the G20 leaders expressed their support for fostering an open, fair and non-discriminatory environment and for protecting and empowering consumers while addressing the challenges related to privacy, data protection, intellectual property rights and security.<\/p>\n<h3>More information<\/h3>\n<p><a href=\"https:\/\/www.consilium.europa.eu\/es\/meetings\/international-summit\/2020\/11\/21-22\/\">Press Release &#8211; European Council<\/a><\/p>\n","protected":false},"excerpt":{"rendered":"<p>President of the European Council, Charles\u00a0Michel, and President of the European Commission, Ursula\u00a0von der Leyen\u00a0represented the EU at the 15th G20 Leaders&#8217; summit hosted by Saudi Arabia on 21-22 November 2020. G20 leaders met in virtual format to address the way forward how to tackle together the ongoing COVID-19 pandemic, finance the development and deployment [&hellip;]<\/p>\n","protected":false},"author":101011,"featured_media":57142,"comment_status":"open","ping_status":"open","sticky":false,"template":"","format":"standard","meta":{"_acf_changed":false,"_relevanssi_hide_post":"","_relevanssi_hide_content":"","_relevanssi_pin_for_all":"","_relevanssi_pin_keywords":"","_relevanssi_unpin_keywords":"","_relevanssi_related_keywords":"","_relevanssi_related_include_ids":"","_relevanssi_related_exclude_ids":"","_relevanssi_related_no_append":"","_relevanssi_related_not_related":"","_relevanssi_related_posts":"","_relevanssi_noindex_reason":"","_monsterinsights_skip_tracking":false,"_monsterinsights_sitenote_active":false,"_monsterinsights_sitenote_note":"","_monsterinsights_sitenote_category":0,"_genesis_hide_title":false,"_genesis_hide_breadcrumbs":false,"_genesis_hide_singular_image":false,"_genesis_hide_footer_widgets":false,"_genesis_custom_body_class":"","_genesis_custom_post_class":"","_genesis_layout":"","footnotes":""},"categories":[157],"tags":[422,1352,2428,2427],"class_list":{"0":"post-57141","1":"post","2":"type-post","3":"status-publish","4":"format-standard","5":"has-post-thumbnail","7":"category-uncategorized","8":"tag-climate-change","9":"tag-covid-19","10":"tag-debt-relief","11":"tag-g20","12":"entry"},"acf":[],"yoast_head":"<!-- This site is optimized with the Yoast SEO plugin v27.4 - https:\/\/yoast.com\/product\/yoast-seo-wordpress\/ -->\n<title>G20 summit, 21-22 November 2020 | CDE Almer\u00eda - Centro de Documentaci\u00f3n Europea - Universidad de Almer\u00eda<\/title>\n<meta name=\"robots\" content=\"index, follow, max-snippet:-1, max-image-preview:large, max-video-preview:-1\" \/>\n<link rel=\"canonical\" href=\"https:\/\/www.cde.ual.es\/en\/g20-summit-21-22-november-2020\/\" \/>\n<meta property=\"og:locale\" content=\"en_US\" \/>\n<meta property=\"og:type\" content=\"article\" \/>\n<meta property=\"og:title\" content=\"G20 summit, 21-22 November 2020 | CDE Almer\u00eda - Centro de Documentaci\u00f3n Europea - Universidad de Almer\u00eda\" \/>\n<meta property=\"og:description\" content=\"President of the European Council, Charles\u00a0Michel, and President of the European Commission, Ursula\u00a0von der Leyen\u00a0represented the EU at the 15th G20 Leaders&#8217; summit hosted by Saudi Arabia on 21-22 November 2020. G20 leaders met in virtual format to address the way forward how to tackle together the ongoing COVID-19 pandemic, finance the development and deployment [&hellip;]\" \/>\n<meta property=\"og:url\" content=\"https:\/\/www.cde.ual.es\/en\/g20-summit-21-22-november-2020\/\" \/>\n<meta property=\"og:site_name\" content=\"CDE Almer\u00eda - Centro de Documentaci\u00f3n Europea - Universidad de Almer\u00eda\" \/>\n<meta property=\"article:publisher\" content=\"https:\/\/www.facebook.com\/cdeuniversidadalmeria\/\" \/>\n<meta property=\"article:published_time\" content=\"2020-11-24T02:00:37+00:00\" \/>\n<meta property=\"og:image\" content=\"https:\/\/www.cde.ual.es\/wp-content\/uploads\/2020\/11\/photomontage_eu_g20_whitedef-1.jpg\" \/>\n\t<meta property=\"og:image:width\" content=\"1024\" \/>\n\t<meta property=\"og:image:height\" content=\"576\" \/>\n\t<meta property=\"og:image:type\" content=\"image\/jpeg\" \/>\n<meta name=\"author\" content=\"BECA 2 CDE\" \/>\n<meta name=\"twitter:card\" content=\"summary_large_image\" \/>\n<meta name=\"twitter:creator\" content=\"@cdeualmeria\" \/>\n<meta name=\"twitter:site\" content=\"@cdeualmeria\" \/>\n<meta name=\"twitter:label1\" content=\"Written by\" \/>\n\t<meta name=\"twitter:data1\" content=\"BECA 2 CDE\" \/>\n\t<meta name=\"twitter:label2\" content=\"Est. reading time\" \/>\n\t<meta name=\"twitter:data2\" content=\"2 minutes\" \/>\n<script type=\"application\/ld+json\" class=\"yoast-schema-graph\">{\"@context\":\"https:\\\/\\\/schema.org\",\"@graph\":[{\"@type\":\"Article\",\"@id\":\"https:\\\/\\\/www.cde.ual.es\\\/en\\\/g20-summit-21-22-november-2020\\\/#article\",\"isPartOf\":{\"@id\":\"https:\\\/\\\/www.cde.ual.es\\\/en\\\/g20-summit-21-22-november-2020\\\/\"},\"author\":{\"name\":\"BECA 2 CDE\",\"@id\":\"https:\\\/\\\/www.cde.ual.es\\\/#\\\/schema\\\/person\\\/ee46ebc19edfa19598c02cff83335acc\"},\"headline\":\"G20 summit, 21-22 November 2020\",\"datePublished\":\"2020-11-24T02:00:37+00:00\",\"mainEntityOfPage\":{\"@id\":\"https:\\\/\\\/www.cde.ual.es\\\/en\\\/g20-summit-21-22-november-2020\\\/\"},\"wordCount\":467,\"commentCount\":0,\"publisher\":{\"@id\":\"https:\\\/\\\/www.cde.ual.es\\\/#organization\"},\"image\":{\"@id\":\"https:\\\/\\\/www.cde.ual.es\\\/en\\\/g20-summit-21-22-november-2020\\\/#primaryimage\"},\"thumbnailUrl\":\"https:\\\/\\\/www.cde.ual.es\\\/wp-content\\\/uploads\\\/2020\\\/11\\\/photomontage_eu_g20_whitedef-1.jpg\",\"keywords\":[\"Climate Change\",\"covid-19\",\"Debt Relief\",\"G20\"],\"inLanguage\":\"en-US\",\"potentialAction\":[{\"@type\":\"CommentAction\",\"name\":\"Comment\",\"target\":[\"https:\\\/\\\/www.cde.ual.es\\\/en\\\/g20-summit-21-22-november-2020\\\/#respond\"]}]},{\"@type\":\"WebPage\",\"@id\":\"https:\\\/\\\/www.cde.ual.es\\\/en\\\/g20-summit-21-22-november-2020\\\/\",\"url\":\"https:\\\/\\\/www.cde.ual.es\\\/en\\\/g20-summit-21-22-november-2020\\\/\",\"name\":\"G20 summit, 21-22 November 2020 | CDE Almer\u00eda - Centro de Documentaci\u00f3n Europea - Universidad de Almer\u00eda\",\"isPartOf\":{\"@id\":\"https:\\\/\\\/www.cde.ual.es\\\/#website\"},\"primaryImageOfPage\":{\"@id\":\"https:\\\/\\\/www.cde.ual.es\\\/en\\\/g20-summit-21-22-november-2020\\\/#primaryimage\"},\"image\":{\"@id\":\"https:\\\/\\\/www.cde.ual.es\\\/en\\\/g20-summit-21-22-november-2020\\\/#primaryimage\"},\"thumbnailUrl\":\"https:\\\/\\\/www.cde.ual.es\\\/wp-content\\\/uploads\\\/2020\\\/11\\\/photomontage_eu_g20_whitedef-1.jpg\",\"datePublished\":\"2020-11-24T02:00:37+00:00\",\"breadcrumb\":{\"@id\":\"https:\\\/\\\/www.cde.ual.es\\\/en\\\/g20-summit-21-22-november-2020\\\/#breadcrumb\"},\"inLanguage\":\"en-US\",\"potentialAction\":[{\"@type\":\"ReadAction\",\"target\":[\"https:\\\/\\\/www.cde.ual.es\\\/en\\\/g20-summit-21-22-november-2020\\\/\"]}]},{\"@type\":\"ImageObject\",\"inLanguage\":\"en-US\",\"@id\":\"https:\\\/\\\/www.cde.ual.es\\\/en\\\/g20-summit-21-22-november-2020\\\/#primaryimage\",\"url\":\"https:\\\/\\\/www.cde.ual.es\\\/wp-content\\\/uploads\\\/2020\\\/11\\\/photomontage_eu_g20_whitedef-1.jpg\",\"contentUrl\":\"https:\\\/\\\/www.cde.ual.es\\\/wp-content\\\/uploads\\\/2020\\\/11\\\/photomontage_eu_g20_whitedef-1.jpg\",\"width\":1024,\"height\":576},{\"@type\":\"BreadcrumbList\",\"@id\":\"https:\\\/\\\/www.cde.ual.es\\\/en\\\/g20-summit-21-22-november-2020\\\/#breadcrumb\",\"itemListElement\":[{\"@type\":\"ListItem\",\"position\":1,\"name\":\"Inicio\",\"item\":\"https:\\\/\\\/www.cde.ual.es\\\/en\\\/\"},{\"@type\":\"ListItem\",\"position\":2,\"name\":\"Uncategorized\",\"item\":\"https:\\\/\\\/www.cde.ual.es\\\/en\\\/category\\\/uncategorized\\\/\"},{\"@type\":\"ListItem\",\"position\":3,\"name\":\"G20 summit, 21-22 November 2020\"}]},{\"@type\":\"WebSite\",\"@id\":\"https:\\\/\\\/www.cde.ual.es\\\/#website\",\"url\":\"https:\\\/\\\/www.cde.ual.es\\\/\",\"name\":\"CDE Almer\u00eda - Centro de Documentaci\u00f3n Europea - Universidad de Almer\u00eda\",\"description\":\"Centro de Documentaci\u00f3n Europea de la Universidad de Almer\u00eda\",\"publisher\":{\"@id\":\"https:\\\/\\\/www.cde.ual.es\\\/#organization\"},\"alternateName\":\"CDE Almer\u00eda\",\"potentialAction\":[{\"@type\":\"SearchAction\",\"target\":{\"@type\":\"EntryPoint\",\"urlTemplate\":\"https:\\\/\\\/www.cde.ual.es\\\/?s={search_term_string}\"},\"query-input\":{\"@type\":\"PropertyValueSpecification\",\"valueRequired\":true,\"valueName\":\"search_term_string\"}}],\"inLanguage\":\"en-US\"},{\"@type\":\"Organization\",\"@id\":\"https:\\\/\\\/www.cde.ual.es\\\/#organization\",\"name\":\"Centro de Documentaci\u00f3n Europea de Almer\u00eda\",\"url\":\"https:\\\/\\\/www.cde.ual.es\\\/\",\"logo\":{\"@type\":\"ImageObject\",\"inLanguage\":\"en-US\",\"@id\":\"https:\\\/\\\/www.cde.ual.es\\\/#\\\/schema\\\/logo\\\/image\\\/\",\"url\":\"https:\\\/\\\/www.cde.ual.es\\\/wp-content\\\/uploads\\\/2025\\\/07\\\/cde-logo-3.png\",\"contentUrl\":\"https:\\\/\\\/www.cde.ual.es\\\/wp-content\\\/uploads\\\/2025\\\/07\\\/cde-logo-3.png\",\"width\":1400,\"height\":300,\"caption\":\"Centro de Documentaci\u00f3n Europea de Almer\u00eda\"},\"image\":{\"@id\":\"https:\\\/\\\/www.cde.ual.es\\\/#\\\/schema\\\/logo\\\/image\\\/\"},\"sameAs\":[\"https:\\\/\\\/www.facebook.com\\\/cdeuniversidadalmeria\\\/\",\"https:\\\/\\\/x.com\\\/cdeualmeria\",\"https:\\\/\\\/www.tiktok.com\\\/@cdealmeria\",\"https:\\\/\\\/www.instagram.com\\\/cdealmeria\\\/\",\"https:\\\/\\\/www.linkedin.com\\\/in\\\/cde-almera-812b26a9\\\/\"]},{\"@type\":\"Person\",\"@id\":\"https:\\\/\\\/www.cde.ual.es\\\/#\\\/schema\\\/person\\\/ee46ebc19edfa19598c02cff83335acc\",\"name\":\"BECA 2 CDE\",\"image\":{\"@type\":\"ImageObject\",\"inLanguage\":\"en-US\",\"@id\":\"https:\\\/\\\/secure.gravatar.com\\\/avatar\\\/35a481bbc04bbd90e91bdfa3b0b5541036c222a49b9ad37b6889a2afcb5311a5?s=96&d=mm&r=g\",\"url\":\"https:\\\/\\\/secure.gravatar.com\\\/avatar\\\/35a481bbc04bbd90e91bdfa3b0b5541036c222a49b9ad37b6889a2afcb5311a5?s=96&d=mm&r=g\",\"contentUrl\":\"https:\\\/\\\/secure.gravatar.com\\\/avatar\\\/35a481bbc04bbd90e91bdfa3b0b5541036c222a49b9ad37b6889a2afcb5311a5?s=96&d=mm&r=g\",\"caption\":\"BECA 2 CDE\"},\"sameAs\":[\"http:\\\/\\\/www.cdealmeria.com\"]}]}<\/script>\n<!-- \/ Yoast SEO plugin. -->","yoast_head_json":{"title":"G20 summit, 21-22 November 2020 | CDE Almer\u00eda - Centro de Documentaci\u00f3n Europea - Universidad de Almer\u00eda","robots":{"index":"index","follow":"follow","max-snippet":"max-snippet:-1","max-image-preview":"max-image-preview:large","max-video-preview":"max-video-preview:-1"},"canonical":"https:\/\/www.cde.ual.es\/en\/g20-summit-21-22-november-2020\/","og_locale":"en_US","og_type":"article","og_title":"G20 summit, 21-22 November 2020 | CDE Almer\u00eda - Centro de Documentaci\u00f3n Europea - Universidad de Almer\u00eda","og_description":"President of the European Council, Charles\u00a0Michel, and President of the European Commission, Ursula\u00a0von der Leyen\u00a0represented the EU at the 15th G20 Leaders&#8217; summit hosted by Saudi Arabia on 21-22 November 2020. G20 leaders met in virtual format to address the way forward how to tackle together the ongoing COVID-19 pandemic, finance the development and deployment [&hellip;]","og_url":"https:\/\/www.cde.ual.es\/en\/g20-summit-21-22-november-2020\/","og_site_name":"CDE Almer\u00eda - Centro de Documentaci\u00f3n Europea - Universidad de Almer\u00eda","article_publisher":"https:\/\/www.facebook.com\/cdeuniversidadalmeria\/","article_published_time":"2020-11-24T02:00:37+00:00","og_image":[{"width":1024,"height":576,"url":"https:\/\/www.cde.ual.es\/wp-content\/uploads\/2020\/11\/photomontage_eu_g20_whitedef-1.jpg","type":"image\/jpeg"}],"author":"BECA 2 CDE","twitter_card":"summary_large_image","twitter_creator":"@cdeualmeria","twitter_site":"@cdeualmeria","twitter_misc":{"Written by":"BECA 2 CDE","Est. reading time":"2 minutes"},"schema":{"@context":"https:\/\/schema.org","@graph":[{"@type":"Article","@id":"https:\/\/www.cde.ual.es\/en\/g20-summit-21-22-november-2020\/#article","isPartOf":{"@id":"https:\/\/www.cde.ual.es\/en\/g20-summit-21-22-november-2020\/"},"author":{"name":"BECA 2 CDE","@id":"https:\/\/www.cde.ual.es\/#\/schema\/person\/ee46ebc19edfa19598c02cff83335acc"},"headline":"G20 summit, 21-22 November 2020","datePublished":"2020-11-24T02:00:37+00:00","mainEntityOfPage":{"@id":"https:\/\/www.cde.ual.es\/en\/g20-summit-21-22-november-2020\/"},"wordCount":467,"commentCount":0,"publisher":{"@id":"https:\/\/www.cde.ual.es\/#organization"},"image":{"@id":"https:\/\/www.cde.ual.es\/en\/g20-summit-21-22-november-2020\/#primaryimage"},"thumbnailUrl":"https:\/\/www.cde.ual.es\/wp-content\/uploads\/2020\/11\/photomontage_eu_g20_whitedef-1.jpg","keywords":["Climate Change","covid-19","Debt Relief","G20"],"inLanguage":"en-US","potentialAction":[{"@type":"CommentAction","name":"Comment","target":["https:\/\/www.cde.ual.es\/en\/g20-summit-21-22-november-2020\/#respond"]}]},{"@type":"WebPage","@id":"https:\/\/www.cde.ual.es\/en\/g20-summit-21-22-november-2020\/","url":"https:\/\/www.cde.ual.es\/en\/g20-summit-21-22-november-2020\/","name":"G20 summit, 21-22 November 2020 | CDE Almer\u00eda - Centro de Documentaci\u00f3n Europea - Universidad de Almer\u00eda","isPartOf":{"@id":"https:\/\/www.cde.ual.es\/#website"},"primaryImageOfPage":{"@id":"https:\/\/www.cde.ual.es\/en\/g20-summit-21-22-november-2020\/#primaryimage"},"image":{"@id":"https:\/\/www.cde.ual.es\/en\/g20-summit-21-22-november-2020\/#primaryimage"},"thumbnailUrl":"https:\/\/www.cde.ual.es\/wp-content\/uploads\/2020\/11\/photomontage_eu_g20_whitedef-1.jpg","datePublished":"2020-11-24T02:00:37+00:00","breadcrumb":{"@id":"https:\/\/www.cde.ual.es\/en\/g20-summit-21-22-november-2020\/#breadcrumb"},"inLanguage":"en-US","potentialAction":[{"@type":"ReadAction","target":["https:\/\/www.cde.ual.es\/en\/g20-summit-21-22-november-2020\/"]}]},{"@type":"ImageObject","inLanguage":"en-US","@id":"https:\/\/www.cde.ual.es\/en\/g20-summit-21-22-november-2020\/#primaryimage","url":"https:\/\/www.cde.ual.es\/wp-content\/uploads\/2020\/11\/photomontage_eu_g20_whitedef-1.jpg","contentUrl":"https:\/\/www.cde.ual.es\/wp-content\/uploads\/2020\/11\/photomontage_eu_g20_whitedef-1.jpg","width":1024,"height":576},{"@type":"BreadcrumbList","@id":"https:\/\/www.cde.ual.es\/en\/g20-summit-21-22-november-2020\/#breadcrumb","itemListElement":[{"@type":"ListItem","position":1,"name":"Inicio","item":"https:\/\/www.cde.ual.es\/en\/"},{"@type":"ListItem","position":2,"name":"Uncategorized","item":"https:\/\/www.cde.ual.es\/en\/category\/uncategorized\/"},{"@type":"ListItem","position":3,"name":"G20 summit, 21-22 November 2020"}]},{"@type":"WebSite","@id":"https:\/\/www.cde.ual.es\/#website","url":"https:\/\/www.cde.ual.es\/","name":"CDE Almer\u00eda - Centro de Documentaci\u00f3n Europea - Universidad de Almer\u00eda","description":"Centro de Documentaci\u00f3n Europea de la Universidad de Almer\u00eda","publisher":{"@id":"https:\/\/www.cde.ual.es\/#organization"},"alternateName":"CDE Almer\u00eda","potentialAction":[{"@type":"SearchAction","target":{"@type":"EntryPoint","urlTemplate":"https:\/\/www.cde.ual.es\/?s={search_term_string}"},"query-input":{"@type":"PropertyValueSpecification","valueRequired":true,"valueName":"search_term_string"}}],"inLanguage":"en-US"},{"@type":"Organization","@id":"https:\/\/www.cde.ual.es\/#organization","name":"Centro de Documentaci\u00f3n Europea de Almer\u00eda","url":"https:\/\/www.cde.ual.es\/","logo":{"@type":"ImageObject","inLanguage":"en-US","@id":"https:\/\/www.cde.ual.es\/#\/schema\/logo\/image\/","url":"https:\/\/www.cde.ual.es\/wp-content\/uploads\/2025\/07\/cde-logo-3.png","contentUrl":"https:\/\/www.cde.ual.es\/wp-content\/uploads\/2025\/07\/cde-logo-3.png","width":1400,"height":300,"caption":"Centro de Documentaci\u00f3n Europea de Almer\u00eda"},"image":{"@id":"https:\/\/www.cde.ual.es\/#\/schema\/logo\/image\/"},"sameAs":["https:\/\/www.facebook.com\/cdeuniversidadalmeria\/","https:\/\/x.com\/cdeualmeria","https:\/\/www.tiktok.com\/@cdealmeria","https:\/\/www.instagram.com\/cdealmeria\/","https:\/\/www.linkedin.com\/in\/cde-almera-812b26a9\/"]},{"@type":"Person","@id":"https:\/\/www.cde.ual.es\/#\/schema\/person\/ee46ebc19edfa19598c02cff83335acc","name":"BECA 2 CDE","image":{"@type":"ImageObject","inLanguage":"en-US","@id":"https:\/\/secure.gravatar.com\/avatar\/35a481bbc04bbd90e91bdfa3b0b5541036c222a49b9ad37b6889a2afcb5311a5?s=96&d=mm&r=g","url":"https:\/\/secure.gravatar.com\/avatar\/35a481bbc04bbd90e91bdfa3b0b5541036c222a49b9ad37b6889a2afcb5311a5?s=96&d=mm&r=g","contentUrl":"https:\/\/secure.gravatar.com\/avatar\/35a481bbc04bbd90e91bdfa3b0b5541036c222a49b9ad37b6889a2afcb5311a5?s=96&d=mm&r=g","caption":"BECA 2 CDE"},"sameAs":["http:\/\/www.cdealmeria.com"]}]}},"_links":{"self":[{"href":"https:\/\/www.cde.ual.es\/en\/wp-json\/wp\/v2\/posts\/57141","targetHints":{"allow":["GET"]}}],"collection":[{"href":"https:\/\/www.cde.ual.es\/en\/wp-json\/wp\/v2\/posts"}],"about":[{"href":"https:\/\/www.cde.ual.es\/en\/wp-json\/wp\/v2\/types\/post"}],"author":[{"embeddable":true,"href":"https:\/\/www.cde.ual.es\/en\/wp-json\/wp\/v2\/users\/101011"}],"replies":[{"embeddable":true,"href":"https:\/\/www.cde.ual.es\/en\/wp-json\/wp\/v2\/comments?post=57141"}],"version-history":[{"count":0,"href":"https:\/\/www.cde.ual.es\/en\/wp-json\/wp\/v2\/posts\/57141\/revisions"}],"wp:featuredmedia":[{"embeddable":true,"href":"https:\/\/www.cde.ual.es\/en\/wp-json\/wp\/v2\/media\/57142"}],"wp:attachment":[{"href":"https:\/\/www.cde.ual.es\/en\/wp-json\/wp\/v2\/media?parent=57141"}],"wp:term":[{"taxonomy":"category","embeddable":true,"href":"https:\/\/www.cde.ual.es\/en\/wp-json\/wp\/v2\/categories?post=57141"},{"taxonomy":"post_tag","embeddable":true,"href":"https:\/\/www.cde.ual.es\/en\/wp-json\/wp\/v2\/tags?post=57141"}],"curies":[{"name":"wp","href":"https:\/\/api.w.org\/{rel}","templated":true}]}}