{"id":5647,"date":"2018-05-23T12:52:49","date_gmt":"2018-05-23T10:52:49","guid":{"rendered":"http:\/\/www.cde.ual.es\/?p=5647"},"modified":"2018-06-06T12:53:20","modified_gmt":"2018-06-06T10:53:20","slug":"paquete-de-primavera-del-semestre-europeo-2018-recomendaciones-economicas-a-los-estados-miembros","status":"publish","type":"post","link":"https:\/\/www.cde.ual.es\/en\/paquete-de-primavera-del-semestre-europeo-2018-recomendaciones-economicas-a-los-estados-miembros\/","title":{"rendered":"Paquete de primavera del Semestre Europeo 2018: Recomendaciones Econ\u00f3micas a los Estados miembros"},"content":{"rendered":"<h2>Paquete de primavera del Semestre Europeo 2018: Recomendaciones Econ\u00f3micas a los Estados para lograr un crecimiento sostenible, integrador y a largo plazo<a href=\"http:\/\/www.cde.ual.es\/wp-content\/uploads\/2018\/06\/economiaeuropea-795x447.jpg\"><img decoding=\"async\" class=\"size-medium wp-image-5648 aligncenter\" src=\"http:\/\/www.cde.ual.es\/wp-content\/uploads\/2018\/06\/economiaeuropea-795x447-300x169.jpg\" alt=\"\" width=\"300\" height=\"169\" srcset=\"https:\/\/www.cde.ual.es\/wp-content\/uploads\/2018\/06\/economiaeuropea-795x447-300x169.jpg 300w, https:\/\/www.cde.ual.es\/wp-content\/uploads\/2018\/06\/economiaeuropea-795x447-768x432.jpg 768w, https:\/\/www.cde.ual.es\/wp-content\/uploads\/2018\/06\/economiaeuropea-795x447.jpg 800w\" sizes=\"(max-width: 300px) 100vw, 300px\" \/><\/a><\/h2>\n<p>La econom\u00eda europea crece al ritmo m\u00e1s r\u00e1pido de los registrados desde hace una d\u00e9cada, impulsada por una tasa r\u00e9cord de empleo, una inversi\u00f3n que se recupera y la mejor\u00eda de las finanzas p\u00fablicas. Seg\u00fan las previsiones de primavera de 2018 de la Comisi\u00f3n, el crecimiento en los pr\u00f3ximos dos a\u00f1os se ralentizar\u00e1 ligeramente pero seguir\u00e1 siendo s\u00f3lido. Deben aprovecharse las actuales condiciones favorables para hacer que las econom\u00edas y las sociedades de Europa sean m\u00e1s fuertes y resilientes. Las recomendaciones espec\u00edficas por pa\u00eds que hoy se proponen se basan en los avances ya realizados en a\u00f1os recientes y buscan aprovechar las perspectivas econ\u00f3micas favorables para orientar a los Estados miembros a tomar nuevas medidas.<\/p>\n<h3>Las recomendaciones espec\u00edficas por pa\u00eds de 2018<\/h3>\n<p>Las recomendaciones se centran en reforzar las bases de un crecimiento sostenible e integrador a largo plazo. Se basan en los an\u00e1lisis exhaustivos realizados por la Comisi\u00f3n en los \u00faltimos informes por pa\u00eds, que ponen de relieve los problemas heredados en determinados Estados miembros a consecuencia de la crisis financiera y los retos para el futuro.<\/p>\n<p>La mejora del contexto econ\u00f3mico permite centrar la atenci\u00f3n en un nuevo conjunto de prioridades, oportunidad que debe aprovecharse para hacer lo necesario en el contexto nacional, teniendo en cuenta la estrecha interdependencia de las econom\u00edas de la UE, en especial las de la zona del euro.<\/p>\n<p>En particular, la Comisi\u00f3n llama a los Estados miembros a emprender reformas estructurales que mejoren el entorno empresarial y las condiciones para la inversi\u00f3n, concretamente reformando los mercados de productos y servicios, apoyando la innovaci\u00f3n, mejorando el acceso de las peque\u00f1as y medianas empresas a la financiaci\u00f3n y combatiendo la corrupci\u00f3n.<\/p>\n<p>Pero los Estados miembros tambi\u00e9n deben reforzar la resiliencia econ\u00f3mica ante retos a largo plazo tales como las tendencias demogr\u00e1ficas, la migraci\u00f3n y el cambio clim\u00e1tico. Solo unas econom\u00edas resistentes a largo plazo pueden garantizar la convergencia econ\u00f3mica y la reducci\u00f3n de las desigualdades.<\/p>\n<p>Este a\u00f1o, guiadas por el pilar europeo de derechos sociales proclamado en noviembre de 2017, las recomendaciones dedican especial atenci\u00f3n a los retos sociales. Se hace hincapi\u00e9 en la oferta de competencias adecuadas, la eficacia y adecuaci\u00f3n de las redes de seguridad social y la mejora del di\u00e1logo social.<\/p>\n<p>Asimismo, se recomienda a los pa\u00edses que lleven a cabo reformas para preparar a su mano de obra para el futuro, incluidas las futuras modalidades de trabajo y el auge de la digitalizaci\u00f3n; reducir las desigualdades de ingresos; y crear empleo, sobre todo para los j\u00f3venes.<\/p>\n<h3>Siguen corrigi\u00e9ndose los desequilibrios macroecon\u00f3micos<\/h3>\n<p>La correcci\u00f3n de los desequilibrios macroecon\u00f3micos sigue adelante, si bien a\u00fan no se han abordado algunas de las fuentes de desequilibrio, a la vez que han surgido nuevos riesgos. En algunos pa\u00edses se han corregido los d\u00e9ficit por cuenta corriente, pero en otros los excedentes se mantienen pr\u00e1cticamente sin cambios. El desapalancamiento se produce a ritmo desigual, y en algunos Estados miembros siguen altos los niveles de deuda privada, p\u00fablica y externa. Para reducir la vulnerabilidad de esos pa\u00edses, es fundamental mantener la deuda en una clara trayectoria descendente. Son cada vez m\u00e1s los Estados miembros donde deben vigilarse estrechamente los problemas derivados del aumento del precio de la vivienda.<\/p>\n<p>En marzo de 2018, la Comisi\u00f3n concluy\u00f3 que ocho Estados miembros experimentaban desequilibrios (Alemania, Bulgaria, Espa\u00f1a, Francia, Irlanda, Pa\u00edses Bajos, Portugal y Suecia), y tres experimentaban desequilibrios excesivos (Croacia, Italia y Chipre). Al igual que en a\u00f1os anteriores, habr\u00e1 un seguimiento espec\u00edfico de todos los Estados miembros. Esto permitir\u00e1 a la Comisi\u00f3n seguir de cerca las medidas tomadas dentro del procedimiento de desequilibrio macroecon\u00f3mico, proceso de supervisi\u00f3n cuya profundidad refleja la magnitud de los desaf\u00edos y la gravedad de los desequilibrios.<\/p>\n<p>Revisi\u00f3n de la flexibilidad en el marco de las normas vigentes del Pacto de Estabilidad y Crecimiento<\/p>\n<p>En 2015, la Comisi\u00f3n public\u00f3 orientaciones sobre el mejor uso posible de la flexibilidad en el marco de las normas vigentes del Pacto de Estabilidad y Crecimiento. Sobre la base de estas orientaciones, en 2016 el Consejo ECOFIN aprob\u00f3 una Posici\u00f3n com\u00fan sobre flexibilidad, que exig\u00eda a la Comisi\u00f3n revisar la aplicaci\u00f3n de las denominadas \u00abcl\u00e1usula de reforma estructural\u00bb y \u00abcl\u00e1usula de inversi\u00f3n\u00bb a m\u00e1s tardar a finales de junio de 2018.<\/p>\n<p>La revisi\u00f3n concluye que los objetivos clave de las orientaciones de la Comisi\u00f3n y de la Posici\u00f3n com\u00fan sobre flexibilidad se han cumplido en gran medida. La experiencia pone de manifiesto que la pr\u00e1ctica de esta flexibilidad permiti\u00f3 alcanzar el justo equilibrio entre garantizar una pol\u00edtica presupuestaria prudente y estabilizar la econom\u00eda. Este a\u00f1o se prev\u00e9 que el d\u00e9ficit agregado en la zona del euro baje al 0,7 % del PIB, desde el m\u00e1ximo del 6,3 % del PIB alcanzado en 2009. El ratio deuda\/PIB bajar\u00e1 del 94,2 % en 2014 al 86,5 % % en 2018.<\/p>\n<p>De cara al futuro, este enfoque anima a los Estados miembros a aumentar su esfuerzo presupuestario en coyunturas favorables para que las econom\u00edas de la UE sean m\u00e1s resistentes. Tras cinco a\u00f1os de expansi\u00f3n econ\u00f3mica en Europa, ha llegado el momento de crear reservas presupuestarias.<\/p>\n<p>Leer m\u00e1s:\u00a0<a href=\"http:\/\/europa.eu\/rapid\/press-release_IP-18-3845_es.htm\">Noticia Completa<\/a><\/p>\n<p><a href=\"http:\/\/europa.eu\/rapid\/press-release_MEMO-18-3847_en.htm\">Nota informativa sobre el paquete de Primavera<\/a><\/p>\n","protected":false},"excerpt":{"rendered":"<p>Paquete de primavera del Semestre Europeo 2018: Recomendaciones Econ\u00f3micas a los Estados para lograr un crecimiento sostenible, integrador y a largo plazo La econom\u00eda europea crece al ritmo m\u00e1s r\u00e1pido de los registrados desde hace una d\u00e9cada, impulsada por una tasa r\u00e9cord de empleo, una inversi\u00f3n que se recupera y la mejor\u00eda de las finanzas [&hellip;]<\/p>\n","protected":false},"author":101012,"featured_media":5648,"comment_status":"open","ping_status":"open","sticky":false,"template":"","format":"standard","meta":{"_acf_changed":false,"_relevanssi_hide_post":"","_relevanssi_hide_content":"","_relevanssi_pin_for_all":"","_relevanssi_pin_keywords":"","_relevanssi_unpin_keywords":"","_relevanssi_related_keywords":"","_relevanssi_related_include_ids":"","_relevanssi_related_exclude_ids":"","_relevanssi_related_no_append":"","_relevanssi_related_not_related":"","_relevanssi_related_posts":"","_relevanssi_noindex_reason":"","_monsterinsights_skip_tracking":false,"_monsterinsights_sitenote_active":false,"_monsterinsights_sitenote_note":"","_monsterinsights_sitenote_category":0,"_genesis_hide_title":false,"_genesis_hide_breadcrumbs":false,"_genesis_hide_singular_image":false,"_genesis_hide_footer_widgets":false,"_genesis_custom_body_class":"","_genesis_custom_post_class":"","_genesis_layout":"","footnotes":""},"categories":[96],"tags":[153,126,135],"class_list":{"0":"post-5647","1":"post","2":"type-post","3":"status-publish","4":"format-standard","5":"has-post-thumbnail","7":"category-noticias-ue","8":"tag-economia","9":"tag-competitividad-empresa","10":"tag-union-europea","11":"entry"},"acf":[],"yoast_head":"<!-- This site is optimized with the Yoast SEO plugin v27.5 - https:\/\/yoast.com\/product\/yoast-seo-wordpress\/ -->\n<title>Paquete de primavera del Semestre Europeo 2018: Recomendaciones Econ\u00f3micas a los Estados miembros | CDE Almer\u00eda - Centro de Documentaci\u00f3n Europea - Universidad de Almer\u00eda<\/title>\n<meta name=\"robots\" content=\"index, follow, max-snippet:-1, max-image-preview:large, max-video-preview:-1\" \/>\n<link rel=\"canonical\" href=\"https:\/\/www.cde.ual.es\/paquete-de-primavera-del-semestre-europeo-2018-recomendaciones-economicas-a-los-estados-miembros\/\" \/>\n<meta property=\"og:locale\" content=\"en_US\" \/>\n<meta property=\"og:type\" content=\"article\" \/>\n<meta property=\"og:title\" content=\"Paquete de primavera del Semestre Europeo 2018: Recomendaciones Econ\u00f3micas a los Estados miembros | CDE Almer\u00eda - Centro de Documentaci\u00f3n Europea - Universidad de Almer\u00eda\" \/>\n<meta property=\"og:description\" content=\"Paquete de primavera del Semestre Europeo 2018: Recomendaciones Econ\u00f3micas a los Estados para lograr un crecimiento sostenible, integrador y a largo plazo La econom\u00eda europea crece al ritmo m\u00e1s r\u00e1pido de los registrados desde hace una d\u00e9cada, impulsada por una tasa r\u00e9cord de empleo, una inversi\u00f3n que se recupera y la mejor\u00eda de las finanzas [&hellip;]\" \/>\n<meta property=\"og:url\" content=\"https:\/\/www.cde.ual.es\/paquete-de-primavera-del-semestre-europeo-2018-recomendaciones-economicas-a-los-estados-miembros\/\" \/>\n<meta property=\"og:site_name\" content=\"CDE Almer\u00eda - Centro de Documentaci\u00f3n Europea - Universidad de Almer\u00eda\" \/>\n<meta property=\"article:publisher\" content=\"https:\/\/www.facebook.com\/cdeuniversidadalmeria\/\" \/>\n<meta property=\"article:published_time\" content=\"2018-05-23T10:52:49+00:00\" \/>\n<meta property=\"article:modified_time\" content=\"2018-06-06T10:53:20+00:00\" \/>\n<meta property=\"og:image\" content=\"https:\/\/www.cde.ual.es\/wp-content\/uploads\/2018\/06\/economiaeuropea-795x447.jpg\" \/>\n\t<meta property=\"og:image:width\" content=\"800\" \/>\n\t<meta property=\"og:image:height\" content=\"450\" \/>\n\t<meta property=\"og:image:type\" content=\"image\/jpeg\" \/>\n<meta name=\"author\" content=\"BECACDE1\" \/>\n<meta name=\"twitter:card\" content=\"summary_large_image\" \/>\n<meta name=\"twitter:creator\" content=\"@cdeualmeria\" \/>\n<meta name=\"twitter:site\" content=\"@cdeualmeria\" \/>\n<meta name=\"twitter:label1\" content=\"Written by\" \/>\n\t<meta name=\"twitter:data1\" content=\"BECACDE1\" \/>\n\t<meta name=\"twitter:label2\" content=\"Est. reading time\" \/>\n\t<meta name=\"twitter:data2\" content=\"5 minutes\" \/>\n<script type=\"application\/ld+json\" class=\"yoast-schema-graph\">{\"@context\":\"https:\\\/\\\/schema.org\",\"@graph\":[{\"@type\":\"Article\",\"@id\":\"https:\\\/\\\/www.cde.ual.es\\\/paquete-de-primavera-del-semestre-europeo-2018-recomendaciones-economicas-a-los-estados-miembros\\\/#article\",\"isPartOf\":{\"@id\":\"https:\\\/\\\/www.cde.ual.es\\\/paquete-de-primavera-del-semestre-europeo-2018-recomendaciones-economicas-a-los-estados-miembros\\\/\"},\"author\":{\"name\":\"BECACDE1\",\"@id\":\"https:\\\/\\\/www.cde.ual.es\\\/#\\\/schema\\\/person\\\/bf2f837cf3353e2161fe1087adbd728f\"},\"headline\":\"Paquete de primavera del Semestre Europeo 2018: Recomendaciones Econ\u00f3micas a los Estados miembros\",\"datePublished\":\"2018-05-23T10:52:49+00:00\",\"dateModified\":\"2018-06-06T10:53:20+00:00\",\"mainEntityOfPage\":{\"@id\":\"https:\\\/\\\/www.cde.ual.es\\\/paquete-de-primavera-del-semestre-europeo-2018-recomendaciones-economicas-a-los-estados-miembros\\\/\"},\"wordCount\":965,\"commentCount\":0,\"publisher\":{\"@id\":\"https:\\\/\\\/www.cde.ual.es\\\/#organization\"},\"image\":{\"@id\":\"https:\\\/\\\/www.cde.ual.es\\\/paquete-de-primavera-del-semestre-europeo-2018-recomendaciones-economicas-a-los-estados-miembros\\\/#primaryimage\"},\"thumbnailUrl\":\"https:\\\/\\\/www.cde.ual.es\\\/wp-content\\\/uploads\\\/2018\\\/06\\\/economiaeuropea-795x447.jpg\",\"keywords\":[\"Econom\u00eda\",\"Mercado en la Uni\u00f3n Europea\",\"Uni\u00f3n Europea\"],\"articleSection\":[\"Noticias UE\"],\"inLanguage\":\"en-US\",\"potentialAction\":[{\"@type\":\"CommentAction\",\"name\":\"Comment\",\"target\":[\"https:\\\/\\\/www.cde.ual.es\\\/paquete-de-primavera-del-semestre-europeo-2018-recomendaciones-economicas-a-los-estados-miembros\\\/#respond\"]}]},{\"@type\":\"WebPage\",\"@id\":\"https:\\\/\\\/www.cde.ual.es\\\/paquete-de-primavera-del-semestre-europeo-2018-recomendaciones-economicas-a-los-estados-miembros\\\/\",\"url\":\"https:\\\/\\\/www.cde.ual.es\\\/paquete-de-primavera-del-semestre-europeo-2018-recomendaciones-economicas-a-los-estados-miembros\\\/\",\"name\":\"Paquete de primavera del Semestre Europeo 2018: Recomendaciones Econ\u00f3micas a los Estados miembros | CDE Almer\u00eda - Centro de Documentaci\u00f3n Europea - Universidad de Almer\u00eda\",\"isPartOf\":{\"@id\":\"https:\\\/\\\/www.cde.ual.es\\\/#website\"},\"primaryImageOfPage\":{\"@id\":\"https:\\\/\\\/www.cde.ual.es\\\/paquete-de-primavera-del-semestre-europeo-2018-recomendaciones-economicas-a-los-estados-miembros\\\/#primaryimage\"},\"image\":{\"@id\":\"https:\\\/\\\/www.cde.ual.es\\\/paquete-de-primavera-del-semestre-europeo-2018-recomendaciones-economicas-a-los-estados-miembros\\\/#primaryimage\"},\"thumbnailUrl\":\"https:\\\/\\\/www.cde.ual.es\\\/wp-content\\\/uploads\\\/2018\\\/06\\\/economiaeuropea-795x447.jpg\",\"datePublished\":\"2018-05-23T10:52:49+00:00\",\"dateModified\":\"2018-06-06T10:53:20+00:00\",\"breadcrumb\":{\"@id\":\"https:\\\/\\\/www.cde.ual.es\\\/paquete-de-primavera-del-semestre-europeo-2018-recomendaciones-economicas-a-los-estados-miembros\\\/#breadcrumb\"},\"inLanguage\":\"en-US\",\"potentialAction\":[{\"@type\":\"ReadAction\",\"target\":[\"https:\\\/\\\/www.cde.ual.es\\\/paquete-de-primavera-del-semestre-europeo-2018-recomendaciones-economicas-a-los-estados-miembros\\\/\"]}]},{\"@type\":\"ImageObject\",\"inLanguage\":\"en-US\",\"@id\":\"https:\\\/\\\/www.cde.ual.es\\\/paquete-de-primavera-del-semestre-europeo-2018-recomendaciones-economicas-a-los-estados-miembros\\\/#primaryimage\",\"url\":\"https:\\\/\\\/www.cde.ual.es\\\/wp-content\\\/uploads\\\/2018\\\/06\\\/economiaeuropea-795x447.jpg\",\"contentUrl\":\"https:\\\/\\\/www.cde.ual.es\\\/wp-content\\\/uploads\\\/2018\\\/06\\\/economiaeuropea-795x447.jpg\",\"width\":800,\"height\":450},{\"@type\":\"BreadcrumbList\",\"@id\":\"https:\\\/\\\/www.cde.ual.es\\\/paquete-de-primavera-del-semestre-europeo-2018-recomendaciones-economicas-a-los-estados-miembros\\\/#breadcrumb\",\"itemListElement\":[{\"@type\":\"ListItem\",\"position\":1,\"name\":\"Inicio\",\"item\":\"https:\\\/\\\/www.cde.ual.es\\\/en\\\/\"},{\"@type\":\"ListItem\",\"position\":2,\"name\":\"Noticias UE\",\"item\":\"https:\\\/\\\/www.cde.ual.es\\\/category\\\/noticias-ue\\\/\"},{\"@type\":\"ListItem\",\"position\":3,\"name\":\"Paquete de primavera del Semestre Europeo 2018: Recomendaciones Econ\u00f3micas a los Estados miembros\"}]},{\"@type\":\"WebSite\",\"@id\":\"https:\\\/\\\/www.cde.ual.es\\\/#website\",\"url\":\"https:\\\/\\\/www.cde.ual.es\\\/\",\"name\":\"CDE Almer\u00eda - Centro de Documentaci\u00f3n Europea - Universidad de Almer\u00eda\",\"description\":\"Centro de Documentaci\u00f3n Europea de la Universidad de Almer\u00eda\",\"publisher\":{\"@id\":\"https:\\\/\\\/www.cde.ual.es\\\/#organization\"},\"alternateName\":\"CDE Almer\u00eda\",\"potentialAction\":[{\"@type\":\"SearchAction\",\"target\":{\"@type\":\"EntryPoint\",\"urlTemplate\":\"https:\\\/\\\/www.cde.ual.es\\\/?s={search_term_string}\"},\"query-input\":{\"@type\":\"PropertyValueSpecification\",\"valueRequired\":true,\"valueName\":\"search_term_string\"}}],\"inLanguage\":\"en-US\"},{\"@type\":\"Organization\",\"@id\":\"https:\\\/\\\/www.cde.ual.es\\\/#organization\",\"name\":\"Centro de Documentaci\u00f3n Europea de Almer\u00eda\",\"url\":\"https:\\\/\\\/www.cde.ual.es\\\/\",\"logo\":{\"@type\":\"ImageObject\",\"inLanguage\":\"en-US\",\"@id\":\"https:\\\/\\\/www.cde.ual.es\\\/#\\\/schema\\\/logo\\\/image\\\/\",\"url\":\"https:\\\/\\\/www.cde.ual.es\\\/wp-content\\\/uploads\\\/2025\\\/07\\\/cde-logo-3.png\",\"contentUrl\":\"https:\\\/\\\/www.cde.ual.es\\\/wp-content\\\/uploads\\\/2025\\\/07\\\/cde-logo-3.png\",\"width\":1400,\"height\":300,\"caption\":\"Centro de Documentaci\u00f3n Europea de Almer\u00eda\"},\"image\":{\"@id\":\"https:\\\/\\\/www.cde.ual.es\\\/#\\\/schema\\\/logo\\\/image\\\/\"},\"sameAs\":[\"https:\\\/\\\/www.facebook.com\\\/cdeuniversidadalmeria\\\/\",\"https:\\\/\\\/x.com\\\/cdeualmeria\",\"https:\\\/\\\/www.tiktok.com\\\/@cdealmeria\",\"https:\\\/\\\/www.instagram.com\\\/cdealmeria\\\/\",\"https:\\\/\\\/www.linkedin.com\\\/in\\\/cde-almera-812b26a9\\\/\"]},{\"@type\":\"Person\",\"@id\":\"https:\\\/\\\/www.cde.ual.es\\\/#\\\/schema\\\/person\\\/bf2f837cf3353e2161fe1087adbd728f\",\"name\":\"BECACDE1\",\"image\":{\"@type\":\"ImageObject\",\"inLanguage\":\"en-US\",\"@id\":\"https:\\\/\\\/secure.gravatar.com\\\/avatar\\\/16a4c1e422b5dec818ee13eab3353b19db9cfd278cc10f9b0e1188a37671d9d4?s=96&d=mm&r=g\",\"url\":\"https:\\\/\\\/secure.gravatar.com\\\/avatar\\\/16a4c1e422b5dec818ee13eab3353b19db9cfd278cc10f9b0e1188a37671d9d4?s=96&d=mm&r=g\",\"contentUrl\":\"https:\\\/\\\/secure.gravatar.com\\\/avatar\\\/16a4c1e422b5dec818ee13eab3353b19db9cfd278cc10f9b0e1188a37671d9d4?s=96&d=mm&r=g\",\"caption\":\"BECACDE1\"},\"sameAs\":[\"http:\\\/\\\/www.cdealmeria.com\"]}]}<\/script>\n<!-- \/ Yoast SEO plugin. -->","yoast_head_json":{"title":"Paquete de primavera del Semestre Europeo 2018: Recomendaciones Econ\u00f3micas a los Estados miembros | CDE Almer\u00eda - Centro de Documentaci\u00f3n Europea - Universidad de Almer\u00eda","robots":{"index":"index","follow":"follow","max-snippet":"max-snippet:-1","max-image-preview":"max-image-preview:large","max-video-preview":"max-video-preview:-1"},"canonical":"https:\/\/www.cde.ual.es\/paquete-de-primavera-del-semestre-europeo-2018-recomendaciones-economicas-a-los-estados-miembros\/","og_locale":"en_US","og_type":"article","og_title":"Paquete de primavera del Semestre Europeo 2018: Recomendaciones Econ\u00f3micas a los Estados miembros | CDE Almer\u00eda - Centro de Documentaci\u00f3n Europea - Universidad de Almer\u00eda","og_description":"Paquete de primavera del Semestre Europeo 2018: Recomendaciones Econ\u00f3micas a los Estados para lograr un crecimiento sostenible, integrador y a largo plazo La econom\u00eda europea crece al ritmo m\u00e1s r\u00e1pido de los registrados desde hace una d\u00e9cada, impulsada por una tasa r\u00e9cord de empleo, una inversi\u00f3n que se recupera y la mejor\u00eda de las finanzas [&hellip;]","og_url":"https:\/\/www.cde.ual.es\/paquete-de-primavera-del-semestre-europeo-2018-recomendaciones-economicas-a-los-estados-miembros\/","og_site_name":"CDE Almer\u00eda - Centro de Documentaci\u00f3n Europea - Universidad de Almer\u00eda","article_publisher":"https:\/\/www.facebook.com\/cdeuniversidadalmeria\/","article_published_time":"2018-05-23T10:52:49+00:00","article_modified_time":"2018-06-06T10:53:20+00:00","og_image":[{"width":800,"height":450,"url":"https:\/\/www.cde.ual.es\/wp-content\/uploads\/2018\/06\/economiaeuropea-795x447.jpg","type":"image\/jpeg"}],"author":"BECACDE1","twitter_card":"summary_large_image","twitter_creator":"@cdeualmeria","twitter_site":"@cdeualmeria","twitter_misc":{"Written by":"BECACDE1","Est. reading time":"5 minutes"},"schema":{"@context":"https:\/\/schema.org","@graph":[{"@type":"Article","@id":"https:\/\/www.cde.ual.es\/paquete-de-primavera-del-semestre-europeo-2018-recomendaciones-economicas-a-los-estados-miembros\/#article","isPartOf":{"@id":"https:\/\/www.cde.ual.es\/paquete-de-primavera-del-semestre-europeo-2018-recomendaciones-economicas-a-los-estados-miembros\/"},"author":{"name":"BECACDE1","@id":"https:\/\/www.cde.ual.es\/#\/schema\/person\/bf2f837cf3353e2161fe1087adbd728f"},"headline":"Paquete de primavera del Semestre Europeo 2018: Recomendaciones Econ\u00f3micas a los Estados miembros","datePublished":"2018-05-23T10:52:49+00:00","dateModified":"2018-06-06T10:53:20+00:00","mainEntityOfPage":{"@id":"https:\/\/www.cde.ual.es\/paquete-de-primavera-del-semestre-europeo-2018-recomendaciones-economicas-a-los-estados-miembros\/"},"wordCount":965,"commentCount":0,"publisher":{"@id":"https:\/\/www.cde.ual.es\/#organization"},"image":{"@id":"https:\/\/www.cde.ual.es\/paquete-de-primavera-del-semestre-europeo-2018-recomendaciones-economicas-a-los-estados-miembros\/#primaryimage"},"thumbnailUrl":"https:\/\/www.cde.ual.es\/wp-content\/uploads\/2018\/06\/economiaeuropea-795x447.jpg","keywords":["Econom\u00eda","Mercado en la Uni\u00f3n Europea","Uni\u00f3n Europea"],"articleSection":["Noticias UE"],"inLanguage":"en-US","potentialAction":[{"@type":"CommentAction","name":"Comment","target":["https:\/\/www.cde.ual.es\/paquete-de-primavera-del-semestre-europeo-2018-recomendaciones-economicas-a-los-estados-miembros\/#respond"]}]},{"@type":"WebPage","@id":"https:\/\/www.cde.ual.es\/paquete-de-primavera-del-semestre-europeo-2018-recomendaciones-economicas-a-los-estados-miembros\/","url":"https:\/\/www.cde.ual.es\/paquete-de-primavera-del-semestre-europeo-2018-recomendaciones-economicas-a-los-estados-miembros\/","name":"Paquete de primavera del Semestre Europeo 2018: Recomendaciones Econ\u00f3micas a los Estados miembros | CDE Almer\u00eda - Centro de Documentaci\u00f3n Europea - Universidad de Almer\u00eda","isPartOf":{"@id":"https:\/\/www.cde.ual.es\/#website"},"primaryImageOfPage":{"@id":"https:\/\/www.cde.ual.es\/paquete-de-primavera-del-semestre-europeo-2018-recomendaciones-economicas-a-los-estados-miembros\/#primaryimage"},"image":{"@id":"https:\/\/www.cde.ual.es\/paquete-de-primavera-del-semestre-europeo-2018-recomendaciones-economicas-a-los-estados-miembros\/#primaryimage"},"thumbnailUrl":"https:\/\/www.cde.ual.es\/wp-content\/uploads\/2018\/06\/economiaeuropea-795x447.jpg","datePublished":"2018-05-23T10:52:49+00:00","dateModified":"2018-06-06T10:53:20+00:00","breadcrumb":{"@id":"https:\/\/www.cde.ual.es\/paquete-de-primavera-del-semestre-europeo-2018-recomendaciones-economicas-a-los-estados-miembros\/#breadcrumb"},"inLanguage":"en-US","potentialAction":[{"@type":"ReadAction","target":["https:\/\/www.cde.ual.es\/paquete-de-primavera-del-semestre-europeo-2018-recomendaciones-economicas-a-los-estados-miembros\/"]}]},{"@type":"ImageObject","inLanguage":"en-US","@id":"https:\/\/www.cde.ual.es\/paquete-de-primavera-del-semestre-europeo-2018-recomendaciones-economicas-a-los-estados-miembros\/#primaryimage","url":"https:\/\/www.cde.ual.es\/wp-content\/uploads\/2018\/06\/economiaeuropea-795x447.jpg","contentUrl":"https:\/\/www.cde.ual.es\/wp-content\/uploads\/2018\/06\/economiaeuropea-795x447.jpg","width":800,"height":450},{"@type":"BreadcrumbList","@id":"https:\/\/www.cde.ual.es\/paquete-de-primavera-del-semestre-europeo-2018-recomendaciones-economicas-a-los-estados-miembros\/#breadcrumb","itemListElement":[{"@type":"ListItem","position":1,"name":"Inicio","item":"https:\/\/www.cde.ual.es\/en\/"},{"@type":"ListItem","position":2,"name":"Noticias UE","item":"https:\/\/www.cde.ual.es\/category\/noticias-ue\/"},{"@type":"ListItem","position":3,"name":"Paquete de primavera del Semestre Europeo 2018: Recomendaciones Econ\u00f3micas a los Estados miembros"}]},{"@type":"WebSite","@id":"https:\/\/www.cde.ual.es\/#website","url":"https:\/\/www.cde.ual.es\/","name":"CDE Almer\u00eda - Centro de Documentaci\u00f3n Europea - Universidad de Almer\u00eda","description":"Centro de Documentaci\u00f3n Europea de la Universidad de Almer\u00eda","publisher":{"@id":"https:\/\/www.cde.ual.es\/#organization"},"alternateName":"CDE Almer\u00eda","potentialAction":[{"@type":"SearchAction","target":{"@type":"EntryPoint","urlTemplate":"https:\/\/www.cde.ual.es\/?s={search_term_string}"},"query-input":{"@type":"PropertyValueSpecification","valueRequired":true,"valueName":"search_term_string"}}],"inLanguage":"en-US"},{"@type":"Organization","@id":"https:\/\/www.cde.ual.es\/#organization","name":"Centro de Documentaci\u00f3n Europea de Almer\u00eda","url":"https:\/\/www.cde.ual.es\/","logo":{"@type":"ImageObject","inLanguage":"en-US","@id":"https:\/\/www.cde.ual.es\/#\/schema\/logo\/image\/","url":"https:\/\/www.cde.ual.es\/wp-content\/uploads\/2025\/07\/cde-logo-3.png","contentUrl":"https:\/\/www.cde.ual.es\/wp-content\/uploads\/2025\/07\/cde-logo-3.png","width":1400,"height":300,"caption":"Centro de Documentaci\u00f3n Europea de Almer\u00eda"},"image":{"@id":"https:\/\/www.cde.ual.es\/#\/schema\/logo\/image\/"},"sameAs":["https:\/\/www.facebook.com\/cdeuniversidadalmeria\/","https:\/\/x.com\/cdeualmeria","https:\/\/www.tiktok.com\/@cdealmeria","https:\/\/www.instagram.com\/cdealmeria\/","https:\/\/www.linkedin.com\/in\/cde-almera-812b26a9\/"]},{"@type":"Person","@id":"https:\/\/www.cde.ual.es\/#\/schema\/person\/bf2f837cf3353e2161fe1087adbd728f","name":"BECACDE1","image":{"@type":"ImageObject","inLanguage":"en-US","@id":"https:\/\/secure.gravatar.com\/avatar\/16a4c1e422b5dec818ee13eab3353b19db9cfd278cc10f9b0e1188a37671d9d4?s=96&d=mm&r=g","url":"https:\/\/secure.gravatar.com\/avatar\/16a4c1e422b5dec818ee13eab3353b19db9cfd278cc10f9b0e1188a37671d9d4?s=96&d=mm&r=g","contentUrl":"https:\/\/secure.gravatar.com\/avatar\/16a4c1e422b5dec818ee13eab3353b19db9cfd278cc10f9b0e1188a37671d9d4?s=96&d=mm&r=g","caption":"BECACDE1"},"sameAs":["http:\/\/www.cdealmeria.com"]}]}},"_links":{"self":[{"href":"https:\/\/www.cde.ual.es\/en\/wp-json\/wp\/v2\/posts\/5647","targetHints":{"allow":["GET"]}}],"collection":[{"href":"https:\/\/www.cde.ual.es\/en\/wp-json\/wp\/v2\/posts"}],"about":[{"href":"https:\/\/www.cde.ual.es\/en\/wp-json\/wp\/v2\/types\/post"}],"author":[{"embeddable":true,"href":"https:\/\/www.cde.ual.es\/en\/wp-json\/wp\/v2\/users\/101012"}],"replies":[{"embeddable":true,"href":"https:\/\/www.cde.ual.es\/en\/wp-json\/wp\/v2\/comments?post=5647"}],"version-history":[{"count":0,"href":"https:\/\/www.cde.ual.es\/en\/wp-json\/wp\/v2\/posts\/5647\/revisions"}],"wp:featuredmedia":[{"embeddable":true,"href":"https:\/\/www.cde.ual.es\/en\/wp-json\/wp\/v2\/media\/5648"}],"wp:attachment":[{"href":"https:\/\/www.cde.ual.es\/en\/wp-json\/wp\/v2\/media?parent=5647"}],"wp:term":[{"taxonomy":"category","embeddable":true,"href":"https:\/\/www.cde.ual.es\/en\/wp-json\/wp\/v2\/categories?post=5647"},{"taxonomy":"post_tag","embeddable":true,"href":"https:\/\/www.cde.ual.es\/en\/wp-json\/wp\/v2\/tags?post=5647"}],"curies":[{"name":"wp","href":"https:\/\/api.w.org\/{rel}","templated":true}]}}