{"id":56087,"date":"2020-11-10T03:00:29","date_gmt":"2020-11-10T02:00:29","guid":{"rendered":"https:\/\/www.cde.ual.es\/?p=56087"},"modified":"2020-11-09T12:24:17","modified_gmt":"2020-11-09T11:24:17","slug":"europa-contigo-no-3x03","status":"publish","type":"post","link":"https:\/\/www.cde.ual.es\/en\/europa-contigo-no-3x03\/","title":{"rendered":"Europa Contigo, programa No 3&#215;03"},"content":{"rendered":"<h3>Europa Contigo, programa No 3&#215;03<\/h3>\n<p><a href=\"https:\/\/www.cde.ual.es\/wp-content\/uploads\/2020\/11\/Equipo-Ana-Jose-scaled.jpg\"><img decoding=\"async\" class=\"aligncenter wp-image-56073\" src=\"https:\/\/www.cde.ual.es\/wp-content\/uploads\/2020\/11\/Equipo-Ana-Jose-scaled.jpg\" alt=\"\" width=\"492\" height=\"369\" srcset=\"https:\/\/www.cde.ual.es\/wp-content\/uploads\/2020\/11\/Equipo-Ana-Jose-scaled.jpg 2560w, https:\/\/www.cde.ual.es\/wp-content\/uploads\/2020\/11\/Equipo-Ana-Jose-300x225.jpg 300w, https:\/\/www.cde.ual.es\/wp-content\/uploads\/2020\/11\/Equipo-Ana-Jose-1024x768.jpg 1024w, https:\/\/www.cde.ual.es\/wp-content\/uploads\/2020\/11\/Equipo-Ana-Jose-768x576.jpg 768w, https:\/\/www.cde.ual.es\/wp-content\/uploads\/2020\/11\/Equipo-Ana-Jose-1536x1152.jpg 1536w, https:\/\/www.cde.ual.es\/wp-content\/uploads\/2020\/11\/Equipo-Ana-Jose-2048x1536.jpg 2048w\" sizes=\"(max-width: 492px) 100vw, 492px\" \/><\/a><\/p>\n<p>En este programa Ana Fe Gil Serra Directora del Centro de Documentaci\u00f3n Europea de Almer\u00eda aborda los siguientes temas:<\/p>\n<ul>\n<li>La \u00faltima reuni\u00f3n del Eurogrupo.<\/li>\n<li>Futuras aplicaciones de la hipervelocidad.<\/li>\n<li>Ciberseguridad.<\/li>\n<li>Reuni\u00f3n UAL y JJAA: Internacionalizaci\u00f3n e Investigaci\u00f3n, claves del futuro andaluz.<\/li>\n<li>Proyectos de Investigaci\u00f3n Europeos espa\u00f1oles<\/li>\n<li>Estad\u00edsticas Europeas<\/li>\n<\/ul>\n<p><iframe src=\"https:\/\/www.ivoox.com\/player_ej_60101823_2_1.html?data=l5WekpacdpShhpywj5mZaZS1kZaah5yncZKhhpywj5WRaZi3jpWah5yncabp09Tdw5Cns8_oyszcjZjcdJShhpywj6ioiaLgzsrfy8aRaZi3jpk.&amp;\" width=\"100%\" height=\"200\" frameborder=\"0\" scrolling=\"no\" allowfullscreen=\"allowfullscreen\"><\/iframe><\/p>\n<p><em><strong>El Centro de Documentaci\u00f3n Europea de Almer\u00eda abre las puertas de Europa a la comunidad universitaria y a la ciudadan\u00eda en general con el programa de radio \u00abEuropa Contigo\u00bb. El programa se emite cada dos semanas con un recorrido por la actualidad de Europa, con las \u00faltimas noticias, lecturas recomendadas, mediateca y actividades m\u00e1s destacadas.<\/strong><\/em><em><strong>\u00a0<\/strong><\/em><\/p>\n<p><strong>No dudes en enviarnos aquellas preguntas que desees que resolvamos en \u00abel aire\u00bb<\/strong><\/p>\n<h3>M\u00e1s informaci\u00f3n<\/h3>\n<p><a href=\"https:\/\/www.cde.ual.es\/programas\/europa-contigo-programa-3x03\/\">Programa Radio No 3&#215;03<\/a><\/p>\n<p><a href=\"https:\/\/www.cde.ual.es\/programa-de-radio-europa-contigo\/\">Programas de Radio &#8220;Europa Contigo&#8221;<\/a><\/p>\n","protected":false},"excerpt":{"rendered":"<p>Europa Contigo, programa No 3&#215;03 En este programa Ana Fe Gil Serra Directora del Centro de Documentaci\u00f3n Europea de Almer\u00eda aborda los siguientes temas: La \u00faltima reuni\u00f3n del Eurogrupo. Futuras aplicaciones de la hipervelocidad. Ciberseguridad. Reuni\u00f3n UAL y JJAA: Internacionalizaci\u00f3n e Investigaci\u00f3n, claves del futuro andaluz. Proyectos de Investigaci\u00f3n Europeos espa\u00f1oles Estad\u00edsticas Europeas El Centro [&hellip;]<\/p>\n","protected":false},"author":101011,"featured_media":56073,"comment_status":"open","ping_status":"open","sticky":false,"template":"","format":"standard","meta":{"_acf_changed":false,"_relevanssi_hide_post":"","_relevanssi_hide_content":"","_relevanssi_pin_for_all":"","_relevanssi_pin_keywords":"","_relevanssi_unpin_keywords":"","_relevanssi_related_keywords":"","_relevanssi_related_include_ids":"","_relevanssi_related_exclude_ids":"","_relevanssi_related_no_append":"","_relevanssi_related_not_related":"","_relevanssi_related_posts":"","_relevanssi_noindex_reason":"","_monsterinsights_skip_tracking":false,"_monsterinsights_sitenote_active":false,"_monsterinsights_sitenote_note":"","_monsterinsights_sitenote_category":0,"_genesis_hide_title":false,"_genesis_hide_breadcrumbs":false,"_genesis_hide_singular_image":false,"_genesis_hide_footer_widgets":false,"_genesis_custom_body_class":"","_genesis_custom_post_class":"","_genesis_layout":"","footnotes":""},"categories":[114],"tags":[1076,2330,1354],"class_list":{"0":"post-56087","1":"post","2":"type-post","3":"status-publish","4":"format-standard","5":"has-post-thumbnail","7":"category-actividades","8":"tag-europa-contigo","9":"tag-podcast","10":"tag-radio","11":"entry"},"acf":[],"yoast_head":"<!-- This site is optimized with the Yoast SEO plugin v27.4 - https:\/\/yoast.com\/product\/yoast-seo-wordpress\/ -->\n<title>Europa Contigo, programa No 3x03 | CDE Almer\u00eda - Centro de Documentaci\u00f3n Europea - Universidad de Almer\u00eda<\/title>\n<meta name=\"robots\" content=\"index, follow, max-snippet:-1, max-image-preview:large, max-video-preview:-1\" \/>\n<link rel=\"canonical\" href=\"https:\/\/www.cde.ual.es\/europa-contigo-no-3x03\/\" \/>\n<meta property=\"og:locale\" content=\"en_US\" \/>\n<meta property=\"og:type\" content=\"article\" \/>\n<meta property=\"og:title\" content=\"Europa Contigo, programa No 3x03 | CDE Almer\u00eda - Centro de Documentaci\u00f3n Europea - Universidad de Almer\u00eda\" \/>\n<meta property=\"og:description\" content=\"Europa Contigo, programa No 3&#215;03 En este programa Ana Fe Gil Serra Directora del Centro de Documentaci\u00f3n Europea de Almer\u00eda aborda los siguientes temas: La \u00faltima reuni\u00f3n del Eurogrupo. Futuras aplicaciones de la hipervelocidad. Ciberseguridad. Reuni\u00f3n UAL y JJAA: Internacionalizaci\u00f3n e Investigaci\u00f3n, claves del futuro andaluz. Proyectos de Investigaci\u00f3n Europeos espa\u00f1oles Estad\u00edsticas Europeas El Centro [&hellip;]\" \/>\n<meta property=\"og:url\" content=\"https:\/\/www.cde.ual.es\/europa-contigo-no-3x03\/\" \/>\n<meta property=\"og:site_name\" content=\"CDE Almer\u00eda - Centro de Documentaci\u00f3n Europea - Universidad de Almer\u00eda\" \/>\n<meta property=\"article:publisher\" content=\"https:\/\/www.facebook.com\/cdeuniversidadalmeria\/\" \/>\n<meta property=\"article:published_time\" content=\"2020-11-10T02:00:29+00:00\" \/>\n<meta property=\"og:image\" content=\"https:\/\/www.cde.ual.es\/wp-content\/uploads\/2020\/11\/Equipo-Ana-Jose-scaled.jpg\" \/>\n\t<meta property=\"og:image:width\" content=\"2560\" \/>\n\t<meta property=\"og:image:height\" content=\"1920\" \/>\n\t<meta property=\"og:image:type\" content=\"image\/jpeg\" \/>\n<meta name=\"author\" content=\"BECA 2 CDE\" \/>\n<meta name=\"twitter:card\" content=\"summary_large_image\" \/>\n<meta name=\"twitter:creator\" content=\"@cdeualmeria\" \/>\n<meta name=\"twitter:site\" content=\"@cdeualmeria\" \/>\n<meta name=\"twitter:label1\" content=\"Written by\" \/>\n\t<meta name=\"twitter:data1\" content=\"BECA 2 CDE\" \/>\n\t<meta name=\"twitter:label2\" content=\"Est. reading time\" \/>\n\t<meta name=\"twitter:data2\" content=\"1 minute\" \/>\n<script type=\"application\/ld+json\" class=\"yoast-schema-graph\">{\"@context\":\"https:\\\/\\\/schema.org\",\"@graph\":[{\"@type\":\"Article\",\"@id\":\"https:\\\/\\\/www.cde.ual.es\\\/europa-contigo-no-3x03\\\/#article\",\"isPartOf\":{\"@id\":\"https:\\\/\\\/www.cde.ual.es\\\/europa-contigo-no-3x03\\\/\"},\"author\":{\"name\":\"BECA 2 CDE\",\"@id\":\"https:\\\/\\\/www.cde.ual.es\\\/#\\\/schema\\\/person\\\/ee46ebc19edfa19598c02cff83335acc\"},\"headline\":\"Europa Contigo, programa No 3&#215;03\",\"datePublished\":\"2020-11-10T02:00:29+00:00\",\"mainEntityOfPage\":{\"@id\":\"https:\\\/\\\/www.cde.ual.es\\\/europa-contigo-no-3x03\\\/\"},\"wordCount\":152,\"commentCount\":0,\"publisher\":{\"@id\":\"https:\\\/\\\/www.cde.ual.es\\\/#organization\"},\"image\":{\"@id\":\"https:\\\/\\\/www.cde.ual.es\\\/europa-contigo-no-3x03\\\/#primaryimage\"},\"thumbnailUrl\":\"https:\\\/\\\/www.cde.ual.es\\\/wp-content\\\/uploads\\\/2020\\\/11\\\/Equipo-Ana-Jose-scaled.jpg\",\"keywords\":[\"Europa Contigo\",\"podcast\",\"Radio\"],\"articleSection\":[\"Actividades\"],\"inLanguage\":\"en-US\",\"potentialAction\":[{\"@type\":\"CommentAction\",\"name\":\"Comment\",\"target\":[\"https:\\\/\\\/www.cde.ual.es\\\/europa-contigo-no-3x03\\\/#respond\"]}]},{\"@type\":\"WebPage\",\"@id\":\"https:\\\/\\\/www.cde.ual.es\\\/europa-contigo-no-3x03\\\/\",\"url\":\"https:\\\/\\\/www.cde.ual.es\\\/europa-contigo-no-3x03\\\/\",\"name\":\"Europa Contigo, programa No 3x03 | CDE Almer\u00eda - Centro de Documentaci\u00f3n Europea - Universidad de Almer\u00eda\",\"isPartOf\":{\"@id\":\"https:\\\/\\\/www.cde.ual.es\\\/#website\"},\"primaryImageOfPage\":{\"@id\":\"https:\\\/\\\/www.cde.ual.es\\\/europa-contigo-no-3x03\\\/#primaryimage\"},\"image\":{\"@id\":\"https:\\\/\\\/www.cde.ual.es\\\/europa-contigo-no-3x03\\\/#primaryimage\"},\"thumbnailUrl\":\"https:\\\/\\\/www.cde.ual.es\\\/wp-content\\\/uploads\\\/2020\\\/11\\\/Equipo-Ana-Jose-scaled.jpg\",\"datePublished\":\"2020-11-10T02:00:29+00:00\",\"breadcrumb\":{\"@id\":\"https:\\\/\\\/www.cde.ual.es\\\/europa-contigo-no-3x03\\\/#breadcrumb\"},\"inLanguage\":\"en-US\",\"potentialAction\":[{\"@type\":\"ReadAction\",\"target\":[\"https:\\\/\\\/www.cde.ual.es\\\/europa-contigo-no-3x03\\\/\"]}]},{\"@type\":\"ImageObject\",\"inLanguage\":\"en-US\",\"@id\":\"https:\\\/\\\/www.cde.ual.es\\\/europa-contigo-no-3x03\\\/#primaryimage\",\"url\":\"https:\\\/\\\/www.cde.ual.es\\\/wp-content\\\/uploads\\\/2020\\\/11\\\/Equipo-Ana-Jose-scaled.jpg\",\"contentUrl\":\"https:\\\/\\\/www.cde.ual.es\\\/wp-content\\\/uploads\\\/2020\\\/11\\\/Equipo-Ana-Jose-scaled.jpg\",\"width\":2560,\"height\":1920,\"caption\":\"Equipo Ana Jose\"},{\"@type\":\"BreadcrumbList\",\"@id\":\"https:\\\/\\\/www.cde.ual.es\\\/europa-contigo-no-3x03\\\/#breadcrumb\",\"itemListElement\":[{\"@type\":\"ListItem\",\"position\":1,\"name\":\"Inicio\",\"item\":\"https:\\\/\\\/www.cde.ual.es\\\/en\\\/\"},{\"@type\":\"ListItem\",\"position\":2,\"name\":\"Actividades\",\"item\":\"https:\\\/\\\/www.cde.ual.es\\\/category\\\/actividades\\\/\"},{\"@type\":\"ListItem\",\"position\":3,\"name\":\"Europa Contigo, programa No 3&#215;03\"}]},{\"@type\":\"WebSite\",\"@id\":\"https:\\\/\\\/www.cde.ual.es\\\/#website\",\"url\":\"https:\\\/\\\/www.cde.ual.es\\\/\",\"name\":\"CDE Almer\u00eda - Centro de Documentaci\u00f3n Europea - Universidad de Almer\u00eda\",\"description\":\"Centro de Documentaci\u00f3n Europea de la Universidad de Almer\u00eda\",\"publisher\":{\"@id\":\"https:\\\/\\\/www.cde.ual.es\\\/#organization\"},\"alternateName\":\"CDE Almer\u00eda\",\"potentialAction\":[{\"@type\":\"SearchAction\",\"target\":{\"@type\":\"EntryPoint\",\"urlTemplate\":\"https:\\\/\\\/www.cde.ual.es\\\/?s={search_term_string}\"},\"query-input\":{\"@type\":\"PropertyValueSpecification\",\"valueRequired\":true,\"valueName\":\"search_term_string\"}}],\"inLanguage\":\"en-US\"},{\"@type\":\"Organization\",\"@id\":\"https:\\\/\\\/www.cde.ual.es\\\/#organization\",\"name\":\"Centro de Documentaci\u00f3n Europea de Almer\u00eda\",\"url\":\"https:\\\/\\\/www.cde.ual.es\\\/\",\"logo\":{\"@type\":\"ImageObject\",\"inLanguage\":\"en-US\",\"@id\":\"https:\\\/\\\/www.cde.ual.es\\\/#\\\/schema\\\/logo\\\/image\\\/\",\"url\":\"https:\\\/\\\/www.cde.ual.es\\\/wp-content\\\/uploads\\\/2025\\\/07\\\/cde-logo-3.png\",\"contentUrl\":\"https:\\\/\\\/www.cde.ual.es\\\/wp-content\\\/uploads\\\/2025\\\/07\\\/cde-logo-3.png\",\"width\":1400,\"height\":300,\"caption\":\"Centro de Documentaci\u00f3n Europea de Almer\u00eda\"},\"image\":{\"@id\":\"https:\\\/\\\/www.cde.ual.es\\\/#\\\/schema\\\/logo\\\/image\\\/\"},\"sameAs\":[\"https:\\\/\\\/www.facebook.com\\\/cdeuniversidadalmeria\\\/\",\"https:\\\/\\\/x.com\\\/cdeualmeria\",\"https:\\\/\\\/www.tiktok.com\\\/@cdealmeria\",\"https:\\\/\\\/www.instagram.com\\\/cdealmeria\\\/\",\"https:\\\/\\\/www.linkedin.com\\\/in\\\/cde-almera-812b26a9\\\/\"]},{\"@type\":\"Person\",\"@id\":\"https:\\\/\\\/www.cde.ual.es\\\/#\\\/schema\\\/person\\\/ee46ebc19edfa19598c02cff83335acc\",\"name\":\"BECA 2 CDE\",\"image\":{\"@type\":\"ImageObject\",\"inLanguage\":\"en-US\",\"@id\":\"https:\\\/\\\/secure.gravatar.com\\\/avatar\\\/35a481bbc04bbd90e91bdfa3b0b5541036c222a49b9ad37b6889a2afcb5311a5?s=96&d=mm&r=g\",\"url\":\"https:\\\/\\\/secure.gravatar.com\\\/avatar\\\/35a481bbc04bbd90e91bdfa3b0b5541036c222a49b9ad37b6889a2afcb5311a5?s=96&d=mm&r=g\",\"contentUrl\":\"https:\\\/\\\/secure.gravatar.com\\\/avatar\\\/35a481bbc04bbd90e91bdfa3b0b5541036c222a49b9ad37b6889a2afcb5311a5?s=96&d=mm&r=g\",\"caption\":\"BECA 2 CDE\"},\"sameAs\":[\"http:\\\/\\\/www.cdealmeria.com\"]}]}<\/script>\n<!-- \/ Yoast SEO plugin. -->","yoast_head_json":{"title":"Europa Contigo, programa No 3x03 | CDE Almer\u00eda - Centro de Documentaci\u00f3n Europea - Universidad de Almer\u00eda","robots":{"index":"index","follow":"follow","max-snippet":"max-snippet:-1","max-image-preview":"max-image-preview:large","max-video-preview":"max-video-preview:-1"},"canonical":"https:\/\/www.cde.ual.es\/europa-contigo-no-3x03\/","og_locale":"en_US","og_type":"article","og_title":"Europa Contigo, programa No 3x03 | CDE Almer\u00eda - Centro de Documentaci\u00f3n Europea - Universidad de Almer\u00eda","og_description":"Europa Contigo, programa No 3&#215;03 En este programa Ana Fe Gil Serra Directora del Centro de Documentaci\u00f3n Europea de Almer\u00eda aborda los siguientes temas: La \u00faltima reuni\u00f3n del Eurogrupo. Futuras aplicaciones de la hipervelocidad. Ciberseguridad. Reuni\u00f3n UAL y JJAA: Internacionalizaci\u00f3n e Investigaci\u00f3n, claves del futuro andaluz. Proyectos de Investigaci\u00f3n Europeos espa\u00f1oles Estad\u00edsticas Europeas El Centro [&hellip;]","og_url":"https:\/\/www.cde.ual.es\/europa-contigo-no-3x03\/","og_site_name":"CDE Almer\u00eda - Centro de Documentaci\u00f3n Europea - Universidad de Almer\u00eda","article_publisher":"https:\/\/www.facebook.com\/cdeuniversidadalmeria\/","article_published_time":"2020-11-10T02:00:29+00:00","og_image":[{"width":2560,"height":1920,"url":"https:\/\/www.cde.ual.es\/wp-content\/uploads\/2020\/11\/Equipo-Ana-Jose-scaled.jpg","type":"image\/jpeg"}],"author":"BECA 2 CDE","twitter_card":"summary_large_image","twitter_creator":"@cdeualmeria","twitter_site":"@cdeualmeria","twitter_misc":{"Written by":"BECA 2 CDE","Est. reading time":"1 minute"},"schema":{"@context":"https:\/\/schema.org","@graph":[{"@type":"Article","@id":"https:\/\/www.cde.ual.es\/europa-contigo-no-3x03\/#article","isPartOf":{"@id":"https:\/\/www.cde.ual.es\/europa-contigo-no-3x03\/"},"author":{"name":"BECA 2 CDE","@id":"https:\/\/www.cde.ual.es\/#\/schema\/person\/ee46ebc19edfa19598c02cff83335acc"},"headline":"Europa Contigo, programa No 3&#215;03","datePublished":"2020-11-10T02:00:29+00:00","mainEntityOfPage":{"@id":"https:\/\/www.cde.ual.es\/europa-contigo-no-3x03\/"},"wordCount":152,"commentCount":0,"publisher":{"@id":"https:\/\/www.cde.ual.es\/#organization"},"image":{"@id":"https:\/\/www.cde.ual.es\/europa-contigo-no-3x03\/#primaryimage"},"thumbnailUrl":"https:\/\/www.cde.ual.es\/wp-content\/uploads\/2020\/11\/Equipo-Ana-Jose-scaled.jpg","keywords":["Europa Contigo","podcast","Radio"],"articleSection":["Actividades"],"inLanguage":"en-US","potentialAction":[{"@type":"CommentAction","name":"Comment","target":["https:\/\/www.cde.ual.es\/europa-contigo-no-3x03\/#respond"]}]},{"@type":"WebPage","@id":"https:\/\/www.cde.ual.es\/europa-contigo-no-3x03\/","url":"https:\/\/www.cde.ual.es\/europa-contigo-no-3x03\/","name":"Europa Contigo, programa No 3x03 | CDE Almer\u00eda - Centro de Documentaci\u00f3n Europea - Universidad de Almer\u00eda","isPartOf":{"@id":"https:\/\/www.cde.ual.es\/#website"},"primaryImageOfPage":{"@id":"https:\/\/www.cde.ual.es\/europa-contigo-no-3x03\/#primaryimage"},"image":{"@id":"https:\/\/www.cde.ual.es\/europa-contigo-no-3x03\/#primaryimage"},"thumbnailUrl":"https:\/\/www.cde.ual.es\/wp-content\/uploads\/2020\/11\/Equipo-Ana-Jose-scaled.jpg","datePublished":"2020-11-10T02:00:29+00:00","breadcrumb":{"@id":"https:\/\/www.cde.ual.es\/europa-contigo-no-3x03\/#breadcrumb"},"inLanguage":"en-US","potentialAction":[{"@type":"ReadAction","target":["https:\/\/www.cde.ual.es\/europa-contigo-no-3x03\/"]}]},{"@type":"ImageObject","inLanguage":"en-US","@id":"https:\/\/www.cde.ual.es\/europa-contigo-no-3x03\/#primaryimage","url":"https:\/\/www.cde.ual.es\/wp-content\/uploads\/2020\/11\/Equipo-Ana-Jose-scaled.jpg","contentUrl":"https:\/\/www.cde.ual.es\/wp-content\/uploads\/2020\/11\/Equipo-Ana-Jose-scaled.jpg","width":2560,"height":1920,"caption":"Equipo Ana Jose"},{"@type":"BreadcrumbList","@id":"https:\/\/www.cde.ual.es\/europa-contigo-no-3x03\/#breadcrumb","itemListElement":[{"@type":"ListItem","position":1,"name":"Inicio","item":"https:\/\/www.cde.ual.es\/en\/"},{"@type":"ListItem","position":2,"name":"Actividades","item":"https:\/\/www.cde.ual.es\/category\/actividades\/"},{"@type":"ListItem","position":3,"name":"Europa Contigo, programa No 3&#215;03"}]},{"@type":"WebSite","@id":"https:\/\/www.cde.ual.es\/#website","url":"https:\/\/www.cde.ual.es\/","name":"CDE Almer\u00eda - Centro de Documentaci\u00f3n Europea - Universidad de Almer\u00eda","description":"Centro de Documentaci\u00f3n Europea de la Universidad de Almer\u00eda","publisher":{"@id":"https:\/\/www.cde.ual.es\/#organization"},"alternateName":"CDE Almer\u00eda","potentialAction":[{"@type":"SearchAction","target":{"@type":"EntryPoint","urlTemplate":"https:\/\/www.cde.ual.es\/?s={search_term_string}"},"query-input":{"@type":"PropertyValueSpecification","valueRequired":true,"valueName":"search_term_string"}}],"inLanguage":"en-US"},{"@type":"Organization","@id":"https:\/\/www.cde.ual.es\/#organization","name":"Centro de Documentaci\u00f3n Europea de Almer\u00eda","url":"https:\/\/www.cde.ual.es\/","logo":{"@type":"ImageObject","inLanguage":"en-US","@id":"https:\/\/www.cde.ual.es\/#\/schema\/logo\/image\/","url":"https:\/\/www.cde.ual.es\/wp-content\/uploads\/2025\/07\/cde-logo-3.png","contentUrl":"https:\/\/www.cde.ual.es\/wp-content\/uploads\/2025\/07\/cde-logo-3.png","width":1400,"height":300,"caption":"Centro de Documentaci\u00f3n Europea de Almer\u00eda"},"image":{"@id":"https:\/\/www.cde.ual.es\/#\/schema\/logo\/image\/"},"sameAs":["https:\/\/www.facebook.com\/cdeuniversidadalmeria\/","https:\/\/x.com\/cdeualmeria","https:\/\/www.tiktok.com\/@cdealmeria","https:\/\/www.instagram.com\/cdealmeria\/","https:\/\/www.linkedin.com\/in\/cde-almera-812b26a9\/"]},{"@type":"Person","@id":"https:\/\/www.cde.ual.es\/#\/schema\/person\/ee46ebc19edfa19598c02cff83335acc","name":"BECA 2 CDE","image":{"@type":"ImageObject","inLanguage":"en-US","@id":"https:\/\/secure.gravatar.com\/avatar\/35a481bbc04bbd90e91bdfa3b0b5541036c222a49b9ad37b6889a2afcb5311a5?s=96&d=mm&r=g","url":"https:\/\/secure.gravatar.com\/avatar\/35a481bbc04bbd90e91bdfa3b0b5541036c222a49b9ad37b6889a2afcb5311a5?s=96&d=mm&r=g","contentUrl":"https:\/\/secure.gravatar.com\/avatar\/35a481bbc04bbd90e91bdfa3b0b5541036c222a49b9ad37b6889a2afcb5311a5?s=96&d=mm&r=g","caption":"BECA 2 CDE"},"sameAs":["http:\/\/www.cdealmeria.com"]}]}},"_links":{"self":[{"href":"https:\/\/www.cde.ual.es\/en\/wp-json\/wp\/v2\/posts\/56087","targetHints":{"allow":["GET"]}}],"collection":[{"href":"https:\/\/www.cde.ual.es\/en\/wp-json\/wp\/v2\/posts"}],"about":[{"href":"https:\/\/www.cde.ual.es\/en\/wp-json\/wp\/v2\/types\/post"}],"author":[{"embeddable":true,"href":"https:\/\/www.cde.ual.es\/en\/wp-json\/wp\/v2\/users\/101011"}],"replies":[{"embeddable":true,"href":"https:\/\/www.cde.ual.es\/en\/wp-json\/wp\/v2\/comments?post=56087"}],"version-history":[{"count":0,"href":"https:\/\/www.cde.ual.es\/en\/wp-json\/wp\/v2\/posts\/56087\/revisions"}],"wp:featuredmedia":[{"embeddable":true,"href":"https:\/\/www.cde.ual.es\/en\/wp-json\/wp\/v2\/media\/56073"}],"wp:attachment":[{"href":"https:\/\/www.cde.ual.es\/en\/wp-json\/wp\/v2\/media?parent=56087"}],"wp:term":[{"taxonomy":"category","embeddable":true,"href":"https:\/\/www.cde.ual.es\/en\/wp-json\/wp\/v2\/categories?post=56087"},{"taxonomy":"post_tag","embeddable":true,"href":"https:\/\/www.cde.ual.es\/en\/wp-json\/wp\/v2\/tags?post=56087"}],"curies":[{"name":"wp","href":"https:\/\/api.w.org\/{rel}","templated":true}]}}