{"id":5594,"date":"2018-06-06T08:45:25","date_gmt":"2018-06-06T06:45:25","guid":{"rendered":"http:\/\/www.cde.ual.es\/?p=5594"},"modified":"2018-06-06T08:45:26","modified_gmt":"2018-06-06T06:45:26","slug":"mercado-unico-digital-los-negociadores-de-la-ue-alcanzan-un-acuerdo-politico-para-actualizar-las-reglas-de-telecomunicaciones-de-la-ue","status":"publish","type":"post","link":"https:\/\/www.cde.ual.es\/en\/mercado-unico-digital-los-negociadores-de-la-ue-alcanzan-un-acuerdo-politico-para-actualizar-las-reglas-de-telecomunicaciones-de-la-ue\/","title":{"rendered":"Mercado \u00fanico digital: los negociadores de la UE alcanzan un acuerdo pol\u00edtico para actualizar las reglas de telecomunicaciones de la UE"},"content":{"rendered":"<p style=\"text-align: center;\"><a href=\"http:\/\/www.cde.ual.es\/wp-content\/uploads\/2018\/06\/Digital-Single-Marketjpg.jpg\"><img decoding=\"async\" class=\"size-medium wp-image-5597 aligncenter\" src=\"http:\/\/www.cde.ual.es\/wp-content\/uploads\/2018\/06\/Digital-Single-Marketjpg-300x200.jpg\" alt=\"\" width=\"300\" height=\"200\" srcset=\"https:\/\/www.cde.ual.es\/wp-content\/uploads\/2018\/06\/Digital-Single-Marketjpg-300x200.jpg 300w, https:\/\/www.cde.ual.es\/wp-content\/uploads\/2018\/06\/Digital-Single-Marketjpg-768x513.jpg 768w, https:\/\/www.cde.ual.es\/wp-content\/uploads\/2018\/06\/Digital-Single-Marketjpg-1024x684.jpg 1024w, https:\/\/www.cde.ual.es\/wp-content\/uploads\/2018\/06\/Digital-Single-Marketjpg.jpg 1156w\" sizes=\"(max-width: 300px) 100vw, 300px\" \/><\/a><\/p>\n<p>El Parlamento Europeo y el Consejo llegaron anoche a un acuerdo pol\u00edtico para actualizar las normas de telecomunicaciones de la UE. El nuevo C\u00f3digo Europeo de Comunicaciones Electr\u00f3nicas, propuesto por la Comisi\u00f3n, impulsar\u00e1 las inversiones en redes de muy alta capacidad en toda la UE, incluso en zonas remotas y rurales.<\/p>\n<p>El vicepresidente a cargo del Mercado \u00danico Digital, Andrus Ansip, dijo: &#8220;Este acuerdo es esencial para satisfacer las crecientes necesidades de conectividad de los europeos y aumentar la competitividad de Europa. Estamos sentando las bases para el despliegue de 5G en toda Europa&#8221;.<\/p>\n<p>La Comisaria de Econom\u00eda y Sociedad Digital, Mariya Gabriel, dijo: &#8220;Las nuevas normas de telecomunicaciones son un elemento esencial para el futuro digital de Europa. Tras varios meses de duras negociaciones, hemos acordado reglas audaces y equilibradas para proporcionar un acceso m\u00e1s r\u00e1pido al espectro radioel\u00e9ctrico. mejores servicios y m\u00e1s protecci\u00f3n para los consumidores, as\u00ed como una mayor inversi\u00f3n en redes de muy alta velocidad &#8220;.<\/p>\n<p>Las normas acordadas son cruciales para alcanzar los objetivos de conectividad de Europa y proporcionar a todos en la UE la mejor conexi\u00f3n a Internet posible, para que puedan participar plenamente en la econom\u00eda digital.<\/p>\n<h3>El nuevo C\u00f3digo de comunicaciones electr\u00f3nicas:<\/h3>\n<p>Mejorar el despliegue de las redes 5G asegurando la disponibilidad del espectro radioel\u00e9ctrico 5G para fines de 2020 en la UE y brindando a los operadores previsibilidad por al menos 20 a\u00f1os en t\u00e9rminos de licencias de espectro; incluso sobre la base de una mejor coordinaci\u00f3n de las asignaciones planificadas de espectro radioel\u00e9ctrico.<\/p>\n<p>Facilitar el despliegue de nuevas redes fijas de muy alta capacidad al hacer m\u00e1s predecibles las reglas para la coinversi\u00f3n y promover la distribuci\u00f3n del riesgo en el despliegue de redes de muy alta capacidad; promover la competencia sostenible en beneficio de los consumidores, con un \u00e9nfasis normativo en los cuellos de botella reales, como el cableado, los conductos y los cables dentro de los edificios; y un r\u00e9gimen regulatorio espec\u00edfico para operadores solo mayoristas. Adem\u00e1s, las nuevas normas tambi\u00e9n garantizar\u00e1n una cooperaci\u00f3n m\u00e1s estrecha entre la Comisi\u00f3n y el Organismo de Reguladores Europeos de Comunicaciones Electr\u00f3nicas (ORECE) en la supervisi\u00f3n de medidas relacionadas con las nuevas disposiciones clave de acceso de la inversi\u00f3n conjunta y la regulaci\u00f3n sim\u00e9trica.<\/p>\n<p>Beneficiar y proteger a los consumidores, independientemente de si los usuarios finales se comunican a trav\u00e9s de servicios tradicionales (llamadas, sms) o basados \u200b\u200ben la web (Skype, WhatsApp, etc.) por:<\/p>\n<ul>\n<li>garantizando que todos los ciudadanos tengan acceso a servicios de comunicaciones asequibles, incluido el acceso a internet universalmente disponible, para servicios tales como administraci\u00f3n electr\u00f3nica, banca en l\u00ednea o videollamadas;<\/li>\n<li>garantizando que las llamadas internacionales dentro de la UE no costar\u00e1n m\u00e1s de 19 c\u00e9ntimos por minuto, al tiempo que se asegura de que las nuevas normas no distorsionen la competencia, la innovaci\u00f3n y la inversi\u00f3n;<\/li>\n<li>dando acceso equivalente a las comunicaciones para los usuarios finales con discapacidades;<\/li>\n<li>promoviendo una mayor transparencia tarifaria y la comparaci\u00f3n de ofertas contractuales;<\/li>\n<li>garantizando una mejor seguridad contra hacking, malware, etc .;<\/li>\n<li>protegiendo mejor a los consumidores que se suscriben a paquetes de servicios agrupados;por lo que es m\u00e1s f\u00e1cil cambiar de proveedor de servicios y mantener el mismo n\u00famero de tel\u00e9fono, incluidas las reglas de compensaciones si el proceso sale mal o lleva demasiado tiempo;<\/li>\n<li>aumentando la protecci\u00f3n de los ciudadanos en situaciones de emergencia, incluida la recuperaci\u00f3n de una ubicaci\u00f3n de llamadas m\u00e1s precisa en situaciones de emergencia, ampliando las comunicaciones de emergencia a mensajes de texto y videollamadas, y estableciendo un sistema para transmitir advertencias p\u00fablicas en tel\u00e9fonos m\u00f3viles.<\/li>\n<\/ul>\n<h3>Antecedentes<\/h3>\n<p>En el trabajo, en casa o en movimiento, los europeos esperan una conexi\u00f3n a Internet que sea r\u00e1pida y de confianza. Fomentar las inversiones en redes de muy alta capacidad es cada vez m\u00e1s importante para la educaci\u00f3n, la asistencia sanitaria, la fabricaci\u00f3n o el transporte. Para hacer frente a estos desaf\u00edos y preparar el futuro digital de Europa, en septiembre de 2016 la Comisi\u00f3n propuso el establecimiento de un <a href=\"http:\/\/europa.eu\/rapid\/press-release_IP-16-3008_en.htm\">C\u00f3digo Europeo de Comunicaciones Electr\u00f3nicas<\/a> y una propuesta de Reglamento sobre el Organismo de Reguladores Europeos de Comunicaciones Electr\u00f3nicas. El C\u00f3digo modernizar\u00e1 las actuales normas de telecomunicaciones de la UE, que se actualizaron por <a href=\"http:\/\/europa.eu\/rapid\/press-release_IP-11-622_en.htm?locale=en\">\u00faltima vez en 2009<\/a>, estimulan la competencia para impulsar las inversiones y fortalecer el mercado interior y los derechos de los consumidores.\u00a0En marzo de 2018, el Parlamento y el Consejo acordaron el camino a seguir para que la gesti\u00f3n del espectro radioel\u00e9ctrico pueda introducir el 5G en la UE. Una vez que el Parlamento Europeo y el Consejo los adopten por completo, los Estados miembros tendr\u00e1n dos a\u00f1os para incorporar el C\u00f3digo de comunicaciones electr\u00f3nicas a la legislaci\u00f3n nacional.<\/p>\n<h3>M\u00e1s informaci\u00f3n<\/h3>\n<p dir=\"ltr\"><a href=\"https:\/\/ec.europa.eu\/digital-single-market\/en\/desi\">Digital Economy and Society Index (DESI) including data on connectivity per country<\/a><\/p>\n<p dir=\"ltr\"><a href=\"https:\/\/ec.europa.eu\/digital-single-market\/en\/connectivity-european-gigabit-society\">More on telecoms<\/a><\/p>\n<p>&nbsp;<\/p>\n<p>&nbsp;<\/p>\n","protected":false},"excerpt":{"rendered":"<p>El Parlamento Europeo y el Consejo llegaron anoche a un acuerdo pol\u00edtico para actualizar las normas de telecomunicaciones de la UE. El nuevo C\u00f3digo Europeo de Comunicaciones Electr\u00f3nicas, propuesto por la Comisi\u00f3n, impulsar\u00e1 las inversiones en redes de muy alta capacidad en toda la UE, incluso en zonas remotas y rurales. El vicepresidente a cargo [&hellip;]<\/p>\n","protected":false},"author":1,"featured_media":5597,"comment_status":"open","ping_status":"open","sticky":false,"template":"","format":"standard","meta":{"_acf_changed":false,"_relevanssi_hide_post":"","_relevanssi_hide_content":"","_relevanssi_pin_for_all":"","_relevanssi_pin_keywords":"","_relevanssi_unpin_keywords":"","_relevanssi_related_keywords":"","_relevanssi_related_include_ids":"","_relevanssi_related_exclude_ids":"","_relevanssi_related_no_append":"","_relevanssi_related_not_related":"","_relevanssi_related_posts":"","_relevanssi_noindex_reason":"","_monsterinsights_skip_tracking":false,"_monsterinsights_sitenote_active":false,"_monsterinsights_sitenote_note":"","_monsterinsights_sitenote_category":0,"_genesis_hide_title":false,"_genesis_hide_breadcrumbs":false,"_genesis_hide_singular_image":false,"_genesis_hide_footer_widgets":false,"_genesis_custom_body_class":"","_genesis_custom_post_class":"","_genesis_layout":"","footnotes":""},"categories":[96],"tags":[132,126],"class_list":{"0":"post-5594","1":"post","2":"type-post","3":"status-publish","4":"format-standard","5":"has-post-thumbnail","7":"category-noticias-ue","8":"tag-investigacion","9":"tag-competitividad-empresa","10":"entry"},"acf":[],"yoast_head":"<!-- This site is optimized with the Yoast SEO plugin v27.5 - https:\/\/yoast.com\/product\/yoast-seo-wordpress\/ -->\n<title>Mercado \u00fanico digital: los negociadores de la UE alcanzan un acuerdo pol\u00edtico para actualizar las reglas de telecomunicaciones de la UE | CDE Almer\u00eda - Centro de Documentaci\u00f3n Europea - Universidad de Almer\u00eda<\/title>\n<meta name=\"robots\" content=\"index, follow, max-snippet:-1, max-image-preview:large, max-video-preview:-1\" \/>\n<link rel=\"canonical\" href=\"https:\/\/www.cde.ual.es\/mercado-unico-digital-los-negociadores-de-la-ue-alcanzan-un-acuerdo-politico-para-actualizar-las-reglas-de-telecomunicaciones-de-la-ue\/\" \/>\n<meta property=\"og:locale\" content=\"en_US\" \/>\n<meta property=\"og:type\" content=\"article\" \/>\n<meta property=\"og:title\" content=\"Mercado \u00fanico digital: los negociadores de la UE alcanzan un acuerdo pol\u00edtico para actualizar las reglas de telecomunicaciones de la UE | CDE Almer\u00eda - Centro de Documentaci\u00f3n Europea - Universidad de Almer\u00eda\" \/>\n<meta property=\"og:description\" content=\"El Parlamento Europeo y el Consejo llegaron anoche a un acuerdo pol\u00edtico para actualizar las normas de telecomunicaciones de la UE. El nuevo C\u00f3digo Europeo de Comunicaciones Electr\u00f3nicas, propuesto por la Comisi\u00f3n, impulsar\u00e1 las inversiones en redes de muy alta capacidad en toda la UE, incluso en zonas remotas y rurales. El vicepresidente a cargo [&hellip;]\" \/>\n<meta property=\"og:url\" content=\"https:\/\/www.cde.ual.es\/mercado-unico-digital-los-negociadores-de-la-ue-alcanzan-un-acuerdo-politico-para-actualizar-las-reglas-de-telecomunicaciones-de-la-ue\/\" \/>\n<meta property=\"og:site_name\" content=\"CDE Almer\u00eda - Centro de Documentaci\u00f3n Europea - Universidad de Almer\u00eda\" \/>\n<meta property=\"article:publisher\" content=\"https:\/\/www.facebook.com\/cdeuniversidadalmeria\/\" \/>\n<meta property=\"article:published_time\" content=\"2018-06-06T06:45:25+00:00\" \/>\n<meta property=\"article:modified_time\" content=\"2018-06-06T06:45:26+00:00\" \/>\n<meta property=\"og:image\" content=\"https:\/\/www.cde.ual.es\/wp-content\/uploads\/2018\/06\/Digital-Single-Marketjpg.jpg\" \/>\n\t<meta property=\"og:image:width\" content=\"1156\" \/>\n\t<meta property=\"og:image:height\" content=\"772\" \/>\n\t<meta property=\"og:image:type\" content=\"image\/jpeg\" \/>\n<meta name=\"author\" content=\"AdminCDE\" \/>\n<meta name=\"twitter:card\" content=\"summary_large_image\" \/>\n<meta name=\"twitter:creator\" content=\"@cdeualmeria\" \/>\n<meta name=\"twitter:site\" content=\"@cdeualmeria\" \/>\n<meta name=\"twitter:label1\" content=\"Written by\" \/>\n\t<meta name=\"twitter:data1\" content=\"AdminCDE\" \/>\n\t<meta name=\"twitter:label2\" content=\"Est. reading time\" \/>\n\t<meta name=\"twitter:data2\" content=\"4 minutes\" \/>\n<script type=\"application\/ld+json\" class=\"yoast-schema-graph\">{\"@context\":\"https:\\\/\\\/schema.org\",\"@graph\":[{\"@type\":\"Article\",\"@id\":\"https:\\\/\\\/www.cde.ual.es\\\/mercado-unico-digital-los-negociadores-de-la-ue-alcanzan-un-acuerdo-politico-para-actualizar-las-reglas-de-telecomunicaciones-de-la-ue\\\/#article\",\"isPartOf\":{\"@id\":\"https:\\\/\\\/www.cde.ual.es\\\/mercado-unico-digital-los-negociadores-de-la-ue-alcanzan-un-acuerdo-politico-para-actualizar-las-reglas-de-telecomunicaciones-de-la-ue\\\/\"},\"author\":{\"name\":\"AdminCDE\",\"@id\":\"https:\\\/\\\/www.cde.ual.es\\\/#\\\/schema\\\/person\\\/224ef08c8bcc005f319d2713ce37ee5f\"},\"headline\":\"Mercado \u00fanico digital: los negociadores de la UE alcanzan un acuerdo pol\u00edtico para actualizar las reglas de telecomunicaciones de la UE\",\"datePublished\":\"2018-06-06T06:45:25+00:00\",\"dateModified\":\"2018-06-06T06:45:26+00:00\",\"mainEntityOfPage\":{\"@id\":\"https:\\\/\\\/www.cde.ual.es\\\/mercado-unico-digital-los-negociadores-de-la-ue-alcanzan-un-acuerdo-politico-para-actualizar-las-reglas-de-telecomunicaciones-de-la-ue\\\/\"},\"wordCount\":887,\"commentCount\":0,\"publisher\":{\"@id\":\"https:\\\/\\\/www.cde.ual.es\\\/#organization\"},\"image\":{\"@id\":\"https:\\\/\\\/www.cde.ual.es\\\/mercado-unico-digital-los-negociadores-de-la-ue-alcanzan-un-acuerdo-politico-para-actualizar-las-reglas-de-telecomunicaciones-de-la-ue\\\/#primaryimage\"},\"thumbnailUrl\":\"https:\\\/\\\/www.cde.ual.es\\\/wp-content\\\/uploads\\\/2018\\\/06\\\/Digital-Single-Marketjpg.jpg\",\"keywords\":[\"Investigaci\u00f3n\",\"Mercado en la Uni\u00f3n Europea\"],\"articleSection\":[\"Noticias UE\"],\"inLanguage\":\"en-US\",\"potentialAction\":[{\"@type\":\"CommentAction\",\"name\":\"Comment\",\"target\":[\"https:\\\/\\\/www.cde.ual.es\\\/mercado-unico-digital-los-negociadores-de-la-ue-alcanzan-un-acuerdo-politico-para-actualizar-las-reglas-de-telecomunicaciones-de-la-ue\\\/#respond\"]}]},{\"@type\":\"WebPage\",\"@id\":\"https:\\\/\\\/www.cde.ual.es\\\/mercado-unico-digital-los-negociadores-de-la-ue-alcanzan-un-acuerdo-politico-para-actualizar-las-reglas-de-telecomunicaciones-de-la-ue\\\/\",\"url\":\"https:\\\/\\\/www.cde.ual.es\\\/mercado-unico-digital-los-negociadores-de-la-ue-alcanzan-un-acuerdo-politico-para-actualizar-las-reglas-de-telecomunicaciones-de-la-ue\\\/\",\"name\":\"Mercado \u00fanico digital: los negociadores de la UE alcanzan un acuerdo pol\u00edtico para actualizar las reglas de telecomunicaciones de la UE | CDE Almer\u00eda - Centro de Documentaci\u00f3n Europea - Universidad de Almer\u00eda\",\"isPartOf\":{\"@id\":\"https:\\\/\\\/www.cde.ual.es\\\/#website\"},\"primaryImageOfPage\":{\"@id\":\"https:\\\/\\\/www.cde.ual.es\\\/mercado-unico-digital-los-negociadores-de-la-ue-alcanzan-un-acuerdo-politico-para-actualizar-las-reglas-de-telecomunicaciones-de-la-ue\\\/#primaryimage\"},\"image\":{\"@id\":\"https:\\\/\\\/www.cde.ual.es\\\/mercado-unico-digital-los-negociadores-de-la-ue-alcanzan-un-acuerdo-politico-para-actualizar-las-reglas-de-telecomunicaciones-de-la-ue\\\/#primaryimage\"},\"thumbnailUrl\":\"https:\\\/\\\/www.cde.ual.es\\\/wp-content\\\/uploads\\\/2018\\\/06\\\/Digital-Single-Marketjpg.jpg\",\"datePublished\":\"2018-06-06T06:45:25+00:00\",\"dateModified\":\"2018-06-06T06:45:26+00:00\",\"breadcrumb\":{\"@id\":\"https:\\\/\\\/www.cde.ual.es\\\/mercado-unico-digital-los-negociadores-de-la-ue-alcanzan-un-acuerdo-politico-para-actualizar-las-reglas-de-telecomunicaciones-de-la-ue\\\/#breadcrumb\"},\"inLanguage\":\"en-US\",\"potentialAction\":[{\"@type\":\"ReadAction\",\"target\":[\"https:\\\/\\\/www.cde.ual.es\\\/mercado-unico-digital-los-negociadores-de-la-ue-alcanzan-un-acuerdo-politico-para-actualizar-las-reglas-de-telecomunicaciones-de-la-ue\\\/\"]}]},{\"@type\":\"ImageObject\",\"inLanguage\":\"en-US\",\"@id\":\"https:\\\/\\\/www.cde.ual.es\\\/mercado-unico-digital-los-negociadores-de-la-ue-alcanzan-un-acuerdo-politico-para-actualizar-las-reglas-de-telecomunicaciones-de-la-ue\\\/#primaryimage\",\"url\":\"https:\\\/\\\/www.cde.ual.es\\\/wp-content\\\/uploads\\\/2018\\\/06\\\/Digital-Single-Marketjpg.jpg\",\"contentUrl\":\"https:\\\/\\\/www.cde.ual.es\\\/wp-content\\\/uploads\\\/2018\\\/06\\\/Digital-Single-Marketjpg.jpg\",\"width\":1156,\"height\":772},{\"@type\":\"BreadcrumbList\",\"@id\":\"https:\\\/\\\/www.cde.ual.es\\\/mercado-unico-digital-los-negociadores-de-la-ue-alcanzan-un-acuerdo-politico-para-actualizar-las-reglas-de-telecomunicaciones-de-la-ue\\\/#breadcrumb\",\"itemListElement\":[{\"@type\":\"ListItem\",\"position\":1,\"name\":\"Inicio\",\"item\":\"https:\\\/\\\/www.cde.ual.es\\\/en\\\/\"},{\"@type\":\"ListItem\",\"position\":2,\"name\":\"Noticias UE\",\"item\":\"https:\\\/\\\/www.cde.ual.es\\\/category\\\/noticias-ue\\\/\"},{\"@type\":\"ListItem\",\"position\":3,\"name\":\"Mercado \u00fanico digital: los negociadores de la UE alcanzan un acuerdo pol\u00edtico para actualizar las reglas de telecomunicaciones de la UE\"}]},{\"@type\":\"WebSite\",\"@id\":\"https:\\\/\\\/www.cde.ual.es\\\/#website\",\"url\":\"https:\\\/\\\/www.cde.ual.es\\\/\",\"name\":\"CDE Almer\u00eda - Centro de Documentaci\u00f3n Europea - Universidad de Almer\u00eda\",\"description\":\"Centro de Documentaci\u00f3n Europea de la Universidad de Almer\u00eda\",\"publisher\":{\"@id\":\"https:\\\/\\\/www.cde.ual.es\\\/#organization\"},\"alternateName\":\"CDE Almer\u00eda\",\"potentialAction\":[{\"@type\":\"SearchAction\",\"target\":{\"@type\":\"EntryPoint\",\"urlTemplate\":\"https:\\\/\\\/www.cde.ual.es\\\/?s={search_term_string}\"},\"query-input\":{\"@type\":\"PropertyValueSpecification\",\"valueRequired\":true,\"valueName\":\"search_term_string\"}}],\"inLanguage\":\"en-US\"},{\"@type\":\"Organization\",\"@id\":\"https:\\\/\\\/www.cde.ual.es\\\/#organization\",\"name\":\"Centro de Documentaci\u00f3n Europea de Almer\u00eda\",\"url\":\"https:\\\/\\\/www.cde.ual.es\\\/\",\"logo\":{\"@type\":\"ImageObject\",\"inLanguage\":\"en-US\",\"@id\":\"https:\\\/\\\/www.cde.ual.es\\\/#\\\/schema\\\/logo\\\/image\\\/\",\"url\":\"https:\\\/\\\/www.cde.ual.es\\\/wp-content\\\/uploads\\\/2025\\\/07\\\/cde-logo-3.png\",\"contentUrl\":\"https:\\\/\\\/www.cde.ual.es\\\/wp-content\\\/uploads\\\/2025\\\/07\\\/cde-logo-3.png\",\"width\":1400,\"height\":300,\"caption\":\"Centro de Documentaci\u00f3n Europea de Almer\u00eda\"},\"image\":{\"@id\":\"https:\\\/\\\/www.cde.ual.es\\\/#\\\/schema\\\/logo\\\/image\\\/\"},\"sameAs\":[\"https:\\\/\\\/www.facebook.com\\\/cdeuniversidadalmeria\\\/\",\"https:\\\/\\\/x.com\\\/cdeualmeria\",\"https:\\\/\\\/www.tiktok.com\\\/@cdealmeria\",\"https:\\\/\\\/www.instagram.com\\\/cdealmeria\\\/\",\"https:\\\/\\\/www.linkedin.com\\\/in\\\/cde-almera-812b26a9\\\/\"]},{\"@type\":\"Person\",\"@id\":\"https:\\\/\\\/www.cde.ual.es\\\/#\\\/schema\\\/person\\\/224ef08c8bcc005f319d2713ce37ee5f\",\"name\":\"AdminCDE\",\"image\":{\"@type\":\"ImageObject\",\"inLanguage\":\"en-US\",\"@id\":\"https:\\\/\\\/secure.gravatar.com\\\/avatar\\\/a72d038d371f995cd13706fac32274b7952a52e8fb0a84b5f80c85426f2a98a8?s=96&d=mm&r=g\",\"url\":\"https:\\\/\\\/secure.gravatar.com\\\/avatar\\\/a72d038d371f995cd13706fac32274b7952a52e8fb0a84b5f80c85426f2a98a8?s=96&d=mm&r=g\",\"contentUrl\":\"https:\\\/\\\/secure.gravatar.com\\\/avatar\\\/a72d038d371f995cd13706fac32274b7952a52e8fb0a84b5f80c85426f2a98a8?s=96&d=mm&r=g\",\"caption\":\"AdminCDE\"}}]}<\/script>\n<!-- \/ Yoast SEO plugin. -->","yoast_head_json":{"title":"Mercado \u00fanico digital: los negociadores de la UE alcanzan un acuerdo pol\u00edtico para actualizar las reglas de telecomunicaciones de la UE | CDE Almer\u00eda - Centro de Documentaci\u00f3n Europea - Universidad de Almer\u00eda","robots":{"index":"index","follow":"follow","max-snippet":"max-snippet:-1","max-image-preview":"max-image-preview:large","max-video-preview":"max-video-preview:-1"},"canonical":"https:\/\/www.cde.ual.es\/mercado-unico-digital-los-negociadores-de-la-ue-alcanzan-un-acuerdo-politico-para-actualizar-las-reglas-de-telecomunicaciones-de-la-ue\/","og_locale":"en_US","og_type":"article","og_title":"Mercado \u00fanico digital: los negociadores de la UE alcanzan un acuerdo pol\u00edtico para actualizar las reglas de telecomunicaciones de la UE | CDE Almer\u00eda - Centro de Documentaci\u00f3n Europea - Universidad de Almer\u00eda","og_description":"El Parlamento Europeo y el Consejo llegaron anoche a un acuerdo pol\u00edtico para actualizar las normas de telecomunicaciones de la UE. El nuevo C\u00f3digo Europeo de Comunicaciones Electr\u00f3nicas, propuesto por la Comisi\u00f3n, impulsar\u00e1 las inversiones en redes de muy alta capacidad en toda la UE, incluso en zonas remotas y rurales. El vicepresidente a cargo [&hellip;]","og_url":"https:\/\/www.cde.ual.es\/mercado-unico-digital-los-negociadores-de-la-ue-alcanzan-un-acuerdo-politico-para-actualizar-las-reglas-de-telecomunicaciones-de-la-ue\/","og_site_name":"CDE Almer\u00eda - Centro de Documentaci\u00f3n Europea - Universidad de Almer\u00eda","article_publisher":"https:\/\/www.facebook.com\/cdeuniversidadalmeria\/","article_published_time":"2018-06-06T06:45:25+00:00","article_modified_time":"2018-06-06T06:45:26+00:00","og_image":[{"width":1156,"height":772,"url":"https:\/\/www.cde.ual.es\/wp-content\/uploads\/2018\/06\/Digital-Single-Marketjpg.jpg","type":"image\/jpeg"}],"author":"AdminCDE","twitter_card":"summary_large_image","twitter_creator":"@cdeualmeria","twitter_site":"@cdeualmeria","twitter_misc":{"Written by":"AdminCDE","Est. reading time":"4 minutes"},"schema":{"@context":"https:\/\/schema.org","@graph":[{"@type":"Article","@id":"https:\/\/www.cde.ual.es\/mercado-unico-digital-los-negociadores-de-la-ue-alcanzan-un-acuerdo-politico-para-actualizar-las-reglas-de-telecomunicaciones-de-la-ue\/#article","isPartOf":{"@id":"https:\/\/www.cde.ual.es\/mercado-unico-digital-los-negociadores-de-la-ue-alcanzan-un-acuerdo-politico-para-actualizar-las-reglas-de-telecomunicaciones-de-la-ue\/"},"author":{"name":"AdminCDE","@id":"https:\/\/www.cde.ual.es\/#\/schema\/person\/224ef08c8bcc005f319d2713ce37ee5f"},"headline":"Mercado \u00fanico digital: los negociadores de la UE alcanzan un acuerdo pol\u00edtico para actualizar las reglas de telecomunicaciones de la UE","datePublished":"2018-06-06T06:45:25+00:00","dateModified":"2018-06-06T06:45:26+00:00","mainEntityOfPage":{"@id":"https:\/\/www.cde.ual.es\/mercado-unico-digital-los-negociadores-de-la-ue-alcanzan-un-acuerdo-politico-para-actualizar-las-reglas-de-telecomunicaciones-de-la-ue\/"},"wordCount":887,"commentCount":0,"publisher":{"@id":"https:\/\/www.cde.ual.es\/#organization"},"image":{"@id":"https:\/\/www.cde.ual.es\/mercado-unico-digital-los-negociadores-de-la-ue-alcanzan-un-acuerdo-politico-para-actualizar-las-reglas-de-telecomunicaciones-de-la-ue\/#primaryimage"},"thumbnailUrl":"https:\/\/www.cde.ual.es\/wp-content\/uploads\/2018\/06\/Digital-Single-Marketjpg.jpg","keywords":["Investigaci\u00f3n","Mercado en la Uni\u00f3n Europea"],"articleSection":["Noticias UE"],"inLanguage":"en-US","potentialAction":[{"@type":"CommentAction","name":"Comment","target":["https:\/\/www.cde.ual.es\/mercado-unico-digital-los-negociadores-de-la-ue-alcanzan-un-acuerdo-politico-para-actualizar-las-reglas-de-telecomunicaciones-de-la-ue\/#respond"]}]},{"@type":"WebPage","@id":"https:\/\/www.cde.ual.es\/mercado-unico-digital-los-negociadores-de-la-ue-alcanzan-un-acuerdo-politico-para-actualizar-las-reglas-de-telecomunicaciones-de-la-ue\/","url":"https:\/\/www.cde.ual.es\/mercado-unico-digital-los-negociadores-de-la-ue-alcanzan-un-acuerdo-politico-para-actualizar-las-reglas-de-telecomunicaciones-de-la-ue\/","name":"Mercado \u00fanico digital: los negociadores de la UE alcanzan un acuerdo pol\u00edtico para actualizar las reglas de telecomunicaciones de la UE | CDE Almer\u00eda - Centro de Documentaci\u00f3n Europea - Universidad de Almer\u00eda","isPartOf":{"@id":"https:\/\/www.cde.ual.es\/#website"},"primaryImageOfPage":{"@id":"https:\/\/www.cde.ual.es\/mercado-unico-digital-los-negociadores-de-la-ue-alcanzan-un-acuerdo-politico-para-actualizar-las-reglas-de-telecomunicaciones-de-la-ue\/#primaryimage"},"image":{"@id":"https:\/\/www.cde.ual.es\/mercado-unico-digital-los-negociadores-de-la-ue-alcanzan-un-acuerdo-politico-para-actualizar-las-reglas-de-telecomunicaciones-de-la-ue\/#primaryimage"},"thumbnailUrl":"https:\/\/www.cde.ual.es\/wp-content\/uploads\/2018\/06\/Digital-Single-Marketjpg.jpg","datePublished":"2018-06-06T06:45:25+00:00","dateModified":"2018-06-06T06:45:26+00:00","breadcrumb":{"@id":"https:\/\/www.cde.ual.es\/mercado-unico-digital-los-negociadores-de-la-ue-alcanzan-un-acuerdo-politico-para-actualizar-las-reglas-de-telecomunicaciones-de-la-ue\/#breadcrumb"},"inLanguage":"en-US","potentialAction":[{"@type":"ReadAction","target":["https:\/\/www.cde.ual.es\/mercado-unico-digital-los-negociadores-de-la-ue-alcanzan-un-acuerdo-politico-para-actualizar-las-reglas-de-telecomunicaciones-de-la-ue\/"]}]},{"@type":"ImageObject","inLanguage":"en-US","@id":"https:\/\/www.cde.ual.es\/mercado-unico-digital-los-negociadores-de-la-ue-alcanzan-un-acuerdo-politico-para-actualizar-las-reglas-de-telecomunicaciones-de-la-ue\/#primaryimage","url":"https:\/\/www.cde.ual.es\/wp-content\/uploads\/2018\/06\/Digital-Single-Marketjpg.jpg","contentUrl":"https:\/\/www.cde.ual.es\/wp-content\/uploads\/2018\/06\/Digital-Single-Marketjpg.jpg","width":1156,"height":772},{"@type":"BreadcrumbList","@id":"https:\/\/www.cde.ual.es\/mercado-unico-digital-los-negociadores-de-la-ue-alcanzan-un-acuerdo-politico-para-actualizar-las-reglas-de-telecomunicaciones-de-la-ue\/#breadcrumb","itemListElement":[{"@type":"ListItem","position":1,"name":"Inicio","item":"https:\/\/www.cde.ual.es\/en\/"},{"@type":"ListItem","position":2,"name":"Noticias UE","item":"https:\/\/www.cde.ual.es\/category\/noticias-ue\/"},{"@type":"ListItem","position":3,"name":"Mercado \u00fanico digital: los negociadores de la UE alcanzan un acuerdo pol\u00edtico para actualizar las reglas de telecomunicaciones de la UE"}]},{"@type":"WebSite","@id":"https:\/\/www.cde.ual.es\/#website","url":"https:\/\/www.cde.ual.es\/","name":"CDE Almer\u00eda - Centro de Documentaci\u00f3n Europea - Universidad de Almer\u00eda","description":"Centro de Documentaci\u00f3n Europea de la Universidad de Almer\u00eda","publisher":{"@id":"https:\/\/www.cde.ual.es\/#organization"},"alternateName":"CDE Almer\u00eda","potentialAction":[{"@type":"SearchAction","target":{"@type":"EntryPoint","urlTemplate":"https:\/\/www.cde.ual.es\/?s={search_term_string}"},"query-input":{"@type":"PropertyValueSpecification","valueRequired":true,"valueName":"search_term_string"}}],"inLanguage":"en-US"},{"@type":"Organization","@id":"https:\/\/www.cde.ual.es\/#organization","name":"Centro de Documentaci\u00f3n Europea de Almer\u00eda","url":"https:\/\/www.cde.ual.es\/","logo":{"@type":"ImageObject","inLanguage":"en-US","@id":"https:\/\/www.cde.ual.es\/#\/schema\/logo\/image\/","url":"https:\/\/www.cde.ual.es\/wp-content\/uploads\/2025\/07\/cde-logo-3.png","contentUrl":"https:\/\/www.cde.ual.es\/wp-content\/uploads\/2025\/07\/cde-logo-3.png","width":1400,"height":300,"caption":"Centro de Documentaci\u00f3n Europea de Almer\u00eda"},"image":{"@id":"https:\/\/www.cde.ual.es\/#\/schema\/logo\/image\/"},"sameAs":["https:\/\/www.facebook.com\/cdeuniversidadalmeria\/","https:\/\/x.com\/cdeualmeria","https:\/\/www.tiktok.com\/@cdealmeria","https:\/\/www.instagram.com\/cdealmeria\/","https:\/\/www.linkedin.com\/in\/cde-almera-812b26a9\/"]},{"@type":"Person","@id":"https:\/\/www.cde.ual.es\/#\/schema\/person\/224ef08c8bcc005f319d2713ce37ee5f","name":"AdminCDE","image":{"@type":"ImageObject","inLanguage":"en-US","@id":"https:\/\/secure.gravatar.com\/avatar\/a72d038d371f995cd13706fac32274b7952a52e8fb0a84b5f80c85426f2a98a8?s=96&d=mm&r=g","url":"https:\/\/secure.gravatar.com\/avatar\/a72d038d371f995cd13706fac32274b7952a52e8fb0a84b5f80c85426f2a98a8?s=96&d=mm&r=g","contentUrl":"https:\/\/secure.gravatar.com\/avatar\/a72d038d371f995cd13706fac32274b7952a52e8fb0a84b5f80c85426f2a98a8?s=96&d=mm&r=g","caption":"AdminCDE"}}]}},"_links":{"self":[{"href":"https:\/\/www.cde.ual.es\/en\/wp-json\/wp\/v2\/posts\/5594","targetHints":{"allow":["GET"]}}],"collection":[{"href":"https:\/\/www.cde.ual.es\/en\/wp-json\/wp\/v2\/posts"}],"about":[{"href":"https:\/\/www.cde.ual.es\/en\/wp-json\/wp\/v2\/types\/post"}],"author":[{"embeddable":true,"href":"https:\/\/www.cde.ual.es\/en\/wp-json\/wp\/v2\/users\/1"}],"replies":[{"embeddable":true,"href":"https:\/\/www.cde.ual.es\/en\/wp-json\/wp\/v2\/comments?post=5594"}],"version-history":[{"count":0,"href":"https:\/\/www.cde.ual.es\/en\/wp-json\/wp\/v2\/posts\/5594\/revisions"}],"wp:featuredmedia":[{"embeddable":true,"href":"https:\/\/www.cde.ual.es\/en\/wp-json\/wp\/v2\/media\/5597"}],"wp:attachment":[{"href":"https:\/\/www.cde.ual.es\/en\/wp-json\/wp\/v2\/media?parent=5594"}],"wp:term":[{"taxonomy":"category","embeddable":true,"href":"https:\/\/www.cde.ual.es\/en\/wp-json\/wp\/v2\/categories?post=5594"},{"taxonomy":"post_tag","embeddable":true,"href":"https:\/\/www.cde.ual.es\/en\/wp-json\/wp\/v2\/tags?post=5594"}],"curies":[{"name":"wp","href":"https:\/\/api.w.org\/{rel}","templated":true}]}}