{"id":53647,"date":"2020-10-02T03:00:09","date_gmt":"2020-10-02T01:00:09","guid":{"rendered":"https:\/\/www.cde.ual.es\/?p=53647"},"modified":"2021-11-17T10:28:22","modified_gmt":"2021-11-17T09:28:22","slug":"european-education-area-for-the-digital-age","status":"publish","type":"post","link":"https:\/\/www.cde.ual.es\/en\/european-education-area-for-the-digital-age\/","title":{"rendered":"European Education Area for the digital age"},"content":{"rendered":"<p>The Commission adopted<strong> two initiatives that will strengthen the contribution of education and training<\/strong> to the EU&#8217;s recovery from the coronavirus crisis, and help build a green and digital Europe.<\/p>\n<p><a href=\"https:\/\/www.cde.ual.es\/wp-content\/uploads\/2018\/10\/alphabet-class-conceptual-301926-e1578985446862.jpg\"><img decoding=\"async\" class=\" wp-image-9178 aligncenter\" src=\"https:\/\/www.cde.ual.es\/wp-content\/uploads\/2018\/10\/alphabet-class-conceptual-301926-300x200.jpg\" alt=\"Educaci\u00f3n y formaci\u00f3n digital UE coronavirus\" width=\"500\" height=\"333\" \/><\/a><\/p>\n<p><strong>Setting out a vision of the <\/strong><a href=\"https:\/\/ec.europa.eu\/education\/education-in-the-eu\/european-education-area_en\"><strong>European Education Area<\/strong><\/a>\u00a0to be achieved by 2025, the Commission proposes new initiatives, more investment and stronger cooperation of Member States to help all Europeans, of all ages, benefit from the EU&#8217;s rich education and training offer. The Commission also adopted a new\u00a0<a href=\"https:\/\/ec.europa.eu\/education\/education-in-the-eu\/digital-education-action-plan_en\"><strong>Digital Education Action Plan<\/strong><\/a>, reflecting lessons learned from the coronavirus crisis, and devising a plan for a high-performing digital education ecosystem with enhanced digital competences for the digital transformation.<\/p>\n<p>The\u00a0<strong>Communication on the European Education Area<\/strong>\u00a0outlines how cooperation can further enrich the quality, inclusiveness and digital and green dimension of Member State education systems. It shows how together, Member States can shape a European Education Area based on freedom for learners and teachers to learn and work across the continent and for institutions to freely associate with one another in Europe and beyond.<\/p>\n<p>The European Education Area is\u00a0<strong>underpinned by six dimensions<\/strong>: quality, inclusion and gender equality, green and digital transitions, teachers, higher education, a stronger Europe in the world. Initiatives will\u00a0<em>inter alia<\/em>\u00a0look at ways to enhance quality, notably with regard to basic and digital skills and to make school education more inclusive and gender sensitive and improve school success. They will help strengthen understanding of climate change and sustainability, foster the greening of education infrastructure, support the teaching profession, further roll out European Universities and enhance connectivity among education and training institutions.<\/p>\n<p>The Communication sets out the means and milestones to achieve the European Education Area by 2025, supported by\u00a0<strong>Europe&#8217;s Recovery Plan (NextGenerationEU)<\/strong>\u00a0and the\u00a0<strong>Erasmus+ Programme<\/strong>. In addition, it proposes a framework for cooperation with Member States and engagement with education stakeholders, including a reporting and analysis structure, with agreed education targets, to encourage and track reforms. Efforts to establish the European Education Area will work in synergy with the\u00a0<strong>European Skills Agenda<\/strong>, the renewed\u00a0<strong>Vocational Education and Training policy<\/strong>\u00a0and the\u00a0<strong>European Research Area<\/strong>.<\/p>\n<p>The\u00a0<strong>Digital Education Action Plan (2021-2027)<\/strong>\u00a0proposes a set of initiatives for high\u2011quality, inclusive and accessible digital education in Europe. It is a call to action for stronger cooperation between Member States at European level, as well as with and between stakeholders, to make education and training systems truly fit for the digital age. The coronavirus crisis has put distance learning at the centre of education practices. This has shed light on the pressing need to improve digital education, as a key strategic objective for high-quality teaching and learning in the digital age. As we move beyond the emergency phase imposed by the outbreak of the pandemic, we need a strategic and longer-term approach to digital education and training.<\/p>\n<p>The Action Plan has\u00a0<strong>two long-term strategic priorities<\/strong>: (i) fostering the development of a\u00a0<strong>high-performing digital education ecosystem<\/strong>\u00a0and (ii)\u00a0<strong>enhancing digital competences<\/strong>\u00a0for the digital transformation. In order to strengthen the cooperation and exchange in digital education at EU level, the Commission will create a European Digital Education Hub, which will foster collaboration and synergies between policy areas relevant to digital education, create a network of national advisory services and strengthen the dialogue between stakeholders from the public and private sector.<\/p>\n<h3>More information<\/h3>\n<p><a href=\"https:\/\/ec.europa.eu\/commission\/presscorner\/detail\/en\/ip_20_1743\">Full news<\/a><\/p>\n<p><a href=\"https:\/\/ec.europa.eu\/education\/education-in-the-eu\/european-education-area_en\">European Education Area<\/a><\/p>\n<p><a href=\"https:\/\/ec.europa.eu\/education\/education-in-the-eu\/digital-education-action-plan_en\">Digital Education Action Plan<\/a><\/p>\n","protected":false},"excerpt":{"rendered":"<p>The Commission adopted two initiatives that will strengthen the contribution of education and training to the EU&#8217;s recovery from the coronavirus crisis, and help build a green and digital Europe. Setting out a vision of the European Education Area\u00a0to be achieved by 2025, the Commission proposes new initiatives, more investment and stronger cooperation of Member [&hellip;]<\/p>\n","protected":false},"author":101012,"featured_media":51797,"comment_status":"open","ping_status":"open","sticky":false,"template":"","format":"standard","meta":{"_acf_changed":false,"_relevanssi_hide_post":"","_relevanssi_hide_content":"","_relevanssi_pin_for_all":"","_relevanssi_pin_keywords":"","_relevanssi_unpin_keywords":"","_relevanssi_related_keywords":"","_relevanssi_related_include_ids":"","_relevanssi_related_exclude_ids":"","_relevanssi_related_no_append":"","_relevanssi_related_not_related":"","_relevanssi_related_posts":"","_relevanssi_noindex_reason":"","_monsterinsights_skip_tracking":false,"_monsterinsights_sitenote_active":false,"_monsterinsights_sitenote_note":"","_monsterinsights_sitenote_category":0,"_genesis_hide_title":false,"_genesis_hide_breadcrumbs":false,"_genesis_hide_singular_image":false,"_genesis_hide_footer_widgets":false,"_genesis_custom_body_class":"","_genesis_custom_post_class":"","_genesis_layout":"","footnotes":""},"categories":[4071,346,4074],"tags":[353,449],"class_list":{"0":"post-53647","1":"post","2":"type-post","3":"status-publish","4":"format-standard","5":"has-post-thumbnail","7":"category-education-culture","8":"category-eu-news","9":"category-teaching","10":"tag-educacion-en","11":"tag-education","12":"entry"},"acf":[],"yoast_head":"<!-- This site is optimized with the Yoast SEO plugin v27.5 - https:\/\/yoast.com\/product\/yoast-seo-wordpress\/ -->\n<title>European Education Area for the digital age | CDE Almer\u00eda - Centro de Documentaci\u00f3n Europea - Universidad de Almer\u00eda<\/title>\n<meta name=\"robots\" content=\"index, follow, max-snippet:-1, max-image-preview:large, max-video-preview:-1\" \/>\n<link rel=\"canonical\" href=\"https:\/\/www.cde.ual.es\/en\/european-education-area-for-the-digital-age\/\" \/>\n<meta property=\"og:locale\" content=\"en_US\" \/>\n<meta property=\"og:type\" content=\"article\" \/>\n<meta property=\"og:title\" content=\"European Education Area for the digital age | CDE Almer\u00eda - Centro de Documentaci\u00f3n Europea - Universidad de Almer\u00eda\" \/>\n<meta property=\"og:description\" content=\"The Commission adopted two initiatives that will strengthen the contribution of education and training to the EU&#8217;s recovery from the coronavirus crisis, and help build a green and digital Europe. Setting out a vision of the European Education Area\u00a0to be achieved by 2025, the Commission proposes new initiatives, more investment and stronger cooperation of Member [&hellip;]\" \/>\n<meta property=\"og:url\" content=\"https:\/\/www.cde.ual.es\/en\/european-education-area-for-the-digital-age\/\" \/>\n<meta property=\"og:site_name\" content=\"CDE Almer\u00eda - Centro de Documentaci\u00f3n Europea - Universidad de Almer\u00eda\" \/>\n<meta property=\"article:publisher\" content=\"https:\/\/www.facebook.com\/cdeuniversidadalmeria\/\" \/>\n<meta property=\"article:published_time\" content=\"2020-10-02T01:00:09+00:00\" \/>\n<meta property=\"article:modified_time\" content=\"2021-11-17T09:28:22+00:00\" \/>\n<meta property=\"og:image\" content=\"https:\/\/www.cde.ual.es\/wp-content\/uploads\/2020\/09\/kids-girl-pencil-drawing-159823.jpeg\" \/>\n\t<meta property=\"og:image:width\" content=\"600\" \/>\n\t<meta property=\"og:image:height\" content=\"400\" \/>\n\t<meta property=\"og:image:type\" content=\"image\/jpeg\" \/>\n<meta name=\"author\" content=\"BECACDE1\" \/>\n<meta name=\"twitter:card\" content=\"summary_large_image\" \/>\n<meta name=\"twitter:creator\" content=\"@cdeualmeria\" \/>\n<meta name=\"twitter:site\" content=\"@cdeualmeria\" \/>\n<meta name=\"twitter:label1\" content=\"Written by\" \/>\n\t<meta name=\"twitter:data1\" content=\"BECACDE1\" \/>\n\t<meta name=\"twitter:label2\" content=\"Est. reading time\" \/>\n\t<meta name=\"twitter:data2\" content=\"3 minutes\" \/>\n<script type=\"application\/ld+json\" class=\"yoast-schema-graph\">{\"@context\":\"https:\\\/\\\/schema.org\",\"@graph\":[{\"@type\":\"Article\",\"@id\":\"https:\\\/\\\/www.cde.ual.es\\\/en\\\/european-education-area-for-the-digital-age\\\/#article\",\"isPartOf\":{\"@id\":\"https:\\\/\\\/www.cde.ual.es\\\/en\\\/european-education-area-for-the-digital-age\\\/\"},\"author\":{\"name\":\"BECACDE1\",\"@id\":\"https:\\\/\\\/www.cde.ual.es\\\/#\\\/schema\\\/person\\\/bf2f837cf3353e2161fe1087adbd728f\"},\"headline\":\"European Education Area for the digital age\",\"datePublished\":\"2020-10-02T01:00:09+00:00\",\"dateModified\":\"2021-11-17T09:28:22+00:00\",\"mainEntityOfPage\":{\"@id\":\"https:\\\/\\\/www.cde.ual.es\\\/en\\\/european-education-area-for-the-digital-age\\\/\"},\"wordCount\":571,\"commentCount\":0,\"publisher\":{\"@id\":\"https:\\\/\\\/www.cde.ual.es\\\/#organization\"},\"image\":{\"@id\":\"https:\\\/\\\/www.cde.ual.es\\\/en\\\/european-education-area-for-the-digital-age\\\/#primaryimage\"},\"thumbnailUrl\":\"https:\\\/\\\/www.cde.ual.es\\\/wp-content\\\/uploads\\\/2020\\\/09\\\/kids-girl-pencil-drawing-159823.jpeg\",\"keywords\":[\"Educaci\u00f3n\",\"education\"],\"articleSection\":[\"Education and Culture\",\"EU News\",\"Teaching and Education\"],\"inLanguage\":\"en-US\",\"potentialAction\":[{\"@type\":\"CommentAction\",\"name\":\"Comment\",\"target\":[\"https:\\\/\\\/www.cde.ual.es\\\/en\\\/european-education-area-for-the-digital-age\\\/#respond\"]}]},{\"@type\":\"WebPage\",\"@id\":\"https:\\\/\\\/www.cde.ual.es\\\/en\\\/european-education-area-for-the-digital-age\\\/\",\"url\":\"https:\\\/\\\/www.cde.ual.es\\\/en\\\/european-education-area-for-the-digital-age\\\/\",\"name\":\"European Education Area for the digital age | CDE Almer\u00eda - Centro de Documentaci\u00f3n Europea - Universidad de Almer\u00eda\",\"isPartOf\":{\"@id\":\"https:\\\/\\\/www.cde.ual.es\\\/#website\"},\"primaryImageOfPage\":{\"@id\":\"https:\\\/\\\/www.cde.ual.es\\\/en\\\/european-education-area-for-the-digital-age\\\/#primaryimage\"},\"image\":{\"@id\":\"https:\\\/\\\/www.cde.ual.es\\\/en\\\/european-education-area-for-the-digital-age\\\/#primaryimage\"},\"thumbnailUrl\":\"https:\\\/\\\/www.cde.ual.es\\\/wp-content\\\/uploads\\\/2020\\\/09\\\/kids-girl-pencil-drawing-159823.jpeg\",\"datePublished\":\"2020-10-02T01:00:09+00:00\",\"dateModified\":\"2021-11-17T09:28:22+00:00\",\"breadcrumb\":{\"@id\":\"https:\\\/\\\/www.cde.ual.es\\\/en\\\/european-education-area-for-the-digital-age\\\/#breadcrumb\"},\"inLanguage\":\"en-US\",\"potentialAction\":[{\"@type\":\"ReadAction\",\"target\":[\"https:\\\/\\\/www.cde.ual.es\\\/en\\\/european-education-area-for-the-digital-age\\\/\"]}]},{\"@type\":\"ImageObject\",\"inLanguage\":\"en-US\",\"@id\":\"https:\\\/\\\/www.cde.ual.es\\\/en\\\/european-education-area-for-the-digital-age\\\/#primaryimage\",\"url\":\"https:\\\/\\\/www.cde.ual.es\\\/wp-content\\\/uploads\\\/2020\\\/09\\\/kids-girl-pencil-drawing-159823.jpeg\",\"contentUrl\":\"https:\\\/\\\/www.cde.ual.es\\\/wp-content\\\/uploads\\\/2020\\\/09\\\/kids-girl-pencil-drawing-159823.jpeg\",\"width\":600,\"height\":400,\"caption\":\"educaci\u00f3n y formaci\u00f3n digital\"},{\"@type\":\"BreadcrumbList\",\"@id\":\"https:\\\/\\\/www.cde.ual.es\\\/en\\\/european-education-area-for-the-digital-age\\\/#breadcrumb\",\"itemListElement\":[{\"@type\":\"ListItem\",\"position\":1,\"name\":\"Inicio\",\"item\":\"https:\\\/\\\/www.cde.ual.es\\\/en\\\/\"},{\"@type\":\"ListItem\",\"position\":2,\"name\":\"EU News\",\"item\":\"https:\\\/\\\/www.cde.ual.es\\\/en\\\/category\\\/eu-news\\\/\"},{\"@type\":\"ListItem\",\"position\":3,\"name\":\"Education and Culture\",\"item\":\"https:\\\/\\\/www.cde.ual.es\\\/en\\\/category\\\/eu-news\\\/education-culture\\\/\"},{\"@type\":\"ListItem\",\"position\":4,\"name\":\"Teaching and Education\",\"item\":\"https:\\\/\\\/www.cde.ual.es\\\/en\\\/category\\\/eu-news\\\/education-culture\\\/teaching\\\/\"},{\"@type\":\"ListItem\",\"position\":5,\"name\":\"European Education Area for the digital age\"}]},{\"@type\":\"WebSite\",\"@id\":\"https:\\\/\\\/www.cde.ual.es\\\/#website\",\"url\":\"https:\\\/\\\/www.cde.ual.es\\\/\",\"name\":\"CDE Almer\u00eda - Centro de Documentaci\u00f3n Europea - Universidad de Almer\u00eda\",\"description\":\"Centro de Documentaci\u00f3n Europea de la Universidad de Almer\u00eda\",\"publisher\":{\"@id\":\"https:\\\/\\\/www.cde.ual.es\\\/#organization\"},\"alternateName\":\"CDE Almer\u00eda\",\"potentialAction\":[{\"@type\":\"SearchAction\",\"target\":{\"@type\":\"EntryPoint\",\"urlTemplate\":\"https:\\\/\\\/www.cde.ual.es\\\/?s={search_term_string}\"},\"query-input\":{\"@type\":\"PropertyValueSpecification\",\"valueRequired\":true,\"valueName\":\"search_term_string\"}}],\"inLanguage\":\"en-US\"},{\"@type\":\"Organization\",\"@id\":\"https:\\\/\\\/www.cde.ual.es\\\/#organization\",\"name\":\"Centro de Documentaci\u00f3n Europea de Almer\u00eda\",\"url\":\"https:\\\/\\\/www.cde.ual.es\\\/\",\"logo\":{\"@type\":\"ImageObject\",\"inLanguage\":\"en-US\",\"@id\":\"https:\\\/\\\/www.cde.ual.es\\\/#\\\/schema\\\/logo\\\/image\\\/\",\"url\":\"https:\\\/\\\/www.cde.ual.es\\\/wp-content\\\/uploads\\\/2025\\\/07\\\/cde-logo-3.png\",\"contentUrl\":\"https:\\\/\\\/www.cde.ual.es\\\/wp-content\\\/uploads\\\/2025\\\/07\\\/cde-logo-3.png\",\"width\":1400,\"height\":300,\"caption\":\"Centro de Documentaci\u00f3n Europea de Almer\u00eda\"},\"image\":{\"@id\":\"https:\\\/\\\/www.cde.ual.es\\\/#\\\/schema\\\/logo\\\/image\\\/\"},\"sameAs\":[\"https:\\\/\\\/www.facebook.com\\\/cdeuniversidadalmeria\\\/\",\"https:\\\/\\\/x.com\\\/cdeualmeria\",\"https:\\\/\\\/www.tiktok.com\\\/@cdealmeria\",\"https:\\\/\\\/www.instagram.com\\\/cdealmeria\\\/\",\"https:\\\/\\\/www.linkedin.com\\\/in\\\/cde-almera-812b26a9\\\/\"]},{\"@type\":\"Person\",\"@id\":\"https:\\\/\\\/www.cde.ual.es\\\/#\\\/schema\\\/person\\\/bf2f837cf3353e2161fe1087adbd728f\",\"name\":\"BECACDE1\",\"image\":{\"@type\":\"ImageObject\",\"inLanguage\":\"en-US\",\"@id\":\"https:\\\/\\\/secure.gravatar.com\\\/avatar\\\/16a4c1e422b5dec818ee13eab3353b19db9cfd278cc10f9b0e1188a37671d9d4?s=96&d=mm&r=g\",\"url\":\"https:\\\/\\\/secure.gravatar.com\\\/avatar\\\/16a4c1e422b5dec818ee13eab3353b19db9cfd278cc10f9b0e1188a37671d9d4?s=96&d=mm&r=g\",\"contentUrl\":\"https:\\\/\\\/secure.gravatar.com\\\/avatar\\\/16a4c1e422b5dec818ee13eab3353b19db9cfd278cc10f9b0e1188a37671d9d4?s=96&d=mm&r=g\",\"caption\":\"BECACDE1\"},\"sameAs\":[\"http:\\\/\\\/www.cdealmeria.com\"]}]}<\/script>\n<!-- \/ Yoast SEO plugin. -->","yoast_head_json":{"title":"European Education Area for the digital age | CDE Almer\u00eda - Centro de Documentaci\u00f3n Europea - Universidad de Almer\u00eda","robots":{"index":"index","follow":"follow","max-snippet":"max-snippet:-1","max-image-preview":"max-image-preview:large","max-video-preview":"max-video-preview:-1"},"canonical":"https:\/\/www.cde.ual.es\/en\/european-education-area-for-the-digital-age\/","og_locale":"en_US","og_type":"article","og_title":"European Education Area for the digital age | CDE Almer\u00eda - Centro de Documentaci\u00f3n Europea - Universidad de Almer\u00eda","og_description":"The Commission adopted two initiatives that will strengthen the contribution of education and training to the EU&#8217;s recovery from the coronavirus crisis, and help build a green and digital Europe. Setting out a vision of the European Education Area\u00a0to be achieved by 2025, the Commission proposes new initiatives, more investment and stronger cooperation of Member [&hellip;]","og_url":"https:\/\/www.cde.ual.es\/en\/european-education-area-for-the-digital-age\/","og_site_name":"CDE Almer\u00eda - Centro de Documentaci\u00f3n Europea - Universidad de Almer\u00eda","article_publisher":"https:\/\/www.facebook.com\/cdeuniversidadalmeria\/","article_published_time":"2020-10-02T01:00:09+00:00","article_modified_time":"2021-11-17T09:28:22+00:00","og_image":[{"width":600,"height":400,"url":"https:\/\/www.cde.ual.es\/wp-content\/uploads\/2020\/09\/kids-girl-pencil-drawing-159823.jpeg","type":"image\/jpeg"}],"author":"BECACDE1","twitter_card":"summary_large_image","twitter_creator":"@cdeualmeria","twitter_site":"@cdeualmeria","twitter_misc":{"Written by":"BECACDE1","Est. reading time":"3 minutes"},"schema":{"@context":"https:\/\/schema.org","@graph":[{"@type":"Article","@id":"https:\/\/www.cde.ual.es\/en\/european-education-area-for-the-digital-age\/#article","isPartOf":{"@id":"https:\/\/www.cde.ual.es\/en\/european-education-area-for-the-digital-age\/"},"author":{"name":"BECACDE1","@id":"https:\/\/www.cde.ual.es\/#\/schema\/person\/bf2f837cf3353e2161fe1087adbd728f"},"headline":"European Education Area for the digital age","datePublished":"2020-10-02T01:00:09+00:00","dateModified":"2021-11-17T09:28:22+00:00","mainEntityOfPage":{"@id":"https:\/\/www.cde.ual.es\/en\/european-education-area-for-the-digital-age\/"},"wordCount":571,"commentCount":0,"publisher":{"@id":"https:\/\/www.cde.ual.es\/#organization"},"image":{"@id":"https:\/\/www.cde.ual.es\/en\/european-education-area-for-the-digital-age\/#primaryimage"},"thumbnailUrl":"https:\/\/www.cde.ual.es\/wp-content\/uploads\/2020\/09\/kids-girl-pencil-drawing-159823.jpeg","keywords":["Educaci\u00f3n","education"],"articleSection":["Education and Culture","EU News","Teaching and Education"],"inLanguage":"en-US","potentialAction":[{"@type":"CommentAction","name":"Comment","target":["https:\/\/www.cde.ual.es\/en\/european-education-area-for-the-digital-age\/#respond"]}]},{"@type":"WebPage","@id":"https:\/\/www.cde.ual.es\/en\/european-education-area-for-the-digital-age\/","url":"https:\/\/www.cde.ual.es\/en\/european-education-area-for-the-digital-age\/","name":"European Education Area for the digital age | CDE Almer\u00eda - Centro de Documentaci\u00f3n Europea - Universidad de Almer\u00eda","isPartOf":{"@id":"https:\/\/www.cde.ual.es\/#website"},"primaryImageOfPage":{"@id":"https:\/\/www.cde.ual.es\/en\/european-education-area-for-the-digital-age\/#primaryimage"},"image":{"@id":"https:\/\/www.cde.ual.es\/en\/european-education-area-for-the-digital-age\/#primaryimage"},"thumbnailUrl":"https:\/\/www.cde.ual.es\/wp-content\/uploads\/2020\/09\/kids-girl-pencil-drawing-159823.jpeg","datePublished":"2020-10-02T01:00:09+00:00","dateModified":"2021-11-17T09:28:22+00:00","breadcrumb":{"@id":"https:\/\/www.cde.ual.es\/en\/european-education-area-for-the-digital-age\/#breadcrumb"},"inLanguage":"en-US","potentialAction":[{"@type":"ReadAction","target":["https:\/\/www.cde.ual.es\/en\/european-education-area-for-the-digital-age\/"]}]},{"@type":"ImageObject","inLanguage":"en-US","@id":"https:\/\/www.cde.ual.es\/en\/european-education-area-for-the-digital-age\/#primaryimage","url":"https:\/\/www.cde.ual.es\/wp-content\/uploads\/2020\/09\/kids-girl-pencil-drawing-159823.jpeg","contentUrl":"https:\/\/www.cde.ual.es\/wp-content\/uploads\/2020\/09\/kids-girl-pencil-drawing-159823.jpeg","width":600,"height":400,"caption":"educaci\u00f3n y formaci\u00f3n digital"},{"@type":"BreadcrumbList","@id":"https:\/\/www.cde.ual.es\/en\/european-education-area-for-the-digital-age\/#breadcrumb","itemListElement":[{"@type":"ListItem","position":1,"name":"Inicio","item":"https:\/\/www.cde.ual.es\/en\/"},{"@type":"ListItem","position":2,"name":"EU News","item":"https:\/\/www.cde.ual.es\/en\/category\/eu-news\/"},{"@type":"ListItem","position":3,"name":"Education and Culture","item":"https:\/\/www.cde.ual.es\/en\/category\/eu-news\/education-culture\/"},{"@type":"ListItem","position":4,"name":"Teaching and Education","item":"https:\/\/www.cde.ual.es\/en\/category\/eu-news\/education-culture\/teaching\/"},{"@type":"ListItem","position":5,"name":"European Education Area for the digital age"}]},{"@type":"WebSite","@id":"https:\/\/www.cde.ual.es\/#website","url":"https:\/\/www.cde.ual.es\/","name":"CDE Almer\u00eda - Centro de Documentaci\u00f3n Europea - Universidad de Almer\u00eda","description":"Centro de Documentaci\u00f3n Europea de la Universidad de Almer\u00eda","publisher":{"@id":"https:\/\/www.cde.ual.es\/#organization"},"alternateName":"CDE Almer\u00eda","potentialAction":[{"@type":"SearchAction","target":{"@type":"EntryPoint","urlTemplate":"https:\/\/www.cde.ual.es\/?s={search_term_string}"},"query-input":{"@type":"PropertyValueSpecification","valueRequired":true,"valueName":"search_term_string"}}],"inLanguage":"en-US"},{"@type":"Organization","@id":"https:\/\/www.cde.ual.es\/#organization","name":"Centro de Documentaci\u00f3n Europea de Almer\u00eda","url":"https:\/\/www.cde.ual.es\/","logo":{"@type":"ImageObject","inLanguage":"en-US","@id":"https:\/\/www.cde.ual.es\/#\/schema\/logo\/image\/","url":"https:\/\/www.cde.ual.es\/wp-content\/uploads\/2025\/07\/cde-logo-3.png","contentUrl":"https:\/\/www.cde.ual.es\/wp-content\/uploads\/2025\/07\/cde-logo-3.png","width":1400,"height":300,"caption":"Centro de Documentaci\u00f3n Europea de Almer\u00eda"},"image":{"@id":"https:\/\/www.cde.ual.es\/#\/schema\/logo\/image\/"},"sameAs":["https:\/\/www.facebook.com\/cdeuniversidadalmeria\/","https:\/\/x.com\/cdeualmeria","https:\/\/www.tiktok.com\/@cdealmeria","https:\/\/www.instagram.com\/cdealmeria\/","https:\/\/www.linkedin.com\/in\/cde-almera-812b26a9\/"]},{"@type":"Person","@id":"https:\/\/www.cde.ual.es\/#\/schema\/person\/bf2f837cf3353e2161fe1087adbd728f","name":"BECACDE1","image":{"@type":"ImageObject","inLanguage":"en-US","@id":"https:\/\/secure.gravatar.com\/avatar\/16a4c1e422b5dec818ee13eab3353b19db9cfd278cc10f9b0e1188a37671d9d4?s=96&d=mm&r=g","url":"https:\/\/secure.gravatar.com\/avatar\/16a4c1e422b5dec818ee13eab3353b19db9cfd278cc10f9b0e1188a37671d9d4?s=96&d=mm&r=g","contentUrl":"https:\/\/secure.gravatar.com\/avatar\/16a4c1e422b5dec818ee13eab3353b19db9cfd278cc10f9b0e1188a37671d9d4?s=96&d=mm&r=g","caption":"BECACDE1"},"sameAs":["http:\/\/www.cdealmeria.com"]}]}},"_links":{"self":[{"href":"https:\/\/www.cde.ual.es\/en\/wp-json\/wp\/v2\/posts\/53647","targetHints":{"allow":["GET"]}}],"collection":[{"href":"https:\/\/www.cde.ual.es\/en\/wp-json\/wp\/v2\/posts"}],"about":[{"href":"https:\/\/www.cde.ual.es\/en\/wp-json\/wp\/v2\/types\/post"}],"author":[{"embeddable":true,"href":"https:\/\/www.cde.ual.es\/en\/wp-json\/wp\/v2\/users\/101012"}],"replies":[{"embeddable":true,"href":"https:\/\/www.cde.ual.es\/en\/wp-json\/wp\/v2\/comments?post=53647"}],"version-history":[{"count":0,"href":"https:\/\/www.cde.ual.es\/en\/wp-json\/wp\/v2\/posts\/53647\/revisions"}],"wp:featuredmedia":[{"embeddable":true,"href":"https:\/\/www.cde.ual.es\/en\/wp-json\/wp\/v2\/media\/51797"}],"wp:attachment":[{"href":"https:\/\/www.cde.ual.es\/en\/wp-json\/wp\/v2\/media?parent=53647"}],"wp:term":[{"taxonomy":"category","embeddable":true,"href":"https:\/\/www.cde.ual.es\/en\/wp-json\/wp\/v2\/categories?post=53647"},{"taxonomy":"post_tag","embeddable":true,"href":"https:\/\/www.cde.ual.es\/en\/wp-json\/wp\/v2\/tags?post=53647"}],"curies":[{"name":"wp","href":"https:\/\/api.w.org\/{rel}","templated":true}]}}