{"id":53374,"date":"2020-09-30T03:00:43","date_gmt":"2020-09-30T01:00:43","guid":{"rendered":"https:\/\/www.cde.ual.es\/?p=53374"},"modified":"2021-11-17T11:11:00","modified_gmt":"2021-11-17T10:11:00","slug":"the-tjue-agrees-with-messi-and-endorses-the-registration-of-his-trademark","status":"publish","type":"post","link":"https:\/\/www.cde.ual.es\/en\/the-tjue-agrees-with-messi-and-endorses-the-registration-of-his-trademark\/","title":{"rendered":"The TJUE agrees with Messi and endorses the registration of his trademark"},"content":{"rendered":"<p style=\"text-align: center;\"><strong>The Court of Justice dismisses the appeals brought by EUIPO and a Spanish company against the judgment of the General Court authorising football player Lionel Messi to register the trade mark \u2018MESSI\u2019 for sports equipment and clothing<\/strong><\/p>\n<p>In August 2011, the footballer Lionel Andr\u00e9s Messi Cuccittini filed an application with the European Union Intellectual Property Office (EUIPO) for registration of the following figurative sign as an EU trade mark, inter alia for sports and gymnastics clothing, footwear and equipment:<\/p>\n<p><a href=\"https:\/\/www.cde.ual.es\/wp-content\/uploads\/2020\/09\/Messi-Marca.png\"><img decoding=\"async\" class=\"aligncenter size-full wp-image-53365\" src=\"https:\/\/www.cde.ual.es\/wp-content\/uploads\/2020\/09\/Messi-Marca.png\" alt=\"\" width=\"198\" height=\"194\" \/><\/a><\/p>\n<p>In November 2011, Mr Jaime Masferrer Coma filed a notice of opposition to the registration of the mark applied for by Mr Messi Cuccittini, alleging a likelihood of confusion with the EU word marks MASSI, registered, inter alia, for clothing, footwear, cycling helmets, protective clothing and gloves (the rights to those marks were transferred in May 2012 to the Spanish company J.M.-E.V. e hijos). In 2013, EUIPO upheld the opposition. Mr Messi Cuccittini lodged an appeal with EUIPO against that decision. In April 2014, EUIPO dismissed the appeal, due, essentially, to a likelihood of confusion between the signs MASSI and MESSI. Mr Messi Cuccittini then brought an action before the General Court of the European Union for annulment of EUIPO\u2019s decision. By its judgment of 26 April 2018, the General Court annulled that decision, considering that the football player\u2019s reputation counteracted the visual and phonetic similarities between the two signs and excluded any likelihood of confusion.<\/p>\n<h3><strong>EUIPO and the company J.M.-E.V. e hijos lodged appeals against the judgment of the General Court.<\/strong><\/h3>\n<p>In its judgment, <strong>the Court of Justice dismisses both appeals<\/strong>.<\/p>\n<p>EUIPO (Case C-449\/18 P) objected to the General Court having relied only on the perception of a significant part of the relevant public in order to rule out a likelihood of confusion. The Court of Justice considers, however, that the <strong>General Court did indeed take into account the perception of the marks MASSI and MESSI by the whole of the relevant public<\/strong> before ruling that EUIPO had been wrong to conclude that use of the MESSI mark for the goods at issue could give rise to a likelihood of confusion with the MASSI marks on the part of the relevant public.<\/p>\n<p>J.M.-E.V. e hijos (C-474\/18 P) claimed that the General Court had erred in law in having considered that, when assessing the likelihood of confusion, account should be taken of the reputation of the person, in this case Mr Messi Cuccittini, whose name is the subject of an application for an EU trade mark. The Court of Justice observes that, just like the reputation of the earlier mark, <strong>the possible reputation of the person who is applying for his name to be registered as a trade mark is one of the relevant factors for the purposes of assessing the likelihood of confusion<\/strong>, in so far as that reputation may influence the relevant public\u2019s perception of the mark. <strong>The General Court did not therefore err in considering that Mr Messi Cuccittini\u2019s reputation constituted a relevant factor for the purposes of establishing a conceptual difference between the terms \u2018messi\u2019 and \u2018massi\u2019.<\/strong><\/p>\n<p>The Court also observes that, contrary to the Spanish company\u2019s assertion, <strong>the question of the reputation enjoyed by Mr Messi Cuccittini had already been in issue in the proceedings before EUIPO<\/strong>. It adds that the arguments relied on at the stage of the action before the General Court, which consist only of stating well-known facts, are not considered to be new, so <strong>the General Court was correct to find that, given that the reputation of the name Messi, as the family name of a football player who is famous throughout the world and as a public figure, constituted a well-known fact<\/strong>, that is to say a fact that is likely to be known by any person or that may be ascertained from generally accessible sources, those sources were matters that were <strong>available to EUIPO at the time it adopted its decision and which it should have taken into account in its assessment of the conceptual similarity of the signs MASSI and MESSI. <\/strong><\/p>\n<p>Lastly, the Court considers that <strong>the arguments of J.M.-E.V. e hijos to the effect that the General Court erred in applying the case-law flowing from the judgment in RuizPicasso and Others v OHIM 4 are based on a misreading of that judgment<\/strong>. Indeed, the existence of an earlier, well-known mark cited in support of an opposition does not constitute a condition for application of that case-law. The Court notes that the assessment aiming to establish whether a sign has a clear and established meaning as far as the public is concerned may, therefore, relate as much to the sign constituting the earlier mark (in this case MASSI) as it does to the sign corresponding to the mark applied for (in this case MESSI). It follows that, <strong>having noted that the relevant public perceived the signs MASSI and MESSI as being conceptually different, the General Court could rightly apply that case-law.<\/strong><\/p>\n<h3>More information<\/h3>\n<p><a href=\"https:\/\/curia.europa.eu\/jcms\/upload\/docs\/application\/pdf\/2020-09\/cp200108en.pdf\">Curia. Press Release<\/a><\/p>\n","protected":false},"excerpt":{"rendered":"<p>The Court of Justice dismisses the appeals brought by EUIPO and a Spanish company against the judgment of the General Court authorising football player Lionel Messi to register the trade mark \u2018MESSI\u2019 for sports equipment and clothing In August 2011, the footballer Lionel Andr\u00e9s Messi Cuccittini filed an application with the European Union Intellectual Property [&hellip;]<\/p>\n","protected":false},"author":101011,"featured_media":13566,"comment_status":"open","ping_status":"open","sticky":false,"template":"","format":"standard","meta":{"_acf_changed":false,"_relevanssi_hide_post":"","_relevanssi_hide_content":"","_relevanssi_pin_for_all":"","_relevanssi_pin_keywords":"","_relevanssi_unpin_keywords":"","_relevanssi_related_keywords":"","_relevanssi_related_include_ids":"","_relevanssi_related_exclude_ids":"","_relevanssi_related_no_append":"","_relevanssi_related_not_related":"","_relevanssi_related_posts":"","_relevanssi_noindex_reason":"","_monsterinsights_skip_tracking":false,"_monsterinsights_sitenote_active":false,"_monsterinsights_sitenote_note":"","_monsterinsights_sitenote_category":0,"_genesis_hide_title":false,"_genesis_hide_breadcrumbs":false,"_genesis_hide_singular_image":false,"_genesis_hide_footer_widgets":false,"_genesis_custom_body_class":"","_genesis_custom_post_class":"","_genesis_layout":"","footnotes":""},"categories":[346,4080,4079],"tags":[858,904,2241],"class_list":{"0":"post-53374","1":"post","2":"type-post","3":"status-publish","4":"format-standard","5":"has-post-thumbnail","7":"category-eu-news","8":"category-jurisprudence","9":"category-law","10":"tag-curia-en","11":"tag-judgment","12":"tag-messi-en","13":"entry"},"acf":[],"yoast_head":"<!-- This site is optimized with the Yoast SEO plugin v27.5 - https:\/\/yoast.com\/product\/yoast-seo-wordpress\/ -->\n<title>The TJUE agrees with Messi and endorses the registration of his trademark | CDE Almer\u00eda - Centro de Documentaci\u00f3n Europea - Universidad de Almer\u00eda<\/title>\n<meta name=\"robots\" content=\"index, follow, max-snippet:-1, max-image-preview:large, max-video-preview:-1\" \/>\n<link rel=\"canonical\" href=\"https:\/\/www.cde.ual.es\/en\/the-tjue-agrees-with-messi-and-endorses-the-registration-of-his-trademark\/\" \/>\n<meta property=\"og:locale\" content=\"en_US\" \/>\n<meta property=\"og:type\" content=\"article\" \/>\n<meta property=\"og:title\" content=\"The TJUE agrees with Messi and endorses the registration of his trademark | CDE Almer\u00eda - Centro de Documentaci\u00f3n Europea - Universidad de Almer\u00eda\" \/>\n<meta property=\"og:description\" content=\"The Court of Justice dismisses the appeals brought by EUIPO and a Spanish company against the judgment of the General Court authorising football player Lionel Messi to register the trade mark \u2018MESSI\u2019 for sports equipment and clothing In August 2011, the footballer Lionel Andr\u00e9s Messi Cuccittini filed an application with the European Union Intellectual Property [&hellip;]\" \/>\n<meta property=\"og:url\" content=\"https:\/\/www.cde.ual.es\/en\/the-tjue-agrees-with-messi-and-endorses-the-registration-of-his-trademark\/\" \/>\n<meta property=\"og:site_name\" content=\"CDE Almer\u00eda - Centro de Documentaci\u00f3n Europea - Universidad de Almer\u00eda\" \/>\n<meta property=\"article:publisher\" content=\"https:\/\/www.facebook.com\/cdeuniversidadalmeria\/\" \/>\n<meta property=\"article:published_time\" content=\"2020-09-30T01:00:43+00:00\" \/>\n<meta property=\"article:modified_time\" content=\"2021-11-17T10:11:00+00:00\" \/>\n<meta property=\"og:image\" content=\"https:\/\/www.cde.ual.es\/wp-content\/uploads\/2018\/04\/Tribunal-Justicia-Union-Europea.jpg\" \/>\n\t<meta property=\"og:image:width\" content=\"1280\" \/>\n\t<meta property=\"og:image:height\" content=\"718\" \/>\n\t<meta property=\"og:image:type\" content=\"image\/jpeg\" \/>\n<meta name=\"author\" content=\"BECA 2 CDE\" \/>\n<meta name=\"twitter:card\" content=\"summary_large_image\" \/>\n<meta name=\"twitter:creator\" content=\"@cdeualmeria\" \/>\n<meta name=\"twitter:site\" content=\"@cdeualmeria\" \/>\n<meta name=\"twitter:label1\" content=\"Written by\" \/>\n\t<meta name=\"twitter:data1\" content=\"BECA 2 CDE\" \/>\n\t<meta name=\"twitter:label2\" content=\"Est. reading time\" \/>\n\t<meta name=\"twitter:data2\" content=\"4 minutes\" \/>\n<script type=\"application\/ld+json\" class=\"yoast-schema-graph\">{\"@context\":\"https:\\\/\\\/schema.org\",\"@graph\":[{\"@type\":\"Article\",\"@id\":\"https:\\\/\\\/www.cde.ual.es\\\/en\\\/the-tjue-agrees-with-messi-and-endorses-the-registration-of-his-trademark\\\/#article\",\"isPartOf\":{\"@id\":\"https:\\\/\\\/www.cde.ual.es\\\/en\\\/the-tjue-agrees-with-messi-and-endorses-the-registration-of-his-trademark\\\/\"},\"author\":{\"name\":\"BECA 2 CDE\",\"@id\":\"https:\\\/\\\/www.cde.ual.es\\\/#\\\/schema\\\/person\\\/ee46ebc19edfa19598c02cff83335acc\"},\"headline\":\"The TJUE agrees with Messi and endorses the registration of his trademark\",\"datePublished\":\"2020-09-30T01:00:43+00:00\",\"dateModified\":\"2021-11-17T10:11:00+00:00\",\"mainEntityOfPage\":{\"@id\":\"https:\\\/\\\/www.cde.ual.es\\\/en\\\/the-tjue-agrees-with-messi-and-endorses-the-registration-of-his-trademark\\\/\"},\"wordCount\":849,\"commentCount\":0,\"publisher\":{\"@id\":\"https:\\\/\\\/www.cde.ual.es\\\/#organization\"},\"image\":{\"@id\":\"https:\\\/\\\/www.cde.ual.es\\\/en\\\/the-tjue-agrees-with-messi-and-endorses-the-registration-of-his-trademark\\\/#primaryimage\"},\"thumbnailUrl\":\"https:\\\/\\\/www.cde.ual.es\\\/wp-content\\\/uploads\\\/2018\\\/04\\\/Tribunal-Justicia-Union-Europea.jpg\",\"keywords\":[\"Curia\",\"judgment\",\"Messi\"],\"articleSection\":[\"EU News\",\"Jurisprudence\",\"Law\"],\"inLanguage\":\"en-US\",\"potentialAction\":[{\"@type\":\"CommentAction\",\"name\":\"Comment\",\"target\":[\"https:\\\/\\\/www.cde.ual.es\\\/en\\\/the-tjue-agrees-with-messi-and-endorses-the-registration-of-his-trademark\\\/#respond\"]}]},{\"@type\":\"WebPage\",\"@id\":\"https:\\\/\\\/www.cde.ual.es\\\/en\\\/the-tjue-agrees-with-messi-and-endorses-the-registration-of-his-trademark\\\/\",\"url\":\"https:\\\/\\\/www.cde.ual.es\\\/en\\\/the-tjue-agrees-with-messi-and-endorses-the-registration-of-his-trademark\\\/\",\"name\":\"The TJUE agrees with Messi and endorses the registration of his trademark | CDE Almer\u00eda - Centro de Documentaci\u00f3n Europea - Universidad de Almer\u00eda\",\"isPartOf\":{\"@id\":\"https:\\\/\\\/www.cde.ual.es\\\/#website\"},\"primaryImageOfPage\":{\"@id\":\"https:\\\/\\\/www.cde.ual.es\\\/en\\\/the-tjue-agrees-with-messi-and-endorses-the-registration-of-his-trademark\\\/#primaryimage\"},\"image\":{\"@id\":\"https:\\\/\\\/www.cde.ual.es\\\/en\\\/the-tjue-agrees-with-messi-and-endorses-the-registration-of-his-trademark\\\/#primaryimage\"},\"thumbnailUrl\":\"https:\\\/\\\/www.cde.ual.es\\\/wp-content\\\/uploads\\\/2018\\\/04\\\/Tribunal-Justicia-Union-Europea.jpg\",\"datePublished\":\"2020-09-30T01:00:43+00:00\",\"dateModified\":\"2021-11-17T10:11:00+00:00\",\"breadcrumb\":{\"@id\":\"https:\\\/\\\/www.cde.ual.es\\\/en\\\/the-tjue-agrees-with-messi-and-endorses-the-registration-of-his-trademark\\\/#breadcrumb\"},\"inLanguage\":\"en-US\",\"potentialAction\":[{\"@type\":\"ReadAction\",\"target\":[\"https:\\\/\\\/www.cde.ual.es\\\/en\\\/the-tjue-agrees-with-messi-and-endorses-the-registration-of-his-trademark\\\/\"]}]},{\"@type\":\"ImageObject\",\"inLanguage\":\"en-US\",\"@id\":\"https:\\\/\\\/www.cde.ual.es\\\/en\\\/the-tjue-agrees-with-messi-and-endorses-the-registration-of-his-trademark\\\/#primaryimage\",\"url\":\"https:\\\/\\\/www.cde.ual.es\\\/wp-content\\\/uploads\\\/2018\\\/04\\\/Tribunal-Justicia-Union-Europea.jpg\",\"contentUrl\":\"https:\\\/\\\/www.cde.ual.es\\\/wp-content\\\/uploads\\\/2018\\\/04\\\/Tribunal-Justicia-Union-Europea.jpg\",\"width\":1280,\"height\":718,\"caption\":\"Junqueras\"},{\"@type\":\"BreadcrumbList\",\"@id\":\"https:\\\/\\\/www.cde.ual.es\\\/en\\\/the-tjue-agrees-with-messi-and-endorses-the-registration-of-his-trademark\\\/#breadcrumb\",\"itemListElement\":[{\"@type\":\"ListItem\",\"position\":1,\"name\":\"Inicio\",\"item\":\"https:\\\/\\\/www.cde.ual.es\\\/en\\\/\"},{\"@type\":\"ListItem\",\"position\":2,\"name\":\"EU News\",\"item\":\"https:\\\/\\\/www.cde.ual.es\\\/en\\\/category\\\/eu-news\\\/\"},{\"@type\":\"ListItem\",\"position\":3,\"name\":\"Law\",\"item\":\"https:\\\/\\\/www.cde.ual.es\\\/en\\\/category\\\/eu-news\\\/law\\\/\"},{\"@type\":\"ListItem\",\"position\":4,\"name\":\"Jurisprudence\",\"item\":\"https:\\\/\\\/www.cde.ual.es\\\/en\\\/category\\\/eu-news\\\/law\\\/jurisprudence\\\/\"},{\"@type\":\"ListItem\",\"position\":5,\"name\":\"The TJUE agrees with Messi and endorses the registration of his trademark\"}]},{\"@type\":\"WebSite\",\"@id\":\"https:\\\/\\\/www.cde.ual.es\\\/#website\",\"url\":\"https:\\\/\\\/www.cde.ual.es\\\/\",\"name\":\"CDE Almer\u00eda - Centro de Documentaci\u00f3n Europea - Universidad de Almer\u00eda\",\"description\":\"Centro de Documentaci\u00f3n Europea de la Universidad de Almer\u00eda\",\"publisher\":{\"@id\":\"https:\\\/\\\/www.cde.ual.es\\\/#organization\"},\"alternateName\":\"CDE Almer\u00eda\",\"potentialAction\":[{\"@type\":\"SearchAction\",\"target\":{\"@type\":\"EntryPoint\",\"urlTemplate\":\"https:\\\/\\\/www.cde.ual.es\\\/?s={search_term_string}\"},\"query-input\":{\"@type\":\"PropertyValueSpecification\",\"valueRequired\":true,\"valueName\":\"search_term_string\"}}],\"inLanguage\":\"en-US\"},{\"@type\":\"Organization\",\"@id\":\"https:\\\/\\\/www.cde.ual.es\\\/#organization\",\"name\":\"Centro de Documentaci\u00f3n Europea de Almer\u00eda\",\"url\":\"https:\\\/\\\/www.cde.ual.es\\\/\",\"logo\":{\"@type\":\"ImageObject\",\"inLanguage\":\"en-US\",\"@id\":\"https:\\\/\\\/www.cde.ual.es\\\/#\\\/schema\\\/logo\\\/image\\\/\",\"url\":\"https:\\\/\\\/www.cde.ual.es\\\/wp-content\\\/uploads\\\/2025\\\/07\\\/cde-logo-3.png\",\"contentUrl\":\"https:\\\/\\\/www.cde.ual.es\\\/wp-content\\\/uploads\\\/2025\\\/07\\\/cde-logo-3.png\",\"width\":1400,\"height\":300,\"caption\":\"Centro de Documentaci\u00f3n Europea de Almer\u00eda\"},\"image\":{\"@id\":\"https:\\\/\\\/www.cde.ual.es\\\/#\\\/schema\\\/logo\\\/image\\\/\"},\"sameAs\":[\"https:\\\/\\\/www.facebook.com\\\/cdeuniversidadalmeria\\\/\",\"https:\\\/\\\/x.com\\\/cdeualmeria\",\"https:\\\/\\\/www.tiktok.com\\\/@cdealmeria\",\"https:\\\/\\\/www.instagram.com\\\/cdealmeria\\\/\",\"https:\\\/\\\/www.linkedin.com\\\/in\\\/cde-almera-812b26a9\\\/\"]},{\"@type\":\"Person\",\"@id\":\"https:\\\/\\\/www.cde.ual.es\\\/#\\\/schema\\\/person\\\/ee46ebc19edfa19598c02cff83335acc\",\"name\":\"BECA 2 CDE\",\"image\":{\"@type\":\"ImageObject\",\"inLanguage\":\"en-US\",\"@id\":\"https:\\\/\\\/secure.gravatar.com\\\/avatar\\\/35a481bbc04bbd90e91bdfa3b0b5541036c222a49b9ad37b6889a2afcb5311a5?s=96&d=mm&r=g\",\"url\":\"https:\\\/\\\/secure.gravatar.com\\\/avatar\\\/35a481bbc04bbd90e91bdfa3b0b5541036c222a49b9ad37b6889a2afcb5311a5?s=96&d=mm&r=g\",\"contentUrl\":\"https:\\\/\\\/secure.gravatar.com\\\/avatar\\\/35a481bbc04bbd90e91bdfa3b0b5541036c222a49b9ad37b6889a2afcb5311a5?s=96&d=mm&r=g\",\"caption\":\"BECA 2 CDE\"},\"sameAs\":[\"http:\\\/\\\/www.cdealmeria.com\"]}]}<\/script>\n<!-- \/ Yoast SEO plugin. -->","yoast_head_json":{"title":"The TJUE agrees with Messi and endorses the registration of his trademark | CDE Almer\u00eda - Centro de Documentaci\u00f3n Europea - Universidad de Almer\u00eda","robots":{"index":"index","follow":"follow","max-snippet":"max-snippet:-1","max-image-preview":"max-image-preview:large","max-video-preview":"max-video-preview:-1"},"canonical":"https:\/\/www.cde.ual.es\/en\/the-tjue-agrees-with-messi-and-endorses-the-registration-of-his-trademark\/","og_locale":"en_US","og_type":"article","og_title":"The TJUE agrees with Messi and endorses the registration of his trademark | CDE Almer\u00eda - Centro de Documentaci\u00f3n Europea - Universidad de Almer\u00eda","og_description":"The Court of Justice dismisses the appeals brought by EUIPO and a Spanish company against the judgment of the General Court authorising football player Lionel Messi to register the trade mark \u2018MESSI\u2019 for sports equipment and clothing In August 2011, the footballer Lionel Andr\u00e9s Messi Cuccittini filed an application with the European Union Intellectual Property [&hellip;]","og_url":"https:\/\/www.cde.ual.es\/en\/the-tjue-agrees-with-messi-and-endorses-the-registration-of-his-trademark\/","og_site_name":"CDE Almer\u00eda - Centro de Documentaci\u00f3n Europea - Universidad de Almer\u00eda","article_publisher":"https:\/\/www.facebook.com\/cdeuniversidadalmeria\/","article_published_time":"2020-09-30T01:00:43+00:00","article_modified_time":"2021-11-17T10:11:00+00:00","og_image":[{"width":1280,"height":718,"url":"https:\/\/www.cde.ual.es\/wp-content\/uploads\/2018\/04\/Tribunal-Justicia-Union-Europea.jpg","type":"image\/jpeg"}],"author":"BECA 2 CDE","twitter_card":"summary_large_image","twitter_creator":"@cdeualmeria","twitter_site":"@cdeualmeria","twitter_misc":{"Written by":"BECA 2 CDE","Est. reading time":"4 minutes"},"schema":{"@context":"https:\/\/schema.org","@graph":[{"@type":"Article","@id":"https:\/\/www.cde.ual.es\/en\/the-tjue-agrees-with-messi-and-endorses-the-registration-of-his-trademark\/#article","isPartOf":{"@id":"https:\/\/www.cde.ual.es\/en\/the-tjue-agrees-with-messi-and-endorses-the-registration-of-his-trademark\/"},"author":{"name":"BECA 2 CDE","@id":"https:\/\/www.cde.ual.es\/#\/schema\/person\/ee46ebc19edfa19598c02cff83335acc"},"headline":"The TJUE agrees with Messi and endorses the registration of his trademark","datePublished":"2020-09-30T01:00:43+00:00","dateModified":"2021-11-17T10:11:00+00:00","mainEntityOfPage":{"@id":"https:\/\/www.cde.ual.es\/en\/the-tjue-agrees-with-messi-and-endorses-the-registration-of-his-trademark\/"},"wordCount":849,"commentCount":0,"publisher":{"@id":"https:\/\/www.cde.ual.es\/#organization"},"image":{"@id":"https:\/\/www.cde.ual.es\/en\/the-tjue-agrees-with-messi-and-endorses-the-registration-of-his-trademark\/#primaryimage"},"thumbnailUrl":"https:\/\/www.cde.ual.es\/wp-content\/uploads\/2018\/04\/Tribunal-Justicia-Union-Europea.jpg","keywords":["Curia","judgment","Messi"],"articleSection":["EU News","Jurisprudence","Law"],"inLanguage":"en-US","potentialAction":[{"@type":"CommentAction","name":"Comment","target":["https:\/\/www.cde.ual.es\/en\/the-tjue-agrees-with-messi-and-endorses-the-registration-of-his-trademark\/#respond"]}]},{"@type":"WebPage","@id":"https:\/\/www.cde.ual.es\/en\/the-tjue-agrees-with-messi-and-endorses-the-registration-of-his-trademark\/","url":"https:\/\/www.cde.ual.es\/en\/the-tjue-agrees-with-messi-and-endorses-the-registration-of-his-trademark\/","name":"The TJUE agrees with Messi and endorses the registration of his trademark | CDE Almer\u00eda - Centro de Documentaci\u00f3n Europea - Universidad de Almer\u00eda","isPartOf":{"@id":"https:\/\/www.cde.ual.es\/#website"},"primaryImageOfPage":{"@id":"https:\/\/www.cde.ual.es\/en\/the-tjue-agrees-with-messi-and-endorses-the-registration-of-his-trademark\/#primaryimage"},"image":{"@id":"https:\/\/www.cde.ual.es\/en\/the-tjue-agrees-with-messi-and-endorses-the-registration-of-his-trademark\/#primaryimage"},"thumbnailUrl":"https:\/\/www.cde.ual.es\/wp-content\/uploads\/2018\/04\/Tribunal-Justicia-Union-Europea.jpg","datePublished":"2020-09-30T01:00:43+00:00","dateModified":"2021-11-17T10:11:00+00:00","breadcrumb":{"@id":"https:\/\/www.cde.ual.es\/en\/the-tjue-agrees-with-messi-and-endorses-the-registration-of-his-trademark\/#breadcrumb"},"inLanguage":"en-US","potentialAction":[{"@type":"ReadAction","target":["https:\/\/www.cde.ual.es\/en\/the-tjue-agrees-with-messi-and-endorses-the-registration-of-his-trademark\/"]}]},{"@type":"ImageObject","inLanguage":"en-US","@id":"https:\/\/www.cde.ual.es\/en\/the-tjue-agrees-with-messi-and-endorses-the-registration-of-his-trademark\/#primaryimage","url":"https:\/\/www.cde.ual.es\/wp-content\/uploads\/2018\/04\/Tribunal-Justicia-Union-Europea.jpg","contentUrl":"https:\/\/www.cde.ual.es\/wp-content\/uploads\/2018\/04\/Tribunal-Justicia-Union-Europea.jpg","width":1280,"height":718,"caption":"Junqueras"},{"@type":"BreadcrumbList","@id":"https:\/\/www.cde.ual.es\/en\/the-tjue-agrees-with-messi-and-endorses-the-registration-of-his-trademark\/#breadcrumb","itemListElement":[{"@type":"ListItem","position":1,"name":"Inicio","item":"https:\/\/www.cde.ual.es\/en\/"},{"@type":"ListItem","position":2,"name":"EU News","item":"https:\/\/www.cde.ual.es\/en\/category\/eu-news\/"},{"@type":"ListItem","position":3,"name":"Law","item":"https:\/\/www.cde.ual.es\/en\/category\/eu-news\/law\/"},{"@type":"ListItem","position":4,"name":"Jurisprudence","item":"https:\/\/www.cde.ual.es\/en\/category\/eu-news\/law\/jurisprudence\/"},{"@type":"ListItem","position":5,"name":"The TJUE agrees with Messi and endorses the registration of his trademark"}]},{"@type":"WebSite","@id":"https:\/\/www.cde.ual.es\/#website","url":"https:\/\/www.cde.ual.es\/","name":"CDE Almer\u00eda - Centro de Documentaci\u00f3n Europea - Universidad de Almer\u00eda","description":"Centro de Documentaci\u00f3n Europea de la Universidad de Almer\u00eda","publisher":{"@id":"https:\/\/www.cde.ual.es\/#organization"},"alternateName":"CDE Almer\u00eda","potentialAction":[{"@type":"SearchAction","target":{"@type":"EntryPoint","urlTemplate":"https:\/\/www.cde.ual.es\/?s={search_term_string}"},"query-input":{"@type":"PropertyValueSpecification","valueRequired":true,"valueName":"search_term_string"}}],"inLanguage":"en-US"},{"@type":"Organization","@id":"https:\/\/www.cde.ual.es\/#organization","name":"Centro de Documentaci\u00f3n Europea de Almer\u00eda","url":"https:\/\/www.cde.ual.es\/","logo":{"@type":"ImageObject","inLanguage":"en-US","@id":"https:\/\/www.cde.ual.es\/#\/schema\/logo\/image\/","url":"https:\/\/www.cde.ual.es\/wp-content\/uploads\/2025\/07\/cde-logo-3.png","contentUrl":"https:\/\/www.cde.ual.es\/wp-content\/uploads\/2025\/07\/cde-logo-3.png","width":1400,"height":300,"caption":"Centro de Documentaci\u00f3n Europea de Almer\u00eda"},"image":{"@id":"https:\/\/www.cde.ual.es\/#\/schema\/logo\/image\/"},"sameAs":["https:\/\/www.facebook.com\/cdeuniversidadalmeria\/","https:\/\/x.com\/cdeualmeria","https:\/\/www.tiktok.com\/@cdealmeria","https:\/\/www.instagram.com\/cdealmeria\/","https:\/\/www.linkedin.com\/in\/cde-almera-812b26a9\/"]},{"@type":"Person","@id":"https:\/\/www.cde.ual.es\/#\/schema\/person\/ee46ebc19edfa19598c02cff83335acc","name":"BECA 2 CDE","image":{"@type":"ImageObject","inLanguage":"en-US","@id":"https:\/\/secure.gravatar.com\/avatar\/35a481bbc04bbd90e91bdfa3b0b5541036c222a49b9ad37b6889a2afcb5311a5?s=96&d=mm&r=g","url":"https:\/\/secure.gravatar.com\/avatar\/35a481bbc04bbd90e91bdfa3b0b5541036c222a49b9ad37b6889a2afcb5311a5?s=96&d=mm&r=g","contentUrl":"https:\/\/secure.gravatar.com\/avatar\/35a481bbc04bbd90e91bdfa3b0b5541036c222a49b9ad37b6889a2afcb5311a5?s=96&d=mm&r=g","caption":"BECA 2 CDE"},"sameAs":["http:\/\/www.cdealmeria.com"]}]}},"_links":{"self":[{"href":"https:\/\/www.cde.ual.es\/en\/wp-json\/wp\/v2\/posts\/53374","targetHints":{"allow":["GET"]}}],"collection":[{"href":"https:\/\/www.cde.ual.es\/en\/wp-json\/wp\/v2\/posts"}],"about":[{"href":"https:\/\/www.cde.ual.es\/en\/wp-json\/wp\/v2\/types\/post"}],"author":[{"embeddable":true,"href":"https:\/\/www.cde.ual.es\/en\/wp-json\/wp\/v2\/users\/101011"}],"replies":[{"embeddable":true,"href":"https:\/\/www.cde.ual.es\/en\/wp-json\/wp\/v2\/comments?post=53374"}],"version-history":[{"count":0,"href":"https:\/\/www.cde.ual.es\/en\/wp-json\/wp\/v2\/posts\/53374\/revisions"}],"wp:featuredmedia":[{"embeddable":true,"href":"https:\/\/www.cde.ual.es\/en\/wp-json\/wp\/v2\/media\/13566"}],"wp:attachment":[{"href":"https:\/\/www.cde.ual.es\/en\/wp-json\/wp\/v2\/media?parent=53374"}],"wp:term":[{"taxonomy":"category","embeddable":true,"href":"https:\/\/www.cde.ual.es\/en\/wp-json\/wp\/v2\/categories?post=53374"},{"taxonomy":"post_tag","embeddable":true,"href":"https:\/\/www.cde.ual.es\/en\/wp-json\/wp\/v2\/tags?post=53374"}],"curies":[{"name":"wp","href":"https:\/\/api.w.org\/{rel}","templated":true}]}}