{"id":51549,"date":"2020-09-08T03:00:24","date_gmt":"2020-09-08T01:00:24","guid":{"rendered":"https:\/\/www.cde.ual.es\/?p=51549"},"modified":"2021-11-17T11:01:09","modified_gmt":"2021-11-17T10:01:09","slug":"professor-of-economics-position-in-belgium","status":"publish","type":"post","link":"https:\/\/www.cde.ual.es\/en\/professor-of-economics-position-in-belgium\/","title":{"rendered":"Professor of Economics position in Belgium"},"content":{"rendered":"<p>The Department of Economics in the Faculty of Business and Economics has the following full-time vacancy:\u00a0<strong>Senior academic staff in the field of Economics.<\/strong><\/p>\n<p><a href=\"https:\/\/www.cde.ual.es\/wp-content\/uploads\/2020\/01\/bag-1868758_1920.jpg\"><img decoding=\"async\" class=\"aligncenter  wp-image-32806\" src=\"https:\/\/www.cde.ual.es\/wp-content\/uploads\/2020\/01\/bag-1868758_1920.jpg\" alt=\"\" width=\"503\" height=\"336\" srcset=\"https:\/\/www.cde.ual.es\/wp-content\/uploads\/2020\/01\/bag-1868758_1920.jpg 1920w, https:\/\/www.cde.ual.es\/wp-content\/uploads\/2020\/01\/bag-1868758_1920-300x200.jpg 300w, https:\/\/www.cde.ual.es\/wp-content\/uploads\/2020\/01\/bag-1868758_1920-768x512.jpg 768w, https:\/\/www.cde.ual.es\/wp-content\/uploads\/2020\/01\/bag-1868758_1920-1024x683.jpg 1024w\" sizes=\"(max-width: 503px) 100vw, 503px\" \/><\/a><\/p>\n<h3><strong>Position<\/strong><\/h3>\n<p>You will contribute to the University of Antwerp\u2019s three core tasks: education, research and services. Your role also includes organisational and managerial aspects.<\/p>\n<p><strong><em>Education<\/em><\/strong><\/p>\n<ul>\n<li>You provide high-quality education in the bachelor\u2019s and \/or master\u2019s programs of the Faculty of Business and Economics (the first two years 18 ECTS credits; from the third year on 24 ECTS credits).<\/li>\n<li>Your teaching role evolves along with the study programmes.<\/li>\n<li>You play a role in developing activating, student-centred and competence-driven programme components and study programmes.<\/li>\n<li>You supervise students and Master dissertations.<\/li>\n<\/ul>\n<p><strong><em>Research<\/em><\/strong><\/p>\n<ul>\n<li>You expand high-quality scientific research in your field of specialization and \/ or team up with the already existing expertise at the\u00a0<a href=\"https:\/\/www.uantwerpen.be\/en\/research-groups\/department-of-economics\/\">Department of Economics<\/a>.<\/li>\n<li>You initiate new lines of research and coordinate the progress of scientific research projects. You also participate in ongoing research programmes.<\/li>\n<li>You acquire and manage national and international research funding.<\/li>\n<li>You publish in international journals and contribute to the academic literature.<\/li>\n<li>You develop an international scientific network.<\/li>\n<li>You supervise PhD students and postdoctoral researchers.<\/li>\n<li>You will gradually take up administrative and leading responsibilities within the Department of Economics and the Faculty of Business and Economics.<\/li>\n<\/ul>\n<p><strong><em>Services<\/em><\/strong><\/p>\n<ul>\n<li>You play a role in the provision of both academic services and service to society, within the institution and externally. You participate in student recruitment, boards and committees, popular science communication, and so on.<\/li>\n<\/ul>\n<h3>Requirements<\/h3>\n<ul>\n<li>You hold a PhD in Economics.<\/li>\n<li>Highly motivated candidates with outstanding research and teaching qualities from all major areas in economics are welcome to apply. Candidates will be evaluated on their potential for and\/or record of excellence in research and teaching.<\/li>\n<li>You can demonstrate several years of postdoctoral experience (or equivalent).<\/li>\n<li>Your research qualities are in line with the faculty and\u00a0university research policies.<\/li>\n<li>Your teaching competences are in line with the University of Antwerp\u2019s\u00a0educational vision. You are motivated to develop your teaching skills further through the\u00a0professionalisation opportunities\u00a0available.<\/li>\n<li>If you do not master Dutch, the administrative language of the university, you should be willing to obtain a CEFR B2 level of proficiency in Dutch. As soon as you take on teaching duties as a course unit coordinator, you should be able to demonstrate a CEFR C1 level of proficiency in the language of instruction. The University of Antwerp supports international staff members on an integration trajectory and offers tailor-made language coaching in compliance with Flanders\u2019 statutory\u00a0language regulations.<\/li>\n<li>You demonstrate leadership potential and organisational skills (or the potential to develop them).<\/li>\n<li>You act with attention to quality, integrity, creativity and cooperation.<\/li>\n<li>You are quality-oriented, conscientious, creative and cooperative.<\/li>\n<\/ul>\n<h3 class=\"field-label\">Benefits<\/h3>\n<div class=\"longtext field-benefits\">\n<ul>\n<li>They offer a full-time appointment as a member of the senior academic staff (Dutch: <em>Zelfstandig Academisch Personeel<\/em>, ZAP). The level of your appointment (lecturer, senior lecturer, professor or full professor) is determined on the basis of your professional experience and academic qualifications. Junior ZAP members are usually offered temporary appointment as a tenure track lecturer for five years, which is then followed by permanent appointment as a senior lecturer. Appointment as a senior lecturer or higher leads to permanent appointment (tenure) after a maximum of three years. A favourable performance appraisal is always required for permanent appointment.<\/li>\n<li>Your gross monthly salary is calculated according to the\u00a0<a href=\"https:\/\/www.uantwerpen.be\/en\/jobs\/what-do-we-offer\/salaries\/\">pay scales<\/a>\u00a0for senior academic staff.<\/li>\n<li>The planned start date is\u00a0<strong>September 15, 2021<\/strong>.<\/li>\n<li>You will do most of your work at the City campus of the University of Antwerp in a dynamic and stimulating working environment.<\/li>\n<li>A dynamic and stimulating work environment.<\/li>\n<\/ul>\n<\/div>\n<h3>Organisation<\/h3>\n<div class=\"row\">\n<div class=\"col-sm-8 col-sm-offset-2 col-md-6 col-md-offset-3\">\n<div id=\"bootstrap-fieldgroup-accordion--accordion-group\" class=\"panel-group bootstrap-fieldgroup-accordion\">\n<div class=\"panel panel-default required-fields expanded\">\n<div id=\"bootstrap-fieldgroup-accordion-item--requirements-0\" class=\"panel-collapse required-fields collapse in\" aria-expanded=\"true\">\n<div class=\"panel-body\">\n<div class=\"row\">\n<div class=\"col-xs-12 field-offer-requirements\">\n<div class=\"longtext field-specific-requirements\">\n<div class=\"row\">\n<div class=\"col-xs-12 col-sm-7 value field-company-institute inline\">\n<div class=\"row\">\n<div class=\"col-xs-12 col-sm-7 value field-company-institute inline\">\n<div class=\"row\">\n<div class=\"row\">\n<div class=\"col-xs-12 col-sm-7 value field-company-institute inline\">\n<div class=\"row\">\n<div class=\"col-xs-12 col-sm-7 value field-company-institute inline\">University of Antwerp<\/div>\n<\/div>\n<\/div>\n<\/div>\n<\/div>\n<\/div>\n<\/div>\n<\/div>\n<\/div>\n<h3>Research Field<\/h3>\n<div>\n<div class=\"row\">\n<div class=\"col-xs-12 col-sm-7 value field-research-field inline\">\n<div>Economics<\/div>\n<\/div>\n<\/div>\n<h3>Location<\/h3>\n<\/div>\n<p>Belgium<\/p>\n<h3>Deadline<\/h3>\n<p>21 December 2020<\/p>\n<\/div>\n<\/div>\n<\/div>\n<\/div>\n<\/div>\n<\/div>\n<\/div>\n<\/div>\n<\/div>\n<h3>More information<\/h3>\n<p><a href=\"https:\/\/euraxess.ec.europa.eu\/jobs\/543866\">Euraxess<\/a><\/p>\n","protected":false},"excerpt":{"rendered":"<p>The Department of Economics in the Faculty of Business and Economics has the following full-time vacancy:\u00a0Senior academic staff in the field of Economics. Position You will contribute to the University of Antwerp\u2019s three core tasks: education, research and services. Your role also includes organisational and managerial aspects. Education You provide high-quality education in the bachelor\u2019s [&hellip;]<\/p>\n","protected":false},"author":101011,"featured_media":32806,"comment_status":"open","ping_status":"open","sticky":false,"template":"","format":"standard","meta":{"_acf_changed":false,"_relevanssi_hide_post":"","_relevanssi_hide_content":"","_relevanssi_pin_for_all":"","_relevanssi_pin_keywords":"","_relevanssi_unpin_keywords":"","_relevanssi_related_keywords":"","_relevanssi_related_include_ids":"","_relevanssi_related_exclude_ids":"","_relevanssi_related_no_append":"","_relevanssi_related_not_related":"","_relevanssi_related_posts":"","_relevanssi_noindex_reason":"","_monsterinsights_skip_tracking":false,"_monsterinsights_sitenote_active":false,"_monsterinsights_sitenote_note":"","_monsterinsights_sitenote_category":0,"_genesis_hide_title":false,"_genesis_hide_breadcrumbs":false,"_genesis_hide_singular_image":false,"_genesis_hide_footer_widgets":false,"_genesis_custom_body_class":"","_genesis_custom_post_class":"","_genesis_layout":"","footnotes":""},"categories":[4048,366,4043],"tags":[1318,409,658,848],"class_list":{"0":"post-51549","1":"post","2":"type-post","3":"status-publish","4":"format-standard","5":"has-post-thumbnail","7":"category-engineering-architecture","8":"category-eu-calls-and-awards","9":"category-euraxess-en","10":"tag-belgium","11":"tag-call","12":"tag-economics","13":"tag-euraxess-en","14":"entry"},"acf":[],"yoast_head":"<!-- This site is optimized with the Yoast SEO plugin v27.4 - https:\/\/yoast.com\/product\/yoast-seo-wordpress\/ -->\n<title>Professor of Economics position in Belgium | CDE Almer\u00eda - Centro de Documentaci\u00f3n Europea - Universidad de Almer\u00eda<\/title>\n<meta name=\"robots\" content=\"index, follow, max-snippet:-1, max-image-preview:large, max-video-preview:-1\" \/>\n<link rel=\"canonical\" href=\"https:\/\/www.cde.ual.es\/en\/professor-of-economics-position-in-belgium\/\" \/>\n<meta property=\"og:locale\" content=\"en_US\" \/>\n<meta property=\"og:type\" content=\"article\" \/>\n<meta property=\"og:title\" content=\"Professor of Economics position in Belgium | CDE Almer\u00eda - Centro de Documentaci\u00f3n Europea - Universidad de Almer\u00eda\" \/>\n<meta property=\"og:description\" content=\"The Department of Economics in the Faculty of Business and Economics has the following full-time vacancy:\u00a0Senior academic staff in the field of Economics. Position You will contribute to the University of Antwerp\u2019s three core tasks: education, research and services. Your role also includes organisational and managerial aspects. Education You provide high-quality education in the bachelor\u2019s [&hellip;]\" \/>\n<meta property=\"og:url\" content=\"https:\/\/www.cde.ual.es\/en\/professor-of-economics-position-in-belgium\/\" \/>\n<meta property=\"og:site_name\" content=\"CDE Almer\u00eda - Centro de Documentaci\u00f3n Europea - Universidad de Almer\u00eda\" \/>\n<meta property=\"article:publisher\" content=\"https:\/\/www.facebook.com\/cdeuniversidadalmeria\/\" \/>\n<meta property=\"article:published_time\" content=\"2020-09-08T01:00:24+00:00\" \/>\n<meta property=\"article:modified_time\" content=\"2021-11-17T10:01:09+00:00\" \/>\n<meta property=\"og:image\" content=\"https:\/\/www.cde.ual.es\/wp-content\/uploads\/2020\/01\/bag-1868758_1920.jpg\" \/>\n\t<meta property=\"og:image:width\" content=\"1920\" \/>\n\t<meta property=\"og:image:height\" content=\"1281\" \/>\n\t<meta property=\"og:image:type\" content=\"image\/jpeg\" \/>\n<meta name=\"author\" content=\"BECA 2 CDE\" \/>\n<meta name=\"twitter:card\" content=\"summary_large_image\" \/>\n<meta name=\"twitter:creator\" content=\"@cdeualmeria\" \/>\n<meta name=\"twitter:site\" content=\"@cdeualmeria\" \/>\n<meta name=\"twitter:label1\" content=\"Written by\" \/>\n\t<meta name=\"twitter:data1\" content=\"BECA 2 CDE\" \/>\n\t<meta name=\"twitter:label2\" content=\"Est. reading time\" \/>\n\t<meta name=\"twitter:data2\" content=\"3 minutes\" \/>\n<script type=\"application\/ld+json\" class=\"yoast-schema-graph\">{\"@context\":\"https:\\\/\\\/schema.org\",\"@graph\":[{\"@type\":\"Article\",\"@id\":\"https:\\\/\\\/www.cde.ual.es\\\/en\\\/professor-of-economics-position-in-belgium\\\/#article\",\"isPartOf\":{\"@id\":\"https:\\\/\\\/www.cde.ual.es\\\/en\\\/professor-of-economics-position-in-belgium\\\/\"},\"author\":{\"name\":\"BECA 2 CDE\",\"@id\":\"https:\\\/\\\/www.cde.ual.es\\\/#\\\/schema\\\/person\\\/ee46ebc19edfa19598c02cff83335acc\"},\"headline\":\"Professor of Economics position in Belgium\",\"datePublished\":\"2020-09-08T01:00:24+00:00\",\"dateModified\":\"2021-11-17T10:01:09+00:00\",\"mainEntityOfPage\":{\"@id\":\"https:\\\/\\\/www.cde.ual.es\\\/en\\\/professor-of-economics-position-in-belgium\\\/\"},\"wordCount\":620,\"commentCount\":0,\"publisher\":{\"@id\":\"https:\\\/\\\/www.cde.ual.es\\\/#organization\"},\"image\":{\"@id\":\"https:\\\/\\\/www.cde.ual.es\\\/en\\\/professor-of-economics-position-in-belgium\\\/#primaryimage\"},\"thumbnailUrl\":\"https:\\\/\\\/www.cde.ual.es\\\/wp-content\\\/uploads\\\/2020\\\/01\\\/bag-1868758_1920.jpg\",\"keywords\":[\"Belgium\",\"call\",\"Economics\",\"Euraxess\"],\"articleSection\":[\"Engineering and Architecture\",\"EU Calls and Awards\",\"Euraxess\"],\"inLanguage\":\"en-US\",\"potentialAction\":[{\"@type\":\"CommentAction\",\"name\":\"Comment\",\"target\":[\"https:\\\/\\\/www.cde.ual.es\\\/en\\\/professor-of-economics-position-in-belgium\\\/#respond\"]}]},{\"@type\":\"WebPage\",\"@id\":\"https:\\\/\\\/www.cde.ual.es\\\/en\\\/professor-of-economics-position-in-belgium\\\/\",\"url\":\"https:\\\/\\\/www.cde.ual.es\\\/en\\\/professor-of-economics-position-in-belgium\\\/\",\"name\":\"Professor of Economics position in Belgium | CDE Almer\u00eda - Centro de Documentaci\u00f3n Europea - Universidad de Almer\u00eda\",\"isPartOf\":{\"@id\":\"https:\\\/\\\/www.cde.ual.es\\\/#website\"},\"primaryImageOfPage\":{\"@id\":\"https:\\\/\\\/www.cde.ual.es\\\/en\\\/professor-of-economics-position-in-belgium\\\/#primaryimage\"},\"image\":{\"@id\":\"https:\\\/\\\/www.cde.ual.es\\\/en\\\/professor-of-economics-position-in-belgium\\\/#primaryimage\"},\"thumbnailUrl\":\"https:\\\/\\\/www.cde.ual.es\\\/wp-content\\\/uploads\\\/2020\\\/01\\\/bag-1868758_1920.jpg\",\"datePublished\":\"2020-09-08T01:00:24+00:00\",\"dateModified\":\"2021-11-17T10:01:09+00:00\",\"breadcrumb\":{\"@id\":\"https:\\\/\\\/www.cde.ual.es\\\/en\\\/professor-of-economics-position-in-belgium\\\/#breadcrumb\"},\"inLanguage\":\"en-US\",\"potentialAction\":[{\"@type\":\"ReadAction\",\"target\":[\"https:\\\/\\\/www.cde.ual.es\\\/en\\\/professor-of-economics-position-in-belgium\\\/\"]}]},{\"@type\":\"ImageObject\",\"inLanguage\":\"en-US\",\"@id\":\"https:\\\/\\\/www.cde.ual.es\\\/en\\\/professor-of-economics-position-in-belgium\\\/#primaryimage\",\"url\":\"https:\\\/\\\/www.cde.ual.es\\\/wp-content\\\/uploads\\\/2020\\\/01\\\/bag-1868758_1920.jpg\",\"contentUrl\":\"https:\\\/\\\/www.cde.ual.es\\\/wp-content\\\/uploads\\\/2020\\\/01\\\/bag-1868758_1920.jpg\",\"width\":1920,\"height\":1281},{\"@type\":\"BreadcrumbList\",\"@id\":\"https:\\\/\\\/www.cde.ual.es\\\/en\\\/professor-of-economics-position-in-belgium\\\/#breadcrumb\",\"itemListElement\":[{\"@type\":\"ListItem\",\"position\":1,\"name\":\"Inicio\",\"item\":\"https:\\\/\\\/www.cde.ual.es\\\/en\\\/\"},{\"@type\":\"ListItem\",\"position\":2,\"name\":\"EU Calls and Awards\",\"item\":\"https:\\\/\\\/www.cde.ual.es\\\/en\\\/category\\\/eu-calls-and-awards\\\/\"},{\"@type\":\"ListItem\",\"position\":3,\"name\":\"Euraxess\",\"item\":\"https:\\\/\\\/www.cde.ual.es\\\/en\\\/category\\\/eu-calls-and-awards\\\/euraxess-en\\\/\"},{\"@type\":\"ListItem\",\"position\":4,\"name\":\"Engineering and Architecture\",\"item\":\"https:\\\/\\\/www.cde.ual.es\\\/en\\\/category\\\/eu-calls-and-awards\\\/euraxess-en\\\/engineering-architecture\\\/\"},{\"@type\":\"ListItem\",\"position\":5,\"name\":\"Professor of Economics position in Belgium\"}]},{\"@type\":\"WebSite\",\"@id\":\"https:\\\/\\\/www.cde.ual.es\\\/#website\",\"url\":\"https:\\\/\\\/www.cde.ual.es\\\/\",\"name\":\"CDE Almer\u00eda - Centro de Documentaci\u00f3n Europea - Universidad de Almer\u00eda\",\"description\":\"Centro de Documentaci\u00f3n Europea de la Universidad de Almer\u00eda\",\"publisher\":{\"@id\":\"https:\\\/\\\/www.cde.ual.es\\\/#organization\"},\"alternateName\":\"CDE Almer\u00eda\",\"potentialAction\":[{\"@type\":\"SearchAction\",\"target\":{\"@type\":\"EntryPoint\",\"urlTemplate\":\"https:\\\/\\\/www.cde.ual.es\\\/?s={search_term_string}\"},\"query-input\":{\"@type\":\"PropertyValueSpecification\",\"valueRequired\":true,\"valueName\":\"search_term_string\"}}],\"inLanguage\":\"en-US\"},{\"@type\":\"Organization\",\"@id\":\"https:\\\/\\\/www.cde.ual.es\\\/#organization\",\"name\":\"Centro de Documentaci\u00f3n Europea de Almer\u00eda\",\"url\":\"https:\\\/\\\/www.cde.ual.es\\\/\",\"logo\":{\"@type\":\"ImageObject\",\"inLanguage\":\"en-US\",\"@id\":\"https:\\\/\\\/www.cde.ual.es\\\/#\\\/schema\\\/logo\\\/image\\\/\",\"url\":\"https:\\\/\\\/www.cde.ual.es\\\/wp-content\\\/uploads\\\/2025\\\/07\\\/cde-logo-3.png\",\"contentUrl\":\"https:\\\/\\\/www.cde.ual.es\\\/wp-content\\\/uploads\\\/2025\\\/07\\\/cde-logo-3.png\",\"width\":1400,\"height\":300,\"caption\":\"Centro de Documentaci\u00f3n Europea de Almer\u00eda\"},\"image\":{\"@id\":\"https:\\\/\\\/www.cde.ual.es\\\/#\\\/schema\\\/logo\\\/image\\\/\"},\"sameAs\":[\"https:\\\/\\\/www.facebook.com\\\/cdeuniversidadalmeria\\\/\",\"https:\\\/\\\/x.com\\\/cdeualmeria\",\"https:\\\/\\\/www.tiktok.com\\\/@cdealmeria\",\"https:\\\/\\\/www.instagram.com\\\/cdealmeria\\\/\",\"https:\\\/\\\/www.linkedin.com\\\/in\\\/cde-almera-812b26a9\\\/\"]},{\"@type\":\"Person\",\"@id\":\"https:\\\/\\\/www.cde.ual.es\\\/#\\\/schema\\\/person\\\/ee46ebc19edfa19598c02cff83335acc\",\"name\":\"BECA 2 CDE\",\"image\":{\"@type\":\"ImageObject\",\"inLanguage\":\"en-US\",\"@id\":\"https:\\\/\\\/secure.gravatar.com\\\/avatar\\\/35a481bbc04bbd90e91bdfa3b0b5541036c222a49b9ad37b6889a2afcb5311a5?s=96&d=mm&r=g\",\"url\":\"https:\\\/\\\/secure.gravatar.com\\\/avatar\\\/35a481bbc04bbd90e91bdfa3b0b5541036c222a49b9ad37b6889a2afcb5311a5?s=96&d=mm&r=g\",\"contentUrl\":\"https:\\\/\\\/secure.gravatar.com\\\/avatar\\\/35a481bbc04bbd90e91bdfa3b0b5541036c222a49b9ad37b6889a2afcb5311a5?s=96&d=mm&r=g\",\"caption\":\"BECA 2 CDE\"},\"sameAs\":[\"http:\\\/\\\/www.cdealmeria.com\"]}]}<\/script>\n<!-- \/ Yoast SEO plugin. -->","yoast_head_json":{"title":"Professor of Economics position in Belgium | CDE Almer\u00eda - Centro de Documentaci\u00f3n Europea - Universidad de Almer\u00eda","robots":{"index":"index","follow":"follow","max-snippet":"max-snippet:-1","max-image-preview":"max-image-preview:large","max-video-preview":"max-video-preview:-1"},"canonical":"https:\/\/www.cde.ual.es\/en\/professor-of-economics-position-in-belgium\/","og_locale":"en_US","og_type":"article","og_title":"Professor of Economics position in Belgium | CDE Almer\u00eda - Centro de Documentaci\u00f3n Europea - Universidad de Almer\u00eda","og_description":"The Department of Economics in the Faculty of Business and Economics has the following full-time vacancy:\u00a0Senior academic staff in the field of Economics. Position You will contribute to the University of Antwerp\u2019s three core tasks: education, research and services. Your role also includes organisational and managerial aspects. Education You provide high-quality education in the bachelor\u2019s [&hellip;]","og_url":"https:\/\/www.cde.ual.es\/en\/professor-of-economics-position-in-belgium\/","og_site_name":"CDE Almer\u00eda - Centro de Documentaci\u00f3n Europea - Universidad de Almer\u00eda","article_publisher":"https:\/\/www.facebook.com\/cdeuniversidadalmeria\/","article_published_time":"2020-09-08T01:00:24+00:00","article_modified_time":"2021-11-17T10:01:09+00:00","og_image":[{"width":1920,"height":1281,"url":"https:\/\/www.cde.ual.es\/wp-content\/uploads\/2020\/01\/bag-1868758_1920.jpg","type":"image\/jpeg"}],"author":"BECA 2 CDE","twitter_card":"summary_large_image","twitter_creator":"@cdeualmeria","twitter_site":"@cdeualmeria","twitter_misc":{"Written by":"BECA 2 CDE","Est. reading time":"3 minutes"},"schema":{"@context":"https:\/\/schema.org","@graph":[{"@type":"Article","@id":"https:\/\/www.cde.ual.es\/en\/professor-of-economics-position-in-belgium\/#article","isPartOf":{"@id":"https:\/\/www.cde.ual.es\/en\/professor-of-economics-position-in-belgium\/"},"author":{"name":"BECA 2 CDE","@id":"https:\/\/www.cde.ual.es\/#\/schema\/person\/ee46ebc19edfa19598c02cff83335acc"},"headline":"Professor of Economics position in Belgium","datePublished":"2020-09-08T01:00:24+00:00","dateModified":"2021-11-17T10:01:09+00:00","mainEntityOfPage":{"@id":"https:\/\/www.cde.ual.es\/en\/professor-of-economics-position-in-belgium\/"},"wordCount":620,"commentCount":0,"publisher":{"@id":"https:\/\/www.cde.ual.es\/#organization"},"image":{"@id":"https:\/\/www.cde.ual.es\/en\/professor-of-economics-position-in-belgium\/#primaryimage"},"thumbnailUrl":"https:\/\/www.cde.ual.es\/wp-content\/uploads\/2020\/01\/bag-1868758_1920.jpg","keywords":["Belgium","call","Economics","Euraxess"],"articleSection":["Engineering and Architecture","EU Calls and Awards","Euraxess"],"inLanguage":"en-US","potentialAction":[{"@type":"CommentAction","name":"Comment","target":["https:\/\/www.cde.ual.es\/en\/professor-of-economics-position-in-belgium\/#respond"]}]},{"@type":"WebPage","@id":"https:\/\/www.cde.ual.es\/en\/professor-of-economics-position-in-belgium\/","url":"https:\/\/www.cde.ual.es\/en\/professor-of-economics-position-in-belgium\/","name":"Professor of Economics position in Belgium | CDE Almer\u00eda - Centro de Documentaci\u00f3n Europea - Universidad de Almer\u00eda","isPartOf":{"@id":"https:\/\/www.cde.ual.es\/#website"},"primaryImageOfPage":{"@id":"https:\/\/www.cde.ual.es\/en\/professor-of-economics-position-in-belgium\/#primaryimage"},"image":{"@id":"https:\/\/www.cde.ual.es\/en\/professor-of-economics-position-in-belgium\/#primaryimage"},"thumbnailUrl":"https:\/\/www.cde.ual.es\/wp-content\/uploads\/2020\/01\/bag-1868758_1920.jpg","datePublished":"2020-09-08T01:00:24+00:00","dateModified":"2021-11-17T10:01:09+00:00","breadcrumb":{"@id":"https:\/\/www.cde.ual.es\/en\/professor-of-economics-position-in-belgium\/#breadcrumb"},"inLanguage":"en-US","potentialAction":[{"@type":"ReadAction","target":["https:\/\/www.cde.ual.es\/en\/professor-of-economics-position-in-belgium\/"]}]},{"@type":"ImageObject","inLanguage":"en-US","@id":"https:\/\/www.cde.ual.es\/en\/professor-of-economics-position-in-belgium\/#primaryimage","url":"https:\/\/www.cde.ual.es\/wp-content\/uploads\/2020\/01\/bag-1868758_1920.jpg","contentUrl":"https:\/\/www.cde.ual.es\/wp-content\/uploads\/2020\/01\/bag-1868758_1920.jpg","width":1920,"height":1281},{"@type":"BreadcrumbList","@id":"https:\/\/www.cde.ual.es\/en\/professor-of-economics-position-in-belgium\/#breadcrumb","itemListElement":[{"@type":"ListItem","position":1,"name":"Inicio","item":"https:\/\/www.cde.ual.es\/en\/"},{"@type":"ListItem","position":2,"name":"EU Calls and Awards","item":"https:\/\/www.cde.ual.es\/en\/category\/eu-calls-and-awards\/"},{"@type":"ListItem","position":3,"name":"Euraxess","item":"https:\/\/www.cde.ual.es\/en\/category\/eu-calls-and-awards\/euraxess-en\/"},{"@type":"ListItem","position":4,"name":"Engineering and Architecture","item":"https:\/\/www.cde.ual.es\/en\/category\/eu-calls-and-awards\/euraxess-en\/engineering-architecture\/"},{"@type":"ListItem","position":5,"name":"Professor of Economics position in Belgium"}]},{"@type":"WebSite","@id":"https:\/\/www.cde.ual.es\/#website","url":"https:\/\/www.cde.ual.es\/","name":"CDE Almer\u00eda - Centro de Documentaci\u00f3n Europea - Universidad de Almer\u00eda","description":"Centro de Documentaci\u00f3n Europea de la Universidad de Almer\u00eda","publisher":{"@id":"https:\/\/www.cde.ual.es\/#organization"},"alternateName":"CDE Almer\u00eda","potentialAction":[{"@type":"SearchAction","target":{"@type":"EntryPoint","urlTemplate":"https:\/\/www.cde.ual.es\/?s={search_term_string}"},"query-input":{"@type":"PropertyValueSpecification","valueRequired":true,"valueName":"search_term_string"}}],"inLanguage":"en-US"},{"@type":"Organization","@id":"https:\/\/www.cde.ual.es\/#organization","name":"Centro de Documentaci\u00f3n Europea de Almer\u00eda","url":"https:\/\/www.cde.ual.es\/","logo":{"@type":"ImageObject","inLanguage":"en-US","@id":"https:\/\/www.cde.ual.es\/#\/schema\/logo\/image\/","url":"https:\/\/www.cde.ual.es\/wp-content\/uploads\/2025\/07\/cde-logo-3.png","contentUrl":"https:\/\/www.cde.ual.es\/wp-content\/uploads\/2025\/07\/cde-logo-3.png","width":1400,"height":300,"caption":"Centro de Documentaci\u00f3n Europea de Almer\u00eda"},"image":{"@id":"https:\/\/www.cde.ual.es\/#\/schema\/logo\/image\/"},"sameAs":["https:\/\/www.facebook.com\/cdeuniversidadalmeria\/","https:\/\/x.com\/cdeualmeria","https:\/\/www.tiktok.com\/@cdealmeria","https:\/\/www.instagram.com\/cdealmeria\/","https:\/\/www.linkedin.com\/in\/cde-almera-812b26a9\/"]},{"@type":"Person","@id":"https:\/\/www.cde.ual.es\/#\/schema\/person\/ee46ebc19edfa19598c02cff83335acc","name":"BECA 2 CDE","image":{"@type":"ImageObject","inLanguage":"en-US","@id":"https:\/\/secure.gravatar.com\/avatar\/35a481bbc04bbd90e91bdfa3b0b5541036c222a49b9ad37b6889a2afcb5311a5?s=96&d=mm&r=g","url":"https:\/\/secure.gravatar.com\/avatar\/35a481bbc04bbd90e91bdfa3b0b5541036c222a49b9ad37b6889a2afcb5311a5?s=96&d=mm&r=g","contentUrl":"https:\/\/secure.gravatar.com\/avatar\/35a481bbc04bbd90e91bdfa3b0b5541036c222a49b9ad37b6889a2afcb5311a5?s=96&d=mm&r=g","caption":"BECA 2 CDE"},"sameAs":["http:\/\/www.cdealmeria.com"]}]}},"_links":{"self":[{"href":"https:\/\/www.cde.ual.es\/en\/wp-json\/wp\/v2\/posts\/51549","targetHints":{"allow":["GET"]}}],"collection":[{"href":"https:\/\/www.cde.ual.es\/en\/wp-json\/wp\/v2\/posts"}],"about":[{"href":"https:\/\/www.cde.ual.es\/en\/wp-json\/wp\/v2\/types\/post"}],"author":[{"embeddable":true,"href":"https:\/\/www.cde.ual.es\/en\/wp-json\/wp\/v2\/users\/101011"}],"replies":[{"embeddable":true,"href":"https:\/\/www.cde.ual.es\/en\/wp-json\/wp\/v2\/comments?post=51549"}],"version-history":[{"count":0,"href":"https:\/\/www.cde.ual.es\/en\/wp-json\/wp\/v2\/posts\/51549\/revisions"}],"wp:featuredmedia":[{"embeddable":true,"href":"https:\/\/www.cde.ual.es\/en\/wp-json\/wp\/v2\/media\/32806"}],"wp:attachment":[{"href":"https:\/\/www.cde.ual.es\/en\/wp-json\/wp\/v2\/media?parent=51549"}],"wp:term":[{"taxonomy":"category","embeddable":true,"href":"https:\/\/www.cde.ual.es\/en\/wp-json\/wp\/v2\/categories?post=51549"},{"taxonomy":"post_tag","embeddable":true,"href":"https:\/\/www.cde.ual.es\/en\/wp-json\/wp\/v2\/tags?post=51549"}],"curies":[{"name":"wp","href":"https:\/\/api.w.org\/{rel}","templated":true}]}}