{"id":5139,"date":"2018-05-28T16:42:32","date_gmt":"2018-05-28T14:42:32","guid":{"rendered":"http:\/\/www.cde.ual.es\/?p=5139"},"modified":"2018-05-28T16:42:32","modified_gmt":"2018-05-28T14:42:32","slug":"europa-en-movimiento-la-comision-completa-su-programa-de-movilidad-segura-limpia-y-conectada-2","status":"publish","type":"post","link":"https:\/\/www.cde.ual.es\/en\/europa-en-movimiento-la-comision-completa-su-programa-de-movilidad-segura-limpia-y-conectada-2\/","title":{"rendered":"Europa en movimiento: la Comisi\u00f3n completa su programa de movilidad segura, limpia y conectada"},"content":{"rendered":"<p style=\"text-align: center;\">\n<p><a href=\"http:\/\/www.cde.ual.es\/wp-content\/uploads\/2018\/05\/Trasportes.jpg\"><img decoding=\"async\" class=\"wp-image-5208 aligncenter\" src=\"http:\/\/www.cde.ual.es\/wp-content\/uploads\/2018\/05\/Trasportes.jpg\" alt=\"\" width=\"300\" height=\"200\" srcset=\"https:\/\/www.cde.ual.es\/wp-content\/uploads\/2018\/05\/Trasportes.jpg 510w, https:\/\/www.cde.ual.es\/wp-content\/uploads\/2018\/05\/Trasportes-300x200.jpg 300w\" sizes=\"(max-width: 300px) 100vw, 300px\" \/><\/a><\/p>\n<p>La Comisi\u00f3n Juncker emprende la tercera y \u00faltima fase de sus acciones para modernizar el transporte en Europa. Con esta tercera edici\u00f3n de <a href=\"http:\/\/europa.eu\/rapid\/press-release_IP-17-1460_es.htm\"><em><strong>\u00abEuropa en movimiento\u00bb<\/strong><\/em><\/a>, la Comisi\u00f3n est\u00e1 a punto de ultimar su ambicioso programa de modernizaci\u00f3n de la movilidad.<\/p>\n<p>Sobre la base de las anteriores ediciones de \u00abEuropa en movimiento\u00bb de mayo y noviembre de 2017, la Comisi\u00f3n Juncker propuso el pasado d\u00eda 17 una serie de medidas a fin de que esto se convierta en una realidad en el \u00e1mbito de la movilidad. El objetivo es permitir que todos los europeos se beneficien de un tr\u00e1fico m\u00e1s seguro, de veh\u00edculos menos contaminantes y de soluciones tecnol\u00f3gicas m\u00e1s avanzadas, al tiempo que se respalda la competitividad de la industria de la UE.<\/p>\n<p>Aunque la mortalidad en carretera ha descendido en m\u00e1s de la mitad desde 2001, en 2017 todav\u00eda 25.300 personas perdieron la vida en las carreteras de la UE y otras 135.000 resultaron gravemente heridas. Por ello, la Comisi\u00f3n propone que los nuevos modelos de veh\u00edculos est\u00e9n equipados con funciones de seguridad avanzadas, como unos sistemas avanzados de frenado de emergencia y asistencia al mantenimiento en el carril o detecci\u00f3n de peatones y ciclistas. Adem\u00e1s, la Comisi\u00f3n est\u00e1 ayudando a los Estados miembros a identificar sistem\u00e1ticamente los tramos de carretera peligrosos y a orientar mejor las inversiones, pudiendo salvar hasta 10.500 vidas y evitar cerca de 60.000 heridos graves entre 2020 y 2030, contribuyendo as\u00ed al objetivo de la UE de acercarse a cero v\u00edctimas mortales y heridos graves de aqu\u00ed al 2050.<\/p>\n<p>La Comisi\u00f3n, mediante la introducci\u00f3n de las primeras normas de la historia sobre emisiones de CO2 aplicables a los veh\u00edculos pesados, completa su programa en pos de un sistema de movilidad con bajas emisiones. En 2025, las emisiones medias de CO2 de los camiones nuevos tendr\u00e1n que ser un 15 % m\u00e1s bajas que en 2019 y para 2030, se propone un 30 % con respecto a 2019, objetivos coherentes con los compromisos contra\u00eddos en el marco del Acuerdo de Par\u00eds y permitir\u00e1n a los transportistas obtener un ahorro significativo gracias a la reducci\u00f3n en el consumo de combustible. Adem\u00e1s, la Comisi\u00f3n presenta un plan de acci\u00f3n integral para las bater\u00edas que contribuir\u00e1 a crear en Europa un \u00abecosistema\u00bb de bater\u00edas competitivo y sostenible.<\/p>\n<p>Los autom\u00f3viles y otros veh\u00edculos est\u00e1n equipados con un n\u00famero creciente de sistemas de asistencia a la conducci\u00f3n, y los veh\u00edculos totalmente aut\u00f3nomos est\u00e1n justo a la vuelta de la esquina. Por tanto, la Comisi\u00f3n propone una estrategia cuyo objetivo es convertir a Europa en el l\u00edder mundial de los sistemas de movilidad conectada y automatizada. El transporte ser\u00e1 m\u00e1s seguro, m\u00e1s limpio, m\u00e1s asequible y m\u00e1s accesible para las personas de edad avanzada y las personas con movilidad reducida. Adem\u00e1s, la Comisi\u00f3n propone crear un entorno plenamente digital para el intercambio de informaci\u00f3n en el sector del transporte de mercanc\u00edas que reducir\u00e1 la carga administrativa y facilitar\u00e1 los flujos de informaci\u00f3n digital para operaciones log\u00edsticas.<\/p>\n","protected":false},"excerpt":{"rendered":"<p>La Comisi\u00f3n Juncker emprende la tercera y \u00faltima fase de sus acciones para modernizar el transporte en Europa. Con esta tercera edici\u00f3n de \u00abEuropa en movimiento\u00bb, la Comisi\u00f3n est\u00e1 a punto de ultimar su ambicioso programa de modernizaci\u00f3n de la movilidad. Sobre la base de las anteriores ediciones de \u00abEuropa en movimiento\u00bb de mayo y [&hellip;]<\/p>\n","protected":false},"author":1,"featured_media":5208,"comment_status":"open","ping_status":"open","sticky":false,"template":"","format":"standard","meta":{"_acf_changed":false,"_relevanssi_hide_post":"","_relevanssi_hide_content":"","_relevanssi_pin_for_all":"","_relevanssi_pin_keywords":"","_relevanssi_unpin_keywords":"","_relevanssi_related_keywords":"","_relevanssi_related_include_ids":"","_relevanssi_related_exclude_ids":"","_relevanssi_related_no_append":"","_relevanssi_related_not_related":"","_relevanssi_related_posts":"","_relevanssi_noindex_reason":"","_monsterinsights_skip_tracking":false,"_monsterinsights_sitenote_active":false,"_monsterinsights_sitenote_note":"","_monsterinsights_sitenote_category":0,"_genesis_hide_title":false,"_genesis_hide_breadcrumbs":false,"_genesis_hide_singular_image":false,"_genesis_hide_footer_widgets":false,"_genesis_custom_body_class":"","_genesis_custom_post_class":"","_genesis_layout":"","footnotes":""},"categories":[96,1],"tags":[133],"class_list":{"0":"post-5139","1":"post","2":"type-post","3":"status-publish","4":"format-standard","5":"has-post-thumbnail","7":"category-noticias-ue","8":"category-sin-categorizar","9":"tag-medio-ambiente","10":"entry"},"acf":[],"yoast_head":"<!-- This site is optimized with the Yoast SEO plugin v27.4 - https:\/\/yoast.com\/product\/yoast-seo-wordpress\/ -->\n<title>Europa en movimiento: la Comisi\u00f3n completa su programa de movilidad segura, limpia y conectada | CDE Almer\u00eda - Centro de Documentaci\u00f3n Europea - Universidad de Almer\u00eda<\/title>\n<meta name=\"robots\" content=\"index, follow, max-snippet:-1, max-image-preview:large, max-video-preview:-1\" \/>\n<link rel=\"canonical\" href=\"https:\/\/www.cde.ual.es\/europa-en-movimiento-la-comision-completa-su-programa-de-movilidad-segura-limpia-y-conectada-2\/\" \/>\n<meta property=\"og:locale\" content=\"en_US\" \/>\n<meta property=\"og:type\" content=\"article\" \/>\n<meta property=\"og:title\" content=\"Europa en movimiento: la Comisi\u00f3n completa su programa de movilidad segura, limpia y conectada | CDE Almer\u00eda - Centro de Documentaci\u00f3n Europea - Universidad de Almer\u00eda\" \/>\n<meta property=\"og:description\" content=\"La Comisi\u00f3n Juncker emprende la tercera y \u00faltima fase de sus acciones para modernizar el transporte en Europa. Con esta tercera edici\u00f3n de \u00abEuropa en movimiento\u00bb, la Comisi\u00f3n est\u00e1 a punto de ultimar su ambicioso programa de modernizaci\u00f3n de la movilidad. Sobre la base de las anteriores ediciones de \u00abEuropa en movimiento\u00bb de mayo y [&hellip;]\" \/>\n<meta property=\"og:url\" content=\"https:\/\/www.cde.ual.es\/europa-en-movimiento-la-comision-completa-su-programa-de-movilidad-segura-limpia-y-conectada-2\/\" \/>\n<meta property=\"og:site_name\" content=\"CDE Almer\u00eda - Centro de Documentaci\u00f3n Europea - Universidad de Almer\u00eda\" \/>\n<meta property=\"article:publisher\" content=\"https:\/\/www.facebook.com\/cdeuniversidadalmeria\/\" \/>\n<meta property=\"article:published_time\" content=\"2018-05-28T14:42:32+00:00\" \/>\n<meta property=\"og:image\" content=\"https:\/\/www.cde.ual.es\/wp-content\/uploads\/2018\/05\/Trasportes.jpg\" \/>\n\t<meta property=\"og:image:width\" content=\"510\" \/>\n\t<meta property=\"og:image:height\" content=\"340\" \/>\n\t<meta property=\"og:image:type\" content=\"image\/jpeg\" \/>\n<meta name=\"author\" content=\"AdminCDE\" \/>\n<meta name=\"twitter:card\" content=\"summary_large_image\" \/>\n<meta name=\"twitter:creator\" content=\"@cdeualmeria\" \/>\n<meta name=\"twitter:site\" content=\"@cdeualmeria\" \/>\n<meta name=\"twitter:label1\" content=\"Written by\" \/>\n\t<meta name=\"twitter:data1\" content=\"AdminCDE\" \/>\n\t<meta name=\"twitter:label2\" content=\"Est. reading time\" \/>\n\t<meta name=\"twitter:data2\" content=\"3 minutes\" \/>\n<script type=\"application\/ld+json\" class=\"yoast-schema-graph\">{\"@context\":\"https:\\\/\\\/schema.org\",\"@graph\":[{\"@type\":\"Article\",\"@id\":\"https:\\\/\\\/www.cde.ual.es\\\/europa-en-movimiento-la-comision-completa-su-programa-de-movilidad-segura-limpia-y-conectada-2\\\/#article\",\"isPartOf\":{\"@id\":\"https:\\\/\\\/www.cde.ual.es\\\/europa-en-movimiento-la-comision-completa-su-programa-de-movilidad-segura-limpia-y-conectada-2\\\/\"},\"author\":{\"name\":\"AdminCDE\",\"@id\":\"https:\\\/\\\/www.cde.ual.es\\\/#\\\/schema\\\/person\\\/224ef08c8bcc005f319d2713ce37ee5f\"},\"headline\":\"Europa en movimiento: la Comisi\u00f3n completa su programa de movilidad segura, limpia y conectada\",\"datePublished\":\"2018-05-28T14:42:32+00:00\",\"mainEntityOfPage\":{\"@id\":\"https:\\\/\\\/www.cde.ual.es\\\/europa-en-movimiento-la-comision-completa-su-programa-de-movilidad-segura-limpia-y-conectada-2\\\/\"},\"wordCount\":547,\"commentCount\":0,\"publisher\":{\"@id\":\"https:\\\/\\\/www.cde.ual.es\\\/#organization\"},\"image\":{\"@id\":\"https:\\\/\\\/www.cde.ual.es\\\/europa-en-movimiento-la-comision-completa-su-programa-de-movilidad-segura-limpia-y-conectada-2\\\/#primaryimage\"},\"thumbnailUrl\":\"https:\\\/\\\/www.cde.ual.es\\\/wp-content\\\/uploads\\\/2018\\\/05\\\/Trasportes.jpg\",\"keywords\":[\"Medio Ambiente\"],\"articleSection\":[\"Noticias UE\",\"Sin categorizar\"],\"inLanguage\":\"en-US\",\"potentialAction\":[{\"@type\":\"CommentAction\",\"name\":\"Comment\",\"target\":[\"https:\\\/\\\/www.cde.ual.es\\\/europa-en-movimiento-la-comision-completa-su-programa-de-movilidad-segura-limpia-y-conectada-2\\\/#respond\"]}]},{\"@type\":\"WebPage\",\"@id\":\"https:\\\/\\\/www.cde.ual.es\\\/europa-en-movimiento-la-comision-completa-su-programa-de-movilidad-segura-limpia-y-conectada-2\\\/\",\"url\":\"https:\\\/\\\/www.cde.ual.es\\\/europa-en-movimiento-la-comision-completa-su-programa-de-movilidad-segura-limpia-y-conectada-2\\\/\",\"name\":\"Europa en movimiento: la Comisi\u00f3n completa su programa de movilidad segura, limpia y conectada | CDE Almer\u00eda - Centro de Documentaci\u00f3n Europea - Universidad de Almer\u00eda\",\"isPartOf\":{\"@id\":\"https:\\\/\\\/www.cde.ual.es\\\/#website\"},\"primaryImageOfPage\":{\"@id\":\"https:\\\/\\\/www.cde.ual.es\\\/europa-en-movimiento-la-comision-completa-su-programa-de-movilidad-segura-limpia-y-conectada-2\\\/#primaryimage\"},\"image\":{\"@id\":\"https:\\\/\\\/www.cde.ual.es\\\/europa-en-movimiento-la-comision-completa-su-programa-de-movilidad-segura-limpia-y-conectada-2\\\/#primaryimage\"},\"thumbnailUrl\":\"https:\\\/\\\/www.cde.ual.es\\\/wp-content\\\/uploads\\\/2018\\\/05\\\/Trasportes.jpg\",\"datePublished\":\"2018-05-28T14:42:32+00:00\",\"breadcrumb\":{\"@id\":\"https:\\\/\\\/www.cde.ual.es\\\/europa-en-movimiento-la-comision-completa-su-programa-de-movilidad-segura-limpia-y-conectada-2\\\/#breadcrumb\"},\"inLanguage\":\"en-US\",\"potentialAction\":[{\"@type\":\"ReadAction\",\"target\":[\"https:\\\/\\\/www.cde.ual.es\\\/europa-en-movimiento-la-comision-completa-su-programa-de-movilidad-segura-limpia-y-conectada-2\\\/\"]}]},{\"@type\":\"ImageObject\",\"inLanguage\":\"en-US\",\"@id\":\"https:\\\/\\\/www.cde.ual.es\\\/europa-en-movimiento-la-comision-completa-su-programa-de-movilidad-segura-limpia-y-conectada-2\\\/#primaryimage\",\"url\":\"https:\\\/\\\/www.cde.ual.es\\\/wp-content\\\/uploads\\\/2018\\\/05\\\/Trasportes.jpg\",\"contentUrl\":\"https:\\\/\\\/www.cde.ual.es\\\/wp-content\\\/uploads\\\/2018\\\/05\\\/Trasportes.jpg\",\"width\":510,\"height\":340},{\"@type\":\"BreadcrumbList\",\"@id\":\"https:\\\/\\\/www.cde.ual.es\\\/europa-en-movimiento-la-comision-completa-su-programa-de-movilidad-segura-limpia-y-conectada-2\\\/#breadcrumb\",\"itemListElement\":[{\"@type\":\"ListItem\",\"position\":1,\"name\":\"Inicio\",\"item\":\"https:\\\/\\\/www.cde.ual.es\\\/en\\\/\"},{\"@type\":\"ListItem\",\"position\":2,\"name\":\"Sin categorizar\",\"item\":\"https:\\\/\\\/www.cde.ual.es\\\/category\\\/sin-categorizar\\\/\"},{\"@type\":\"ListItem\",\"position\":3,\"name\":\"Europa en movimiento: la Comisi\u00f3n completa su programa de movilidad segura, limpia y conectada\"}]},{\"@type\":\"WebSite\",\"@id\":\"https:\\\/\\\/www.cde.ual.es\\\/#website\",\"url\":\"https:\\\/\\\/www.cde.ual.es\\\/\",\"name\":\"CDE Almer\u00eda - Centro de Documentaci\u00f3n Europea - Universidad de Almer\u00eda\",\"description\":\"Centro de Documentaci\u00f3n Europea de la Universidad de Almer\u00eda\",\"publisher\":{\"@id\":\"https:\\\/\\\/www.cde.ual.es\\\/#organization\"},\"alternateName\":\"CDE Almer\u00eda\",\"potentialAction\":[{\"@type\":\"SearchAction\",\"target\":{\"@type\":\"EntryPoint\",\"urlTemplate\":\"https:\\\/\\\/www.cde.ual.es\\\/?s={search_term_string}\"},\"query-input\":{\"@type\":\"PropertyValueSpecification\",\"valueRequired\":true,\"valueName\":\"search_term_string\"}}],\"inLanguage\":\"en-US\"},{\"@type\":\"Organization\",\"@id\":\"https:\\\/\\\/www.cde.ual.es\\\/#organization\",\"name\":\"Centro de Documentaci\u00f3n Europea de Almer\u00eda\",\"url\":\"https:\\\/\\\/www.cde.ual.es\\\/\",\"logo\":{\"@type\":\"ImageObject\",\"inLanguage\":\"en-US\",\"@id\":\"https:\\\/\\\/www.cde.ual.es\\\/#\\\/schema\\\/logo\\\/image\\\/\",\"url\":\"https:\\\/\\\/www.cde.ual.es\\\/wp-content\\\/uploads\\\/2025\\\/07\\\/cde-logo-3.png\",\"contentUrl\":\"https:\\\/\\\/www.cde.ual.es\\\/wp-content\\\/uploads\\\/2025\\\/07\\\/cde-logo-3.png\",\"width\":1400,\"height\":300,\"caption\":\"Centro de Documentaci\u00f3n Europea de Almer\u00eda\"},\"image\":{\"@id\":\"https:\\\/\\\/www.cde.ual.es\\\/#\\\/schema\\\/logo\\\/image\\\/\"},\"sameAs\":[\"https:\\\/\\\/www.facebook.com\\\/cdeuniversidadalmeria\\\/\",\"https:\\\/\\\/x.com\\\/cdeualmeria\",\"https:\\\/\\\/www.tiktok.com\\\/@cdealmeria\",\"https:\\\/\\\/www.instagram.com\\\/cdealmeria\\\/\",\"https:\\\/\\\/www.linkedin.com\\\/in\\\/cde-almera-812b26a9\\\/\"]},{\"@type\":\"Person\",\"@id\":\"https:\\\/\\\/www.cde.ual.es\\\/#\\\/schema\\\/person\\\/224ef08c8bcc005f319d2713ce37ee5f\",\"name\":\"AdminCDE\",\"image\":{\"@type\":\"ImageObject\",\"inLanguage\":\"en-US\",\"@id\":\"https:\\\/\\\/secure.gravatar.com\\\/avatar\\\/a72d038d371f995cd13706fac32274b7952a52e8fb0a84b5f80c85426f2a98a8?s=96&d=mm&r=g\",\"url\":\"https:\\\/\\\/secure.gravatar.com\\\/avatar\\\/a72d038d371f995cd13706fac32274b7952a52e8fb0a84b5f80c85426f2a98a8?s=96&d=mm&r=g\",\"contentUrl\":\"https:\\\/\\\/secure.gravatar.com\\\/avatar\\\/a72d038d371f995cd13706fac32274b7952a52e8fb0a84b5f80c85426f2a98a8?s=96&d=mm&r=g\",\"caption\":\"AdminCDE\"}}]}<\/script>\n<!-- \/ Yoast SEO plugin. -->","yoast_head_json":{"title":"Europa en movimiento: la Comisi\u00f3n completa su programa de movilidad segura, limpia y conectada | CDE Almer\u00eda - Centro de Documentaci\u00f3n Europea - Universidad de Almer\u00eda","robots":{"index":"index","follow":"follow","max-snippet":"max-snippet:-1","max-image-preview":"max-image-preview:large","max-video-preview":"max-video-preview:-1"},"canonical":"https:\/\/www.cde.ual.es\/europa-en-movimiento-la-comision-completa-su-programa-de-movilidad-segura-limpia-y-conectada-2\/","og_locale":"en_US","og_type":"article","og_title":"Europa en movimiento: la Comisi\u00f3n completa su programa de movilidad segura, limpia y conectada | CDE Almer\u00eda - Centro de Documentaci\u00f3n Europea - Universidad de Almer\u00eda","og_description":"La Comisi\u00f3n Juncker emprende la tercera y \u00faltima fase de sus acciones para modernizar el transporte en Europa. Con esta tercera edici\u00f3n de \u00abEuropa en movimiento\u00bb, la Comisi\u00f3n est\u00e1 a punto de ultimar su ambicioso programa de modernizaci\u00f3n de la movilidad. Sobre la base de las anteriores ediciones de \u00abEuropa en movimiento\u00bb de mayo y [&hellip;]","og_url":"https:\/\/www.cde.ual.es\/europa-en-movimiento-la-comision-completa-su-programa-de-movilidad-segura-limpia-y-conectada-2\/","og_site_name":"CDE Almer\u00eda - Centro de Documentaci\u00f3n Europea - Universidad de Almer\u00eda","article_publisher":"https:\/\/www.facebook.com\/cdeuniversidadalmeria\/","article_published_time":"2018-05-28T14:42:32+00:00","og_image":[{"width":510,"height":340,"url":"https:\/\/www.cde.ual.es\/wp-content\/uploads\/2018\/05\/Trasportes.jpg","type":"image\/jpeg"}],"author":"AdminCDE","twitter_card":"summary_large_image","twitter_creator":"@cdeualmeria","twitter_site":"@cdeualmeria","twitter_misc":{"Written by":"AdminCDE","Est. reading time":"3 minutes"},"schema":{"@context":"https:\/\/schema.org","@graph":[{"@type":"Article","@id":"https:\/\/www.cde.ual.es\/europa-en-movimiento-la-comision-completa-su-programa-de-movilidad-segura-limpia-y-conectada-2\/#article","isPartOf":{"@id":"https:\/\/www.cde.ual.es\/europa-en-movimiento-la-comision-completa-su-programa-de-movilidad-segura-limpia-y-conectada-2\/"},"author":{"name":"AdminCDE","@id":"https:\/\/www.cde.ual.es\/#\/schema\/person\/224ef08c8bcc005f319d2713ce37ee5f"},"headline":"Europa en movimiento: la Comisi\u00f3n completa su programa de movilidad segura, limpia y conectada","datePublished":"2018-05-28T14:42:32+00:00","mainEntityOfPage":{"@id":"https:\/\/www.cde.ual.es\/europa-en-movimiento-la-comision-completa-su-programa-de-movilidad-segura-limpia-y-conectada-2\/"},"wordCount":547,"commentCount":0,"publisher":{"@id":"https:\/\/www.cde.ual.es\/#organization"},"image":{"@id":"https:\/\/www.cde.ual.es\/europa-en-movimiento-la-comision-completa-su-programa-de-movilidad-segura-limpia-y-conectada-2\/#primaryimage"},"thumbnailUrl":"https:\/\/www.cde.ual.es\/wp-content\/uploads\/2018\/05\/Trasportes.jpg","keywords":["Medio Ambiente"],"articleSection":["Noticias UE","Sin categorizar"],"inLanguage":"en-US","potentialAction":[{"@type":"CommentAction","name":"Comment","target":["https:\/\/www.cde.ual.es\/europa-en-movimiento-la-comision-completa-su-programa-de-movilidad-segura-limpia-y-conectada-2\/#respond"]}]},{"@type":"WebPage","@id":"https:\/\/www.cde.ual.es\/europa-en-movimiento-la-comision-completa-su-programa-de-movilidad-segura-limpia-y-conectada-2\/","url":"https:\/\/www.cde.ual.es\/europa-en-movimiento-la-comision-completa-su-programa-de-movilidad-segura-limpia-y-conectada-2\/","name":"Europa en movimiento: la Comisi\u00f3n completa su programa de movilidad segura, limpia y conectada | CDE Almer\u00eda - Centro de Documentaci\u00f3n Europea - Universidad de Almer\u00eda","isPartOf":{"@id":"https:\/\/www.cde.ual.es\/#website"},"primaryImageOfPage":{"@id":"https:\/\/www.cde.ual.es\/europa-en-movimiento-la-comision-completa-su-programa-de-movilidad-segura-limpia-y-conectada-2\/#primaryimage"},"image":{"@id":"https:\/\/www.cde.ual.es\/europa-en-movimiento-la-comision-completa-su-programa-de-movilidad-segura-limpia-y-conectada-2\/#primaryimage"},"thumbnailUrl":"https:\/\/www.cde.ual.es\/wp-content\/uploads\/2018\/05\/Trasportes.jpg","datePublished":"2018-05-28T14:42:32+00:00","breadcrumb":{"@id":"https:\/\/www.cde.ual.es\/europa-en-movimiento-la-comision-completa-su-programa-de-movilidad-segura-limpia-y-conectada-2\/#breadcrumb"},"inLanguage":"en-US","potentialAction":[{"@type":"ReadAction","target":["https:\/\/www.cde.ual.es\/europa-en-movimiento-la-comision-completa-su-programa-de-movilidad-segura-limpia-y-conectada-2\/"]}]},{"@type":"ImageObject","inLanguage":"en-US","@id":"https:\/\/www.cde.ual.es\/europa-en-movimiento-la-comision-completa-su-programa-de-movilidad-segura-limpia-y-conectada-2\/#primaryimage","url":"https:\/\/www.cde.ual.es\/wp-content\/uploads\/2018\/05\/Trasportes.jpg","contentUrl":"https:\/\/www.cde.ual.es\/wp-content\/uploads\/2018\/05\/Trasportes.jpg","width":510,"height":340},{"@type":"BreadcrumbList","@id":"https:\/\/www.cde.ual.es\/europa-en-movimiento-la-comision-completa-su-programa-de-movilidad-segura-limpia-y-conectada-2\/#breadcrumb","itemListElement":[{"@type":"ListItem","position":1,"name":"Inicio","item":"https:\/\/www.cde.ual.es\/en\/"},{"@type":"ListItem","position":2,"name":"Sin categorizar","item":"https:\/\/www.cde.ual.es\/category\/sin-categorizar\/"},{"@type":"ListItem","position":3,"name":"Europa en movimiento: la Comisi\u00f3n completa su programa de movilidad segura, limpia y conectada"}]},{"@type":"WebSite","@id":"https:\/\/www.cde.ual.es\/#website","url":"https:\/\/www.cde.ual.es\/","name":"CDE Almer\u00eda - Centro de Documentaci\u00f3n Europea - Universidad de Almer\u00eda","description":"Centro de Documentaci\u00f3n Europea de la Universidad de Almer\u00eda","publisher":{"@id":"https:\/\/www.cde.ual.es\/#organization"},"alternateName":"CDE Almer\u00eda","potentialAction":[{"@type":"SearchAction","target":{"@type":"EntryPoint","urlTemplate":"https:\/\/www.cde.ual.es\/?s={search_term_string}"},"query-input":{"@type":"PropertyValueSpecification","valueRequired":true,"valueName":"search_term_string"}}],"inLanguage":"en-US"},{"@type":"Organization","@id":"https:\/\/www.cde.ual.es\/#organization","name":"Centro de Documentaci\u00f3n Europea de Almer\u00eda","url":"https:\/\/www.cde.ual.es\/","logo":{"@type":"ImageObject","inLanguage":"en-US","@id":"https:\/\/www.cde.ual.es\/#\/schema\/logo\/image\/","url":"https:\/\/www.cde.ual.es\/wp-content\/uploads\/2025\/07\/cde-logo-3.png","contentUrl":"https:\/\/www.cde.ual.es\/wp-content\/uploads\/2025\/07\/cde-logo-3.png","width":1400,"height":300,"caption":"Centro de Documentaci\u00f3n Europea de Almer\u00eda"},"image":{"@id":"https:\/\/www.cde.ual.es\/#\/schema\/logo\/image\/"},"sameAs":["https:\/\/www.facebook.com\/cdeuniversidadalmeria\/","https:\/\/x.com\/cdeualmeria","https:\/\/www.tiktok.com\/@cdealmeria","https:\/\/www.instagram.com\/cdealmeria\/","https:\/\/www.linkedin.com\/in\/cde-almera-812b26a9\/"]},{"@type":"Person","@id":"https:\/\/www.cde.ual.es\/#\/schema\/person\/224ef08c8bcc005f319d2713ce37ee5f","name":"AdminCDE","image":{"@type":"ImageObject","inLanguage":"en-US","@id":"https:\/\/secure.gravatar.com\/avatar\/a72d038d371f995cd13706fac32274b7952a52e8fb0a84b5f80c85426f2a98a8?s=96&d=mm&r=g","url":"https:\/\/secure.gravatar.com\/avatar\/a72d038d371f995cd13706fac32274b7952a52e8fb0a84b5f80c85426f2a98a8?s=96&d=mm&r=g","contentUrl":"https:\/\/secure.gravatar.com\/avatar\/a72d038d371f995cd13706fac32274b7952a52e8fb0a84b5f80c85426f2a98a8?s=96&d=mm&r=g","caption":"AdminCDE"}}]}},"_links":{"self":[{"href":"https:\/\/www.cde.ual.es\/en\/wp-json\/wp\/v2\/posts\/5139","targetHints":{"allow":["GET"]}}],"collection":[{"href":"https:\/\/www.cde.ual.es\/en\/wp-json\/wp\/v2\/posts"}],"about":[{"href":"https:\/\/www.cde.ual.es\/en\/wp-json\/wp\/v2\/types\/post"}],"author":[{"embeddable":true,"href":"https:\/\/www.cde.ual.es\/en\/wp-json\/wp\/v2\/users\/1"}],"replies":[{"embeddable":true,"href":"https:\/\/www.cde.ual.es\/en\/wp-json\/wp\/v2\/comments?post=5139"}],"version-history":[{"count":0,"href":"https:\/\/www.cde.ual.es\/en\/wp-json\/wp\/v2\/posts\/5139\/revisions"}],"wp:featuredmedia":[{"embeddable":true,"href":"https:\/\/www.cde.ual.es\/en\/wp-json\/wp\/v2\/media\/5208"}],"wp:attachment":[{"href":"https:\/\/www.cde.ual.es\/en\/wp-json\/wp\/v2\/media?parent=5139"}],"wp:term":[{"taxonomy":"category","embeddable":true,"href":"https:\/\/www.cde.ual.es\/en\/wp-json\/wp\/v2\/categories?post=5139"},{"taxonomy":"post_tag","embeddable":true,"href":"https:\/\/www.cde.ual.es\/en\/wp-json\/wp\/v2\/tags?post=5139"}],"curies":[{"name":"wp","href":"https:\/\/api.w.org\/{rel}","templated":true}]}}