{"id":5101,"date":"2018-05-24T16:14:26","date_gmt":"2018-05-24T14:14:26","guid":{"rendered":"http:\/\/www.cde.ual.es\/?p=5101"},"modified":"2018-05-24T16:14:26","modified_gmt":"2018-05-24T14:14:26","slug":"el-comisario-karmenu-vella-clausura-en-madrid-la-semana-verde-europea-con-un-dialogo-ciudadano","status":"publish","type":"post","link":"https:\/\/www.cde.ual.es\/en\/el-comisario-karmenu-vella-clausura-en-madrid-la-semana-verde-europea-con-un-dialogo-ciudadano\/","title":{"rendered":"El Comisario Karmenu Vella clausura  en Madrid la Semana Verde Europea con un Di\u00e1logo Ciudadano"},"content":{"rendered":"<p>Madrid es la ciudad donde se celebra la clausura oficial de la\u00a0\u00a0<a href=\"https:\/\/www.eugreenweek.eu\/\" data-saferedirecturl=\"https:\/\/www.google.com\/url?hl=es&amp;q=https:\/\/www.eugreenweek.eu\/&amp;source=gmail&amp;ust=1527256944751000&amp;usg=AFQjCNHdtrFEh3YX8-aODcW3zM4n2DwTig\">Semana Verde Europea 2018<\/a>, un encuentro anual sobre pol\u00edticas de medio ambiente re\u00fane a la ciudadan\u00eda de toda Europa con los representantes de gobiernos, industrias, organizaciones no gubernamentales, el mundo acad\u00e9mico y los medios de comunicaci\u00f3n, para un intercambio de ideas y buenas pr\u00e1cticas en materia ambientalista.<\/p>\n<p><a href=\"http:\/\/www.cde.ual.es\/wp-content\/uploads\/2018\/05\/GREENS-CITIES.png\"><img decoding=\"async\" class=\"wp-image-4761 aligncenter\" src=\"http:\/\/www.cde.ual.es\/wp-content\/uploads\/2018\/05\/GREENS-CITIES.png\" alt=\"\" width=\"599\" height=\"409\" srcset=\"https:\/\/www.cde.ual.es\/wp-content\/uploads\/2018\/05\/GREENS-CITIES.png 800w, https:\/\/www.cde.ual.es\/wp-content\/uploads\/2018\/05\/GREENS-CITIES-300x205.png 300w, https:\/\/www.cde.ual.es\/wp-content\/uploads\/2018\/05\/GREENS-CITIES-768x525.png 768w\" sizes=\"(max-width: 599px) 100vw, 599px\" \/><\/a><\/p>\n<p>La clausura oficial de la Semana Verde Europea se celebra en el centro de cultura Medialab-Prado (<a href=\"https:\/\/maps.google.com\/?q=C\/+Alameda+15&amp;entry=gmail&amp;source=g\">C\/ Alameda 15<\/a>) ma\u00f1ana viernes 25 de mayo,\u00a0<strong>donde a las 9 horas, el comisario Vella presentar\u00e1 el evento<\/strong>\u00a0junto a la alcaldesa de Madrid,\u00a0<strong>Manuela Carmena<\/strong>, y la ministra de Agricultura y Pesca, Alimentaci\u00f3n y Medio Ambiente,\u00a0<strong>Isabel Garc\u00eda Tejerina<\/strong>.<\/p>\n<p>Posteriormente,\u00a0<strong>Vella mantendr\u00e1 un\u00a0<\/strong><a href=\"https:\/\/ec.europa.eu\/spain\/events\/180525_cd-vella_es\" data-saferedirecturl=\"https:\/\/www.google.com\/url?hl=es&amp;q=https:\/\/ec.europa.eu\/spain\/events\/180525_cd-vella_es&amp;source=gmail&amp;ust=1527256944751000&amp;usg=AFQjCNHk5H9bWNDQfj4e_8v3MrqPyrzPqA\"><strong>Di\u00e1logo Ciudadano<\/strong><\/a>\u00a0con organizaciones de la sociedad civil, empresas locales y representantes institucionales, en el que tambi\u00e9n participar\u00e1n\u00a0In\u00e9s Saban\u00e9s, concejala de Medio Ambiente y Movilidad del\u00a0Ayuntamiento de Madrid; Paz Valiente, coordinadora de Medio Ambiente, Sostenibilidad y Movilidad del\u00a0Ayuntamiento de Madrid; Frederic Ximeno, comisionado de Ecolog\u00eda del\u00a0Ayuntamiento de Barcelona; y Mar\u00eda S\u00e1nchez Esteban, concejala de Medio Ambiente y Sostenibilidad del\u00a0Ayuntamiento de Valladolid.<\/p>\n<p>La ciudadan\u00eda podr\u00e1 dialogar con Karmenu Vella\u00a0sobre c\u00f3mo la UE ayuda a las ciudades a convertirse en mejores lugares para vivir y trabajar, promoviendo pol\u00edticas de calidad del aire, ruido, naturaleza y biodiversidad, gesti\u00f3n de residuos y agua, entre otros asuntos relacionado con el medio ambiente.<\/p>\n<ul>\n<li><strong>Puedes seguir el evento en directo\u00a0<\/strong><a href=\"https:\/\/www.eugreenweek.eu\/green-week-live\" data-saferedirecturl=\"https:\/\/www.google.com\/url?hl=es&amp;q=https:\/\/www.eugreenweek.eu\/green-week-live&amp;source=gmail&amp;ust=1527256944751000&amp;usg=AFQjCNEr25-OW1sftNURBlRvVoObgE7cog\"><strong>aqu\u00ed<\/strong><\/a><\/li>\n<li><strong>Puedes unirte a las conversaciones en redes sociales con el\u00a0<em>hashtag<\/em>#EUGreenWeek<\/strong><\/li>\n<\/ul>\n<p><strong>\u00a0<\/strong><\/p>\n","protected":false},"excerpt":{"rendered":"<p>Madrid es la ciudad donde se celebra la clausura oficial de la\u00a0\u00a0Semana Verde Europea 2018, un encuentro anual sobre pol\u00edticas de medio ambiente re\u00fane a la ciudadan\u00eda de toda Europa con los representantes de gobiernos, industrias, organizaciones no gubernamentales, el mundo acad\u00e9mico y los medios de comunicaci\u00f3n, para un intercambio de ideas y buenas pr\u00e1cticas [&hellip;]<\/p>\n","protected":false},"author":1,"featured_media":4761,"comment_status":"open","ping_status":"open","sticky":false,"template":"","format":"standard","meta":{"_acf_changed":false,"_relevanssi_hide_post":"","_relevanssi_hide_content":"","_relevanssi_pin_for_all":"","_relevanssi_pin_keywords":"","_relevanssi_unpin_keywords":"","_relevanssi_related_keywords":"","_relevanssi_related_include_ids":"","_relevanssi_related_exclude_ids":"","_relevanssi_related_no_append":"","_relevanssi_related_not_related":"","_relevanssi_related_posts":"","_relevanssi_noindex_reason":"","_monsterinsights_skip_tracking":false,"_monsterinsights_sitenote_active":false,"_monsterinsights_sitenote_note":"","_monsterinsights_sitenote_category":0,"_genesis_hide_title":false,"_genesis_hide_breadcrumbs":false,"_genesis_hide_singular_image":false,"_genesis_hide_footer_widgets":false,"_genesis_custom_body_class":"","_genesis_custom_post_class":"","_genesis_layout":"","footnotes":""},"categories":[96,1],"tags":[133],"class_list":{"0":"post-5101","1":"post","2":"type-post","3":"status-publish","4":"format-standard","5":"has-post-thumbnail","7":"category-noticias-ue","8":"category-sin-categorizar","9":"tag-medio-ambiente","10":"entry"},"acf":[],"yoast_head":"<!-- This site is optimized with the Yoast SEO plugin v27.4 - https:\/\/yoast.com\/product\/yoast-seo-wordpress\/ -->\n<title>El Comisario Karmenu Vella clausura en Madrid la Semana Verde Europea con un Di\u00e1logo Ciudadano | CDE Almer\u00eda - Centro de Documentaci\u00f3n Europea - Universidad de Almer\u00eda<\/title>\n<meta name=\"robots\" content=\"index, follow, max-snippet:-1, max-image-preview:large, max-video-preview:-1\" \/>\n<link rel=\"canonical\" href=\"https:\/\/www.cde.ual.es\/el-comisario-karmenu-vella-clausura-en-madrid-la-semana-verde-europea-con-un-dialogo-ciudadano\/\" \/>\n<meta property=\"og:locale\" content=\"en_US\" \/>\n<meta property=\"og:type\" content=\"article\" \/>\n<meta property=\"og:title\" content=\"El Comisario Karmenu Vella clausura en Madrid la Semana Verde Europea con un Di\u00e1logo Ciudadano | CDE Almer\u00eda - Centro de Documentaci\u00f3n Europea - Universidad de Almer\u00eda\" \/>\n<meta property=\"og:description\" content=\"Madrid es la ciudad donde se celebra la clausura oficial de la\u00a0\u00a0Semana Verde Europea 2018, un encuentro anual sobre pol\u00edticas de medio ambiente re\u00fane a la ciudadan\u00eda de toda Europa con los representantes de gobiernos, industrias, organizaciones no gubernamentales, el mundo acad\u00e9mico y los medios de comunicaci\u00f3n, para un intercambio de ideas y buenas pr\u00e1cticas [&hellip;]\" \/>\n<meta property=\"og:url\" content=\"https:\/\/www.cde.ual.es\/el-comisario-karmenu-vella-clausura-en-madrid-la-semana-verde-europea-con-un-dialogo-ciudadano\/\" \/>\n<meta property=\"og:site_name\" content=\"CDE Almer\u00eda - Centro de Documentaci\u00f3n Europea - Universidad de Almer\u00eda\" \/>\n<meta property=\"article:publisher\" content=\"https:\/\/www.facebook.com\/cdeuniversidadalmeria\/\" \/>\n<meta property=\"article:published_time\" content=\"2018-05-24T14:14:26+00:00\" \/>\n<meta property=\"og:image\" content=\"https:\/\/www.cde.ual.es\/wp-content\/uploads\/2018\/05\/GREENS-CITIES.png\" \/>\n\t<meta property=\"og:image:width\" content=\"800\" \/>\n\t<meta property=\"og:image:height\" content=\"547\" \/>\n\t<meta property=\"og:image:type\" content=\"image\/png\" \/>\n<meta name=\"author\" content=\"AdminCDE\" \/>\n<meta name=\"twitter:card\" content=\"summary_large_image\" \/>\n<meta name=\"twitter:creator\" content=\"@cdeualmeria\" \/>\n<meta name=\"twitter:site\" content=\"@cdeualmeria\" \/>\n<meta name=\"twitter:label1\" content=\"Written by\" \/>\n\t<meta name=\"twitter:data1\" content=\"AdminCDE\" \/>\n\t<meta name=\"twitter:label2\" content=\"Est. reading time\" \/>\n\t<meta name=\"twitter:data2\" content=\"1 minute\" \/>\n<script type=\"application\/ld+json\" class=\"yoast-schema-graph\">{\"@context\":\"https:\\\/\\\/schema.org\",\"@graph\":[{\"@type\":\"Article\",\"@id\":\"https:\\\/\\\/www.cde.ual.es\\\/el-comisario-karmenu-vella-clausura-en-madrid-la-semana-verde-europea-con-un-dialogo-ciudadano\\\/#article\",\"isPartOf\":{\"@id\":\"https:\\\/\\\/www.cde.ual.es\\\/el-comisario-karmenu-vella-clausura-en-madrid-la-semana-verde-europea-con-un-dialogo-ciudadano\\\/\"},\"author\":{\"name\":\"AdminCDE\",\"@id\":\"https:\\\/\\\/www.cde.ual.es\\\/#\\\/schema\\\/person\\\/224ef08c8bcc005f319d2713ce37ee5f\"},\"headline\":\"El Comisario Karmenu Vella clausura en Madrid la Semana Verde Europea con un Di\u00e1logo Ciudadano\",\"datePublished\":\"2018-05-24T14:14:26+00:00\",\"mainEntityOfPage\":{\"@id\":\"https:\\\/\\\/www.cde.ual.es\\\/el-comisario-karmenu-vella-clausura-en-madrid-la-semana-verde-europea-con-un-dialogo-ciudadano\\\/\"},\"wordCount\":285,\"commentCount\":0,\"publisher\":{\"@id\":\"https:\\\/\\\/www.cde.ual.es\\\/#organization\"},\"image\":{\"@id\":\"https:\\\/\\\/www.cde.ual.es\\\/el-comisario-karmenu-vella-clausura-en-madrid-la-semana-verde-europea-con-un-dialogo-ciudadano\\\/#primaryimage\"},\"thumbnailUrl\":\"https:\\\/\\\/www.cde.ual.es\\\/wp-content\\\/uploads\\\/2018\\\/05\\\/GREENS-CITIES.png\",\"keywords\":[\"Medio Ambiente\"],\"articleSection\":[\"Noticias UE\",\"Sin categorizar\"],\"inLanguage\":\"en-US\",\"potentialAction\":[{\"@type\":\"CommentAction\",\"name\":\"Comment\",\"target\":[\"https:\\\/\\\/www.cde.ual.es\\\/el-comisario-karmenu-vella-clausura-en-madrid-la-semana-verde-europea-con-un-dialogo-ciudadano\\\/#respond\"]}]},{\"@type\":\"WebPage\",\"@id\":\"https:\\\/\\\/www.cde.ual.es\\\/el-comisario-karmenu-vella-clausura-en-madrid-la-semana-verde-europea-con-un-dialogo-ciudadano\\\/\",\"url\":\"https:\\\/\\\/www.cde.ual.es\\\/el-comisario-karmenu-vella-clausura-en-madrid-la-semana-verde-europea-con-un-dialogo-ciudadano\\\/\",\"name\":\"El Comisario Karmenu Vella clausura en Madrid la Semana Verde Europea con un Di\u00e1logo Ciudadano | CDE Almer\u00eda - Centro de Documentaci\u00f3n Europea - Universidad de Almer\u00eda\",\"isPartOf\":{\"@id\":\"https:\\\/\\\/www.cde.ual.es\\\/#website\"},\"primaryImageOfPage\":{\"@id\":\"https:\\\/\\\/www.cde.ual.es\\\/el-comisario-karmenu-vella-clausura-en-madrid-la-semana-verde-europea-con-un-dialogo-ciudadano\\\/#primaryimage\"},\"image\":{\"@id\":\"https:\\\/\\\/www.cde.ual.es\\\/el-comisario-karmenu-vella-clausura-en-madrid-la-semana-verde-europea-con-un-dialogo-ciudadano\\\/#primaryimage\"},\"thumbnailUrl\":\"https:\\\/\\\/www.cde.ual.es\\\/wp-content\\\/uploads\\\/2018\\\/05\\\/GREENS-CITIES.png\",\"datePublished\":\"2018-05-24T14:14:26+00:00\",\"breadcrumb\":{\"@id\":\"https:\\\/\\\/www.cde.ual.es\\\/el-comisario-karmenu-vella-clausura-en-madrid-la-semana-verde-europea-con-un-dialogo-ciudadano\\\/#breadcrumb\"},\"inLanguage\":\"en-US\",\"potentialAction\":[{\"@type\":\"ReadAction\",\"target\":[\"https:\\\/\\\/www.cde.ual.es\\\/el-comisario-karmenu-vella-clausura-en-madrid-la-semana-verde-europea-con-un-dialogo-ciudadano\\\/\"]}]},{\"@type\":\"ImageObject\",\"inLanguage\":\"en-US\",\"@id\":\"https:\\\/\\\/www.cde.ual.es\\\/el-comisario-karmenu-vella-clausura-en-madrid-la-semana-verde-europea-con-un-dialogo-ciudadano\\\/#primaryimage\",\"url\":\"https:\\\/\\\/www.cde.ual.es\\\/wp-content\\\/uploads\\\/2018\\\/05\\\/GREENS-CITIES.png\",\"contentUrl\":\"https:\\\/\\\/www.cde.ual.es\\\/wp-content\\\/uploads\\\/2018\\\/05\\\/GREENS-CITIES.png\",\"width\":800,\"height\":547},{\"@type\":\"BreadcrumbList\",\"@id\":\"https:\\\/\\\/www.cde.ual.es\\\/el-comisario-karmenu-vella-clausura-en-madrid-la-semana-verde-europea-con-un-dialogo-ciudadano\\\/#breadcrumb\",\"itemListElement\":[{\"@type\":\"ListItem\",\"position\":1,\"name\":\"Inicio\",\"item\":\"https:\\\/\\\/www.cde.ual.es\\\/en\\\/\"},{\"@type\":\"ListItem\",\"position\":2,\"name\":\"Sin categorizar\",\"item\":\"https:\\\/\\\/www.cde.ual.es\\\/category\\\/sin-categorizar\\\/\"},{\"@type\":\"ListItem\",\"position\":3,\"name\":\"El Comisario Karmenu Vella clausura en Madrid la Semana Verde Europea con un Di\u00e1logo Ciudadano\"}]},{\"@type\":\"WebSite\",\"@id\":\"https:\\\/\\\/www.cde.ual.es\\\/#website\",\"url\":\"https:\\\/\\\/www.cde.ual.es\\\/\",\"name\":\"CDE Almer\u00eda - Centro de Documentaci\u00f3n Europea - Universidad de Almer\u00eda\",\"description\":\"Centro de Documentaci\u00f3n Europea de la Universidad de Almer\u00eda\",\"publisher\":{\"@id\":\"https:\\\/\\\/www.cde.ual.es\\\/#organization\"},\"alternateName\":\"CDE Almer\u00eda\",\"potentialAction\":[{\"@type\":\"SearchAction\",\"target\":{\"@type\":\"EntryPoint\",\"urlTemplate\":\"https:\\\/\\\/www.cde.ual.es\\\/?s={search_term_string}\"},\"query-input\":{\"@type\":\"PropertyValueSpecification\",\"valueRequired\":true,\"valueName\":\"search_term_string\"}}],\"inLanguage\":\"en-US\"},{\"@type\":\"Organization\",\"@id\":\"https:\\\/\\\/www.cde.ual.es\\\/#organization\",\"name\":\"Centro de Documentaci\u00f3n Europea de Almer\u00eda\",\"url\":\"https:\\\/\\\/www.cde.ual.es\\\/\",\"logo\":{\"@type\":\"ImageObject\",\"inLanguage\":\"en-US\",\"@id\":\"https:\\\/\\\/www.cde.ual.es\\\/#\\\/schema\\\/logo\\\/image\\\/\",\"url\":\"https:\\\/\\\/www.cde.ual.es\\\/wp-content\\\/uploads\\\/2025\\\/07\\\/cde-logo-3.png\",\"contentUrl\":\"https:\\\/\\\/www.cde.ual.es\\\/wp-content\\\/uploads\\\/2025\\\/07\\\/cde-logo-3.png\",\"width\":1400,\"height\":300,\"caption\":\"Centro de Documentaci\u00f3n Europea de Almer\u00eda\"},\"image\":{\"@id\":\"https:\\\/\\\/www.cde.ual.es\\\/#\\\/schema\\\/logo\\\/image\\\/\"},\"sameAs\":[\"https:\\\/\\\/www.facebook.com\\\/cdeuniversidadalmeria\\\/\",\"https:\\\/\\\/x.com\\\/cdeualmeria\",\"https:\\\/\\\/www.tiktok.com\\\/@cdealmeria\",\"https:\\\/\\\/www.instagram.com\\\/cdealmeria\\\/\",\"https:\\\/\\\/www.linkedin.com\\\/in\\\/cde-almera-812b26a9\\\/\"]},{\"@type\":\"Person\",\"@id\":\"https:\\\/\\\/www.cde.ual.es\\\/#\\\/schema\\\/person\\\/224ef08c8bcc005f319d2713ce37ee5f\",\"name\":\"AdminCDE\",\"image\":{\"@type\":\"ImageObject\",\"inLanguage\":\"en-US\",\"@id\":\"https:\\\/\\\/secure.gravatar.com\\\/avatar\\\/a72d038d371f995cd13706fac32274b7952a52e8fb0a84b5f80c85426f2a98a8?s=96&d=mm&r=g\",\"url\":\"https:\\\/\\\/secure.gravatar.com\\\/avatar\\\/a72d038d371f995cd13706fac32274b7952a52e8fb0a84b5f80c85426f2a98a8?s=96&d=mm&r=g\",\"contentUrl\":\"https:\\\/\\\/secure.gravatar.com\\\/avatar\\\/a72d038d371f995cd13706fac32274b7952a52e8fb0a84b5f80c85426f2a98a8?s=96&d=mm&r=g\",\"caption\":\"AdminCDE\"}}]}<\/script>\n<!-- \/ Yoast SEO plugin. -->","yoast_head_json":{"title":"El Comisario Karmenu Vella clausura en Madrid la Semana Verde Europea con un Di\u00e1logo Ciudadano | CDE Almer\u00eda - Centro de Documentaci\u00f3n Europea - Universidad de Almer\u00eda","robots":{"index":"index","follow":"follow","max-snippet":"max-snippet:-1","max-image-preview":"max-image-preview:large","max-video-preview":"max-video-preview:-1"},"canonical":"https:\/\/www.cde.ual.es\/el-comisario-karmenu-vella-clausura-en-madrid-la-semana-verde-europea-con-un-dialogo-ciudadano\/","og_locale":"en_US","og_type":"article","og_title":"El Comisario Karmenu Vella clausura en Madrid la Semana Verde Europea con un Di\u00e1logo Ciudadano | CDE Almer\u00eda - Centro de Documentaci\u00f3n Europea - Universidad de Almer\u00eda","og_description":"Madrid es la ciudad donde se celebra la clausura oficial de la\u00a0\u00a0Semana Verde Europea 2018, un encuentro anual sobre pol\u00edticas de medio ambiente re\u00fane a la ciudadan\u00eda de toda Europa con los representantes de gobiernos, industrias, organizaciones no gubernamentales, el mundo acad\u00e9mico y los medios de comunicaci\u00f3n, para un intercambio de ideas y buenas pr\u00e1cticas [&hellip;]","og_url":"https:\/\/www.cde.ual.es\/el-comisario-karmenu-vella-clausura-en-madrid-la-semana-verde-europea-con-un-dialogo-ciudadano\/","og_site_name":"CDE Almer\u00eda - Centro de Documentaci\u00f3n Europea - Universidad de Almer\u00eda","article_publisher":"https:\/\/www.facebook.com\/cdeuniversidadalmeria\/","article_published_time":"2018-05-24T14:14:26+00:00","og_image":[{"width":800,"height":547,"url":"https:\/\/www.cde.ual.es\/wp-content\/uploads\/2018\/05\/GREENS-CITIES.png","type":"image\/png"}],"author":"AdminCDE","twitter_card":"summary_large_image","twitter_creator":"@cdeualmeria","twitter_site":"@cdeualmeria","twitter_misc":{"Written by":"AdminCDE","Est. reading time":"1 minute"},"schema":{"@context":"https:\/\/schema.org","@graph":[{"@type":"Article","@id":"https:\/\/www.cde.ual.es\/el-comisario-karmenu-vella-clausura-en-madrid-la-semana-verde-europea-con-un-dialogo-ciudadano\/#article","isPartOf":{"@id":"https:\/\/www.cde.ual.es\/el-comisario-karmenu-vella-clausura-en-madrid-la-semana-verde-europea-con-un-dialogo-ciudadano\/"},"author":{"name":"AdminCDE","@id":"https:\/\/www.cde.ual.es\/#\/schema\/person\/224ef08c8bcc005f319d2713ce37ee5f"},"headline":"El Comisario Karmenu Vella clausura en Madrid la Semana Verde Europea con un Di\u00e1logo Ciudadano","datePublished":"2018-05-24T14:14:26+00:00","mainEntityOfPage":{"@id":"https:\/\/www.cde.ual.es\/el-comisario-karmenu-vella-clausura-en-madrid-la-semana-verde-europea-con-un-dialogo-ciudadano\/"},"wordCount":285,"commentCount":0,"publisher":{"@id":"https:\/\/www.cde.ual.es\/#organization"},"image":{"@id":"https:\/\/www.cde.ual.es\/el-comisario-karmenu-vella-clausura-en-madrid-la-semana-verde-europea-con-un-dialogo-ciudadano\/#primaryimage"},"thumbnailUrl":"https:\/\/www.cde.ual.es\/wp-content\/uploads\/2018\/05\/GREENS-CITIES.png","keywords":["Medio Ambiente"],"articleSection":["Noticias UE","Sin categorizar"],"inLanguage":"en-US","potentialAction":[{"@type":"CommentAction","name":"Comment","target":["https:\/\/www.cde.ual.es\/el-comisario-karmenu-vella-clausura-en-madrid-la-semana-verde-europea-con-un-dialogo-ciudadano\/#respond"]}]},{"@type":"WebPage","@id":"https:\/\/www.cde.ual.es\/el-comisario-karmenu-vella-clausura-en-madrid-la-semana-verde-europea-con-un-dialogo-ciudadano\/","url":"https:\/\/www.cde.ual.es\/el-comisario-karmenu-vella-clausura-en-madrid-la-semana-verde-europea-con-un-dialogo-ciudadano\/","name":"El Comisario Karmenu Vella clausura en Madrid la Semana Verde Europea con un Di\u00e1logo Ciudadano | CDE Almer\u00eda - Centro de Documentaci\u00f3n Europea - Universidad de Almer\u00eda","isPartOf":{"@id":"https:\/\/www.cde.ual.es\/#website"},"primaryImageOfPage":{"@id":"https:\/\/www.cde.ual.es\/el-comisario-karmenu-vella-clausura-en-madrid-la-semana-verde-europea-con-un-dialogo-ciudadano\/#primaryimage"},"image":{"@id":"https:\/\/www.cde.ual.es\/el-comisario-karmenu-vella-clausura-en-madrid-la-semana-verde-europea-con-un-dialogo-ciudadano\/#primaryimage"},"thumbnailUrl":"https:\/\/www.cde.ual.es\/wp-content\/uploads\/2018\/05\/GREENS-CITIES.png","datePublished":"2018-05-24T14:14:26+00:00","breadcrumb":{"@id":"https:\/\/www.cde.ual.es\/el-comisario-karmenu-vella-clausura-en-madrid-la-semana-verde-europea-con-un-dialogo-ciudadano\/#breadcrumb"},"inLanguage":"en-US","potentialAction":[{"@type":"ReadAction","target":["https:\/\/www.cde.ual.es\/el-comisario-karmenu-vella-clausura-en-madrid-la-semana-verde-europea-con-un-dialogo-ciudadano\/"]}]},{"@type":"ImageObject","inLanguage":"en-US","@id":"https:\/\/www.cde.ual.es\/el-comisario-karmenu-vella-clausura-en-madrid-la-semana-verde-europea-con-un-dialogo-ciudadano\/#primaryimage","url":"https:\/\/www.cde.ual.es\/wp-content\/uploads\/2018\/05\/GREENS-CITIES.png","contentUrl":"https:\/\/www.cde.ual.es\/wp-content\/uploads\/2018\/05\/GREENS-CITIES.png","width":800,"height":547},{"@type":"BreadcrumbList","@id":"https:\/\/www.cde.ual.es\/el-comisario-karmenu-vella-clausura-en-madrid-la-semana-verde-europea-con-un-dialogo-ciudadano\/#breadcrumb","itemListElement":[{"@type":"ListItem","position":1,"name":"Inicio","item":"https:\/\/www.cde.ual.es\/en\/"},{"@type":"ListItem","position":2,"name":"Sin categorizar","item":"https:\/\/www.cde.ual.es\/category\/sin-categorizar\/"},{"@type":"ListItem","position":3,"name":"El Comisario Karmenu Vella clausura en Madrid la Semana Verde Europea con un Di\u00e1logo Ciudadano"}]},{"@type":"WebSite","@id":"https:\/\/www.cde.ual.es\/#website","url":"https:\/\/www.cde.ual.es\/","name":"CDE Almer\u00eda - Centro de Documentaci\u00f3n Europea - Universidad de Almer\u00eda","description":"Centro de Documentaci\u00f3n Europea de la Universidad de Almer\u00eda","publisher":{"@id":"https:\/\/www.cde.ual.es\/#organization"},"alternateName":"CDE Almer\u00eda","potentialAction":[{"@type":"SearchAction","target":{"@type":"EntryPoint","urlTemplate":"https:\/\/www.cde.ual.es\/?s={search_term_string}"},"query-input":{"@type":"PropertyValueSpecification","valueRequired":true,"valueName":"search_term_string"}}],"inLanguage":"en-US"},{"@type":"Organization","@id":"https:\/\/www.cde.ual.es\/#organization","name":"Centro de Documentaci\u00f3n Europea de Almer\u00eda","url":"https:\/\/www.cde.ual.es\/","logo":{"@type":"ImageObject","inLanguage":"en-US","@id":"https:\/\/www.cde.ual.es\/#\/schema\/logo\/image\/","url":"https:\/\/www.cde.ual.es\/wp-content\/uploads\/2025\/07\/cde-logo-3.png","contentUrl":"https:\/\/www.cde.ual.es\/wp-content\/uploads\/2025\/07\/cde-logo-3.png","width":1400,"height":300,"caption":"Centro de Documentaci\u00f3n Europea de Almer\u00eda"},"image":{"@id":"https:\/\/www.cde.ual.es\/#\/schema\/logo\/image\/"},"sameAs":["https:\/\/www.facebook.com\/cdeuniversidadalmeria\/","https:\/\/x.com\/cdeualmeria","https:\/\/www.tiktok.com\/@cdealmeria","https:\/\/www.instagram.com\/cdealmeria\/","https:\/\/www.linkedin.com\/in\/cde-almera-812b26a9\/"]},{"@type":"Person","@id":"https:\/\/www.cde.ual.es\/#\/schema\/person\/224ef08c8bcc005f319d2713ce37ee5f","name":"AdminCDE","image":{"@type":"ImageObject","inLanguage":"en-US","@id":"https:\/\/secure.gravatar.com\/avatar\/a72d038d371f995cd13706fac32274b7952a52e8fb0a84b5f80c85426f2a98a8?s=96&d=mm&r=g","url":"https:\/\/secure.gravatar.com\/avatar\/a72d038d371f995cd13706fac32274b7952a52e8fb0a84b5f80c85426f2a98a8?s=96&d=mm&r=g","contentUrl":"https:\/\/secure.gravatar.com\/avatar\/a72d038d371f995cd13706fac32274b7952a52e8fb0a84b5f80c85426f2a98a8?s=96&d=mm&r=g","caption":"AdminCDE"}}]}},"_links":{"self":[{"href":"https:\/\/www.cde.ual.es\/en\/wp-json\/wp\/v2\/posts\/5101","targetHints":{"allow":["GET"]}}],"collection":[{"href":"https:\/\/www.cde.ual.es\/en\/wp-json\/wp\/v2\/posts"}],"about":[{"href":"https:\/\/www.cde.ual.es\/en\/wp-json\/wp\/v2\/types\/post"}],"author":[{"embeddable":true,"href":"https:\/\/www.cde.ual.es\/en\/wp-json\/wp\/v2\/users\/1"}],"replies":[{"embeddable":true,"href":"https:\/\/www.cde.ual.es\/en\/wp-json\/wp\/v2\/comments?post=5101"}],"version-history":[{"count":0,"href":"https:\/\/www.cde.ual.es\/en\/wp-json\/wp\/v2\/posts\/5101\/revisions"}],"wp:featuredmedia":[{"embeddable":true,"href":"https:\/\/www.cde.ual.es\/en\/wp-json\/wp\/v2\/media\/4761"}],"wp:attachment":[{"href":"https:\/\/www.cde.ual.es\/en\/wp-json\/wp\/v2\/media?parent=5101"}],"wp:term":[{"taxonomy":"category","embeddable":true,"href":"https:\/\/www.cde.ual.es\/en\/wp-json\/wp\/v2\/categories?post=5101"},{"taxonomy":"post_tag","embeddable":true,"href":"https:\/\/www.cde.ual.es\/en\/wp-json\/wp\/v2\/tags?post=5101"}],"curies":[{"name":"wp","href":"https:\/\/api.w.org\/{rel}","templated":true}]}}