{"id":50729,"date":"2020-08-19T03:00:40","date_gmt":"2020-08-19T01:00:40","guid":{"rendered":"https:\/\/www.cde.ual.es\/?p=50729"},"modified":"2021-11-18T09:51:51","modified_gmt":"2021-11-18T08:51:51","slug":"head-of-european-affairs-sector-at-easo","status":"publish","type":"post","link":"https:\/\/www.cde.ual.es\/en\/head-of-european-affairs-sector-at-easo\/","title":{"rendered":"Head of European Affairs Sector at EASO"},"content":{"rendered":"<p>The <strong>European Asylum Support Office<\/strong> (<strong>&#8220;EASO&#8221;<\/strong>), established by Regulation 439\/20101 , strengthens European Union (EU) Member States\u2019 practical cooperation on asylum, enhances the implementation of the Common European Asylum System (CEAS) and supports Member States whose asylum and reception systems are under particular pressure.<\/p>\n<p><img decoding=\"async\" class=\"wp-image-30277 aligncenter\" src=\"https:\/\/www.cde.ual.es\/wp-content\/uploads\/2019\/11\/EASO-1.jpg\" alt=\"\" width=\"400\" height=\"224\" srcset=\"https:\/\/www.cde.ual.es\/wp-content\/uploads\/2019\/11\/EASO-1.jpg 1280w, https:\/\/www.cde.ual.es\/wp-content\/uploads\/2019\/11\/EASO-1-300x169.jpg 300w, https:\/\/www.cde.ual.es\/wp-content\/uploads\/2019\/11\/EASO-1-768x432.jpg 768w, https:\/\/www.cde.ual.es\/wp-content\/uploads\/2019\/11\/EASO-1-1024x576.jpg 1024w\" sizes=\"(max-width: 400px) 100vw, 400px\" \/><\/p>\n<p>The office is offering an external vacancy for a <strong>Head of European Affairs Sector<\/strong>.<\/p>\n<h3>Tasks<\/h3>\n<p>The Head of European Affairs Sector will report to the Head of the European and International<br \/>\nCooperation Unit. The successful candidate will be responsible for the following tasks:<br \/>\n1. Lead and manage the European Affairs Sector within the European and Internal Cooperation Unit (EICU);<br \/>\n2. Coordinate, in close liaison with other Units or Sectors as appropriate, strategic cooperation with EU stakeholders, including EU institutions, bodies and Agencies, and Member States;<br \/>\n3. Coordinate and supervise cooperation with civil society, including the work of the EASO<br \/>\nConsultative Forum;<br \/>\n4. Manage, coordinate and maintain a horizontal overview of EASO\u2019s relations with EU<br \/>\nstakeholders;<br \/>\n5. Coordinate the drafting, negotiation and conclusion of Working Arrangements and cooperation<br \/>\nplans with EU stakeholders, and monitor and follow up on their implementation;<br \/>\n6. Coordinate and organise meetings, consultations and other activities with EU stakeholders;<br \/>\n7. Coordinate and supervise the drafting of briefing notes, concept notes, policy and position<br \/>\npapers, speeches and meeting reports as required;<br \/>\n8. Ensure monitoring of developments relating to international protection and to EASO at EU level;<br \/>\n9. Contribute to the drafting of the EASO Annual Work Programme, budget estimates and other<br \/>\nstrategic documents, and to monitor and report on activities that fall within the remit of the<br \/>\nsector;<br \/>\n10. Perform any other tasks as required by the Head of Unit or the Executive Director.<\/p>\n<h3>Dead line<\/h3>\n<p><strong>12 September<\/strong> 2020<\/p>\n<h3>More information<\/h3>\n<p><a href=\"https:\/\/www.easo.europa.eu\/sites\/default\/files\/EASO_2020_TA_004%20HoS%20EU%20Affairs%20AD%208_VN%20EXTERNAL.pdf\">EASO vacancy<\/a><\/p>\n","protected":false},"excerpt":{"rendered":"<p>The European Asylum Support Office (&#8220;EASO&#8221;), established by Regulation 439\/20101 , strengthens European Union (EU) Member States\u2019 practical cooperation on asylum, enhances the implementation of the Common European Asylum System (CEAS) and supports Member States whose asylum and reception systems are under particular pressure. The office is offering an external vacancy for a Head of [&hellip;]<\/p>\n","protected":false},"author":1,"featured_media":30277,"comment_status":"open","ping_status":"open","sticky":false,"template":"","format":"standard","meta":{"_acf_changed":false,"_relevanssi_hide_post":"","_relevanssi_hide_content":"","_relevanssi_pin_for_all":"","_relevanssi_pin_keywords":"","_relevanssi_unpin_keywords":"","_relevanssi_related_keywords":"","_relevanssi_related_include_ids":"","_relevanssi_related_exclude_ids":"","_relevanssi_related_no_append":"","_relevanssi_related_not_related":"","_relevanssi_related_posts":"","_relevanssi_noindex_reason":"","_monsterinsights_skip_tracking":false,"_monsterinsights_sitenote_active":false,"_monsterinsights_sitenote_note":"","_monsterinsights_sitenote_category":0,"_genesis_hide_title":false,"_genesis_hide_breadcrumbs":false,"_genesis_hide_singular_image":false,"_genesis_hide_footer_widgets":false,"_genesis_custom_body_class":"","_genesis_custom_post_class":"","_genesis_layout":"","footnotes":""},"categories":[366,4115],"tags":[714],"class_list":{"0":"post-50729","1":"post","2":"type-post","3":"status-publish","4":"format-standard","5":"has-post-thumbnail","7":"category-eu-calls-and-awards","8":"category-other","9":"tag-work-and-employment","10":"entry"},"acf":[],"yoast_head":"<!-- This site is optimized with the Yoast SEO plugin v27.5 - https:\/\/yoast.com\/product\/yoast-seo-wordpress\/ -->\n<title>Head of European Affairs Sector at EASO | CDE Almer\u00eda - Centro de Documentaci\u00f3n Europea - Universidad de Almer\u00eda<\/title>\n<meta name=\"robots\" content=\"index, follow, max-snippet:-1, max-image-preview:large, max-video-preview:-1\" \/>\n<link rel=\"canonical\" href=\"https:\/\/www.cde.ual.es\/en\/head-of-european-affairs-sector-at-easo\/\" \/>\n<meta property=\"og:locale\" content=\"en_US\" \/>\n<meta property=\"og:type\" content=\"article\" \/>\n<meta property=\"og:title\" content=\"Head of European Affairs Sector at EASO | CDE Almer\u00eda - Centro de Documentaci\u00f3n Europea - Universidad de Almer\u00eda\" \/>\n<meta property=\"og:description\" content=\"The European Asylum Support Office (&#8220;EASO&#8221;), established by Regulation 439\/20101 , strengthens European Union (EU) Member States\u2019 practical cooperation on asylum, enhances the implementation of the Common European Asylum System (CEAS) and supports Member States whose asylum and reception systems are under particular pressure. The office is offering an external vacancy for a Head of [&hellip;]\" \/>\n<meta property=\"og:url\" content=\"https:\/\/www.cde.ual.es\/en\/head-of-european-affairs-sector-at-easo\/\" \/>\n<meta property=\"og:site_name\" content=\"CDE Almer\u00eda - Centro de Documentaci\u00f3n Europea - Universidad de Almer\u00eda\" \/>\n<meta property=\"article:publisher\" content=\"https:\/\/www.facebook.com\/cdeuniversidadalmeria\/\" \/>\n<meta property=\"article:published_time\" content=\"2020-08-19T01:00:40+00:00\" \/>\n<meta property=\"article:modified_time\" content=\"2021-11-18T08:51:51+00:00\" \/>\n<meta property=\"og:image\" content=\"https:\/\/www.cde.ual.es\/wp-content\/uploads\/2019\/11\/EASO-1.jpg\" \/>\n\t<meta property=\"og:image:width\" content=\"1280\" \/>\n\t<meta property=\"og:image:height\" content=\"720\" \/>\n\t<meta property=\"og:image:type\" content=\"image\/jpeg\" \/>\n<meta name=\"author\" content=\"AdminCDE\" \/>\n<meta name=\"twitter:card\" content=\"summary_large_image\" \/>\n<meta name=\"twitter:creator\" content=\"@cdeualmeria\" \/>\n<meta name=\"twitter:site\" content=\"@cdeualmeria\" \/>\n<meta name=\"twitter:label1\" content=\"Written by\" \/>\n\t<meta name=\"twitter:data1\" content=\"AdminCDE\" \/>\n\t<meta name=\"twitter:label2\" content=\"Est. reading time\" \/>\n\t<meta name=\"twitter:data2\" content=\"1 minute\" \/>\n<script type=\"application\/ld+json\" class=\"yoast-schema-graph\">{\"@context\":\"https:\\\/\\\/schema.org\",\"@graph\":[{\"@type\":\"Article\",\"@id\":\"https:\\\/\\\/www.cde.ual.es\\\/en\\\/head-of-european-affairs-sector-at-easo\\\/#article\",\"isPartOf\":{\"@id\":\"https:\\\/\\\/www.cde.ual.es\\\/en\\\/head-of-european-affairs-sector-at-easo\\\/\"},\"author\":{\"name\":\"AdminCDE\",\"@id\":\"https:\\\/\\\/www.cde.ual.es\\\/#\\\/schema\\\/person\\\/224ef08c8bcc005f319d2713ce37ee5f\"},\"headline\":\"Head of European Affairs Sector at EASO\",\"datePublished\":\"2020-08-19T01:00:40+00:00\",\"dateModified\":\"2021-11-18T08:51:51+00:00\",\"mainEntityOfPage\":{\"@id\":\"https:\\\/\\\/www.cde.ual.es\\\/en\\\/head-of-european-affairs-sector-at-easo\\\/\"},\"wordCount\":282,\"commentCount\":0,\"publisher\":{\"@id\":\"https:\\\/\\\/www.cde.ual.es\\\/#organization\"},\"image\":{\"@id\":\"https:\\\/\\\/www.cde.ual.es\\\/en\\\/head-of-european-affairs-sector-at-easo\\\/#primaryimage\"},\"thumbnailUrl\":\"https:\\\/\\\/www.cde.ual.es\\\/wp-content\\\/uploads\\\/2019\\\/11\\\/EASO-1.jpg\",\"keywords\":[\"Work and Employment\"],\"articleSection\":[\"EU Calls and Awards\",\"Other\"],\"inLanguage\":\"en-US\",\"potentialAction\":[{\"@type\":\"CommentAction\",\"name\":\"Comment\",\"target\":[\"https:\\\/\\\/www.cde.ual.es\\\/en\\\/head-of-european-affairs-sector-at-easo\\\/#respond\"]}]},{\"@type\":\"WebPage\",\"@id\":\"https:\\\/\\\/www.cde.ual.es\\\/en\\\/head-of-european-affairs-sector-at-easo\\\/\",\"url\":\"https:\\\/\\\/www.cde.ual.es\\\/en\\\/head-of-european-affairs-sector-at-easo\\\/\",\"name\":\"Head of European Affairs Sector at EASO | CDE Almer\u00eda - Centro de Documentaci\u00f3n Europea - Universidad de Almer\u00eda\",\"isPartOf\":{\"@id\":\"https:\\\/\\\/www.cde.ual.es\\\/#website\"},\"primaryImageOfPage\":{\"@id\":\"https:\\\/\\\/www.cde.ual.es\\\/en\\\/head-of-european-affairs-sector-at-easo\\\/#primaryimage\"},\"image\":{\"@id\":\"https:\\\/\\\/www.cde.ual.es\\\/en\\\/head-of-european-affairs-sector-at-easo\\\/#primaryimage\"},\"thumbnailUrl\":\"https:\\\/\\\/www.cde.ual.es\\\/wp-content\\\/uploads\\\/2019\\\/11\\\/EASO-1.jpg\",\"datePublished\":\"2020-08-19T01:00:40+00:00\",\"dateModified\":\"2021-11-18T08:51:51+00:00\",\"breadcrumb\":{\"@id\":\"https:\\\/\\\/www.cde.ual.es\\\/en\\\/head-of-european-affairs-sector-at-easo\\\/#breadcrumb\"},\"inLanguage\":\"en-US\",\"potentialAction\":[{\"@type\":\"ReadAction\",\"target\":[\"https:\\\/\\\/www.cde.ual.es\\\/en\\\/head-of-european-affairs-sector-at-easo\\\/\"]}]},{\"@type\":\"ImageObject\",\"inLanguage\":\"en-US\",\"@id\":\"https:\\\/\\\/www.cde.ual.es\\\/en\\\/head-of-european-affairs-sector-at-easo\\\/#primaryimage\",\"url\":\"https:\\\/\\\/www.cde.ual.es\\\/wp-content\\\/uploads\\\/2019\\\/11\\\/EASO-1.jpg\",\"contentUrl\":\"https:\\\/\\\/www.cde.ual.es\\\/wp-content\\\/uploads\\\/2019\\\/11\\\/EASO-1.jpg\",\"width\":1280,\"height\":720},{\"@type\":\"BreadcrumbList\",\"@id\":\"https:\\\/\\\/www.cde.ual.es\\\/en\\\/head-of-european-affairs-sector-at-easo\\\/#breadcrumb\",\"itemListElement\":[{\"@type\":\"ListItem\",\"position\":1,\"name\":\"Inicio\",\"item\":\"https:\\\/\\\/www.cde.ual.es\\\/en\\\/\"},{\"@type\":\"ListItem\",\"position\":2,\"name\":\"EU Calls and Awards\",\"item\":\"https:\\\/\\\/www.cde.ual.es\\\/en\\\/category\\\/eu-calls-and-awards\\\/\"},{\"@type\":\"ListItem\",\"position\":3,\"name\":\"Other\",\"item\":\"https:\\\/\\\/www.cde.ual.es\\\/en\\\/category\\\/eu-calls-and-awards\\\/other\\\/\"},{\"@type\":\"ListItem\",\"position\":4,\"name\":\"Head of European Affairs Sector at EASO\"}]},{\"@type\":\"WebSite\",\"@id\":\"https:\\\/\\\/www.cde.ual.es\\\/#website\",\"url\":\"https:\\\/\\\/www.cde.ual.es\\\/\",\"name\":\"CDE Almer\u00eda - Centro de Documentaci\u00f3n Europea - Universidad de Almer\u00eda\",\"description\":\"Centro de Documentaci\u00f3n Europea de la Universidad de Almer\u00eda\",\"publisher\":{\"@id\":\"https:\\\/\\\/www.cde.ual.es\\\/#organization\"},\"alternateName\":\"CDE Almer\u00eda\",\"potentialAction\":[{\"@type\":\"SearchAction\",\"target\":{\"@type\":\"EntryPoint\",\"urlTemplate\":\"https:\\\/\\\/www.cde.ual.es\\\/?s={search_term_string}\"},\"query-input\":{\"@type\":\"PropertyValueSpecification\",\"valueRequired\":true,\"valueName\":\"search_term_string\"}}],\"inLanguage\":\"en-US\"},{\"@type\":\"Organization\",\"@id\":\"https:\\\/\\\/www.cde.ual.es\\\/#organization\",\"name\":\"Centro de Documentaci\u00f3n Europea de Almer\u00eda\",\"url\":\"https:\\\/\\\/www.cde.ual.es\\\/\",\"logo\":{\"@type\":\"ImageObject\",\"inLanguage\":\"en-US\",\"@id\":\"https:\\\/\\\/www.cde.ual.es\\\/#\\\/schema\\\/logo\\\/image\\\/\",\"url\":\"https:\\\/\\\/www.cde.ual.es\\\/wp-content\\\/uploads\\\/2025\\\/07\\\/cde-logo-3.png\",\"contentUrl\":\"https:\\\/\\\/www.cde.ual.es\\\/wp-content\\\/uploads\\\/2025\\\/07\\\/cde-logo-3.png\",\"width\":1400,\"height\":300,\"caption\":\"Centro de Documentaci\u00f3n Europea de Almer\u00eda\"},\"image\":{\"@id\":\"https:\\\/\\\/www.cde.ual.es\\\/#\\\/schema\\\/logo\\\/image\\\/\"},\"sameAs\":[\"https:\\\/\\\/www.facebook.com\\\/cdeuniversidadalmeria\\\/\",\"https:\\\/\\\/x.com\\\/cdeualmeria\",\"https:\\\/\\\/www.tiktok.com\\\/@cdealmeria\",\"https:\\\/\\\/www.instagram.com\\\/cdealmeria\\\/\",\"https:\\\/\\\/www.linkedin.com\\\/in\\\/cde-almera-812b26a9\\\/\"]},{\"@type\":\"Person\",\"@id\":\"https:\\\/\\\/www.cde.ual.es\\\/#\\\/schema\\\/person\\\/224ef08c8bcc005f319d2713ce37ee5f\",\"name\":\"AdminCDE\",\"image\":{\"@type\":\"ImageObject\",\"inLanguage\":\"en-US\",\"@id\":\"https:\\\/\\\/secure.gravatar.com\\\/avatar\\\/a72d038d371f995cd13706fac32274b7952a52e8fb0a84b5f80c85426f2a98a8?s=96&d=mm&r=g\",\"url\":\"https:\\\/\\\/secure.gravatar.com\\\/avatar\\\/a72d038d371f995cd13706fac32274b7952a52e8fb0a84b5f80c85426f2a98a8?s=96&d=mm&r=g\",\"contentUrl\":\"https:\\\/\\\/secure.gravatar.com\\\/avatar\\\/a72d038d371f995cd13706fac32274b7952a52e8fb0a84b5f80c85426f2a98a8?s=96&d=mm&r=g\",\"caption\":\"AdminCDE\"}}]}<\/script>\n<!-- \/ Yoast SEO plugin. -->","yoast_head_json":{"title":"Head of European Affairs Sector at EASO | CDE Almer\u00eda - Centro de Documentaci\u00f3n Europea - Universidad de Almer\u00eda","robots":{"index":"index","follow":"follow","max-snippet":"max-snippet:-1","max-image-preview":"max-image-preview:large","max-video-preview":"max-video-preview:-1"},"canonical":"https:\/\/www.cde.ual.es\/en\/head-of-european-affairs-sector-at-easo\/","og_locale":"en_US","og_type":"article","og_title":"Head of European Affairs Sector at EASO | CDE Almer\u00eda - Centro de Documentaci\u00f3n Europea - Universidad de Almer\u00eda","og_description":"The European Asylum Support Office (&#8220;EASO&#8221;), established by Regulation 439\/20101 , strengthens European Union (EU) Member States\u2019 practical cooperation on asylum, enhances the implementation of the Common European Asylum System (CEAS) and supports Member States whose asylum and reception systems are under particular pressure. The office is offering an external vacancy for a Head of [&hellip;]","og_url":"https:\/\/www.cde.ual.es\/en\/head-of-european-affairs-sector-at-easo\/","og_site_name":"CDE Almer\u00eda - Centro de Documentaci\u00f3n Europea - Universidad de Almer\u00eda","article_publisher":"https:\/\/www.facebook.com\/cdeuniversidadalmeria\/","article_published_time":"2020-08-19T01:00:40+00:00","article_modified_time":"2021-11-18T08:51:51+00:00","og_image":[{"width":1280,"height":720,"url":"https:\/\/www.cde.ual.es\/wp-content\/uploads\/2019\/11\/EASO-1.jpg","type":"image\/jpeg"}],"author":"AdminCDE","twitter_card":"summary_large_image","twitter_creator":"@cdeualmeria","twitter_site":"@cdeualmeria","twitter_misc":{"Written by":"AdminCDE","Est. reading time":"1 minute"},"schema":{"@context":"https:\/\/schema.org","@graph":[{"@type":"Article","@id":"https:\/\/www.cde.ual.es\/en\/head-of-european-affairs-sector-at-easo\/#article","isPartOf":{"@id":"https:\/\/www.cde.ual.es\/en\/head-of-european-affairs-sector-at-easo\/"},"author":{"name":"AdminCDE","@id":"https:\/\/www.cde.ual.es\/#\/schema\/person\/224ef08c8bcc005f319d2713ce37ee5f"},"headline":"Head of European Affairs Sector at EASO","datePublished":"2020-08-19T01:00:40+00:00","dateModified":"2021-11-18T08:51:51+00:00","mainEntityOfPage":{"@id":"https:\/\/www.cde.ual.es\/en\/head-of-european-affairs-sector-at-easo\/"},"wordCount":282,"commentCount":0,"publisher":{"@id":"https:\/\/www.cde.ual.es\/#organization"},"image":{"@id":"https:\/\/www.cde.ual.es\/en\/head-of-european-affairs-sector-at-easo\/#primaryimage"},"thumbnailUrl":"https:\/\/www.cde.ual.es\/wp-content\/uploads\/2019\/11\/EASO-1.jpg","keywords":["Work and Employment"],"articleSection":["EU Calls and Awards","Other"],"inLanguage":"en-US","potentialAction":[{"@type":"CommentAction","name":"Comment","target":["https:\/\/www.cde.ual.es\/en\/head-of-european-affairs-sector-at-easo\/#respond"]}]},{"@type":"WebPage","@id":"https:\/\/www.cde.ual.es\/en\/head-of-european-affairs-sector-at-easo\/","url":"https:\/\/www.cde.ual.es\/en\/head-of-european-affairs-sector-at-easo\/","name":"Head of European Affairs Sector at EASO | CDE Almer\u00eda - Centro de Documentaci\u00f3n Europea - Universidad de Almer\u00eda","isPartOf":{"@id":"https:\/\/www.cde.ual.es\/#website"},"primaryImageOfPage":{"@id":"https:\/\/www.cde.ual.es\/en\/head-of-european-affairs-sector-at-easo\/#primaryimage"},"image":{"@id":"https:\/\/www.cde.ual.es\/en\/head-of-european-affairs-sector-at-easo\/#primaryimage"},"thumbnailUrl":"https:\/\/www.cde.ual.es\/wp-content\/uploads\/2019\/11\/EASO-1.jpg","datePublished":"2020-08-19T01:00:40+00:00","dateModified":"2021-11-18T08:51:51+00:00","breadcrumb":{"@id":"https:\/\/www.cde.ual.es\/en\/head-of-european-affairs-sector-at-easo\/#breadcrumb"},"inLanguage":"en-US","potentialAction":[{"@type":"ReadAction","target":["https:\/\/www.cde.ual.es\/en\/head-of-european-affairs-sector-at-easo\/"]}]},{"@type":"ImageObject","inLanguage":"en-US","@id":"https:\/\/www.cde.ual.es\/en\/head-of-european-affairs-sector-at-easo\/#primaryimage","url":"https:\/\/www.cde.ual.es\/wp-content\/uploads\/2019\/11\/EASO-1.jpg","contentUrl":"https:\/\/www.cde.ual.es\/wp-content\/uploads\/2019\/11\/EASO-1.jpg","width":1280,"height":720},{"@type":"BreadcrumbList","@id":"https:\/\/www.cde.ual.es\/en\/head-of-european-affairs-sector-at-easo\/#breadcrumb","itemListElement":[{"@type":"ListItem","position":1,"name":"Inicio","item":"https:\/\/www.cde.ual.es\/en\/"},{"@type":"ListItem","position":2,"name":"EU Calls and Awards","item":"https:\/\/www.cde.ual.es\/en\/category\/eu-calls-and-awards\/"},{"@type":"ListItem","position":3,"name":"Other","item":"https:\/\/www.cde.ual.es\/en\/category\/eu-calls-and-awards\/other\/"},{"@type":"ListItem","position":4,"name":"Head of European Affairs Sector at EASO"}]},{"@type":"WebSite","@id":"https:\/\/www.cde.ual.es\/#website","url":"https:\/\/www.cde.ual.es\/","name":"CDE Almer\u00eda - Centro de Documentaci\u00f3n Europea - Universidad de Almer\u00eda","description":"Centro de Documentaci\u00f3n Europea de la Universidad de Almer\u00eda","publisher":{"@id":"https:\/\/www.cde.ual.es\/#organization"},"alternateName":"CDE Almer\u00eda","potentialAction":[{"@type":"SearchAction","target":{"@type":"EntryPoint","urlTemplate":"https:\/\/www.cde.ual.es\/?s={search_term_string}"},"query-input":{"@type":"PropertyValueSpecification","valueRequired":true,"valueName":"search_term_string"}}],"inLanguage":"en-US"},{"@type":"Organization","@id":"https:\/\/www.cde.ual.es\/#organization","name":"Centro de Documentaci\u00f3n Europea de Almer\u00eda","url":"https:\/\/www.cde.ual.es\/","logo":{"@type":"ImageObject","inLanguage":"en-US","@id":"https:\/\/www.cde.ual.es\/#\/schema\/logo\/image\/","url":"https:\/\/www.cde.ual.es\/wp-content\/uploads\/2025\/07\/cde-logo-3.png","contentUrl":"https:\/\/www.cde.ual.es\/wp-content\/uploads\/2025\/07\/cde-logo-3.png","width":1400,"height":300,"caption":"Centro de Documentaci\u00f3n Europea de Almer\u00eda"},"image":{"@id":"https:\/\/www.cde.ual.es\/#\/schema\/logo\/image\/"},"sameAs":["https:\/\/www.facebook.com\/cdeuniversidadalmeria\/","https:\/\/x.com\/cdeualmeria","https:\/\/www.tiktok.com\/@cdealmeria","https:\/\/www.instagram.com\/cdealmeria\/","https:\/\/www.linkedin.com\/in\/cde-almera-812b26a9\/"]},{"@type":"Person","@id":"https:\/\/www.cde.ual.es\/#\/schema\/person\/224ef08c8bcc005f319d2713ce37ee5f","name":"AdminCDE","image":{"@type":"ImageObject","inLanguage":"en-US","@id":"https:\/\/secure.gravatar.com\/avatar\/a72d038d371f995cd13706fac32274b7952a52e8fb0a84b5f80c85426f2a98a8?s=96&d=mm&r=g","url":"https:\/\/secure.gravatar.com\/avatar\/a72d038d371f995cd13706fac32274b7952a52e8fb0a84b5f80c85426f2a98a8?s=96&d=mm&r=g","contentUrl":"https:\/\/secure.gravatar.com\/avatar\/a72d038d371f995cd13706fac32274b7952a52e8fb0a84b5f80c85426f2a98a8?s=96&d=mm&r=g","caption":"AdminCDE"}}]}},"_links":{"self":[{"href":"https:\/\/www.cde.ual.es\/en\/wp-json\/wp\/v2\/posts\/50729","targetHints":{"allow":["GET"]}}],"collection":[{"href":"https:\/\/www.cde.ual.es\/en\/wp-json\/wp\/v2\/posts"}],"about":[{"href":"https:\/\/www.cde.ual.es\/en\/wp-json\/wp\/v2\/types\/post"}],"author":[{"embeddable":true,"href":"https:\/\/www.cde.ual.es\/en\/wp-json\/wp\/v2\/users\/1"}],"replies":[{"embeddable":true,"href":"https:\/\/www.cde.ual.es\/en\/wp-json\/wp\/v2\/comments?post=50729"}],"version-history":[{"count":0,"href":"https:\/\/www.cde.ual.es\/en\/wp-json\/wp\/v2\/posts\/50729\/revisions"}],"wp:featuredmedia":[{"embeddable":true,"href":"https:\/\/www.cde.ual.es\/en\/wp-json\/wp\/v2\/media\/30277"}],"wp:attachment":[{"href":"https:\/\/www.cde.ual.es\/en\/wp-json\/wp\/v2\/media?parent=50729"}],"wp:term":[{"taxonomy":"category","embeddable":true,"href":"https:\/\/www.cde.ual.es\/en\/wp-json\/wp\/v2\/categories?post=50729"},{"taxonomy":"post_tag","embeddable":true,"href":"https:\/\/www.cde.ual.es\/en\/wp-json\/wp\/v2\/tags?post=50729"}],"curies":[{"name":"wp","href":"https:\/\/api.w.org\/{rel}","templated":true}]}}