{"id":49159,"date":"2020-07-15T14:00:20","date_gmt":"2020-07-15T12:00:20","guid":{"rendered":"https:\/\/www.cde.ual.es\/?p=49159"},"modified":"2021-11-18T11:36:07","modified_gmt":"2021-11-18T10:36:07","slug":"the-general-court-of-the-european-union-annuls-the-decision-taken-by-the-commission-regarding-the-irish-tax-rulings-in-favour-of-apple","status":"publish","type":"post","link":"https:\/\/www.cde.ual.es\/en\/the-general-court-of-the-european-union-annuls-the-decision-taken-by-the-commission-regarding-the-irish-tax-rulings-in-favour-of-apple\/","title":{"rendered":"The General Court of the European Union annuls the decision taken by the Commission regarding the Irish tax rulings in favour of Apple"},"content":{"rendered":"<p style=\"text-align: left;\"><em>The General Court annuls the contested decision because the Commission did not succeed in showing to the requisite legal standard that there was an advantage for the purposes of Article 107 TFEU.<\/em><\/p>\n<p><a href=\"https:\/\/www.cde.ual.es\/wp-content\/uploads\/2020\/07\/apple-1853259_1920.jpg\"><img decoding=\"async\" class=\"aligncenter wp-image-49160\" src=\"https:\/\/www.cde.ual.es\/wp-content\/uploads\/2020\/07\/apple-1853259_1920.jpg\" alt=\"\" width=\"496\" height=\"328\" srcset=\"https:\/\/www.cde.ual.es\/wp-content\/uploads\/2020\/07\/apple-1853259_1920.jpg 1920w, https:\/\/www.cde.ual.es\/wp-content\/uploads\/2020\/07\/apple-1853259_1920-300x199.jpg 300w, https:\/\/www.cde.ual.es\/wp-content\/uploads\/2020\/07\/apple-1853259_1920-1024x678.jpg 1024w, https:\/\/www.cde.ual.es\/wp-content\/uploads\/2020\/07\/apple-1853259_1920-768x508.jpg 768w, https:\/\/www.cde.ual.es\/wp-content\/uploads\/2020\/07\/apple-1853259_1920-1536x1017.jpg 1536w\" sizes=\"(max-width: 496px) 100vw, 496px\" \/><\/a><\/p>\n<p>In 2016 the Commission adopted a decision concerning two tax rulings issued by the Irish tax authorities (Irish Revenue) on 29 January 1991 and 23 May 2007 in favour of Apple Sales International (ASI) and Apple Operations Europe (AOE), which were companies incorporated in Ireland but not tax resident in Ireland. The contested tax rulings endorsed the methods used by ASI and AOE to determine their chargeable profits in Ireland, relating to the trading activity of their respective Irish branches. The 1991 tax ruling remained in force until 2007, when it was replaced by the 2007 tax ruling. The 2007 tax ruling then remained in force until Apple\u2019s new business structure was implemented in Ireland in 2014.<\/p>\n<p>By its decision, the Commission considered that the tax rulings in question constituted State aid unlawfully put into effect by Ireland. The aid was declared incompatible with the internal market. The Commission demanded the recovery of the aid in question. According to the Commission\u2019s calculations, Ireland had granted Apple 13 billion euro in unlawful tax advantages.<\/p>\n<p>Ireland (Case T-778\/16) and ASI and AOE (Case T-892\/16) claimed that the General Court should annul the Commission\u2019s decision.<\/p>\n<p>By today\u2019s judgment, <strong>the General Court annuls the contested decision because the Commission did not succeed in showing to the requisite legal standard that there was an advantage for the purposes of Article 107 TFEU.<\/strong><\/p>\n<p><strong>According to the General Court, the Commission was wrong to declare that ASI and AOE had been granted a selective economic advantage and, by extension, State aid.<\/strong><\/p>\n<p>The General Court endorses the Commission\u2019s assessments relating to normal taxation under the Irish tax law applicable in the present instance, in particular having regard to the tools developed within the OECD, such as the arm\u2019s length principle, in order to check whether the level of chargeable profits endorsed by the Irish tax authorities corresponds to that which would have been obtained under market conditions.<\/p>\n<p>However, the General Court considers that the Commission incorrectly concluded, <strong>in its primary line of reasoning, that the Irish tax authorities had granted ASI and AOE an advantage as a result of not having allocated the Apple Group intellectual property licences held by ASI and AOE, and, consequently, all of ASI and AOE\u2019s trading income<\/strong>, obtained from the Apple Group\u2019s sales outside North and South America, to their Irish branches. According to the General Court,<strong> the Commission should have shown that that income represented the value of the activities actually carried out by the Irish branches themselves<\/strong>, in view of, inter alia, the activities and functions actually performed by the Irish branches of ASI and AOE, on the one hand, and the strategic decisions taken and implemented outside of those branches, on the other.<\/p>\n<p>In addition, the General Court considers that the Commission did not succeed in demonstrating, in its subsidiary line of reasoning, methodological errors in the contested tax rulings which would have led to a reduction in ASI and AOE\u2019s chargeable profits in Ireland. <strong>Although the General Court regrets the incomplete and occasionally inconsistent nature of the contested tax rulings, the defects identified by the Commission are not, in themselves, sufficient to prove the existence of an advantage<\/strong> for the purposes of Article 107 TFEU.<\/p>\n<p>Furthermore, the General Court considers that the Commission <strong>did not prove, in its alternative line of reasoning, that the contested tax rulings were the result of discretion exercised by the Irish tax authorities<\/strong> and that, accordingly, ASI and AOE had been granted a selective advantage.<\/p>\n<h3>More information<\/h3>\n<p><a href=\"https:\/\/curia.europa.eu\/jcms\/upload\/docs\/application\/pdf\/2020-07\/cp200090en.pdf\">Press Release. CURIA<\/a><\/p>\n","protected":false},"excerpt":{"rendered":"<p>The General Court annuls the contested decision because the Commission did not succeed in showing to the requisite legal standard that there was an advantage for the purposes of Article 107 TFEU. In 2016 the Commission adopted a decision concerning two tax rulings issued by the Irish tax authorities (Irish Revenue) on 29 January 1991 [&hellip;]<\/p>\n","protected":false},"author":101011,"featured_media":49160,"comment_status":"open","ping_status":"open","sticky":false,"template":"","format":"standard","meta":{"_acf_changed":false,"_relevanssi_hide_post":"","_relevanssi_hide_content":"","_relevanssi_pin_for_all":"","_relevanssi_pin_keywords":"","_relevanssi_unpin_keywords":"","_relevanssi_related_keywords":"","_relevanssi_related_include_ids":"","_relevanssi_related_exclude_ids":"","_relevanssi_related_no_append":"","_relevanssi_related_not_related":"","_relevanssi_related_posts":"","_relevanssi_noindex_reason":"","_monsterinsights_skip_tracking":false,"_monsterinsights_sitenote_active":false,"_monsterinsights_sitenote_note":"","_monsterinsights_sitenote_category":0,"_genesis_hide_title":false,"_genesis_hide_breadcrumbs":false,"_genesis_hide_singular_image":false,"_genesis_hide_footer_widgets":false,"_genesis_custom_body_class":"","_genesis_custom_post_class":"","_genesis_layout":"","footnotes":""},"categories":[346,4080,4079],"tags":[2094,858,904],"class_list":{"0":"post-49159","1":"post","2":"type-post","3":"status-publish","4":"format-standard","5":"has-post-thumbnail","7":"category-eu-news","8":"category-jurisprudence","9":"category-law","10":"tag-apple","11":"tag-curia-en","12":"tag-judgment","13":"entry"},"acf":[],"yoast_head":"<!-- This site is optimized with the Yoast SEO plugin v27.4 - https:\/\/yoast.com\/product\/yoast-seo-wordpress\/ -->\n<title>The General Court of the European Union annuls the decision taken by the Commission regarding the Irish tax rulings in favour of Apple | CDE Almer\u00eda - Centro de Documentaci\u00f3n Europea - Universidad de Almer\u00eda<\/title>\n<meta name=\"robots\" content=\"index, follow, max-snippet:-1, max-image-preview:large, max-video-preview:-1\" \/>\n<link rel=\"canonical\" href=\"https:\/\/www.cde.ual.es\/en\/the-general-court-of-the-european-union-annuls-the-decision-taken-by-the-commission-regarding-the-irish-tax-rulings-in-favour-of-apple\/\" \/>\n<meta property=\"og:locale\" content=\"en_US\" \/>\n<meta property=\"og:type\" content=\"article\" \/>\n<meta property=\"og:title\" content=\"The General Court of the European Union annuls the decision taken by the Commission regarding the Irish tax rulings in favour of Apple | CDE Almer\u00eda - Centro de Documentaci\u00f3n Europea - Universidad de Almer\u00eda\" \/>\n<meta property=\"og:description\" content=\"The General Court annuls the contested decision because the Commission did not succeed in showing to the requisite legal standard that there was an advantage for the purposes of Article 107 TFEU. In 2016 the Commission adopted a decision concerning two tax rulings issued by the Irish tax authorities (Irish Revenue) on 29 January 1991 [&hellip;]\" \/>\n<meta property=\"og:url\" content=\"https:\/\/www.cde.ual.es\/en\/the-general-court-of-the-european-union-annuls-the-decision-taken-by-the-commission-regarding-the-irish-tax-rulings-in-favour-of-apple\/\" \/>\n<meta property=\"og:site_name\" content=\"CDE Almer\u00eda - Centro de Documentaci\u00f3n Europea - Universidad de Almer\u00eda\" \/>\n<meta property=\"article:publisher\" content=\"https:\/\/www.facebook.com\/cdeuniversidadalmeria\/\" \/>\n<meta property=\"article:published_time\" content=\"2020-07-15T12:00:20+00:00\" \/>\n<meta property=\"article:modified_time\" content=\"2021-11-18T10:36:07+00:00\" \/>\n<meta property=\"og:image\" content=\"https:\/\/www.cde.ual.es\/wp-content\/uploads\/2020\/07\/apple-1853259_1920.jpg\" \/>\n\t<meta property=\"og:image:width\" content=\"1920\" \/>\n\t<meta property=\"og:image:height\" content=\"1271\" \/>\n\t<meta property=\"og:image:type\" content=\"image\/jpeg\" \/>\n<meta name=\"author\" content=\"BECA 2 CDE\" \/>\n<meta name=\"twitter:card\" content=\"summary_large_image\" \/>\n<meta name=\"twitter:creator\" content=\"@cdeualmeria\" \/>\n<meta name=\"twitter:site\" content=\"@cdeualmeria\" \/>\n<meta name=\"twitter:label1\" content=\"Written by\" \/>\n\t<meta name=\"twitter:data1\" content=\"BECA 2 CDE\" \/>\n\t<meta name=\"twitter:label2\" content=\"Est. reading time\" \/>\n\t<meta name=\"twitter:data2\" content=\"3 minutes\" \/>\n<script type=\"application\/ld+json\" class=\"yoast-schema-graph\">{\"@context\":\"https:\\\/\\\/schema.org\",\"@graph\":[{\"@type\":\"Article\",\"@id\":\"https:\\\/\\\/www.cde.ual.es\\\/en\\\/the-general-court-of-the-european-union-annuls-the-decision-taken-by-the-commission-regarding-the-irish-tax-rulings-in-favour-of-apple\\\/#article\",\"isPartOf\":{\"@id\":\"https:\\\/\\\/www.cde.ual.es\\\/en\\\/the-general-court-of-the-european-union-annuls-the-decision-taken-by-the-commission-regarding-the-irish-tax-rulings-in-favour-of-apple\\\/\"},\"author\":{\"name\":\"BECA 2 CDE\",\"@id\":\"https:\\\/\\\/www.cde.ual.es\\\/#\\\/schema\\\/person\\\/ee46ebc19edfa19598c02cff83335acc\"},\"headline\":\"The General Court of the European Union annuls the decision taken by the Commission regarding the Irish tax rulings in favour of Apple\",\"datePublished\":\"2020-07-15T12:00:20+00:00\",\"dateModified\":\"2021-11-18T10:36:07+00:00\",\"mainEntityOfPage\":{\"@id\":\"https:\\\/\\\/www.cde.ual.es\\\/en\\\/the-general-court-of-the-european-union-annuls-the-decision-taken-by-the-commission-regarding-the-irish-tax-rulings-in-favour-of-apple\\\/\"},\"wordCount\":636,\"commentCount\":0,\"publisher\":{\"@id\":\"https:\\\/\\\/www.cde.ual.es\\\/#organization\"},\"image\":{\"@id\":\"https:\\\/\\\/www.cde.ual.es\\\/en\\\/the-general-court-of-the-european-union-annuls-the-decision-taken-by-the-commission-regarding-the-irish-tax-rulings-in-favour-of-apple\\\/#primaryimage\"},\"thumbnailUrl\":\"https:\\\/\\\/www.cde.ual.es\\\/wp-content\\\/uploads\\\/2020\\\/07\\\/apple-1853259_1920.jpg\",\"keywords\":[\"Apple\",\"Curia\",\"judgment\"],\"articleSection\":[\"EU News\",\"Jurisprudence\",\"Law\"],\"inLanguage\":\"en-US\",\"potentialAction\":[{\"@type\":\"CommentAction\",\"name\":\"Comment\",\"target\":[\"https:\\\/\\\/www.cde.ual.es\\\/en\\\/the-general-court-of-the-european-union-annuls-the-decision-taken-by-the-commission-regarding-the-irish-tax-rulings-in-favour-of-apple\\\/#respond\"]}]},{\"@type\":\"WebPage\",\"@id\":\"https:\\\/\\\/www.cde.ual.es\\\/en\\\/the-general-court-of-the-european-union-annuls-the-decision-taken-by-the-commission-regarding-the-irish-tax-rulings-in-favour-of-apple\\\/\",\"url\":\"https:\\\/\\\/www.cde.ual.es\\\/en\\\/the-general-court-of-the-european-union-annuls-the-decision-taken-by-the-commission-regarding-the-irish-tax-rulings-in-favour-of-apple\\\/\",\"name\":\"The General Court of the European Union annuls the decision taken by the Commission regarding the Irish tax rulings in favour of Apple | CDE Almer\u00eda - Centro de Documentaci\u00f3n Europea - Universidad de Almer\u00eda\",\"isPartOf\":{\"@id\":\"https:\\\/\\\/www.cde.ual.es\\\/#website\"},\"primaryImageOfPage\":{\"@id\":\"https:\\\/\\\/www.cde.ual.es\\\/en\\\/the-general-court-of-the-european-union-annuls-the-decision-taken-by-the-commission-regarding-the-irish-tax-rulings-in-favour-of-apple\\\/#primaryimage\"},\"image\":{\"@id\":\"https:\\\/\\\/www.cde.ual.es\\\/en\\\/the-general-court-of-the-european-union-annuls-the-decision-taken-by-the-commission-regarding-the-irish-tax-rulings-in-favour-of-apple\\\/#primaryimage\"},\"thumbnailUrl\":\"https:\\\/\\\/www.cde.ual.es\\\/wp-content\\\/uploads\\\/2020\\\/07\\\/apple-1853259_1920.jpg\",\"datePublished\":\"2020-07-15T12:00:20+00:00\",\"dateModified\":\"2021-11-18T10:36:07+00:00\",\"breadcrumb\":{\"@id\":\"https:\\\/\\\/www.cde.ual.es\\\/en\\\/the-general-court-of-the-european-union-annuls-the-decision-taken-by-the-commission-regarding-the-irish-tax-rulings-in-favour-of-apple\\\/#breadcrumb\"},\"inLanguage\":\"en-US\",\"potentialAction\":[{\"@type\":\"ReadAction\",\"target\":[\"https:\\\/\\\/www.cde.ual.es\\\/en\\\/the-general-court-of-the-european-union-annuls-the-decision-taken-by-the-commission-regarding-the-irish-tax-rulings-in-favour-of-apple\\\/\"]}]},{\"@type\":\"ImageObject\",\"inLanguage\":\"en-US\",\"@id\":\"https:\\\/\\\/www.cde.ual.es\\\/en\\\/the-general-court-of-the-european-union-annuls-the-decision-taken-by-the-commission-regarding-the-irish-tax-rulings-in-favour-of-apple\\\/#primaryimage\",\"url\":\"https:\\\/\\\/www.cde.ual.es\\\/wp-content\\\/uploads\\\/2020\\\/07\\\/apple-1853259_1920.jpg\",\"contentUrl\":\"https:\\\/\\\/www.cde.ual.es\\\/wp-content\\\/uploads\\\/2020\\\/07\\\/apple-1853259_1920.jpg\",\"width\":1920,\"height\":1271},{\"@type\":\"BreadcrumbList\",\"@id\":\"https:\\\/\\\/www.cde.ual.es\\\/en\\\/the-general-court-of-the-european-union-annuls-the-decision-taken-by-the-commission-regarding-the-irish-tax-rulings-in-favour-of-apple\\\/#breadcrumb\",\"itemListElement\":[{\"@type\":\"ListItem\",\"position\":1,\"name\":\"Inicio\",\"item\":\"https:\\\/\\\/www.cde.ual.es\\\/en\\\/\"},{\"@type\":\"ListItem\",\"position\":2,\"name\":\"EU News\",\"item\":\"https:\\\/\\\/www.cde.ual.es\\\/en\\\/category\\\/eu-news\\\/\"},{\"@type\":\"ListItem\",\"position\":3,\"name\":\"Law\",\"item\":\"https:\\\/\\\/www.cde.ual.es\\\/en\\\/category\\\/eu-news\\\/law\\\/\"},{\"@type\":\"ListItem\",\"position\":4,\"name\":\"Jurisprudence\",\"item\":\"https:\\\/\\\/www.cde.ual.es\\\/en\\\/category\\\/eu-news\\\/law\\\/jurisprudence\\\/\"},{\"@type\":\"ListItem\",\"position\":5,\"name\":\"The General Court of the European Union annuls the decision taken by the Commission regarding the Irish tax rulings in favour of Apple\"}]},{\"@type\":\"WebSite\",\"@id\":\"https:\\\/\\\/www.cde.ual.es\\\/#website\",\"url\":\"https:\\\/\\\/www.cde.ual.es\\\/\",\"name\":\"CDE Almer\u00eda - Centro de Documentaci\u00f3n Europea - Universidad de Almer\u00eda\",\"description\":\"Centro de Documentaci\u00f3n Europea de la Universidad de Almer\u00eda\",\"publisher\":{\"@id\":\"https:\\\/\\\/www.cde.ual.es\\\/#organization\"},\"alternateName\":\"CDE Almer\u00eda\",\"potentialAction\":[{\"@type\":\"SearchAction\",\"target\":{\"@type\":\"EntryPoint\",\"urlTemplate\":\"https:\\\/\\\/www.cde.ual.es\\\/?s={search_term_string}\"},\"query-input\":{\"@type\":\"PropertyValueSpecification\",\"valueRequired\":true,\"valueName\":\"search_term_string\"}}],\"inLanguage\":\"en-US\"},{\"@type\":\"Organization\",\"@id\":\"https:\\\/\\\/www.cde.ual.es\\\/#organization\",\"name\":\"Centro de Documentaci\u00f3n Europea de Almer\u00eda\",\"url\":\"https:\\\/\\\/www.cde.ual.es\\\/\",\"logo\":{\"@type\":\"ImageObject\",\"inLanguage\":\"en-US\",\"@id\":\"https:\\\/\\\/www.cde.ual.es\\\/#\\\/schema\\\/logo\\\/image\\\/\",\"url\":\"https:\\\/\\\/www.cde.ual.es\\\/wp-content\\\/uploads\\\/2025\\\/07\\\/cde-logo-3.png\",\"contentUrl\":\"https:\\\/\\\/www.cde.ual.es\\\/wp-content\\\/uploads\\\/2025\\\/07\\\/cde-logo-3.png\",\"width\":1400,\"height\":300,\"caption\":\"Centro de Documentaci\u00f3n Europea de Almer\u00eda\"},\"image\":{\"@id\":\"https:\\\/\\\/www.cde.ual.es\\\/#\\\/schema\\\/logo\\\/image\\\/\"},\"sameAs\":[\"https:\\\/\\\/www.facebook.com\\\/cdeuniversidadalmeria\\\/\",\"https:\\\/\\\/x.com\\\/cdeualmeria\",\"https:\\\/\\\/www.tiktok.com\\\/@cdealmeria\",\"https:\\\/\\\/www.instagram.com\\\/cdealmeria\\\/\",\"https:\\\/\\\/www.linkedin.com\\\/in\\\/cde-almera-812b26a9\\\/\"]},{\"@type\":\"Person\",\"@id\":\"https:\\\/\\\/www.cde.ual.es\\\/#\\\/schema\\\/person\\\/ee46ebc19edfa19598c02cff83335acc\",\"name\":\"BECA 2 CDE\",\"image\":{\"@type\":\"ImageObject\",\"inLanguage\":\"en-US\",\"@id\":\"https:\\\/\\\/secure.gravatar.com\\\/avatar\\\/35a481bbc04bbd90e91bdfa3b0b5541036c222a49b9ad37b6889a2afcb5311a5?s=96&d=mm&r=g\",\"url\":\"https:\\\/\\\/secure.gravatar.com\\\/avatar\\\/35a481bbc04bbd90e91bdfa3b0b5541036c222a49b9ad37b6889a2afcb5311a5?s=96&d=mm&r=g\",\"contentUrl\":\"https:\\\/\\\/secure.gravatar.com\\\/avatar\\\/35a481bbc04bbd90e91bdfa3b0b5541036c222a49b9ad37b6889a2afcb5311a5?s=96&d=mm&r=g\",\"caption\":\"BECA 2 CDE\"},\"sameAs\":[\"http:\\\/\\\/www.cdealmeria.com\"]}]}<\/script>\n<!-- \/ Yoast SEO plugin. -->","yoast_head_json":{"title":"The General Court of the European Union annuls the decision taken by the Commission regarding the Irish tax rulings in favour of Apple | CDE Almer\u00eda - Centro de Documentaci\u00f3n Europea - Universidad de Almer\u00eda","robots":{"index":"index","follow":"follow","max-snippet":"max-snippet:-1","max-image-preview":"max-image-preview:large","max-video-preview":"max-video-preview:-1"},"canonical":"https:\/\/www.cde.ual.es\/en\/the-general-court-of-the-european-union-annuls-the-decision-taken-by-the-commission-regarding-the-irish-tax-rulings-in-favour-of-apple\/","og_locale":"en_US","og_type":"article","og_title":"The General Court of the European Union annuls the decision taken by the Commission regarding the Irish tax rulings in favour of Apple | CDE Almer\u00eda - Centro de Documentaci\u00f3n Europea - Universidad de Almer\u00eda","og_description":"The General Court annuls the contested decision because the Commission did not succeed in showing to the requisite legal standard that there was an advantage for the purposes of Article 107 TFEU. In 2016 the Commission adopted a decision concerning two tax rulings issued by the Irish tax authorities (Irish Revenue) on 29 January 1991 [&hellip;]","og_url":"https:\/\/www.cde.ual.es\/en\/the-general-court-of-the-european-union-annuls-the-decision-taken-by-the-commission-regarding-the-irish-tax-rulings-in-favour-of-apple\/","og_site_name":"CDE Almer\u00eda - Centro de Documentaci\u00f3n Europea - Universidad de Almer\u00eda","article_publisher":"https:\/\/www.facebook.com\/cdeuniversidadalmeria\/","article_published_time":"2020-07-15T12:00:20+00:00","article_modified_time":"2021-11-18T10:36:07+00:00","og_image":[{"width":1920,"height":1271,"url":"https:\/\/www.cde.ual.es\/wp-content\/uploads\/2020\/07\/apple-1853259_1920.jpg","type":"image\/jpeg"}],"author":"BECA 2 CDE","twitter_card":"summary_large_image","twitter_creator":"@cdeualmeria","twitter_site":"@cdeualmeria","twitter_misc":{"Written by":"BECA 2 CDE","Est. reading time":"3 minutes"},"schema":{"@context":"https:\/\/schema.org","@graph":[{"@type":"Article","@id":"https:\/\/www.cde.ual.es\/en\/the-general-court-of-the-european-union-annuls-the-decision-taken-by-the-commission-regarding-the-irish-tax-rulings-in-favour-of-apple\/#article","isPartOf":{"@id":"https:\/\/www.cde.ual.es\/en\/the-general-court-of-the-european-union-annuls-the-decision-taken-by-the-commission-regarding-the-irish-tax-rulings-in-favour-of-apple\/"},"author":{"name":"BECA 2 CDE","@id":"https:\/\/www.cde.ual.es\/#\/schema\/person\/ee46ebc19edfa19598c02cff83335acc"},"headline":"The General Court of the European Union annuls the decision taken by the Commission regarding the Irish tax rulings in favour of Apple","datePublished":"2020-07-15T12:00:20+00:00","dateModified":"2021-11-18T10:36:07+00:00","mainEntityOfPage":{"@id":"https:\/\/www.cde.ual.es\/en\/the-general-court-of-the-european-union-annuls-the-decision-taken-by-the-commission-regarding-the-irish-tax-rulings-in-favour-of-apple\/"},"wordCount":636,"commentCount":0,"publisher":{"@id":"https:\/\/www.cde.ual.es\/#organization"},"image":{"@id":"https:\/\/www.cde.ual.es\/en\/the-general-court-of-the-european-union-annuls-the-decision-taken-by-the-commission-regarding-the-irish-tax-rulings-in-favour-of-apple\/#primaryimage"},"thumbnailUrl":"https:\/\/www.cde.ual.es\/wp-content\/uploads\/2020\/07\/apple-1853259_1920.jpg","keywords":["Apple","Curia","judgment"],"articleSection":["EU News","Jurisprudence","Law"],"inLanguage":"en-US","potentialAction":[{"@type":"CommentAction","name":"Comment","target":["https:\/\/www.cde.ual.es\/en\/the-general-court-of-the-european-union-annuls-the-decision-taken-by-the-commission-regarding-the-irish-tax-rulings-in-favour-of-apple\/#respond"]}]},{"@type":"WebPage","@id":"https:\/\/www.cde.ual.es\/en\/the-general-court-of-the-european-union-annuls-the-decision-taken-by-the-commission-regarding-the-irish-tax-rulings-in-favour-of-apple\/","url":"https:\/\/www.cde.ual.es\/en\/the-general-court-of-the-european-union-annuls-the-decision-taken-by-the-commission-regarding-the-irish-tax-rulings-in-favour-of-apple\/","name":"The General Court of the European Union annuls the decision taken by the Commission regarding the Irish tax rulings in favour of Apple | CDE Almer\u00eda - Centro de Documentaci\u00f3n Europea - Universidad de Almer\u00eda","isPartOf":{"@id":"https:\/\/www.cde.ual.es\/#website"},"primaryImageOfPage":{"@id":"https:\/\/www.cde.ual.es\/en\/the-general-court-of-the-european-union-annuls-the-decision-taken-by-the-commission-regarding-the-irish-tax-rulings-in-favour-of-apple\/#primaryimage"},"image":{"@id":"https:\/\/www.cde.ual.es\/en\/the-general-court-of-the-european-union-annuls-the-decision-taken-by-the-commission-regarding-the-irish-tax-rulings-in-favour-of-apple\/#primaryimage"},"thumbnailUrl":"https:\/\/www.cde.ual.es\/wp-content\/uploads\/2020\/07\/apple-1853259_1920.jpg","datePublished":"2020-07-15T12:00:20+00:00","dateModified":"2021-11-18T10:36:07+00:00","breadcrumb":{"@id":"https:\/\/www.cde.ual.es\/en\/the-general-court-of-the-european-union-annuls-the-decision-taken-by-the-commission-regarding-the-irish-tax-rulings-in-favour-of-apple\/#breadcrumb"},"inLanguage":"en-US","potentialAction":[{"@type":"ReadAction","target":["https:\/\/www.cde.ual.es\/en\/the-general-court-of-the-european-union-annuls-the-decision-taken-by-the-commission-regarding-the-irish-tax-rulings-in-favour-of-apple\/"]}]},{"@type":"ImageObject","inLanguage":"en-US","@id":"https:\/\/www.cde.ual.es\/en\/the-general-court-of-the-european-union-annuls-the-decision-taken-by-the-commission-regarding-the-irish-tax-rulings-in-favour-of-apple\/#primaryimage","url":"https:\/\/www.cde.ual.es\/wp-content\/uploads\/2020\/07\/apple-1853259_1920.jpg","contentUrl":"https:\/\/www.cde.ual.es\/wp-content\/uploads\/2020\/07\/apple-1853259_1920.jpg","width":1920,"height":1271},{"@type":"BreadcrumbList","@id":"https:\/\/www.cde.ual.es\/en\/the-general-court-of-the-european-union-annuls-the-decision-taken-by-the-commission-regarding-the-irish-tax-rulings-in-favour-of-apple\/#breadcrumb","itemListElement":[{"@type":"ListItem","position":1,"name":"Inicio","item":"https:\/\/www.cde.ual.es\/en\/"},{"@type":"ListItem","position":2,"name":"EU News","item":"https:\/\/www.cde.ual.es\/en\/category\/eu-news\/"},{"@type":"ListItem","position":3,"name":"Law","item":"https:\/\/www.cde.ual.es\/en\/category\/eu-news\/law\/"},{"@type":"ListItem","position":4,"name":"Jurisprudence","item":"https:\/\/www.cde.ual.es\/en\/category\/eu-news\/law\/jurisprudence\/"},{"@type":"ListItem","position":5,"name":"The General Court of the European Union annuls the decision taken by the Commission regarding the Irish tax rulings in favour of Apple"}]},{"@type":"WebSite","@id":"https:\/\/www.cde.ual.es\/#website","url":"https:\/\/www.cde.ual.es\/","name":"CDE Almer\u00eda - Centro de Documentaci\u00f3n Europea - Universidad de Almer\u00eda","description":"Centro de Documentaci\u00f3n Europea de la Universidad de Almer\u00eda","publisher":{"@id":"https:\/\/www.cde.ual.es\/#organization"},"alternateName":"CDE Almer\u00eda","potentialAction":[{"@type":"SearchAction","target":{"@type":"EntryPoint","urlTemplate":"https:\/\/www.cde.ual.es\/?s={search_term_string}"},"query-input":{"@type":"PropertyValueSpecification","valueRequired":true,"valueName":"search_term_string"}}],"inLanguage":"en-US"},{"@type":"Organization","@id":"https:\/\/www.cde.ual.es\/#organization","name":"Centro de Documentaci\u00f3n Europea de Almer\u00eda","url":"https:\/\/www.cde.ual.es\/","logo":{"@type":"ImageObject","inLanguage":"en-US","@id":"https:\/\/www.cde.ual.es\/#\/schema\/logo\/image\/","url":"https:\/\/www.cde.ual.es\/wp-content\/uploads\/2025\/07\/cde-logo-3.png","contentUrl":"https:\/\/www.cde.ual.es\/wp-content\/uploads\/2025\/07\/cde-logo-3.png","width":1400,"height":300,"caption":"Centro de Documentaci\u00f3n Europea de Almer\u00eda"},"image":{"@id":"https:\/\/www.cde.ual.es\/#\/schema\/logo\/image\/"},"sameAs":["https:\/\/www.facebook.com\/cdeuniversidadalmeria\/","https:\/\/x.com\/cdeualmeria","https:\/\/www.tiktok.com\/@cdealmeria","https:\/\/www.instagram.com\/cdealmeria\/","https:\/\/www.linkedin.com\/in\/cde-almera-812b26a9\/"]},{"@type":"Person","@id":"https:\/\/www.cde.ual.es\/#\/schema\/person\/ee46ebc19edfa19598c02cff83335acc","name":"BECA 2 CDE","image":{"@type":"ImageObject","inLanguage":"en-US","@id":"https:\/\/secure.gravatar.com\/avatar\/35a481bbc04bbd90e91bdfa3b0b5541036c222a49b9ad37b6889a2afcb5311a5?s=96&d=mm&r=g","url":"https:\/\/secure.gravatar.com\/avatar\/35a481bbc04bbd90e91bdfa3b0b5541036c222a49b9ad37b6889a2afcb5311a5?s=96&d=mm&r=g","contentUrl":"https:\/\/secure.gravatar.com\/avatar\/35a481bbc04bbd90e91bdfa3b0b5541036c222a49b9ad37b6889a2afcb5311a5?s=96&d=mm&r=g","caption":"BECA 2 CDE"},"sameAs":["http:\/\/www.cdealmeria.com"]}]}},"_links":{"self":[{"href":"https:\/\/www.cde.ual.es\/en\/wp-json\/wp\/v2\/posts\/49159","targetHints":{"allow":["GET"]}}],"collection":[{"href":"https:\/\/www.cde.ual.es\/en\/wp-json\/wp\/v2\/posts"}],"about":[{"href":"https:\/\/www.cde.ual.es\/en\/wp-json\/wp\/v2\/types\/post"}],"author":[{"embeddable":true,"href":"https:\/\/www.cde.ual.es\/en\/wp-json\/wp\/v2\/users\/101011"}],"replies":[{"embeddable":true,"href":"https:\/\/www.cde.ual.es\/en\/wp-json\/wp\/v2\/comments?post=49159"}],"version-history":[{"count":0,"href":"https:\/\/www.cde.ual.es\/en\/wp-json\/wp\/v2\/posts\/49159\/revisions"}],"wp:featuredmedia":[{"embeddable":true,"href":"https:\/\/www.cde.ual.es\/en\/wp-json\/wp\/v2\/media\/49160"}],"wp:attachment":[{"href":"https:\/\/www.cde.ual.es\/en\/wp-json\/wp\/v2\/media?parent=49159"}],"wp:term":[{"taxonomy":"category","embeddable":true,"href":"https:\/\/www.cde.ual.es\/en\/wp-json\/wp\/v2\/categories?post=49159"},{"taxonomy":"post_tag","embeddable":true,"href":"https:\/\/www.cde.ual.es\/en\/wp-json\/wp\/v2\/tags?post=49159"}],"curies":[{"name":"wp","href":"https:\/\/api.w.org\/{rel}","templated":true}]}}